{"id":64134,"date":"2017-01-18T17:27:21","date_gmt":"2017-01-18T16:27:21","guid":{"rendered":"https:\/\/www.iemj.org\/fonds-des-archives-musicales-de-la-synagogue-de-neuilly-seine\/"},"modified":"2021-09-14T14:33:58","modified_gmt":"2021-09-14T12:33:58","slug":"fonds-des-archives-musicales-de-la-synagogue-de-neuilly-seine","status":"publish","type":"post","link":"https:\/\/www.iemj.org\/de\/fonds-des-archives-musicales-de-la-synagogue-de-neuilly-seine\/","title":{"rendered":"Fonds der Musikarchive der Synagoge von Neuilly\/Seine"},"content":{"rendered":"<p>Am 1. November 2011 hinterlegte die Synagoge von Neuilly ihr gesamtes Musikarchiv am Institute Europ\u00e9en des Musiques Juives. Nach einer Bestandsaufnahme wurden mehr als 370 Partituren und Archivbest\u00e4nde gereinigt, durch professionelle archivarische Materialien wiederinstandgesetzt und klassifiziert.<\/p>\n<p>Diese Dokumente wurden zuvor in einem unverschlossenen, allen zug\u00e4nglichen Schrank aufbewahrt. Nun sind alle Dokumente digitalisiert, katalogisiert und im <a href=\"http:\/\/www.rachelnet.net\/F\/?func=find-c&amp;ccl_term=WHOC%3DSynagogue+de+Neuilly&amp;local_base=iemcg&amp;x=15&amp;y=16\" target=\"_blank\" rel=\"noopener\">Rachel-Katalog<\/a> der \u00d6ffentlichkeit zug\u00e4nglich.<\/p>\n<p>Diese Arbeit, die von der Fondation du Juda\u00efsme Fran\u00e7ais, Yuval, dem DRAC Ile-de-France, dem Institute Alain de Rothschild, der Fondation pour la M\u00e9moire de la Shoah und der Halphen Familie unterst\u00fctzt wurde, erg\u00e4nzt auf bemerkenswerter Weise die Arbeit an den <a href=\"https:\/\/www.iemj.org\/de\/fonds-des-archives-musicales-de-la-grande-synagogue-de-la-victoire-paris\/\" target=\"_blank\" rel=\"noopener\">Musikarchiven der Gro\u00dfen Synagoge von Paris<\/a>. Geboten wird somit ein realit\u00e4tsgetreuer Blick auf das Leben der j\u00fcdischen Gemeinschaft von Neuilly und ihre fast 140 Jahre andauernde Beteiligung an der Konsistorialmusik des aschkenasischen Ritus.<\/p>\n<p><img fetchpriority=\"high\" decoding=\"async\" class=\" aligncenter size-full wp-image-64150\" src=\"https:\/\/www.iemj.org\/wp-content\/uploads\/2017\/01\/composition_neuilly.jpg\" alt=\"composition_neuilly.jpg\" width=\"1046\" height=\"281\" align=\"middle\" srcset=\"https:\/\/www.iemj.org\/wp-content\/uploads\/2017\/01\/composition_neuilly.jpg 1046w, https:\/\/www.iemj.org\/wp-content\/uploads\/2017\/01\/composition_neuilly-300x81.jpg 300w, https:\/\/www.iemj.org\/wp-content\/uploads\/2017\/01\/composition_neuilly-1024x275.jpg 1024w, https:\/\/www.iemj.org\/wp-content\/uploads\/2017\/01\/composition_neuilly-768x206.jpg 768w, https:\/\/www.iemj.org\/wp-content\/uploads\/2017\/01\/composition_neuilly-600x161.jpg 600w\" sizes=\"(max-width: 1046px) 100vw, 1046px\" \/><\/p>\n<p>Diese Archive sind ab sofort im Katalog unserer Sammlungen (<strong><a href=\"http:\/\/www.rachelnet.net\/F\/?func=find-c&amp;ccl_term=WHOC%3DNeuilly&amp;local_base=iemcg&amp;x=0&amp;y=0\">auf den Archivfonds der Synagoge von Neuilly\/Seine zugreifen<\/a><\/strong>) oder auf Terminanfrage am Institut Europ\u00e9en des musiques Juives (<a href=\"mailto:contact@iemj.org\">contact@iemj.org<\/a>) einsehbar.<\/p>\n<p><a href=\"http:\/\/www.synaneuilly.com\/\">Erfahren Sie mehr \u00fcber die Geschichte der Synagoge von Neuilly<\/a><\/p>\n<p><a href=\"https:\/\/www.iemj.org\/en\/conservation-and-digitalization-of-synagogue-music-archives\/\" target=\"_blank\" rel=\"noopener\">Lesen Sie mehr \u00fcber die Rettungsmission der Archive der Gro\u00dfen Synagoge und der Synagoge von Neuilly<\/a><\/p>\n","protected":false},"excerpt":{"rendered":"<p>Am 1. November 2011 hinterlegte die Synagoge von Neuilly ihr gesamtes Musikarchiv am Institute Europ\u00e9en des Musiques Juives. Nach einer Bestandsaufnahme wurden mehr als 370 Partituren und Archivbest\u00e4nde gereinigt, durch<\/p>\n","protected":false},"author":5,"featured_media":64135,"comment_status":"closed","ping_status":"open","sticky":false,"template":"","format":"standard","meta":{"_acf_changed":false,"footnotes":""},"categories":[1585],"tags":[],"technique":[],"squelettes":[],"sujet":[],"formation":[],"genre":[],"fonds":[],"tradition":[],"type-de-contenu":[],"interprete-compositeur":[],"frise":[],"type-devenement":[],"tableaux-liens-externes":[],"class_list":["post-64134","post","type-post","status-publish","format-standard","has-post-thumbnail","hentry","category-fonds-de"],"acf":[],"yoast_head":"<!-- This site is optimized with the Yoast SEO plugin v27.3 - https:\/\/yoast.com\/product\/yoast-seo-wordpress\/ -->\n<title>Fonds der Musikarchive der Synagoge von Neuilly\/Seine - Institut Europ\u00e9en des Musiques Juives<\/title>\n<meta name=\"robots\" content=\"index, follow, max-snippet:-1, max-image-preview:large, max-video-preview:-1\" \/>\n<link rel=\"canonical\" href=\"https:\/\/www.iemj.org\/de\/fonds-des-archives-musicales-de-la-synagogue-de-neuilly-seine\/\" \/>\n<meta property=\"og:locale\" content=\"de_DE\" \/>\n<meta property=\"og:type\" content=\"article\" \/>\n<meta property=\"og:title\" content=\"Fonds der Musikarchive der Synagoge von Neuilly\/Seine - Institut Europ\u00e9en des Musiques Juives\" \/>\n<meta property=\"og:description\" content=\"Am 1. November 2011 hinterlegte die Synagoge von Neuilly ihr gesamtes Musikarchiv am Institute Europ\u00e9en des Musiques Juives. Nach einer Bestandsaufnahme wurden mehr als 370 Partituren und Archivbest\u00e4nde gereinigt, durch\" \/>\n<meta property=\"og:url\" content=\"https:\/\/www.iemj.org\/de\/fonds-des-archives-musicales-de-la-synagogue-de-neuilly-seine\/\" \/>\n<meta property=\"og:site_name\" content=\"Institut Europ\u00e9en des Musiques Juives\" \/>\n<meta property=\"article:publisher\" content=\"https:\/\/www.facebook.com\/MusiquesJuives\/\" \/>\n<meta property=\"article:published_time\" content=\"2017-01-18T16:27:21+00:00\" \/>\n<meta property=\"article:modified_time\" content=\"2021-09-14T12:33:58+00:00\" \/>\n<meta property=\"og:image\" content=\"https:\/\/www.iemj.org\/wp-content\/uploads\/2017\/01\/arton2048-e1618480314753.jpg\" \/>\n\t<meta property=\"og:image:width\" content=\"350\" \/>\n\t<meta property=\"og:image:height\" content=\"280\" \/>\n\t<meta property=\"og:image:type\" content=\"image\/jpeg\" \/>\n<meta name=\"author\" content=\"Jacqueline ROTEN\" \/>\n<meta name=\"twitter:card\" content=\"summary_large_image\" \/>\n<meta name=\"twitter:label1\" content=\"Verfasst von\" \/>\n\t<meta name=\"twitter:data1\" content=\"Jacqueline ROTEN\" \/>\n\t<meta name=\"twitter:label2\" content=\"Gesch\u00e4tzte Lesezeit\" \/>\n\t<meta name=\"twitter:data2\" content=\"2\u00a0Minuten\" \/>\n<script type=\"application\/ld+json\" class=\"yoast-schema-graph\">{\"@context\":\"https:\\\/\\\/schema.org\",\"@graph\":[{\"@type\":\"Article\",\"@id\":\"https:\\\/\\\/www.iemj.org\\\/de\\\/fonds-des-archives-musicales-de-la-synagogue-de-neuilly-seine\\\/#article\",\"isPartOf\":{\"@id\":\"https:\\\/\\\/www.iemj.org\\\/de\\\/fonds-des-archives-musicales-de-la-synagogue-de-neuilly-seine\\\/\"},\"author\":{\"name\":\"Jacqueline ROTEN\",\"@id\":\"https:\\\/\\\/www.iemj.org\\\/de\\\/#\\\/schema\\\/person\\\/358e26c18aca017fcc4cc15437f7279c\"},\"headline\":\"Fonds der Musikarchive der Synagoge von Neuilly\\\/Seine\",\"datePublished\":\"2017-01-18T16:27:21+00:00\",\"dateModified\":\"2021-09-14T12:33:58+00:00\",\"mainEntityOfPage\":{\"@id\":\"https:\\\/\\\/www.iemj.org\\\/de\\\/fonds-des-archives-musicales-de-la-synagogue-de-neuilly-seine\\\/\"},\"wordCount\":207,\"publisher\":{\"@id\":\"https:\\\/\\\/www.iemj.org\\\/de\\\/#organization\"},\"image\":{\"@id\":\"https:\\\/\\\/www.iemj.org\\\/de\\\/fonds-des-archives-musicales-de-la-synagogue-de-neuilly-seine\\\/#primaryimage\"},\"thumbnailUrl\":\"https:\\\/\\\/www.iemj.org\\\/wp-content\\\/uploads\\\/2017\\\/01\\\/arton2048-e1618480314753.jpg\",\"articleSection\":[\"Fonds\"],\"inLanguage\":\"de\"},{\"@type\":\"WebPage\",\"@id\":\"https:\\\/\\\/www.iemj.org\\\/de\\\/fonds-des-archives-musicales-de-la-synagogue-de-neuilly-seine\\\/\",\"url\":\"https:\\\/\\\/www.iemj.org\\\/de\\\/fonds-des-archives-musicales-de-la-synagogue-de-neuilly-seine\\\/\",\"name\":\"Fonds der Musikarchive der Synagoge von Neuilly\\\/Seine - Institut Europ\u00e9en des Musiques Juives\",\"isPartOf\":{\"@id\":\"https:\\\/\\\/www.iemj.org\\\/de\\\/#website\"},\"primaryImageOfPage\":{\"@id\":\"https:\\\/\\\/www.iemj.org\\\/de\\\/fonds-des-archives-musicales-de-la-synagogue-de-neuilly-seine\\\/#primaryimage\"},\"image\":{\"@id\":\"https:\\\/\\\/www.iemj.org\\\/de\\\/fonds-des-archives-musicales-de-la-synagogue-de-neuilly-seine\\\/#primaryimage\"},\"thumbnailUrl\":\"https:\\\/\\\/www.iemj.org\\\/wp-content\\\/uploads\\\/2017\\\/01\\\/arton2048-e1618480314753.jpg\",\"datePublished\":\"2017-01-18T16:27:21+00:00\",\"dateModified\":\"2021-09-14T12:33:58+00:00\",\"breadcrumb\":{\"@id\":\"https:\\\/\\\/www.iemj.org\\\/de\\\/fonds-des-archives-musicales-de-la-synagogue-de-neuilly-seine\\\/#breadcrumb\"},\"inLanguage\":\"de\",\"potentialAction\":[{\"@type\":\"ReadAction\",\"target\":[\"https:\\\/\\\/www.iemj.org\\\/de\\\/fonds-des-archives-musicales-de-la-synagogue-de-neuilly-seine\\\/\"]}]},{\"@type\":\"ImageObject\",\"inLanguage\":\"de\",\"@id\":\"https:\\\/\\\/www.iemj.org\\\/de\\\/fonds-des-archives-musicales-de-la-synagogue-de-neuilly-seine\\\/#primaryimage\",\"url\":\"https:\\\/\\\/www.iemj.org\\\/wp-content\\\/uploads\\\/2017\\\/01\\\/arton2048-e1618480314753.jpg\",\"contentUrl\":\"https:\\\/\\\/www.iemj.org\\\/wp-content\\\/uploads\\\/2017\\\/01\\\/arton2048-e1618480314753.jpg\",\"width\":350,\"height\":280},{\"@type\":\"BreadcrumbList\",\"@id\":\"https:\\\/\\\/www.iemj.org\\\/de\\\/fonds-des-archives-musicales-de-la-synagogue-de-neuilly-seine\\\/#breadcrumb\",\"itemListElement\":[{\"@type\":\"ListItem\",\"position\":1,\"name\":\"Accueil\",\"item\":\"https:\\\/\\\/www.iemj.org\\\/de\\\/\"},{\"@type\":\"ListItem\",\"position\":2,\"name\":\"Fonds der Musikarchive der Synagoge von Neuilly\\\/Seine\"}]},{\"@type\":\"WebSite\",\"@id\":\"https:\\\/\\\/www.iemj.org\\\/de\\\/#website\",\"url\":\"https:\\\/\\\/www.iemj.org\\\/de\\\/\",\"name\":\"Institut Europ\u00e9en des Musiques Juives\",\"description\":\"Des traditions musicales \u00e0 la port\u00e9e de tous\",\"publisher\":{\"@id\":\"https:\\\/\\\/www.iemj.org\\\/de\\\/#organization\"},\"potentialAction\":[{\"@type\":\"SearchAction\",\"target\":{\"@type\":\"EntryPoint\",\"urlTemplate\":\"https:\\\/\\\/www.iemj.org\\\/de\\\/?s={search_term_string}\"},\"query-input\":{\"@type\":\"PropertyValueSpecification\",\"valueRequired\":true,\"valueName\":\"search_term_string\"}}],\"inLanguage\":\"de\"},{\"@type\":\"Organization\",\"@id\":\"https:\\\/\\\/www.iemj.org\\\/de\\\/#organization\",\"name\":\"Institut Europ\u00e9en des Musiques Juives\",\"url\":\"https:\\\/\\\/www.iemj.org\\\/de\\\/\",\"logo\":{\"@type\":\"ImageObject\",\"inLanguage\":\"de\",\"@id\":\"https:\\\/\\\/www.iemj.org\\\/de\\\/#\\\/schema\\\/logo\\\/image\\\/\",\"url\":\"https:\\\/\\\/www.iemj.org\\\/wp-content\\\/uploads\\\/2021\\\/09\\\/Logo-IEMJ-Paypal.jpg\",\"contentUrl\":\"https:\\\/\\\/www.iemj.org\\\/wp-content\\\/uploads\\\/2021\\\/09\\\/Logo-IEMJ-Paypal.jpg\",\"width\":150,\"height\":50,\"caption\":\"Institut Europ\u00e9en des Musiques Juives\"},\"image\":{\"@id\":\"https:\\\/\\\/www.iemj.org\\\/de\\\/#\\\/schema\\\/logo\\\/image\\\/\"},\"sameAs\":[\"https:\\\/\\\/www.facebook.com\\\/MusiquesJuives\\\/\",\"https:\\\/\\\/www.instagram.com\\\/musiquesjuives\\\/\",\"https:\\\/\\\/www.youtube.com\\\/user\\\/musiquesjuives\"]},{\"@type\":\"Person\",\"@id\":\"https:\\\/\\\/www.iemj.org\\\/de\\\/#\\\/schema\\\/person\\\/358e26c18aca017fcc4cc15437f7279c\",\"name\":\"Jacqueline ROTEN\",\"image\":{\"@type\":\"ImageObject\",\"inLanguage\":\"de\",\"@id\":\"https:\\\/\\\/secure.gravatar.com\\\/avatar\\\/5964256d6c6957de3a3505278957e0fb2a35119ac47ea41827a65301213c810b?s=96&d=mm&r=g\",\"url\":\"https:\\\/\\\/secure.gravatar.com\\\/avatar\\\/5964256d6c6957de3a3505278957e0fb2a35119ac47ea41827a65301213c810b?s=96&d=mm&r=g\",\"contentUrl\":\"https:\\\/\\\/secure.gravatar.com\\\/avatar\\\/5964256d6c6957de3a3505278957e0fb2a35119ac47ea41827a65301213c810b?s=96&d=mm&r=g\",\"caption\":\"Jacqueline ROTEN\"}}]}<\/script>\n<!-- \/ Yoast SEO plugin. -->","yoast_head_json":{"title":"Fonds der Musikarchive der Synagoge von Neuilly\/Seine - Institut Europ\u00e9en des Musiques Juives","robots":{"index":"index","follow":"follow","max-snippet":"max-snippet:-1","max-image-preview":"max-image-preview:large","max-video-preview":"max-video-preview:-1"},"canonical":"https:\/\/www.iemj.org\/de\/fonds-des-archives-musicales-de-la-synagogue-de-neuilly-seine\/","og_locale":"de_DE","og_type":"article","og_title":"Fonds der Musikarchive der Synagoge von Neuilly\/Seine - Institut Europ\u00e9en des Musiques Juives","og_description":"Am 1. November 2011 hinterlegte die Synagoge von Neuilly ihr gesamtes Musikarchiv am Institute Europ\u00e9en des Musiques Juives. Nach einer Bestandsaufnahme wurden mehr als 370 Partituren und Archivbest\u00e4nde gereinigt, durch","og_url":"https:\/\/www.iemj.org\/de\/fonds-des-archives-musicales-de-la-synagogue-de-neuilly-seine\/","og_site_name":"Institut Europ\u00e9en des Musiques Juives","article_publisher":"https:\/\/www.facebook.com\/MusiquesJuives\/","article_published_time":"2017-01-18T16:27:21+00:00","article_modified_time":"2021-09-14T12:33:58+00:00","og_image":[{"width":350,"height":280,"url":"https:\/\/www.iemj.org\/wp-content\/uploads\/2017\/01\/arton2048-e1618480314753.jpg","type":"image\/jpeg"}],"author":"Jacqueline ROTEN","twitter_card":"summary_large_image","twitter_misc":{"Verfasst von":"Jacqueline ROTEN","Gesch\u00e4tzte Lesezeit":"2\u00a0Minuten"},"schema":{"@context":"https:\/\/schema.org","@graph":[{"@type":"Article","@id":"https:\/\/www.iemj.org\/de\/fonds-des-archives-musicales-de-la-synagogue-de-neuilly-seine\/#article","isPartOf":{"@id":"https:\/\/www.iemj.org\/de\/fonds-des-archives-musicales-de-la-synagogue-de-neuilly-seine\/"},"author":{"name":"Jacqueline ROTEN","@id":"https:\/\/www.iemj.org\/de\/#\/schema\/person\/358e26c18aca017fcc4cc15437f7279c"},"headline":"Fonds der Musikarchive der Synagoge von Neuilly\/Seine","datePublished":"2017-01-18T16:27:21+00:00","dateModified":"2021-09-14T12:33:58+00:00","mainEntityOfPage":{"@id":"https:\/\/www.iemj.org\/de\/fonds-des-archives-musicales-de-la-synagogue-de-neuilly-seine\/"},"wordCount":207,"publisher":{"@id":"https:\/\/www.iemj.org\/de\/#organization"},"image":{"@id":"https:\/\/www.iemj.org\/de\/fonds-des-archives-musicales-de-la-synagogue-de-neuilly-seine\/#primaryimage"},"thumbnailUrl":"https:\/\/www.iemj.org\/wp-content\/uploads\/2017\/01\/arton2048-e1618480314753.jpg","articleSection":["Fonds"],"inLanguage":"de"},{"@type":"WebPage","@id":"https:\/\/www.iemj.org\/de\/fonds-des-archives-musicales-de-la-synagogue-de-neuilly-seine\/","url":"https:\/\/www.iemj.org\/de\/fonds-des-archives-musicales-de-la-synagogue-de-neuilly-seine\/","name":"Fonds der Musikarchive der Synagoge von Neuilly\/Seine - Institut Europ\u00e9en des Musiques Juives","isPartOf":{"@id":"https:\/\/www.iemj.org\/de\/#website"},"primaryImageOfPage":{"@id":"https:\/\/www.iemj.org\/de\/fonds-des-archives-musicales-de-la-synagogue-de-neuilly-seine\/#primaryimage"},"image":{"@id":"https:\/\/www.iemj.org\/de\/fonds-des-archives-musicales-de-la-synagogue-de-neuilly-seine\/#primaryimage"},"thumbnailUrl":"https:\/\/www.iemj.org\/wp-content\/uploads\/2017\/01\/arton2048-e1618480314753.jpg","datePublished":"2017-01-18T16:27:21+00:00","dateModified":"2021-09-14T12:33:58+00:00","breadcrumb":{"@id":"https:\/\/www.iemj.org\/de\/fonds-des-archives-musicales-de-la-synagogue-de-neuilly-seine\/#breadcrumb"},"inLanguage":"de","potentialAction":[{"@type":"ReadAction","target":["https:\/\/www.iemj.org\/de\/fonds-des-archives-musicales-de-la-synagogue-de-neuilly-seine\/"]}]},{"@type":"ImageObject","inLanguage":"de","@id":"https:\/\/www.iemj.org\/de\/fonds-des-archives-musicales-de-la-synagogue-de-neuilly-seine\/#primaryimage","url":"https:\/\/www.iemj.org\/wp-content\/uploads\/2017\/01\/arton2048-e1618480314753.jpg","contentUrl":"https:\/\/www.iemj.org\/wp-content\/uploads\/2017\/01\/arton2048-e1618480314753.jpg","width":350,"height":280},{"@type":"BreadcrumbList","@id":"https:\/\/www.iemj.org\/de\/fonds-des-archives-musicales-de-la-synagogue-de-neuilly-seine\/#breadcrumb","itemListElement":[{"@type":"ListItem","position":1,"name":"Accueil","item":"https:\/\/www.iemj.org\/de\/"},{"@type":"ListItem","position":2,"name":"Fonds der Musikarchive der Synagoge von Neuilly\/Seine"}]},{"@type":"WebSite","@id":"https:\/\/www.iemj.org\/de\/#website","url":"https:\/\/www.iemj.org\/de\/","name":"Institut Europ\u00e9en des Musiques Juives","description":"Des traditions musicales \u00e0 la port\u00e9e de tous","publisher":{"@id":"https:\/\/www.iemj.org\/de\/#organization"},"potentialAction":[{"@type":"SearchAction","target":{"@type":"EntryPoint","urlTemplate":"https:\/\/www.iemj.org\/de\/?s={search_term_string}"},"query-input":{"@type":"PropertyValueSpecification","valueRequired":true,"valueName":"search_term_string"}}],"inLanguage":"de"},{"@type":"Organization","@id":"https:\/\/www.iemj.org\/de\/#organization","name":"Institut Europ\u00e9en des Musiques Juives","url":"https:\/\/www.iemj.org\/de\/","logo":{"@type":"ImageObject","inLanguage":"de","@id":"https:\/\/www.iemj.org\/de\/#\/schema\/logo\/image\/","url":"https:\/\/www.iemj.org\/wp-content\/uploads\/2021\/09\/Logo-IEMJ-Paypal.jpg","contentUrl":"https:\/\/www.iemj.org\/wp-content\/uploads\/2021\/09\/Logo-IEMJ-Paypal.jpg","width":150,"height":50,"caption":"Institut Europ\u00e9en des Musiques Juives"},"image":{"@id":"https:\/\/www.iemj.org\/de\/#\/schema\/logo\/image\/"},"sameAs":["https:\/\/www.facebook.com\/MusiquesJuives\/","https:\/\/www.instagram.com\/musiquesjuives\/","https:\/\/www.youtube.com\/user\/musiquesjuives"]},{"@type":"Person","@id":"https:\/\/www.iemj.org\/de\/#\/schema\/person\/358e26c18aca017fcc4cc15437f7279c","name":"Jacqueline ROTEN","image":{"@type":"ImageObject","inLanguage":"de","@id":"https:\/\/secure.gravatar.com\/avatar\/5964256d6c6957de3a3505278957e0fb2a35119ac47ea41827a65301213c810b?s=96&d=mm&r=g","url":"https:\/\/secure.gravatar.com\/avatar\/5964256d6c6957de3a3505278957e0fb2a35119ac47ea41827a65301213c810b?s=96&d=mm&r=g","contentUrl":"https:\/\/secure.gravatar.com\/avatar\/5964256d6c6957de3a3505278957e0fb2a35119ac47ea41827a65301213c810b?s=96&d=mm&r=g","caption":"Jacqueline ROTEN"}}]}},"_links":{"self":[{"href":"https:\/\/www.iemj.org\/de\/wp-json\/wp\/v2\/posts\/64134","targetHints":{"allow":["GET"]}}],"collection":[{"href":"https:\/\/www.iemj.org\/de\/wp-json\/wp\/v2\/posts"}],"about":[{"href":"https:\/\/www.iemj.org\/de\/wp-json\/wp\/v2\/types\/post"}],"author":[{"embeddable":true,"href":"https:\/\/www.iemj.org\/de\/wp-json\/wp\/v2\/users\/5"}],"replies":[{"embeddable":true,"href":"https:\/\/www.iemj.org\/de\/wp-json\/wp\/v2\/comments?post=64134"}],"version-history":[{"count":0,"href":"https:\/\/www.iemj.org\/de\/wp-json\/wp\/v2\/posts\/64134\/revisions"}],"wp:featuredmedia":[{"embeddable":true,"href":"https:\/\/www.iemj.org\/de\/wp-json\/wp\/v2\/media\/64135"}],"wp:attachment":[{"href":"https:\/\/www.iemj.org\/de\/wp-json\/wp\/v2\/media?parent=64134"}],"wp:term":[{"taxonomy":"category","embeddable":true,"href":"https:\/\/www.iemj.org\/de\/wp-json\/wp\/v2\/categories?post=64134"},{"taxonomy":"post_tag","embeddable":true,"href":"https:\/\/www.iemj.org\/de\/wp-json\/wp\/v2\/tags?post=64134"},{"taxonomy":"technique","embeddable":true,"href":"https:\/\/www.iemj.org\/de\/wp-json\/wp\/v2\/technique?post=64134"},{"taxonomy":"squelettes","embeddable":true,"href":"https:\/\/www.iemj.org\/de\/wp-json\/wp\/v2\/squelettes?post=64134"},{"taxonomy":"sujet","embeddable":true,"href":"https:\/\/www.iemj.org\/de\/wp-json\/wp\/v2\/sujet?post=64134"},{"taxonomy":"formation","embeddable":true,"href":"https:\/\/www.iemj.org\/de\/wp-json\/wp\/v2\/formation?post=64134"},{"taxonomy":"genre","embeddable":true,"href":"https:\/\/www.iemj.org\/de\/wp-json\/wp\/v2\/genre?post=64134"},{"taxonomy":"fonds","embeddable":true,"href":"https:\/\/www.iemj.org\/de\/wp-json\/wp\/v2\/fonds?post=64134"},{"taxonomy":"tradition","embeddable":true,"href":"https:\/\/www.iemj.org\/de\/wp-json\/wp\/v2\/tradition?post=64134"},{"taxonomy":"type-de-contenu","embeddable":true,"href":"https:\/\/www.iemj.org\/de\/wp-json\/wp\/v2\/type-de-contenu?post=64134"},{"taxonomy":"interprete-compositeur","embeddable":true,"href":"https:\/\/www.iemj.org\/de\/wp-json\/wp\/v2\/interprete-compositeur?post=64134"},{"taxonomy":"frise","embeddable":true,"href":"https:\/\/www.iemj.org\/de\/wp-json\/wp\/v2\/frise?post=64134"},{"taxonomy":"type-devenement","embeddable":true,"href":"https:\/\/www.iemj.org\/de\/wp-json\/wp\/v2\/type-devenement?post=64134"},{"taxonomy":"tableaux-liens-externes","embeddable":true,"href":"https:\/\/www.iemj.org\/de\/wp-json\/wp\/v2\/tableaux-liens-externes?post=64134"}],"curies":[{"name":"wp","href":"https:\/\/api.w.org\/{rel}","templated":true}]}}