{"id":64227,"date":"2017-08-24T10:09:15","date_gmt":"2017-08-24T08:09:15","guid":{"rendered":"https:\/\/www.iemj.org\/fonds-jean-claude-sillamy\/"},"modified":"2021-09-14T16:34:49","modified_gmt":"2021-09-14T14:34:49","slug":"fonds-jean-claude-sillamy","status":"publish","type":"post","link":"https:\/\/www.iemj.org\/de\/fonds-jean-claude-sillamy\/","title":{"rendered":"Jean-Claude-Sillamy-Fonds"},"content":{"rendered":"<p><a href=\"https:\/\/www.iemj.org\/en\/sillamy-jean-claude-1932-2016\/\" target=\"_blank\" rel=\"noopener\">Jean-Claude Sillamy<\/a> wurde am 24. Juli 1932 in Alger geboren und starb am 29. Juli 2016 in Ajaccio. Er war ein franz\u00f6sischer Musikwissenschaftler und Komponist von B\u00fchnenmusik, geistlicher Musik und Filmmusik. Als Spezialist der Musik des Altertums (Sumer, Babylonien, Mesopotamien\u2026) ver\u00f6ffentlichte er mehrere B\u00fccher und Studien, welche sich besonders der j\u00fcdischen Musik widmen (<em>Essai de reconstitution de la musique de la Bible<\/em>, 1957; <em>La musique dans l\u2019ancien Orient<\/em> (2 B\u00e4nde), 1986; <em>La musique des communaut\u00e9s juives d\u2019Afrique du Nord,<\/em> 1987; eine Studie bez\u00fcglich\u00a0<a href=\"https:\/\/www.iemj.org\/en\/le-principe-de-la-modulation-dans-le-fragment-babylonien-dur-u-7-80-xviiieme-siecle-av-j-c-a-partir-dun-instrument-de-lepoque-non-identifie-le-gis-za-mi\/\" target=\"_blank\" rel=\"noopener\">Le principe de la modulation dans le fragment babylonien d\u2019Ur\u00a0: U.7\/80 (XVIII\u00e8me si\u00e8cle av. J.C.) (\u00e0 partir d\u2019un instrument de l\u2019\u00e9poque non identifi\u00e9\u00a0: le \u00ab\u00a0gis za mi\u00a0\u00bb, 1991)<\/a>). Seine Archive, welche dem Institut im November 2016 von seiner Witwe Lina Sillamy \u00fcbergeben wurden, umfassen 90 Dokumente (Schallplatten, Feldaufnahmen, Artikel, B\u00fccher, Fotos\u2026), welche zum Gro\u00dfteil heute unauffindbar sind.<\/p>\n<p><img fetchpriority=\"high\" decoding=\"async\" class=\" aligncenter size-full wp-image-14851\" src=\"https:\/\/www.iemj.org\/wp-content\/uploads\/2017\/08\/montage_sillamy2-scaled.jpg\" alt=\"montage_sillamy2.jpg\" width=\"2560\" height=\"1541\" align=\"center\" srcset=\"https:\/\/www.iemj.org\/wp-content\/uploads\/2017\/08\/montage_sillamy2-scaled.jpg 2560w, https:\/\/www.iemj.org\/wp-content\/uploads\/2017\/08\/montage_sillamy2-300x181.jpg 300w, https:\/\/www.iemj.org\/wp-content\/uploads\/2017\/08\/montage_sillamy2-1024x616.jpg 1024w, https:\/\/www.iemj.org\/wp-content\/uploads\/2017\/08\/montage_sillamy2-768x462.jpg 768w, https:\/\/www.iemj.org\/wp-content\/uploads\/2017\/08\/montage_sillamy2-1536x924.jpg 1536w, https:\/\/www.iemj.org\/wp-content\/uploads\/2017\/08\/montage_sillamy2-2048x1233.jpg 2048w, https:\/\/www.iemj.org\/wp-content\/uploads\/2017\/08\/montage_sillamy2-600x361.jpg 600w\" sizes=\"(max-width: 2560px) 100vw, 2560px\" \/><\/p>\n<p>Im Detail besteht der Fonds Sillamy aus:<\/p>\n<ul>\n<li>27 Schallplatten der traditionellen Musik (jud\u00e4o-arabisch, sephardisch, antik-griechisch, j\u00fcdisch, israelisch\u2026), biblisch inspirierte Musik (<em>Die Musik der Bibel: in der Tradition althebr\u00e4ischer Melodien, Morasha: Traditional Jewish Musical Heritage\u2026<\/em>), klassische Musik, darunter einige dieser Kompositionen (<em>Bloch: Concerto pour violon et orchestre, L\u2019Arche d\u2019Alliance \/ Kaddisch de J-C Sillamy<\/em>) und <a href=\"http:\/\/www.rachelnet.net\/F\/?func=find-c&amp;ccl_term=WHOL+%3D+Sillamy+AND+WRD+%3D+Taamim+or+prayers&amp;local_base=iemcg\" target=\"_blank\" rel=\"noopener\">musikethnologische Aufnahmen (<u>Taamims und Gebete in verschiedenen Riten<\/u><\/a>).<\/li>\n<li>26 B\u00fccher und Magazinartikel auf Franz\u00f6sisch, Englisch und Italienisch, welche sich haupts\u00e4chlich j\u00fcdischen musikethnologischen Themen widmen.<\/li>\n<li>19 Partituren klassischer Musik, j\u00fcdischer Liturgie (die zwei B\u00e4nde des <em>Thesaurus of Hebrew Oriental Melodies d\u2019Abraham Zwi Idelsohn<\/em>), traditioneller sephardischer und korsischer Lieder, sowie einige Kompositionen von Jean-Claude Sillamy.<\/li>\n<li>11 Archivdossiers, in welchen bibliografische Notizen, biografische Elemente, enthalten sind, sowie Konzertprogramme und verschiedene andere Dokumente.<\/li>\n<\/ul>\n<p>Diese Archive sind ab sofort im Katalog unserer Sammlungen (<strong><a href=\"http:\/\/www.rachelnet.net\/F\/?func=find-c&amp;ccl_term=WHOC%3Dsillamy&amp;local_base=iemcg&amp;x=0&amp;y=0\">auf den Jean-Claude Sillamy gewidmeten Fonds zugreifen<\/a><\/strong>) oder auf Terminanfrage am Institut Europ\u00e9en des Musiques Juives (<a href=\"mailto:contact@iemj.org\">contact@iemj.org<\/a>) einsehbar.<\/p>\n<p><a href=\"https:\/\/www.iemj.org\/en\/sillamy-jean-claude-1932-2016\/\" target=\"_blank\" rel=\"noopener\">Lesen Sie die ausf\u00fchrliche Biografie von Jean-Claude Sillamy<\/a><\/p>\n","protected":false},"excerpt":{"rendered":"<p>Jean-Claude Sillamy wurde am 24. Juli 1932 in Alger geboren und starb am 29. Juli 2016 in Ajaccio. Er war ein franz\u00f6sischer Musikwissenschaftler und Komponist von B\u00fchnenmusik, geistlicher Musik und<\/p>\n","protected":false},"author":1048,"featured_media":64228,"comment_status":"closed","ping_status":"open","sticky":false,"template":"","format":"standard","meta":{"_acf_changed":false,"footnotes":""},"categories":[1585],"tags":[],"technique":[],"squelettes":[],"sujet":[],"formation":[],"genre":[],"fonds":[],"tradition":[],"type-de-contenu":[],"interprete-compositeur":[],"frise":[],"type-devenement":[],"tableaux-liens-externes":[],"class_list":["post-64227","post","type-post","status-publish","format-standard","has-post-thumbnail","hentry","category-fonds-de"],"acf":[],"yoast_head":"<!-- This site is optimized with the Yoast SEO plugin v27.3 - https:\/\/yoast.com\/product\/yoast-seo-wordpress\/ -->\n<title>Jean-Claude-Sillamy-Fonds - Institut Europ\u00e9en des Musiques Juives<\/title>\n<meta name=\"robots\" content=\"index, follow, max-snippet:-1, max-image-preview:large, max-video-preview:-1\" \/>\n<link rel=\"canonical\" href=\"https:\/\/www.iemj.org\/de\/fonds-jean-claude-sillamy\/\" \/>\n<meta property=\"og:locale\" content=\"de_DE\" \/>\n<meta property=\"og:type\" content=\"article\" \/>\n<meta property=\"og:title\" content=\"Jean-Claude-Sillamy-Fonds - Institut Europ\u00e9en des Musiques Juives\" \/>\n<meta property=\"og:description\" content=\"Jean-Claude Sillamy wurde am 24. Juli 1932 in Alger geboren und starb am 29. Juli 2016 in Ajaccio. Er war ein franz\u00f6sischer Musikwissenschaftler und Komponist von B\u00fchnenmusik, geistlicher Musik und\" \/>\n<meta property=\"og:url\" content=\"https:\/\/www.iemj.org\/de\/fonds-jean-claude-sillamy\/\" \/>\n<meta property=\"og:site_name\" content=\"Institut Europ\u00e9en des Musiques Juives\" \/>\n<meta property=\"article:publisher\" content=\"https:\/\/www.facebook.com\/MusiquesJuives\/\" \/>\n<meta property=\"article:published_time\" content=\"2017-08-24T08:09:15+00:00\" \/>\n<meta property=\"article:modified_time\" content=\"2021-09-14T14:34:49+00:00\" \/>\n<meta property=\"og:image\" content=\"https:\/\/www.iemj.org\/wp-content\/uploads\/2017\/08\/arton2417-e1618474206102.jpg\" \/>\n\t<meta property=\"og:image:width\" content=\"350\" \/>\n\t<meta property=\"og:image:height\" content=\"290\" \/>\n\t<meta property=\"og:image:type\" content=\"image\/jpeg\" \/>\n<meta name=\"author\" content=\"Jean-Gabriel Davis\" \/>\n<meta name=\"twitter:card\" content=\"summary_large_image\" \/>\n<meta name=\"twitter:label1\" content=\"Verfasst von\" \/>\n\t<meta name=\"twitter:data1\" content=\"Jean-Gabriel Davis\" \/>\n\t<meta name=\"twitter:label2\" content=\"Gesch\u00e4tzte Lesezeit\" \/>\n\t<meta name=\"twitter:data2\" content=\"2\u00a0Minuten\" \/>\n<script type=\"application\/ld+json\" class=\"yoast-schema-graph\">{\"@context\":\"https:\\\/\\\/schema.org\",\"@graph\":[{\"@type\":\"Article\",\"@id\":\"https:\\\/\\\/www.iemj.org\\\/de\\\/fonds-jean-claude-sillamy\\\/#article\",\"isPartOf\":{\"@id\":\"https:\\\/\\\/www.iemj.org\\\/de\\\/fonds-jean-claude-sillamy\\\/\"},\"author\":{\"name\":\"Jean-Gabriel Davis\",\"@id\":\"https:\\\/\\\/www.iemj.org\\\/de\\\/#\\\/schema\\\/person\\\/c9bc1c386a3749579a2d675e72a18666\"},\"headline\":\"Jean-Claude-Sillamy-Fonds\",\"datePublished\":\"2017-08-24T08:09:15+00:00\",\"dateModified\":\"2021-09-14T14:34:49+00:00\",\"mainEntityOfPage\":{\"@id\":\"https:\\\/\\\/www.iemj.org\\\/de\\\/fonds-jean-claude-sillamy\\\/\"},\"wordCount\":316,\"publisher\":{\"@id\":\"https:\\\/\\\/www.iemj.org\\\/de\\\/#organization\"},\"image\":{\"@id\":\"https:\\\/\\\/www.iemj.org\\\/de\\\/fonds-jean-claude-sillamy\\\/#primaryimage\"},\"thumbnailUrl\":\"https:\\\/\\\/www.iemj.org\\\/wp-content\\\/uploads\\\/2017\\\/08\\\/arton2417-e1618474206102.jpg\",\"articleSection\":[\"Fonds\"],\"inLanguage\":\"de\"},{\"@type\":\"WebPage\",\"@id\":\"https:\\\/\\\/www.iemj.org\\\/de\\\/fonds-jean-claude-sillamy\\\/\",\"url\":\"https:\\\/\\\/www.iemj.org\\\/de\\\/fonds-jean-claude-sillamy\\\/\",\"name\":\"Jean-Claude-Sillamy-Fonds - Institut Europ\u00e9en des Musiques Juives\",\"isPartOf\":{\"@id\":\"https:\\\/\\\/www.iemj.org\\\/de\\\/#website\"},\"primaryImageOfPage\":{\"@id\":\"https:\\\/\\\/www.iemj.org\\\/de\\\/fonds-jean-claude-sillamy\\\/#primaryimage\"},\"image\":{\"@id\":\"https:\\\/\\\/www.iemj.org\\\/de\\\/fonds-jean-claude-sillamy\\\/#primaryimage\"},\"thumbnailUrl\":\"https:\\\/\\\/www.iemj.org\\\/wp-content\\\/uploads\\\/2017\\\/08\\\/arton2417-e1618474206102.jpg\",\"datePublished\":\"2017-08-24T08:09:15+00:00\",\"dateModified\":\"2021-09-14T14:34:49+00:00\",\"breadcrumb\":{\"@id\":\"https:\\\/\\\/www.iemj.org\\\/de\\\/fonds-jean-claude-sillamy\\\/#breadcrumb\"},\"inLanguage\":\"de\",\"potentialAction\":[{\"@type\":\"ReadAction\",\"target\":[\"https:\\\/\\\/www.iemj.org\\\/de\\\/fonds-jean-claude-sillamy\\\/\"]}]},{\"@type\":\"ImageObject\",\"inLanguage\":\"de\",\"@id\":\"https:\\\/\\\/www.iemj.org\\\/de\\\/fonds-jean-claude-sillamy\\\/#primaryimage\",\"url\":\"https:\\\/\\\/www.iemj.org\\\/wp-content\\\/uploads\\\/2017\\\/08\\\/arton2417-e1618474206102.jpg\",\"contentUrl\":\"https:\\\/\\\/www.iemj.org\\\/wp-content\\\/uploads\\\/2017\\\/08\\\/arton2417-e1618474206102.jpg\",\"width\":350,\"height\":290},{\"@type\":\"BreadcrumbList\",\"@id\":\"https:\\\/\\\/www.iemj.org\\\/de\\\/fonds-jean-claude-sillamy\\\/#breadcrumb\",\"itemListElement\":[{\"@type\":\"ListItem\",\"position\":1,\"name\":\"Accueil\",\"item\":\"https:\\\/\\\/www.iemj.org\\\/de\\\/\"},{\"@type\":\"ListItem\",\"position\":2,\"name\":\"Jean-Claude-Sillamy-Fonds\"}]},{\"@type\":\"WebSite\",\"@id\":\"https:\\\/\\\/www.iemj.org\\\/de\\\/#website\",\"url\":\"https:\\\/\\\/www.iemj.org\\\/de\\\/\",\"name\":\"Institut Europ\u00e9en des Musiques Juives\",\"description\":\"Des traditions musicales \u00e0 la port\u00e9e de tous\",\"publisher\":{\"@id\":\"https:\\\/\\\/www.iemj.org\\\/de\\\/#organization\"},\"potentialAction\":[{\"@type\":\"SearchAction\",\"target\":{\"@type\":\"EntryPoint\",\"urlTemplate\":\"https:\\\/\\\/www.iemj.org\\\/de\\\/?s={search_term_string}\"},\"query-input\":{\"@type\":\"PropertyValueSpecification\",\"valueRequired\":true,\"valueName\":\"search_term_string\"}}],\"inLanguage\":\"de\"},{\"@type\":\"Organization\",\"@id\":\"https:\\\/\\\/www.iemj.org\\\/de\\\/#organization\",\"name\":\"Institut Europ\u00e9en des Musiques Juives\",\"url\":\"https:\\\/\\\/www.iemj.org\\\/de\\\/\",\"logo\":{\"@type\":\"ImageObject\",\"inLanguage\":\"de\",\"@id\":\"https:\\\/\\\/www.iemj.org\\\/de\\\/#\\\/schema\\\/logo\\\/image\\\/\",\"url\":\"https:\\\/\\\/www.iemj.org\\\/wp-content\\\/uploads\\\/2021\\\/09\\\/Logo-IEMJ-Paypal.jpg\",\"contentUrl\":\"https:\\\/\\\/www.iemj.org\\\/wp-content\\\/uploads\\\/2021\\\/09\\\/Logo-IEMJ-Paypal.jpg\",\"width\":150,\"height\":50,\"caption\":\"Institut Europ\u00e9en des Musiques Juives\"},\"image\":{\"@id\":\"https:\\\/\\\/www.iemj.org\\\/de\\\/#\\\/schema\\\/logo\\\/image\\\/\"},\"sameAs\":[\"https:\\\/\\\/www.facebook.com\\\/MusiquesJuives\\\/\",\"https:\\\/\\\/www.instagram.com\\\/musiquesjuives\\\/\",\"https:\\\/\\\/www.youtube.com\\\/user\\\/musiquesjuives\"]},{\"@type\":\"Person\",\"@id\":\"https:\\\/\\\/www.iemj.org\\\/de\\\/#\\\/schema\\\/person\\\/c9bc1c386a3749579a2d675e72a18666\",\"name\":\"Jean-Gabriel Davis\",\"image\":{\"@type\":\"ImageObject\",\"inLanguage\":\"de\",\"@id\":\"https:\\\/\\\/secure.gravatar.com\\\/avatar\\\/2b90d67bdf392c9b3a21fab87c0fa7edaf1fb3a058172a1ffd61033fcec7aec1?s=96&d=mm&r=g\",\"url\":\"https:\\\/\\\/secure.gravatar.com\\\/avatar\\\/2b90d67bdf392c9b3a21fab87c0fa7edaf1fb3a058172a1ffd61033fcec7aec1?s=96&d=mm&r=g\",\"contentUrl\":\"https:\\\/\\\/secure.gravatar.com\\\/avatar\\\/2b90d67bdf392c9b3a21fab87c0fa7edaf1fb3a058172a1ffd61033fcec7aec1?s=96&d=mm&r=g\",\"caption\":\"Jean-Gabriel Davis\"}}]}<\/script>\n<!-- \/ Yoast SEO plugin. -->","yoast_head_json":{"title":"Jean-Claude-Sillamy-Fonds - Institut Europ\u00e9en des Musiques Juives","robots":{"index":"index","follow":"follow","max-snippet":"max-snippet:-1","max-image-preview":"max-image-preview:large","max-video-preview":"max-video-preview:-1"},"canonical":"https:\/\/www.iemj.org\/de\/fonds-jean-claude-sillamy\/","og_locale":"de_DE","og_type":"article","og_title":"Jean-Claude-Sillamy-Fonds - Institut Europ\u00e9en des Musiques Juives","og_description":"Jean-Claude Sillamy wurde am 24. Juli 1932 in Alger geboren und starb am 29. Juli 2016 in Ajaccio. Er war ein franz\u00f6sischer Musikwissenschaftler und Komponist von B\u00fchnenmusik, geistlicher Musik und","og_url":"https:\/\/www.iemj.org\/de\/fonds-jean-claude-sillamy\/","og_site_name":"Institut Europ\u00e9en des Musiques Juives","article_publisher":"https:\/\/www.facebook.com\/MusiquesJuives\/","article_published_time":"2017-08-24T08:09:15+00:00","article_modified_time":"2021-09-14T14:34:49+00:00","og_image":[{"width":350,"height":290,"url":"https:\/\/www.iemj.org\/wp-content\/uploads\/2017\/08\/arton2417-e1618474206102.jpg","type":"image\/jpeg"}],"author":"Jean-Gabriel Davis","twitter_card":"summary_large_image","twitter_misc":{"Verfasst von":"Jean-Gabriel Davis","Gesch\u00e4tzte Lesezeit":"2\u00a0Minuten"},"schema":{"@context":"https:\/\/schema.org","@graph":[{"@type":"Article","@id":"https:\/\/www.iemj.org\/de\/fonds-jean-claude-sillamy\/#article","isPartOf":{"@id":"https:\/\/www.iemj.org\/de\/fonds-jean-claude-sillamy\/"},"author":{"name":"Jean-Gabriel Davis","@id":"https:\/\/www.iemj.org\/de\/#\/schema\/person\/c9bc1c386a3749579a2d675e72a18666"},"headline":"Jean-Claude-Sillamy-Fonds","datePublished":"2017-08-24T08:09:15+00:00","dateModified":"2021-09-14T14:34:49+00:00","mainEntityOfPage":{"@id":"https:\/\/www.iemj.org\/de\/fonds-jean-claude-sillamy\/"},"wordCount":316,"publisher":{"@id":"https:\/\/www.iemj.org\/de\/#organization"},"image":{"@id":"https:\/\/www.iemj.org\/de\/fonds-jean-claude-sillamy\/#primaryimage"},"thumbnailUrl":"https:\/\/www.iemj.org\/wp-content\/uploads\/2017\/08\/arton2417-e1618474206102.jpg","articleSection":["Fonds"],"inLanguage":"de"},{"@type":"WebPage","@id":"https:\/\/www.iemj.org\/de\/fonds-jean-claude-sillamy\/","url":"https:\/\/www.iemj.org\/de\/fonds-jean-claude-sillamy\/","name":"Jean-Claude-Sillamy-Fonds - Institut Europ\u00e9en des Musiques Juives","isPartOf":{"@id":"https:\/\/www.iemj.org\/de\/#website"},"primaryImageOfPage":{"@id":"https:\/\/www.iemj.org\/de\/fonds-jean-claude-sillamy\/#primaryimage"},"image":{"@id":"https:\/\/www.iemj.org\/de\/fonds-jean-claude-sillamy\/#primaryimage"},"thumbnailUrl":"https:\/\/www.iemj.org\/wp-content\/uploads\/2017\/08\/arton2417-e1618474206102.jpg","datePublished":"2017-08-24T08:09:15+00:00","dateModified":"2021-09-14T14:34:49+00:00","breadcrumb":{"@id":"https:\/\/www.iemj.org\/de\/fonds-jean-claude-sillamy\/#breadcrumb"},"inLanguage":"de","potentialAction":[{"@type":"ReadAction","target":["https:\/\/www.iemj.org\/de\/fonds-jean-claude-sillamy\/"]}]},{"@type":"ImageObject","inLanguage":"de","@id":"https:\/\/www.iemj.org\/de\/fonds-jean-claude-sillamy\/#primaryimage","url":"https:\/\/www.iemj.org\/wp-content\/uploads\/2017\/08\/arton2417-e1618474206102.jpg","contentUrl":"https:\/\/www.iemj.org\/wp-content\/uploads\/2017\/08\/arton2417-e1618474206102.jpg","width":350,"height":290},{"@type":"BreadcrumbList","@id":"https:\/\/www.iemj.org\/de\/fonds-jean-claude-sillamy\/#breadcrumb","itemListElement":[{"@type":"ListItem","position":1,"name":"Accueil","item":"https:\/\/www.iemj.org\/de\/"},{"@type":"ListItem","position":2,"name":"Jean-Claude-Sillamy-Fonds"}]},{"@type":"WebSite","@id":"https:\/\/www.iemj.org\/de\/#website","url":"https:\/\/www.iemj.org\/de\/","name":"Institut Europ\u00e9en des Musiques Juives","description":"Des traditions musicales \u00e0 la port\u00e9e de tous","publisher":{"@id":"https:\/\/www.iemj.org\/de\/#organization"},"potentialAction":[{"@type":"SearchAction","target":{"@type":"EntryPoint","urlTemplate":"https:\/\/www.iemj.org\/de\/?s={search_term_string}"},"query-input":{"@type":"PropertyValueSpecification","valueRequired":true,"valueName":"search_term_string"}}],"inLanguage":"de"},{"@type":"Organization","@id":"https:\/\/www.iemj.org\/de\/#organization","name":"Institut Europ\u00e9en des Musiques Juives","url":"https:\/\/www.iemj.org\/de\/","logo":{"@type":"ImageObject","inLanguage":"de","@id":"https:\/\/www.iemj.org\/de\/#\/schema\/logo\/image\/","url":"https:\/\/www.iemj.org\/wp-content\/uploads\/2021\/09\/Logo-IEMJ-Paypal.jpg","contentUrl":"https:\/\/www.iemj.org\/wp-content\/uploads\/2021\/09\/Logo-IEMJ-Paypal.jpg","width":150,"height":50,"caption":"Institut Europ\u00e9en des Musiques Juives"},"image":{"@id":"https:\/\/www.iemj.org\/de\/#\/schema\/logo\/image\/"},"sameAs":["https:\/\/www.facebook.com\/MusiquesJuives\/","https:\/\/www.instagram.com\/musiquesjuives\/","https:\/\/www.youtube.com\/user\/musiquesjuives"]},{"@type":"Person","@id":"https:\/\/www.iemj.org\/de\/#\/schema\/person\/c9bc1c386a3749579a2d675e72a18666","name":"Jean-Gabriel Davis","image":{"@type":"ImageObject","inLanguage":"de","@id":"https:\/\/secure.gravatar.com\/avatar\/2b90d67bdf392c9b3a21fab87c0fa7edaf1fb3a058172a1ffd61033fcec7aec1?s=96&d=mm&r=g","url":"https:\/\/secure.gravatar.com\/avatar\/2b90d67bdf392c9b3a21fab87c0fa7edaf1fb3a058172a1ffd61033fcec7aec1?s=96&d=mm&r=g","contentUrl":"https:\/\/secure.gravatar.com\/avatar\/2b90d67bdf392c9b3a21fab87c0fa7edaf1fb3a058172a1ffd61033fcec7aec1?s=96&d=mm&r=g","caption":"Jean-Gabriel Davis"}}]}},"_links":{"self":[{"href":"https:\/\/www.iemj.org\/de\/wp-json\/wp\/v2\/posts\/64227","targetHints":{"allow":["GET"]}}],"collection":[{"href":"https:\/\/www.iemj.org\/de\/wp-json\/wp\/v2\/posts"}],"about":[{"href":"https:\/\/www.iemj.org\/de\/wp-json\/wp\/v2\/types\/post"}],"author":[{"embeddable":true,"href":"https:\/\/www.iemj.org\/de\/wp-json\/wp\/v2\/users\/1048"}],"replies":[{"embeddable":true,"href":"https:\/\/www.iemj.org\/de\/wp-json\/wp\/v2\/comments?post=64227"}],"version-history":[{"count":0,"href":"https:\/\/www.iemj.org\/de\/wp-json\/wp\/v2\/posts\/64227\/revisions"}],"wp:featuredmedia":[{"embeddable":true,"href":"https:\/\/www.iemj.org\/de\/wp-json\/wp\/v2\/media\/64228"}],"wp:attachment":[{"href":"https:\/\/www.iemj.org\/de\/wp-json\/wp\/v2\/media?parent=64227"}],"wp:term":[{"taxonomy":"category","embeddable":true,"href":"https:\/\/www.iemj.org\/de\/wp-json\/wp\/v2\/categories?post=64227"},{"taxonomy":"post_tag","embeddable":true,"href":"https:\/\/www.iemj.org\/de\/wp-json\/wp\/v2\/tags?post=64227"},{"taxonomy":"technique","embeddable":true,"href":"https:\/\/www.iemj.org\/de\/wp-json\/wp\/v2\/technique?post=64227"},{"taxonomy":"squelettes","embeddable":true,"href":"https:\/\/www.iemj.org\/de\/wp-json\/wp\/v2\/squelettes?post=64227"},{"taxonomy":"sujet","embeddable":true,"href":"https:\/\/www.iemj.org\/de\/wp-json\/wp\/v2\/sujet?post=64227"},{"taxonomy":"formation","embeddable":true,"href":"https:\/\/www.iemj.org\/de\/wp-json\/wp\/v2\/formation?post=64227"},{"taxonomy":"genre","embeddable":true,"href":"https:\/\/www.iemj.org\/de\/wp-json\/wp\/v2\/genre?post=64227"},{"taxonomy":"fonds","embeddable":true,"href":"https:\/\/www.iemj.org\/de\/wp-json\/wp\/v2\/fonds?post=64227"},{"taxonomy":"tradition","embeddable":true,"href":"https:\/\/www.iemj.org\/de\/wp-json\/wp\/v2\/tradition?post=64227"},{"taxonomy":"type-de-contenu","embeddable":true,"href":"https:\/\/www.iemj.org\/de\/wp-json\/wp\/v2\/type-de-contenu?post=64227"},{"taxonomy":"interprete-compositeur","embeddable":true,"href":"https:\/\/www.iemj.org\/de\/wp-json\/wp\/v2\/interprete-compositeur?post=64227"},{"taxonomy":"frise","embeddable":true,"href":"https:\/\/www.iemj.org\/de\/wp-json\/wp\/v2\/frise?post=64227"},{"taxonomy":"type-devenement","embeddable":true,"href":"https:\/\/www.iemj.org\/de\/wp-json\/wp\/v2\/type-devenement?post=64227"},{"taxonomy":"tableaux-liens-externes","embeddable":true,"href":"https:\/\/www.iemj.org\/de\/wp-json\/wp\/v2\/tableaux-liens-externes?post=64227"}],"curies":[{"name":"wp","href":"https:\/\/api.w.org\/{rel}","templated":true}]}}