{"id":65266,"date":"2020-04-02T11:08:34","date_gmt":"2020-04-02T09:08:34","guid":{"rendered":"https:\/\/www.iemj.org\/had-gadya-une-chanson-de-pessah\/"},"modified":"2025-03-31T14:36:53","modified_gmt":"2025-03-31T12:36:53","slug":"had-gadya-une-chanson-de-pessah","status":"publish","type":"post","link":"https:\/\/www.iemj.org\/de\/had-gadya-une-chanson-de-pessah\/","title":{"rendered":"Chad gadya, ein Pessach-Lied"},"content":{"rendered":"<p><strong><em>Chad gadya<\/em> (das Zieglein), das ber\u00fchmte Pessach-Lied, das in allen j\u00fcdischen Traditionen gesungen wird (oder fast&#8230;)<\/strong><\/p>\n<p><!--more--><\/p>\n<p><em>Chad Gadya<\/em> ist das letzte der drei Lieder des <a href=\"https:\/\/www.iemj.org\/de\/pessah\/\" target=\"_blank\" rel=\"noopener\">Sederabends von Pessach <\/a>, und ist ein kumulatives Lied (jeder Vers wiederholt die vorhergehenden), welches Parallelen zwischen dem Schicksal eines unschuldigen Zickleins und dem Schicksal des Volkes Israel zieht. Einem traditionell j\u00fcdischen Verst\u00e4ndnis nach, verk\u00f6rpert das Zicklein, welches Gott (der Vater) durch Moses und Aron gekauft hat (die beiden Silberm\u00fcnzen), das Volk Israels. Aufeinanderfolgende Verfolger sind Assyrien (die Katze), Babylon (der Hund), Persien (der Stab), Mazedonien (das Feuer), Rom (das Wasser), die Sarazenen (der Ochse) und die Kreuzfahrer (der Priester). Die T\u00fcrken, welche das Heilige Land bis 1917 besetzt hielten, werden durch dem Todesengel dargestellt. Schlie\u00dflich endet die Geschichte, mit der R\u00fcckkehr der Juden nach Israel durch die Gnade Gottes.<\/p>\n<p>Traditionell wird dieses Lied auf Aram\u00e4isch, aber auch in den verschiedenen j\u00fcdischen Dialekten gesungen (Jud\u00e4o-Els\u00e4ssisch, Jiddisch, Comtadin, Jud\u00e4o-Spanisch, Jud\u00e4o-Arabisch\u2026).<\/p>\n<p><a href=\"https:\/\/www.iemj.org\/de\/three-passover-songs-adir-hu-echad-mi-yodea-and-chad-gadya\/\" target=\"_blank\" rel=\"noopener\">Erfahren Sie mehr \u00fcber die drei Pessach-Lieder: <em>Adir hu<\/em>, <em>E\u2019had mi yodea<\/em> und <em>Chad gadya<\/em><\/a><br \/><a href=\"https:\/\/www.iemj.org\/de\/ehad-mi-yodea-une-chanson-de-pessah\/\" target=\"_blank\" rel=\"noopener\">H\u00f6ren Sie die Playlist an, auf welcher das Lied <em>E\u2019had mi yodea<\/em> zu h\u00f6ren ist<\/a><br \/><a href=\"https:\/\/www.iemj.org\/de\/pessah-1ere-partie\/\" target=\"_blank\" rel=\"noopener\">H\u00f6ren Sie sich die Pesach 1-Playlist an<\/a><br \/><a href=\"https:\/\/www.iemj.org\/de\/pessah-2eme-partie\/\" target=\"_blank\" rel=\"noopener\">H\u00f6ren Sie sich die Pesach 2-Playlist an<\/a><\/p>\n<p>\u00a0<\/p>\n\n<div class=\"wp-block-image\">\n<figure class=\"aligncenter size-large\"><img fetchpriority=\"high\" decoding=\"async\" width=\"1024\" height=\"133\" src=\"https:\/\/www.iemj.org\/wp-content\/uploads\/2024\/03\/AUDIO-PLAYER-1024x133.png\" alt=\"\" class=\"wp-image-110606\" srcset=\"https:\/\/www.iemj.org\/wp-content\/uploads\/2024\/03\/AUDIO-PLAYER-1024x133.png 1024w, https:\/\/www.iemj.org\/wp-content\/uploads\/2024\/03\/AUDIO-PLAYER-300x39.png 300w, https:\/\/www.iemj.org\/wp-content\/uploads\/2024\/03\/AUDIO-PLAYER-768x100.png 768w, https:\/\/www.iemj.org\/wp-content\/uploads\/2024\/03\/AUDIO-PLAYER-600x78.png 600w, https:\/\/www.iemj.org\/wp-content\/uploads\/2024\/03\/AUDIO-PLAYER.png 1210w\" sizes=\"(max-width: 1024px) 100vw, 1024px\" \/><\/figure>\n<\/div>\n\n\n<div class=\"wp-block-file\"><a id=\"wp-block-file--media-429e9dad-0637-4813-a30d-f818c535727d\" href=\"https:\/\/www.iemj.org\/wp-content\/uploads\/2020\/04\/01-had_gadya_extrait__tradition_ashkenaze.mp3\">Had gadya (Extrait) &#8211; Tradition ashkenaze<\/a><\/div>\n\n\n\n<div class=\"wp-block-file\"><a id=\"wp-block-file--media-a313f10b-4d30-4e55-9686-260b5b699da5\" href=\"https:\/\/www.iemj.org\/wp-content\/uploads\/2020\/04\/02-had_gadyo_extrait__ashkenaze_judeo-alsacien_michel_heymann.mp3\">Had gadyo (Extrait) &#8211;  Ashkenaze judeo alsacien &#8211; Michel Heymann<\/a><\/div>\n\n\n\n<div class=\"wp-block-file\"><a id=\"wp-block-file--media-68d7a589-1c70-47dd-b4b8-6f0a9474e622\" href=\"https:\/\/www.iemj.org\/wp-content\/uploads\/2020\/04\/03_chad_gadyoh_extrait__ashkenaze_yiddish_moshe_koussevitzky.mp3\">Chad Gadyoh (Extrait) &#8211; Ashkenaze yiddish &#8211; Moshe Koussevitzky<\/a><\/div>\n\n\n\n<div class=\"wp-block-file\"><a id=\"wp-block-file--media-e6be8cbd-9bf9-4b54-b6b7-e616ec1ccab1\" href=\"https:\/\/www.iemj.org\/wp-content\/uploads\/2020\/04\/04_chad_gadya_ashkenaze_yiddish_nira_gal.mp3\">Chad Gadya &#8211; Ashkenaze yiddish &#8211; Nira Gal<\/a><\/div>\n\n\n\n<div class=\"wp-block-file\"><a id=\"wp-block-file--media-59d8d873-0120-46f9-90d4-95781c038363\" href=\"https:\/\/www.iemj.org\/wp-content\/uploads\/2020\/04\/05_chad_gadya_in_yiddish_zemiros_group.mp3\">Chad Gadya in Yiddish &#8211; Zemiros Group<\/a><\/div>\n\n\n\n<div class=\"wp-block-file\"><a id=\"wp-block-file--media-19aed56d-d656-4608-a184-66c7fcd62726\" href=\"https:\/\/www.iemj.org\/wp-content\/uploads\/2020\/04\/06_had_gadia_cantes_judeo-espagnol_coll.yitshak_levy.mp3\">Had gadia &#8211; Cantes judeo espagnol &#8211; Coll. Yitshak Levy<\/a><\/div>\n\n\n\n<div class=\"wp-block-file\"><a id=\"wp-block-file--media-7747e0f1-0381-4e53-a98c-eb0c5540a713\" href=\"https:\/\/www.iemj.org\/wp-content\/uploads\/2020\/04\/07-had_gadia_extrait__cantos_judeo_espanoles_de_marruecos.mp3\">Had gadia (Extrait) &#8211; Cantos Judeo Espanoles de Marruecos<\/a><\/div>\n\n\n\n<div class=\"wp-block-file\"><a id=\"wp-block-file--media-88324048-5c14-4dd9-891b-163d13ae313a\" href=\"https:\/\/www.iemj.org\/wp-content\/uploads\/2020\/04\/08_el_cavritico_tradition_jud_o-espagnole_salonique_gr_ce__coll._l_on_algazi.mp3\">El cavritico &#8211; Judeo-espagnol Salonique Grece &#8211; Coll. Leon Algazi<\/a><\/div>\n\n\n\n<div class=\"wp-block-file\"><a id=\"wp-block-file--media-6d6255e1-2892-49cb-be01-380bc0ff19b0\" href=\"https:\/\/www.iemj.org\/wp-content\/uploads\/2020\/04\/09_had-gadia_extrait__ladino_yehoram_gaon.mp3\">Had Gadia (Extrait) &#8211; ladino -Yehoram Gaon<\/a><\/div>\n\n\n\n<div class=\"wp-block-file\"><a id=\"wp-block-file--media-67abf7fc-8f81-424f-ba90-7696aa4e30e5\" href=\"https:\/\/www.iemj.org\/wp-content\/uploads\/2020\/04\/10_had_gadya_extrait__rite_sfardi_yerushalmi_ezra_barnea.mp3\">Had gadya (Extrait) &#8211; rite sfardi yerushalmi &#8211; Ezra Barnea<\/a><\/div>\n\n\n\n<div class=\"wp-block-file\"><a id=\"wp-block-file--media-e3c6d44d-0452-4342-b96c-3b0b0ffef1d0\" href=\"https:\/\/www.iemj.org\/wp-content\/uploads\/2020\/04\/11_had_gadya_extrait__rite_lybien.mp3\">Had gadya (Extrait) &#8211; rite lybien<\/a><\/div>\n\n\n\n<div class=\"wp-block-file\"><a id=\"wp-block-file--media-f2ee1740-ef2a-4757-8b21-c9cdabcdc140\" href=\"https:\/\/www.iemj.org\/wp-content\/uploads\/2020\/04\/12_had_gadya_extrait__rite_marocain_idan_toledano.mp3\">Had gadya (Extrait) &#8211; rite marocain &#8211; Idan Toledano<\/a><\/div>\n\n\n\n<div class=\"wp-block-file\"><a id=\"wp-block-file--media-4762539d-709d-4d22-ba5e-05be587171f8\" href=\"https:\/\/www.iemj.org\/wp-content\/uploads\/2020\/04\/13_had_gadya_extrait__rite_tunisien_nathan_cohen.mp3\">Had gadya (Extrait) &#8211; rite tunisien &#8211; Nathan Cohen<\/a><\/div>\n\n\n\n<div class=\"wp-block-file\"><a id=\"wp-block-file--media-8f7213ce-97fc-4051-874a-bdd57999b149\" href=\"https:\/\/www.iemj.org\/wp-content\/uploads\/2020\/04\/14_had_gadya_extrait_rite_italien_corfou.mp3\">Had gadya (Extrait) &#8211; rite italien Corfou<\/a><\/div>\n\n\n\n<div class=\"wp-block-file\"><a id=\"wp-block-file--media-db2bc51e-c548-40fc-a4c5-45d49ea33e82\" href=\"https:\/\/www.iemj.org\/wp-content\/uploads\/2020\/04\/15_had_gadia_extrait__rite_comtadin_adolphe_attia.mp3\">Had gadia (Extrait) &#8211; rite comtadin &#8211; Adolphe Attia<\/a><\/div>\n\n\n\n<div class=\"wp-block-file\"><a id=\"wp-block-file--media-4d19e9c1-7017-42e0-be65-9a4930ed575d\" href=\"https:\/\/www.iemj.org\/wp-content\/uploads\/2020\/04\/16_had_gadia_extrait__rite_italien_21_le_baroque_nomade.mp3\">Had gadia (Extrait) &#8211; rite italien &#8211; 21 Le Baroque Nomade<\/a><\/div>\n\n\n\n<div class=\"wp-block-file\"><a id=\"wp-block-file--media-dd279089-516e-42c2-b29d-1c314a8cbc14\" href=\"https:\/\/www.iemj.org\/wp-content\/uploads\/2020\/04\/17_had_gadya_extrait__chava_alberstein.mp3\">Had gadya (Extrait) &#8211; Chava Alberstein<\/a><\/div>\n","protected":false},"excerpt":{"rendered":"<p>Chad gadya (das Zieglein), das ber\u00fchmte Pessach-Lied, das in allen j\u00fcdischen Traditionen gesungen wird (oder fast&#8230;)<\/p>\n","protected":false},"author":1045,"featured_media":111180,"comment_status":"closed","ping_status":"closed","sticky":false,"template":"","format":"standard","meta":{"_acf_changed":false,"footnotes":""},"categories":[1534],"tags":[],"technique":[],"squelettes":[],"sujet":[1828],"formation":[],"genre":[1891],"fonds":[],"tradition":[],"type-de-contenu":[],"interprete-compositeur":[],"frise":[],"type-devenement":[],"tableaux-liens-externes":[],"class_list":["post-65266","post","type-post","status-publish","format-standard","has-post-thumbnail","hentry","category-playlists-de","sujet-pessach-de","genre-liturgie-de"],"acf":[],"yoast_head":"<!-- This site is optimized with the Yoast SEO plugin v27.3 - https:\/\/yoast.com\/product\/yoast-seo-wordpress\/ -->\n<title>Chad gadya, ein Pessach-Lied - Institut Europ\u00e9en des Musiques Juives<\/title>\n<meta name=\"robots\" content=\"index, follow, max-snippet:-1, max-image-preview:large, max-video-preview:-1\" \/>\n<link rel=\"canonical\" href=\"https:\/\/www.iemj.org\/de\/had-gadya-une-chanson-de-pessah\/\" \/>\n<meta property=\"og:locale\" content=\"de_DE\" \/>\n<meta property=\"og:type\" content=\"article\" \/>\n<meta property=\"og:title\" content=\"Chad gadya, ein Pessach-Lied - Institut Europ\u00e9en des Musiques Juives\" \/>\n<meta property=\"og:description\" content=\"Chad gadya (das Zieglein), das ber\u00fchmte Pessach-Lied, das in allen j\u00fcdischen Traditionen gesungen wird (oder fast&#8230;)\" \/>\n<meta property=\"og:url\" content=\"https:\/\/www.iemj.org\/de\/had-gadya-une-chanson-de-pessah\/\" \/>\n<meta property=\"og:site_name\" content=\"Institut Europ\u00e9en des Musiques Juives\" \/>\n<meta property=\"article:publisher\" content=\"https:\/\/www.facebook.com\/MusiquesJuives\/\" \/>\n<meta property=\"article:published_time\" content=\"2020-04-02T09:08:34+00:00\" \/>\n<meta property=\"article:modified_time\" content=\"2025-03-31T12:36:53+00:00\" \/>\n<meta property=\"og:image\" content=\"https:\/\/www.iemj.org\/wp-content\/uploads\/2020\/04\/Playlist-\u2018HAD-GADYA.jpg\" \/>\n\t<meta property=\"og:image:width\" content=\"500\" \/>\n\t<meta property=\"og:image:height\" content=\"500\" \/>\n\t<meta property=\"og:image:type\" content=\"image\/jpeg\" \/>\n<meta name=\"author\" content=\"Herv\u00e9 Roten\" \/>\n<meta name=\"twitter:card\" content=\"summary_large_image\" \/>\n<meta name=\"twitter:label1\" content=\"Verfasst von\" \/>\n\t<meta name=\"twitter:data1\" content=\"Herv\u00e9 Roten\" \/>\n\t<meta name=\"twitter:label2\" content=\"Gesch\u00e4tzte Lesezeit\" \/>\n\t<meta name=\"twitter:data2\" content=\"2\u00a0Minuten\" \/>\n<script type=\"application\/ld+json\" class=\"yoast-schema-graph\">{\"@context\":\"https:\\\/\\\/schema.org\",\"@graph\":[{\"@type\":\"Article\",\"@id\":\"https:\\\/\\\/www.iemj.org\\\/de\\\/had-gadya-une-chanson-de-pessah\\\/#article\",\"isPartOf\":{\"@id\":\"https:\\\/\\\/www.iemj.org\\\/de\\\/had-gadya-une-chanson-de-pessah\\\/\"},\"author\":{\"name\":\"Herv\u00e9 Roten\",\"@id\":\"https:\\\/\\\/www.iemj.org\\\/de\\\/#\\\/schema\\\/person\\\/906134402c29d5c76e7b726261dd4bbd\"},\"headline\":\"Chad gadya, ein Pessach-Lied\",\"datePublished\":\"2020-04-02T09:08:34+00:00\",\"dateModified\":\"2025-03-31T12:36:53+00:00\",\"mainEntityOfPage\":{\"@id\":\"https:\\\/\\\/www.iemj.org\\\/de\\\/had-gadya-une-chanson-de-pessah\\\/\"},\"wordCount\":363,\"publisher\":{\"@id\":\"https:\\\/\\\/www.iemj.org\\\/de\\\/#organization\"},\"image\":{\"@id\":\"https:\\\/\\\/www.iemj.org\\\/de\\\/had-gadya-une-chanson-de-pessah\\\/#primaryimage\"},\"thumbnailUrl\":\"https:\\\/\\\/www.iemj.org\\\/wp-content\\\/uploads\\\/2020\\\/04\\\/Playlist-\u2018HAD-GADYA.jpg\",\"articleSection\":[\"Playlists\"],\"inLanguage\":\"de\"},{\"@type\":\"WebPage\",\"@id\":\"https:\\\/\\\/www.iemj.org\\\/de\\\/had-gadya-une-chanson-de-pessah\\\/\",\"url\":\"https:\\\/\\\/www.iemj.org\\\/de\\\/had-gadya-une-chanson-de-pessah\\\/\",\"name\":\"Chad gadya, ein Pessach-Lied - Institut Europ\u00e9en des Musiques Juives\",\"isPartOf\":{\"@id\":\"https:\\\/\\\/www.iemj.org\\\/de\\\/#website\"},\"primaryImageOfPage\":{\"@id\":\"https:\\\/\\\/www.iemj.org\\\/de\\\/had-gadya-une-chanson-de-pessah\\\/#primaryimage\"},\"image\":{\"@id\":\"https:\\\/\\\/www.iemj.org\\\/de\\\/had-gadya-une-chanson-de-pessah\\\/#primaryimage\"},\"thumbnailUrl\":\"https:\\\/\\\/www.iemj.org\\\/wp-content\\\/uploads\\\/2020\\\/04\\\/Playlist-\u2018HAD-GADYA.jpg\",\"datePublished\":\"2020-04-02T09:08:34+00:00\",\"dateModified\":\"2025-03-31T12:36:53+00:00\",\"breadcrumb\":{\"@id\":\"https:\\\/\\\/www.iemj.org\\\/de\\\/had-gadya-une-chanson-de-pessah\\\/#breadcrumb\"},\"inLanguage\":\"de\",\"potentialAction\":[{\"@type\":\"ReadAction\",\"target\":[\"https:\\\/\\\/www.iemj.org\\\/de\\\/had-gadya-une-chanson-de-pessah\\\/\"]}]},{\"@type\":\"ImageObject\",\"inLanguage\":\"de\",\"@id\":\"https:\\\/\\\/www.iemj.org\\\/de\\\/had-gadya-une-chanson-de-pessah\\\/#primaryimage\",\"url\":\"https:\\\/\\\/www.iemj.org\\\/wp-content\\\/uploads\\\/2020\\\/04\\\/Playlist-\u2018HAD-GADYA.jpg\",\"contentUrl\":\"https:\\\/\\\/www.iemj.org\\\/wp-content\\\/uploads\\\/2020\\\/04\\\/Playlist-\u2018HAD-GADYA.jpg\",\"width\":500,\"height\":500},{\"@type\":\"BreadcrumbList\",\"@id\":\"https:\\\/\\\/www.iemj.org\\\/de\\\/had-gadya-une-chanson-de-pessah\\\/#breadcrumb\",\"itemListElement\":[{\"@type\":\"ListItem\",\"position\":1,\"name\":\"Accueil\",\"item\":\"https:\\\/\\\/www.iemj.org\\\/de\\\/\"},{\"@type\":\"ListItem\",\"position\":2,\"name\":\"Chad gadya, ein Pessach-Lied\"}]},{\"@type\":\"WebSite\",\"@id\":\"https:\\\/\\\/www.iemj.org\\\/de\\\/#website\",\"url\":\"https:\\\/\\\/www.iemj.org\\\/de\\\/\",\"name\":\"Institut Europ\u00e9en des Musiques Juives\",\"description\":\"Des traditions musicales \u00e0 la port\u00e9e de tous\",\"publisher\":{\"@id\":\"https:\\\/\\\/www.iemj.org\\\/de\\\/#organization\"},\"potentialAction\":[{\"@type\":\"SearchAction\",\"target\":{\"@type\":\"EntryPoint\",\"urlTemplate\":\"https:\\\/\\\/www.iemj.org\\\/de\\\/?s={search_term_string}\"},\"query-input\":{\"@type\":\"PropertyValueSpecification\",\"valueRequired\":true,\"valueName\":\"search_term_string\"}}],\"inLanguage\":\"de\"},{\"@type\":\"Organization\",\"@id\":\"https:\\\/\\\/www.iemj.org\\\/de\\\/#organization\",\"name\":\"Institut Europ\u00e9en des Musiques Juives\",\"url\":\"https:\\\/\\\/www.iemj.org\\\/de\\\/\",\"logo\":{\"@type\":\"ImageObject\",\"inLanguage\":\"de\",\"@id\":\"https:\\\/\\\/www.iemj.org\\\/de\\\/#\\\/schema\\\/logo\\\/image\\\/\",\"url\":\"https:\\\/\\\/www.iemj.org\\\/wp-content\\\/uploads\\\/2021\\\/09\\\/Logo-IEMJ-Paypal.jpg\",\"contentUrl\":\"https:\\\/\\\/www.iemj.org\\\/wp-content\\\/uploads\\\/2021\\\/09\\\/Logo-IEMJ-Paypal.jpg\",\"width\":150,\"height\":50,\"caption\":\"Institut Europ\u00e9en des Musiques Juives\"},\"image\":{\"@id\":\"https:\\\/\\\/www.iemj.org\\\/de\\\/#\\\/schema\\\/logo\\\/image\\\/\"},\"sameAs\":[\"https:\\\/\\\/www.facebook.com\\\/MusiquesJuives\\\/\",\"https:\\\/\\\/www.instagram.com\\\/musiquesjuives\\\/\",\"https:\\\/\\\/www.youtube.com\\\/user\\\/musiquesjuives\"]},{\"@type\":\"Person\",\"@id\":\"https:\\\/\\\/www.iemj.org\\\/de\\\/#\\\/schema\\\/person\\\/906134402c29d5c76e7b726261dd4bbd\",\"name\":\"Herv\u00e9 Roten\",\"image\":{\"@type\":\"ImageObject\",\"inLanguage\":\"de\",\"@id\":\"https:\\\/\\\/secure.gravatar.com\\\/avatar\\\/f96ad2db538a26481f18384936b5cd0610c92d390c4dc382209216d455f685ff?s=96&d=mm&r=g\",\"url\":\"https:\\\/\\\/secure.gravatar.com\\\/avatar\\\/f96ad2db538a26481f18384936b5cd0610c92d390c4dc382209216d455f685ff?s=96&d=mm&r=g\",\"contentUrl\":\"https:\\\/\\\/secure.gravatar.com\\\/avatar\\\/f96ad2db538a26481f18384936b5cd0610c92d390c4dc382209216d455f685ff?s=96&d=mm&r=g\",\"caption\":\"Herv\u00e9 Roten\"}}]}<\/script>\n<!-- \/ Yoast SEO plugin. -->","yoast_head_json":{"title":"Chad gadya, ein Pessach-Lied - Institut Europ\u00e9en des Musiques Juives","robots":{"index":"index","follow":"follow","max-snippet":"max-snippet:-1","max-image-preview":"max-image-preview:large","max-video-preview":"max-video-preview:-1"},"canonical":"https:\/\/www.iemj.org\/de\/had-gadya-une-chanson-de-pessah\/","og_locale":"de_DE","og_type":"article","og_title":"Chad gadya, ein Pessach-Lied - Institut Europ\u00e9en des Musiques Juives","og_description":"Chad gadya (das Zieglein), das ber\u00fchmte Pessach-Lied, das in allen j\u00fcdischen Traditionen gesungen wird (oder fast&#8230;)","og_url":"https:\/\/www.iemj.org\/de\/had-gadya-une-chanson-de-pessah\/","og_site_name":"Institut Europ\u00e9en des Musiques Juives","article_publisher":"https:\/\/www.facebook.com\/MusiquesJuives\/","article_published_time":"2020-04-02T09:08:34+00:00","article_modified_time":"2025-03-31T12:36:53+00:00","og_image":[{"width":500,"height":500,"url":"https:\/\/www.iemj.org\/wp-content\/uploads\/2020\/04\/Playlist-\u2018HAD-GADYA.jpg","type":"image\/jpeg"}],"author":"Herv\u00e9 Roten","twitter_card":"summary_large_image","twitter_misc":{"Verfasst von":"Herv\u00e9 Roten","Gesch\u00e4tzte Lesezeit":"2\u00a0Minuten"},"schema":{"@context":"https:\/\/schema.org","@graph":[{"@type":"Article","@id":"https:\/\/www.iemj.org\/de\/had-gadya-une-chanson-de-pessah\/#article","isPartOf":{"@id":"https:\/\/www.iemj.org\/de\/had-gadya-une-chanson-de-pessah\/"},"author":{"name":"Herv\u00e9 Roten","@id":"https:\/\/www.iemj.org\/de\/#\/schema\/person\/906134402c29d5c76e7b726261dd4bbd"},"headline":"Chad gadya, ein Pessach-Lied","datePublished":"2020-04-02T09:08:34+00:00","dateModified":"2025-03-31T12:36:53+00:00","mainEntityOfPage":{"@id":"https:\/\/www.iemj.org\/de\/had-gadya-une-chanson-de-pessah\/"},"wordCount":363,"publisher":{"@id":"https:\/\/www.iemj.org\/de\/#organization"},"image":{"@id":"https:\/\/www.iemj.org\/de\/had-gadya-une-chanson-de-pessah\/#primaryimage"},"thumbnailUrl":"https:\/\/www.iemj.org\/wp-content\/uploads\/2020\/04\/Playlist-\u2018HAD-GADYA.jpg","articleSection":["Playlists"],"inLanguage":"de"},{"@type":"WebPage","@id":"https:\/\/www.iemj.org\/de\/had-gadya-une-chanson-de-pessah\/","url":"https:\/\/www.iemj.org\/de\/had-gadya-une-chanson-de-pessah\/","name":"Chad gadya, ein Pessach-Lied - Institut Europ\u00e9en des Musiques Juives","isPartOf":{"@id":"https:\/\/www.iemj.org\/de\/#website"},"primaryImageOfPage":{"@id":"https:\/\/www.iemj.org\/de\/had-gadya-une-chanson-de-pessah\/#primaryimage"},"image":{"@id":"https:\/\/www.iemj.org\/de\/had-gadya-une-chanson-de-pessah\/#primaryimage"},"thumbnailUrl":"https:\/\/www.iemj.org\/wp-content\/uploads\/2020\/04\/Playlist-\u2018HAD-GADYA.jpg","datePublished":"2020-04-02T09:08:34+00:00","dateModified":"2025-03-31T12:36:53+00:00","breadcrumb":{"@id":"https:\/\/www.iemj.org\/de\/had-gadya-une-chanson-de-pessah\/#breadcrumb"},"inLanguage":"de","potentialAction":[{"@type":"ReadAction","target":["https:\/\/www.iemj.org\/de\/had-gadya-une-chanson-de-pessah\/"]}]},{"@type":"ImageObject","inLanguage":"de","@id":"https:\/\/www.iemj.org\/de\/had-gadya-une-chanson-de-pessah\/#primaryimage","url":"https:\/\/www.iemj.org\/wp-content\/uploads\/2020\/04\/Playlist-\u2018HAD-GADYA.jpg","contentUrl":"https:\/\/www.iemj.org\/wp-content\/uploads\/2020\/04\/Playlist-\u2018HAD-GADYA.jpg","width":500,"height":500},{"@type":"BreadcrumbList","@id":"https:\/\/www.iemj.org\/de\/had-gadya-une-chanson-de-pessah\/#breadcrumb","itemListElement":[{"@type":"ListItem","position":1,"name":"Accueil","item":"https:\/\/www.iemj.org\/de\/"},{"@type":"ListItem","position":2,"name":"Chad gadya, ein Pessach-Lied"}]},{"@type":"WebSite","@id":"https:\/\/www.iemj.org\/de\/#website","url":"https:\/\/www.iemj.org\/de\/","name":"Institut Europ\u00e9en des Musiques Juives","description":"Des traditions musicales \u00e0 la port\u00e9e de tous","publisher":{"@id":"https:\/\/www.iemj.org\/de\/#organization"},"potentialAction":[{"@type":"SearchAction","target":{"@type":"EntryPoint","urlTemplate":"https:\/\/www.iemj.org\/de\/?s={search_term_string}"},"query-input":{"@type":"PropertyValueSpecification","valueRequired":true,"valueName":"search_term_string"}}],"inLanguage":"de"},{"@type":"Organization","@id":"https:\/\/www.iemj.org\/de\/#organization","name":"Institut Europ\u00e9en des Musiques Juives","url":"https:\/\/www.iemj.org\/de\/","logo":{"@type":"ImageObject","inLanguage":"de","@id":"https:\/\/www.iemj.org\/de\/#\/schema\/logo\/image\/","url":"https:\/\/www.iemj.org\/wp-content\/uploads\/2021\/09\/Logo-IEMJ-Paypal.jpg","contentUrl":"https:\/\/www.iemj.org\/wp-content\/uploads\/2021\/09\/Logo-IEMJ-Paypal.jpg","width":150,"height":50,"caption":"Institut Europ\u00e9en des Musiques Juives"},"image":{"@id":"https:\/\/www.iemj.org\/de\/#\/schema\/logo\/image\/"},"sameAs":["https:\/\/www.facebook.com\/MusiquesJuives\/","https:\/\/www.instagram.com\/musiquesjuives\/","https:\/\/www.youtube.com\/user\/musiquesjuives"]},{"@type":"Person","@id":"https:\/\/www.iemj.org\/de\/#\/schema\/person\/906134402c29d5c76e7b726261dd4bbd","name":"Herv\u00e9 Roten","image":{"@type":"ImageObject","inLanguage":"de","@id":"https:\/\/secure.gravatar.com\/avatar\/f96ad2db538a26481f18384936b5cd0610c92d390c4dc382209216d455f685ff?s=96&d=mm&r=g","url":"https:\/\/secure.gravatar.com\/avatar\/f96ad2db538a26481f18384936b5cd0610c92d390c4dc382209216d455f685ff?s=96&d=mm&r=g","contentUrl":"https:\/\/secure.gravatar.com\/avatar\/f96ad2db538a26481f18384936b5cd0610c92d390c4dc382209216d455f685ff?s=96&d=mm&r=g","caption":"Herv\u00e9 Roten"}}]}},"_links":{"self":[{"href":"https:\/\/www.iemj.org\/de\/wp-json\/wp\/v2\/posts\/65266","targetHints":{"allow":["GET"]}}],"collection":[{"href":"https:\/\/www.iemj.org\/de\/wp-json\/wp\/v2\/posts"}],"about":[{"href":"https:\/\/www.iemj.org\/de\/wp-json\/wp\/v2\/types\/post"}],"author":[{"embeddable":true,"href":"https:\/\/www.iemj.org\/de\/wp-json\/wp\/v2\/users\/1045"}],"replies":[{"embeddable":true,"href":"https:\/\/www.iemj.org\/de\/wp-json\/wp\/v2\/comments?post=65266"}],"version-history":[{"count":0,"href":"https:\/\/www.iemj.org\/de\/wp-json\/wp\/v2\/posts\/65266\/revisions"}],"wp:featuredmedia":[{"embeddable":true,"href":"https:\/\/www.iemj.org\/de\/wp-json\/wp\/v2\/media\/111180"}],"wp:attachment":[{"href":"https:\/\/www.iemj.org\/de\/wp-json\/wp\/v2\/media?parent=65266"}],"wp:term":[{"taxonomy":"category","embeddable":true,"href":"https:\/\/www.iemj.org\/de\/wp-json\/wp\/v2\/categories?post=65266"},{"taxonomy":"post_tag","embeddable":true,"href":"https:\/\/www.iemj.org\/de\/wp-json\/wp\/v2\/tags?post=65266"},{"taxonomy":"technique","embeddable":true,"href":"https:\/\/www.iemj.org\/de\/wp-json\/wp\/v2\/technique?post=65266"},{"taxonomy":"squelettes","embeddable":true,"href":"https:\/\/www.iemj.org\/de\/wp-json\/wp\/v2\/squelettes?post=65266"},{"taxonomy":"sujet","embeddable":true,"href":"https:\/\/www.iemj.org\/de\/wp-json\/wp\/v2\/sujet?post=65266"},{"taxonomy":"formation","embeddable":true,"href":"https:\/\/www.iemj.org\/de\/wp-json\/wp\/v2\/formation?post=65266"},{"taxonomy":"genre","embeddable":true,"href":"https:\/\/www.iemj.org\/de\/wp-json\/wp\/v2\/genre?post=65266"},{"taxonomy":"fonds","embeddable":true,"href":"https:\/\/www.iemj.org\/de\/wp-json\/wp\/v2\/fonds?post=65266"},{"taxonomy":"tradition","embeddable":true,"href":"https:\/\/www.iemj.org\/de\/wp-json\/wp\/v2\/tradition?post=65266"},{"taxonomy":"type-de-contenu","embeddable":true,"href":"https:\/\/www.iemj.org\/de\/wp-json\/wp\/v2\/type-de-contenu?post=65266"},{"taxonomy":"interprete-compositeur","embeddable":true,"href":"https:\/\/www.iemj.org\/de\/wp-json\/wp\/v2\/interprete-compositeur?post=65266"},{"taxonomy":"frise","embeddable":true,"href":"https:\/\/www.iemj.org\/de\/wp-json\/wp\/v2\/frise?post=65266"},{"taxonomy":"type-devenement","embeddable":true,"href":"https:\/\/www.iemj.org\/de\/wp-json\/wp\/v2\/type-devenement?post=65266"},{"taxonomy":"tableaux-liens-externes","embeddable":true,"href":"https:\/\/www.iemj.org\/de\/wp-json\/wp\/v2\/tableaux-liens-externes?post=65266"}],"curies":[{"name":"wp","href":"https:\/\/api.w.org\/{rel}","templated":true}]}}