{"id":66481,"date":"2019-06-25T16:46:45","date_gmt":"2019-06-25T14:46:45","guid":{"rendered":"https:\/\/www.iemj.org\/videos-musique-et-cuisine-juives\/"},"modified":"2022-01-11T13:49:56","modified_gmt":"2022-01-11T12:49:56","slug":"videos-musique-et-cuisine-juives","status":"publish","type":"post","link":"https:\/\/www.iemj.org\/de\/videos-musique-et-cuisine-juives\/","title":{"rendered":"J\u00fcdische Musik und K\u00fcche"},"content":{"rendered":"<p><strong>Anl\u00e4sslich einer Konferenz Herv\u00e9 Rotens im CBL \u00fcber das Thema \u201eJ\u00fcdische Musik und K\u00fcche\u201c in der jiddischen, jud\u00e4o-spanischen und in der orientalischen Tradition, hat das IEMJ drei humoristische Filme produziert.<\/strong><\/p>\n<p>Die j\u00fcdische K\u00fcche ist eine Sprache f\u00fcr sich. Substrat der j\u00fcdischen Mutter, n\u00e4hrt sie die Kinder von ihren Traumata und verwurzelt in ihnen, ihre j\u00fcdische Identit\u00e4t. \u00dcber all diese Gerichte, die wir entweder geliebt oder gehasst haben, sprechen wir, auch \u00fcber 40 Jahre sp\u00e4ter, voller \u00dcberschwang. Mutters Borekas, ihre wundervolle Gehackte Leber, ihr k\u00f6stliches Couscous, all das bringt uns zur\u00fcck in die gesegnete Zeit der Kindheit, als das Leben noch einfach war: Entweder man a\u00df, was man uns auf unserem Teller vorsetzte, oder aber man war f\u00fcr den unmittelbar drohenden Tod unserer Mutter verantwortlich! Aber die j\u00fcdische K\u00fcche ist nicht nur Schuld, sondern vielmehr auch ein Augenschmaus. So sehr, dass zahlreiche K\u00fcnstler sie voller Humor und Nostalgie besingen, wie Sie in den folgenden Videos sicher sehen werden\u2026<\/p>\n<h2><strong>J\u00fcdische Musik u<\/strong><strong>n<\/strong><strong>d K\u00fcche<\/strong><\/h2>\n<p><iframe title=\"Yiddish music and cuisine (English Version)\" width=\"640\" height=\"480\" src=\"https:\/\/www.youtube.com\/embed\/0lXnDF0YtdU?feature=oembed\" frameborder=\"0\" allow=\"accelerometer; autoplay; clipboard-write; encrypted-media; gyroscope; picture-in-picture; web-share\" referrerpolicy=\"strict-origin-when-cross-origin\" allowfullscreen><\/iframe><\/p>\n<p>Folgende Ausz\u00fcge:<br \/>\n<strong>00:08<\/strong> Gefilte Fish &#8211; Henri Gerro<br \/>\n<strong>01:19<\/strong> La carpe farcie (auf ein Schubert-Lied) &#8211; Cyrille Gerstenhaber<br \/>\n<strong>02:20<\/strong> Bulbes &#8211; Lilliana Treves Alcalay<br \/>\n<strong>04:40<\/strong> Pierozki-varnitchkes &#8211; Ino Toper<\/p>\n<h2><strong>Jud\u00e4o-spanische Musik und K\u00fcche<\/strong><\/h2>\n<p><iframe src=\"https:\/\/www.youtube.com\/embed\/O0jm6kTsEbY\" width=\"560\" height=\"315\" frameborder=\"0\" allowfullscreen=\"allowfullscreen\"><\/iframe><\/p>\n<p>Folgende Ausz\u00fcge:<br \/>\n<strong>00:18<\/strong> Siete modos de guizados en la berenjena &#8211; Shira U&#8217;tfila<br \/>\n<strong>01:53<\/strong> El festin de hanuk\u00e0h &#8211; Berta Aguado<br \/>\n<strong>03:12<\/strong> Oy que buena ke fue la ora &#8211; Judith Cohen<br \/>\n<strong>04:36 <\/strong> Una Muchacha en Selanica &#8211; H\u00e9l\u00e8ne Engel<\/p>\n<h2><strong>Orientalische Musik und K\u00fcche<\/strong><\/h2>\n<p><iframe src=\"https:\/\/www.youtube.com\/embed\/bWJqu7LlKjM\" width=\"560\" height=\"315\" frameborder=\"0\" allowfullscreen=\"allowfullscreen\"><\/iframe><\/p>\n<p>Folgende Ausz\u00fcge:<br \/>\n<strong>00:18<\/strong> Fais-moi du couscous ch\u00e9ri &#8211; Bob Azzam<br \/>\n<strong>02:15<\/strong> Les merguez &#8211; Blond Blond<br \/>\n<strong>04:23<\/strong> Oran Oran &#8211; Maurice El Medioni<br \/>\n<strong>07:18<\/strong> Velanou iech falafel &#8211; Barukh Nadav<\/p>\n<p><a href=\"https:\/\/www.iemj.org\/de\/cuisine-et-musique-juives\/\" target=\"_blank\" rel=\"noopener\">Schauen Sie sich die Konferenz an: J\u00fcdische Musik und K\u00fcche (auf Franz\u00f6sisch)<\/a><\/p>\n","protected":false},"excerpt":{"rendered":"<p>Anl\u00e4sslich einer Konferenz Herv\u00e9 Rotens im CBL \u00fcber das Thema \u201eJ\u00fcdische Musik und K\u00fcche\u201c in der jiddischen, jud\u00e4o-spanischen und in der orientalischen Tradition, hat das IEMJ drei humoristische Filme produziert.<\/p>\n","protected":false},"author":1052,"featured_media":66482,"comment_status":"closed","ping_status":"open","sticky":false,"template":"","format":"standard","meta":{"_acf_changed":false,"footnotes":""},"categories":[1533],"tags":[],"technique":[],"squelettes":[],"sujet":[],"formation":[],"genre":[1888,1914,1864],"fonds":[],"tradition":[],"type-de-contenu":[],"interprete-compositeur":[],"frise":[],"type-devenement":[],"tableaux-liens-externes":[],"class_list":["post-66481","post","type-post","status-publish","format-standard","has-post-thumbnail","hentry","category-fernsehsendungen-videos-de","genre-judaisch-spanisch-de","genre-oriental-de","genre-yiddish-de"],"acf":[],"yoast_head":"<!-- This site is optimized with the Yoast SEO plugin v27.3 - https:\/\/yoast.com\/product\/yoast-seo-wordpress\/ -->\n<title>J\u00fcdische Musik und K\u00fcche - Institut Europ\u00e9en des Musiques Juives<\/title>\n<meta name=\"robots\" content=\"index, follow, max-snippet:-1, max-image-preview:large, max-video-preview:-1\" \/>\n<link rel=\"canonical\" href=\"https:\/\/www.iemj.org\/de\/videos-musique-et-cuisine-juives\/\" \/>\n<meta property=\"og:locale\" content=\"de_DE\" \/>\n<meta property=\"og:type\" content=\"article\" \/>\n<meta property=\"og:title\" content=\"J\u00fcdische Musik und K\u00fcche - Institut Europ\u00e9en des Musiques Juives\" \/>\n<meta property=\"og:description\" content=\"Anl\u00e4sslich einer Konferenz Herv\u00e9 Rotens im CBL \u00fcber das Thema \u201eJ\u00fcdische Musik und K\u00fcche\u201c in der jiddischen, jud\u00e4o-spanischen und in der orientalischen Tradition, hat das IEMJ drei humoristische Filme produziert.\" \/>\n<meta property=\"og:url\" content=\"https:\/\/www.iemj.org\/de\/videos-musique-et-cuisine-juives\/\" \/>\n<meta property=\"og:site_name\" content=\"Institut Europ\u00e9en des Musiques Juives\" \/>\n<meta property=\"article:publisher\" content=\"https:\/\/www.facebook.com\/MusiquesJuives\/\" \/>\n<meta property=\"article:published_time\" content=\"2019-06-25T14:46:45+00:00\" \/>\n<meta property=\"article:modified_time\" content=\"2022-01-11T12:49:56+00:00\" \/>\n<meta property=\"og:image\" content=\"https:\/\/www.iemj.org\/wp-content\/uploads\/2019\/06\/arton4231-e1617278813628.jpg\" \/>\n\t<meta property=\"og:image:width\" content=\"350\" \/>\n\t<meta property=\"og:image:height\" content=\"329\" \/>\n\t<meta property=\"og:image:type\" content=\"image\/jpeg\" \/>\n<meta name=\"author\" content=\"Lea Couderc\" \/>\n<meta name=\"twitter:card\" content=\"summary_large_image\" \/>\n<meta name=\"twitter:label1\" content=\"Verfasst von\" \/>\n\t<meta name=\"twitter:data1\" content=\"Lea Couderc\" \/>\n\t<meta name=\"twitter:label2\" content=\"Gesch\u00e4tzte Lesezeit\" \/>\n\t<meta name=\"twitter:data2\" content=\"2\u00a0Minuten\" \/>\n<script type=\"application\/ld+json\" class=\"yoast-schema-graph\">{\"@context\":\"https:\\\/\\\/schema.org\",\"@graph\":[{\"@type\":\"Article\",\"@id\":\"https:\\\/\\\/www.iemj.org\\\/de\\\/videos-musique-et-cuisine-juives\\\/#article\",\"isPartOf\":{\"@id\":\"https:\\\/\\\/www.iemj.org\\\/de\\\/videos-musique-et-cuisine-juives\\\/\"},\"author\":{\"name\":\"Lea Couderc\",\"@id\":\"https:\\\/\\\/www.iemj.org\\\/de\\\/#\\\/schema\\\/person\\\/e2ad57f2c4be119c7ed8ab79036807a9\"},\"headline\":\"J\u00fcdische Musik und K\u00fcche\",\"datePublished\":\"2019-06-25T14:46:45+00:00\",\"dateModified\":\"2022-01-11T12:49:56+00:00\",\"mainEntityOfPage\":{\"@id\":\"https:\\\/\\\/www.iemj.org\\\/de\\\/videos-musique-et-cuisine-juives\\\/\"},\"wordCount\":317,\"publisher\":{\"@id\":\"https:\\\/\\\/www.iemj.org\\\/de\\\/#organization\"},\"image\":{\"@id\":\"https:\\\/\\\/www.iemj.org\\\/de\\\/videos-musique-et-cuisine-juives\\\/#primaryimage\"},\"thumbnailUrl\":\"https:\\\/\\\/www.iemj.org\\\/wp-content\\\/uploads\\\/2019\\\/06\\\/arton4231-e1617278813628.jpg\",\"articleSection\":[\"Fernsehsendungen \\\/ Videos\"],\"inLanguage\":\"de\"},{\"@type\":\"WebPage\",\"@id\":\"https:\\\/\\\/www.iemj.org\\\/de\\\/videos-musique-et-cuisine-juives\\\/\",\"url\":\"https:\\\/\\\/www.iemj.org\\\/de\\\/videos-musique-et-cuisine-juives\\\/\",\"name\":\"J\u00fcdische Musik und K\u00fcche - Institut Europ\u00e9en des Musiques Juives\",\"isPartOf\":{\"@id\":\"https:\\\/\\\/www.iemj.org\\\/de\\\/#website\"},\"primaryImageOfPage\":{\"@id\":\"https:\\\/\\\/www.iemj.org\\\/de\\\/videos-musique-et-cuisine-juives\\\/#primaryimage\"},\"image\":{\"@id\":\"https:\\\/\\\/www.iemj.org\\\/de\\\/videos-musique-et-cuisine-juives\\\/#primaryimage\"},\"thumbnailUrl\":\"https:\\\/\\\/www.iemj.org\\\/wp-content\\\/uploads\\\/2019\\\/06\\\/arton4231-e1617278813628.jpg\",\"datePublished\":\"2019-06-25T14:46:45+00:00\",\"dateModified\":\"2022-01-11T12:49:56+00:00\",\"breadcrumb\":{\"@id\":\"https:\\\/\\\/www.iemj.org\\\/de\\\/videos-musique-et-cuisine-juives\\\/#breadcrumb\"},\"inLanguage\":\"de\",\"potentialAction\":[{\"@type\":\"ReadAction\",\"target\":[\"https:\\\/\\\/www.iemj.org\\\/de\\\/videos-musique-et-cuisine-juives\\\/\"]}]},{\"@type\":\"ImageObject\",\"inLanguage\":\"de\",\"@id\":\"https:\\\/\\\/www.iemj.org\\\/de\\\/videos-musique-et-cuisine-juives\\\/#primaryimage\",\"url\":\"https:\\\/\\\/www.iemj.org\\\/wp-content\\\/uploads\\\/2019\\\/06\\\/arton4231-e1617278813628.jpg\",\"contentUrl\":\"https:\\\/\\\/www.iemj.org\\\/wp-content\\\/uploads\\\/2019\\\/06\\\/arton4231-e1617278813628.jpg\",\"width\":350,\"height\":329},{\"@type\":\"BreadcrumbList\",\"@id\":\"https:\\\/\\\/www.iemj.org\\\/de\\\/videos-musique-et-cuisine-juives\\\/#breadcrumb\",\"itemListElement\":[{\"@type\":\"ListItem\",\"position\":1,\"name\":\"Accueil\",\"item\":\"https:\\\/\\\/www.iemj.org\\\/de\\\/\"},{\"@type\":\"ListItem\",\"position\":2,\"name\":\"J\u00fcdische Musik und K\u00fcche\"}]},{\"@type\":\"WebSite\",\"@id\":\"https:\\\/\\\/www.iemj.org\\\/de\\\/#website\",\"url\":\"https:\\\/\\\/www.iemj.org\\\/de\\\/\",\"name\":\"Institut Europ\u00e9en des Musiques Juives\",\"description\":\"Des traditions musicales \u00e0 la port\u00e9e de tous\",\"publisher\":{\"@id\":\"https:\\\/\\\/www.iemj.org\\\/de\\\/#organization\"},\"potentialAction\":[{\"@type\":\"SearchAction\",\"target\":{\"@type\":\"EntryPoint\",\"urlTemplate\":\"https:\\\/\\\/www.iemj.org\\\/de\\\/?s={search_term_string}\"},\"query-input\":{\"@type\":\"PropertyValueSpecification\",\"valueRequired\":true,\"valueName\":\"search_term_string\"}}],\"inLanguage\":\"de\"},{\"@type\":\"Organization\",\"@id\":\"https:\\\/\\\/www.iemj.org\\\/de\\\/#organization\",\"name\":\"Institut Europ\u00e9en des Musiques Juives\",\"url\":\"https:\\\/\\\/www.iemj.org\\\/de\\\/\",\"logo\":{\"@type\":\"ImageObject\",\"inLanguage\":\"de\",\"@id\":\"https:\\\/\\\/www.iemj.org\\\/de\\\/#\\\/schema\\\/logo\\\/image\\\/\",\"url\":\"https:\\\/\\\/www.iemj.org\\\/wp-content\\\/uploads\\\/2021\\\/09\\\/Logo-IEMJ-Paypal.jpg\",\"contentUrl\":\"https:\\\/\\\/www.iemj.org\\\/wp-content\\\/uploads\\\/2021\\\/09\\\/Logo-IEMJ-Paypal.jpg\",\"width\":150,\"height\":50,\"caption\":\"Institut Europ\u00e9en des Musiques Juives\"},\"image\":{\"@id\":\"https:\\\/\\\/www.iemj.org\\\/de\\\/#\\\/schema\\\/logo\\\/image\\\/\"},\"sameAs\":[\"https:\\\/\\\/www.facebook.com\\\/MusiquesJuives\\\/\",\"https:\\\/\\\/www.instagram.com\\\/musiquesjuives\\\/\",\"https:\\\/\\\/www.youtube.com\\\/user\\\/musiquesjuives\"]},{\"@type\":\"Person\",\"@id\":\"https:\\\/\\\/www.iemj.org\\\/de\\\/#\\\/schema\\\/person\\\/e2ad57f2c4be119c7ed8ab79036807a9\",\"name\":\"Lea Couderc\",\"image\":{\"@type\":\"ImageObject\",\"inLanguage\":\"de\",\"@id\":\"https:\\\/\\\/secure.gravatar.com\\\/avatar\\\/46ee021475d60aeff17a7e490b79dea5a5684bb392ab7fd1494027411df8ba23?s=96&d=mm&r=g\",\"url\":\"https:\\\/\\\/secure.gravatar.com\\\/avatar\\\/46ee021475d60aeff17a7e490b79dea5a5684bb392ab7fd1494027411df8ba23?s=96&d=mm&r=g\",\"contentUrl\":\"https:\\\/\\\/secure.gravatar.com\\\/avatar\\\/46ee021475d60aeff17a7e490b79dea5a5684bb392ab7fd1494027411df8ba23?s=96&d=mm&r=g\",\"caption\":\"Lea Couderc\"}}]}<\/script>\n<!-- \/ Yoast SEO plugin. -->","yoast_head_json":{"title":"J\u00fcdische Musik und K\u00fcche - Institut Europ\u00e9en des Musiques Juives","robots":{"index":"index","follow":"follow","max-snippet":"max-snippet:-1","max-image-preview":"max-image-preview:large","max-video-preview":"max-video-preview:-1"},"canonical":"https:\/\/www.iemj.org\/de\/videos-musique-et-cuisine-juives\/","og_locale":"de_DE","og_type":"article","og_title":"J\u00fcdische Musik und K\u00fcche - Institut Europ\u00e9en des Musiques Juives","og_description":"Anl\u00e4sslich einer Konferenz Herv\u00e9 Rotens im CBL \u00fcber das Thema \u201eJ\u00fcdische Musik und K\u00fcche\u201c in der jiddischen, jud\u00e4o-spanischen und in der orientalischen Tradition, hat das IEMJ drei humoristische Filme produziert.","og_url":"https:\/\/www.iemj.org\/de\/videos-musique-et-cuisine-juives\/","og_site_name":"Institut Europ\u00e9en des Musiques Juives","article_publisher":"https:\/\/www.facebook.com\/MusiquesJuives\/","article_published_time":"2019-06-25T14:46:45+00:00","article_modified_time":"2022-01-11T12:49:56+00:00","og_image":[{"width":350,"height":329,"url":"https:\/\/www.iemj.org\/wp-content\/uploads\/2019\/06\/arton4231-e1617278813628.jpg","type":"image\/jpeg"}],"author":"Lea Couderc","twitter_card":"summary_large_image","twitter_misc":{"Verfasst von":"Lea Couderc","Gesch\u00e4tzte Lesezeit":"2\u00a0Minuten"},"schema":{"@context":"https:\/\/schema.org","@graph":[{"@type":"Article","@id":"https:\/\/www.iemj.org\/de\/videos-musique-et-cuisine-juives\/#article","isPartOf":{"@id":"https:\/\/www.iemj.org\/de\/videos-musique-et-cuisine-juives\/"},"author":{"name":"Lea Couderc","@id":"https:\/\/www.iemj.org\/de\/#\/schema\/person\/e2ad57f2c4be119c7ed8ab79036807a9"},"headline":"J\u00fcdische Musik und K\u00fcche","datePublished":"2019-06-25T14:46:45+00:00","dateModified":"2022-01-11T12:49:56+00:00","mainEntityOfPage":{"@id":"https:\/\/www.iemj.org\/de\/videos-musique-et-cuisine-juives\/"},"wordCount":317,"publisher":{"@id":"https:\/\/www.iemj.org\/de\/#organization"},"image":{"@id":"https:\/\/www.iemj.org\/de\/videos-musique-et-cuisine-juives\/#primaryimage"},"thumbnailUrl":"https:\/\/www.iemj.org\/wp-content\/uploads\/2019\/06\/arton4231-e1617278813628.jpg","articleSection":["Fernsehsendungen \/ Videos"],"inLanguage":"de"},{"@type":"WebPage","@id":"https:\/\/www.iemj.org\/de\/videos-musique-et-cuisine-juives\/","url":"https:\/\/www.iemj.org\/de\/videos-musique-et-cuisine-juives\/","name":"J\u00fcdische Musik und K\u00fcche - Institut Europ\u00e9en des Musiques Juives","isPartOf":{"@id":"https:\/\/www.iemj.org\/de\/#website"},"primaryImageOfPage":{"@id":"https:\/\/www.iemj.org\/de\/videos-musique-et-cuisine-juives\/#primaryimage"},"image":{"@id":"https:\/\/www.iemj.org\/de\/videos-musique-et-cuisine-juives\/#primaryimage"},"thumbnailUrl":"https:\/\/www.iemj.org\/wp-content\/uploads\/2019\/06\/arton4231-e1617278813628.jpg","datePublished":"2019-06-25T14:46:45+00:00","dateModified":"2022-01-11T12:49:56+00:00","breadcrumb":{"@id":"https:\/\/www.iemj.org\/de\/videos-musique-et-cuisine-juives\/#breadcrumb"},"inLanguage":"de","potentialAction":[{"@type":"ReadAction","target":["https:\/\/www.iemj.org\/de\/videos-musique-et-cuisine-juives\/"]}]},{"@type":"ImageObject","inLanguage":"de","@id":"https:\/\/www.iemj.org\/de\/videos-musique-et-cuisine-juives\/#primaryimage","url":"https:\/\/www.iemj.org\/wp-content\/uploads\/2019\/06\/arton4231-e1617278813628.jpg","contentUrl":"https:\/\/www.iemj.org\/wp-content\/uploads\/2019\/06\/arton4231-e1617278813628.jpg","width":350,"height":329},{"@type":"BreadcrumbList","@id":"https:\/\/www.iemj.org\/de\/videos-musique-et-cuisine-juives\/#breadcrumb","itemListElement":[{"@type":"ListItem","position":1,"name":"Accueil","item":"https:\/\/www.iemj.org\/de\/"},{"@type":"ListItem","position":2,"name":"J\u00fcdische Musik und K\u00fcche"}]},{"@type":"WebSite","@id":"https:\/\/www.iemj.org\/de\/#website","url":"https:\/\/www.iemj.org\/de\/","name":"Institut Europ\u00e9en des Musiques Juives","description":"Des traditions musicales \u00e0 la port\u00e9e de tous","publisher":{"@id":"https:\/\/www.iemj.org\/de\/#organization"},"potentialAction":[{"@type":"SearchAction","target":{"@type":"EntryPoint","urlTemplate":"https:\/\/www.iemj.org\/de\/?s={search_term_string}"},"query-input":{"@type":"PropertyValueSpecification","valueRequired":true,"valueName":"search_term_string"}}],"inLanguage":"de"},{"@type":"Organization","@id":"https:\/\/www.iemj.org\/de\/#organization","name":"Institut Europ\u00e9en des Musiques Juives","url":"https:\/\/www.iemj.org\/de\/","logo":{"@type":"ImageObject","inLanguage":"de","@id":"https:\/\/www.iemj.org\/de\/#\/schema\/logo\/image\/","url":"https:\/\/www.iemj.org\/wp-content\/uploads\/2021\/09\/Logo-IEMJ-Paypal.jpg","contentUrl":"https:\/\/www.iemj.org\/wp-content\/uploads\/2021\/09\/Logo-IEMJ-Paypal.jpg","width":150,"height":50,"caption":"Institut Europ\u00e9en des Musiques Juives"},"image":{"@id":"https:\/\/www.iemj.org\/de\/#\/schema\/logo\/image\/"},"sameAs":["https:\/\/www.facebook.com\/MusiquesJuives\/","https:\/\/www.instagram.com\/musiquesjuives\/","https:\/\/www.youtube.com\/user\/musiquesjuives"]},{"@type":"Person","@id":"https:\/\/www.iemj.org\/de\/#\/schema\/person\/e2ad57f2c4be119c7ed8ab79036807a9","name":"Lea Couderc","image":{"@type":"ImageObject","inLanguage":"de","@id":"https:\/\/secure.gravatar.com\/avatar\/46ee021475d60aeff17a7e490b79dea5a5684bb392ab7fd1494027411df8ba23?s=96&d=mm&r=g","url":"https:\/\/secure.gravatar.com\/avatar\/46ee021475d60aeff17a7e490b79dea5a5684bb392ab7fd1494027411df8ba23?s=96&d=mm&r=g","contentUrl":"https:\/\/secure.gravatar.com\/avatar\/46ee021475d60aeff17a7e490b79dea5a5684bb392ab7fd1494027411df8ba23?s=96&d=mm&r=g","caption":"Lea Couderc"}}]}},"_links":{"self":[{"href":"https:\/\/www.iemj.org\/de\/wp-json\/wp\/v2\/posts\/66481","targetHints":{"allow":["GET"]}}],"collection":[{"href":"https:\/\/www.iemj.org\/de\/wp-json\/wp\/v2\/posts"}],"about":[{"href":"https:\/\/www.iemj.org\/de\/wp-json\/wp\/v2\/types\/post"}],"author":[{"embeddable":true,"href":"https:\/\/www.iemj.org\/de\/wp-json\/wp\/v2\/users\/1052"}],"replies":[{"embeddable":true,"href":"https:\/\/www.iemj.org\/de\/wp-json\/wp\/v2\/comments?post=66481"}],"version-history":[{"count":0,"href":"https:\/\/www.iemj.org\/de\/wp-json\/wp\/v2\/posts\/66481\/revisions"}],"wp:featuredmedia":[{"embeddable":true,"href":"https:\/\/www.iemj.org\/de\/wp-json\/wp\/v2\/media\/66482"}],"wp:attachment":[{"href":"https:\/\/www.iemj.org\/de\/wp-json\/wp\/v2\/media?parent=66481"}],"wp:term":[{"taxonomy":"category","embeddable":true,"href":"https:\/\/www.iemj.org\/de\/wp-json\/wp\/v2\/categories?post=66481"},{"taxonomy":"post_tag","embeddable":true,"href":"https:\/\/www.iemj.org\/de\/wp-json\/wp\/v2\/tags?post=66481"},{"taxonomy":"technique","embeddable":true,"href":"https:\/\/www.iemj.org\/de\/wp-json\/wp\/v2\/technique?post=66481"},{"taxonomy":"squelettes","embeddable":true,"href":"https:\/\/www.iemj.org\/de\/wp-json\/wp\/v2\/squelettes?post=66481"},{"taxonomy":"sujet","embeddable":true,"href":"https:\/\/www.iemj.org\/de\/wp-json\/wp\/v2\/sujet?post=66481"},{"taxonomy":"formation","embeddable":true,"href":"https:\/\/www.iemj.org\/de\/wp-json\/wp\/v2\/formation?post=66481"},{"taxonomy":"genre","embeddable":true,"href":"https:\/\/www.iemj.org\/de\/wp-json\/wp\/v2\/genre?post=66481"},{"taxonomy":"fonds","embeddable":true,"href":"https:\/\/www.iemj.org\/de\/wp-json\/wp\/v2\/fonds?post=66481"},{"taxonomy":"tradition","embeddable":true,"href":"https:\/\/www.iemj.org\/de\/wp-json\/wp\/v2\/tradition?post=66481"},{"taxonomy":"type-de-contenu","embeddable":true,"href":"https:\/\/www.iemj.org\/de\/wp-json\/wp\/v2\/type-de-contenu?post=66481"},{"taxonomy":"interprete-compositeur","embeddable":true,"href":"https:\/\/www.iemj.org\/de\/wp-json\/wp\/v2\/interprete-compositeur?post=66481"},{"taxonomy":"frise","embeddable":true,"href":"https:\/\/www.iemj.org\/de\/wp-json\/wp\/v2\/frise?post=66481"},{"taxonomy":"type-devenement","embeddable":true,"href":"https:\/\/www.iemj.org\/de\/wp-json\/wp\/v2\/type-devenement?post=66481"},{"taxonomy":"tableaux-liens-externes","embeddable":true,"href":"https:\/\/www.iemj.org\/de\/wp-json\/wp\/v2\/tableaux-liens-externes?post=66481"}],"curies":[{"name":"wp","href":"https:\/\/api.w.org\/{rel}","templated":true}]}}