{"id":68573,"date":"2021-02-15T14:40:17","date_gmt":"2021-02-15T13:40:17","guid":{"rendered":"https:\/\/www.iemj.org\/les-chants-de-shabbat-dans-les-rites-comtadin-et-portugais\/"},"modified":"2024-02-15T17:38:03","modified_gmt":"2024-02-15T16:38:03","slug":"les-chants-de-shabbat-dans-les-rites-comtadin-et-portugais","status":"publish","type":"post","link":"https:\/\/www.iemj.org\/de\/les-chants-de-shabbat-dans-les-rites-comtadin-et-portugais\/","title":{"rendered":"DIE SABBATLIEDER IM COMTADINER UND IM PORTUGIESISCHEN RITUS"},"content":{"rendered":"<p><strong>Eine Auswahl an SabbatLiedern aus den Gemeinschaften des portugiesischen Ritus (Amsterdam, London, Paris, Bordeaux, Bayonne, New York, Cura\u00e7ao\u2026) und des Comtat Venaissin, dargeboten von Abraham Lopes Cardoso, Shimon Haliwa, Eliezer Abinun, Adolphe Attia, Malkiel Benamara, Gilbert L\u00e9on und vielen anderen<\/strong><\/p>\n<p>Der Sabbat ist ein Ruhetag und eine Institution des j\u00fcdischen Lebens. Die Lieder, welche diesen besonderen Tag untermalen, spielen dabei eine wichtige Rolle. Sei es in er Synagoge mit den f\u00fcnf Gottesdiensten von <em>Kabbalat Schabbat<\/em> bis <em>Motsei Schabbat <\/em>oder zu Hause mit Ritualen, wie dem Anz\u00fcnden der Kerzen, dem <em>Kiddusch<\/em> (Segen des Weins) am Freitagabend, dem <a href=\"https:\/\/de.wikipedia.org\/wiki\/Birkat_Hamason\" target=\"_blank\" rel=\"noopener\"><em>Birkat Hamason<\/em><\/a> (Tischgebet, das nach dem Essen gesprochen wird) oder auch der <a href=\"https:\/\/de.wikipedia.org\/wiki\/Hawdala\" target=\"_blank\" rel=\"noopener\"><em>Hawdala<\/em><\/a> (letzer <em>Kiddusch<\/em>, welcher den Sabbat abschlie\u00dft). Es ist au\u00dferdem auch \u00fcblich, w\u00e4hrend der vier Sabbat-Mahlzeiten zahlreiche religi\u00f6se Gedichte die <em>Zemirot <\/em>(bei den chassidischen Juden auch Tish Nigunim) genannt werden, zu singen.<\/p>\n<p>Der Sabbat erm\u00f6glicht es so seine innere Stimme durch seine \u00e4u\u00dfere Stimme zu finden.<\/p>\n<p>Auf der folgenden Playlist ist eine Auswahl an Sabbat-Liedern des comtadiner und des portugiesischen Ritus zu h\u00f6ren.<\/p>\n<p>Die Juden des <a href=\"https:\/\/de.wikipedia.org\/wiki\/Comtat_Venaissin\" target=\"_blank\" rel=\"noopener\">Comtat Venaissin<\/a> (Capentras, Avignon, Cavallon und L\u2019Isle-sur-la-Sorgue), von denen es zu keiner Zeit mehr als zweitausend gab, stammen von den Juden aus dem Languedoc und der Provence ab, welche im 14. und im 15. Jahrhundert aus dem K\u00f6nigreich Frankreich vertrieben wurden. Deshalb ist auch der ihrige Ritus am tiefsten im franz\u00f6sischen Boden verwurzelt. Anthologien, zun\u00e4chst in handschriftlicher, dann im 18. Jahrhundert auch in gedruckter Form, bewahrten die gebr\u00e4uchlichen Gebete. Die Lieder hingegen wurden nur in m\u00fcndlicher Form \u00fcberliefert und w\u00e4ren unwiederbringlich verloren gegangen, wenn nicht 1885, auf Initiative des Oberrabbiners Jonas Weyl und des Consistoire isra\u00e9lite de Marseille, zwei Israeliten aus Aix-en-Provence, Jules-Salomon und Mardoch\u00e9e Cr\u00e9mieu, sie nicht von den letzten praktizierenden Kantoren \u00fcberliefert und in einem Buch mit dem Namen <em>Chants h\u00e9bra\u00efques suivant le rite des communaut\u00e9s isra\u00e9lites de l\u2019ancien Comtat Venaissin <\/em>gesammelt h\u00e4tten.<\/p>\n<p>Der portugiesische Ritus (wird auch \u201ehispano-portugiesischer Ritus\u201c genannt) ist mit der Geschichte der Marranen verbunden, den Juden, welche 1391 zwangsweise zum Christentum bekehrt wurden. Nach der Verfolgung durch die spanische und portugiesische Inquisition von 1481 und 1536, schlossen sich mehrere hundert Marranen bestehenden j\u00fcdischen Gemeinschaften (z.B. den Gemeinschaften von Amsterdam, Livorno oder Hamburg) an und kehrten somit \u00f6ffentlich zum Judaismus zur\u00fcck. Andere lie\u00dfen sich Mitte des 16. Jahrhunderts zun\u00e4chst in Bordeaux, dann auch in der Region von Bayonne nieder. Anschlie\u00dfend kam es zu einem \u2013 vor allem kommerziellen \u2013 Austausch zwischen den verschiedenen portugiesischen Gemeinschaften, die Praktizierung dieses Ritus verbreitete sich bis nach New York und in die niederl\u00e4ndischen Kolonien von Cura\u00e7ao.<\/p>\n<p>Anzumerken ist, dass der Gro\u00dfteil der St\u00fccke dieser Playlist zum Zweck der Aufnahme von Musikinstrumenten begleitet wurden, was am Sabbat in den meisten Synagogen nicht der Fall ist. Unter den St\u00fccken befinden sich auch portugiesische Melodien, welche von der westlichen Musik des 18. und 19. Jahrhunderts beeinflusst wurden.<\/p>\n<p><a href=\"https:\/\/www.iemj.org\/de\/les-chants-de-shabbat\/\" target=\"_blank\" rel=\"noopener\">Lesen Sie den Artikel \u00fcber die SabbatLieder<\/a><br \/><a href=\"https:\/\/www.iemj.org\/de\/les-traditions-musicales-judeo-portugaises-en-france-2\/\" target=\"_blank\" rel=\"noopener\">Erfahren Sie mehr \u00fcber die jud\u00e4o-portugiesischen Musiktraditionen in Frankreich<\/a><br \/><a href=\"https:\/\/www.iemj.org\/de\/produit\/musiques-judeo-francaises-des-xviiie-et-xixe-siecles\/\" target=\"_blank\" rel=\"noopener\">Bestellen Sie die CD Musiques jud\u00e9o-fran\u00e7aises de XVIIIe et XIXe si\u00e8cles<\/a><br \/><a href=\"https:\/\/www.iemj.org\/de\/produit\/musiques-de-la-synagogue-de-bordeaux\/\" target=\"_blank\" rel=\"noopener\">Bestellen Sie die CD Musiques de la synagogue de Bordeaux (rite portugais)<\/a><\/p>\n\n\n<figure class=\"wp-block-image size-large\"><img fetchpriority=\"high\" decoding=\"async\" width=\"1024\" height=\"146\" src=\"https:\/\/www.iemj.org\/wp-content\/uploads\/2023\/01\/Bandeau-Playlist_DE2-1024x146.jpg\" alt=\"\" class=\"wp-image-93110\" srcset=\"https:\/\/www.iemj.org\/wp-content\/uploads\/2023\/01\/Bandeau-Playlist_DE2-1024x146.jpg 1024w, https:\/\/www.iemj.org\/wp-content\/uploads\/2023\/01\/Bandeau-Playlist_DE2-300x43.jpg 300w, https:\/\/www.iemj.org\/wp-content\/uploads\/2023\/01\/Bandeau-Playlist_DE2-768x110.jpg 768w, https:\/\/www.iemj.org\/wp-content\/uploads\/2023\/01\/Bandeau-Playlist_DE2-1536x220.jpg 1536w, https:\/\/www.iemj.org\/wp-content\/uploads\/2023\/01\/Bandeau-Playlist_DE2-600x86.jpg 600w, https:\/\/www.iemj.org\/wp-content\/uploads\/2023\/01\/Bandeau-Playlist_DE2.jpg 1608w\" sizes=\"(max-width: 1024px) 100vw, 1024px\" \/><\/figure>\n\n\n\n<div class=\"wp-block-file\"><a id=\"wp-block-file--media-72f65ecf-af8d-4d45-94db-fafe46d83002\" href=\"https:\/\/www.iemj.org\/wp-content\/uploads\/2021\/02\/01_lekha_dodi_adolphe_attia_rite_comtadin_.mp3\">Lekha dodi &#8211; Adolphe Attia (rite comtadin)<\/a><\/div>\n\n\n\n<div class=\"wp-block-file\"><a id=\"wp-block-file--media-aca6e496-5134-4704-9d14-1ea4ea154bc4\" href=\"https:\/\/www.iemj.org\/wp-content\/uploads\/2021\/02\/02_yitgadal_kaddish__adolphe_attia_rite_comtadin_.mp3\">Yitgadal (Kaddish) &#8211; Adolphe Attia (rite comtadin)<\/a><\/div>\n\n\n\n<div class=\"wp-block-file\"><a id=\"wp-block-file--media-90e0e672-f431-4ab2-a4d6-0aa4c65dc103\" href=\"https:\/\/www.iemj.org\/wp-content\/uploads\/2021\/02\/03_az_yachir_mocheh_adolphe_attia_rite_comtadin_.mp3\">Az yachir Mocheh &#8211; Adolphe Attia (rite comtadin) <\/a><\/div>\n\n\n\n<div class=\"wp-block-file\"><a id=\"wp-block-file--media-951ee12e-4641-4a58-a566-ced7efe5382a\" href=\"https:\/\/www.iemj.org\/wp-content\/uploads\/2021\/02\/04_tsour_michelo_nekouda_corinne_drai_et_alain_huet_rite_comtadin_extrait_.mp3\">Tsour michelo &#8211; Nekouda : Corinne Drai et Alain Huet (rite comtadin) (Extrait)<\/a><\/div>\n\n\n\n<div class=\"wp-block-file\"><a id=\"wp-block-file--media-1a365b14-75fd-4fe1-90ca-7eb000b26270\" href=\"https:\/\/www.iemj.org\/wp-content\/uploads\/2021\/02\/05_hamake_partie_du_emet_choeur_orf_o_rite_portugais_bayonne_extrait_.mp3\">Hamake (partie du Emet) &#8211; Choeur Orf\u00e9o (rite portugais, Bayonne) (Extrait)<\/a><\/div>\n\n\n\n<div class=\"wp-block-file\"><a id=\"wp-block-file--media-d9cc9275-dc26-46ac-972a-39330a3914c1\" href=\"https:\/\/www.iemj.org\/wp-content\/uploads\/2021\/02\/06_raou_banim_emile_jonas_malkiel_benamara_et_adolphe_attia_rite_portugais_paris_.mp3\">Raou banim &#8211; Emile Jonas &#8211; Malkiel Benamara et Adolphe Attia (rite portugais, Paris)<\/a><\/div>\n\n\n\n<div class=\"wp-block-file\"><a id=\"wp-block-file--media-2e5cedd6-d96c-4b88-85f8-211b0d96e30c\" href=\"https:\/\/www.iemj.org\/wp-content\/uploads\/2021\/02\/07_en_kelohenu_eliezer_abinun_rite_portugais_londres_.mp3\">En Kelohenu &#8211; Eliezer Abinun (rite portugais, Londres) <\/a><\/div>\n\n\n\n<div class=\"wp-block-file\"><a id=\"wp-block-file--media-8006ef51-0abf-4654-b167-3e9add7d59d8\" href=\"https:\/\/www.iemj.org\/wp-content\/uploads\/2021\/02\/08_keter-abraham_lopes_cardozo_rite_portugais_amsterdam_new_york_extrait_.mp3\">Keter &#8211; Abraham Lopes Cardozo (rite portugais, Amsterdam, New York) (Extrait)<\/a><\/div>\n\n\n\n<div class=\"wp-block-file\"><a id=\"wp-block-file--media-dd05f055-0edc-49b6-98c5-9d354f310039\" href=\"https:\/\/www.iemj.org\/wp-content\/uploads\/2021\/02\/09_yom_hashishi-abraham_lopes_cardozo_rite_portugais_amsterdam_new_york_.mp3\">Yom Hashishi &#8211; Abraham Lopes Cardozo (rite portugais, Amsterdam, New York)<\/a><\/div>\n\n\n\n<div class=\"wp-block-file\"><a id=\"wp-block-file--media-9ce7288d-e4b3-48da-9680-156f6eb95010\" href=\"https:\/\/www.iemj.org\/wp-content\/uploads\/2021\/02\/10_kiddoush_du_vendredi_soir_gilbert_l_on_rite_portugais_bordeaux_.mp3\">Kiddoush du vendredi soir &#8211; Gilbert L\u00e9on (rite portugais, Bordeaux)<\/a><\/div>\n\n\n\n<div class=\"wp-block-file\"><a id=\"wp-block-file--media-27393656-3379-4374-b455-38bf99f424a5\" href=\"https:\/\/www.iemj.org\/wp-content\/uploads\/2021\/02\/11_kamti_lehalel_shimon_haliwa_rite_portugais_amsterdam_extrait_.mp3\">Kamti lehalel &#8211; Shimon Haliwa (rite portugais, Amsterdam) (Extrait) <\/a><\/div>\n\n\n\n<div class=\"wp-block-file\"><a id=\"wp-block-file--media-98a36e59-b954-4fe2-afa2-ffd3a5f53b76\" href=\"https:\/\/www.iemj.org\/wp-content\/uploads\/2021\/02\/12_bendigamos_rite_portugais_cura_ao_.mp3\">Bendigamos (rite portugais, Cura\u00e7ao)<\/a><\/div>\n\n\n\n<div class=\"wp-block-file\"><a id=\"wp-block-file--media-eb9d7605-16e3-4003-a712-6833e74922fd\" href=\"https:\/\/www.iemj.org\/wp-content\/uploads\/2021\/02\/13_yigdal_rite_portugais_cura_ao_.mp3\">Yigdal (rite portugais, Cura\u00e7ao)<\/a><\/div>\n\n\n\n<div class=\"wp-block-file\"><a id=\"wp-block-file--media-d17e2939-8d1e-4d4e-8e67-78640e6d8ee7\" href=\"https:\/\/www.iemj.org\/wp-content\/uploads\/2021\/02\/14_lekha_dodi_rite_portugais_cura_ao_.mp3\">Lekha dodi (rite portugais, Cura\u00e7ao)<\/a><\/div>\n","protected":false},"excerpt":{"rendered":"<p>Eine Auswahl an SabbatLiedern aus den Gemeinschaften des portugiesischen Ritus (Amsterdam, London, Paris, Bordeaux, Bayonne, New York, Cura\u00e7ao\u2026) und des Comtat Venaissin, dargeboten von Abraham Lopes Cardoso, Shimon Haliwa, Eliezer<\/p>\n","protected":false},"author":1045,"featured_media":68574,"comment_status":"closed","ping_status":"closed","sticky":false,"template":"","format":"standard","meta":{"_acf_changed":false,"footnotes":""},"categories":[1534],"tags":[],"technique":[],"squelettes":[],"sujet":[1856],"formation":[],"genre":[1891],"fonds":[],"tradition":[1975,1979],"type-de-contenu":[],"interprete-compositeur":[],"frise":[],"type-devenement":[],"tableaux-liens-externes":[],"class_list":["post-68573","post","type-post","status-publish","format-standard","has-post-thumbnail","hentry","category-playlists-de","sujet-sabbat-de","genre-liturgie-de","tradition-judeo-portugiesischer-ritus-de","tradition-komtadin-ritus-de"],"acf":[],"yoast_head":"<!-- This site is optimized with the Yoast SEO plugin v27.3 - https:\/\/yoast.com\/product\/yoast-seo-wordpress\/ -->\n<title>DIE SABBATLIEDER IM COMTADINER UND IM PORTUGIESISCHEN RITUS - Institut Europ\u00e9en des Musiques Juives<\/title>\n<meta name=\"robots\" content=\"index, follow, max-snippet:-1, max-image-preview:large, max-video-preview:-1\" \/>\n<link rel=\"canonical\" href=\"https:\/\/www.iemj.org\/de\/les-chants-de-shabbat-dans-les-rites-comtadin-et-portugais\/\" \/>\n<meta property=\"og:locale\" content=\"de_DE\" \/>\n<meta property=\"og:type\" content=\"article\" \/>\n<meta property=\"og:title\" content=\"DIE SABBATLIEDER IM COMTADINER UND IM PORTUGIESISCHEN RITUS - Institut Europ\u00e9en des Musiques Juives\" \/>\n<meta property=\"og:description\" content=\"Eine Auswahl an SabbatLiedern aus den Gemeinschaften des portugiesischen Ritus (Amsterdam, London, Paris, Bordeaux, Bayonne, New York, Cura\u00e7ao\u2026) und des Comtat Venaissin, dargeboten von Abraham Lopes Cardoso, Shimon Haliwa, Eliezer\" \/>\n<meta property=\"og:url\" content=\"https:\/\/www.iemj.org\/de\/les-chants-de-shabbat-dans-les-rites-comtadin-et-portugais\/\" \/>\n<meta property=\"og:site_name\" content=\"Institut Europ\u00e9en des Musiques Juives\" \/>\n<meta property=\"article:publisher\" content=\"https:\/\/www.facebook.com\/MusiquesJuives\/\" \/>\n<meta property=\"article:published_time\" content=\"2021-02-15T13:40:17+00:00\" \/>\n<meta property=\"article:modified_time\" content=\"2024-02-15T16:38:03+00:00\" \/>\n<meta property=\"og:image\" content=\"https:\/\/www.iemj.org\/wp-content\/uploads\/2021\/02\/arton5024-e1618491688483.jpg\" \/>\n\t<meta property=\"og:image:width\" content=\"350\" \/>\n\t<meta property=\"og:image:height\" content=\"350\" \/>\n\t<meta property=\"og:image:type\" content=\"image\/jpeg\" \/>\n<meta name=\"author\" content=\"Herv\u00e9 Roten\" \/>\n<meta name=\"twitter:card\" content=\"summary_large_image\" \/>\n<meta name=\"twitter:label1\" content=\"Verfasst von\" \/>\n\t<meta name=\"twitter:data1\" content=\"Herv\u00e9 Roten\" \/>\n\t<meta name=\"twitter:label2\" content=\"Gesch\u00e4tzte Lesezeit\" \/>\n\t<meta name=\"twitter:data2\" content=\"4\u00a0Minuten\" \/>\n<script type=\"application\/ld+json\" class=\"yoast-schema-graph\">{\"@context\":\"https:\\\/\\\/schema.org\",\"@graph\":[{\"@type\":\"Article\",\"@id\":\"https:\\\/\\\/www.iemj.org\\\/de\\\/les-chants-de-shabbat-dans-les-rites-comtadin-et-portugais\\\/#article\",\"isPartOf\":{\"@id\":\"https:\\\/\\\/www.iemj.org\\\/de\\\/les-chants-de-shabbat-dans-les-rites-comtadin-et-portugais\\\/\"},\"author\":{\"name\":\"Herv\u00e9 Roten\",\"@id\":\"https:\\\/\\\/www.iemj.org\\\/de\\\/#\\\/schema\\\/person\\\/906134402c29d5c76e7b726261dd4bbd\"},\"headline\":\"DIE SABBATLIEDER IM COMTADINER UND IM PORTUGIESISCHEN RITUS\",\"datePublished\":\"2021-02-15T13:40:17+00:00\",\"dateModified\":\"2024-02-15T16:38:03+00:00\",\"mainEntityOfPage\":{\"@id\":\"https:\\\/\\\/www.iemj.org\\\/de\\\/les-chants-de-shabbat-dans-les-rites-comtadin-et-portugais\\\/\"},\"wordCount\":673,\"publisher\":{\"@id\":\"https:\\\/\\\/www.iemj.org\\\/de\\\/#organization\"},\"image\":{\"@id\":\"https:\\\/\\\/www.iemj.org\\\/de\\\/les-chants-de-shabbat-dans-les-rites-comtadin-et-portugais\\\/#primaryimage\"},\"thumbnailUrl\":\"https:\\\/\\\/www.iemj.org\\\/wp-content\\\/uploads\\\/2021\\\/02\\\/arton5024-e1618491688483.jpg\",\"articleSection\":[\"Playlists\"],\"inLanguage\":\"de\"},{\"@type\":\"WebPage\",\"@id\":\"https:\\\/\\\/www.iemj.org\\\/de\\\/les-chants-de-shabbat-dans-les-rites-comtadin-et-portugais\\\/\",\"url\":\"https:\\\/\\\/www.iemj.org\\\/de\\\/les-chants-de-shabbat-dans-les-rites-comtadin-et-portugais\\\/\",\"name\":\"DIE SABBATLIEDER IM COMTADINER UND IM PORTUGIESISCHEN RITUS - Institut Europ\u00e9en des Musiques Juives\",\"isPartOf\":{\"@id\":\"https:\\\/\\\/www.iemj.org\\\/de\\\/#website\"},\"primaryImageOfPage\":{\"@id\":\"https:\\\/\\\/www.iemj.org\\\/de\\\/les-chants-de-shabbat-dans-les-rites-comtadin-et-portugais\\\/#primaryimage\"},\"image\":{\"@id\":\"https:\\\/\\\/www.iemj.org\\\/de\\\/les-chants-de-shabbat-dans-les-rites-comtadin-et-portugais\\\/#primaryimage\"},\"thumbnailUrl\":\"https:\\\/\\\/www.iemj.org\\\/wp-content\\\/uploads\\\/2021\\\/02\\\/arton5024-e1618491688483.jpg\",\"datePublished\":\"2021-02-15T13:40:17+00:00\",\"dateModified\":\"2024-02-15T16:38:03+00:00\",\"breadcrumb\":{\"@id\":\"https:\\\/\\\/www.iemj.org\\\/de\\\/les-chants-de-shabbat-dans-les-rites-comtadin-et-portugais\\\/#breadcrumb\"},\"inLanguage\":\"de\",\"potentialAction\":[{\"@type\":\"ReadAction\",\"target\":[\"https:\\\/\\\/www.iemj.org\\\/de\\\/les-chants-de-shabbat-dans-les-rites-comtadin-et-portugais\\\/\"]}]},{\"@type\":\"ImageObject\",\"inLanguage\":\"de\",\"@id\":\"https:\\\/\\\/www.iemj.org\\\/de\\\/les-chants-de-shabbat-dans-les-rites-comtadin-et-portugais\\\/#primaryimage\",\"url\":\"https:\\\/\\\/www.iemj.org\\\/wp-content\\\/uploads\\\/2021\\\/02\\\/arton5024-e1618491688483.jpg\",\"contentUrl\":\"https:\\\/\\\/www.iemj.org\\\/wp-content\\\/uploads\\\/2021\\\/02\\\/arton5024-e1618491688483.jpg\",\"width\":350,\"height\":350},{\"@type\":\"BreadcrumbList\",\"@id\":\"https:\\\/\\\/www.iemj.org\\\/de\\\/les-chants-de-shabbat-dans-les-rites-comtadin-et-portugais\\\/#breadcrumb\",\"itemListElement\":[{\"@type\":\"ListItem\",\"position\":1,\"name\":\"Accueil\",\"item\":\"https:\\\/\\\/www.iemj.org\\\/de\\\/\"},{\"@type\":\"ListItem\",\"position\":2,\"name\":\"DIE SABBATLIEDER IM COMTADINER UND IM PORTUGIESISCHEN RITUS\"}]},{\"@type\":\"WebSite\",\"@id\":\"https:\\\/\\\/www.iemj.org\\\/de\\\/#website\",\"url\":\"https:\\\/\\\/www.iemj.org\\\/de\\\/\",\"name\":\"Institut Europ\u00e9en des Musiques Juives\",\"description\":\"Des traditions musicales \u00e0 la port\u00e9e de tous\",\"publisher\":{\"@id\":\"https:\\\/\\\/www.iemj.org\\\/de\\\/#organization\"},\"potentialAction\":[{\"@type\":\"SearchAction\",\"target\":{\"@type\":\"EntryPoint\",\"urlTemplate\":\"https:\\\/\\\/www.iemj.org\\\/de\\\/?s={search_term_string}\"},\"query-input\":{\"@type\":\"PropertyValueSpecification\",\"valueRequired\":true,\"valueName\":\"search_term_string\"}}],\"inLanguage\":\"de\"},{\"@type\":\"Organization\",\"@id\":\"https:\\\/\\\/www.iemj.org\\\/de\\\/#organization\",\"name\":\"Institut Europ\u00e9en des Musiques Juives\",\"url\":\"https:\\\/\\\/www.iemj.org\\\/de\\\/\",\"logo\":{\"@type\":\"ImageObject\",\"inLanguage\":\"de\",\"@id\":\"https:\\\/\\\/www.iemj.org\\\/de\\\/#\\\/schema\\\/logo\\\/image\\\/\",\"url\":\"https:\\\/\\\/www.iemj.org\\\/wp-content\\\/uploads\\\/2021\\\/09\\\/Logo-IEMJ-Paypal.jpg\",\"contentUrl\":\"https:\\\/\\\/www.iemj.org\\\/wp-content\\\/uploads\\\/2021\\\/09\\\/Logo-IEMJ-Paypal.jpg\",\"width\":150,\"height\":50,\"caption\":\"Institut Europ\u00e9en des Musiques Juives\"},\"image\":{\"@id\":\"https:\\\/\\\/www.iemj.org\\\/de\\\/#\\\/schema\\\/logo\\\/image\\\/\"},\"sameAs\":[\"https:\\\/\\\/www.facebook.com\\\/MusiquesJuives\\\/\",\"https:\\\/\\\/www.instagram.com\\\/musiquesjuives\\\/\",\"https:\\\/\\\/www.youtube.com\\\/user\\\/musiquesjuives\"]},{\"@type\":\"Person\",\"@id\":\"https:\\\/\\\/www.iemj.org\\\/de\\\/#\\\/schema\\\/person\\\/906134402c29d5c76e7b726261dd4bbd\",\"name\":\"Herv\u00e9 Roten\",\"image\":{\"@type\":\"ImageObject\",\"inLanguage\":\"de\",\"@id\":\"https:\\\/\\\/secure.gravatar.com\\\/avatar\\\/f96ad2db538a26481f18384936b5cd0610c92d390c4dc382209216d455f685ff?s=96&d=mm&r=g\",\"url\":\"https:\\\/\\\/secure.gravatar.com\\\/avatar\\\/f96ad2db538a26481f18384936b5cd0610c92d390c4dc382209216d455f685ff?s=96&d=mm&r=g\",\"contentUrl\":\"https:\\\/\\\/secure.gravatar.com\\\/avatar\\\/f96ad2db538a26481f18384936b5cd0610c92d390c4dc382209216d455f685ff?s=96&d=mm&r=g\",\"caption\":\"Herv\u00e9 Roten\"}}]}<\/script>\n<!-- \/ Yoast SEO plugin. -->","yoast_head_json":{"title":"DIE SABBATLIEDER IM COMTADINER UND IM PORTUGIESISCHEN RITUS - Institut Europ\u00e9en des Musiques Juives","robots":{"index":"index","follow":"follow","max-snippet":"max-snippet:-1","max-image-preview":"max-image-preview:large","max-video-preview":"max-video-preview:-1"},"canonical":"https:\/\/www.iemj.org\/de\/les-chants-de-shabbat-dans-les-rites-comtadin-et-portugais\/","og_locale":"de_DE","og_type":"article","og_title":"DIE SABBATLIEDER IM COMTADINER UND IM PORTUGIESISCHEN RITUS - Institut Europ\u00e9en des Musiques Juives","og_description":"Eine Auswahl an SabbatLiedern aus den Gemeinschaften des portugiesischen Ritus (Amsterdam, London, Paris, Bordeaux, Bayonne, New York, Cura\u00e7ao\u2026) und des Comtat Venaissin, dargeboten von Abraham Lopes Cardoso, Shimon Haliwa, Eliezer","og_url":"https:\/\/www.iemj.org\/de\/les-chants-de-shabbat-dans-les-rites-comtadin-et-portugais\/","og_site_name":"Institut Europ\u00e9en des Musiques Juives","article_publisher":"https:\/\/www.facebook.com\/MusiquesJuives\/","article_published_time":"2021-02-15T13:40:17+00:00","article_modified_time":"2024-02-15T16:38:03+00:00","og_image":[{"width":350,"height":350,"url":"https:\/\/www.iemj.org\/wp-content\/uploads\/2021\/02\/arton5024-e1618491688483.jpg","type":"image\/jpeg"}],"author":"Herv\u00e9 Roten","twitter_card":"summary_large_image","twitter_misc":{"Verfasst von":"Herv\u00e9 Roten","Gesch\u00e4tzte Lesezeit":"4\u00a0Minuten"},"schema":{"@context":"https:\/\/schema.org","@graph":[{"@type":"Article","@id":"https:\/\/www.iemj.org\/de\/les-chants-de-shabbat-dans-les-rites-comtadin-et-portugais\/#article","isPartOf":{"@id":"https:\/\/www.iemj.org\/de\/les-chants-de-shabbat-dans-les-rites-comtadin-et-portugais\/"},"author":{"name":"Herv\u00e9 Roten","@id":"https:\/\/www.iemj.org\/de\/#\/schema\/person\/906134402c29d5c76e7b726261dd4bbd"},"headline":"DIE SABBATLIEDER IM COMTADINER UND IM PORTUGIESISCHEN RITUS","datePublished":"2021-02-15T13:40:17+00:00","dateModified":"2024-02-15T16:38:03+00:00","mainEntityOfPage":{"@id":"https:\/\/www.iemj.org\/de\/les-chants-de-shabbat-dans-les-rites-comtadin-et-portugais\/"},"wordCount":673,"publisher":{"@id":"https:\/\/www.iemj.org\/de\/#organization"},"image":{"@id":"https:\/\/www.iemj.org\/de\/les-chants-de-shabbat-dans-les-rites-comtadin-et-portugais\/#primaryimage"},"thumbnailUrl":"https:\/\/www.iemj.org\/wp-content\/uploads\/2021\/02\/arton5024-e1618491688483.jpg","articleSection":["Playlists"],"inLanguage":"de"},{"@type":"WebPage","@id":"https:\/\/www.iemj.org\/de\/les-chants-de-shabbat-dans-les-rites-comtadin-et-portugais\/","url":"https:\/\/www.iemj.org\/de\/les-chants-de-shabbat-dans-les-rites-comtadin-et-portugais\/","name":"DIE SABBATLIEDER IM COMTADINER UND IM PORTUGIESISCHEN RITUS - Institut Europ\u00e9en des Musiques Juives","isPartOf":{"@id":"https:\/\/www.iemj.org\/de\/#website"},"primaryImageOfPage":{"@id":"https:\/\/www.iemj.org\/de\/les-chants-de-shabbat-dans-les-rites-comtadin-et-portugais\/#primaryimage"},"image":{"@id":"https:\/\/www.iemj.org\/de\/les-chants-de-shabbat-dans-les-rites-comtadin-et-portugais\/#primaryimage"},"thumbnailUrl":"https:\/\/www.iemj.org\/wp-content\/uploads\/2021\/02\/arton5024-e1618491688483.jpg","datePublished":"2021-02-15T13:40:17+00:00","dateModified":"2024-02-15T16:38:03+00:00","breadcrumb":{"@id":"https:\/\/www.iemj.org\/de\/les-chants-de-shabbat-dans-les-rites-comtadin-et-portugais\/#breadcrumb"},"inLanguage":"de","potentialAction":[{"@type":"ReadAction","target":["https:\/\/www.iemj.org\/de\/les-chants-de-shabbat-dans-les-rites-comtadin-et-portugais\/"]}]},{"@type":"ImageObject","inLanguage":"de","@id":"https:\/\/www.iemj.org\/de\/les-chants-de-shabbat-dans-les-rites-comtadin-et-portugais\/#primaryimage","url":"https:\/\/www.iemj.org\/wp-content\/uploads\/2021\/02\/arton5024-e1618491688483.jpg","contentUrl":"https:\/\/www.iemj.org\/wp-content\/uploads\/2021\/02\/arton5024-e1618491688483.jpg","width":350,"height":350},{"@type":"BreadcrumbList","@id":"https:\/\/www.iemj.org\/de\/les-chants-de-shabbat-dans-les-rites-comtadin-et-portugais\/#breadcrumb","itemListElement":[{"@type":"ListItem","position":1,"name":"Accueil","item":"https:\/\/www.iemj.org\/de\/"},{"@type":"ListItem","position":2,"name":"DIE SABBATLIEDER IM COMTADINER UND IM PORTUGIESISCHEN RITUS"}]},{"@type":"WebSite","@id":"https:\/\/www.iemj.org\/de\/#website","url":"https:\/\/www.iemj.org\/de\/","name":"Institut Europ\u00e9en des Musiques Juives","description":"Des traditions musicales \u00e0 la port\u00e9e de tous","publisher":{"@id":"https:\/\/www.iemj.org\/de\/#organization"},"potentialAction":[{"@type":"SearchAction","target":{"@type":"EntryPoint","urlTemplate":"https:\/\/www.iemj.org\/de\/?s={search_term_string}"},"query-input":{"@type":"PropertyValueSpecification","valueRequired":true,"valueName":"search_term_string"}}],"inLanguage":"de"},{"@type":"Organization","@id":"https:\/\/www.iemj.org\/de\/#organization","name":"Institut Europ\u00e9en des Musiques Juives","url":"https:\/\/www.iemj.org\/de\/","logo":{"@type":"ImageObject","inLanguage":"de","@id":"https:\/\/www.iemj.org\/de\/#\/schema\/logo\/image\/","url":"https:\/\/www.iemj.org\/wp-content\/uploads\/2021\/09\/Logo-IEMJ-Paypal.jpg","contentUrl":"https:\/\/www.iemj.org\/wp-content\/uploads\/2021\/09\/Logo-IEMJ-Paypal.jpg","width":150,"height":50,"caption":"Institut Europ\u00e9en des Musiques Juives"},"image":{"@id":"https:\/\/www.iemj.org\/de\/#\/schema\/logo\/image\/"},"sameAs":["https:\/\/www.facebook.com\/MusiquesJuives\/","https:\/\/www.instagram.com\/musiquesjuives\/","https:\/\/www.youtube.com\/user\/musiquesjuives"]},{"@type":"Person","@id":"https:\/\/www.iemj.org\/de\/#\/schema\/person\/906134402c29d5c76e7b726261dd4bbd","name":"Herv\u00e9 Roten","image":{"@type":"ImageObject","inLanguage":"de","@id":"https:\/\/secure.gravatar.com\/avatar\/f96ad2db538a26481f18384936b5cd0610c92d390c4dc382209216d455f685ff?s=96&d=mm&r=g","url":"https:\/\/secure.gravatar.com\/avatar\/f96ad2db538a26481f18384936b5cd0610c92d390c4dc382209216d455f685ff?s=96&d=mm&r=g","contentUrl":"https:\/\/secure.gravatar.com\/avatar\/f96ad2db538a26481f18384936b5cd0610c92d390c4dc382209216d455f685ff?s=96&d=mm&r=g","caption":"Herv\u00e9 Roten"}}]}},"_links":{"self":[{"href":"https:\/\/www.iemj.org\/de\/wp-json\/wp\/v2\/posts\/68573","targetHints":{"allow":["GET"]}}],"collection":[{"href":"https:\/\/www.iemj.org\/de\/wp-json\/wp\/v2\/posts"}],"about":[{"href":"https:\/\/www.iemj.org\/de\/wp-json\/wp\/v2\/types\/post"}],"author":[{"embeddable":true,"href":"https:\/\/www.iemj.org\/de\/wp-json\/wp\/v2\/users\/1045"}],"replies":[{"embeddable":true,"href":"https:\/\/www.iemj.org\/de\/wp-json\/wp\/v2\/comments?post=68573"}],"version-history":[{"count":0,"href":"https:\/\/www.iemj.org\/de\/wp-json\/wp\/v2\/posts\/68573\/revisions"}],"wp:featuredmedia":[{"embeddable":true,"href":"https:\/\/www.iemj.org\/de\/wp-json\/wp\/v2\/media\/68574"}],"wp:attachment":[{"href":"https:\/\/www.iemj.org\/de\/wp-json\/wp\/v2\/media?parent=68573"}],"wp:term":[{"taxonomy":"category","embeddable":true,"href":"https:\/\/www.iemj.org\/de\/wp-json\/wp\/v2\/categories?post=68573"},{"taxonomy":"post_tag","embeddable":true,"href":"https:\/\/www.iemj.org\/de\/wp-json\/wp\/v2\/tags?post=68573"},{"taxonomy":"technique","embeddable":true,"href":"https:\/\/www.iemj.org\/de\/wp-json\/wp\/v2\/technique?post=68573"},{"taxonomy":"squelettes","embeddable":true,"href":"https:\/\/www.iemj.org\/de\/wp-json\/wp\/v2\/squelettes?post=68573"},{"taxonomy":"sujet","embeddable":true,"href":"https:\/\/www.iemj.org\/de\/wp-json\/wp\/v2\/sujet?post=68573"},{"taxonomy":"formation","embeddable":true,"href":"https:\/\/www.iemj.org\/de\/wp-json\/wp\/v2\/formation?post=68573"},{"taxonomy":"genre","embeddable":true,"href":"https:\/\/www.iemj.org\/de\/wp-json\/wp\/v2\/genre?post=68573"},{"taxonomy":"fonds","embeddable":true,"href":"https:\/\/www.iemj.org\/de\/wp-json\/wp\/v2\/fonds?post=68573"},{"taxonomy":"tradition","embeddable":true,"href":"https:\/\/www.iemj.org\/de\/wp-json\/wp\/v2\/tradition?post=68573"},{"taxonomy":"type-de-contenu","embeddable":true,"href":"https:\/\/www.iemj.org\/de\/wp-json\/wp\/v2\/type-de-contenu?post=68573"},{"taxonomy":"interprete-compositeur","embeddable":true,"href":"https:\/\/www.iemj.org\/de\/wp-json\/wp\/v2\/interprete-compositeur?post=68573"},{"taxonomy":"frise","embeddable":true,"href":"https:\/\/www.iemj.org\/de\/wp-json\/wp\/v2\/frise?post=68573"},{"taxonomy":"type-devenement","embeddable":true,"href":"https:\/\/www.iemj.org\/de\/wp-json\/wp\/v2\/type-devenement?post=68573"},{"taxonomy":"tableaux-liens-externes","embeddable":true,"href":"https:\/\/www.iemj.org\/de\/wp-json\/wp\/v2\/tableaux-liens-externes?post=68573"}],"curies":[{"name":"wp","href":"https:\/\/api.w.org\/{rel}","templated":true}]}}