{"id":68832,"date":"2021-10-04T17:21:12","date_gmt":"2021-10-04T15:21:12","guid":{"rendered":"https:\/\/www.iemj.org\/balagan-box-speciale-jazz-n-klezmer-avec-estelle-goldfarb-et-cellie\/"},"modified":"2025-09-29T14:57:16","modified_gmt":"2025-09-29T12:57:16","slug":"balagan-box-speciale-jazz-n-klezmer-avec-estelle-goldfarb-et-cellie","status":"publish","type":"post","link":"https:\/\/www.iemj.org\/de\/balagan-box-speciale-jazz-n-klezmer-avec-estelle-goldfarb-et-cellie\/","title":{"rendered":"Balagan Box : the festival Jazz N Klezmer, with Estelle Goldfarb and Cellie"},"content":{"rendered":"<p><strong>BALAGAN BOX \u2013 NOVEMBER 3, 2007 \u2013 RADIO SHALOM (94.8 FM)<\/strong><\/p>\n<p><!--more--><\/p>\n<p>Laurence Haziza dedicates this program to the festival Jazz N Klezmer, where will appear the violonist Estelle Goldfarb with DJ Click, or the singer Cellie. We will hear tunes such as <em>Czech<\/em> by Estelle Goldfarb, and <em>The Old Country<\/em> by Cellie.<\/p>\n<p><a href=\"https:\/\/www.estellegoldfarb.com\/\">Learn more about Estelle Goldfarb<\/a><\/p>\n<p><img decoding=\"async\" class=\" alignleft size-full wp-image-26374\" src=\"https:\/\/www.iemj.org\/wp-content\/uploads\/2019\/12\/photo-4.jpg\" alt=\"photo-4.jpg\" width=\"150\" height=\"137\" align=\"left\" \/><em>Laurence Haziza is a journalist, press agent and artistic director of the festival <\/em>Jazz\u2019n\u2019klezmer<em>. Every saturday evenings from 2006 to 2013, she hosted on radio Shalom the show<\/em> Balagan Box<em>, called later<\/em> Balagan Music<\/p>\n\n<div class=\"wp-block-image\">\n<figure class=\"aligncenter size-large\"><img fetchpriority=\"high\" decoding=\"async\" width=\"1024\" height=\"133\" src=\"https:\/\/www.iemj.org\/wp-content\/uploads\/2024\/03\/AUDIO-PLAYER-1024x133.png\" alt=\"\" class=\"wp-image-110606\" srcset=\"https:\/\/www.iemj.org\/wp-content\/uploads\/2024\/03\/AUDIO-PLAYER-1024x133.png 1024w, https:\/\/www.iemj.org\/wp-content\/uploads\/2024\/03\/AUDIO-PLAYER-300x39.png 300w, https:\/\/www.iemj.org\/wp-content\/uploads\/2024\/03\/AUDIO-PLAYER-768x100.png 768w, https:\/\/www.iemj.org\/wp-content\/uploads\/2024\/03\/AUDIO-PLAYER-600x78.png 600w, https:\/\/www.iemj.org\/wp-content\/uploads\/2024\/03\/AUDIO-PLAYER.png 1210w\" sizes=\"(max-width: 1024px) 100vw, 1024px\" \/><\/figure>\n<\/div>","protected":false},"excerpt":{"rendered":"<p>BALAGAN BOX \u2013 NOVEMBER 3, 2007 \u2013 RADIO SHALOM (94.8 FM)<\/p>\n","protected":false},"author":5,"featured_media":68815,"comment_status":"closed","ping_status":"closed","sticky":false,"template":"","format":"standard","meta":{"_acf_changed":false,"footnotes":""},"categories":[2172,1539],"tags":[],"technique":[],"squelettes":[],"sujet":[],"formation":[],"genre":[],"fonds":[],"tradition":[],"type-de-contenu":[],"interprete-compositeur":[],"frise":[],"type-devenement":[],"tableaux-liens-externes":[],"class_list":["post-68832","post","type-post","status-publish","format-standard","has-post-thumbnail","hentry","category-laurence-haziza-programme-de","category-radiosendungen-de"],"acf":[],"yoast_head":"<!-- This site is optimized with the Yoast SEO plugin v27.3 - https:\/\/yoast.com\/product\/yoast-seo-wordpress\/ -->\n<title>Balagan Box : the festival Jazz N Klezmer, with Estelle Goldfarb and Cellie - Institut Europ\u00e9en des Musiques Juives<\/title>\n<meta name=\"robots\" content=\"index, follow, max-snippet:-1, max-image-preview:large, max-video-preview:-1\" \/>\n<link rel=\"canonical\" href=\"https:\/\/www.iemj.org\/de\/balagan-box-speciale-jazz-n-klezmer-avec-estelle-goldfarb-et-cellie\/\" \/>\n<meta property=\"og:locale\" content=\"de_DE\" \/>\n<meta property=\"og:type\" content=\"article\" \/>\n<meta property=\"og:title\" content=\"Balagan Box : the festival Jazz N Klezmer, with Estelle Goldfarb and Cellie - Institut Europ\u00e9en des Musiques Juives\" \/>\n<meta property=\"og:description\" content=\"BALAGAN BOX \u2013 NOVEMBER 3, 2007 \u2013 RADIO SHALOM (94.8 FM)\" \/>\n<meta property=\"og:url\" content=\"https:\/\/www.iemj.org\/de\/balagan-box-speciale-jazz-n-klezmer-avec-estelle-goldfarb-et-cellie\/\" \/>\n<meta property=\"og:site_name\" content=\"Institut Europ\u00e9en des Musiques Juives\" \/>\n<meta property=\"article:publisher\" content=\"https:\/\/www.facebook.com\/MusiquesJuives\/\" \/>\n<meta property=\"article:published_time\" content=\"2021-10-04T15:21:12+00:00\" \/>\n<meta property=\"article:modified_time\" content=\"2025-09-29T12:57:16+00:00\" \/>\n<meta property=\"og:image\" content=\"https:\/\/www.iemj.org\/wp-content\/uploads\/2021\/02\/arton5031.jpg\" \/>\n\t<meta property=\"og:image:width\" content=\"290\" \/>\n\t<meta property=\"og:image:height\" content=\"174\" \/>\n\t<meta property=\"og:image:type\" content=\"image\/jpeg\" \/>\n<meta name=\"author\" content=\"Jacqueline ROTEN\" \/>\n<meta name=\"twitter:card\" content=\"summary_large_image\" \/>\n<meta name=\"twitter:label1\" content=\"Verfasst von\" \/>\n\t<meta name=\"twitter:data1\" content=\"Jacqueline ROTEN\" \/>\n\t<meta name=\"twitter:label2\" content=\"Gesch\u00e4tzte Lesezeit\" \/>\n\t<meta name=\"twitter:data2\" content=\"2\u00a0Minuten\" \/>\n<script type=\"application\/ld+json\" class=\"yoast-schema-graph\">{\"@context\":\"https:\\\/\\\/schema.org\",\"@graph\":[{\"@type\":\"Article\",\"@id\":\"https:\\\/\\\/www.iemj.org\\\/de\\\/balagan-box-speciale-jazz-n-klezmer-avec-estelle-goldfarb-et-cellie\\\/#article\",\"isPartOf\":{\"@id\":\"https:\\\/\\\/www.iemj.org\\\/de\\\/balagan-box-speciale-jazz-n-klezmer-avec-estelle-goldfarb-et-cellie\\\/\"},\"author\":{\"name\":\"Jacqueline ROTEN\",\"@id\":\"https:\\\/\\\/www.iemj.org\\\/de\\\/#\\\/schema\\\/person\\\/358e26c18aca017fcc4cc15437f7279c\"},\"headline\":\"Balagan Box : the festival Jazz N Klezmer, with Estelle Goldfarb and Cellie\",\"datePublished\":\"2021-10-04T15:21:12+00:00\",\"dateModified\":\"2025-09-29T12:57:16+00:00\",\"mainEntityOfPage\":{\"@id\":\"https:\\\/\\\/www.iemj.org\\\/de\\\/balagan-box-speciale-jazz-n-klezmer-avec-estelle-goldfarb-et-cellie\\\/\"},\"wordCount\":98,\"publisher\":{\"@id\":\"https:\\\/\\\/www.iemj.org\\\/de\\\/#organization\"},\"image\":{\"@id\":\"https:\\\/\\\/www.iemj.org\\\/de\\\/balagan-box-speciale-jazz-n-klezmer-avec-estelle-goldfarb-et-cellie\\\/#primaryimage\"},\"thumbnailUrl\":\"https:\\\/\\\/www.iemj.org\\\/wp-content\\\/uploads\\\/2021\\\/02\\\/arton5031.jpg\",\"articleSection\":[\"Laurence Haziza Programme\",\"Radiosendungen\"],\"inLanguage\":\"de\"},{\"@type\":\"WebPage\",\"@id\":\"https:\\\/\\\/www.iemj.org\\\/de\\\/balagan-box-speciale-jazz-n-klezmer-avec-estelle-goldfarb-et-cellie\\\/\",\"url\":\"https:\\\/\\\/www.iemj.org\\\/de\\\/balagan-box-speciale-jazz-n-klezmer-avec-estelle-goldfarb-et-cellie\\\/\",\"name\":\"Balagan Box : the festival Jazz N Klezmer, with Estelle Goldfarb and Cellie - Institut Europ\u00e9en des Musiques Juives\",\"isPartOf\":{\"@id\":\"https:\\\/\\\/www.iemj.org\\\/de\\\/#website\"},\"primaryImageOfPage\":{\"@id\":\"https:\\\/\\\/www.iemj.org\\\/de\\\/balagan-box-speciale-jazz-n-klezmer-avec-estelle-goldfarb-et-cellie\\\/#primaryimage\"},\"image\":{\"@id\":\"https:\\\/\\\/www.iemj.org\\\/de\\\/balagan-box-speciale-jazz-n-klezmer-avec-estelle-goldfarb-et-cellie\\\/#primaryimage\"},\"thumbnailUrl\":\"https:\\\/\\\/www.iemj.org\\\/wp-content\\\/uploads\\\/2021\\\/02\\\/arton5031.jpg\",\"datePublished\":\"2021-10-04T15:21:12+00:00\",\"dateModified\":\"2025-09-29T12:57:16+00:00\",\"breadcrumb\":{\"@id\":\"https:\\\/\\\/www.iemj.org\\\/de\\\/balagan-box-speciale-jazz-n-klezmer-avec-estelle-goldfarb-et-cellie\\\/#breadcrumb\"},\"inLanguage\":\"de\",\"potentialAction\":[{\"@type\":\"ReadAction\",\"target\":[\"https:\\\/\\\/www.iemj.org\\\/de\\\/balagan-box-speciale-jazz-n-klezmer-avec-estelle-goldfarb-et-cellie\\\/\"]}]},{\"@type\":\"ImageObject\",\"inLanguage\":\"de\",\"@id\":\"https:\\\/\\\/www.iemj.org\\\/de\\\/balagan-box-speciale-jazz-n-klezmer-avec-estelle-goldfarb-et-cellie\\\/#primaryimage\",\"url\":\"https:\\\/\\\/www.iemj.org\\\/wp-content\\\/uploads\\\/2021\\\/02\\\/arton5031.jpg\",\"contentUrl\":\"https:\\\/\\\/www.iemj.org\\\/wp-content\\\/uploads\\\/2021\\\/02\\\/arton5031.jpg\",\"width\":290,\"height\":174,\"caption\":\"Radio Shalom\"},{\"@type\":\"BreadcrumbList\",\"@id\":\"https:\\\/\\\/www.iemj.org\\\/de\\\/balagan-box-speciale-jazz-n-klezmer-avec-estelle-goldfarb-et-cellie\\\/#breadcrumb\",\"itemListElement\":[{\"@type\":\"ListItem\",\"position\":1,\"name\":\"Accueil\",\"item\":\"https:\\\/\\\/www.iemj.org\\\/de\\\/\"},{\"@type\":\"ListItem\",\"position\":2,\"name\":\"Balagan Box : the festival Jazz N Klezmer, with Estelle Goldfarb and Cellie\"}]},{\"@type\":\"WebSite\",\"@id\":\"https:\\\/\\\/www.iemj.org\\\/de\\\/#website\",\"url\":\"https:\\\/\\\/www.iemj.org\\\/de\\\/\",\"name\":\"Institut Europ\u00e9en des Musiques Juives\",\"description\":\"Des traditions musicales \u00e0 la port\u00e9e de tous\",\"publisher\":{\"@id\":\"https:\\\/\\\/www.iemj.org\\\/de\\\/#organization\"},\"potentialAction\":[{\"@type\":\"SearchAction\",\"target\":{\"@type\":\"EntryPoint\",\"urlTemplate\":\"https:\\\/\\\/www.iemj.org\\\/de\\\/?s={search_term_string}\"},\"query-input\":{\"@type\":\"PropertyValueSpecification\",\"valueRequired\":true,\"valueName\":\"search_term_string\"}}],\"inLanguage\":\"de\"},{\"@type\":\"Organization\",\"@id\":\"https:\\\/\\\/www.iemj.org\\\/de\\\/#organization\",\"name\":\"Institut Europ\u00e9en des Musiques Juives\",\"url\":\"https:\\\/\\\/www.iemj.org\\\/de\\\/\",\"logo\":{\"@type\":\"ImageObject\",\"inLanguage\":\"de\",\"@id\":\"https:\\\/\\\/www.iemj.org\\\/de\\\/#\\\/schema\\\/logo\\\/image\\\/\",\"url\":\"https:\\\/\\\/www.iemj.org\\\/wp-content\\\/uploads\\\/2021\\\/09\\\/Logo-IEMJ-Paypal.jpg\",\"contentUrl\":\"https:\\\/\\\/www.iemj.org\\\/wp-content\\\/uploads\\\/2021\\\/09\\\/Logo-IEMJ-Paypal.jpg\",\"width\":150,\"height\":50,\"caption\":\"Institut Europ\u00e9en des Musiques Juives\"},\"image\":{\"@id\":\"https:\\\/\\\/www.iemj.org\\\/de\\\/#\\\/schema\\\/logo\\\/image\\\/\"},\"sameAs\":[\"https:\\\/\\\/www.facebook.com\\\/MusiquesJuives\\\/\",\"https:\\\/\\\/www.instagram.com\\\/musiquesjuives\\\/\",\"https:\\\/\\\/www.youtube.com\\\/user\\\/musiquesjuives\"]},{\"@type\":\"Person\",\"@id\":\"https:\\\/\\\/www.iemj.org\\\/de\\\/#\\\/schema\\\/person\\\/358e26c18aca017fcc4cc15437f7279c\",\"name\":\"Jacqueline ROTEN\",\"image\":{\"@type\":\"ImageObject\",\"inLanguage\":\"de\",\"@id\":\"https:\\\/\\\/secure.gravatar.com\\\/avatar\\\/5964256d6c6957de3a3505278957e0fb2a35119ac47ea41827a65301213c810b?s=96&d=mm&r=g\",\"url\":\"https:\\\/\\\/secure.gravatar.com\\\/avatar\\\/5964256d6c6957de3a3505278957e0fb2a35119ac47ea41827a65301213c810b?s=96&d=mm&r=g\",\"contentUrl\":\"https:\\\/\\\/secure.gravatar.com\\\/avatar\\\/5964256d6c6957de3a3505278957e0fb2a35119ac47ea41827a65301213c810b?s=96&d=mm&r=g\",\"caption\":\"Jacqueline ROTEN\"}}]}<\/script>\n<!-- \/ Yoast SEO plugin. -->","yoast_head_json":{"title":"Balagan Box : the festival Jazz N Klezmer, with Estelle Goldfarb and Cellie - Institut Europ\u00e9en des Musiques Juives","robots":{"index":"index","follow":"follow","max-snippet":"max-snippet:-1","max-image-preview":"max-image-preview:large","max-video-preview":"max-video-preview:-1"},"canonical":"https:\/\/www.iemj.org\/de\/balagan-box-speciale-jazz-n-klezmer-avec-estelle-goldfarb-et-cellie\/","og_locale":"de_DE","og_type":"article","og_title":"Balagan Box : the festival Jazz N Klezmer, with Estelle Goldfarb and Cellie - Institut Europ\u00e9en des Musiques Juives","og_description":"BALAGAN BOX \u2013 NOVEMBER 3, 2007 \u2013 RADIO SHALOM (94.8 FM)","og_url":"https:\/\/www.iemj.org\/de\/balagan-box-speciale-jazz-n-klezmer-avec-estelle-goldfarb-et-cellie\/","og_site_name":"Institut Europ\u00e9en des Musiques Juives","article_publisher":"https:\/\/www.facebook.com\/MusiquesJuives\/","article_published_time":"2021-10-04T15:21:12+00:00","article_modified_time":"2025-09-29T12:57:16+00:00","og_image":[{"width":290,"height":174,"url":"https:\/\/www.iemj.org\/wp-content\/uploads\/2021\/02\/arton5031.jpg","type":"image\/jpeg"}],"author":"Jacqueline ROTEN","twitter_card":"summary_large_image","twitter_misc":{"Verfasst von":"Jacqueline ROTEN","Gesch\u00e4tzte Lesezeit":"2\u00a0Minuten"},"schema":{"@context":"https:\/\/schema.org","@graph":[{"@type":"Article","@id":"https:\/\/www.iemj.org\/de\/balagan-box-speciale-jazz-n-klezmer-avec-estelle-goldfarb-et-cellie\/#article","isPartOf":{"@id":"https:\/\/www.iemj.org\/de\/balagan-box-speciale-jazz-n-klezmer-avec-estelle-goldfarb-et-cellie\/"},"author":{"name":"Jacqueline ROTEN","@id":"https:\/\/www.iemj.org\/de\/#\/schema\/person\/358e26c18aca017fcc4cc15437f7279c"},"headline":"Balagan Box : the festival Jazz N Klezmer, with Estelle Goldfarb and Cellie","datePublished":"2021-10-04T15:21:12+00:00","dateModified":"2025-09-29T12:57:16+00:00","mainEntityOfPage":{"@id":"https:\/\/www.iemj.org\/de\/balagan-box-speciale-jazz-n-klezmer-avec-estelle-goldfarb-et-cellie\/"},"wordCount":98,"publisher":{"@id":"https:\/\/www.iemj.org\/de\/#organization"},"image":{"@id":"https:\/\/www.iemj.org\/de\/balagan-box-speciale-jazz-n-klezmer-avec-estelle-goldfarb-et-cellie\/#primaryimage"},"thumbnailUrl":"https:\/\/www.iemj.org\/wp-content\/uploads\/2021\/02\/arton5031.jpg","articleSection":["Laurence Haziza Programme","Radiosendungen"],"inLanguage":"de"},{"@type":"WebPage","@id":"https:\/\/www.iemj.org\/de\/balagan-box-speciale-jazz-n-klezmer-avec-estelle-goldfarb-et-cellie\/","url":"https:\/\/www.iemj.org\/de\/balagan-box-speciale-jazz-n-klezmer-avec-estelle-goldfarb-et-cellie\/","name":"Balagan Box : the festival Jazz N Klezmer, with Estelle Goldfarb and Cellie - Institut Europ\u00e9en des Musiques Juives","isPartOf":{"@id":"https:\/\/www.iemj.org\/de\/#website"},"primaryImageOfPage":{"@id":"https:\/\/www.iemj.org\/de\/balagan-box-speciale-jazz-n-klezmer-avec-estelle-goldfarb-et-cellie\/#primaryimage"},"image":{"@id":"https:\/\/www.iemj.org\/de\/balagan-box-speciale-jazz-n-klezmer-avec-estelle-goldfarb-et-cellie\/#primaryimage"},"thumbnailUrl":"https:\/\/www.iemj.org\/wp-content\/uploads\/2021\/02\/arton5031.jpg","datePublished":"2021-10-04T15:21:12+00:00","dateModified":"2025-09-29T12:57:16+00:00","breadcrumb":{"@id":"https:\/\/www.iemj.org\/de\/balagan-box-speciale-jazz-n-klezmer-avec-estelle-goldfarb-et-cellie\/#breadcrumb"},"inLanguage":"de","potentialAction":[{"@type":"ReadAction","target":["https:\/\/www.iemj.org\/de\/balagan-box-speciale-jazz-n-klezmer-avec-estelle-goldfarb-et-cellie\/"]}]},{"@type":"ImageObject","inLanguage":"de","@id":"https:\/\/www.iemj.org\/de\/balagan-box-speciale-jazz-n-klezmer-avec-estelle-goldfarb-et-cellie\/#primaryimage","url":"https:\/\/www.iemj.org\/wp-content\/uploads\/2021\/02\/arton5031.jpg","contentUrl":"https:\/\/www.iemj.org\/wp-content\/uploads\/2021\/02\/arton5031.jpg","width":290,"height":174,"caption":"Radio Shalom"},{"@type":"BreadcrumbList","@id":"https:\/\/www.iemj.org\/de\/balagan-box-speciale-jazz-n-klezmer-avec-estelle-goldfarb-et-cellie\/#breadcrumb","itemListElement":[{"@type":"ListItem","position":1,"name":"Accueil","item":"https:\/\/www.iemj.org\/de\/"},{"@type":"ListItem","position":2,"name":"Balagan Box : the festival Jazz N Klezmer, with Estelle Goldfarb and Cellie"}]},{"@type":"WebSite","@id":"https:\/\/www.iemj.org\/de\/#website","url":"https:\/\/www.iemj.org\/de\/","name":"Institut Europ\u00e9en des Musiques Juives","description":"Des traditions musicales \u00e0 la port\u00e9e de tous","publisher":{"@id":"https:\/\/www.iemj.org\/de\/#organization"},"potentialAction":[{"@type":"SearchAction","target":{"@type":"EntryPoint","urlTemplate":"https:\/\/www.iemj.org\/de\/?s={search_term_string}"},"query-input":{"@type":"PropertyValueSpecification","valueRequired":true,"valueName":"search_term_string"}}],"inLanguage":"de"},{"@type":"Organization","@id":"https:\/\/www.iemj.org\/de\/#organization","name":"Institut Europ\u00e9en des Musiques Juives","url":"https:\/\/www.iemj.org\/de\/","logo":{"@type":"ImageObject","inLanguage":"de","@id":"https:\/\/www.iemj.org\/de\/#\/schema\/logo\/image\/","url":"https:\/\/www.iemj.org\/wp-content\/uploads\/2021\/09\/Logo-IEMJ-Paypal.jpg","contentUrl":"https:\/\/www.iemj.org\/wp-content\/uploads\/2021\/09\/Logo-IEMJ-Paypal.jpg","width":150,"height":50,"caption":"Institut Europ\u00e9en des Musiques Juives"},"image":{"@id":"https:\/\/www.iemj.org\/de\/#\/schema\/logo\/image\/"},"sameAs":["https:\/\/www.facebook.com\/MusiquesJuives\/","https:\/\/www.instagram.com\/musiquesjuives\/","https:\/\/www.youtube.com\/user\/musiquesjuives"]},{"@type":"Person","@id":"https:\/\/www.iemj.org\/de\/#\/schema\/person\/358e26c18aca017fcc4cc15437f7279c","name":"Jacqueline ROTEN","image":{"@type":"ImageObject","inLanguage":"de","@id":"https:\/\/secure.gravatar.com\/avatar\/5964256d6c6957de3a3505278957e0fb2a35119ac47ea41827a65301213c810b?s=96&d=mm&r=g","url":"https:\/\/secure.gravatar.com\/avatar\/5964256d6c6957de3a3505278957e0fb2a35119ac47ea41827a65301213c810b?s=96&d=mm&r=g","contentUrl":"https:\/\/secure.gravatar.com\/avatar\/5964256d6c6957de3a3505278957e0fb2a35119ac47ea41827a65301213c810b?s=96&d=mm&r=g","caption":"Jacqueline ROTEN"}}]}},"_links":{"self":[{"href":"https:\/\/www.iemj.org\/de\/wp-json\/wp\/v2\/posts\/68832","targetHints":{"allow":["GET"]}}],"collection":[{"href":"https:\/\/www.iemj.org\/de\/wp-json\/wp\/v2\/posts"}],"about":[{"href":"https:\/\/www.iemj.org\/de\/wp-json\/wp\/v2\/types\/post"}],"author":[{"embeddable":true,"href":"https:\/\/www.iemj.org\/de\/wp-json\/wp\/v2\/users\/5"}],"replies":[{"embeddable":true,"href":"https:\/\/www.iemj.org\/de\/wp-json\/wp\/v2\/comments?post=68832"}],"version-history":[{"count":0,"href":"https:\/\/www.iemj.org\/de\/wp-json\/wp\/v2\/posts\/68832\/revisions"}],"wp:featuredmedia":[{"embeddable":true,"href":"https:\/\/www.iemj.org\/de\/wp-json\/wp\/v2\/media\/68815"}],"wp:attachment":[{"href":"https:\/\/www.iemj.org\/de\/wp-json\/wp\/v2\/media?parent=68832"}],"wp:term":[{"taxonomy":"category","embeddable":true,"href":"https:\/\/www.iemj.org\/de\/wp-json\/wp\/v2\/categories?post=68832"},{"taxonomy":"post_tag","embeddable":true,"href":"https:\/\/www.iemj.org\/de\/wp-json\/wp\/v2\/tags?post=68832"},{"taxonomy":"technique","embeddable":true,"href":"https:\/\/www.iemj.org\/de\/wp-json\/wp\/v2\/technique?post=68832"},{"taxonomy":"squelettes","embeddable":true,"href":"https:\/\/www.iemj.org\/de\/wp-json\/wp\/v2\/squelettes?post=68832"},{"taxonomy":"sujet","embeddable":true,"href":"https:\/\/www.iemj.org\/de\/wp-json\/wp\/v2\/sujet?post=68832"},{"taxonomy":"formation","embeddable":true,"href":"https:\/\/www.iemj.org\/de\/wp-json\/wp\/v2\/formation?post=68832"},{"taxonomy":"genre","embeddable":true,"href":"https:\/\/www.iemj.org\/de\/wp-json\/wp\/v2\/genre?post=68832"},{"taxonomy":"fonds","embeddable":true,"href":"https:\/\/www.iemj.org\/de\/wp-json\/wp\/v2\/fonds?post=68832"},{"taxonomy":"tradition","embeddable":true,"href":"https:\/\/www.iemj.org\/de\/wp-json\/wp\/v2\/tradition?post=68832"},{"taxonomy":"type-de-contenu","embeddable":true,"href":"https:\/\/www.iemj.org\/de\/wp-json\/wp\/v2\/type-de-contenu?post=68832"},{"taxonomy":"interprete-compositeur","embeddable":true,"href":"https:\/\/www.iemj.org\/de\/wp-json\/wp\/v2\/interprete-compositeur?post=68832"},{"taxonomy":"frise","embeddable":true,"href":"https:\/\/www.iemj.org\/de\/wp-json\/wp\/v2\/frise?post=68832"},{"taxonomy":"type-devenement","embeddable":true,"href":"https:\/\/www.iemj.org\/de\/wp-json\/wp\/v2\/type-devenement?post=68832"},{"taxonomy":"tableaux-liens-externes","embeddable":true,"href":"https:\/\/www.iemj.org\/de\/wp-json\/wp\/v2\/tableaux-liens-externes?post=68832"}],"curies":[{"name":"wp","href":"https:\/\/api.w.org\/{rel}","templated":true}]}}