{"id":68874,"date":"2021-01-20T13:37:54","date_gmt":"2021-01-20T12:37:54","guid":{"rendered":"https:\/\/www.iemj.org\/les-chants-de-shabbat-dans-le-rite-algerien\/"},"modified":"2024-02-16T15:37:34","modified_gmt":"2024-02-16T14:37:34","slug":"les-chants-de-shabbat-dans-le-rite-algerien","status":"publish","type":"post","link":"https:\/\/www.iemj.org\/de\/les-chants-de-shabbat-dans-le-rite-algerien\/","title":{"rendered":"DIE SABBATLIEDER IM ALGERISCHEN RITUS"},"content":{"rendered":"<p><strong>Eine Auswahl an Sabbat-Liedern aus Algerien, dargeboten von Georges Haik, Haim Harboun, Andr\u00e9 Taieb, Adolphe Attia, Albert Bouadana, Malkiel Benamara, Philippe Darmon, Enrico Macias<\/strong><\/p>\n<p><!--more--><\/p>\n<p>Der Sabbat ist ein Ruhetag und eine Institution des j\u00fcdischen Lebens. Die Lieder, welche diesen besonderen Tag untermalen, spielen dabei eine wichtige Rolle. Sei es in er Synagoge mit den f\u00fcnf Gottesdiensten von <em>Kabbalat Schabbat<\/em> bis <em>Motsei Schabbat <\/em>oder zu Hause mit Ritualen, wie dem Anz\u00fcnden der Kerzen, dem <em>Kiddusch<\/em> (Segen des Weins) am Freitagabend, dem <a href=\"https:\/\/de.wikipedia.org\/wiki\/Birkat_Hamason\" target=\"_blank\" rel=\"noopener\"><em>Birkat Hamason<\/em><\/a> (Tischgebet, das nach dem Essen gesprochen wird) oder auch der <a href=\"https:\/\/de.wikipedia.org\/wiki\/Hawdala\" target=\"_blank\" rel=\"noopener\"><em>Hawdala<\/em><\/a> (letzer <em>Kiddusch<\/em>, welcher den Sabbat abschlie\u00dft). Es ist au\u00dferdem auch \u00fcblich, w\u00e4hrend der vier Sabbat-Mahlzeiten zahlreiche religi\u00f6se Gedichte die <em>Zemirot <\/em>(bei den chassidischen Juden auch Tish Nigunim) genannt werden, zu singen.<\/p>\n<p>Der Sabbat erm\u00f6glicht es so seine innere Stimme durch seine \u00e4u\u00dfere Stimme zu finden.<\/p>\n<p>Auf der folgenden Playlist ist eine Auswahl an Sabbat-Liedern enthalten, welche von aus Tlemcen, Constantine und Ager stammenden Kantoren, wie Georges Haik, Haim Harboun, Andr\u00e9 Taieb, Adolphe Attia oder Philippe und Jonathan Darmon und vielen anderen, gesungen werden. Anzumerken ist, dass manche auf der Playlist zu h\u00f6renden St\u00fccken, zum Zweck der Aufnahme, von Musikinstrumenten begleitet wurden, was am Sabbat in den meisten j\u00fcdischen Gemeinschaften allerdings verboten ist.<\/p>\n<p><a href=\"https:\/\/www.iemj.org\/de\/les-chants-de-shabbat\/\" target=\"_blank\" rel=\"noopener\">Lesen Sie den Artikel \u00fcber die Sabbat-Lieder<\/a><\/p>\n\n\n<figure class=\"wp-block-image size-large\"><img fetchpriority=\"high\" decoding=\"async\" width=\"1024\" height=\"146\" src=\"https:\/\/www.iemj.org\/wp-content\/uploads\/2023\/01\/Bandeau-Playlist_DE2-1024x146.jpg\" alt=\"\" class=\"wp-image-93110\" srcset=\"https:\/\/www.iemj.org\/wp-content\/uploads\/2023\/01\/Bandeau-Playlist_DE2-1024x146.jpg 1024w, https:\/\/www.iemj.org\/wp-content\/uploads\/2023\/01\/Bandeau-Playlist_DE2-300x43.jpg 300w, https:\/\/www.iemj.org\/wp-content\/uploads\/2023\/01\/Bandeau-Playlist_DE2-768x110.jpg 768w, https:\/\/www.iemj.org\/wp-content\/uploads\/2023\/01\/Bandeau-Playlist_DE2-1536x220.jpg 1536w, https:\/\/www.iemj.org\/wp-content\/uploads\/2023\/01\/Bandeau-Playlist_DE2-600x86.jpg 600w, https:\/\/www.iemj.org\/wp-content\/uploads\/2023\/01\/Bandeau-Playlist_DE2.jpg 1608w\" sizes=\"(max-width: 1024px) 100vw, 1024px\" \/><\/figure>\n\n\n\n<div class=\"wp-block-file\"><a id=\"wp-block-file--media-742fff55-f1d6-40e4-8d9f-11ddab52c8e3\" href=\"https:\/\/www.iemj.org\/wp-content\/uploads\/2021\/01\/01_yah_ribonn_alam_-_haim_harboun.mp3\">Yah Ribonn alam &#8211; Haim Harboun<\/a><\/div>\n\n\n\n<div class=\"wp-block-file\"><a id=\"wp-block-file--media-9f2f961a-91dc-40e3-9880-49c205fb79a1\" href=\"https:\/\/www.iemj.org\/wp-content\/uploads\/2021\/01\/02_sortie_de_la_thora_du_samedi_matin_tlemcen_.mp3\">Sortie de la Thora du samedi matin (Tlemcen)<\/a><\/div>\n\n\n\n<div class=\"wp-block-file\"><a id=\"wp-block-file--media-a33e4b31-3129-40b4-88cb-e57053f7df5f\" href=\"https:\/\/www.iemj.org\/wp-content\/uploads\/2021\/01\/03_el_adon_tlemcen_.mp3\">El Adon (Tlemcen) <\/a><\/div>\n\n\n\n<div class=\"wp-block-file\"><a id=\"wp-block-file--media-5e0e9551-4f07-4d1d-aaaf-212bd9112429\" href=\"https:\/\/www.iemj.org\/wp-content\/uploads\/2021\/01\/04_quedoushah_-_andre_taieb_constantine_extrait_.mp3\">Quedoushah &#8211; Andr\u00e9 Taieb (Constantine) (Extrait)<\/a><\/div>\n\n\n\n<div class=\"wp-block-file\"><a id=\"wp-block-file--media-3622536c-571a-4bf0-b528-5e2e5c600a40\" href=\"https:\/\/www.iemj.org\/wp-content\/uploads\/2021\/01\/05_hashkivenou_-_andre_taieb_constantine_.mp3\">Hashkivenou &#8211; Andr\u00e9 Taieb (Constantine)<\/a><\/div>\n\n\n\n<div class=\"wp-block-file\"><a id=\"wp-block-file--media-ed42208c-ac7e-4eb4-81af-d7111a02cd04\" href=\"https:\/\/www.iemj.org\/wp-content\/uploads\/2021\/01\/06_igdal_elokim_hai_-_enrico_macias_extrait_.mp3\">Igdal elohim hai &#8211; Enrico Macias (Extrait)<\/a><\/div>\n\n\n\n<div class=\"wp-block-file\"><a id=\"wp-block-file--media-b54889c0-4a32-474c-92f8-8617d84af04d\" href=\"https:\/\/www.iemj.org\/wp-content\/uploads\/2021\/01\/07_bar_yohai_-_adolphe_attia_albert_bouadana_malkiel_benamara_et_philippe_darmon_extrait_.mp3\">Bar Yohai &#8211; Adolphe Attia Albert Bouadana Malkiel Benamara et Philippe Darmon (Extrait)<\/a><\/div>\n\n\n\n<div class=\"wp-block-file\"><a id=\"wp-block-file--media-8bc58976-641a-4464-802e-f63565be9d2c\" href=\"https:\/\/www.iemj.org\/wp-content\/uploads\/2021\/01\/08_bar_yohai_-_jonathan_et_philippe_darmon_-_maurice_el_medioni_piano_extrait_.mp3\">Bar Yohai &#8211; Jonathan et Philippe Darmon, Maurice el Medioni (piano) (Extrait)<\/a><\/div>\n\n\n\n<div class=\"wp-block-file\"><a id=\"wp-block-file--media-7234b6e1-0900-4912-8ef3-687f2617b505\" href=\"https:\/\/www.iemj.org\/wp-content\/uploads\/2021\/01\/09_bemotse_yom_menouha_havdala_alger__philippe_darmon_-_maurice_el_medioni_piano_extrait_.mp3\">Bemotse Yom Menouha (Havdala) (Alger) &#8211; Philippe Darmon, Maurice el Medioni (piano) (Extrait) <\/a><\/div>\n","protected":false},"excerpt":{"rendered":"<p>Eine Auswahl an Sabbat-Liedern aus Algerien, dargeboten von Georges Haik, Haim Harboun, Andr\u00e9 Taieb, Adolphe Attia, Albert Bouadana, Malkiel Benamara, Philippe Darmon, Enrico Macias<\/p>\n","protected":false},"author":1045,"featured_media":68875,"comment_status":"closed","ping_status":"closed","sticky":false,"template":"","format":"standard","meta":{"_acf_changed":false,"footnotes":""},"categories":[1534],"tags":[],"technique":[],"squelettes":[],"sujet":[1856],"formation":[],"genre":[1891],"fonds":[],"tradition":[1986],"type-de-contenu":[],"interprete-compositeur":[],"frise":[],"type-devenement":[],"tableaux-liens-externes":[],"class_list":["post-68874","post","type-post","status-publish","format-standard","has-post-thumbnail","hentry","category-playlists-de","sujet-sabbat-de","genre-liturgie-de","tradition-algerischer-ritus-de"],"acf":[],"yoast_head":"<!-- This site is optimized with the Yoast SEO plugin v27.3 - https:\/\/yoast.com\/product\/yoast-seo-wordpress\/ -->\n<title>DIE SABBATLIEDER IM ALGERISCHEN RITUS - Institut Europ\u00e9en des Musiques Juives<\/title>\n<meta name=\"robots\" content=\"index, follow, max-snippet:-1, max-image-preview:large, max-video-preview:-1\" \/>\n<link rel=\"canonical\" href=\"https:\/\/www.iemj.org\/de\/les-chants-de-shabbat-dans-le-rite-algerien\/\" \/>\n<meta property=\"og:locale\" content=\"de_DE\" \/>\n<meta property=\"og:type\" content=\"article\" \/>\n<meta property=\"og:title\" content=\"DIE SABBATLIEDER IM ALGERISCHEN RITUS - Institut Europ\u00e9en des Musiques Juives\" \/>\n<meta property=\"og:description\" content=\"Eine Auswahl an Sabbat-Liedern aus Algerien, dargeboten von Georges Haik, Haim Harboun, Andr\u00e9 Taieb, Adolphe Attia, Albert Bouadana, Malkiel Benamara, Philippe Darmon, Enrico Macias\" \/>\n<meta property=\"og:url\" content=\"https:\/\/www.iemj.org\/de\/les-chants-de-shabbat-dans-le-rite-algerien\/\" \/>\n<meta property=\"og:site_name\" content=\"Institut Europ\u00e9en des Musiques Juives\" \/>\n<meta property=\"article:publisher\" content=\"https:\/\/www.facebook.com\/MusiquesJuives\/\" \/>\n<meta property=\"article:published_time\" content=\"2021-01-20T12:37:54+00:00\" \/>\n<meta property=\"article:modified_time\" content=\"2024-02-16T14:37:34+00:00\" \/>\n<meta property=\"og:image\" content=\"https:\/\/www.iemj.org\/wp-content\/uploads\/2021\/01\/arton4980-e1618493033136.jpg\" \/>\n\t<meta property=\"og:image:width\" content=\"350\" \/>\n\t<meta property=\"og:image:height\" content=\"348\" \/>\n\t<meta property=\"og:image:type\" content=\"image\/jpeg\" \/>\n<meta name=\"author\" content=\"Herv\u00e9 Roten\" \/>\n<meta name=\"twitter:card\" content=\"summary_large_image\" \/>\n<meta name=\"twitter:label1\" content=\"Verfasst von\" \/>\n\t<meta name=\"twitter:data1\" content=\"Herv\u00e9 Roten\" \/>\n\t<meta name=\"twitter:label2\" content=\"Gesch\u00e4tzte Lesezeit\" \/>\n\t<meta name=\"twitter:data2\" content=\"2\u00a0Minuten\" \/>\n<script type=\"application\/ld+json\" class=\"yoast-schema-graph\">{\"@context\":\"https:\\\/\\\/schema.org\",\"@graph\":[{\"@type\":\"Article\",\"@id\":\"https:\\\/\\\/www.iemj.org\\\/de\\\/les-chants-de-shabbat-dans-le-rite-algerien\\\/#article\",\"isPartOf\":{\"@id\":\"https:\\\/\\\/www.iemj.org\\\/de\\\/les-chants-de-shabbat-dans-le-rite-algerien\\\/\"},\"author\":{\"name\":\"Herv\u00e9 Roten\",\"@id\":\"https:\\\/\\\/www.iemj.org\\\/de\\\/#\\\/schema\\\/person\\\/906134402c29d5c76e7b726261dd4bbd\"},\"headline\":\"DIE SABBATLIEDER IM ALGERISCHEN RITUS\",\"datePublished\":\"2021-01-20T12:37:54+00:00\",\"dateModified\":\"2024-02-16T14:37:34+00:00\",\"mainEntityOfPage\":{\"@id\":\"https:\\\/\\\/www.iemj.org\\\/de\\\/les-chants-de-shabbat-dans-le-rite-algerien\\\/\"},\"wordCount\":302,\"publisher\":{\"@id\":\"https:\\\/\\\/www.iemj.org\\\/de\\\/#organization\"},\"image\":{\"@id\":\"https:\\\/\\\/www.iemj.org\\\/de\\\/les-chants-de-shabbat-dans-le-rite-algerien\\\/#primaryimage\"},\"thumbnailUrl\":\"https:\\\/\\\/www.iemj.org\\\/wp-content\\\/uploads\\\/2021\\\/01\\\/arton4980-e1618493033136.jpg\",\"articleSection\":[\"Playlists\"],\"inLanguage\":\"de\"},{\"@type\":\"WebPage\",\"@id\":\"https:\\\/\\\/www.iemj.org\\\/de\\\/les-chants-de-shabbat-dans-le-rite-algerien\\\/\",\"url\":\"https:\\\/\\\/www.iemj.org\\\/de\\\/les-chants-de-shabbat-dans-le-rite-algerien\\\/\",\"name\":\"DIE SABBATLIEDER IM ALGERISCHEN RITUS - Institut Europ\u00e9en des Musiques Juives\",\"isPartOf\":{\"@id\":\"https:\\\/\\\/www.iemj.org\\\/de\\\/#website\"},\"primaryImageOfPage\":{\"@id\":\"https:\\\/\\\/www.iemj.org\\\/de\\\/les-chants-de-shabbat-dans-le-rite-algerien\\\/#primaryimage\"},\"image\":{\"@id\":\"https:\\\/\\\/www.iemj.org\\\/de\\\/les-chants-de-shabbat-dans-le-rite-algerien\\\/#primaryimage\"},\"thumbnailUrl\":\"https:\\\/\\\/www.iemj.org\\\/wp-content\\\/uploads\\\/2021\\\/01\\\/arton4980-e1618493033136.jpg\",\"datePublished\":\"2021-01-20T12:37:54+00:00\",\"dateModified\":\"2024-02-16T14:37:34+00:00\",\"breadcrumb\":{\"@id\":\"https:\\\/\\\/www.iemj.org\\\/de\\\/les-chants-de-shabbat-dans-le-rite-algerien\\\/#breadcrumb\"},\"inLanguage\":\"de\",\"potentialAction\":[{\"@type\":\"ReadAction\",\"target\":[\"https:\\\/\\\/www.iemj.org\\\/de\\\/les-chants-de-shabbat-dans-le-rite-algerien\\\/\"]}]},{\"@type\":\"ImageObject\",\"inLanguage\":\"de\",\"@id\":\"https:\\\/\\\/www.iemj.org\\\/de\\\/les-chants-de-shabbat-dans-le-rite-algerien\\\/#primaryimage\",\"url\":\"https:\\\/\\\/www.iemj.org\\\/wp-content\\\/uploads\\\/2021\\\/01\\\/arton4980-e1618493033136.jpg\",\"contentUrl\":\"https:\\\/\\\/www.iemj.org\\\/wp-content\\\/uploads\\\/2021\\\/01\\\/arton4980-e1618493033136.jpg\",\"width\":350,\"height\":348},{\"@type\":\"BreadcrumbList\",\"@id\":\"https:\\\/\\\/www.iemj.org\\\/de\\\/les-chants-de-shabbat-dans-le-rite-algerien\\\/#breadcrumb\",\"itemListElement\":[{\"@type\":\"ListItem\",\"position\":1,\"name\":\"Accueil\",\"item\":\"https:\\\/\\\/www.iemj.org\\\/de\\\/\"},{\"@type\":\"ListItem\",\"position\":2,\"name\":\"DIE SABBATLIEDER IM ALGERISCHEN RITUS\"}]},{\"@type\":\"WebSite\",\"@id\":\"https:\\\/\\\/www.iemj.org\\\/de\\\/#website\",\"url\":\"https:\\\/\\\/www.iemj.org\\\/de\\\/\",\"name\":\"Institut Europ\u00e9en des Musiques Juives\",\"description\":\"Des traditions musicales \u00e0 la port\u00e9e de tous\",\"publisher\":{\"@id\":\"https:\\\/\\\/www.iemj.org\\\/de\\\/#organization\"},\"potentialAction\":[{\"@type\":\"SearchAction\",\"target\":{\"@type\":\"EntryPoint\",\"urlTemplate\":\"https:\\\/\\\/www.iemj.org\\\/de\\\/?s={search_term_string}\"},\"query-input\":{\"@type\":\"PropertyValueSpecification\",\"valueRequired\":true,\"valueName\":\"search_term_string\"}}],\"inLanguage\":\"de\"},{\"@type\":\"Organization\",\"@id\":\"https:\\\/\\\/www.iemj.org\\\/de\\\/#organization\",\"name\":\"Institut Europ\u00e9en des Musiques Juives\",\"url\":\"https:\\\/\\\/www.iemj.org\\\/de\\\/\",\"logo\":{\"@type\":\"ImageObject\",\"inLanguage\":\"de\",\"@id\":\"https:\\\/\\\/www.iemj.org\\\/de\\\/#\\\/schema\\\/logo\\\/image\\\/\",\"url\":\"https:\\\/\\\/www.iemj.org\\\/wp-content\\\/uploads\\\/2021\\\/09\\\/Logo-IEMJ-Paypal.jpg\",\"contentUrl\":\"https:\\\/\\\/www.iemj.org\\\/wp-content\\\/uploads\\\/2021\\\/09\\\/Logo-IEMJ-Paypal.jpg\",\"width\":150,\"height\":50,\"caption\":\"Institut Europ\u00e9en des Musiques Juives\"},\"image\":{\"@id\":\"https:\\\/\\\/www.iemj.org\\\/de\\\/#\\\/schema\\\/logo\\\/image\\\/\"},\"sameAs\":[\"https:\\\/\\\/www.facebook.com\\\/MusiquesJuives\\\/\",\"https:\\\/\\\/www.instagram.com\\\/musiquesjuives\\\/\",\"https:\\\/\\\/www.youtube.com\\\/user\\\/musiquesjuives\"]},{\"@type\":\"Person\",\"@id\":\"https:\\\/\\\/www.iemj.org\\\/de\\\/#\\\/schema\\\/person\\\/906134402c29d5c76e7b726261dd4bbd\",\"name\":\"Herv\u00e9 Roten\",\"image\":{\"@type\":\"ImageObject\",\"inLanguage\":\"de\",\"@id\":\"https:\\\/\\\/secure.gravatar.com\\\/avatar\\\/f96ad2db538a26481f18384936b5cd0610c92d390c4dc382209216d455f685ff?s=96&d=mm&r=g\",\"url\":\"https:\\\/\\\/secure.gravatar.com\\\/avatar\\\/f96ad2db538a26481f18384936b5cd0610c92d390c4dc382209216d455f685ff?s=96&d=mm&r=g\",\"contentUrl\":\"https:\\\/\\\/secure.gravatar.com\\\/avatar\\\/f96ad2db538a26481f18384936b5cd0610c92d390c4dc382209216d455f685ff?s=96&d=mm&r=g\",\"caption\":\"Herv\u00e9 Roten\"}}]}<\/script>\n<!-- \/ Yoast SEO plugin. -->","yoast_head_json":{"title":"DIE SABBATLIEDER IM ALGERISCHEN RITUS - Institut Europ\u00e9en des Musiques Juives","robots":{"index":"index","follow":"follow","max-snippet":"max-snippet:-1","max-image-preview":"max-image-preview:large","max-video-preview":"max-video-preview:-1"},"canonical":"https:\/\/www.iemj.org\/de\/les-chants-de-shabbat-dans-le-rite-algerien\/","og_locale":"de_DE","og_type":"article","og_title":"DIE SABBATLIEDER IM ALGERISCHEN RITUS - Institut Europ\u00e9en des Musiques Juives","og_description":"Eine Auswahl an Sabbat-Liedern aus Algerien, dargeboten von Georges Haik, Haim Harboun, Andr\u00e9 Taieb, Adolphe Attia, Albert Bouadana, Malkiel Benamara, Philippe Darmon, Enrico Macias","og_url":"https:\/\/www.iemj.org\/de\/les-chants-de-shabbat-dans-le-rite-algerien\/","og_site_name":"Institut Europ\u00e9en des Musiques Juives","article_publisher":"https:\/\/www.facebook.com\/MusiquesJuives\/","article_published_time":"2021-01-20T12:37:54+00:00","article_modified_time":"2024-02-16T14:37:34+00:00","og_image":[{"width":350,"height":348,"url":"https:\/\/www.iemj.org\/wp-content\/uploads\/2021\/01\/arton4980-e1618493033136.jpg","type":"image\/jpeg"}],"author":"Herv\u00e9 Roten","twitter_card":"summary_large_image","twitter_misc":{"Verfasst von":"Herv\u00e9 Roten","Gesch\u00e4tzte Lesezeit":"2\u00a0Minuten"},"schema":{"@context":"https:\/\/schema.org","@graph":[{"@type":"Article","@id":"https:\/\/www.iemj.org\/de\/les-chants-de-shabbat-dans-le-rite-algerien\/#article","isPartOf":{"@id":"https:\/\/www.iemj.org\/de\/les-chants-de-shabbat-dans-le-rite-algerien\/"},"author":{"name":"Herv\u00e9 Roten","@id":"https:\/\/www.iemj.org\/de\/#\/schema\/person\/906134402c29d5c76e7b726261dd4bbd"},"headline":"DIE SABBATLIEDER IM ALGERISCHEN RITUS","datePublished":"2021-01-20T12:37:54+00:00","dateModified":"2024-02-16T14:37:34+00:00","mainEntityOfPage":{"@id":"https:\/\/www.iemj.org\/de\/les-chants-de-shabbat-dans-le-rite-algerien\/"},"wordCount":302,"publisher":{"@id":"https:\/\/www.iemj.org\/de\/#organization"},"image":{"@id":"https:\/\/www.iemj.org\/de\/les-chants-de-shabbat-dans-le-rite-algerien\/#primaryimage"},"thumbnailUrl":"https:\/\/www.iemj.org\/wp-content\/uploads\/2021\/01\/arton4980-e1618493033136.jpg","articleSection":["Playlists"],"inLanguage":"de"},{"@type":"WebPage","@id":"https:\/\/www.iemj.org\/de\/les-chants-de-shabbat-dans-le-rite-algerien\/","url":"https:\/\/www.iemj.org\/de\/les-chants-de-shabbat-dans-le-rite-algerien\/","name":"DIE SABBATLIEDER IM ALGERISCHEN RITUS - Institut Europ\u00e9en des Musiques Juives","isPartOf":{"@id":"https:\/\/www.iemj.org\/de\/#website"},"primaryImageOfPage":{"@id":"https:\/\/www.iemj.org\/de\/les-chants-de-shabbat-dans-le-rite-algerien\/#primaryimage"},"image":{"@id":"https:\/\/www.iemj.org\/de\/les-chants-de-shabbat-dans-le-rite-algerien\/#primaryimage"},"thumbnailUrl":"https:\/\/www.iemj.org\/wp-content\/uploads\/2021\/01\/arton4980-e1618493033136.jpg","datePublished":"2021-01-20T12:37:54+00:00","dateModified":"2024-02-16T14:37:34+00:00","breadcrumb":{"@id":"https:\/\/www.iemj.org\/de\/les-chants-de-shabbat-dans-le-rite-algerien\/#breadcrumb"},"inLanguage":"de","potentialAction":[{"@type":"ReadAction","target":["https:\/\/www.iemj.org\/de\/les-chants-de-shabbat-dans-le-rite-algerien\/"]}]},{"@type":"ImageObject","inLanguage":"de","@id":"https:\/\/www.iemj.org\/de\/les-chants-de-shabbat-dans-le-rite-algerien\/#primaryimage","url":"https:\/\/www.iemj.org\/wp-content\/uploads\/2021\/01\/arton4980-e1618493033136.jpg","contentUrl":"https:\/\/www.iemj.org\/wp-content\/uploads\/2021\/01\/arton4980-e1618493033136.jpg","width":350,"height":348},{"@type":"BreadcrumbList","@id":"https:\/\/www.iemj.org\/de\/les-chants-de-shabbat-dans-le-rite-algerien\/#breadcrumb","itemListElement":[{"@type":"ListItem","position":1,"name":"Accueil","item":"https:\/\/www.iemj.org\/de\/"},{"@type":"ListItem","position":2,"name":"DIE SABBATLIEDER IM ALGERISCHEN RITUS"}]},{"@type":"WebSite","@id":"https:\/\/www.iemj.org\/de\/#website","url":"https:\/\/www.iemj.org\/de\/","name":"Institut Europ\u00e9en des Musiques Juives","description":"Des traditions musicales \u00e0 la port\u00e9e de tous","publisher":{"@id":"https:\/\/www.iemj.org\/de\/#organization"},"potentialAction":[{"@type":"SearchAction","target":{"@type":"EntryPoint","urlTemplate":"https:\/\/www.iemj.org\/de\/?s={search_term_string}"},"query-input":{"@type":"PropertyValueSpecification","valueRequired":true,"valueName":"search_term_string"}}],"inLanguage":"de"},{"@type":"Organization","@id":"https:\/\/www.iemj.org\/de\/#organization","name":"Institut Europ\u00e9en des Musiques Juives","url":"https:\/\/www.iemj.org\/de\/","logo":{"@type":"ImageObject","inLanguage":"de","@id":"https:\/\/www.iemj.org\/de\/#\/schema\/logo\/image\/","url":"https:\/\/www.iemj.org\/wp-content\/uploads\/2021\/09\/Logo-IEMJ-Paypal.jpg","contentUrl":"https:\/\/www.iemj.org\/wp-content\/uploads\/2021\/09\/Logo-IEMJ-Paypal.jpg","width":150,"height":50,"caption":"Institut Europ\u00e9en des Musiques Juives"},"image":{"@id":"https:\/\/www.iemj.org\/de\/#\/schema\/logo\/image\/"},"sameAs":["https:\/\/www.facebook.com\/MusiquesJuives\/","https:\/\/www.instagram.com\/musiquesjuives\/","https:\/\/www.youtube.com\/user\/musiquesjuives"]},{"@type":"Person","@id":"https:\/\/www.iemj.org\/de\/#\/schema\/person\/906134402c29d5c76e7b726261dd4bbd","name":"Herv\u00e9 Roten","image":{"@type":"ImageObject","inLanguage":"de","@id":"https:\/\/secure.gravatar.com\/avatar\/f96ad2db538a26481f18384936b5cd0610c92d390c4dc382209216d455f685ff?s=96&d=mm&r=g","url":"https:\/\/secure.gravatar.com\/avatar\/f96ad2db538a26481f18384936b5cd0610c92d390c4dc382209216d455f685ff?s=96&d=mm&r=g","contentUrl":"https:\/\/secure.gravatar.com\/avatar\/f96ad2db538a26481f18384936b5cd0610c92d390c4dc382209216d455f685ff?s=96&d=mm&r=g","caption":"Herv\u00e9 Roten"}}]}},"_links":{"self":[{"href":"https:\/\/www.iemj.org\/de\/wp-json\/wp\/v2\/posts\/68874","targetHints":{"allow":["GET"]}}],"collection":[{"href":"https:\/\/www.iemj.org\/de\/wp-json\/wp\/v2\/posts"}],"about":[{"href":"https:\/\/www.iemj.org\/de\/wp-json\/wp\/v2\/types\/post"}],"author":[{"embeddable":true,"href":"https:\/\/www.iemj.org\/de\/wp-json\/wp\/v2\/users\/1045"}],"replies":[{"embeddable":true,"href":"https:\/\/www.iemj.org\/de\/wp-json\/wp\/v2\/comments?post=68874"}],"version-history":[{"count":0,"href":"https:\/\/www.iemj.org\/de\/wp-json\/wp\/v2\/posts\/68874\/revisions"}],"wp:featuredmedia":[{"embeddable":true,"href":"https:\/\/www.iemj.org\/de\/wp-json\/wp\/v2\/media\/68875"}],"wp:attachment":[{"href":"https:\/\/www.iemj.org\/de\/wp-json\/wp\/v2\/media?parent=68874"}],"wp:term":[{"taxonomy":"category","embeddable":true,"href":"https:\/\/www.iemj.org\/de\/wp-json\/wp\/v2\/categories?post=68874"},{"taxonomy":"post_tag","embeddable":true,"href":"https:\/\/www.iemj.org\/de\/wp-json\/wp\/v2\/tags?post=68874"},{"taxonomy":"technique","embeddable":true,"href":"https:\/\/www.iemj.org\/de\/wp-json\/wp\/v2\/technique?post=68874"},{"taxonomy":"squelettes","embeddable":true,"href":"https:\/\/www.iemj.org\/de\/wp-json\/wp\/v2\/squelettes?post=68874"},{"taxonomy":"sujet","embeddable":true,"href":"https:\/\/www.iemj.org\/de\/wp-json\/wp\/v2\/sujet?post=68874"},{"taxonomy":"formation","embeddable":true,"href":"https:\/\/www.iemj.org\/de\/wp-json\/wp\/v2\/formation?post=68874"},{"taxonomy":"genre","embeddable":true,"href":"https:\/\/www.iemj.org\/de\/wp-json\/wp\/v2\/genre?post=68874"},{"taxonomy":"fonds","embeddable":true,"href":"https:\/\/www.iemj.org\/de\/wp-json\/wp\/v2\/fonds?post=68874"},{"taxonomy":"tradition","embeddable":true,"href":"https:\/\/www.iemj.org\/de\/wp-json\/wp\/v2\/tradition?post=68874"},{"taxonomy":"type-de-contenu","embeddable":true,"href":"https:\/\/www.iemj.org\/de\/wp-json\/wp\/v2\/type-de-contenu?post=68874"},{"taxonomy":"interprete-compositeur","embeddable":true,"href":"https:\/\/www.iemj.org\/de\/wp-json\/wp\/v2\/interprete-compositeur?post=68874"},{"taxonomy":"frise","embeddable":true,"href":"https:\/\/www.iemj.org\/de\/wp-json\/wp\/v2\/frise?post=68874"},{"taxonomy":"type-devenement","embeddable":true,"href":"https:\/\/www.iemj.org\/de\/wp-json\/wp\/v2\/type-devenement?post=68874"},{"taxonomy":"tableaux-liens-externes","embeddable":true,"href":"https:\/\/www.iemj.org\/de\/wp-json\/wp\/v2\/tableaux-liens-externes?post=68874"}],"curies":[{"name":"wp","href":"https:\/\/api.w.org\/{rel}","templated":true}]}}