{"id":69328,"date":"2016-04-19T13:01:23","date_gmt":"2016-04-19T11:01:23","guid":{"rendered":"https:\/\/www.iemj.org\/le-chant-des-juifs-sefarades\/"},"modified":"2026-02-16T16:39:20","modified_gmt":"2026-02-16T15:39:20","slug":"le-chant-des-juifs-sefarades","status":"publish","type":"post","link":"https:\/\/www.iemj.org\/de\/le-chant-des-juifs-sefarades\/","title":{"rendered":"Der Gesang der sephardischen Juden"},"content":{"rendered":"<p><strong>Etymologie<\/strong><br \/>\n<em>Sefarad\u00a0<\/em>bedeutet Spanien im Hebr\u00e4ischen. Dieses Wort bezieht sich auf die Nachkommen der Juden, die 1492 aus Spanien vertrieben wurden \u2013 und zwar nach dem Sturz des K\u00f6nigreichs von Granada, der der letzte Schritt der christlichen R\u00fcckeroberung (\u00ab\u00a0Reconquista\u00a0\u00bb) der Iberischen Halbinsel darstellte. Im erweiterten Sinne umfasst der Begriff \u00ab\u00a0sepharad\u00a0\u00bb die j\u00fcdischen Gemeinden der arabisch-moslemischen Ansiedlungen<strong>,<\/strong> unter anderem im Maghreb, auch wenn sie \u00fcberwiegend nicht von den im 15. Jahrhundert aus Spanien Vertriebenen stammten, sondern von Juden afrikanischer Abstammung, die die Nachfahren von seit der Antike judaisierten Berberst\u00e4mmen sind.<\/p>\n<p>Per definitionem bezeichnet der sephardische Gesang die Ges\u00e4nge der Juden, die aus Spanien ins Exil gingen. Diese Ges\u00e4nge wurden im Laufe der Jahrhunderte in den durch jene Diaspora entstandenen Gemeinden \u00fcberliefert und bereichert. Im erweiterten Sinne bezeichnen sie die profane und liturgische Musik der orientalischen Juden.<em>\u00a0 <\/em><\/p>\n<p><strong>Historische Entwicklung<\/strong><br \/>\nDie Musik\u00a0der sephardischen Juden \u2013 im eigentlichen Sinne -, das heisst derjenigen, die aus der Iberischen Halbinsel vor deren Vertreibung aus Spanien (1492) und Portugal (1497) stammen, kann nicht erforscht werden, ohne an die Bedeutung der j\u00fcdischen Kultur im mittelalterlichen Spanien zu erinnern. Zu dieser Zeit hatten die Juden durch den regen Austausch mit der arabischen Kultur ihre Aktivit\u00e4ten sowohl in der Wirtschaft als auch in der Wissenschaft und in den K\u00fcnsten entwickelt. In der spanischen Gesellschaft des Mittelalters bekleideten sie oft hohe \u00c4mter, als \u00c4rzte, Philosophen [Maimonides (1135-1204)] oder Dichter [Salomo Ibn Gabirol (etwa 1020-1057), Judah Hal\u00e9vi (etwa 1075-1141), etc.]. W\u00e4hrend des ganzen Mittelalters und bis zum 15. Jahrhundert tauchen auch die Namen j\u00fcdischer Musiker auf, die an den H\u00f6fen verschiedener christlichen und arabischen W\u00fcrdentr\u00e4ger angestellt waren. Die christlichen K\u00f6nige Spaniens sch\u00e4tzten \u00fcbrigens j\u00fcdische Musiker sehr hoch.<\/p>\n<p>Im Jahre 1492 aber, am Ende eines von Verfolgungen und Zwangsbekehrungen gekennzeichneten Jahrhunderts, erliess K\u00f6nigin Isabella die Katholische ein Edikt zur Ausweisung aller Juden aus Spanien. 1497 erweiterte K\u00f6nig Manuel I. von Portugal diese Massnahme auf seine eigenen j\u00fcdischen Untertanen. Die zum Exil gezwungenen sephardischen Juden fanden in protestantischen Gebieten (England, Deutschland, Vereinigten Provinzen, holl\u00e4ndischen bzw. englischen Kolonien) und vor allem in islamischen Gebieten (Osmanischen Reich und Nordafrika) Zuflucht und nahmen dabei ihre jahrhundertealte Kultur mit, die sie weiterhin sorgf\u00e4ltig aufbewahrten.<\/p>\n<p>So findet man heute sephardische Juden, die mehr als f\u00fcnf Jahrhunderte nach der Vertreibung immer noch Judenspanisch sprechen, jene altkastilianische Sprache aus dem 15. Jahrhundert. Aber bis wann\u00a0?<\/p>\n<p><strong>Das judenspanische Repertoire<\/strong><br \/>\nDieses\u00a0aus den spanischen Juden stammende Volk hat versucht, einen Teil der spanischen Tradition aufzubewahren, indem sie deren Sprache und Musik weiterpflegte &#8211; die haupts\u00e4chlich m\u00fcndlich \u00fcberliefert wurde, unter anderem das ganze Repertoire der Coplas, Romanzen und Cantigas.<\/p>\n<p>Im Laufe ihres Exils wurde die Kultur der aus Spanien stammenden Juden durch die L\u00e4nder, die sie durchquerten und die ihnen zur zweiten Heimat wurden, auf vielf\u00e4ltige Weise beeinflusst. Die\u00a0 Vitalit\u00e4t der sephardischen Liedersammlung (Cancioneros) ist kein neues Ph\u00e4nomen. Die judenspanische Musik, die wir heutzutage kennen, bildet ein mosaikartiges Gef\u00fcge, in dem Geistliches und Profanes, j\u00fcdische und nicht-j\u00fcdische Motive, Altes und Neues nebeneinander bestehen.<\/p>\n<p>So kann man in manchen judenspanischen Cantigas Opermelodien aus dem 19. Jahrhundert, Zarzuelas, Fox-Trott-Rhythmen, Tangos bzw. Walzer entdecken, sowie uralte spanische Texte, die abwechselnd mit modernen \u00dcbersetzungen von t\u00fcrkischen, griechischen bzw. italienischen Volksliedern aufeinander folgen.<\/p>\n<p>Ab Anfang des 20. Jahrhunderts wurden die sephardischen Gemeinden \u2013 u.a. unter dem Einfluss des Schulsystems der Alliance Isra\u00e9lite Universelle &#8211; auch f\u00fcr europ\u00e4ische Traditionen empf\u00e4nglich, wie Kanonlieder, Blaskapellen und Musik von Music-Hall-Gruppen. Instrumentalmusik wurde sogar traditionellen S\u00e4ngern vorgezogen.<\/p>\n<p>Am Anfang des 20. Jahrhunderts zeigten Komponisten grosses Interesse f\u00fcr traditionelle Musik, deren Vielf\u00e4ltigkeit sie zu zahlreichen neuen St\u00fccken inspirierte.<\/p>\n<p>Die judenspanische Kultur regt so viele Projekte, Tr\u00e4ume und Schaffensdrang an wie nie zuvor. So empfinden viele Nachfahren sephardischer Familien es als dr\u00e4ngender Auftrag, sich alle St\u00fccke dieses riesigen Puzzles zu eigen zu machen\u00a0: Sprache, Kochkunst, Gesang, Dichtung, Literatur, und vor allem eine bestimmte Lebensart und -auffassung, eine Kunst des Zusammenlebens.<\/p>\n<p>Viele Forscher haben sich dieser Seite des j\u00fcdischen Erbes zugewandt, so zum Beispiel <a href=\"https:\/\/fr.wikipedia.org\/wiki\/Edwin_Seroussi\" target=\"_blank\" rel=\"noopener\">Edwin Seroussi<\/a>, <a href=\"https:\/\/patrimoine.uqam.ca\/membres\/chercheurs-associes\/479-roda-jessica.html\" target=\"_blank\" rel=\"noopener\">Jessica Roda<\/a>, <a href=\"https:\/\/www.iemj.org\/de\/cohen-judith\/\" target=\"_blank\" rel=\"noopener\">Judith Cohen<\/a> oder <a href=\"https:\/\/www.iemj.org\/de\/weich-shahak-susana\/\" target=\"_blank\" rel=\"noopener\">Susana Weich-Shahak<\/a>, die eine hervorragende Sammlungs- und Forschungsarbeit zur Musik geleistet hat, die die judenspanischen Gemeinden aus dem orientalischen Mittelmeer in ihren verschiedenen Lebensphasen von der Geburt bis zum Tod begleitet, also Wiegenlieder, kindliche Abz\u00e4hlreime, Hochzeitslieder, etc.<\/p>\n<p><strong>Das Wiederaufbl\u00fchen und die Erneuerung der judenspanischen Musik<\/strong><br \/>\nIn denletzten Jahren bl\u00fcht judenspanische Musik wieder auf und erf\u00e4hrt viele Erneuerungen. Eine neue Generation von K\u00fcnstlern taucht auf, die das traditionelle Gesangsrepertoire entschieden zum Wandeln bringen will. So ist elektro-sephardische Musik charakteristisch f\u00fcr dieses Ph\u00e4nomen des Aktualisierens der judenspanischen Musik, die zum allgemeinen Kulturgut wird.<\/p>\n<p><a href=\"http:\/\/www.sephardicmusic.org\/about.htm\" target=\"_blank\" rel=\"noopener\">Website von Jo\u00ebl Bresler : Sephardic Music : A century of recordings besuchen<\/a><br \/>\n<a href=\"https:\/\/www.iemj.org\/le-renouveau-des-musiques-judeo-espagnoles\/\" target=\"_blank\" rel=\"noopener\">Radiosendung Das Wiederaufbl\u00fchen der judenspanischen Musik, von Herv\u00e9 Roten moderiert, h\u00f6ren<\/a><br \/>\n<a href=\"https:\/\/www.iemj.org\/de\/les-chants-judeo-espagnols-1\/\" target=\"_blank\" rel=\"noopener\">Playlist judenspanische Ges\u00e4nge h\u00f6ren<\/a><br \/>\n<a href=\"https:\/\/www.iemj.org\/de\/musiques-des-juifs-de-turquie\/\" target=\"_blank\" rel=\"noopener\">Playlist zur Musik der Juden aus der T\u00fcrkei h\u00f6ren<\/a><\/p>\n","protected":false},"excerpt":{"rendered":"<p>Etymologie Sefarad\u00a0bedeutet Spanien im Hebr\u00e4ischen. Dieses Wort bezieht sich auf die Nachkommen der Juden, die 1492 aus Spanien vertrieben wurden \u2013 und zwar nach dem Sturz des K\u00f6nigreichs von Granada,<\/p>\n","protected":false},"author":5,"featured_media":69329,"comment_status":"closed","ping_status":"closed","sticky":false,"template":"","format":"standard","meta":{"_acf_changed":false,"footnotes":""},"categories":[1406,1414],"tags":[],"technique":[],"squelettes":[],"sujet":[2131],"formation":[],"genre":[1888],"fonds":[],"tradition":[],"type-de-contenu":[],"interprete-compositeur":[],"frise":[],"type-devenement":[],"tableaux-liens-externes":[],"class_list":["post-69328","post","type-post","status-publish","format-standard","has-post-thumbnail","hentry","category-hintergrundartikel-de","category-weltiche-musik-de","sujet-tuerkei-de","genre-judaisch-spanisch-de"],"acf":[],"yoast_head":"<!-- This site is optimized with the Yoast SEO plugin v27.3 - https:\/\/yoast.com\/product\/yoast-seo-wordpress\/ -->\n<title>Der Gesang der sephardischen Juden - Institut Europ\u00e9en des Musiques Juives<\/title>\n<meta name=\"robots\" content=\"index, follow, max-snippet:-1, max-image-preview:large, max-video-preview:-1\" \/>\n<link rel=\"canonical\" href=\"https:\/\/www.iemj.org\/de\/le-chant-des-juifs-sefarades\/\" \/>\n<meta property=\"og:locale\" content=\"de_DE\" \/>\n<meta property=\"og:type\" content=\"article\" \/>\n<meta property=\"og:title\" content=\"Der Gesang der sephardischen Juden - Institut Europ\u00e9en des Musiques Juives\" \/>\n<meta property=\"og:description\" content=\"Etymologie Sefarad\u00a0bedeutet Spanien im Hebr\u00e4ischen. Dieses Wort bezieht sich auf die Nachkommen der Juden, die 1492 aus Spanien vertrieben wurden \u2013 und zwar nach dem Sturz des K\u00f6nigreichs von Granada,\" \/>\n<meta property=\"og:url\" content=\"https:\/\/www.iemj.org\/de\/le-chant-des-juifs-sefarades\/\" \/>\n<meta property=\"og:site_name\" content=\"Institut Europ\u00e9en des Musiques Juives\" \/>\n<meta property=\"article:publisher\" content=\"https:\/\/www.facebook.com\/MusiquesJuives\/\" \/>\n<meta property=\"article:published_time\" content=\"2016-04-19T11:01:23+00:00\" \/>\n<meta property=\"article:modified_time\" content=\"2026-02-16T15:39:20+00:00\" \/>\n<meta property=\"og:image\" content=\"https:\/\/www.iemj.org\/wp-content\/uploads\/2016\/04\/arton1563-e1618388133409.jpg\" \/>\n\t<meta property=\"og:image:width\" content=\"350\" \/>\n\t<meta property=\"og:image:height\" content=\"255\" \/>\n\t<meta property=\"og:image:type\" content=\"image\/jpeg\" \/>\n<meta name=\"author\" content=\"Jacqueline ROTEN\" \/>\n<meta name=\"twitter:card\" content=\"summary_large_image\" \/>\n<meta name=\"twitter:label1\" content=\"Verfasst von\" \/>\n\t<meta name=\"twitter:data1\" content=\"Jacqueline ROTEN\" \/>\n\t<meta name=\"twitter:label2\" content=\"Gesch\u00e4tzte Lesezeit\" \/>\n\t<meta name=\"twitter:data2\" content=\"5\u00a0Minuten\" \/>\n<script type=\"application\/ld+json\" class=\"yoast-schema-graph\">{\"@context\":\"https:\\\/\\\/schema.org\",\"@graph\":[{\"@type\":\"Article\",\"@id\":\"https:\\\/\\\/www.iemj.org\\\/de\\\/le-chant-des-juifs-sefarades\\\/#article\",\"isPartOf\":{\"@id\":\"https:\\\/\\\/www.iemj.org\\\/de\\\/le-chant-des-juifs-sefarades\\\/\"},\"author\":{\"name\":\"Jacqueline ROTEN\",\"@id\":\"https:\\\/\\\/www.iemj.org\\\/de\\\/#\\\/schema\\\/person\\\/358e26c18aca017fcc4cc15437f7279c\"},\"headline\":\"Der Gesang der sephardischen Juden\",\"datePublished\":\"2016-04-19T11:01:23+00:00\",\"dateModified\":\"2026-02-16T15:39:20+00:00\",\"mainEntityOfPage\":{\"@id\":\"https:\\\/\\\/www.iemj.org\\\/de\\\/le-chant-des-juifs-sefarades\\\/\"},\"wordCount\":834,\"publisher\":{\"@id\":\"https:\\\/\\\/www.iemj.org\\\/de\\\/#organization\"},\"image\":{\"@id\":\"https:\\\/\\\/www.iemj.org\\\/de\\\/le-chant-des-juifs-sefarades\\\/#primaryimage\"},\"thumbnailUrl\":\"https:\\\/\\\/www.iemj.org\\\/wp-content\\\/uploads\\\/2016\\\/04\\\/arton1563-e1618388133409.jpg\",\"articleSection\":[\"Hintergrundartikel\",\"Weltiche Musik\"],\"inLanguage\":\"de\"},{\"@type\":\"WebPage\",\"@id\":\"https:\\\/\\\/www.iemj.org\\\/de\\\/le-chant-des-juifs-sefarades\\\/\",\"url\":\"https:\\\/\\\/www.iemj.org\\\/de\\\/le-chant-des-juifs-sefarades\\\/\",\"name\":\"Der Gesang der sephardischen Juden - Institut Europ\u00e9en des Musiques Juives\",\"isPartOf\":{\"@id\":\"https:\\\/\\\/www.iemj.org\\\/de\\\/#website\"},\"primaryImageOfPage\":{\"@id\":\"https:\\\/\\\/www.iemj.org\\\/de\\\/le-chant-des-juifs-sefarades\\\/#primaryimage\"},\"image\":{\"@id\":\"https:\\\/\\\/www.iemj.org\\\/de\\\/le-chant-des-juifs-sefarades\\\/#primaryimage\"},\"thumbnailUrl\":\"https:\\\/\\\/www.iemj.org\\\/wp-content\\\/uploads\\\/2016\\\/04\\\/arton1563-e1618388133409.jpg\",\"datePublished\":\"2016-04-19T11:01:23+00:00\",\"dateModified\":\"2026-02-16T15:39:20+00:00\",\"breadcrumb\":{\"@id\":\"https:\\\/\\\/www.iemj.org\\\/de\\\/le-chant-des-juifs-sefarades\\\/#breadcrumb\"},\"inLanguage\":\"de\",\"potentialAction\":[{\"@type\":\"ReadAction\",\"target\":[\"https:\\\/\\\/www.iemj.org\\\/de\\\/le-chant-des-juifs-sefarades\\\/\"]}]},{\"@type\":\"ImageObject\",\"inLanguage\":\"de\",\"@id\":\"https:\\\/\\\/www.iemj.org\\\/de\\\/le-chant-des-juifs-sefarades\\\/#primaryimage\",\"url\":\"https:\\\/\\\/www.iemj.org\\\/wp-content\\\/uploads\\\/2016\\\/04\\\/arton1563-e1618388133409.jpg\",\"contentUrl\":\"https:\\\/\\\/www.iemj.org\\\/wp-content\\\/uploads\\\/2016\\\/04\\\/arton1563-e1618388133409.jpg\",\"width\":350,\"height\":255},{\"@type\":\"BreadcrumbList\",\"@id\":\"https:\\\/\\\/www.iemj.org\\\/de\\\/le-chant-des-juifs-sefarades\\\/#breadcrumb\",\"itemListElement\":[{\"@type\":\"ListItem\",\"position\":1,\"name\":\"Accueil\",\"item\":\"https:\\\/\\\/www.iemj.org\\\/de\\\/\"},{\"@type\":\"ListItem\",\"position\":2,\"name\":\"Der Gesang der sephardischen Juden\"}]},{\"@type\":\"WebSite\",\"@id\":\"https:\\\/\\\/www.iemj.org\\\/de\\\/#website\",\"url\":\"https:\\\/\\\/www.iemj.org\\\/de\\\/\",\"name\":\"Institut Europ\u00e9en des Musiques Juives\",\"description\":\"Des traditions musicales \u00e0 la port\u00e9e de tous\",\"publisher\":{\"@id\":\"https:\\\/\\\/www.iemj.org\\\/de\\\/#organization\"},\"potentialAction\":[{\"@type\":\"SearchAction\",\"target\":{\"@type\":\"EntryPoint\",\"urlTemplate\":\"https:\\\/\\\/www.iemj.org\\\/de\\\/?s={search_term_string}\"},\"query-input\":{\"@type\":\"PropertyValueSpecification\",\"valueRequired\":true,\"valueName\":\"search_term_string\"}}],\"inLanguage\":\"de\"},{\"@type\":\"Organization\",\"@id\":\"https:\\\/\\\/www.iemj.org\\\/de\\\/#organization\",\"name\":\"Institut Europ\u00e9en des Musiques Juives\",\"url\":\"https:\\\/\\\/www.iemj.org\\\/de\\\/\",\"logo\":{\"@type\":\"ImageObject\",\"inLanguage\":\"de\",\"@id\":\"https:\\\/\\\/www.iemj.org\\\/de\\\/#\\\/schema\\\/logo\\\/image\\\/\",\"url\":\"https:\\\/\\\/www.iemj.org\\\/wp-content\\\/uploads\\\/2021\\\/09\\\/Logo-IEMJ-Paypal.jpg\",\"contentUrl\":\"https:\\\/\\\/www.iemj.org\\\/wp-content\\\/uploads\\\/2021\\\/09\\\/Logo-IEMJ-Paypal.jpg\",\"width\":150,\"height\":50,\"caption\":\"Institut Europ\u00e9en des Musiques Juives\"},\"image\":{\"@id\":\"https:\\\/\\\/www.iemj.org\\\/de\\\/#\\\/schema\\\/logo\\\/image\\\/\"},\"sameAs\":[\"https:\\\/\\\/www.facebook.com\\\/MusiquesJuives\\\/\",\"https:\\\/\\\/www.instagram.com\\\/musiquesjuives\\\/\",\"https:\\\/\\\/www.youtube.com\\\/user\\\/musiquesjuives\"]},{\"@type\":\"Person\",\"@id\":\"https:\\\/\\\/www.iemj.org\\\/de\\\/#\\\/schema\\\/person\\\/358e26c18aca017fcc4cc15437f7279c\",\"name\":\"Jacqueline ROTEN\",\"image\":{\"@type\":\"ImageObject\",\"inLanguage\":\"de\",\"@id\":\"https:\\\/\\\/secure.gravatar.com\\\/avatar\\\/5964256d6c6957de3a3505278957e0fb2a35119ac47ea41827a65301213c810b?s=96&d=mm&r=g\",\"url\":\"https:\\\/\\\/secure.gravatar.com\\\/avatar\\\/5964256d6c6957de3a3505278957e0fb2a35119ac47ea41827a65301213c810b?s=96&d=mm&r=g\",\"contentUrl\":\"https:\\\/\\\/secure.gravatar.com\\\/avatar\\\/5964256d6c6957de3a3505278957e0fb2a35119ac47ea41827a65301213c810b?s=96&d=mm&r=g\",\"caption\":\"Jacqueline ROTEN\"}}]}<\/script>\n<!-- \/ Yoast SEO plugin. -->","yoast_head_json":{"title":"Der Gesang der sephardischen Juden - Institut Europ\u00e9en des Musiques Juives","robots":{"index":"index","follow":"follow","max-snippet":"max-snippet:-1","max-image-preview":"max-image-preview:large","max-video-preview":"max-video-preview:-1"},"canonical":"https:\/\/www.iemj.org\/de\/le-chant-des-juifs-sefarades\/","og_locale":"de_DE","og_type":"article","og_title":"Der Gesang der sephardischen Juden - Institut Europ\u00e9en des Musiques Juives","og_description":"Etymologie Sefarad\u00a0bedeutet Spanien im Hebr\u00e4ischen. Dieses Wort bezieht sich auf die Nachkommen der Juden, die 1492 aus Spanien vertrieben wurden \u2013 und zwar nach dem Sturz des K\u00f6nigreichs von Granada,","og_url":"https:\/\/www.iemj.org\/de\/le-chant-des-juifs-sefarades\/","og_site_name":"Institut Europ\u00e9en des Musiques Juives","article_publisher":"https:\/\/www.facebook.com\/MusiquesJuives\/","article_published_time":"2016-04-19T11:01:23+00:00","article_modified_time":"2026-02-16T15:39:20+00:00","og_image":[{"width":350,"height":255,"url":"https:\/\/www.iemj.org\/wp-content\/uploads\/2016\/04\/arton1563-e1618388133409.jpg","type":"image\/jpeg"}],"author":"Jacqueline ROTEN","twitter_card":"summary_large_image","twitter_misc":{"Verfasst von":"Jacqueline ROTEN","Gesch\u00e4tzte Lesezeit":"5\u00a0Minuten"},"schema":{"@context":"https:\/\/schema.org","@graph":[{"@type":"Article","@id":"https:\/\/www.iemj.org\/de\/le-chant-des-juifs-sefarades\/#article","isPartOf":{"@id":"https:\/\/www.iemj.org\/de\/le-chant-des-juifs-sefarades\/"},"author":{"name":"Jacqueline ROTEN","@id":"https:\/\/www.iemj.org\/de\/#\/schema\/person\/358e26c18aca017fcc4cc15437f7279c"},"headline":"Der Gesang der sephardischen Juden","datePublished":"2016-04-19T11:01:23+00:00","dateModified":"2026-02-16T15:39:20+00:00","mainEntityOfPage":{"@id":"https:\/\/www.iemj.org\/de\/le-chant-des-juifs-sefarades\/"},"wordCount":834,"publisher":{"@id":"https:\/\/www.iemj.org\/de\/#organization"},"image":{"@id":"https:\/\/www.iemj.org\/de\/le-chant-des-juifs-sefarades\/#primaryimage"},"thumbnailUrl":"https:\/\/www.iemj.org\/wp-content\/uploads\/2016\/04\/arton1563-e1618388133409.jpg","articleSection":["Hintergrundartikel","Weltiche Musik"],"inLanguage":"de"},{"@type":"WebPage","@id":"https:\/\/www.iemj.org\/de\/le-chant-des-juifs-sefarades\/","url":"https:\/\/www.iemj.org\/de\/le-chant-des-juifs-sefarades\/","name":"Der Gesang der sephardischen Juden - Institut Europ\u00e9en des Musiques Juives","isPartOf":{"@id":"https:\/\/www.iemj.org\/de\/#website"},"primaryImageOfPage":{"@id":"https:\/\/www.iemj.org\/de\/le-chant-des-juifs-sefarades\/#primaryimage"},"image":{"@id":"https:\/\/www.iemj.org\/de\/le-chant-des-juifs-sefarades\/#primaryimage"},"thumbnailUrl":"https:\/\/www.iemj.org\/wp-content\/uploads\/2016\/04\/arton1563-e1618388133409.jpg","datePublished":"2016-04-19T11:01:23+00:00","dateModified":"2026-02-16T15:39:20+00:00","breadcrumb":{"@id":"https:\/\/www.iemj.org\/de\/le-chant-des-juifs-sefarades\/#breadcrumb"},"inLanguage":"de","potentialAction":[{"@type":"ReadAction","target":["https:\/\/www.iemj.org\/de\/le-chant-des-juifs-sefarades\/"]}]},{"@type":"ImageObject","inLanguage":"de","@id":"https:\/\/www.iemj.org\/de\/le-chant-des-juifs-sefarades\/#primaryimage","url":"https:\/\/www.iemj.org\/wp-content\/uploads\/2016\/04\/arton1563-e1618388133409.jpg","contentUrl":"https:\/\/www.iemj.org\/wp-content\/uploads\/2016\/04\/arton1563-e1618388133409.jpg","width":350,"height":255},{"@type":"BreadcrumbList","@id":"https:\/\/www.iemj.org\/de\/le-chant-des-juifs-sefarades\/#breadcrumb","itemListElement":[{"@type":"ListItem","position":1,"name":"Accueil","item":"https:\/\/www.iemj.org\/de\/"},{"@type":"ListItem","position":2,"name":"Der Gesang der sephardischen Juden"}]},{"@type":"WebSite","@id":"https:\/\/www.iemj.org\/de\/#website","url":"https:\/\/www.iemj.org\/de\/","name":"Institut Europ\u00e9en des Musiques Juives","description":"Des traditions musicales \u00e0 la port\u00e9e de tous","publisher":{"@id":"https:\/\/www.iemj.org\/de\/#organization"},"potentialAction":[{"@type":"SearchAction","target":{"@type":"EntryPoint","urlTemplate":"https:\/\/www.iemj.org\/de\/?s={search_term_string}"},"query-input":{"@type":"PropertyValueSpecification","valueRequired":true,"valueName":"search_term_string"}}],"inLanguage":"de"},{"@type":"Organization","@id":"https:\/\/www.iemj.org\/de\/#organization","name":"Institut Europ\u00e9en des Musiques Juives","url":"https:\/\/www.iemj.org\/de\/","logo":{"@type":"ImageObject","inLanguage":"de","@id":"https:\/\/www.iemj.org\/de\/#\/schema\/logo\/image\/","url":"https:\/\/www.iemj.org\/wp-content\/uploads\/2021\/09\/Logo-IEMJ-Paypal.jpg","contentUrl":"https:\/\/www.iemj.org\/wp-content\/uploads\/2021\/09\/Logo-IEMJ-Paypal.jpg","width":150,"height":50,"caption":"Institut Europ\u00e9en des Musiques Juives"},"image":{"@id":"https:\/\/www.iemj.org\/de\/#\/schema\/logo\/image\/"},"sameAs":["https:\/\/www.facebook.com\/MusiquesJuives\/","https:\/\/www.instagram.com\/musiquesjuives\/","https:\/\/www.youtube.com\/user\/musiquesjuives"]},{"@type":"Person","@id":"https:\/\/www.iemj.org\/de\/#\/schema\/person\/358e26c18aca017fcc4cc15437f7279c","name":"Jacqueline ROTEN","image":{"@type":"ImageObject","inLanguage":"de","@id":"https:\/\/secure.gravatar.com\/avatar\/5964256d6c6957de3a3505278957e0fb2a35119ac47ea41827a65301213c810b?s=96&d=mm&r=g","url":"https:\/\/secure.gravatar.com\/avatar\/5964256d6c6957de3a3505278957e0fb2a35119ac47ea41827a65301213c810b?s=96&d=mm&r=g","contentUrl":"https:\/\/secure.gravatar.com\/avatar\/5964256d6c6957de3a3505278957e0fb2a35119ac47ea41827a65301213c810b?s=96&d=mm&r=g","caption":"Jacqueline ROTEN"}}]}},"_links":{"self":[{"href":"https:\/\/www.iemj.org\/de\/wp-json\/wp\/v2\/posts\/69328","targetHints":{"allow":["GET"]}}],"collection":[{"href":"https:\/\/www.iemj.org\/de\/wp-json\/wp\/v2\/posts"}],"about":[{"href":"https:\/\/www.iemj.org\/de\/wp-json\/wp\/v2\/types\/post"}],"author":[{"embeddable":true,"href":"https:\/\/www.iemj.org\/de\/wp-json\/wp\/v2\/users\/5"}],"replies":[{"embeddable":true,"href":"https:\/\/www.iemj.org\/de\/wp-json\/wp\/v2\/comments?post=69328"}],"version-history":[{"count":2,"href":"https:\/\/www.iemj.org\/de\/wp-json\/wp\/v2\/posts\/69328\/revisions"}],"predecessor-version":[{"id":130152,"href":"https:\/\/www.iemj.org\/de\/wp-json\/wp\/v2\/posts\/69328\/revisions\/130152"}],"wp:featuredmedia":[{"embeddable":true,"href":"https:\/\/www.iemj.org\/de\/wp-json\/wp\/v2\/media\/69329"}],"wp:attachment":[{"href":"https:\/\/www.iemj.org\/de\/wp-json\/wp\/v2\/media?parent=69328"}],"wp:term":[{"taxonomy":"category","embeddable":true,"href":"https:\/\/www.iemj.org\/de\/wp-json\/wp\/v2\/categories?post=69328"},{"taxonomy":"post_tag","embeddable":true,"href":"https:\/\/www.iemj.org\/de\/wp-json\/wp\/v2\/tags?post=69328"},{"taxonomy":"technique","embeddable":true,"href":"https:\/\/www.iemj.org\/de\/wp-json\/wp\/v2\/technique?post=69328"},{"taxonomy":"squelettes","embeddable":true,"href":"https:\/\/www.iemj.org\/de\/wp-json\/wp\/v2\/squelettes?post=69328"},{"taxonomy":"sujet","embeddable":true,"href":"https:\/\/www.iemj.org\/de\/wp-json\/wp\/v2\/sujet?post=69328"},{"taxonomy":"formation","embeddable":true,"href":"https:\/\/www.iemj.org\/de\/wp-json\/wp\/v2\/formation?post=69328"},{"taxonomy":"genre","embeddable":true,"href":"https:\/\/www.iemj.org\/de\/wp-json\/wp\/v2\/genre?post=69328"},{"taxonomy":"fonds","embeddable":true,"href":"https:\/\/www.iemj.org\/de\/wp-json\/wp\/v2\/fonds?post=69328"},{"taxonomy":"tradition","embeddable":true,"href":"https:\/\/www.iemj.org\/de\/wp-json\/wp\/v2\/tradition?post=69328"},{"taxonomy":"type-de-contenu","embeddable":true,"href":"https:\/\/www.iemj.org\/de\/wp-json\/wp\/v2\/type-de-contenu?post=69328"},{"taxonomy":"interprete-compositeur","embeddable":true,"href":"https:\/\/www.iemj.org\/de\/wp-json\/wp\/v2\/interprete-compositeur?post=69328"},{"taxonomy":"frise","embeddable":true,"href":"https:\/\/www.iemj.org\/de\/wp-json\/wp\/v2\/frise?post=69328"},{"taxonomy":"type-devenement","embeddable":true,"href":"https:\/\/www.iemj.org\/de\/wp-json\/wp\/v2\/type-devenement?post=69328"},{"taxonomy":"tableaux-liens-externes","embeddable":true,"href":"https:\/\/www.iemj.org\/de\/wp-json\/wp\/v2\/tableaux-liens-externes?post=69328"}],"curies":[{"name":"wp","href":"https:\/\/api.w.org\/{rel}","templated":true}]}}