{"id":69498,"date":"2021-01-14T10:27:05","date_gmt":"2021-01-14T09:27:05","guid":{"rendered":"https:\/\/www.iemj.org\/les-chants-de-shabbat-dans-le-rite-ashkenaze-de-louest\/"},"modified":"2024-02-16T15:59:53","modified_gmt":"2024-02-16T14:59:53","slug":"les-chants-de-shabbat-dans-le-rite-ashkenaze-de-louest","status":"publish","type":"post","link":"https:\/\/www.iemj.org\/de\/les-chants-de-shabbat-dans-le-rite-ashkenaze-de-louest\/","title":{"rendered":"DIE SABBATLIEDER IM ASCHKENASISCHEN RITUS WESTEUROPAS"},"content":{"rendered":"<p><strong>Eine Auswahl an mehr oder weniger traditionellen SabbatLiedern aus Westeuropa, dargeboten von Adolphe Attia, Shalom Berlinski, Joseph Borin, Michel Heymann und viele andere<\/strong><\/p>\n<p><!--more--><\/p>\n<p>Der Sabbat ist ein Ruhetag und eine Institution des j\u00fcdischen Lebens. Die Lieder, welche diesen besonderen Tag untermalen, spielen dabei eine wichtige Rolle. Sei es in er Synagoge mit den f\u00fcnf Gottesdiensten von <em>Kabbalat Schabbat<\/em> bis <em>Motsei Schabbat <\/em>oder zu Hause mit Ritualen, wie dem Anz\u00fcnden der Kerzen, dem <em>Kiddusch<\/em> (Segen des Weins) am Freitagabend, dem <a href=\"https:\/\/de.wikipedia.org\/wiki\/Birkat_Hamason\" target=\"_blank\" rel=\"noopener\"><em>Birkat Hamason<\/em><\/a> (Tischgebet, das nach dem Essen gesprochen wird) oder auch der <a href=\"https:\/\/de.wikipedia.org\/wiki\/Hawdala\" target=\"_blank\" rel=\"noopener\"><em>Hawdala<\/em><\/a> (letzer <em>Kiddusch<\/em>, welcher den Sabbat abschlie\u00dft). Es ist au\u00dferdem auch \u00fcblich, w\u00e4hrend der vier Sabbat-Mahlzeiten zahlreiche religi\u00f6se Gedichte die <em>Zemirot <\/em>(bei den chassidischen Juden auch Tish Nigunim) genannt werden, zu singen.<\/p>\n<p>Der Sabbat erm\u00f6glicht es so seine innere Stimme durch seine \u00e4u\u00dfere Stimme zu finden.<\/p>\n<p>Auf der folgenden Playlist ist eine Auswahl an mehr oder weniger traditionellen Sabbat-Liedern aus aschkenasischen Gemeinschaften in Frankreich (Kompositionen von <a href=\"https:\/\/www.iemj.org\/de\/samuel-naumbourg-1817-1880\/\" target=\"_blank\" rel=\"noopener\">Samuel Naumbourg<\/a>, <a href=\"https:\/\/www.iemj.org\/de\/franck-jules-1858-1941\/\" target=\"_blank\" rel=\"noopener\">Jules Franck<\/a> und <a href=\"https:\/\/www.iemj.org\/de\/algazi-leon-1890-1971\/\" target=\"_blank\" rel=\"noopener\">L\u00e9on Algazi<\/a>) in Deutschland (<a href=\"https:\/\/www.iemj.org\/de\/lewandowski-louis-lazarus-1821-1894\/\" target=\"_blank\" rel=\"noopener\">Lous Lewandowski<\/a>) und in \u00d6sterreich (<a href=\"https:\/\/www.iemj.org\/de\/sulzer-salomon-1804-1890\/\" target=\"_blank\" rel=\"noopener\">Salomon Sulzer<\/a> und <a href=\"https:\/\/www.iemj.org\/de\/ledor-vador-la-vienne-imperiale-de-franz-schubert-et-salomon-sulzer\/\" target=\"_blank\" rel=\"noopener\">Franz Schubert<\/a>), enthalten. Anzumerken ist, dass der Gro\u00dfteil der auf der Playlist zu h\u00f6renden St\u00fccken, zum Zweck der Aufnahme von Musikinstrumenten begleitet wurden, was am Sabbat in den meisten j\u00fcdischen Gemeinschaften, mit Ausnahme von liberalen Synagogen, allerdings verboten ist.<\/p>\n<p><a href=\"https:\/\/www.iemj.org\/de\/les-chants-de-shabbat\/\" target=\"_blank\" rel=\"noopener\">Lesen Sie den Artikel \u00fcber die SabbatLieder<\/a><\/p>\n\n\n<figure class=\"wp-block-image size-large\"><img fetchpriority=\"high\" decoding=\"async\" width=\"1024\" height=\"146\" src=\"https:\/\/www.iemj.org\/wp-content\/uploads\/2023\/01\/Bandeau-Playlist_DE2-1024x146.jpg\" alt=\"\" class=\"wp-image-93110\" srcset=\"https:\/\/www.iemj.org\/wp-content\/uploads\/2023\/01\/Bandeau-Playlist_DE2-1024x146.jpg 1024w, https:\/\/www.iemj.org\/wp-content\/uploads\/2023\/01\/Bandeau-Playlist_DE2-300x43.jpg 300w, https:\/\/www.iemj.org\/wp-content\/uploads\/2023\/01\/Bandeau-Playlist_DE2-768x110.jpg 768w, https:\/\/www.iemj.org\/wp-content\/uploads\/2023\/01\/Bandeau-Playlist_DE2-1536x220.jpg 1536w, https:\/\/www.iemj.org\/wp-content\/uploads\/2023\/01\/Bandeau-Playlist_DE2-600x86.jpg 600w, https:\/\/www.iemj.org\/wp-content\/uploads\/2023\/01\/Bandeau-Playlist_DE2.jpg 1608w\" sizes=\"(max-width: 1024px) 100vw, 1024px\" \/><\/figure>\n\n\n\n<div class=\"wp-block-file\"><a id=\"wp-block-file--media-1625cb92-7c01-436a-a6b4-4f4899dcc239\" href=\"https:\/\/www.iemj.org\/wp-content\/uploads\/2021\/01\/01_lecho_dodi_samuel_naumbourg-shalom_berlinski_extrait_.mp3\">Lecho Dodi &#8211; Samuel Naumbourg &#8211; Shalom Berlinski (Extrait)<\/a><\/div>\n\n\n\n<div class=\"wp-block-file\"><a id=\"wp-block-file--media-849adfaa-8d2c-4352-8b96-ee9c0dd346cc\" href=\"https:\/\/www.iemj.org\/wp-content\/uploads\/2021\/01\/02_lekho_dodi_leon_algazi_adolphe_attia_extrait_.mp3\">Lekho dodi &#8211; Leon Algazi &#8211; Adolphe Attia (Extrait)<\/a><\/div>\n\n\n\n<div class=\"wp-block-file\"><a id=\"wp-block-file--media-3e325917-85af-4475-9ff9-5a41391a712a\" href=\"https:\/\/www.iemj.org\/wp-content\/uploads\/2021\/01\/03_leho_dodi_salomon_sulzer_ensemble_vocal_hebraica_dir_hector_sabo_extrait_.mp3\">Leho dodi &#8211; Salomon Sulzer &#8211; Ensemble vocal hebraica dir Hector Sabo (Extrait)<\/a><\/div>\n\n\n\n<div class=\"wp-block-file\"><a id=\"wp-block-file--media-43e2fbc3-a32a-41ba-8fc3-9aa08cf8d76a\" href=\"https:\/\/www.iemj.org\/wp-content\/uploads\/2021\/01\/04_chir_hamalaus_ps_126__trad__michel_heymann_et_jean-marc_israel.mp3\">Chir Hamalaus (ps 126) &#8211; trad. &#8211; Michel Heymann et Jean Marc Israel<\/a><\/div>\n\n\n\n<div class=\"wp-block-file\"><a id=\"wp-block-file--media-099584da-752c-468c-bfca-f43679cf18a9\" href=\"https:\/\/www.iemj.org\/wp-content\/uploads\/2021\/01\/05_kidoush_jules_franck_shalom_berlinski.mp3\">Kidoush &#8211; Jules Franck &#8211; Shalom Berlinski<\/a><\/div>\n\n\n\n<div class=\"wp-block-file\"><a id=\"wp-block-file--media-b29e80da-95fd-41cc-96bd-2d3cdc99d80a\" href=\"https:\/\/www.iemj.org\/wp-content\/uploads\/2021\/01\/06_hachiwenou_trad_joseph_borin_extrait_.mp3\">Hachiwenou &#8211; trad. &#8211; Joseph Borin (Extrait)<\/a><\/div>\n\n\n\n<div class=\"wp-block-file\"><a id=\"wp-block-file--media-78ca2d3a-072c-40a9-8300-3f70b307dc86\" href=\"https:\/\/www.iemj.org\/wp-content\/uploads\/2021\/01\/07_w-shomru_leo_roth_and_the_leipzig_choir.mp3\">W&#8217;shomru &#8211; Leo Roth and the Leipzig Choir<\/a><\/div>\n\n\n\n<div class=\"wp-block-file\"><a id=\"wp-block-file--media-4c0e9e22-d9c5-4b2d-9a2a-65e1d64227d5\" href=\"https:\/\/www.iemj.org\/wp-content\/uploads\/2021\/01\/08_ouvnou_ho_yomar_priere_sortie_de_la_torah_louis_lewandowski_adolphe_attia.mp3\">Ouvnou&#8217;ho yomar (priere sortie de la Torah) &#8211; Louis Lewandowski &#8211; Adolphe Attia<\/a><\/div>\n\n\n\n<div class=\"wp-block-file\"><a id=\"wp-block-file--media-679c8a71-0fd7-41d4-8be1-979ee8318972\" href=\"https:\/\/www.iemj.org\/wp-content\/uploads\/2021\/01\/09_tow_lehodos_ps_92__franz_schubert_europaischer_synagogalchor_dir_andor_izsak_extrait_.mp3\">Tow lehodos (ps 92) &#8211; Franz Schubert &#8211; Europaischer Synagogalchor, dir Andor Izsak (Extrait)<\/a><\/div>\n","protected":false},"excerpt":{"rendered":"<p>Eine Auswahl an mehr oder weniger traditionellen SabbatLiedern aus Westeuropa, dargeboten von Adolphe Attia, Shalom Berlinski, Joseph Borin, Michel Heymann und viele andere<\/p>\n","protected":false},"author":1045,"featured_media":69499,"comment_status":"closed","ping_status":"closed","sticky":false,"template":"","format":"standard","meta":{"_acf_changed":false,"footnotes":""},"categories":[1534],"tags":[],"technique":[],"squelettes":[],"sujet":[1856],"formation":[],"genre":[1891],"fonds":[],"tradition":[1983],"type-de-contenu":[],"interprete-compositeur":[],"frise":[],"type-devenement":[],"tableaux-liens-externes":[],"class_list":["post-69498","post","type-post","status-publish","format-standard","has-post-thumbnail","hentry","category-playlists-de","sujet-sabbat-de","genre-liturgie-de","tradition-aschkenasischer-ritus-de"],"acf":[],"yoast_head":"<!-- This site is optimized with the Yoast SEO plugin v27.3 - https:\/\/yoast.com\/product\/yoast-seo-wordpress\/ -->\n<title>DIE SABBATLIEDER IM ASCHKENASISCHEN RITUS WESTEUROPAS - Institut Europ\u00e9en des Musiques Juives<\/title>\n<meta name=\"robots\" content=\"index, follow, max-snippet:-1, max-image-preview:large, max-video-preview:-1\" \/>\n<link rel=\"canonical\" href=\"https:\/\/www.iemj.org\/de\/les-chants-de-shabbat-dans-le-rite-ashkenaze-de-louest\/\" \/>\n<meta property=\"og:locale\" content=\"de_DE\" \/>\n<meta property=\"og:type\" content=\"article\" \/>\n<meta property=\"og:title\" content=\"DIE SABBATLIEDER IM ASCHKENASISCHEN RITUS WESTEUROPAS - Institut Europ\u00e9en des Musiques Juives\" \/>\n<meta property=\"og:description\" content=\"Eine Auswahl an mehr oder weniger traditionellen SabbatLiedern aus Westeuropa, dargeboten von Adolphe Attia, Shalom Berlinski, Joseph Borin, Michel Heymann und viele andere\" \/>\n<meta property=\"og:url\" content=\"https:\/\/www.iemj.org\/de\/les-chants-de-shabbat-dans-le-rite-ashkenaze-de-louest\/\" \/>\n<meta property=\"og:site_name\" content=\"Institut Europ\u00e9en des Musiques Juives\" \/>\n<meta property=\"article:publisher\" content=\"https:\/\/www.facebook.com\/MusiquesJuives\/\" \/>\n<meta property=\"article:published_time\" content=\"2021-01-14T09:27:05+00:00\" \/>\n<meta property=\"article:modified_time\" content=\"2024-02-16T14:59:53+00:00\" \/>\n<meta property=\"og:image\" content=\"https:\/\/www.iemj.org\/wp-content\/uploads\/2021\/01\/arton4965-e1618493385767.jpg\" \/>\n\t<meta property=\"og:image:width\" content=\"350\" \/>\n\t<meta property=\"og:image:height\" content=\"347\" \/>\n\t<meta property=\"og:image:type\" content=\"image\/jpeg\" \/>\n<meta name=\"author\" content=\"Herv\u00e9 Roten\" \/>\n<meta name=\"twitter:card\" content=\"summary_large_image\" \/>\n<meta name=\"twitter:label1\" content=\"Verfasst von\" \/>\n\t<meta name=\"twitter:data1\" content=\"Herv\u00e9 Roten\" \/>\n\t<meta name=\"twitter:label2\" content=\"Gesch\u00e4tzte Lesezeit\" \/>\n\t<meta name=\"twitter:data2\" content=\"2\u00a0Minuten\" \/>\n<script type=\"application\/ld+json\" class=\"yoast-schema-graph\">{\"@context\":\"https:\\\/\\\/schema.org\",\"@graph\":[{\"@type\":\"Article\",\"@id\":\"https:\\\/\\\/www.iemj.org\\\/de\\\/les-chants-de-shabbat-dans-le-rite-ashkenaze-de-louest\\\/#article\",\"isPartOf\":{\"@id\":\"https:\\\/\\\/www.iemj.org\\\/de\\\/les-chants-de-shabbat-dans-le-rite-ashkenaze-de-louest\\\/\"},\"author\":{\"name\":\"Herv\u00e9 Roten\",\"@id\":\"https:\\\/\\\/www.iemj.org\\\/de\\\/#\\\/schema\\\/person\\\/906134402c29d5c76e7b726261dd4bbd\"},\"headline\":\"DIE SABBATLIEDER IM ASCHKENASISCHEN RITUS WESTEUROPAS\",\"datePublished\":\"2021-01-14T09:27:05+00:00\",\"dateModified\":\"2024-02-16T14:59:53+00:00\",\"mainEntityOfPage\":{\"@id\":\"https:\\\/\\\/www.iemj.org\\\/de\\\/les-chants-de-shabbat-dans-le-rite-ashkenaze-de-louest\\\/\"},\"wordCount\":333,\"publisher\":{\"@id\":\"https:\\\/\\\/www.iemj.org\\\/de\\\/#organization\"},\"image\":{\"@id\":\"https:\\\/\\\/www.iemj.org\\\/de\\\/les-chants-de-shabbat-dans-le-rite-ashkenaze-de-louest\\\/#primaryimage\"},\"thumbnailUrl\":\"https:\\\/\\\/www.iemj.org\\\/wp-content\\\/uploads\\\/2021\\\/01\\\/arton4965-e1618493385767.jpg\",\"articleSection\":[\"Playlists\"],\"inLanguage\":\"de\"},{\"@type\":\"WebPage\",\"@id\":\"https:\\\/\\\/www.iemj.org\\\/de\\\/les-chants-de-shabbat-dans-le-rite-ashkenaze-de-louest\\\/\",\"url\":\"https:\\\/\\\/www.iemj.org\\\/de\\\/les-chants-de-shabbat-dans-le-rite-ashkenaze-de-louest\\\/\",\"name\":\"DIE SABBATLIEDER IM ASCHKENASISCHEN RITUS WESTEUROPAS - Institut Europ\u00e9en des Musiques Juives\",\"isPartOf\":{\"@id\":\"https:\\\/\\\/www.iemj.org\\\/de\\\/#website\"},\"primaryImageOfPage\":{\"@id\":\"https:\\\/\\\/www.iemj.org\\\/de\\\/les-chants-de-shabbat-dans-le-rite-ashkenaze-de-louest\\\/#primaryimage\"},\"image\":{\"@id\":\"https:\\\/\\\/www.iemj.org\\\/de\\\/les-chants-de-shabbat-dans-le-rite-ashkenaze-de-louest\\\/#primaryimage\"},\"thumbnailUrl\":\"https:\\\/\\\/www.iemj.org\\\/wp-content\\\/uploads\\\/2021\\\/01\\\/arton4965-e1618493385767.jpg\",\"datePublished\":\"2021-01-14T09:27:05+00:00\",\"dateModified\":\"2024-02-16T14:59:53+00:00\",\"breadcrumb\":{\"@id\":\"https:\\\/\\\/www.iemj.org\\\/de\\\/les-chants-de-shabbat-dans-le-rite-ashkenaze-de-louest\\\/#breadcrumb\"},\"inLanguage\":\"de\",\"potentialAction\":[{\"@type\":\"ReadAction\",\"target\":[\"https:\\\/\\\/www.iemj.org\\\/de\\\/les-chants-de-shabbat-dans-le-rite-ashkenaze-de-louest\\\/\"]}]},{\"@type\":\"ImageObject\",\"inLanguage\":\"de\",\"@id\":\"https:\\\/\\\/www.iemj.org\\\/de\\\/les-chants-de-shabbat-dans-le-rite-ashkenaze-de-louest\\\/#primaryimage\",\"url\":\"https:\\\/\\\/www.iemj.org\\\/wp-content\\\/uploads\\\/2021\\\/01\\\/arton4965-e1618493385767.jpg\",\"contentUrl\":\"https:\\\/\\\/www.iemj.org\\\/wp-content\\\/uploads\\\/2021\\\/01\\\/arton4965-e1618493385767.jpg\",\"width\":350,\"height\":347},{\"@type\":\"BreadcrumbList\",\"@id\":\"https:\\\/\\\/www.iemj.org\\\/de\\\/les-chants-de-shabbat-dans-le-rite-ashkenaze-de-louest\\\/#breadcrumb\",\"itemListElement\":[{\"@type\":\"ListItem\",\"position\":1,\"name\":\"Accueil\",\"item\":\"https:\\\/\\\/www.iemj.org\\\/de\\\/\"},{\"@type\":\"ListItem\",\"position\":2,\"name\":\"DIE SABBATLIEDER IM ASCHKENASISCHEN RITUS WESTEUROPAS\"}]},{\"@type\":\"WebSite\",\"@id\":\"https:\\\/\\\/www.iemj.org\\\/de\\\/#website\",\"url\":\"https:\\\/\\\/www.iemj.org\\\/de\\\/\",\"name\":\"Institut Europ\u00e9en des Musiques Juives\",\"description\":\"Des traditions musicales \u00e0 la port\u00e9e de tous\",\"publisher\":{\"@id\":\"https:\\\/\\\/www.iemj.org\\\/de\\\/#organization\"},\"potentialAction\":[{\"@type\":\"SearchAction\",\"target\":{\"@type\":\"EntryPoint\",\"urlTemplate\":\"https:\\\/\\\/www.iemj.org\\\/de\\\/?s={search_term_string}\"},\"query-input\":{\"@type\":\"PropertyValueSpecification\",\"valueRequired\":true,\"valueName\":\"search_term_string\"}}],\"inLanguage\":\"de\"},{\"@type\":\"Organization\",\"@id\":\"https:\\\/\\\/www.iemj.org\\\/de\\\/#organization\",\"name\":\"Institut Europ\u00e9en des Musiques Juives\",\"url\":\"https:\\\/\\\/www.iemj.org\\\/de\\\/\",\"logo\":{\"@type\":\"ImageObject\",\"inLanguage\":\"de\",\"@id\":\"https:\\\/\\\/www.iemj.org\\\/de\\\/#\\\/schema\\\/logo\\\/image\\\/\",\"url\":\"https:\\\/\\\/www.iemj.org\\\/wp-content\\\/uploads\\\/2021\\\/09\\\/Logo-IEMJ-Paypal.jpg\",\"contentUrl\":\"https:\\\/\\\/www.iemj.org\\\/wp-content\\\/uploads\\\/2021\\\/09\\\/Logo-IEMJ-Paypal.jpg\",\"width\":150,\"height\":50,\"caption\":\"Institut Europ\u00e9en des Musiques Juives\"},\"image\":{\"@id\":\"https:\\\/\\\/www.iemj.org\\\/de\\\/#\\\/schema\\\/logo\\\/image\\\/\"},\"sameAs\":[\"https:\\\/\\\/www.facebook.com\\\/MusiquesJuives\\\/\",\"https:\\\/\\\/www.instagram.com\\\/musiquesjuives\\\/\",\"https:\\\/\\\/www.youtube.com\\\/user\\\/musiquesjuives\"]},{\"@type\":\"Person\",\"@id\":\"https:\\\/\\\/www.iemj.org\\\/de\\\/#\\\/schema\\\/person\\\/906134402c29d5c76e7b726261dd4bbd\",\"name\":\"Herv\u00e9 Roten\",\"image\":{\"@type\":\"ImageObject\",\"inLanguage\":\"de\",\"@id\":\"https:\\\/\\\/secure.gravatar.com\\\/avatar\\\/f96ad2db538a26481f18384936b5cd0610c92d390c4dc382209216d455f685ff?s=96&d=mm&r=g\",\"url\":\"https:\\\/\\\/secure.gravatar.com\\\/avatar\\\/f96ad2db538a26481f18384936b5cd0610c92d390c4dc382209216d455f685ff?s=96&d=mm&r=g\",\"contentUrl\":\"https:\\\/\\\/secure.gravatar.com\\\/avatar\\\/f96ad2db538a26481f18384936b5cd0610c92d390c4dc382209216d455f685ff?s=96&d=mm&r=g\",\"caption\":\"Herv\u00e9 Roten\"}}]}<\/script>\n<!-- \/ Yoast SEO plugin. -->","yoast_head_json":{"title":"DIE SABBATLIEDER IM ASCHKENASISCHEN RITUS WESTEUROPAS - Institut Europ\u00e9en des Musiques Juives","robots":{"index":"index","follow":"follow","max-snippet":"max-snippet:-1","max-image-preview":"max-image-preview:large","max-video-preview":"max-video-preview:-1"},"canonical":"https:\/\/www.iemj.org\/de\/les-chants-de-shabbat-dans-le-rite-ashkenaze-de-louest\/","og_locale":"de_DE","og_type":"article","og_title":"DIE SABBATLIEDER IM ASCHKENASISCHEN RITUS WESTEUROPAS - Institut Europ\u00e9en des Musiques Juives","og_description":"Eine Auswahl an mehr oder weniger traditionellen SabbatLiedern aus Westeuropa, dargeboten von Adolphe Attia, Shalom Berlinski, Joseph Borin, Michel Heymann und viele andere","og_url":"https:\/\/www.iemj.org\/de\/les-chants-de-shabbat-dans-le-rite-ashkenaze-de-louest\/","og_site_name":"Institut Europ\u00e9en des Musiques Juives","article_publisher":"https:\/\/www.facebook.com\/MusiquesJuives\/","article_published_time":"2021-01-14T09:27:05+00:00","article_modified_time":"2024-02-16T14:59:53+00:00","og_image":[{"width":350,"height":347,"url":"https:\/\/www.iemj.org\/wp-content\/uploads\/2021\/01\/arton4965-e1618493385767.jpg","type":"image\/jpeg"}],"author":"Herv\u00e9 Roten","twitter_card":"summary_large_image","twitter_misc":{"Verfasst von":"Herv\u00e9 Roten","Gesch\u00e4tzte Lesezeit":"2\u00a0Minuten"},"schema":{"@context":"https:\/\/schema.org","@graph":[{"@type":"Article","@id":"https:\/\/www.iemj.org\/de\/les-chants-de-shabbat-dans-le-rite-ashkenaze-de-louest\/#article","isPartOf":{"@id":"https:\/\/www.iemj.org\/de\/les-chants-de-shabbat-dans-le-rite-ashkenaze-de-louest\/"},"author":{"name":"Herv\u00e9 Roten","@id":"https:\/\/www.iemj.org\/de\/#\/schema\/person\/906134402c29d5c76e7b726261dd4bbd"},"headline":"DIE SABBATLIEDER IM ASCHKENASISCHEN RITUS WESTEUROPAS","datePublished":"2021-01-14T09:27:05+00:00","dateModified":"2024-02-16T14:59:53+00:00","mainEntityOfPage":{"@id":"https:\/\/www.iemj.org\/de\/les-chants-de-shabbat-dans-le-rite-ashkenaze-de-louest\/"},"wordCount":333,"publisher":{"@id":"https:\/\/www.iemj.org\/de\/#organization"},"image":{"@id":"https:\/\/www.iemj.org\/de\/les-chants-de-shabbat-dans-le-rite-ashkenaze-de-louest\/#primaryimage"},"thumbnailUrl":"https:\/\/www.iemj.org\/wp-content\/uploads\/2021\/01\/arton4965-e1618493385767.jpg","articleSection":["Playlists"],"inLanguage":"de"},{"@type":"WebPage","@id":"https:\/\/www.iemj.org\/de\/les-chants-de-shabbat-dans-le-rite-ashkenaze-de-louest\/","url":"https:\/\/www.iemj.org\/de\/les-chants-de-shabbat-dans-le-rite-ashkenaze-de-louest\/","name":"DIE SABBATLIEDER IM ASCHKENASISCHEN RITUS WESTEUROPAS - Institut Europ\u00e9en des Musiques Juives","isPartOf":{"@id":"https:\/\/www.iemj.org\/de\/#website"},"primaryImageOfPage":{"@id":"https:\/\/www.iemj.org\/de\/les-chants-de-shabbat-dans-le-rite-ashkenaze-de-louest\/#primaryimage"},"image":{"@id":"https:\/\/www.iemj.org\/de\/les-chants-de-shabbat-dans-le-rite-ashkenaze-de-louest\/#primaryimage"},"thumbnailUrl":"https:\/\/www.iemj.org\/wp-content\/uploads\/2021\/01\/arton4965-e1618493385767.jpg","datePublished":"2021-01-14T09:27:05+00:00","dateModified":"2024-02-16T14:59:53+00:00","breadcrumb":{"@id":"https:\/\/www.iemj.org\/de\/les-chants-de-shabbat-dans-le-rite-ashkenaze-de-louest\/#breadcrumb"},"inLanguage":"de","potentialAction":[{"@type":"ReadAction","target":["https:\/\/www.iemj.org\/de\/les-chants-de-shabbat-dans-le-rite-ashkenaze-de-louest\/"]}]},{"@type":"ImageObject","inLanguage":"de","@id":"https:\/\/www.iemj.org\/de\/les-chants-de-shabbat-dans-le-rite-ashkenaze-de-louest\/#primaryimage","url":"https:\/\/www.iemj.org\/wp-content\/uploads\/2021\/01\/arton4965-e1618493385767.jpg","contentUrl":"https:\/\/www.iemj.org\/wp-content\/uploads\/2021\/01\/arton4965-e1618493385767.jpg","width":350,"height":347},{"@type":"BreadcrumbList","@id":"https:\/\/www.iemj.org\/de\/les-chants-de-shabbat-dans-le-rite-ashkenaze-de-louest\/#breadcrumb","itemListElement":[{"@type":"ListItem","position":1,"name":"Accueil","item":"https:\/\/www.iemj.org\/de\/"},{"@type":"ListItem","position":2,"name":"DIE SABBATLIEDER IM ASCHKENASISCHEN RITUS WESTEUROPAS"}]},{"@type":"WebSite","@id":"https:\/\/www.iemj.org\/de\/#website","url":"https:\/\/www.iemj.org\/de\/","name":"Institut Europ\u00e9en des Musiques Juives","description":"Des traditions musicales \u00e0 la port\u00e9e de tous","publisher":{"@id":"https:\/\/www.iemj.org\/de\/#organization"},"potentialAction":[{"@type":"SearchAction","target":{"@type":"EntryPoint","urlTemplate":"https:\/\/www.iemj.org\/de\/?s={search_term_string}"},"query-input":{"@type":"PropertyValueSpecification","valueRequired":true,"valueName":"search_term_string"}}],"inLanguage":"de"},{"@type":"Organization","@id":"https:\/\/www.iemj.org\/de\/#organization","name":"Institut Europ\u00e9en des Musiques Juives","url":"https:\/\/www.iemj.org\/de\/","logo":{"@type":"ImageObject","inLanguage":"de","@id":"https:\/\/www.iemj.org\/de\/#\/schema\/logo\/image\/","url":"https:\/\/www.iemj.org\/wp-content\/uploads\/2021\/09\/Logo-IEMJ-Paypal.jpg","contentUrl":"https:\/\/www.iemj.org\/wp-content\/uploads\/2021\/09\/Logo-IEMJ-Paypal.jpg","width":150,"height":50,"caption":"Institut Europ\u00e9en des Musiques Juives"},"image":{"@id":"https:\/\/www.iemj.org\/de\/#\/schema\/logo\/image\/"},"sameAs":["https:\/\/www.facebook.com\/MusiquesJuives\/","https:\/\/www.instagram.com\/musiquesjuives\/","https:\/\/www.youtube.com\/user\/musiquesjuives"]},{"@type":"Person","@id":"https:\/\/www.iemj.org\/de\/#\/schema\/person\/906134402c29d5c76e7b726261dd4bbd","name":"Herv\u00e9 Roten","image":{"@type":"ImageObject","inLanguage":"de","@id":"https:\/\/secure.gravatar.com\/avatar\/f96ad2db538a26481f18384936b5cd0610c92d390c4dc382209216d455f685ff?s=96&d=mm&r=g","url":"https:\/\/secure.gravatar.com\/avatar\/f96ad2db538a26481f18384936b5cd0610c92d390c4dc382209216d455f685ff?s=96&d=mm&r=g","contentUrl":"https:\/\/secure.gravatar.com\/avatar\/f96ad2db538a26481f18384936b5cd0610c92d390c4dc382209216d455f685ff?s=96&d=mm&r=g","caption":"Herv\u00e9 Roten"}}]}},"_links":{"self":[{"href":"https:\/\/www.iemj.org\/de\/wp-json\/wp\/v2\/posts\/69498","targetHints":{"allow":["GET"]}}],"collection":[{"href":"https:\/\/www.iemj.org\/de\/wp-json\/wp\/v2\/posts"}],"about":[{"href":"https:\/\/www.iemj.org\/de\/wp-json\/wp\/v2\/types\/post"}],"author":[{"embeddable":true,"href":"https:\/\/www.iemj.org\/de\/wp-json\/wp\/v2\/users\/1045"}],"replies":[{"embeddable":true,"href":"https:\/\/www.iemj.org\/de\/wp-json\/wp\/v2\/comments?post=69498"}],"version-history":[{"count":0,"href":"https:\/\/www.iemj.org\/de\/wp-json\/wp\/v2\/posts\/69498\/revisions"}],"wp:featuredmedia":[{"embeddable":true,"href":"https:\/\/www.iemj.org\/de\/wp-json\/wp\/v2\/media\/69499"}],"wp:attachment":[{"href":"https:\/\/www.iemj.org\/de\/wp-json\/wp\/v2\/media?parent=69498"}],"wp:term":[{"taxonomy":"category","embeddable":true,"href":"https:\/\/www.iemj.org\/de\/wp-json\/wp\/v2\/categories?post=69498"},{"taxonomy":"post_tag","embeddable":true,"href":"https:\/\/www.iemj.org\/de\/wp-json\/wp\/v2\/tags?post=69498"},{"taxonomy":"technique","embeddable":true,"href":"https:\/\/www.iemj.org\/de\/wp-json\/wp\/v2\/technique?post=69498"},{"taxonomy":"squelettes","embeddable":true,"href":"https:\/\/www.iemj.org\/de\/wp-json\/wp\/v2\/squelettes?post=69498"},{"taxonomy":"sujet","embeddable":true,"href":"https:\/\/www.iemj.org\/de\/wp-json\/wp\/v2\/sujet?post=69498"},{"taxonomy":"formation","embeddable":true,"href":"https:\/\/www.iemj.org\/de\/wp-json\/wp\/v2\/formation?post=69498"},{"taxonomy":"genre","embeddable":true,"href":"https:\/\/www.iemj.org\/de\/wp-json\/wp\/v2\/genre?post=69498"},{"taxonomy":"fonds","embeddable":true,"href":"https:\/\/www.iemj.org\/de\/wp-json\/wp\/v2\/fonds?post=69498"},{"taxonomy":"tradition","embeddable":true,"href":"https:\/\/www.iemj.org\/de\/wp-json\/wp\/v2\/tradition?post=69498"},{"taxonomy":"type-de-contenu","embeddable":true,"href":"https:\/\/www.iemj.org\/de\/wp-json\/wp\/v2\/type-de-contenu?post=69498"},{"taxonomy":"interprete-compositeur","embeddable":true,"href":"https:\/\/www.iemj.org\/de\/wp-json\/wp\/v2\/interprete-compositeur?post=69498"},{"taxonomy":"frise","embeddable":true,"href":"https:\/\/www.iemj.org\/de\/wp-json\/wp\/v2\/frise?post=69498"},{"taxonomy":"type-devenement","embeddable":true,"href":"https:\/\/www.iemj.org\/de\/wp-json\/wp\/v2\/type-devenement?post=69498"},{"taxonomy":"tableaux-liens-externes","embeddable":true,"href":"https:\/\/www.iemj.org\/de\/wp-json\/wp\/v2\/tableaux-liens-externes?post=69498"}],"curies":[{"name":"wp","href":"https:\/\/api.w.org\/{rel}","templated":true}]}}