{"id":70255,"date":"2021-10-04T13:03:51","date_gmt":"2021-10-04T11:03:51","guid":{"rendered":"https:\/\/www.iemj.org\/dorothee-a-bikhele-lider\/"},"modified":"2025-10-16T17:59:32","modified_gmt":"2025-10-16T15:59:32","slug":"dorothee-a-bikhele-lider","status":"publish","type":"post","link":"https:\/\/www.iemj.org\/de\/dorothee-a-bikhele-lider\/","title":{"rendered":"Doroth\u00e9e &#8211; A bikhele Lider"},"content":{"rendered":"<p>Als Hommage an Doroth\u00e9e Vienney, eine jiddische Lehrerin, die am 23. Februar 2021 im Alter von 86 Jahren verstorben ist, ist dieses bikhele lider (kleines Liederbuch) von Isabelle Georges ein Juwel in seiner Einfalt, Intimit\u00e4t und Sch\u00f6nheit.<\/p>\n<p>Es beginnt mit einem Buch, einer Zusammenstellung verschiedener Texte, darunter eine kurze Biografie von Doroth\u00e9e Vienney, Liedworte auf Franz\u00f6sisch und Jiddisch, einen Witz, ein Rezept, ein Gedicht, Zeugnisse der Freundschaft&#8230; Wir erfahren insbesondere, wie sie in ihrer Kindheit der Nazi-Barbarei entkam, den Tod ihres Vaters, den \u00dcbergang in die freie Zone, den Internierungslager Douadic, die Trennung von ihren Br\u00fcdern und ihr Wiedersehen im Jahre 1944 sowie ihr Leben nach dem Krieg und das Erlernen von Sprachen, darunter Jiddisch, das sie sp\u00e4ter unterrichten sollte.<\/p>\n<p><span style=\"font-size: revert;\">W\u00e4hrend Sie das Buch durchbl\u00e4ttern, sollten Sie sich die Begleit-CD anh\u00f6ren. Acht Lieder auf Jiddisch und sogar auf Franz\u00f6sisch, gesungen von Isabelle Georges, der ber\u00fchmten S\u00e4ngerin mit der Samtstimme. Lieder, die alle Gef\u00fchle der jiddischen Seele widerspiegeln: Sehnsucht (<\/span><em style=\"font-size: revert;\">Di hoydlke, Du du<\/em><span style=\"font-size: revert;\">), Traurigkeit (<\/span><em style=\"font-size: revert;\">Zol zayn, Shtil di nakht is oysgeshternt<\/em><span style=\"font-size: revert;\">) oder <img fetchpriority=\"high\" decoding=\"async\" class=\"wp-image-68741 alignright\" src=\"https:\/\/www.iemj.org\/wp-content\/uploads\/2021\/10\/Isabelle-Georges-Dorothee-294x300.png\" alt=\"\" width=\"293\" height=\"298\" srcset=\"https:\/\/www.iemj.org\/wp-content\/uploads\/2021\/10\/Isabelle-Georges-Dorothee-294x300.png 294w, https:\/\/www.iemj.org\/wp-content\/uploads\/2021\/10\/Isabelle-Georges-Dorothee.png 446w\" sizes=\"(max-width: 293px) 100vw, 293px\" \/>Freude (<\/span><em style=\"font-size: revert;\">Shpil zhe mir a lidele auf Jiddisch<\/em><span style=\"font-size: revert;\">, <\/span><em style=\"font-size: revert;\">Kum Leybke tantsn<\/em><span style=\"font-size: revert;\">). Die unterschiedlichen Besetzungen lassen uns in eine intime, traurige oder festliche Atmosph\u00e4re eintauchen. Ob im Duett mit dem Gitarristen J\u00e9r\u00f4me Brajtman, der auch die Musik zu fast allen Liedern arrangiert hat, oder in gr\u00f6\u00dferer Besetzung mit dem Anouman Quartett oder dem Pianisten Frederik Steenbrink, diese Lieder verraten die Liebe von Isabelle Georges zu der dieser ganz tollen Frau Doroth\u00e9e Vienney.<\/span><\/p>\n<p>Und auch wenn Jiddisch nicht unsere Kultur, unsere Sprache ist, auch wenn wir Doroth\u00e9e Vienney nicht kannten, k\u00f6nnen wir nicht unempfindlich bleiben f\u00fcr so viel Freim\u00fctigkeit und Sch\u00f6nheit, sowohl literarisch als auch musikalisch.<\/p>\n<p>&#8222;Weint nicht, weil es vorbei ist, sondern freut euch, weil es passiert ist!&#8220;<br \/>\u05f0\u05f2\u05e0\u05d8 \u05e0\u05d9\u05e9\u05d8 \u05f0\u05f2\u05b7\u05dc \u05e1&#8217;\u05d0\u05d9\u05d6 \u05d2\u05e2\u05e2\u05e0\u05d3\u05d9\u05e7\u05d8, \u05e9\u05de\u05f2\u05db\u05dc\u05d8 \u05f0\u05f2\u05b7\u05dc \u05e1&#8217;\u05d0\u05d9\u05d6 \u05d2\u05e2\u05e9\u05e2\u05df!<br \/>Vaynt nisht vayl s&#8217;iz geendikt, shmaykhlt vayl s&#8217;iz geshen!<\/p>\n<p>Isabelle Georges<\/p>\n<p>&#8222;Jede Botschaft der Liebe, und sei sie noch so klein, muss zum Ausdruck gebracht werden. Auch dieser singt und will im Namen anderer existieren, die sich vielleicht wiedererkennen werden.<\/p>\n<p>J\u00e9r\u00f4me Brajtman<\/p>\n<p>Eine Buch-Disc mit wundersch\u00f6nen Illustrationen von Myriam Racine, unterst\u00fctzt von der Maison de la Culture Yiddish, der Fondation pour la M\u00e9moire de la Shoah und dem Verein Yiddish Pour Tous.<\/p>\n<p><a href=\"https:\/\/www.isabellegeorges.com\/en\/\" target=\"_blank\" rel=\"noopener\">Besuchen Sie die Website von Isabelle Georges<\/a><\/p>\n<p><a href=\"https:\/\/www.isabellegeorges.com\/produit\/dorothee-a-bikhele-lider-cd-livre\/\" target=\"_blank\" rel=\"noopener\">Das Buch CD Doroth\u00e9e &#8211; <em>A bikhele Lider kaufen<\/em><\/a><\/p>\n\n\n<figure class=\"wp-block-embed is-type-video is-provider-youtube wp-block-embed-youtube wp-embed-aspect-16-9 wp-has-aspect-ratio\"><div class=\"wp-block-embed__wrapper\">\n<iframe title=\"Isabelle Georges Di Hoydlke (A. Gendler)\" width=\"640\" height=\"360\" src=\"https:\/\/www.youtube.com\/embed\/cT4N4xvfdDc?feature=oembed\" frameborder=\"0\" allow=\"accelerometer; autoplay; clipboard-write; encrypted-media; gyroscope; picture-in-picture; web-share\" referrerpolicy=\"strict-origin-when-cross-origin\" allowfullscreen><\/iframe>\n<\/div><\/figure>\n\n\n<div class=\"wp-block-image\">\n<figure class=\"aligncenter size-large\"><img decoding=\"async\" width=\"1024\" height=\"133\" src=\"https:\/\/www.iemj.org\/wp-content\/uploads\/2024\/03\/AUDIO-PLAYER-1024x133.png\" alt=\"\" class=\"wp-image-110606\" srcset=\"https:\/\/www.iemj.org\/wp-content\/uploads\/2024\/03\/AUDIO-PLAYER-1024x133.png 1024w, https:\/\/www.iemj.org\/wp-content\/uploads\/2024\/03\/AUDIO-PLAYER-300x39.png 300w, https:\/\/www.iemj.org\/wp-content\/uploads\/2024\/03\/AUDIO-PLAYER-768x100.png 768w, https:\/\/www.iemj.org\/wp-content\/uploads\/2024\/03\/AUDIO-PLAYER-600x78.png 600w, https:\/\/www.iemj.org\/wp-content\/uploads\/2024\/03\/AUDIO-PLAYER.png 1210w\" sizes=\"(max-width: 1024px) 100vw, 1024px\" \/><\/figure>\n<\/div>","protected":false},"excerpt":{"rendered":"<p>Als Hommage an Doroth\u00e9e Vienney, eine jiddische Lehrerin, die am 23. Februar 2021 im Alter von 86 Jahren verstorben ist, ist dieses bikhele lider (kleines Liederbuch) von Isabelle Georges ein<\/p>\n","protected":false},"author":5,"featured_media":68677,"comment_status":"closed","ping_status":"closed","sticky":false,"template":"","format":"standard","meta":{"_acf_changed":false,"footnotes":""},"categories":[1578,1571,1561],"tags":[],"technique":[],"squelettes":[],"sujet":[],"formation":[],"genre":[1864],"fonds":[],"tradition":[],"type-de-contenu":[],"interprete-compositeur":[],"frise":[],"type-devenement":[],"tableaux-liens-externes":[],"class_list":["post-70255","post","type-post","status-publish","format-standard","has-post-thumbnail","hentry","category-bucher-artikel-de","category-cd-de","category-letzte-neuerwerbungen-de","genre-yiddish-de"],"acf":[],"yoast_head":"<!-- This site is optimized with the Yoast SEO plugin v27.3 - https:\/\/yoast.com\/product\/yoast-seo-wordpress\/ -->\n<title>Doroth\u00e9e - A bikhele Lider - Institut Europ\u00e9en des Musiques Juives<\/title>\n<meta name=\"robots\" content=\"index, follow, max-snippet:-1, max-image-preview:large, max-video-preview:-1\" \/>\n<link rel=\"canonical\" href=\"https:\/\/www.iemj.org\/de\/dorothee-a-bikhele-lider\/\" \/>\n<meta property=\"og:locale\" content=\"de_DE\" \/>\n<meta property=\"og:type\" content=\"article\" \/>\n<meta property=\"og:title\" content=\"Doroth\u00e9e - A bikhele Lider - Institut Europ\u00e9en des Musiques Juives\" \/>\n<meta property=\"og:description\" content=\"Als Hommage an Doroth\u00e9e Vienney, eine jiddische Lehrerin, die am 23. Februar 2021 im Alter von 86 Jahren verstorben ist, ist dieses bikhele lider (kleines Liederbuch) von Isabelle Georges ein\" \/>\n<meta property=\"og:url\" content=\"https:\/\/www.iemj.org\/de\/dorothee-a-bikhele-lider\/\" \/>\n<meta property=\"og:site_name\" content=\"Institut Europ\u00e9en des Musiques Juives\" \/>\n<meta property=\"article:publisher\" content=\"https:\/\/www.facebook.com\/MusiquesJuives\/\" \/>\n<meta property=\"article:published_time\" content=\"2021-10-04T11:03:51+00:00\" \/>\n<meta property=\"article:modified_time\" content=\"2025-10-16T15:59:32+00:00\" \/>\n<meta property=\"og:image\" content=\"https:\/\/www.iemj.org\/wp-content\/uploads\/2021\/10\/L_879_VIG-e1633343410133.jpg\" \/>\n\t<meta property=\"og:image:width\" content=\"400\" \/>\n\t<meta property=\"og:image:height\" content=\"514\" \/>\n\t<meta property=\"og:image:type\" content=\"image\/jpeg\" \/>\n<meta name=\"author\" content=\"Jacqueline ROTEN\" \/>\n<meta name=\"twitter:card\" content=\"summary_large_image\" \/>\n<meta name=\"twitter:label1\" content=\"Verfasst von\" \/>\n\t<meta name=\"twitter:data1\" content=\"Jacqueline ROTEN\" \/>\n\t<meta name=\"twitter:label2\" content=\"Gesch\u00e4tzte Lesezeit\" \/>\n\t<meta name=\"twitter:data2\" content=\"3\u00a0Minuten\" \/>\n<script type=\"application\/ld+json\" class=\"yoast-schema-graph\">{\"@context\":\"https:\\\/\\\/schema.org\",\"@graph\":[{\"@type\":\"Article\",\"@id\":\"https:\\\/\\\/www.iemj.org\\\/de\\\/dorothee-a-bikhele-lider\\\/#article\",\"isPartOf\":{\"@id\":\"https:\\\/\\\/www.iemj.org\\\/de\\\/dorothee-a-bikhele-lider\\\/\"},\"author\":{\"name\":\"Jacqueline ROTEN\",\"@id\":\"https:\\\/\\\/www.iemj.org\\\/de\\\/#\\\/schema\\\/person\\\/358e26c18aca017fcc4cc15437f7279c\"},\"headline\":\"Doroth\u00e9e &#8211; A bikhele Lider\",\"datePublished\":\"2021-10-04T11:03:51+00:00\",\"dateModified\":\"2025-10-16T15:59:32+00:00\",\"mainEntityOfPage\":{\"@id\":\"https:\\\/\\\/www.iemj.org\\\/de\\\/dorothee-a-bikhele-lider\\\/\"},\"wordCount\":416,\"publisher\":{\"@id\":\"https:\\\/\\\/www.iemj.org\\\/de\\\/#organization\"},\"image\":{\"@id\":\"https:\\\/\\\/www.iemj.org\\\/de\\\/dorothee-a-bikhele-lider\\\/#primaryimage\"},\"thumbnailUrl\":\"https:\\\/\\\/www.iemj.org\\\/wp-content\\\/uploads\\\/2021\\\/10\\\/L_879_VIG-e1633343410133.jpg\",\"articleSection\":[\"B\u00fccher, Artikel\",\"CD\",\"Letzte Neuerwerbungen\"],\"inLanguage\":\"de\"},{\"@type\":\"WebPage\",\"@id\":\"https:\\\/\\\/www.iemj.org\\\/de\\\/dorothee-a-bikhele-lider\\\/\",\"url\":\"https:\\\/\\\/www.iemj.org\\\/de\\\/dorothee-a-bikhele-lider\\\/\",\"name\":\"Doroth\u00e9e - A bikhele Lider - Institut Europ\u00e9en des Musiques Juives\",\"isPartOf\":{\"@id\":\"https:\\\/\\\/www.iemj.org\\\/de\\\/#website\"},\"primaryImageOfPage\":{\"@id\":\"https:\\\/\\\/www.iemj.org\\\/de\\\/dorothee-a-bikhele-lider\\\/#primaryimage\"},\"image\":{\"@id\":\"https:\\\/\\\/www.iemj.org\\\/de\\\/dorothee-a-bikhele-lider\\\/#primaryimage\"},\"thumbnailUrl\":\"https:\\\/\\\/www.iemj.org\\\/wp-content\\\/uploads\\\/2021\\\/10\\\/L_879_VIG-e1633343410133.jpg\",\"datePublished\":\"2021-10-04T11:03:51+00:00\",\"dateModified\":\"2025-10-16T15:59:32+00:00\",\"breadcrumb\":{\"@id\":\"https:\\\/\\\/www.iemj.org\\\/de\\\/dorothee-a-bikhele-lider\\\/#breadcrumb\"},\"inLanguage\":\"de\",\"potentialAction\":[{\"@type\":\"ReadAction\",\"target\":[\"https:\\\/\\\/www.iemj.org\\\/de\\\/dorothee-a-bikhele-lider\\\/\"]}]},{\"@type\":\"ImageObject\",\"inLanguage\":\"de\",\"@id\":\"https:\\\/\\\/www.iemj.org\\\/de\\\/dorothee-a-bikhele-lider\\\/#primaryimage\",\"url\":\"https:\\\/\\\/www.iemj.org\\\/wp-content\\\/uploads\\\/2021\\\/10\\\/L_879_VIG-e1633343410133.jpg\",\"contentUrl\":\"https:\\\/\\\/www.iemj.org\\\/wp-content\\\/uploads\\\/2021\\\/10\\\/L_879_VIG-e1633343410133.jpg\",\"width\":400,\"height\":514},{\"@type\":\"BreadcrumbList\",\"@id\":\"https:\\\/\\\/www.iemj.org\\\/de\\\/dorothee-a-bikhele-lider\\\/#breadcrumb\",\"itemListElement\":[{\"@type\":\"ListItem\",\"position\":1,\"name\":\"Accueil\",\"item\":\"https:\\\/\\\/www.iemj.org\\\/de\\\/\"},{\"@type\":\"ListItem\",\"position\":2,\"name\":\"Doroth\u00e9e &#8211; A bikhele Lider\"}]},{\"@type\":\"WebSite\",\"@id\":\"https:\\\/\\\/www.iemj.org\\\/de\\\/#website\",\"url\":\"https:\\\/\\\/www.iemj.org\\\/de\\\/\",\"name\":\"Institut Europ\u00e9en des Musiques Juives\",\"description\":\"Des traditions musicales \u00e0 la port\u00e9e de tous\",\"publisher\":{\"@id\":\"https:\\\/\\\/www.iemj.org\\\/de\\\/#organization\"},\"potentialAction\":[{\"@type\":\"SearchAction\",\"target\":{\"@type\":\"EntryPoint\",\"urlTemplate\":\"https:\\\/\\\/www.iemj.org\\\/de\\\/?s={search_term_string}\"},\"query-input\":{\"@type\":\"PropertyValueSpecification\",\"valueRequired\":true,\"valueName\":\"search_term_string\"}}],\"inLanguage\":\"de\"},{\"@type\":\"Organization\",\"@id\":\"https:\\\/\\\/www.iemj.org\\\/de\\\/#organization\",\"name\":\"Institut Europ\u00e9en des Musiques Juives\",\"url\":\"https:\\\/\\\/www.iemj.org\\\/de\\\/\",\"logo\":{\"@type\":\"ImageObject\",\"inLanguage\":\"de\",\"@id\":\"https:\\\/\\\/www.iemj.org\\\/de\\\/#\\\/schema\\\/logo\\\/image\\\/\",\"url\":\"https:\\\/\\\/www.iemj.org\\\/wp-content\\\/uploads\\\/2021\\\/09\\\/Logo-IEMJ-Paypal.jpg\",\"contentUrl\":\"https:\\\/\\\/www.iemj.org\\\/wp-content\\\/uploads\\\/2021\\\/09\\\/Logo-IEMJ-Paypal.jpg\",\"width\":150,\"height\":50,\"caption\":\"Institut Europ\u00e9en des Musiques Juives\"},\"image\":{\"@id\":\"https:\\\/\\\/www.iemj.org\\\/de\\\/#\\\/schema\\\/logo\\\/image\\\/\"},\"sameAs\":[\"https:\\\/\\\/www.facebook.com\\\/MusiquesJuives\\\/\",\"https:\\\/\\\/www.instagram.com\\\/musiquesjuives\\\/\",\"https:\\\/\\\/www.youtube.com\\\/user\\\/musiquesjuives\"]},{\"@type\":\"Person\",\"@id\":\"https:\\\/\\\/www.iemj.org\\\/de\\\/#\\\/schema\\\/person\\\/358e26c18aca017fcc4cc15437f7279c\",\"name\":\"Jacqueline ROTEN\",\"image\":{\"@type\":\"ImageObject\",\"inLanguage\":\"de\",\"@id\":\"https:\\\/\\\/secure.gravatar.com\\\/avatar\\\/5964256d6c6957de3a3505278957e0fb2a35119ac47ea41827a65301213c810b?s=96&d=mm&r=g\",\"url\":\"https:\\\/\\\/secure.gravatar.com\\\/avatar\\\/5964256d6c6957de3a3505278957e0fb2a35119ac47ea41827a65301213c810b?s=96&d=mm&r=g\",\"contentUrl\":\"https:\\\/\\\/secure.gravatar.com\\\/avatar\\\/5964256d6c6957de3a3505278957e0fb2a35119ac47ea41827a65301213c810b?s=96&d=mm&r=g\",\"caption\":\"Jacqueline ROTEN\"}}]}<\/script>\n<!-- \/ Yoast SEO plugin. -->","yoast_head_json":{"title":"Doroth\u00e9e - A bikhele Lider - Institut Europ\u00e9en des Musiques Juives","robots":{"index":"index","follow":"follow","max-snippet":"max-snippet:-1","max-image-preview":"max-image-preview:large","max-video-preview":"max-video-preview:-1"},"canonical":"https:\/\/www.iemj.org\/de\/dorothee-a-bikhele-lider\/","og_locale":"de_DE","og_type":"article","og_title":"Doroth\u00e9e - A bikhele Lider - Institut Europ\u00e9en des Musiques Juives","og_description":"Als Hommage an Doroth\u00e9e Vienney, eine jiddische Lehrerin, die am 23. Februar 2021 im Alter von 86 Jahren verstorben ist, ist dieses bikhele lider (kleines Liederbuch) von Isabelle Georges ein","og_url":"https:\/\/www.iemj.org\/de\/dorothee-a-bikhele-lider\/","og_site_name":"Institut Europ\u00e9en des Musiques Juives","article_publisher":"https:\/\/www.facebook.com\/MusiquesJuives\/","article_published_time":"2021-10-04T11:03:51+00:00","article_modified_time":"2025-10-16T15:59:32+00:00","og_image":[{"width":400,"height":514,"url":"https:\/\/www.iemj.org\/wp-content\/uploads\/2021\/10\/L_879_VIG-e1633343410133.jpg","type":"image\/jpeg"}],"author":"Jacqueline ROTEN","twitter_card":"summary_large_image","twitter_misc":{"Verfasst von":"Jacqueline ROTEN","Gesch\u00e4tzte Lesezeit":"3\u00a0Minuten"},"schema":{"@context":"https:\/\/schema.org","@graph":[{"@type":"Article","@id":"https:\/\/www.iemj.org\/de\/dorothee-a-bikhele-lider\/#article","isPartOf":{"@id":"https:\/\/www.iemj.org\/de\/dorothee-a-bikhele-lider\/"},"author":{"name":"Jacqueline ROTEN","@id":"https:\/\/www.iemj.org\/de\/#\/schema\/person\/358e26c18aca017fcc4cc15437f7279c"},"headline":"Doroth\u00e9e &#8211; A bikhele Lider","datePublished":"2021-10-04T11:03:51+00:00","dateModified":"2025-10-16T15:59:32+00:00","mainEntityOfPage":{"@id":"https:\/\/www.iemj.org\/de\/dorothee-a-bikhele-lider\/"},"wordCount":416,"publisher":{"@id":"https:\/\/www.iemj.org\/de\/#organization"},"image":{"@id":"https:\/\/www.iemj.org\/de\/dorothee-a-bikhele-lider\/#primaryimage"},"thumbnailUrl":"https:\/\/www.iemj.org\/wp-content\/uploads\/2021\/10\/L_879_VIG-e1633343410133.jpg","articleSection":["B\u00fccher, Artikel","CD","Letzte Neuerwerbungen"],"inLanguage":"de"},{"@type":"WebPage","@id":"https:\/\/www.iemj.org\/de\/dorothee-a-bikhele-lider\/","url":"https:\/\/www.iemj.org\/de\/dorothee-a-bikhele-lider\/","name":"Doroth\u00e9e - A bikhele Lider - Institut Europ\u00e9en des Musiques Juives","isPartOf":{"@id":"https:\/\/www.iemj.org\/de\/#website"},"primaryImageOfPage":{"@id":"https:\/\/www.iemj.org\/de\/dorothee-a-bikhele-lider\/#primaryimage"},"image":{"@id":"https:\/\/www.iemj.org\/de\/dorothee-a-bikhele-lider\/#primaryimage"},"thumbnailUrl":"https:\/\/www.iemj.org\/wp-content\/uploads\/2021\/10\/L_879_VIG-e1633343410133.jpg","datePublished":"2021-10-04T11:03:51+00:00","dateModified":"2025-10-16T15:59:32+00:00","breadcrumb":{"@id":"https:\/\/www.iemj.org\/de\/dorothee-a-bikhele-lider\/#breadcrumb"},"inLanguage":"de","potentialAction":[{"@type":"ReadAction","target":["https:\/\/www.iemj.org\/de\/dorothee-a-bikhele-lider\/"]}]},{"@type":"ImageObject","inLanguage":"de","@id":"https:\/\/www.iemj.org\/de\/dorothee-a-bikhele-lider\/#primaryimage","url":"https:\/\/www.iemj.org\/wp-content\/uploads\/2021\/10\/L_879_VIG-e1633343410133.jpg","contentUrl":"https:\/\/www.iemj.org\/wp-content\/uploads\/2021\/10\/L_879_VIG-e1633343410133.jpg","width":400,"height":514},{"@type":"BreadcrumbList","@id":"https:\/\/www.iemj.org\/de\/dorothee-a-bikhele-lider\/#breadcrumb","itemListElement":[{"@type":"ListItem","position":1,"name":"Accueil","item":"https:\/\/www.iemj.org\/de\/"},{"@type":"ListItem","position":2,"name":"Doroth\u00e9e &#8211; A bikhele Lider"}]},{"@type":"WebSite","@id":"https:\/\/www.iemj.org\/de\/#website","url":"https:\/\/www.iemj.org\/de\/","name":"Institut Europ\u00e9en des Musiques Juives","description":"Des traditions musicales \u00e0 la port\u00e9e de tous","publisher":{"@id":"https:\/\/www.iemj.org\/de\/#organization"},"potentialAction":[{"@type":"SearchAction","target":{"@type":"EntryPoint","urlTemplate":"https:\/\/www.iemj.org\/de\/?s={search_term_string}"},"query-input":{"@type":"PropertyValueSpecification","valueRequired":true,"valueName":"search_term_string"}}],"inLanguage":"de"},{"@type":"Organization","@id":"https:\/\/www.iemj.org\/de\/#organization","name":"Institut Europ\u00e9en des Musiques Juives","url":"https:\/\/www.iemj.org\/de\/","logo":{"@type":"ImageObject","inLanguage":"de","@id":"https:\/\/www.iemj.org\/de\/#\/schema\/logo\/image\/","url":"https:\/\/www.iemj.org\/wp-content\/uploads\/2021\/09\/Logo-IEMJ-Paypal.jpg","contentUrl":"https:\/\/www.iemj.org\/wp-content\/uploads\/2021\/09\/Logo-IEMJ-Paypal.jpg","width":150,"height":50,"caption":"Institut Europ\u00e9en des Musiques Juives"},"image":{"@id":"https:\/\/www.iemj.org\/de\/#\/schema\/logo\/image\/"},"sameAs":["https:\/\/www.facebook.com\/MusiquesJuives\/","https:\/\/www.instagram.com\/musiquesjuives\/","https:\/\/www.youtube.com\/user\/musiquesjuives"]},{"@type":"Person","@id":"https:\/\/www.iemj.org\/de\/#\/schema\/person\/358e26c18aca017fcc4cc15437f7279c","name":"Jacqueline ROTEN","image":{"@type":"ImageObject","inLanguage":"de","@id":"https:\/\/secure.gravatar.com\/avatar\/5964256d6c6957de3a3505278957e0fb2a35119ac47ea41827a65301213c810b?s=96&d=mm&r=g","url":"https:\/\/secure.gravatar.com\/avatar\/5964256d6c6957de3a3505278957e0fb2a35119ac47ea41827a65301213c810b?s=96&d=mm&r=g","contentUrl":"https:\/\/secure.gravatar.com\/avatar\/5964256d6c6957de3a3505278957e0fb2a35119ac47ea41827a65301213c810b?s=96&d=mm&r=g","caption":"Jacqueline ROTEN"}}]}},"_links":{"self":[{"href":"https:\/\/www.iemj.org\/de\/wp-json\/wp\/v2\/posts\/70255","targetHints":{"allow":["GET"]}}],"collection":[{"href":"https:\/\/www.iemj.org\/de\/wp-json\/wp\/v2\/posts"}],"about":[{"href":"https:\/\/www.iemj.org\/de\/wp-json\/wp\/v2\/types\/post"}],"author":[{"embeddable":true,"href":"https:\/\/www.iemj.org\/de\/wp-json\/wp\/v2\/users\/5"}],"replies":[{"embeddable":true,"href":"https:\/\/www.iemj.org\/de\/wp-json\/wp\/v2\/comments?post=70255"}],"version-history":[{"count":1,"href":"https:\/\/www.iemj.org\/de\/wp-json\/wp\/v2\/posts\/70255\/revisions"}],"predecessor-version":[{"id":127080,"href":"https:\/\/www.iemj.org\/de\/wp-json\/wp\/v2\/posts\/70255\/revisions\/127080"}],"wp:featuredmedia":[{"embeddable":true,"href":"https:\/\/www.iemj.org\/de\/wp-json\/wp\/v2\/media\/68677"}],"wp:attachment":[{"href":"https:\/\/www.iemj.org\/de\/wp-json\/wp\/v2\/media?parent=70255"}],"wp:term":[{"taxonomy":"category","embeddable":true,"href":"https:\/\/www.iemj.org\/de\/wp-json\/wp\/v2\/categories?post=70255"},{"taxonomy":"post_tag","embeddable":true,"href":"https:\/\/www.iemj.org\/de\/wp-json\/wp\/v2\/tags?post=70255"},{"taxonomy":"technique","embeddable":true,"href":"https:\/\/www.iemj.org\/de\/wp-json\/wp\/v2\/technique?post=70255"},{"taxonomy":"squelettes","embeddable":true,"href":"https:\/\/www.iemj.org\/de\/wp-json\/wp\/v2\/squelettes?post=70255"},{"taxonomy":"sujet","embeddable":true,"href":"https:\/\/www.iemj.org\/de\/wp-json\/wp\/v2\/sujet?post=70255"},{"taxonomy":"formation","embeddable":true,"href":"https:\/\/www.iemj.org\/de\/wp-json\/wp\/v2\/formation?post=70255"},{"taxonomy":"genre","embeddable":true,"href":"https:\/\/www.iemj.org\/de\/wp-json\/wp\/v2\/genre?post=70255"},{"taxonomy":"fonds","embeddable":true,"href":"https:\/\/www.iemj.org\/de\/wp-json\/wp\/v2\/fonds?post=70255"},{"taxonomy":"tradition","embeddable":true,"href":"https:\/\/www.iemj.org\/de\/wp-json\/wp\/v2\/tradition?post=70255"},{"taxonomy":"type-de-contenu","embeddable":true,"href":"https:\/\/www.iemj.org\/de\/wp-json\/wp\/v2\/type-de-contenu?post=70255"},{"taxonomy":"interprete-compositeur","embeddable":true,"href":"https:\/\/www.iemj.org\/de\/wp-json\/wp\/v2\/interprete-compositeur?post=70255"},{"taxonomy":"frise","embeddable":true,"href":"https:\/\/www.iemj.org\/de\/wp-json\/wp\/v2\/frise?post=70255"},{"taxonomy":"type-devenement","embeddable":true,"href":"https:\/\/www.iemj.org\/de\/wp-json\/wp\/v2\/type-devenement?post=70255"},{"taxonomy":"tableaux-liens-externes","embeddable":true,"href":"https:\/\/www.iemj.org\/de\/wp-json\/wp\/v2\/tableaux-liens-externes?post=70255"}],"curies":[{"name":"wp","href":"https:\/\/api.w.org\/{rel}","templated":true}]}}