{"id":70294,"date":"2019-01-31T10:02:50","date_gmt":"2019-01-31T09:02:50","guid":{"rendered":"https:\/\/www.iemj.org\/naumbourg-samuel-1817-1880\/"},"modified":"2022-09-12T14:44:54","modified_gmt":"2022-09-12T12:44:54","slug":"naumbourg-samuel-1817-1880","status":"publish","type":"post","link":"https:\/\/www.iemj.org\/de\/naumbourg-samuel-1817-1880\/","title":{"rendered":"Naumbourg, Samuel (1817-1880)"},"content":{"rendered":"<p>Samuel Naumburg wurde am 15. M\u00e4rz 1817 in Dennenlohe (Bayern) geboren und entstammte einer ber\u00fchmten Familie von Kantoren.\u00a0 Von klein auf besuchte er die Synagoge und wurde in die s\u00fcddeutsche Kantorenkunst eingef\u00fchrt. Sp\u00e4ter studierte er Gesang und Komposition in M\u00fcnchen. Er war Mitglied im Chor der neuen j\u00fcdischen Gemeinschaft in M\u00fcnchen unter der Leitung von Maier Kohn.<\/p>\n<p>Als einer der Wegbereiter der Musikethnologie begann er, einen bedeutenden Teil der aschkenasischen m\u00fcndlichen Tradition S\u00fcddeutschlands zu sammeln und aufzuzeichnen. Von 1838 bis 1843 leitete er den synagogalen Chor der Gemeinschaft von Strasbourg und von 1843 bis 1845 den der Gemeinschaft von Besan\u00e7on.<\/p>\n<p><img fetchpriority=\"high\" decoding=\"async\" class=\" alignright  wp-image-22547\" src=\"https:\/\/www.iemj.org\/wp-content\/uploads\/2019\/01\/p_1210_couv.jpg\" alt=\"p_1210_couv.jpg\" width=\"219\" height=\"298\" align=\"right\" srcset=\"https:\/\/www.iemj.org\/wp-content\/uploads\/2019\/01\/p_1210_couv.jpg 257w, https:\/\/www.iemj.org\/wp-content\/uploads\/2019\/01\/p_1210_couv-220x300.jpg 220w\" sizes=\"(max-width: 219px) 100vw, 219px\" \/><\/p>\n<p>1845 bewarb er sich um die Stelle des Kantors am Konsistorialtempel von Paris. Er wurde auf Anraten von Fromental Hal\u00e9vy eingestellt, mit einer Probezeit von einem Jahr. Samuel Naumbourg wollte dem Gottesdienst den Prunk zur\u00fcckgeben, den er seiner Meinung nach verdiente. Zu diesem Zweck macht er sich daran, einen Chor neu zu formieren, den er erfolgreich leitete und f\u00fcr den er auch neue St\u00fccke komponierte.<\/p>\n<p>Zwischen 1847 und 1874 ver\u00f6ffentlichte Naumbourg vier Sammlungen synagogaler Musik, haupts\u00e4chlich f\u00fcr Solisten und Chor, manchmal mit Harfen-, Klavier- oder Orgelbegleitung<em>: Zemirot Israel, Chants Religieux des Isra\u00e9lites, vol.\u00a0I-II<\/em>, 1847 (Semirot Israel, religi\u00f6se Ges\u00e4nge der Israeliten, Band I-II, 1847);\u00a0<em>Zemirot Israel, Chants Religieux des Isra\u00e9lites, vol. III<\/em>, 1857 (Semirot Israel, religi\u00f6se Ges\u00e4nge der Israeliten, Band III, 1857);\u00a0<em>Chirei Kodech, nouveau recueil religieux \u00e0 l\u2019usage du culte isra\u00e9lite<\/em>, 1864 (<em>Shirei Kodesh<\/em>, neue religi\u00f6se Sammlung f\u00fcr den israelitischen Kult, 1864);\u00a0<em>Agoudat chirim, Recueil de Chants religieux et Populaires des Isra\u00e9lites<\/em>, 1874 (<em>Agudat shirim, <\/em>Sammlung von religi\u00f6sen Ges\u00e4ngen und Volksges\u00e4ngen der Israeliten, 1874). Seine Sammlungen enthalten haupts\u00e4chlich eigene Kompositionen, aber auch Bearbeitungen traditioneller Melodien und einige Musikst\u00fccke anderer Komponisten (Lovy, Fromental Hal\u00e9vy, Alkan, usw.).<\/p>\n<p><img decoding=\"async\" class=\" alignleft size-full wp-image-22549\" src=\"https:\/\/www.iemj.org\/wp-content\/uploads\/2019\/01\/p_1230_couv_recueil_naumbourg_300px_vertical.jpg\" alt=\"p_1230_couv_recueil_naumbourg_300px_vertical.jpg\" width=\"199\" height=\"300\" align=\"left\" \/><\/p>\n<p>1860 wurde Naumbourg zum Professor f\u00fcr liturgischen Gesang am S\u00e9minaire Isra\u00e9lite de France (\u201eIsraelitisches Seminar Frankreichs\u201c) ernannt. Im Jahr 1865, nach dem Tod von Chasan Isaac David, wurde er der erste Kantor. Er hatte dieses Amt bis zum Sommer 1878 inne, als ihn eine schwere Krankheit von der Synagoge fernhielt, bis er achtzehn Monate sp\u00e4ter am 1. Mai 1880 starb. Samuel Naumbourg ist auf dem Cimeti\u00e8re Parisien du Sud-Montparnasse begraben.<\/p>\n<ul>\n<li><a href=\"https:\/\/www.iemj.org\/de\/samuel-naumbourg-1817-1880\/\" target=\"_blank\" rel=\"noopener\">H\u00f6ren Sie sich die Samuel Naumbourg gewidmete Playlist an<\/a><\/li>\n<li><a href=\"http:\/\/www.rachelnet.net\/F\/?func=find-c&amp;ccl_term=WRD+%3D+naumbourg&amp;local_base=iemcg\" target=\"_blank\" rel=\"noopener\">Konsultieren Sie unser Archiv \u00fcber Samuel Naumbourg<\/a><\/li>\n<\/ul>\n<p>*Auszug aus dem Artikel von Herv\u00e9 Roten, \u00ab Le patrimoine musical de la Grande Synagogue de la Victoire \u00bb (<em>Musikerbe der Gro\u00dfen Synagoge der Victoire<\/em>), <a href=\"https:\/\/www.iemj.org\/la-synagogue-de-la-victoire-150-ans-du-judaisme-francais\/\"><em>La synagogue de la Victoire, 150 ans du juda\u00efsme fran\u00e7ais<\/em><\/a>, Porte-plume Verlag, 2017<\/p>\n<p style=\"text-align: center;\"><a style=\"text-align: center;\" href=\"https:\/\/www.calameo.com\/books\/005821524ca6eff1e771d\" target=\"_blank\" rel=\"noopener noreferrer\">Jigdal, Pessach-Abendgottesdienst &#8211; Samuel Naumbourg<\/a><\/p>\n<div style=\"text-align: center;\">\n<p><iframe style=\"margin: 0 auto;\" src=\"\/\/v.calameo.com\/?bkcode=005821524ca6eff1e771d&amp;mode=mini\" width=\"750\" height=\"460\" frameborder=\"0\" scrolling=\"no\" allowfullscreen=\"allowfullscreen\"><\/iframe><\/p>\n<div style=\"margin: 4px 0px 8px;\"><\/div>\n<div><\/div>\n<div style=\"text-align: left;\"><\/div>\n<\/div>\n","protected":false},"excerpt":{"rendered":"<p>Samuel Naumburg wurde am 15. M\u00e4rz 1817 in Dennenlohe (Bayern) geboren und entstammte einer ber\u00fchmten Familie von Kantoren.\u00a0 Von klein auf besuchte er die Synagoge und wurde in die s\u00fcddeutsche<\/p>\n","protected":false},"author":1045,"featured_media":52270,"comment_status":"closed","ping_status":"open","sticky":false,"template":"","format":"standard","meta":{"_acf_changed":false,"footnotes":""},"categories":[1415],"tags":[],"technique":[],"squelettes":[],"sujet":[],"formation":[],"genre":[1891],"fonds":[],"tradition":[1983],"type-de-contenu":[],"interprete-compositeur":[],"frise":[],"type-devenement":[],"tableaux-liens-externes":[],"class_list":["post-70294","post","type-post","status-publish","format-standard","has-post-thumbnail","hentry","category-biografien-de","genre-liturgie-de","tradition-aschkenasischer-ritus-de"],"acf":[],"yoast_head":"<!-- This site is optimized with the Yoast SEO plugin v27.3 - https:\/\/yoast.com\/product\/yoast-seo-wordpress\/ -->\n<title>Naumbourg, Samuel (1817-1880) - Institut Europ\u00e9en des Musiques Juives<\/title>\n<meta name=\"robots\" content=\"index, follow, max-snippet:-1, max-image-preview:large, max-video-preview:-1\" \/>\n<link rel=\"canonical\" href=\"https:\/\/www.iemj.org\/de\/naumbourg-samuel-1817-1880\/\" \/>\n<meta property=\"og:locale\" content=\"de_DE\" \/>\n<meta property=\"og:type\" content=\"article\" \/>\n<meta property=\"og:title\" content=\"Naumbourg, Samuel (1817-1880) - Institut Europ\u00e9en des Musiques Juives\" \/>\n<meta property=\"og:description\" content=\"Samuel Naumburg wurde am 15. M\u00e4rz 1817 in Dennenlohe (Bayern) geboren und entstammte einer ber\u00fchmten Familie von Kantoren.\u00a0 Von klein auf besuchte er die Synagoge und wurde in die s\u00fcddeutsche\" \/>\n<meta property=\"og:url\" content=\"https:\/\/www.iemj.org\/de\/naumbourg-samuel-1817-1880\/\" \/>\n<meta property=\"og:site_name\" content=\"Institut Europ\u00e9en des Musiques Juives\" \/>\n<meta property=\"article:publisher\" content=\"https:\/\/www.facebook.com\/MusiquesJuives\/\" \/>\n<meta property=\"article:published_time\" content=\"2019-01-31T09:02:50+00:00\" \/>\n<meta property=\"article:modified_time\" content=\"2022-09-12T12:44:54+00:00\" \/>\n<meta property=\"og:image\" content=\"https:\/\/www.iemj.org\/wp-content\/uploads\/2019\/01\/arton3911-e1625060950381.jpg\" \/>\n\t<meta property=\"og:image:width\" content=\"176\" \/>\n\t<meta property=\"og:image:height\" content=\"218\" \/>\n\t<meta property=\"og:image:type\" content=\"image\/jpeg\" \/>\n<meta name=\"author\" content=\"Herv\u00e9 Roten\" \/>\n<meta name=\"twitter:card\" content=\"summary_large_image\" \/>\n<meta name=\"twitter:label1\" content=\"Verfasst von\" \/>\n\t<meta name=\"twitter:data1\" content=\"Herv\u00e9 Roten\" \/>\n\t<meta name=\"twitter:label2\" content=\"Gesch\u00e4tzte Lesezeit\" \/>\n\t<meta name=\"twitter:data2\" content=\"3\u00a0Minuten\" \/>\n<script type=\"application\/ld+json\" class=\"yoast-schema-graph\">{\"@context\":\"https:\\\/\\\/schema.org\",\"@graph\":[{\"@type\":\"Article\",\"@id\":\"https:\\\/\\\/www.iemj.org\\\/de\\\/naumbourg-samuel-1817-1880\\\/#article\",\"isPartOf\":{\"@id\":\"https:\\\/\\\/www.iemj.org\\\/de\\\/naumbourg-samuel-1817-1880\\\/\"},\"author\":{\"name\":\"Herv\u00e9 Roten\",\"@id\":\"https:\\\/\\\/www.iemj.org\\\/de\\\/#\\\/schema\\\/person\\\/906134402c29d5c76e7b726261dd4bbd\"},\"headline\":\"Naumbourg, Samuel (1817-1880)\",\"datePublished\":\"2019-01-31T09:02:50+00:00\",\"dateModified\":\"2022-09-12T12:44:54+00:00\",\"mainEntityOfPage\":{\"@id\":\"https:\\\/\\\/www.iemj.org\\\/de\\\/naumbourg-samuel-1817-1880\\\/\"},\"wordCount\":435,\"publisher\":{\"@id\":\"https:\\\/\\\/www.iemj.org\\\/de\\\/#organization\"},\"image\":{\"@id\":\"https:\\\/\\\/www.iemj.org\\\/de\\\/naumbourg-samuel-1817-1880\\\/#primaryimage\"},\"thumbnailUrl\":\"https:\\\/\\\/www.iemj.org\\\/wp-content\\\/uploads\\\/2019\\\/01\\\/arton3911-e1625060950381.jpg\",\"articleSection\":[\"Biografien\"],\"inLanguage\":\"de\"},{\"@type\":\"WebPage\",\"@id\":\"https:\\\/\\\/www.iemj.org\\\/de\\\/naumbourg-samuel-1817-1880\\\/\",\"url\":\"https:\\\/\\\/www.iemj.org\\\/de\\\/naumbourg-samuel-1817-1880\\\/\",\"name\":\"Naumbourg, Samuel (1817-1880) - Institut Europ\u00e9en des Musiques Juives\",\"isPartOf\":{\"@id\":\"https:\\\/\\\/www.iemj.org\\\/de\\\/#website\"},\"primaryImageOfPage\":{\"@id\":\"https:\\\/\\\/www.iemj.org\\\/de\\\/naumbourg-samuel-1817-1880\\\/#primaryimage\"},\"image\":{\"@id\":\"https:\\\/\\\/www.iemj.org\\\/de\\\/naumbourg-samuel-1817-1880\\\/#primaryimage\"},\"thumbnailUrl\":\"https:\\\/\\\/www.iemj.org\\\/wp-content\\\/uploads\\\/2019\\\/01\\\/arton3911-e1625060950381.jpg\",\"datePublished\":\"2019-01-31T09:02:50+00:00\",\"dateModified\":\"2022-09-12T12:44:54+00:00\",\"breadcrumb\":{\"@id\":\"https:\\\/\\\/www.iemj.org\\\/de\\\/naumbourg-samuel-1817-1880\\\/#breadcrumb\"},\"inLanguage\":\"de\",\"potentialAction\":[{\"@type\":\"ReadAction\",\"target\":[\"https:\\\/\\\/www.iemj.org\\\/de\\\/naumbourg-samuel-1817-1880\\\/\"]}]},{\"@type\":\"ImageObject\",\"inLanguage\":\"de\",\"@id\":\"https:\\\/\\\/www.iemj.org\\\/de\\\/naumbourg-samuel-1817-1880\\\/#primaryimage\",\"url\":\"https:\\\/\\\/www.iemj.org\\\/wp-content\\\/uploads\\\/2019\\\/01\\\/arton3911-e1625060950381.jpg\",\"contentUrl\":\"https:\\\/\\\/www.iemj.org\\\/wp-content\\\/uploads\\\/2019\\\/01\\\/arton3911-e1625060950381.jpg\",\"width\":176,\"height\":218},{\"@type\":\"BreadcrumbList\",\"@id\":\"https:\\\/\\\/www.iemj.org\\\/de\\\/naumbourg-samuel-1817-1880\\\/#breadcrumb\",\"itemListElement\":[{\"@type\":\"ListItem\",\"position\":1,\"name\":\"Accueil\",\"item\":\"https:\\\/\\\/www.iemj.org\\\/de\\\/\"},{\"@type\":\"ListItem\",\"position\":2,\"name\":\"Naumbourg, Samuel (1817-1880)\"}]},{\"@type\":\"WebSite\",\"@id\":\"https:\\\/\\\/www.iemj.org\\\/de\\\/#website\",\"url\":\"https:\\\/\\\/www.iemj.org\\\/de\\\/\",\"name\":\"Institut Europ\u00e9en des Musiques Juives\",\"description\":\"Des traditions musicales \u00e0 la port\u00e9e de tous\",\"publisher\":{\"@id\":\"https:\\\/\\\/www.iemj.org\\\/de\\\/#organization\"},\"potentialAction\":[{\"@type\":\"SearchAction\",\"target\":{\"@type\":\"EntryPoint\",\"urlTemplate\":\"https:\\\/\\\/www.iemj.org\\\/de\\\/?s={search_term_string}\"},\"query-input\":{\"@type\":\"PropertyValueSpecification\",\"valueRequired\":true,\"valueName\":\"search_term_string\"}}],\"inLanguage\":\"de\"},{\"@type\":\"Organization\",\"@id\":\"https:\\\/\\\/www.iemj.org\\\/de\\\/#organization\",\"name\":\"Institut Europ\u00e9en des Musiques Juives\",\"url\":\"https:\\\/\\\/www.iemj.org\\\/de\\\/\",\"logo\":{\"@type\":\"ImageObject\",\"inLanguage\":\"de\",\"@id\":\"https:\\\/\\\/www.iemj.org\\\/de\\\/#\\\/schema\\\/logo\\\/image\\\/\",\"url\":\"https:\\\/\\\/www.iemj.org\\\/wp-content\\\/uploads\\\/2021\\\/09\\\/Logo-IEMJ-Paypal.jpg\",\"contentUrl\":\"https:\\\/\\\/www.iemj.org\\\/wp-content\\\/uploads\\\/2021\\\/09\\\/Logo-IEMJ-Paypal.jpg\",\"width\":150,\"height\":50,\"caption\":\"Institut Europ\u00e9en des Musiques Juives\"},\"image\":{\"@id\":\"https:\\\/\\\/www.iemj.org\\\/de\\\/#\\\/schema\\\/logo\\\/image\\\/\"},\"sameAs\":[\"https:\\\/\\\/www.facebook.com\\\/MusiquesJuives\\\/\",\"https:\\\/\\\/www.instagram.com\\\/musiquesjuives\\\/\",\"https:\\\/\\\/www.youtube.com\\\/user\\\/musiquesjuives\"]},{\"@type\":\"Person\",\"@id\":\"https:\\\/\\\/www.iemj.org\\\/de\\\/#\\\/schema\\\/person\\\/906134402c29d5c76e7b726261dd4bbd\",\"name\":\"Herv\u00e9 Roten\",\"image\":{\"@type\":\"ImageObject\",\"inLanguage\":\"de\",\"@id\":\"https:\\\/\\\/secure.gravatar.com\\\/avatar\\\/f96ad2db538a26481f18384936b5cd0610c92d390c4dc382209216d455f685ff?s=96&d=mm&r=g\",\"url\":\"https:\\\/\\\/secure.gravatar.com\\\/avatar\\\/f96ad2db538a26481f18384936b5cd0610c92d390c4dc382209216d455f685ff?s=96&d=mm&r=g\",\"contentUrl\":\"https:\\\/\\\/secure.gravatar.com\\\/avatar\\\/f96ad2db538a26481f18384936b5cd0610c92d390c4dc382209216d455f685ff?s=96&d=mm&r=g\",\"caption\":\"Herv\u00e9 Roten\"}}]}<\/script>\n<!-- \/ Yoast SEO plugin. -->","yoast_head_json":{"title":"Naumbourg, Samuel (1817-1880) - Institut Europ\u00e9en des Musiques Juives","robots":{"index":"index","follow":"follow","max-snippet":"max-snippet:-1","max-image-preview":"max-image-preview:large","max-video-preview":"max-video-preview:-1"},"canonical":"https:\/\/www.iemj.org\/de\/naumbourg-samuel-1817-1880\/","og_locale":"de_DE","og_type":"article","og_title":"Naumbourg, Samuel (1817-1880) - Institut Europ\u00e9en des Musiques Juives","og_description":"Samuel Naumburg wurde am 15. M\u00e4rz 1817 in Dennenlohe (Bayern) geboren und entstammte einer ber\u00fchmten Familie von Kantoren.\u00a0 Von klein auf besuchte er die Synagoge und wurde in die s\u00fcddeutsche","og_url":"https:\/\/www.iemj.org\/de\/naumbourg-samuel-1817-1880\/","og_site_name":"Institut Europ\u00e9en des Musiques Juives","article_publisher":"https:\/\/www.facebook.com\/MusiquesJuives\/","article_published_time":"2019-01-31T09:02:50+00:00","article_modified_time":"2022-09-12T12:44:54+00:00","og_image":[{"width":176,"height":218,"url":"https:\/\/www.iemj.org\/wp-content\/uploads\/2019\/01\/arton3911-e1625060950381.jpg","type":"image\/jpeg"}],"author":"Herv\u00e9 Roten","twitter_card":"summary_large_image","twitter_misc":{"Verfasst von":"Herv\u00e9 Roten","Gesch\u00e4tzte Lesezeit":"3\u00a0Minuten"},"schema":{"@context":"https:\/\/schema.org","@graph":[{"@type":"Article","@id":"https:\/\/www.iemj.org\/de\/naumbourg-samuel-1817-1880\/#article","isPartOf":{"@id":"https:\/\/www.iemj.org\/de\/naumbourg-samuel-1817-1880\/"},"author":{"name":"Herv\u00e9 Roten","@id":"https:\/\/www.iemj.org\/de\/#\/schema\/person\/906134402c29d5c76e7b726261dd4bbd"},"headline":"Naumbourg, Samuel (1817-1880)","datePublished":"2019-01-31T09:02:50+00:00","dateModified":"2022-09-12T12:44:54+00:00","mainEntityOfPage":{"@id":"https:\/\/www.iemj.org\/de\/naumbourg-samuel-1817-1880\/"},"wordCount":435,"publisher":{"@id":"https:\/\/www.iemj.org\/de\/#organization"},"image":{"@id":"https:\/\/www.iemj.org\/de\/naumbourg-samuel-1817-1880\/#primaryimage"},"thumbnailUrl":"https:\/\/www.iemj.org\/wp-content\/uploads\/2019\/01\/arton3911-e1625060950381.jpg","articleSection":["Biografien"],"inLanguage":"de"},{"@type":"WebPage","@id":"https:\/\/www.iemj.org\/de\/naumbourg-samuel-1817-1880\/","url":"https:\/\/www.iemj.org\/de\/naumbourg-samuel-1817-1880\/","name":"Naumbourg, Samuel (1817-1880) - Institut Europ\u00e9en des Musiques Juives","isPartOf":{"@id":"https:\/\/www.iemj.org\/de\/#website"},"primaryImageOfPage":{"@id":"https:\/\/www.iemj.org\/de\/naumbourg-samuel-1817-1880\/#primaryimage"},"image":{"@id":"https:\/\/www.iemj.org\/de\/naumbourg-samuel-1817-1880\/#primaryimage"},"thumbnailUrl":"https:\/\/www.iemj.org\/wp-content\/uploads\/2019\/01\/arton3911-e1625060950381.jpg","datePublished":"2019-01-31T09:02:50+00:00","dateModified":"2022-09-12T12:44:54+00:00","breadcrumb":{"@id":"https:\/\/www.iemj.org\/de\/naumbourg-samuel-1817-1880\/#breadcrumb"},"inLanguage":"de","potentialAction":[{"@type":"ReadAction","target":["https:\/\/www.iemj.org\/de\/naumbourg-samuel-1817-1880\/"]}]},{"@type":"ImageObject","inLanguage":"de","@id":"https:\/\/www.iemj.org\/de\/naumbourg-samuel-1817-1880\/#primaryimage","url":"https:\/\/www.iemj.org\/wp-content\/uploads\/2019\/01\/arton3911-e1625060950381.jpg","contentUrl":"https:\/\/www.iemj.org\/wp-content\/uploads\/2019\/01\/arton3911-e1625060950381.jpg","width":176,"height":218},{"@type":"BreadcrumbList","@id":"https:\/\/www.iemj.org\/de\/naumbourg-samuel-1817-1880\/#breadcrumb","itemListElement":[{"@type":"ListItem","position":1,"name":"Accueil","item":"https:\/\/www.iemj.org\/de\/"},{"@type":"ListItem","position":2,"name":"Naumbourg, Samuel (1817-1880)"}]},{"@type":"WebSite","@id":"https:\/\/www.iemj.org\/de\/#website","url":"https:\/\/www.iemj.org\/de\/","name":"Institut Europ\u00e9en des Musiques Juives","description":"Des traditions musicales \u00e0 la port\u00e9e de tous","publisher":{"@id":"https:\/\/www.iemj.org\/de\/#organization"},"potentialAction":[{"@type":"SearchAction","target":{"@type":"EntryPoint","urlTemplate":"https:\/\/www.iemj.org\/de\/?s={search_term_string}"},"query-input":{"@type":"PropertyValueSpecification","valueRequired":true,"valueName":"search_term_string"}}],"inLanguage":"de"},{"@type":"Organization","@id":"https:\/\/www.iemj.org\/de\/#organization","name":"Institut Europ\u00e9en des Musiques Juives","url":"https:\/\/www.iemj.org\/de\/","logo":{"@type":"ImageObject","inLanguage":"de","@id":"https:\/\/www.iemj.org\/de\/#\/schema\/logo\/image\/","url":"https:\/\/www.iemj.org\/wp-content\/uploads\/2021\/09\/Logo-IEMJ-Paypal.jpg","contentUrl":"https:\/\/www.iemj.org\/wp-content\/uploads\/2021\/09\/Logo-IEMJ-Paypal.jpg","width":150,"height":50,"caption":"Institut Europ\u00e9en des Musiques Juives"},"image":{"@id":"https:\/\/www.iemj.org\/de\/#\/schema\/logo\/image\/"},"sameAs":["https:\/\/www.facebook.com\/MusiquesJuives\/","https:\/\/www.instagram.com\/musiquesjuives\/","https:\/\/www.youtube.com\/user\/musiquesjuives"]},{"@type":"Person","@id":"https:\/\/www.iemj.org\/de\/#\/schema\/person\/906134402c29d5c76e7b726261dd4bbd","name":"Herv\u00e9 Roten","image":{"@type":"ImageObject","inLanguage":"de","@id":"https:\/\/secure.gravatar.com\/avatar\/f96ad2db538a26481f18384936b5cd0610c92d390c4dc382209216d455f685ff?s=96&d=mm&r=g","url":"https:\/\/secure.gravatar.com\/avatar\/f96ad2db538a26481f18384936b5cd0610c92d390c4dc382209216d455f685ff?s=96&d=mm&r=g","contentUrl":"https:\/\/secure.gravatar.com\/avatar\/f96ad2db538a26481f18384936b5cd0610c92d390c4dc382209216d455f685ff?s=96&d=mm&r=g","caption":"Herv\u00e9 Roten"}}]}},"_links":{"self":[{"href":"https:\/\/www.iemj.org\/de\/wp-json\/wp\/v2\/posts\/70294","targetHints":{"allow":["GET"]}}],"collection":[{"href":"https:\/\/www.iemj.org\/de\/wp-json\/wp\/v2\/posts"}],"about":[{"href":"https:\/\/www.iemj.org\/de\/wp-json\/wp\/v2\/types\/post"}],"author":[{"embeddable":true,"href":"https:\/\/www.iemj.org\/de\/wp-json\/wp\/v2\/users\/1045"}],"replies":[{"embeddable":true,"href":"https:\/\/www.iemj.org\/de\/wp-json\/wp\/v2\/comments?post=70294"}],"version-history":[{"count":0,"href":"https:\/\/www.iemj.org\/de\/wp-json\/wp\/v2\/posts\/70294\/revisions"}],"wp:featuredmedia":[{"embeddable":true,"href":"https:\/\/www.iemj.org\/de\/wp-json\/wp\/v2\/media\/52270"}],"wp:attachment":[{"href":"https:\/\/www.iemj.org\/de\/wp-json\/wp\/v2\/media?parent=70294"}],"wp:term":[{"taxonomy":"category","embeddable":true,"href":"https:\/\/www.iemj.org\/de\/wp-json\/wp\/v2\/categories?post=70294"},{"taxonomy":"post_tag","embeddable":true,"href":"https:\/\/www.iemj.org\/de\/wp-json\/wp\/v2\/tags?post=70294"},{"taxonomy":"technique","embeddable":true,"href":"https:\/\/www.iemj.org\/de\/wp-json\/wp\/v2\/technique?post=70294"},{"taxonomy":"squelettes","embeddable":true,"href":"https:\/\/www.iemj.org\/de\/wp-json\/wp\/v2\/squelettes?post=70294"},{"taxonomy":"sujet","embeddable":true,"href":"https:\/\/www.iemj.org\/de\/wp-json\/wp\/v2\/sujet?post=70294"},{"taxonomy":"formation","embeddable":true,"href":"https:\/\/www.iemj.org\/de\/wp-json\/wp\/v2\/formation?post=70294"},{"taxonomy":"genre","embeddable":true,"href":"https:\/\/www.iemj.org\/de\/wp-json\/wp\/v2\/genre?post=70294"},{"taxonomy":"fonds","embeddable":true,"href":"https:\/\/www.iemj.org\/de\/wp-json\/wp\/v2\/fonds?post=70294"},{"taxonomy":"tradition","embeddable":true,"href":"https:\/\/www.iemj.org\/de\/wp-json\/wp\/v2\/tradition?post=70294"},{"taxonomy":"type-de-contenu","embeddable":true,"href":"https:\/\/www.iemj.org\/de\/wp-json\/wp\/v2\/type-de-contenu?post=70294"},{"taxonomy":"interprete-compositeur","embeddable":true,"href":"https:\/\/www.iemj.org\/de\/wp-json\/wp\/v2\/interprete-compositeur?post=70294"},{"taxonomy":"frise","embeddable":true,"href":"https:\/\/www.iemj.org\/de\/wp-json\/wp\/v2\/frise?post=70294"},{"taxonomy":"type-devenement","embeddable":true,"href":"https:\/\/www.iemj.org\/de\/wp-json\/wp\/v2\/type-devenement?post=70294"},{"taxonomy":"tableaux-liens-externes","embeddable":true,"href":"https:\/\/www.iemj.org\/de\/wp-json\/wp\/v2\/tableaux-liens-externes?post=70294"}],"curies":[{"name":"wp","href":"https:\/\/api.w.org\/{rel}","templated":true}]}}