{"id":70322,"date":"2017-10-03T17:32:32","date_gmt":"2017-10-03T15:32:32","guid":{"rendered":"https:\/\/www.iemj.org\/israel-lovy-1773-1852\/"},"modified":"2025-06-19T15:18:15","modified_gmt":"2025-06-19T13:18:15","slug":"israel-lovy-1773-1852","status":"publish","type":"post","link":"https:\/\/www.iemj.org\/de\/israel-lovy-1773-1852\/","title":{"rendered":"Isra\u00ebl Lovy (1773-1832)"},"content":{"rendered":"<p><strong>Die Werke von Isra<\/strong><strong>\u00eb<\/strong><strong>l Lovy, dem Impulsgeber der Reform des franz\u00f6sischen israelitischen Gottesdiensts im fr\u00fchen 19. Jahrhundert<\/strong><\/p>\n<p><!--more--><\/p>\n<p>Isra\u00ebl Lovy entstammte einer Reihe von Kantoren aus Polen und Pommern und wurde am 31. August 1773 in der N\u00e4he von Danzig geboren. Er ist einer der Pioniere der Reform des franz\u00f6sischen israelitischen Gottesdiensts.<\/p>\n<p>Isra\u00ebl Lovy wurde 1818 vom Cosistoire de Paris engagiert und wurde 1822 leitender <em>Ministre officiant<\/em> des neuen Tempels in der Rue Notre Dame de Nazareth. Er organisierte \u00fcber zehn Jahre hinweg den musikalischen Gottesdienst des ersten Pariser Konsistorialtempels und f\u00fchrte insbesondere zahlreiche musikalische Elemente ein, die der Klassik-Musik (mehrstimmiger Chorgesang, Orgelbegleitung, Regulierung des Zeremoniells, Dur- und Moll-Kompositionen, usw.) entlehnt waren.<\/p>\n<p>Er litt an einer Brustkrankheit und verstarb verfr\u00fcht am 7. Januar 1832, im Alter von 59 Jahren.<\/p>\n<p>Seinem Enkel Eug\u00e8ne Emmanuel zufolge, schuf Isra\u00ebl Lovy f\u00fcr den neuen Konsistorialgottesdienst \u201eeinen aus f\u00fcnfzehn bis zwanzig kleinen Kindern bestehender Chor, welchem er durch seine Hilfs-Kantoren bereicherte. Zus\u00e4tzlich zu den aus Deutschland mitgebrachten Melodien, komponierte er neue Lieder f\u00fcr alle Zeremonien.\u00a0 Gleichzeitig organisierte er in Zusammenarbeit mit den Notabeln des Konsistorium, das Zeremoniell der heiligen Schriften, der Tora und der gro\u00dfen j\u00fcdischen Feste.\u201c*<\/p>\n<p><a href=\"https:\/\/www.iemj.org\/de\/lovy-israel-1773-1832\/\">Lesen Sie die ausf\u00fchrliche Biografie von Isra\u00ebl Lovy<\/a><\/p>\n<hr \/>\n<p>* Cf. Eug\u00e8ne Manuel, biografische Anmerkung \u00fcber Isra\u00ebl Lovy, aus dem Vorwort der Sammlung liturgischer Lieder, komponiert f\u00fcr hebr\u00e4ische Gebete von Isra\u00ebl Lovy, dem ehemaligen <em>Ministre officiant<\/em> des Israelitischen Tempels von Paris, ver\u00f6ffentlicht von seiner<\/p>\n\n<div class=\"wp-block-image\">\n<figure class=\"aligncenter size-large\"><img fetchpriority=\"high\" decoding=\"async\" width=\"1024\" height=\"133\" src=\"https:\/\/www.iemj.org\/wp-content\/uploads\/2024\/03\/AUDIO-PLAYER-1024x133.png\" alt=\"\" class=\"wp-image-110606\" srcset=\"https:\/\/www.iemj.org\/wp-content\/uploads\/2024\/03\/AUDIO-PLAYER-1024x133.png 1024w, https:\/\/www.iemj.org\/wp-content\/uploads\/2024\/03\/AUDIO-PLAYER-300x39.png 300w, https:\/\/www.iemj.org\/wp-content\/uploads\/2024\/03\/AUDIO-PLAYER-768x100.png 768w, https:\/\/www.iemj.org\/wp-content\/uploads\/2024\/03\/AUDIO-PLAYER-600x78.png 600w, https:\/\/www.iemj.org\/wp-content\/uploads\/2024\/03\/AUDIO-PLAYER.png 1210w\" sizes=\"(max-width: 1024px) 100vw, 1024px\" \/><\/figure>\n<\/div>\n\n\n<h2 class=\"wp-block-heading\"><\/h2>\n\n\n\n<div class=\"wp-block-file\"><a id=\"wp-block-file--media-bef940f7-1d8b-4f91-a3d7-032d17faefdb\" href=\"https:\/\/www.iemj.org\/wp-content\/uploads\/2022\/04\/1-Ato-Hou_Lovy-Israel_Marcel-Lorand-et-le-choeur-de-la-synagogue-de-Strasbourg_T.mp3\">Ato Hou_Lovy Israel_Marcel Lorand et le choeur de la synagogue de Strasbourg<\/a><\/div>\n\n\n\n<div class=\"wp-block-file\"><a id=\"wp-block-file--media-4edc9ddc-9d0f-4cc8-a00e-f06e914b16b0\" href=\"https:\/\/www.iemj.org\/wp-content\/uploads\/2017\/10\/2-berouchim_lovy_israel_michel_heymann.mp3\">Berouchim_Lovy Israel_Michel Heymann<\/a><\/div>\n\n\n\n<div class=\"wp-block-file\"><a id=\"wp-block-file--media-d85b92a7-5f44-4cfa-b42b-05f0ec51644e\" href=\"https:\/\/www.iemj.org\/wp-content\/uploads\/2017\/10\/3-leel_aulom_lovy_israel_michel_heymann.mp3\">Leel Aulom_Lovy Israel_Michel Heymann<\/a><\/div>\n\n\n\n<div class=\"wp-block-file\"><a id=\"wp-block-file--media-ee340d31-b470-4a11-bcaa-b63036a2fe85\" href=\"https:\/\/www.iemj.org\/wp-content\/uploads\/2017\/10\/4-ochamnou_lovy_israel_michel_heymann.mp3\">Ochamnou_Lovy Israel_Michel Heymann<\/a><\/div>\n\n\n\n<div class=\"wp-block-file\"><a id=\"wp-block-file--media-6526482f-757d-463c-b687-fbf1eb82c567\" href=\"https:\/\/www.iemj.org\/wp-content\/uploads\/2017\/10\/5-yigdal_lovy_israel_michel_heymann.mp3\">Yigdal_Lovy Israel_Michel Heymann<\/a><\/div>\n\n\n\n<div class=\"wp-block-file\"><a id=\"wp-block-file--media-68724b86-18ab-418a-9869-0d472e0718e9\" href=\"https:\/\/www.iemj.org\/wp-content\/uploads\/2017\/10\/6-ki_kechimho_lovy_israel_hector_sabo_polyphonie_hebraiques_de_strasbourg.mp3\">Ki kechimho_Lovy Israel_Hector Sabo_polyphonie hebraiques de Strasbourg<\/a><\/div>\n","protected":false},"excerpt":{"rendered":"<p>Die Werke von Isra\u00ebl Lovy, dem Impulsgeber der Reform des franz\u00f6sischen israelitischen Gottesdiensts im fr\u00fchen 19. Jahrhundert<\/p>\n","protected":false},"author":1045,"featured_media":70323,"comment_status":"closed","ping_status":"open","sticky":false,"template":"","format":"standard","meta":{"_acf_changed":false,"footnotes":""},"categories":[1534],"tags":[],"technique":[],"squelettes":[],"sujet":[],"formation":[],"genre":[1891],"fonds":[],"tradition":[1983],"type-de-contenu":[],"interprete-compositeur":[],"frise":[],"type-devenement":[],"tableaux-liens-externes":[],"class_list":["post-70322","post","type-post","status-publish","format-standard","has-post-thumbnail","hentry","category-playlists-de","genre-liturgie-de","tradition-aschkenasischer-ritus-de"],"acf":[],"yoast_head":"<!-- This site is optimized with the Yoast SEO plugin v27.3 - https:\/\/yoast.com\/product\/yoast-seo-wordpress\/ -->\n<title>Isra\u00ebl Lovy (1773-1832) - Institut Europ\u00e9en des Musiques Juives<\/title>\n<meta name=\"robots\" content=\"index, follow, max-snippet:-1, max-image-preview:large, max-video-preview:-1\" \/>\n<link rel=\"canonical\" href=\"https:\/\/www.iemj.org\/de\/israel-lovy-1773-1852\/\" \/>\n<meta property=\"og:locale\" content=\"de_DE\" \/>\n<meta property=\"og:type\" content=\"article\" \/>\n<meta property=\"og:title\" content=\"Isra\u00ebl Lovy (1773-1832) - Institut Europ\u00e9en des Musiques Juives\" \/>\n<meta property=\"og:description\" content=\"Die Werke von Isra\u00ebl Lovy, dem Impulsgeber der Reform des franz\u00f6sischen israelitischen Gottesdiensts im fr\u00fchen 19. Jahrhundert\" \/>\n<meta property=\"og:url\" content=\"https:\/\/www.iemj.org\/de\/israel-lovy-1773-1852\/\" \/>\n<meta property=\"og:site_name\" content=\"Institut Europ\u00e9en des Musiques Juives\" \/>\n<meta property=\"article:publisher\" content=\"https:\/\/www.facebook.com\/MusiquesJuives\/\" \/>\n<meta property=\"article:published_time\" content=\"2017-10-03T15:32:32+00:00\" \/>\n<meta property=\"article:modified_time\" content=\"2025-06-19T13:18:15+00:00\" \/>\n<meta property=\"og:image\" content=\"https:\/\/www.iemj.org\/wp-content\/uploads\/2017\/10\/arton2503.jpg\" \/>\n\t<meta property=\"og:image:width\" content=\"400\" \/>\n\t<meta property=\"og:image:height\" content=\"540\" \/>\n\t<meta property=\"og:image:type\" content=\"image\/jpeg\" \/>\n<meta name=\"author\" content=\"Herv\u00e9 Roten\" \/>\n<meta name=\"twitter:card\" content=\"summary_large_image\" \/>\n<meta name=\"twitter:label1\" content=\"Verfasst von\" \/>\n\t<meta name=\"twitter:data1\" content=\"Herv\u00e9 Roten\" \/>\n\t<meta name=\"twitter:label2\" content=\"Gesch\u00e4tzte Lesezeit\" \/>\n\t<meta name=\"twitter:data2\" content=\"2\u00a0Minuten\" \/>\n<script type=\"application\/ld+json\" class=\"yoast-schema-graph\">{\"@context\":\"https:\\\/\\\/schema.org\",\"@graph\":[{\"@type\":\"Article\",\"@id\":\"https:\\\/\\\/www.iemj.org\\\/de\\\/israel-lovy-1773-1852\\\/#article\",\"isPartOf\":{\"@id\":\"https:\\\/\\\/www.iemj.org\\\/de\\\/israel-lovy-1773-1852\\\/\"},\"author\":{\"name\":\"Herv\u00e9 Roten\",\"@id\":\"https:\\\/\\\/www.iemj.org\\\/de\\\/#\\\/schema\\\/person\\\/906134402c29d5c76e7b726261dd4bbd\"},\"headline\":\"Isra\u00ebl Lovy (1773-1832)\",\"datePublished\":\"2017-10-03T15:32:32+00:00\",\"dateModified\":\"2025-06-19T13:18:15+00:00\",\"mainEntityOfPage\":{\"@id\":\"https:\\\/\\\/www.iemj.org\\\/de\\\/israel-lovy-1773-1852\\\/\"},\"wordCount\":299,\"publisher\":{\"@id\":\"https:\\\/\\\/www.iemj.org\\\/de\\\/#organization\"},\"image\":{\"@id\":\"https:\\\/\\\/www.iemj.org\\\/de\\\/israel-lovy-1773-1852\\\/#primaryimage\"},\"thumbnailUrl\":\"https:\\\/\\\/www.iemj.org\\\/wp-content\\\/uploads\\\/2017\\\/10\\\/arton2503.jpg\",\"articleSection\":[\"Playlists\"],\"inLanguage\":\"de\"},{\"@type\":\"WebPage\",\"@id\":\"https:\\\/\\\/www.iemj.org\\\/de\\\/israel-lovy-1773-1852\\\/\",\"url\":\"https:\\\/\\\/www.iemj.org\\\/de\\\/israel-lovy-1773-1852\\\/\",\"name\":\"Isra\u00ebl Lovy (1773-1832) - Institut Europ\u00e9en des Musiques Juives\",\"isPartOf\":{\"@id\":\"https:\\\/\\\/www.iemj.org\\\/de\\\/#website\"},\"primaryImageOfPage\":{\"@id\":\"https:\\\/\\\/www.iemj.org\\\/de\\\/israel-lovy-1773-1852\\\/#primaryimage\"},\"image\":{\"@id\":\"https:\\\/\\\/www.iemj.org\\\/de\\\/israel-lovy-1773-1852\\\/#primaryimage\"},\"thumbnailUrl\":\"https:\\\/\\\/www.iemj.org\\\/wp-content\\\/uploads\\\/2017\\\/10\\\/arton2503.jpg\",\"datePublished\":\"2017-10-03T15:32:32+00:00\",\"dateModified\":\"2025-06-19T13:18:15+00:00\",\"breadcrumb\":{\"@id\":\"https:\\\/\\\/www.iemj.org\\\/de\\\/israel-lovy-1773-1852\\\/#breadcrumb\"},\"inLanguage\":\"de\",\"potentialAction\":[{\"@type\":\"ReadAction\",\"target\":[\"https:\\\/\\\/www.iemj.org\\\/de\\\/israel-lovy-1773-1852\\\/\"]}]},{\"@type\":\"ImageObject\",\"inLanguage\":\"de\",\"@id\":\"https:\\\/\\\/www.iemj.org\\\/de\\\/israel-lovy-1773-1852\\\/#primaryimage\",\"url\":\"https:\\\/\\\/www.iemj.org\\\/wp-content\\\/uploads\\\/2017\\\/10\\\/arton2503.jpg\",\"contentUrl\":\"https:\\\/\\\/www.iemj.org\\\/wp-content\\\/uploads\\\/2017\\\/10\\\/arton2503.jpg\",\"width\":400,\"height\":540},{\"@type\":\"BreadcrumbList\",\"@id\":\"https:\\\/\\\/www.iemj.org\\\/de\\\/israel-lovy-1773-1852\\\/#breadcrumb\",\"itemListElement\":[{\"@type\":\"ListItem\",\"position\":1,\"name\":\"Accueil\",\"item\":\"https:\\\/\\\/www.iemj.org\\\/de\\\/\"},{\"@type\":\"ListItem\",\"position\":2,\"name\":\"Isra\u00ebl Lovy (1773-1832)\"}]},{\"@type\":\"WebSite\",\"@id\":\"https:\\\/\\\/www.iemj.org\\\/de\\\/#website\",\"url\":\"https:\\\/\\\/www.iemj.org\\\/de\\\/\",\"name\":\"Institut Europ\u00e9en des Musiques Juives\",\"description\":\"Des traditions musicales \u00e0 la port\u00e9e de tous\",\"publisher\":{\"@id\":\"https:\\\/\\\/www.iemj.org\\\/de\\\/#organization\"},\"potentialAction\":[{\"@type\":\"SearchAction\",\"target\":{\"@type\":\"EntryPoint\",\"urlTemplate\":\"https:\\\/\\\/www.iemj.org\\\/de\\\/?s={search_term_string}\"},\"query-input\":{\"@type\":\"PropertyValueSpecification\",\"valueRequired\":true,\"valueName\":\"search_term_string\"}}],\"inLanguage\":\"de\"},{\"@type\":\"Organization\",\"@id\":\"https:\\\/\\\/www.iemj.org\\\/de\\\/#organization\",\"name\":\"Institut Europ\u00e9en des Musiques Juives\",\"url\":\"https:\\\/\\\/www.iemj.org\\\/de\\\/\",\"logo\":{\"@type\":\"ImageObject\",\"inLanguage\":\"de\",\"@id\":\"https:\\\/\\\/www.iemj.org\\\/de\\\/#\\\/schema\\\/logo\\\/image\\\/\",\"url\":\"https:\\\/\\\/www.iemj.org\\\/wp-content\\\/uploads\\\/2021\\\/09\\\/Logo-IEMJ-Paypal.jpg\",\"contentUrl\":\"https:\\\/\\\/www.iemj.org\\\/wp-content\\\/uploads\\\/2021\\\/09\\\/Logo-IEMJ-Paypal.jpg\",\"width\":150,\"height\":50,\"caption\":\"Institut Europ\u00e9en des Musiques Juives\"},\"image\":{\"@id\":\"https:\\\/\\\/www.iemj.org\\\/de\\\/#\\\/schema\\\/logo\\\/image\\\/\"},\"sameAs\":[\"https:\\\/\\\/www.facebook.com\\\/MusiquesJuives\\\/\",\"https:\\\/\\\/www.instagram.com\\\/musiquesjuives\\\/\",\"https:\\\/\\\/www.youtube.com\\\/user\\\/musiquesjuives\"]},{\"@type\":\"Person\",\"@id\":\"https:\\\/\\\/www.iemj.org\\\/de\\\/#\\\/schema\\\/person\\\/906134402c29d5c76e7b726261dd4bbd\",\"name\":\"Herv\u00e9 Roten\",\"image\":{\"@type\":\"ImageObject\",\"inLanguage\":\"de\",\"@id\":\"https:\\\/\\\/secure.gravatar.com\\\/avatar\\\/f96ad2db538a26481f18384936b5cd0610c92d390c4dc382209216d455f685ff?s=96&d=mm&r=g\",\"url\":\"https:\\\/\\\/secure.gravatar.com\\\/avatar\\\/f96ad2db538a26481f18384936b5cd0610c92d390c4dc382209216d455f685ff?s=96&d=mm&r=g\",\"contentUrl\":\"https:\\\/\\\/secure.gravatar.com\\\/avatar\\\/f96ad2db538a26481f18384936b5cd0610c92d390c4dc382209216d455f685ff?s=96&d=mm&r=g\",\"caption\":\"Herv\u00e9 Roten\"}}]}<\/script>\n<!-- \/ Yoast SEO plugin. -->","yoast_head_json":{"title":"Isra\u00ebl Lovy (1773-1832) - Institut Europ\u00e9en des Musiques Juives","robots":{"index":"index","follow":"follow","max-snippet":"max-snippet:-1","max-image-preview":"max-image-preview:large","max-video-preview":"max-video-preview:-1"},"canonical":"https:\/\/www.iemj.org\/de\/israel-lovy-1773-1852\/","og_locale":"de_DE","og_type":"article","og_title":"Isra\u00ebl Lovy (1773-1832) - Institut Europ\u00e9en des Musiques Juives","og_description":"Die Werke von Isra\u00ebl Lovy, dem Impulsgeber der Reform des franz\u00f6sischen israelitischen Gottesdiensts im fr\u00fchen 19. Jahrhundert","og_url":"https:\/\/www.iemj.org\/de\/israel-lovy-1773-1852\/","og_site_name":"Institut Europ\u00e9en des Musiques Juives","article_publisher":"https:\/\/www.facebook.com\/MusiquesJuives\/","article_published_time":"2017-10-03T15:32:32+00:00","article_modified_time":"2025-06-19T13:18:15+00:00","og_image":[{"width":400,"height":540,"url":"https:\/\/www.iemj.org\/wp-content\/uploads\/2017\/10\/arton2503.jpg","type":"image\/jpeg"}],"author":"Herv\u00e9 Roten","twitter_card":"summary_large_image","twitter_misc":{"Verfasst von":"Herv\u00e9 Roten","Gesch\u00e4tzte Lesezeit":"2\u00a0Minuten"},"schema":{"@context":"https:\/\/schema.org","@graph":[{"@type":"Article","@id":"https:\/\/www.iemj.org\/de\/israel-lovy-1773-1852\/#article","isPartOf":{"@id":"https:\/\/www.iemj.org\/de\/israel-lovy-1773-1852\/"},"author":{"name":"Herv\u00e9 Roten","@id":"https:\/\/www.iemj.org\/de\/#\/schema\/person\/906134402c29d5c76e7b726261dd4bbd"},"headline":"Isra\u00ebl Lovy (1773-1832)","datePublished":"2017-10-03T15:32:32+00:00","dateModified":"2025-06-19T13:18:15+00:00","mainEntityOfPage":{"@id":"https:\/\/www.iemj.org\/de\/israel-lovy-1773-1852\/"},"wordCount":299,"publisher":{"@id":"https:\/\/www.iemj.org\/de\/#organization"},"image":{"@id":"https:\/\/www.iemj.org\/de\/israel-lovy-1773-1852\/#primaryimage"},"thumbnailUrl":"https:\/\/www.iemj.org\/wp-content\/uploads\/2017\/10\/arton2503.jpg","articleSection":["Playlists"],"inLanguage":"de"},{"@type":"WebPage","@id":"https:\/\/www.iemj.org\/de\/israel-lovy-1773-1852\/","url":"https:\/\/www.iemj.org\/de\/israel-lovy-1773-1852\/","name":"Isra\u00ebl Lovy (1773-1832) - Institut Europ\u00e9en des Musiques Juives","isPartOf":{"@id":"https:\/\/www.iemj.org\/de\/#website"},"primaryImageOfPage":{"@id":"https:\/\/www.iemj.org\/de\/israel-lovy-1773-1852\/#primaryimage"},"image":{"@id":"https:\/\/www.iemj.org\/de\/israel-lovy-1773-1852\/#primaryimage"},"thumbnailUrl":"https:\/\/www.iemj.org\/wp-content\/uploads\/2017\/10\/arton2503.jpg","datePublished":"2017-10-03T15:32:32+00:00","dateModified":"2025-06-19T13:18:15+00:00","breadcrumb":{"@id":"https:\/\/www.iemj.org\/de\/israel-lovy-1773-1852\/#breadcrumb"},"inLanguage":"de","potentialAction":[{"@type":"ReadAction","target":["https:\/\/www.iemj.org\/de\/israel-lovy-1773-1852\/"]}]},{"@type":"ImageObject","inLanguage":"de","@id":"https:\/\/www.iemj.org\/de\/israel-lovy-1773-1852\/#primaryimage","url":"https:\/\/www.iemj.org\/wp-content\/uploads\/2017\/10\/arton2503.jpg","contentUrl":"https:\/\/www.iemj.org\/wp-content\/uploads\/2017\/10\/arton2503.jpg","width":400,"height":540},{"@type":"BreadcrumbList","@id":"https:\/\/www.iemj.org\/de\/israel-lovy-1773-1852\/#breadcrumb","itemListElement":[{"@type":"ListItem","position":1,"name":"Accueil","item":"https:\/\/www.iemj.org\/de\/"},{"@type":"ListItem","position":2,"name":"Isra\u00ebl Lovy (1773-1832)"}]},{"@type":"WebSite","@id":"https:\/\/www.iemj.org\/de\/#website","url":"https:\/\/www.iemj.org\/de\/","name":"Institut Europ\u00e9en des Musiques Juives","description":"Des traditions musicales \u00e0 la port\u00e9e de tous","publisher":{"@id":"https:\/\/www.iemj.org\/de\/#organization"},"potentialAction":[{"@type":"SearchAction","target":{"@type":"EntryPoint","urlTemplate":"https:\/\/www.iemj.org\/de\/?s={search_term_string}"},"query-input":{"@type":"PropertyValueSpecification","valueRequired":true,"valueName":"search_term_string"}}],"inLanguage":"de"},{"@type":"Organization","@id":"https:\/\/www.iemj.org\/de\/#organization","name":"Institut Europ\u00e9en des Musiques Juives","url":"https:\/\/www.iemj.org\/de\/","logo":{"@type":"ImageObject","inLanguage":"de","@id":"https:\/\/www.iemj.org\/de\/#\/schema\/logo\/image\/","url":"https:\/\/www.iemj.org\/wp-content\/uploads\/2021\/09\/Logo-IEMJ-Paypal.jpg","contentUrl":"https:\/\/www.iemj.org\/wp-content\/uploads\/2021\/09\/Logo-IEMJ-Paypal.jpg","width":150,"height":50,"caption":"Institut Europ\u00e9en des Musiques Juives"},"image":{"@id":"https:\/\/www.iemj.org\/de\/#\/schema\/logo\/image\/"},"sameAs":["https:\/\/www.facebook.com\/MusiquesJuives\/","https:\/\/www.instagram.com\/musiquesjuives\/","https:\/\/www.youtube.com\/user\/musiquesjuives"]},{"@type":"Person","@id":"https:\/\/www.iemj.org\/de\/#\/schema\/person\/906134402c29d5c76e7b726261dd4bbd","name":"Herv\u00e9 Roten","image":{"@type":"ImageObject","inLanguage":"de","@id":"https:\/\/secure.gravatar.com\/avatar\/f96ad2db538a26481f18384936b5cd0610c92d390c4dc382209216d455f685ff?s=96&d=mm&r=g","url":"https:\/\/secure.gravatar.com\/avatar\/f96ad2db538a26481f18384936b5cd0610c92d390c4dc382209216d455f685ff?s=96&d=mm&r=g","contentUrl":"https:\/\/secure.gravatar.com\/avatar\/f96ad2db538a26481f18384936b5cd0610c92d390c4dc382209216d455f685ff?s=96&d=mm&r=g","caption":"Herv\u00e9 Roten"}}]}},"_links":{"self":[{"href":"https:\/\/www.iemj.org\/de\/wp-json\/wp\/v2\/posts\/70322","targetHints":{"allow":["GET"]}}],"collection":[{"href":"https:\/\/www.iemj.org\/de\/wp-json\/wp\/v2\/posts"}],"about":[{"href":"https:\/\/www.iemj.org\/de\/wp-json\/wp\/v2\/types\/post"}],"author":[{"embeddable":true,"href":"https:\/\/www.iemj.org\/de\/wp-json\/wp\/v2\/users\/1045"}],"replies":[{"embeddable":true,"href":"https:\/\/www.iemj.org\/de\/wp-json\/wp\/v2\/comments?post=70322"}],"version-history":[{"count":0,"href":"https:\/\/www.iemj.org\/de\/wp-json\/wp\/v2\/posts\/70322\/revisions"}],"wp:featuredmedia":[{"embeddable":true,"href":"https:\/\/www.iemj.org\/de\/wp-json\/wp\/v2\/media\/70323"}],"wp:attachment":[{"href":"https:\/\/www.iemj.org\/de\/wp-json\/wp\/v2\/media?parent=70322"}],"wp:term":[{"taxonomy":"category","embeddable":true,"href":"https:\/\/www.iemj.org\/de\/wp-json\/wp\/v2\/categories?post=70322"},{"taxonomy":"post_tag","embeddable":true,"href":"https:\/\/www.iemj.org\/de\/wp-json\/wp\/v2\/tags?post=70322"},{"taxonomy":"technique","embeddable":true,"href":"https:\/\/www.iemj.org\/de\/wp-json\/wp\/v2\/technique?post=70322"},{"taxonomy":"squelettes","embeddable":true,"href":"https:\/\/www.iemj.org\/de\/wp-json\/wp\/v2\/squelettes?post=70322"},{"taxonomy":"sujet","embeddable":true,"href":"https:\/\/www.iemj.org\/de\/wp-json\/wp\/v2\/sujet?post=70322"},{"taxonomy":"formation","embeddable":true,"href":"https:\/\/www.iemj.org\/de\/wp-json\/wp\/v2\/formation?post=70322"},{"taxonomy":"genre","embeddable":true,"href":"https:\/\/www.iemj.org\/de\/wp-json\/wp\/v2\/genre?post=70322"},{"taxonomy":"fonds","embeddable":true,"href":"https:\/\/www.iemj.org\/de\/wp-json\/wp\/v2\/fonds?post=70322"},{"taxonomy":"tradition","embeddable":true,"href":"https:\/\/www.iemj.org\/de\/wp-json\/wp\/v2\/tradition?post=70322"},{"taxonomy":"type-de-contenu","embeddable":true,"href":"https:\/\/www.iemj.org\/de\/wp-json\/wp\/v2\/type-de-contenu?post=70322"},{"taxonomy":"interprete-compositeur","embeddable":true,"href":"https:\/\/www.iemj.org\/de\/wp-json\/wp\/v2\/interprete-compositeur?post=70322"},{"taxonomy":"frise","embeddable":true,"href":"https:\/\/www.iemj.org\/de\/wp-json\/wp\/v2\/frise?post=70322"},{"taxonomy":"type-devenement","embeddable":true,"href":"https:\/\/www.iemj.org\/de\/wp-json\/wp\/v2\/type-devenement?post=70322"},{"taxonomy":"tableaux-liens-externes","embeddable":true,"href":"https:\/\/www.iemj.org\/de\/wp-json\/wp\/v2\/tableaux-liens-externes?post=70322"}],"curies":[{"name":"wp","href":"https:\/\/api.w.org\/{rel}","templated":true}]}}