{"id":70637,"date":"2016-03-29T16:12:04","date_gmt":"2016-03-29T14:12:04","guid":{"rendered":"https:\/\/www.iemj.org\/weill-kurt-1900-1950\/"},"modified":"2021-11-03T12:10:03","modified_gmt":"2021-11-03T11:10:03","slug":"weill-kurt-1900-1950","status":"publish","type":"post","link":"https:\/\/www.iemj.org\/de\/weill-kurt-1900-1950\/","title":{"rendered":"Weill, Kurt (1900-1950)"},"content":{"rendered":"<p>Kurt Julian Weill wurde am 2. M\u00e4rz 1900 in Dessau geboren. Er war das dritte von vier Kindern von Emma Ackermann und Albert Weill, einem Kantoren der Synagoge von Dessau (1899-1919) und Komponisten von gr\u00f6\u00dftenteils liturgischer Musik.<\/p>\n<p>1913 wagte er seine ersten Kompositionsversuche. Von 1915 bis 1918 erhielt er Klavier-, Harmonie-, Kompositions- und Orchestrierungsunterricht von Albert Bing, dem stellvertretenden Leiter der Dessauer Hoftheaters. 1918 begann er ein Musikstudium an der Hochschule von Berlin. Im Dezember 1920 wurde Kurt Weill in die Klasse des Komponisten und Pianisten Busoni, an der Akademie der K\u00fcnste von Berlin, aufgenommen. Er wurde schnell zu einem seiner brillantesten und radikalsten Sch\u00fcler.<\/p>\n<p>1925 begann Kurt Weill seine Opernprojekte, welche auf der Aufwertung der Rolle der Musik im Theater, sowie auf dem Begriff des Spiel basierten. Seine erste Zusammenarbeit mit Bertolt Brecht im Jahr 1927 (<em>Die Dreigroschenoper<\/em>) war entscheidend f\u00fcr sein weiteres Schaffen. Den kommunistischen Idealen verschreiben, ver\u00e4nderte diese Begegnung seine Art zu schreiben. Er gab selbst an, der \u201eVerdi der Armen\u201c sein zu wollen und wandte sich mit seinem expressionistischen Avantgarde-Stil, dem Realismus zu. Er begr\u00fcndete daraufhin ein neue Darstellungsform: eine Mischung aus Theater und Oper, mit einer dem Jazz und dem Kabarett entlehnten Musik.<\/p>\n<p>Diese Zeit stellte einen Wendepunkt f\u00fcr den Komponisten dar: Er arbeitete mit der \u00f6sterreichischen Sopranistin Lotta Lenya zusammen, die kurz darauf zu seiner Muse und Lieblingsk\u00fcnstlerin wurde. Unzertrennlich geworden heiratete das Duo und wurde ein legend\u00e4res Paar.<\/p>\n<p>1933 zwangen seine j\u00fcdischen Wurzeln Kurt Weill zur Flucht nach Frankreich. Am 26. November 1933, rief der Komponist Florent Schmitt, w\u00e4hrend eines Konzerts im Salle Pleyel, bei dem Ausz\u00fcge aus <em>Der Silbersee<\/em> gespielt wurden, \u201eHeil Hitler!\u201c, mit der Unterst\u00fctzung eines Teils des Publikums. Pariser Zeitungen griffen daraufhin Kurt Weil an, insbesondere Lucien Rebatet kritisierte in der Zeitung \u201eAction fran\u00e7aise\u201c, den \u201ej\u00fcdisch-deutschen Virus\u201c.<\/p>\n<p>Im September 1935 emigrierte er in die Vereinigten Staaten. Ein Hauptwerk aus der Anfangszeit seines Exils ist <em>Der Weg der Verhei\u00dfung\/ The Eternal Road<\/em>, ein biblisches St\u00fcck, welches die Geschichte des j\u00fcdischen Volkes darstellt. Es handelt sich dabei um eine Mischung aus Theater, Liturgie und Oper.\u00a0 Kurt Weill hatte daraufhin, besonders mit <em>Lady in the Dark et One Touch of Venus<\/em>, Erfolg am Broadway. Ab Oktober 1941 beteiligte er sich an den Kriegsanstrengungen, indem er der Organisation \u201eFight For Freedom\u201c beitrat; 1942 leistete er Zivildienst als Luftraumbeobachter. Er produzierte auch mehrere Werke, welche die damalige Lage behandelten, wie etwa <em>We Will Never Die<\/em>, das in New York und in Los Angeles aufgef\u00fchrt und zudem \u00fcber das Radio \u00fcbertragen wurde. 1943 erhielt er die amerikanische Staatsb\u00fcrgerschaft, welche er seit 1937 beantragt hatte.<\/p>\n<p>Die bemerkenswertesten St\u00fccke von Kurt Weills letzten Schaffensperiode, sind die amerikanische Oper <em>Street Scene<\/em>, bei welcher es sich um eine interessante Mischung aus europ\u00e4ischer Oper und amerikanischem Musical handelt, sowie die musikalische Trag\u00f6die <em>Lost in the Stars<\/em>, welches das Thema der s\u00fcdafrikanischen Apartheid mit einem gewissen afrikanischen Einfluss in der Musik behandelt. Kurt Weill starb am 3. April 1950 an einem Herzinfarkt in New York, w\u00e4hrend der Arbeit an dem Musical <em>Huckleberry Finn<\/em>, nach dem Werk von Mark Twain.<\/p>\n<p>Sein Zeitgenosse, der Komponist Jean Wiener, sagte \u00fcber ihn: \u201eDas Einzigartige und Bemerkenswerte an Weills Musik ist seine F\u00e4higkeit, Musik f\u00fcr jedermann zu schreiben\u2026 aber wie es nicht jedermann kann\u2026\u201c<\/p>\n<p>*Synthese erstellt von Herv\u00e9 Roten, aus Artikeln \u00fcber Kurt Weill von <a href=\"http:\/\/www.francemusique.fr\/personne\/kurt-weill-0\">France Musique<\/a>,\u00a0<a href=\"https:\/\/www.musicologie.org\/Biographies\/weill_kurt.html\">Musicologie.org<\/a>\u00a0und\u00a0<a href=\"https:\/\/fr.wikipedia.org\/wiki\/Kurt_Weill\">Wikipedia<\/a>.<\/p>\n<p><a href=\"https:\/\/www.musicologie.org\/Biographies\/weill_kurt.html\" target=\"_blank\" rel=\"noopener\"><strong>Biografie, Diskografie und Katalog der Werke von Kurt Weill<\/strong><\/a><\/p>\n<p><a href=\"https:\/\/www.iemj.org\/de\/kurt-weill-1900-1950\/\" target=\"_blank\" rel=\"noopener\">H\u00f6ren Sie sich die Kurt Weill gewidmete Playlist an<\/a><\/p>\n<p><a href=\"http:\/\/www.rachelnet.net\/F\/?func=find-c&amp;ccl_term=WRD+%3D+kurt+weill&amp;local_base=iemcg\" target=\"_blank\" rel=\"noopener\">Greifen sie auf die Archive \u00fcber Kurt Weill zu<\/a><\/p>\n\n\n<div class=\"wp-block-columns is-layout-flex wp-container-core-columns-is-layout-9d6595d7 wp-block-columns-is-layout-flex\">\n<div class=\"wp-block-column is-layout-flow wp-block-column-is-layout-flow\">\n<figure class=\"wp-block-embed is-type-video is-provider-youtube wp-block-embed-youtube wp-embed-aspect-4-3 wp-has-aspect-ratio\"><div class=\"wp-block-embed__wrapper\">\n<iframe title=\"Lotte Lenya sings Kurt Weill\" width=\"640\" height=\"480\" src=\"https:\/\/www.youtube.com\/embed\/1quSB7DceUw?feature=oembed\" frameborder=\"0\" allow=\"accelerometer; autoplay; clipboard-write; encrypted-media; gyroscope; picture-in-picture; web-share\" referrerpolicy=\"strict-origin-when-cross-origin\" allowfullscreen><\/iframe>\n<\/div><\/figure>\n\n\n\n<p>Lotte Lenya singt \u201eHavana Song\u201d (3:25), aus der Oper <em>Mahagonny<\/em> und \u201eSurabaya Johnny\u201d (5:20) aus <em>Happy End<\/em>. Einleitung von Aaron Copland, der \u00fcber die Oper in den 1920 Jahren spricht.<\/p>\n<\/div>\n\n\n\n<div class=\"wp-block-column is-layout-flow wp-block-column-is-layout-flow\">\n<figure class=\"wp-block-embed is-type-video is-provider-youtube wp-block-embed-youtube wp-embed-aspect-4-3 wp-has-aspect-ratio\"><div class=\"wp-block-embed__wrapper\">\n<iframe title=\"Kurt Weill - Kleine Dreigroschenmusik, cinq extraits\" width=\"640\" height=\"480\" src=\"https:\/\/www.youtube.com\/embed\/xqFpOkSreLw?feature=oembed\" frameborder=\"0\" allow=\"accelerometer; autoplay; clipboard-write; encrypted-media; gyroscope; picture-in-picture; web-share\" referrerpolicy=\"strict-origin-when-cross-origin\" allowfullscreen><\/iframe>\n<\/div><\/figure>\n\n\n\n<p>Im August 1928 wurde seine Oper Die Im August 1928 erfuhr seine Oper <em>Die Dreigroschenoper<\/em> einen ph\u00e4nomenalen Erfolg. Kurt Weill beschloss au\u00dferdem, die Musik dieser Oper als Grundlage f\u00fcr eine Suite f\u00fcr ein kleines Instrumentalensemble (zw\u00f6lf Blasinstrumente, darunter zwei Saxofone, Pauken, Klavier und Perkussion, sowie Banjo) zu verwenden.<\/p>\n<\/div>\n<\/div>\n\n\n\n<div class=\"wp-block-columns is-layout-flex wp-container-core-columns-is-layout-9d6595d7 wp-block-columns-is-layout-flex\">\n<div class=\"wp-block-column is-layout-flow wp-block-column-is-layout-flow\">\n<figure class=\"wp-block-embed is-type-video is-provider-youtube wp-block-embed-youtube wp-embed-aspect-4-3 wp-has-aspect-ratio\"><div class=\"wp-block-embed__wrapper\">\n<iframe title=\"Mack The Knife - Louis Armstrong &amp; Lotte Lenya\" width=\"640\" height=\"480\" src=\"https:\/\/www.youtube.com\/embed\/5362wt7-dEM?feature=oembed\" frameborder=\"0\" allow=\"accelerometer; autoplay; clipboard-write; encrypted-media; gyroscope; picture-in-picture; web-share\" referrerpolicy=\"strict-origin-when-cross-origin\" allowfullscreen><\/iframe>\n<\/div><\/figure>\n<\/div>\n\n\n\n<div class=\"wp-block-column is-layout-flow wp-block-column-is-layout-flow\"><\/div>\n<\/div>\n\n\n\n<div class=\"wp-block-columns is-layout-flex wp-container-core-columns-is-layout-9d6595d7 wp-block-columns-is-layout-flex\">\n<div class=\"wp-block-column is-layout-flow wp-block-column-is-layout-flow\"><\/div>\n<\/div>\n","protected":false},"excerpt":{"rendered":"<p>Kurt Julian Weill wurde am 2. M\u00e4rz 1900 in Dessau geboren. Er war das dritte von vier Kindern von Emma Ackermann und Albert Weill, einem Kantoren der Synagoge von Dessau<\/p>\n","protected":false},"author":1045,"featured_media":70638,"comment_status":"closed","ping_status":"open","sticky":false,"template":"","format":"standard","meta":{"_acf_changed":false,"footnotes":""},"categories":[1415],"tags":[],"technique":[],"squelettes":[],"sujet":[],"formation":[],"genre":[1900],"fonds":[],"tradition":[],"type-de-contenu":[],"interprete-compositeur":[3228],"frise":[],"type-devenement":[],"tableaux-liens-externes":[],"class_list":["post-70637","post","type-post","status-publish","format-standard","has-post-thumbnail","hentry","category-biografien-de","genre-klassische-musik-de","interprete-compositeur-kurt-weill-de"],"acf":[],"yoast_head":"<!-- This site is optimized with the Yoast SEO plugin v27.3 - https:\/\/yoast.com\/product\/yoast-seo-wordpress\/ -->\n<title>Weill, Kurt (1900-1950) - Institut Europ\u00e9en des Musiques Juives<\/title>\n<meta name=\"robots\" content=\"index, follow, max-snippet:-1, max-image-preview:large, max-video-preview:-1\" \/>\n<link rel=\"canonical\" href=\"https:\/\/www.iemj.org\/de\/weill-kurt-1900-1950\/\" \/>\n<meta property=\"og:locale\" content=\"de_DE\" \/>\n<meta property=\"og:type\" content=\"article\" \/>\n<meta property=\"og:title\" content=\"Weill, Kurt (1900-1950) - Institut Europ\u00e9en des Musiques Juives\" \/>\n<meta property=\"og:description\" content=\"Kurt Julian Weill wurde am 2. M\u00e4rz 1900 in Dessau geboren. Er war das dritte von vier Kindern von Emma Ackermann und Albert Weill, einem Kantoren der Synagoge von Dessau\" \/>\n<meta property=\"og:url\" content=\"https:\/\/www.iemj.org\/de\/weill-kurt-1900-1950\/\" \/>\n<meta property=\"og:site_name\" content=\"Institut Europ\u00e9en des Musiques Juives\" \/>\n<meta property=\"article:publisher\" content=\"https:\/\/www.facebook.com\/MusiquesJuives\/\" \/>\n<meta property=\"article:published_time\" content=\"2016-03-29T14:12:04+00:00\" \/>\n<meta property=\"article:modified_time\" content=\"2021-11-03T11:10:03+00:00\" \/>\n<meta property=\"og:image\" content=\"https:\/\/www.iemj.org\/wp-content\/uploads\/2016\/03\/arton1562.jpg\" \/>\n\t<meta property=\"og:image:width\" content=\"270\" \/>\n\t<meta property=\"og:image:height\" content=\"223\" \/>\n\t<meta property=\"og:image:type\" content=\"image\/jpeg\" \/>\n<meta name=\"author\" content=\"Herv\u00e9 Roten\" \/>\n<meta name=\"twitter:card\" content=\"summary_large_image\" \/>\n<meta name=\"twitter:label1\" content=\"Verfasst von\" \/>\n\t<meta name=\"twitter:data1\" content=\"Herv\u00e9 Roten\" \/>\n\t<meta name=\"twitter:label2\" content=\"Gesch\u00e4tzte Lesezeit\" \/>\n\t<meta name=\"twitter:data2\" content=\"3\u00a0Minuten\" \/>\n<script type=\"application\/ld+json\" class=\"yoast-schema-graph\">{\"@context\":\"https:\\\/\\\/schema.org\",\"@graph\":[{\"@type\":\"Article\",\"@id\":\"https:\\\/\\\/www.iemj.org\\\/de\\\/weill-kurt-1900-1950\\\/#article\",\"isPartOf\":{\"@id\":\"https:\\\/\\\/www.iemj.org\\\/de\\\/weill-kurt-1900-1950\\\/\"},\"author\":{\"name\":\"Herv\u00e9 Roten\",\"@id\":\"https:\\\/\\\/www.iemj.org\\\/de\\\/#\\\/schema\\\/person\\\/906134402c29d5c76e7b726261dd4bbd\"},\"headline\":\"Weill, Kurt (1900-1950)\",\"datePublished\":\"2016-03-29T14:12:04+00:00\",\"dateModified\":\"2021-11-03T11:10:03+00:00\",\"mainEntityOfPage\":{\"@id\":\"https:\\\/\\\/www.iemj.org\\\/de\\\/weill-kurt-1900-1950\\\/\"},\"wordCount\":686,\"publisher\":{\"@id\":\"https:\\\/\\\/www.iemj.org\\\/de\\\/#organization\"},\"image\":{\"@id\":\"https:\\\/\\\/www.iemj.org\\\/de\\\/weill-kurt-1900-1950\\\/#primaryimage\"},\"thumbnailUrl\":\"https:\\\/\\\/www.iemj.org\\\/wp-content\\\/uploads\\\/2016\\\/03\\\/arton1562.jpg\",\"articleSection\":[\"Biografien\"],\"inLanguage\":\"de\"},{\"@type\":\"WebPage\",\"@id\":\"https:\\\/\\\/www.iemj.org\\\/de\\\/weill-kurt-1900-1950\\\/\",\"url\":\"https:\\\/\\\/www.iemj.org\\\/de\\\/weill-kurt-1900-1950\\\/\",\"name\":\"Weill, Kurt (1900-1950) - Institut Europ\u00e9en des Musiques Juives\",\"isPartOf\":{\"@id\":\"https:\\\/\\\/www.iemj.org\\\/de\\\/#website\"},\"primaryImageOfPage\":{\"@id\":\"https:\\\/\\\/www.iemj.org\\\/de\\\/weill-kurt-1900-1950\\\/#primaryimage\"},\"image\":{\"@id\":\"https:\\\/\\\/www.iemj.org\\\/de\\\/weill-kurt-1900-1950\\\/#primaryimage\"},\"thumbnailUrl\":\"https:\\\/\\\/www.iemj.org\\\/wp-content\\\/uploads\\\/2016\\\/03\\\/arton1562.jpg\",\"datePublished\":\"2016-03-29T14:12:04+00:00\",\"dateModified\":\"2021-11-03T11:10:03+00:00\",\"breadcrumb\":{\"@id\":\"https:\\\/\\\/www.iemj.org\\\/de\\\/weill-kurt-1900-1950\\\/#breadcrumb\"},\"inLanguage\":\"de\",\"potentialAction\":[{\"@type\":\"ReadAction\",\"target\":[\"https:\\\/\\\/www.iemj.org\\\/de\\\/weill-kurt-1900-1950\\\/\"]}]},{\"@type\":\"ImageObject\",\"inLanguage\":\"de\",\"@id\":\"https:\\\/\\\/www.iemj.org\\\/de\\\/weill-kurt-1900-1950\\\/#primaryimage\",\"url\":\"https:\\\/\\\/www.iemj.org\\\/wp-content\\\/uploads\\\/2016\\\/03\\\/arton1562.jpg\",\"contentUrl\":\"https:\\\/\\\/www.iemj.org\\\/wp-content\\\/uploads\\\/2016\\\/03\\\/arton1562.jpg\",\"width\":270,\"height\":223},{\"@type\":\"BreadcrumbList\",\"@id\":\"https:\\\/\\\/www.iemj.org\\\/de\\\/weill-kurt-1900-1950\\\/#breadcrumb\",\"itemListElement\":[{\"@type\":\"ListItem\",\"position\":1,\"name\":\"Accueil\",\"item\":\"https:\\\/\\\/www.iemj.org\\\/de\\\/\"},{\"@type\":\"ListItem\",\"position\":2,\"name\":\"Weill, Kurt (1900-1950)\"}]},{\"@type\":\"WebSite\",\"@id\":\"https:\\\/\\\/www.iemj.org\\\/de\\\/#website\",\"url\":\"https:\\\/\\\/www.iemj.org\\\/de\\\/\",\"name\":\"Institut Europ\u00e9en des Musiques Juives\",\"description\":\"Des traditions musicales \u00e0 la port\u00e9e de tous\",\"publisher\":{\"@id\":\"https:\\\/\\\/www.iemj.org\\\/de\\\/#organization\"},\"potentialAction\":[{\"@type\":\"SearchAction\",\"target\":{\"@type\":\"EntryPoint\",\"urlTemplate\":\"https:\\\/\\\/www.iemj.org\\\/de\\\/?s={search_term_string}\"},\"query-input\":{\"@type\":\"PropertyValueSpecification\",\"valueRequired\":true,\"valueName\":\"search_term_string\"}}],\"inLanguage\":\"de\"},{\"@type\":\"Organization\",\"@id\":\"https:\\\/\\\/www.iemj.org\\\/de\\\/#organization\",\"name\":\"Institut Europ\u00e9en des Musiques Juives\",\"url\":\"https:\\\/\\\/www.iemj.org\\\/de\\\/\",\"logo\":{\"@type\":\"ImageObject\",\"inLanguage\":\"de\",\"@id\":\"https:\\\/\\\/www.iemj.org\\\/de\\\/#\\\/schema\\\/logo\\\/image\\\/\",\"url\":\"https:\\\/\\\/www.iemj.org\\\/wp-content\\\/uploads\\\/2021\\\/09\\\/Logo-IEMJ-Paypal.jpg\",\"contentUrl\":\"https:\\\/\\\/www.iemj.org\\\/wp-content\\\/uploads\\\/2021\\\/09\\\/Logo-IEMJ-Paypal.jpg\",\"width\":150,\"height\":50,\"caption\":\"Institut Europ\u00e9en des Musiques Juives\"},\"image\":{\"@id\":\"https:\\\/\\\/www.iemj.org\\\/de\\\/#\\\/schema\\\/logo\\\/image\\\/\"},\"sameAs\":[\"https:\\\/\\\/www.facebook.com\\\/MusiquesJuives\\\/\",\"https:\\\/\\\/www.instagram.com\\\/musiquesjuives\\\/\",\"https:\\\/\\\/www.youtube.com\\\/user\\\/musiquesjuives\"]},{\"@type\":\"Person\",\"@id\":\"https:\\\/\\\/www.iemj.org\\\/de\\\/#\\\/schema\\\/person\\\/906134402c29d5c76e7b726261dd4bbd\",\"name\":\"Herv\u00e9 Roten\",\"image\":{\"@type\":\"ImageObject\",\"inLanguage\":\"de\",\"@id\":\"https:\\\/\\\/secure.gravatar.com\\\/avatar\\\/f96ad2db538a26481f18384936b5cd0610c92d390c4dc382209216d455f685ff?s=96&d=mm&r=g\",\"url\":\"https:\\\/\\\/secure.gravatar.com\\\/avatar\\\/f96ad2db538a26481f18384936b5cd0610c92d390c4dc382209216d455f685ff?s=96&d=mm&r=g\",\"contentUrl\":\"https:\\\/\\\/secure.gravatar.com\\\/avatar\\\/f96ad2db538a26481f18384936b5cd0610c92d390c4dc382209216d455f685ff?s=96&d=mm&r=g\",\"caption\":\"Herv\u00e9 Roten\"}}]}<\/script>\n<!-- \/ Yoast SEO plugin. -->","yoast_head_json":{"title":"Weill, Kurt (1900-1950) - Institut Europ\u00e9en des Musiques Juives","robots":{"index":"index","follow":"follow","max-snippet":"max-snippet:-1","max-image-preview":"max-image-preview:large","max-video-preview":"max-video-preview:-1"},"canonical":"https:\/\/www.iemj.org\/de\/weill-kurt-1900-1950\/","og_locale":"de_DE","og_type":"article","og_title":"Weill, Kurt (1900-1950) - Institut Europ\u00e9en des Musiques Juives","og_description":"Kurt Julian Weill wurde am 2. M\u00e4rz 1900 in Dessau geboren. Er war das dritte von vier Kindern von Emma Ackermann und Albert Weill, einem Kantoren der Synagoge von Dessau","og_url":"https:\/\/www.iemj.org\/de\/weill-kurt-1900-1950\/","og_site_name":"Institut Europ\u00e9en des Musiques Juives","article_publisher":"https:\/\/www.facebook.com\/MusiquesJuives\/","article_published_time":"2016-03-29T14:12:04+00:00","article_modified_time":"2021-11-03T11:10:03+00:00","og_image":[{"width":270,"height":223,"url":"https:\/\/www.iemj.org\/wp-content\/uploads\/2016\/03\/arton1562.jpg","type":"image\/jpeg"}],"author":"Herv\u00e9 Roten","twitter_card":"summary_large_image","twitter_misc":{"Verfasst von":"Herv\u00e9 Roten","Gesch\u00e4tzte Lesezeit":"3\u00a0Minuten"},"schema":{"@context":"https:\/\/schema.org","@graph":[{"@type":"Article","@id":"https:\/\/www.iemj.org\/de\/weill-kurt-1900-1950\/#article","isPartOf":{"@id":"https:\/\/www.iemj.org\/de\/weill-kurt-1900-1950\/"},"author":{"name":"Herv\u00e9 Roten","@id":"https:\/\/www.iemj.org\/de\/#\/schema\/person\/906134402c29d5c76e7b726261dd4bbd"},"headline":"Weill, Kurt (1900-1950)","datePublished":"2016-03-29T14:12:04+00:00","dateModified":"2021-11-03T11:10:03+00:00","mainEntityOfPage":{"@id":"https:\/\/www.iemj.org\/de\/weill-kurt-1900-1950\/"},"wordCount":686,"publisher":{"@id":"https:\/\/www.iemj.org\/de\/#organization"},"image":{"@id":"https:\/\/www.iemj.org\/de\/weill-kurt-1900-1950\/#primaryimage"},"thumbnailUrl":"https:\/\/www.iemj.org\/wp-content\/uploads\/2016\/03\/arton1562.jpg","articleSection":["Biografien"],"inLanguage":"de"},{"@type":"WebPage","@id":"https:\/\/www.iemj.org\/de\/weill-kurt-1900-1950\/","url":"https:\/\/www.iemj.org\/de\/weill-kurt-1900-1950\/","name":"Weill, Kurt (1900-1950) - Institut Europ\u00e9en des Musiques Juives","isPartOf":{"@id":"https:\/\/www.iemj.org\/de\/#website"},"primaryImageOfPage":{"@id":"https:\/\/www.iemj.org\/de\/weill-kurt-1900-1950\/#primaryimage"},"image":{"@id":"https:\/\/www.iemj.org\/de\/weill-kurt-1900-1950\/#primaryimage"},"thumbnailUrl":"https:\/\/www.iemj.org\/wp-content\/uploads\/2016\/03\/arton1562.jpg","datePublished":"2016-03-29T14:12:04+00:00","dateModified":"2021-11-03T11:10:03+00:00","breadcrumb":{"@id":"https:\/\/www.iemj.org\/de\/weill-kurt-1900-1950\/#breadcrumb"},"inLanguage":"de","potentialAction":[{"@type":"ReadAction","target":["https:\/\/www.iemj.org\/de\/weill-kurt-1900-1950\/"]}]},{"@type":"ImageObject","inLanguage":"de","@id":"https:\/\/www.iemj.org\/de\/weill-kurt-1900-1950\/#primaryimage","url":"https:\/\/www.iemj.org\/wp-content\/uploads\/2016\/03\/arton1562.jpg","contentUrl":"https:\/\/www.iemj.org\/wp-content\/uploads\/2016\/03\/arton1562.jpg","width":270,"height":223},{"@type":"BreadcrumbList","@id":"https:\/\/www.iemj.org\/de\/weill-kurt-1900-1950\/#breadcrumb","itemListElement":[{"@type":"ListItem","position":1,"name":"Accueil","item":"https:\/\/www.iemj.org\/de\/"},{"@type":"ListItem","position":2,"name":"Weill, Kurt (1900-1950)"}]},{"@type":"WebSite","@id":"https:\/\/www.iemj.org\/de\/#website","url":"https:\/\/www.iemj.org\/de\/","name":"Institut Europ\u00e9en des Musiques Juives","description":"Des traditions musicales \u00e0 la port\u00e9e de tous","publisher":{"@id":"https:\/\/www.iemj.org\/de\/#organization"},"potentialAction":[{"@type":"SearchAction","target":{"@type":"EntryPoint","urlTemplate":"https:\/\/www.iemj.org\/de\/?s={search_term_string}"},"query-input":{"@type":"PropertyValueSpecification","valueRequired":true,"valueName":"search_term_string"}}],"inLanguage":"de"},{"@type":"Organization","@id":"https:\/\/www.iemj.org\/de\/#organization","name":"Institut Europ\u00e9en des Musiques Juives","url":"https:\/\/www.iemj.org\/de\/","logo":{"@type":"ImageObject","inLanguage":"de","@id":"https:\/\/www.iemj.org\/de\/#\/schema\/logo\/image\/","url":"https:\/\/www.iemj.org\/wp-content\/uploads\/2021\/09\/Logo-IEMJ-Paypal.jpg","contentUrl":"https:\/\/www.iemj.org\/wp-content\/uploads\/2021\/09\/Logo-IEMJ-Paypal.jpg","width":150,"height":50,"caption":"Institut Europ\u00e9en des Musiques Juives"},"image":{"@id":"https:\/\/www.iemj.org\/de\/#\/schema\/logo\/image\/"},"sameAs":["https:\/\/www.facebook.com\/MusiquesJuives\/","https:\/\/www.instagram.com\/musiquesjuives\/","https:\/\/www.youtube.com\/user\/musiquesjuives"]},{"@type":"Person","@id":"https:\/\/www.iemj.org\/de\/#\/schema\/person\/906134402c29d5c76e7b726261dd4bbd","name":"Herv\u00e9 Roten","image":{"@type":"ImageObject","inLanguage":"de","@id":"https:\/\/secure.gravatar.com\/avatar\/f96ad2db538a26481f18384936b5cd0610c92d390c4dc382209216d455f685ff?s=96&d=mm&r=g","url":"https:\/\/secure.gravatar.com\/avatar\/f96ad2db538a26481f18384936b5cd0610c92d390c4dc382209216d455f685ff?s=96&d=mm&r=g","contentUrl":"https:\/\/secure.gravatar.com\/avatar\/f96ad2db538a26481f18384936b5cd0610c92d390c4dc382209216d455f685ff?s=96&d=mm&r=g","caption":"Herv\u00e9 Roten"}}]}},"_links":{"self":[{"href":"https:\/\/www.iemj.org\/de\/wp-json\/wp\/v2\/posts\/70637","targetHints":{"allow":["GET"]}}],"collection":[{"href":"https:\/\/www.iemj.org\/de\/wp-json\/wp\/v2\/posts"}],"about":[{"href":"https:\/\/www.iemj.org\/de\/wp-json\/wp\/v2\/types\/post"}],"author":[{"embeddable":true,"href":"https:\/\/www.iemj.org\/de\/wp-json\/wp\/v2\/users\/1045"}],"replies":[{"embeddable":true,"href":"https:\/\/www.iemj.org\/de\/wp-json\/wp\/v2\/comments?post=70637"}],"version-history":[{"count":0,"href":"https:\/\/www.iemj.org\/de\/wp-json\/wp\/v2\/posts\/70637\/revisions"}],"wp:featuredmedia":[{"embeddable":true,"href":"https:\/\/www.iemj.org\/de\/wp-json\/wp\/v2\/media\/70638"}],"wp:attachment":[{"href":"https:\/\/www.iemj.org\/de\/wp-json\/wp\/v2\/media?parent=70637"}],"wp:term":[{"taxonomy":"category","embeddable":true,"href":"https:\/\/www.iemj.org\/de\/wp-json\/wp\/v2\/categories?post=70637"},{"taxonomy":"post_tag","embeddable":true,"href":"https:\/\/www.iemj.org\/de\/wp-json\/wp\/v2\/tags?post=70637"},{"taxonomy":"technique","embeddable":true,"href":"https:\/\/www.iemj.org\/de\/wp-json\/wp\/v2\/technique?post=70637"},{"taxonomy":"squelettes","embeddable":true,"href":"https:\/\/www.iemj.org\/de\/wp-json\/wp\/v2\/squelettes?post=70637"},{"taxonomy":"sujet","embeddable":true,"href":"https:\/\/www.iemj.org\/de\/wp-json\/wp\/v2\/sujet?post=70637"},{"taxonomy":"formation","embeddable":true,"href":"https:\/\/www.iemj.org\/de\/wp-json\/wp\/v2\/formation?post=70637"},{"taxonomy":"genre","embeddable":true,"href":"https:\/\/www.iemj.org\/de\/wp-json\/wp\/v2\/genre?post=70637"},{"taxonomy":"fonds","embeddable":true,"href":"https:\/\/www.iemj.org\/de\/wp-json\/wp\/v2\/fonds?post=70637"},{"taxonomy":"tradition","embeddable":true,"href":"https:\/\/www.iemj.org\/de\/wp-json\/wp\/v2\/tradition?post=70637"},{"taxonomy":"type-de-contenu","embeddable":true,"href":"https:\/\/www.iemj.org\/de\/wp-json\/wp\/v2\/type-de-contenu?post=70637"},{"taxonomy":"interprete-compositeur","embeddable":true,"href":"https:\/\/www.iemj.org\/de\/wp-json\/wp\/v2\/interprete-compositeur?post=70637"},{"taxonomy":"frise","embeddable":true,"href":"https:\/\/www.iemj.org\/de\/wp-json\/wp\/v2\/frise?post=70637"},{"taxonomy":"type-devenement","embeddable":true,"href":"https:\/\/www.iemj.org\/de\/wp-json\/wp\/v2\/type-devenement?post=70637"},{"taxonomy":"tableaux-liens-externes","embeddable":true,"href":"https:\/\/www.iemj.org\/de\/wp-json\/wp\/v2\/tableaux-liens-externes?post=70637"}],"curies":[{"name":"wp","href":"https:\/\/api.w.org\/{rel}","templated":true}]}}