{"id":71098,"date":"2019-10-29T17:54:29","date_gmt":"2019-10-29T16:54:29","guid":{"rendered":"https:\/\/www.iemj.org\/offenbach-isaac-1779-1850\/"},"modified":"2021-11-15T12:39:58","modified_gmt":"2021-11-15T11:39:58","slug":"offenbach-isaac-1779-1850","status":"publish","type":"post","link":"https:\/\/www.iemj.org\/de\/offenbach-isaac-1779-1850\/","title":{"rendered":"Offenbach, Isaac (1779-1850)"},"content":{"rendered":"<p>Isaac Offenbach wurde am 26. Oktober 1779 in Offenbach-am-Main, in der N\u00e4he von Frankfurt, geboren. Sein Vater, Juda Eberstadt, war ein sogenannter <em>Schutzjude<\/em> und verf\u00fcgte als ein solcher, \u00fcber eine landesherrliche Duldung und Aufenthaltserlaubnis. Seine Mutter hie\u00df Terz (Tirza auf Hebr\u00e4isch). Isaac verlor seine Eltern, als er noch ein Kind war; wahrscheinlich kam er daraufhin, in die Obhut von Mitgliedern der j\u00fcdischen Gemeinschaft. Man kann annehmen, dass Isaac etwa zwischen seinem 15. und 20. Lebensjahr die ersten Gesangsf\u00e4higkeiten und musikalischen Kenntnisse erworben hat, als er ein Trio von umherreisenden <em>Hazzanim<\/em> (Kantoren) begleitete, welches seine Dienste den verschiedenen Gemeinschaften anboten.<\/p>\n<p>1799 erhielt er eine Genehmigung f\u00fcr das \u201eSpielen von Musik in Synagogen\u201c. In diesem Jahr komponierte er die ersten liturgischen St\u00fccke, die uns heute bekannt sind. Im Jahr 1802 kam er nach Deutz, eine Stadt gegen\u00fcber von K\u00f6ln. Dort begann er, seinen Lebensunterhalt bei j\u00fcdischen Gottesdiensten und als Geiger in den Tanzsalons und Kneipen zu verdienen. In Deutz, wo er den Spitznamen \u201eder Offenbacher\u201c erhielt, schrieb er weiterhin liturgische Musik und machte die Bekanntschaft der angesehensten j\u00fcdischen Familien, darunter die Rindskopfs, deren Tochter Marianne (Miriam) er heiratete.<\/p>\n<p><img fetchpriority=\"high\" decoding=\"async\" class=\" alignleft size-full wp-image-25937\" src=\"https:\/\/www.iemj.org\/wp-content\/uploads\/2019\/10\/page_1_de_ein_ke_eloheinu_redim_400_px_vertic_x_314_horiz.jpg\" alt=\"page_1_de_ein_ke_eloheinu_redim_400_px_vertic_x_314_horiz.jpg\" width=\"314\" height=\"400\" align=\"left\" srcset=\"https:\/\/www.iemj.org\/wp-content\/uploads\/2019\/10\/page_1_de_ein_ke_eloheinu_redim_400_px_vertic_x_314_horiz.jpg 314w, https:\/\/www.iemj.org\/wp-content\/uploads\/2019\/10\/page_1_de_ein_ke_eloheinu_redim_400_px_vertic_x_314_horiz-236x300.jpg 236w\" sizes=\"(max-width: 314px) 100vw, 314px\" \/><\/p>\n<p>Nach dem napoleonischen Dekret von 1808 \u00e4nderte er seinen Familiennamen, von Eberst in Offenbach. Nach mehreren Jahren in Deutz, lie\u00df sich das junge Paar in K\u00f6ln nieder wo, nach der Vertreibung der Juden im 15. Jahrhundert, seit Beginn des 19. Jahrhunderts eine neue j\u00fcdische Gemeinschaft entstand. Isaac lebte in einem bescheidenen Haus am Griechenmarkt und verdiente seinen Lebensunterhalt als Geigen-, Fl\u00f6ten-, Gitarren- und Gesangslehrer und komponierte weiterhin, doch nicht nur liturgische Musik, wie seine <em>Douze sonatines pour la guitare<\/em> belegen, welche zur damaligen Zeit entstanden sind. Um 1820 begann Isaac mit seiner sch\u00f6nen Tenorstimme, im Rahmen der Gottesdienste der \u00f6rtlichen j\u00fcdischen Gemeinschaft, zu singen. Nach einigen Jahren, wurde er der dauerhafte <em>Hazan<\/em> der Gemeinschaft und die Familie \u2013 Isaac, Marianne und ihre neun Kinder \u2013 zog in ein, neben der Synagoge und der j\u00fcdischen Schule gelegenes, bescheidenes Haus. 30 Jahre lang komponierte er liturgische St\u00fccke f\u00fcr den Sabbat und die j\u00fcdischen Festtagsgebete. Am 29. Januar 1833 ver\u00f6ffentlichte Isaac Offenbach das <em>Pourim-Shpil<\/em>, ein musikalisches Theaterst\u00fcck mit dem Untertitel <em>Esther, reine de Perse ou Les Isra\u00e9lites ont \u00e9chapp\u00e9 \u00e0 la vengeance de Haman <\/em>(Esther, die K\u00f6nigin Persiens oder die Israeliten, die der Rache des Haman entkommen waren).<\/p>\n<p>Im November desselben Jahres kam Issac, gemeinsam mit seinen S\u00f6hnen Jacques und Jules, nach Paris. Er selbst sang zweimal vor, um <em>Hazan<\/em> der Synagoge in der Rue de Nazareth zu werden. Sein Sohn Jacques wurde am Conservatoire angenommen und besuchte die Cello-Klasse, w\u00e4hrend Jules Geigenstunden von Paganini erhielt. Die beiden Br\u00fcder wurden vom Konsistorium, f\u00fcr sechs Monate als Chorleiter der Synagoge engagiert. Zur\u00fcck in K\u00f6ln, setzte Isaac die Komposition religi\u00f6ser St\u00fccke im aschkenasischen Ritus fort.\u00a0 Besorgt von dem schleichenden Verschwinden des Hebr\u00e4ischen sowie dem zunehmenden Niedergang des j\u00fcdischen Wissens unter den j\u00fcngeren Gemeindemitgliedern, ver\u00f6ffentlichte er im Jahr 1838 das einstimmig anerkannte Werk <em>Hagadah oder die Erz\u00e4hlung von Israels Auszug aus Egypten <\/em>und im Jahr 1839 einen Sidur mit deutschen poetischen \u00dcbersetzungen unter dem Titel <em>Allgemeines Gebetbuch f\u00fcr die israelitische Jugend<\/em>.<\/p>\n<p><img decoding=\"async\" class=\" alignright size-full wp-image-25939\" src=\"https:\/\/www.iemj.org\/wp-content\/uploads\/2019\/10\/800px-hagadah_isaac_offenbach_1838_redim_314px_x_498px.jpg\" alt=\"800px-hagadah_isaac_offenbach_1838_redim_314px_x_498px.jpg\" width=\"314\" height=\"498\" align=\"right\" srcset=\"https:\/\/www.iemj.org\/wp-content\/uploads\/2019\/10\/800px-hagadah_isaac_offenbach_1838_redim_314px_x_498px.jpg 314w, https:\/\/www.iemj.org\/wp-content\/uploads\/2019\/10\/800px-hagadah_isaac_offenbach_1838_redim_314px_x_498px-189x300.jpg 189w\" sizes=\"(max-width: 314px) 100vw, 314px\" \/><\/p>\n<p>Im selben Jahr ver\u00f6ffentlichte er einen <em>Tausendj\u00e4hrigen Kalender<\/em> von 1700 bis 2700 und B\u00e4nde deutscher Lieder. Trotz seiner Trauer \u00fcber den Tod seiner Frau Marianne und seiner Kinder Th\u00e9r\u00e8se und Michel, komponierte er weiterhin liturgische St\u00fccke und Purim-Lieder. Im Jahr 1848 schrieb er das <em>Humoristische Gedicht eines polnischen Mocher Seforim <\/em>als Kritik an der reformj\u00fcdischen Bewegung. Im darauffolgenden Jahr, wieder zu Purim, schrieb er das <em>Humoristische Gedicht eines Antiquit\u00e4tenh\u00e4ndlers<\/em>. Nach drei\u00dfig Jahren als Gottesdienstvorsteher der K\u00f6lner Gemeinschaft, starb Isaac Offenbach am 26. April 1850, im Alter von 71 Jahren.<\/p>\n<p>Der Gro\u00dfteil seiner musikalischen und literarischen Werke wurden von seinen Enkelinnen dem Jewish Institute of Religion von New York \u00fcbergeben und einige Dokumente sind auch in der Birnbaum-Sammlung am Hebrew Union College in Cincinnati sowie in der Nationalbibliothek Israels in Jerusalem erhalten. Die gesamte Dokumentation umfasst rund 20 Faszikel und Ordner, an kantoralen Kompositionen und Notationen traditioneller Melodien. Diese Manuskripte zeugen von dem, in der ersten H\u00e4lfte des neunzehnten Jahrhunderts in Deutschland, vertretenen synagogalen Stil, welcher von Emanzipation und dem Einfluss der westlichen Kunstmusik gepr\u00e4gt war.<\/p>\n<p>*Textauszug aus der CD <a href=\"https:\/\/www.iemj.org\/de\/jacques-offenbach-et-ses-proches-de-la-synagogue-a-lopera\/\">Jacques Offenbach et ses proches \u2013 de la synagogue \u00e0 l\u2019op\u00e9ra<\/a>, Collection Classiques vol. 6, Les Editions de l\u2019IEMJ, 2019.<\/p>\n<p><a href=\"https:\/\/www.iemj.org\/de\/produit\/jacques-offenbach-and-friends-from-the-synagogue-to-the-opera\/\" target=\"_blank\" rel=\"noopener\">H\u00f6ren Sie sich Ausz\u00fcge der CD <em>Jacques Offenbach et ses proches \u2013 de la synagogue \u00e0 l\u2019op\u00e9ra <\/em>an<\/a><\/p>\n","protected":false},"excerpt":{"rendered":"<p>Isaac Offenbach wurde am 26. Oktober 1779 in Offenbach-am-Main, in der N\u00e4he von Frankfurt, geboren. Sein Vater, Juda Eberstadt, war ein sogenannter Schutzjude und verf\u00fcgte als ein solcher, \u00fcber eine<\/p>\n","protected":false},"author":1045,"featured_media":52284,"comment_status":"closed","ping_status":"closed","sticky":false,"template":"","format":"standard","meta":{"_acf_changed":false,"footnotes":""},"categories":[1415],"tags":[],"technique":[],"squelettes":[],"sujet":[],"formation":[],"genre":[],"fonds":[],"tradition":[],"type-de-contenu":[],"interprete-compositeur":[],"frise":[],"type-devenement":[],"tableaux-liens-externes":[],"class_list":["post-71098","post","type-post","status-publish","format-standard","has-post-thumbnail","hentry","category-biografien-de"],"acf":[],"yoast_head":"<!-- This site is optimized with the Yoast SEO plugin v27.3 - https:\/\/yoast.com\/product\/yoast-seo-wordpress\/ -->\n<title>Offenbach, Isaac (1779-1850) - Institut Europ\u00e9en des Musiques Juives<\/title>\n<meta name=\"robots\" content=\"index, follow, max-snippet:-1, max-image-preview:large, max-video-preview:-1\" \/>\n<link rel=\"canonical\" href=\"https:\/\/www.iemj.org\/de\/offenbach-isaac-1779-1850\/\" \/>\n<meta property=\"og:locale\" content=\"de_DE\" \/>\n<meta property=\"og:type\" content=\"article\" \/>\n<meta property=\"og:title\" content=\"Offenbach, Isaac (1779-1850) - Institut Europ\u00e9en des Musiques Juives\" \/>\n<meta property=\"og:description\" content=\"Isaac Offenbach wurde am 26. Oktober 1779 in Offenbach-am-Main, in der N\u00e4he von Frankfurt, geboren. Sein Vater, Juda Eberstadt, war ein sogenannter Schutzjude und verf\u00fcgte als ein solcher, \u00fcber eine\" \/>\n<meta property=\"og:url\" content=\"https:\/\/www.iemj.org\/de\/offenbach-isaac-1779-1850\/\" \/>\n<meta property=\"og:site_name\" content=\"Institut Europ\u00e9en des Musiques Juives\" \/>\n<meta property=\"article:publisher\" content=\"https:\/\/www.facebook.com\/MusiquesJuives\/\" \/>\n<meta property=\"article:published_time\" content=\"2019-10-29T16:54:29+00:00\" \/>\n<meta property=\"article:modified_time\" content=\"2021-11-15T11:39:58+00:00\" \/>\n<meta property=\"og:image\" content=\"https:\/\/www.iemj.org\/wp-content\/uploads\/2019\/10\/Isaac-Offenbach_V2-recadree-e1625061493892.jpg\" \/>\n\t<meta property=\"og:image:width\" content=\"183\" \/>\n\t<meta property=\"og:image:height\" content=\"218\" \/>\n\t<meta property=\"og:image:type\" content=\"image\/jpeg\" \/>\n<meta name=\"author\" content=\"Herv\u00e9 Roten\" \/>\n<meta name=\"twitter:card\" content=\"summary_large_image\" \/>\n<meta name=\"twitter:label1\" content=\"Verfasst von\" \/>\n\t<meta name=\"twitter:data1\" content=\"Herv\u00e9 Roten\" \/>\n\t<meta name=\"twitter:label2\" content=\"Gesch\u00e4tzte Lesezeit\" \/>\n\t<meta name=\"twitter:data2\" content=\"4\u00a0Minuten\" \/>\n<script type=\"application\/ld+json\" class=\"yoast-schema-graph\">{\"@context\":\"https:\\\/\\\/schema.org\",\"@graph\":[{\"@type\":\"Article\",\"@id\":\"https:\\\/\\\/www.iemj.org\\\/de\\\/offenbach-isaac-1779-1850\\\/#article\",\"isPartOf\":{\"@id\":\"https:\\\/\\\/www.iemj.org\\\/de\\\/offenbach-isaac-1779-1850\\\/\"},\"author\":{\"name\":\"Herv\u00e9 Roten\",\"@id\":\"https:\\\/\\\/www.iemj.org\\\/de\\\/#\\\/schema\\\/person\\\/906134402c29d5c76e7b726261dd4bbd\"},\"headline\":\"Offenbach, Isaac (1779-1850)\",\"datePublished\":\"2019-10-29T16:54:29+00:00\",\"dateModified\":\"2021-11-15T11:39:58+00:00\",\"mainEntityOfPage\":{\"@id\":\"https:\\\/\\\/www.iemj.org\\\/de\\\/offenbach-isaac-1779-1850\\\/\"},\"wordCount\":759,\"publisher\":{\"@id\":\"https:\\\/\\\/www.iemj.org\\\/de\\\/#organization\"},\"image\":{\"@id\":\"https:\\\/\\\/www.iemj.org\\\/de\\\/offenbach-isaac-1779-1850\\\/#primaryimage\"},\"thumbnailUrl\":\"https:\\\/\\\/www.iemj.org\\\/wp-content\\\/uploads\\\/2019\\\/10\\\/Isaac-Offenbach_V2-recadree-e1625061493892.jpg\",\"articleSection\":[\"Biografien\"],\"inLanguage\":\"de\"},{\"@type\":\"WebPage\",\"@id\":\"https:\\\/\\\/www.iemj.org\\\/de\\\/offenbach-isaac-1779-1850\\\/\",\"url\":\"https:\\\/\\\/www.iemj.org\\\/de\\\/offenbach-isaac-1779-1850\\\/\",\"name\":\"Offenbach, Isaac (1779-1850) - Institut Europ\u00e9en des Musiques Juives\",\"isPartOf\":{\"@id\":\"https:\\\/\\\/www.iemj.org\\\/de\\\/#website\"},\"primaryImageOfPage\":{\"@id\":\"https:\\\/\\\/www.iemj.org\\\/de\\\/offenbach-isaac-1779-1850\\\/#primaryimage\"},\"image\":{\"@id\":\"https:\\\/\\\/www.iemj.org\\\/de\\\/offenbach-isaac-1779-1850\\\/#primaryimage\"},\"thumbnailUrl\":\"https:\\\/\\\/www.iemj.org\\\/wp-content\\\/uploads\\\/2019\\\/10\\\/Isaac-Offenbach_V2-recadree-e1625061493892.jpg\",\"datePublished\":\"2019-10-29T16:54:29+00:00\",\"dateModified\":\"2021-11-15T11:39:58+00:00\",\"breadcrumb\":{\"@id\":\"https:\\\/\\\/www.iemj.org\\\/de\\\/offenbach-isaac-1779-1850\\\/#breadcrumb\"},\"inLanguage\":\"de\",\"potentialAction\":[{\"@type\":\"ReadAction\",\"target\":[\"https:\\\/\\\/www.iemj.org\\\/de\\\/offenbach-isaac-1779-1850\\\/\"]}]},{\"@type\":\"ImageObject\",\"inLanguage\":\"de\",\"@id\":\"https:\\\/\\\/www.iemj.org\\\/de\\\/offenbach-isaac-1779-1850\\\/#primaryimage\",\"url\":\"https:\\\/\\\/www.iemj.org\\\/wp-content\\\/uploads\\\/2019\\\/10\\\/Isaac-Offenbach_V2-recadree-e1625061493892.jpg\",\"contentUrl\":\"https:\\\/\\\/www.iemj.org\\\/wp-content\\\/uploads\\\/2019\\\/10\\\/Isaac-Offenbach_V2-recadree-e1625061493892.jpg\",\"width\":183,\"height\":218},{\"@type\":\"BreadcrumbList\",\"@id\":\"https:\\\/\\\/www.iemj.org\\\/de\\\/offenbach-isaac-1779-1850\\\/#breadcrumb\",\"itemListElement\":[{\"@type\":\"ListItem\",\"position\":1,\"name\":\"Accueil\",\"item\":\"https:\\\/\\\/www.iemj.org\\\/de\\\/\"},{\"@type\":\"ListItem\",\"position\":2,\"name\":\"Offenbach, Isaac (1779-1850)\"}]},{\"@type\":\"WebSite\",\"@id\":\"https:\\\/\\\/www.iemj.org\\\/de\\\/#website\",\"url\":\"https:\\\/\\\/www.iemj.org\\\/de\\\/\",\"name\":\"Institut Europ\u00e9en des Musiques Juives\",\"description\":\"Des traditions musicales \u00e0 la port\u00e9e de tous\",\"publisher\":{\"@id\":\"https:\\\/\\\/www.iemj.org\\\/de\\\/#organization\"},\"potentialAction\":[{\"@type\":\"SearchAction\",\"target\":{\"@type\":\"EntryPoint\",\"urlTemplate\":\"https:\\\/\\\/www.iemj.org\\\/de\\\/?s={search_term_string}\"},\"query-input\":{\"@type\":\"PropertyValueSpecification\",\"valueRequired\":true,\"valueName\":\"search_term_string\"}}],\"inLanguage\":\"de\"},{\"@type\":\"Organization\",\"@id\":\"https:\\\/\\\/www.iemj.org\\\/de\\\/#organization\",\"name\":\"Institut Europ\u00e9en des Musiques Juives\",\"url\":\"https:\\\/\\\/www.iemj.org\\\/de\\\/\",\"logo\":{\"@type\":\"ImageObject\",\"inLanguage\":\"de\",\"@id\":\"https:\\\/\\\/www.iemj.org\\\/de\\\/#\\\/schema\\\/logo\\\/image\\\/\",\"url\":\"https:\\\/\\\/www.iemj.org\\\/wp-content\\\/uploads\\\/2021\\\/09\\\/Logo-IEMJ-Paypal.jpg\",\"contentUrl\":\"https:\\\/\\\/www.iemj.org\\\/wp-content\\\/uploads\\\/2021\\\/09\\\/Logo-IEMJ-Paypal.jpg\",\"width\":150,\"height\":50,\"caption\":\"Institut Europ\u00e9en des Musiques Juives\"},\"image\":{\"@id\":\"https:\\\/\\\/www.iemj.org\\\/de\\\/#\\\/schema\\\/logo\\\/image\\\/\"},\"sameAs\":[\"https:\\\/\\\/www.facebook.com\\\/MusiquesJuives\\\/\",\"https:\\\/\\\/www.instagram.com\\\/musiquesjuives\\\/\",\"https:\\\/\\\/www.youtube.com\\\/user\\\/musiquesjuives\"]},{\"@type\":\"Person\",\"@id\":\"https:\\\/\\\/www.iemj.org\\\/de\\\/#\\\/schema\\\/person\\\/906134402c29d5c76e7b726261dd4bbd\",\"name\":\"Herv\u00e9 Roten\",\"image\":{\"@type\":\"ImageObject\",\"inLanguage\":\"de\",\"@id\":\"https:\\\/\\\/secure.gravatar.com\\\/avatar\\\/f96ad2db538a26481f18384936b5cd0610c92d390c4dc382209216d455f685ff?s=96&d=mm&r=g\",\"url\":\"https:\\\/\\\/secure.gravatar.com\\\/avatar\\\/f96ad2db538a26481f18384936b5cd0610c92d390c4dc382209216d455f685ff?s=96&d=mm&r=g\",\"contentUrl\":\"https:\\\/\\\/secure.gravatar.com\\\/avatar\\\/f96ad2db538a26481f18384936b5cd0610c92d390c4dc382209216d455f685ff?s=96&d=mm&r=g\",\"caption\":\"Herv\u00e9 Roten\"}}]}<\/script>\n<!-- \/ Yoast SEO plugin. -->","yoast_head_json":{"title":"Offenbach, Isaac (1779-1850) - Institut Europ\u00e9en des Musiques Juives","robots":{"index":"index","follow":"follow","max-snippet":"max-snippet:-1","max-image-preview":"max-image-preview:large","max-video-preview":"max-video-preview:-1"},"canonical":"https:\/\/www.iemj.org\/de\/offenbach-isaac-1779-1850\/","og_locale":"de_DE","og_type":"article","og_title":"Offenbach, Isaac (1779-1850) - Institut Europ\u00e9en des Musiques Juives","og_description":"Isaac Offenbach wurde am 26. Oktober 1779 in Offenbach-am-Main, in der N\u00e4he von Frankfurt, geboren. Sein Vater, Juda Eberstadt, war ein sogenannter Schutzjude und verf\u00fcgte als ein solcher, \u00fcber eine","og_url":"https:\/\/www.iemj.org\/de\/offenbach-isaac-1779-1850\/","og_site_name":"Institut Europ\u00e9en des Musiques Juives","article_publisher":"https:\/\/www.facebook.com\/MusiquesJuives\/","article_published_time":"2019-10-29T16:54:29+00:00","article_modified_time":"2021-11-15T11:39:58+00:00","og_image":[{"width":183,"height":218,"url":"https:\/\/www.iemj.org\/wp-content\/uploads\/2019\/10\/Isaac-Offenbach_V2-recadree-e1625061493892.jpg","type":"image\/jpeg"}],"author":"Herv\u00e9 Roten","twitter_card":"summary_large_image","twitter_misc":{"Verfasst von":"Herv\u00e9 Roten","Gesch\u00e4tzte Lesezeit":"4\u00a0Minuten"},"schema":{"@context":"https:\/\/schema.org","@graph":[{"@type":"Article","@id":"https:\/\/www.iemj.org\/de\/offenbach-isaac-1779-1850\/#article","isPartOf":{"@id":"https:\/\/www.iemj.org\/de\/offenbach-isaac-1779-1850\/"},"author":{"name":"Herv\u00e9 Roten","@id":"https:\/\/www.iemj.org\/de\/#\/schema\/person\/906134402c29d5c76e7b726261dd4bbd"},"headline":"Offenbach, Isaac (1779-1850)","datePublished":"2019-10-29T16:54:29+00:00","dateModified":"2021-11-15T11:39:58+00:00","mainEntityOfPage":{"@id":"https:\/\/www.iemj.org\/de\/offenbach-isaac-1779-1850\/"},"wordCount":759,"publisher":{"@id":"https:\/\/www.iemj.org\/de\/#organization"},"image":{"@id":"https:\/\/www.iemj.org\/de\/offenbach-isaac-1779-1850\/#primaryimage"},"thumbnailUrl":"https:\/\/www.iemj.org\/wp-content\/uploads\/2019\/10\/Isaac-Offenbach_V2-recadree-e1625061493892.jpg","articleSection":["Biografien"],"inLanguage":"de"},{"@type":"WebPage","@id":"https:\/\/www.iemj.org\/de\/offenbach-isaac-1779-1850\/","url":"https:\/\/www.iemj.org\/de\/offenbach-isaac-1779-1850\/","name":"Offenbach, Isaac (1779-1850) - Institut Europ\u00e9en des Musiques Juives","isPartOf":{"@id":"https:\/\/www.iemj.org\/de\/#website"},"primaryImageOfPage":{"@id":"https:\/\/www.iemj.org\/de\/offenbach-isaac-1779-1850\/#primaryimage"},"image":{"@id":"https:\/\/www.iemj.org\/de\/offenbach-isaac-1779-1850\/#primaryimage"},"thumbnailUrl":"https:\/\/www.iemj.org\/wp-content\/uploads\/2019\/10\/Isaac-Offenbach_V2-recadree-e1625061493892.jpg","datePublished":"2019-10-29T16:54:29+00:00","dateModified":"2021-11-15T11:39:58+00:00","breadcrumb":{"@id":"https:\/\/www.iemj.org\/de\/offenbach-isaac-1779-1850\/#breadcrumb"},"inLanguage":"de","potentialAction":[{"@type":"ReadAction","target":["https:\/\/www.iemj.org\/de\/offenbach-isaac-1779-1850\/"]}]},{"@type":"ImageObject","inLanguage":"de","@id":"https:\/\/www.iemj.org\/de\/offenbach-isaac-1779-1850\/#primaryimage","url":"https:\/\/www.iemj.org\/wp-content\/uploads\/2019\/10\/Isaac-Offenbach_V2-recadree-e1625061493892.jpg","contentUrl":"https:\/\/www.iemj.org\/wp-content\/uploads\/2019\/10\/Isaac-Offenbach_V2-recadree-e1625061493892.jpg","width":183,"height":218},{"@type":"BreadcrumbList","@id":"https:\/\/www.iemj.org\/de\/offenbach-isaac-1779-1850\/#breadcrumb","itemListElement":[{"@type":"ListItem","position":1,"name":"Accueil","item":"https:\/\/www.iemj.org\/de\/"},{"@type":"ListItem","position":2,"name":"Offenbach, Isaac (1779-1850)"}]},{"@type":"WebSite","@id":"https:\/\/www.iemj.org\/de\/#website","url":"https:\/\/www.iemj.org\/de\/","name":"Institut Europ\u00e9en des Musiques Juives","description":"Des traditions musicales \u00e0 la port\u00e9e de tous","publisher":{"@id":"https:\/\/www.iemj.org\/de\/#organization"},"potentialAction":[{"@type":"SearchAction","target":{"@type":"EntryPoint","urlTemplate":"https:\/\/www.iemj.org\/de\/?s={search_term_string}"},"query-input":{"@type":"PropertyValueSpecification","valueRequired":true,"valueName":"search_term_string"}}],"inLanguage":"de"},{"@type":"Organization","@id":"https:\/\/www.iemj.org\/de\/#organization","name":"Institut Europ\u00e9en des Musiques Juives","url":"https:\/\/www.iemj.org\/de\/","logo":{"@type":"ImageObject","inLanguage":"de","@id":"https:\/\/www.iemj.org\/de\/#\/schema\/logo\/image\/","url":"https:\/\/www.iemj.org\/wp-content\/uploads\/2021\/09\/Logo-IEMJ-Paypal.jpg","contentUrl":"https:\/\/www.iemj.org\/wp-content\/uploads\/2021\/09\/Logo-IEMJ-Paypal.jpg","width":150,"height":50,"caption":"Institut Europ\u00e9en des Musiques Juives"},"image":{"@id":"https:\/\/www.iemj.org\/de\/#\/schema\/logo\/image\/"},"sameAs":["https:\/\/www.facebook.com\/MusiquesJuives\/","https:\/\/www.instagram.com\/musiquesjuives\/","https:\/\/www.youtube.com\/user\/musiquesjuives"]},{"@type":"Person","@id":"https:\/\/www.iemj.org\/de\/#\/schema\/person\/906134402c29d5c76e7b726261dd4bbd","name":"Herv\u00e9 Roten","image":{"@type":"ImageObject","inLanguage":"de","@id":"https:\/\/secure.gravatar.com\/avatar\/f96ad2db538a26481f18384936b5cd0610c92d390c4dc382209216d455f685ff?s=96&d=mm&r=g","url":"https:\/\/secure.gravatar.com\/avatar\/f96ad2db538a26481f18384936b5cd0610c92d390c4dc382209216d455f685ff?s=96&d=mm&r=g","contentUrl":"https:\/\/secure.gravatar.com\/avatar\/f96ad2db538a26481f18384936b5cd0610c92d390c4dc382209216d455f685ff?s=96&d=mm&r=g","caption":"Herv\u00e9 Roten"}}]}},"_links":{"self":[{"href":"https:\/\/www.iemj.org\/de\/wp-json\/wp\/v2\/posts\/71098","targetHints":{"allow":["GET"]}}],"collection":[{"href":"https:\/\/www.iemj.org\/de\/wp-json\/wp\/v2\/posts"}],"about":[{"href":"https:\/\/www.iemj.org\/de\/wp-json\/wp\/v2\/types\/post"}],"author":[{"embeddable":true,"href":"https:\/\/www.iemj.org\/de\/wp-json\/wp\/v2\/users\/1045"}],"replies":[{"embeddable":true,"href":"https:\/\/www.iemj.org\/de\/wp-json\/wp\/v2\/comments?post=71098"}],"version-history":[{"count":0,"href":"https:\/\/www.iemj.org\/de\/wp-json\/wp\/v2\/posts\/71098\/revisions"}],"wp:featuredmedia":[{"embeddable":true,"href":"https:\/\/www.iemj.org\/de\/wp-json\/wp\/v2\/media\/52284"}],"wp:attachment":[{"href":"https:\/\/www.iemj.org\/de\/wp-json\/wp\/v2\/media?parent=71098"}],"wp:term":[{"taxonomy":"category","embeddable":true,"href":"https:\/\/www.iemj.org\/de\/wp-json\/wp\/v2\/categories?post=71098"},{"taxonomy":"post_tag","embeddable":true,"href":"https:\/\/www.iemj.org\/de\/wp-json\/wp\/v2\/tags?post=71098"},{"taxonomy":"technique","embeddable":true,"href":"https:\/\/www.iemj.org\/de\/wp-json\/wp\/v2\/technique?post=71098"},{"taxonomy":"squelettes","embeddable":true,"href":"https:\/\/www.iemj.org\/de\/wp-json\/wp\/v2\/squelettes?post=71098"},{"taxonomy":"sujet","embeddable":true,"href":"https:\/\/www.iemj.org\/de\/wp-json\/wp\/v2\/sujet?post=71098"},{"taxonomy":"formation","embeddable":true,"href":"https:\/\/www.iemj.org\/de\/wp-json\/wp\/v2\/formation?post=71098"},{"taxonomy":"genre","embeddable":true,"href":"https:\/\/www.iemj.org\/de\/wp-json\/wp\/v2\/genre?post=71098"},{"taxonomy":"fonds","embeddable":true,"href":"https:\/\/www.iemj.org\/de\/wp-json\/wp\/v2\/fonds?post=71098"},{"taxonomy":"tradition","embeddable":true,"href":"https:\/\/www.iemj.org\/de\/wp-json\/wp\/v2\/tradition?post=71098"},{"taxonomy":"type-de-contenu","embeddable":true,"href":"https:\/\/www.iemj.org\/de\/wp-json\/wp\/v2\/type-de-contenu?post=71098"},{"taxonomy":"interprete-compositeur","embeddable":true,"href":"https:\/\/www.iemj.org\/de\/wp-json\/wp\/v2\/interprete-compositeur?post=71098"},{"taxonomy":"frise","embeddable":true,"href":"https:\/\/www.iemj.org\/de\/wp-json\/wp\/v2\/frise?post=71098"},{"taxonomy":"type-devenement","embeddable":true,"href":"https:\/\/www.iemj.org\/de\/wp-json\/wp\/v2\/type-devenement?post=71098"},{"taxonomy":"tableaux-liens-externes","embeddable":true,"href":"https:\/\/www.iemj.org\/de\/wp-json\/wp\/v2\/tableaux-liens-externes?post=71098"}],"curies":[{"name":"wp","href":"https:\/\/api.w.org\/{rel}","templated":true}]}}