{"id":71160,"date":"2017-02-21T17:04:05","date_gmt":"2017-02-21T16:04:05","guid":{"rendered":"https:\/\/www.iemj.org\/offenbach-jacques-1819-1880\/"},"modified":"2025-09-08T15:40:49","modified_gmt":"2025-09-08T13:40:49","slug":"offenbach-jacques-1819-1880","status":"publish","type":"post","link":"https:\/\/www.iemj.org\/de\/offenbach-jacques-1819-1880\/","title":{"rendered":"Offenbach, Jacques (1819-1880)"},"content":{"rendered":"<p>Jacob Offenbach wurde am 20. Juni 1819 in K\u00f6ln geboren. Er ist der Sohn von Isaac Eberst (1779-1850), einem Musiker und Synagogenkantoren. Isaac Offenbach stammte urspr\u00fcnglich aus Offenbach am Main und nahm um 1810 den Familiennamen Offenbach an, nach der Verabschiedung des napoleonischen Dekrets vom 28. Juli 1808, das alle Juden des Reichs dazu verpflichtete, einen \u201efesten Namen\u201c anzunehmen, um die Volksz\u00e4hlung, sowie die F\u00fchrung des Personenstandes zu erleichtern.<\/p>\n<p>Jacob Offenbach (der sich sp\u00e4ter in Jacques umbenannte) komponierte seit seinem neunten Lebensjahr. Als Cellist und talentierter Musiker wurde er mit 14 Jahren, gemeinsam mit seinem Bruder Julius, an das Conservatoire de Musique von Paris geschickt. Parallel dazu wurde Jacques Offenbach am 1. Dezember 1833 mit \u201eder Ausbildung und Leitung des Chors\u201c der Synagoge Notre-Dame de Nazareth in Paris beauftragt, einen Posten, welchen er nur sechs Monate lang innehatte und welchen er infolge einer Auseinandersetzung mit den rabbinischen Autorit\u00e4ten der Synagoge, welche ihm vorgeworfen hatten, am Sabbat in einem Orchester gespielt zu haben, verlor.<\/p>\n<p>Nach einem Jahr am Conservatoire, sah sich Offenbach, dessen Verhalten als zu undiszipliniert angesehen wurde, gezwungen das Conservatoire zu verlassen. Anschlie\u00dfend wurde er Mitglied des Orchesters der Op\u00e9ra Comique und wurde von Jacques F. Hal\u00e9vy entdeckt, einem Komponisten, welcher ihn unterrichtete. In der Zwischenzeit wurde er bekannter. Er komponierte einige B\u00fchnenmusikst\u00fccke f\u00fcr die Op\u00e9ra Comique und gab ab 1839 Cello-Konzerte.<\/p>\n<p>Er machte sich mit leichten Melodien einen Namen und wurde 1847 Musikdirektor der <strong>Com\u00e9die Fran<\/strong><strong>\u00e7<\/strong><strong>aise<\/strong>. Er eiferte Rossini und Mozart nach und war der Sch\u00f6pfer der franz\u00f6sischen <strong>Opera buffa<\/strong><span style=\"background-color: var(--bs-body-bg); color: var(--bs-body-color); font-family: var(--bs-body-font-family); font-size: var(--bs-body-font-size); font-weight: var(--bs-body-font-weight); text-align: var(--bs-body-text-align);\"><span class=\"footnote_referrer\"><a role=\"button\" tabindex=\"0\" onclick=\"footnote_moveToReference_71160_1('footnote_plugin_reference_71160_1_1');\" onkeypress=\"footnote_moveToReference_71160_1('footnote_plugin_reference_71160_1_1');\" ><sup id=\"footnote_plugin_tooltip_71160_1_1\" class=\"footnote_plugin_tooltip_text\">[1]<\/sup><\/a><span id=\"footnote_plugin_tooltip_text_71160_1_1\" class=\"footnote_tooltip\">Opera buffa : Wie die komische Oper und die Operette, besteht auch die Opera Buffa aus einer Abfolge von gesungenen Szenen und gesprochenen Dialogen. W\u00e4hrend die komische Oper mit \u201eernsten\u201c&nbsp;&#x2026; <span class=\"footnote_tooltip_continue\"  onclick=\"footnote_moveToReference_71160_1('footnote_plugin_reference_71160_1_1');\">Lire la suite<\/span><\/span><\/span><script type=\"text\/javascript\"> jQuery('#footnote_plugin_tooltip_71160_1_1').tooltip({ tip: '#footnote_plugin_tooltip_text_71160_1_1', tipClass: 'footnote_tooltip', effect: 'fade', predelay: 0, fadeInSpeed: 200, delay: 400, fadeOutSpeed: 200, position: 'top center', relative: true, offset: [-7, 0], });<\/script><\/span><span style=\"font-size: revert; background-color: var(--bs-body-bg); color: var(--bs-body-color); font-family: var(--bs-body-font-family); font-weight: var(--bs-body-font-weight); text-align: var(--bs-body-text-align);\">. Acht Jahre sp\u00e4ter beschloss er ein Theater zu er\u00f6ffnen, um dort seine eigenen St\u00fccke aufzuf\u00fchren: das <\/span><strong style=\"font-size: revert; background-color: var(--bs-body-bg); color: var(--bs-body-color); font-family: var(--bs-body-font-family); text-align: var(--bs-body-text-align);\">Th\u00e9\u00e2tres des Bouffes-Parisiens<\/strong><span style=\"font-size: revert; background-color: var(--bs-body-bg); color: var(--bs-body-color); font-family: var(--bs-body-font-family); font-weight: var(--bs-body-font-weight); text-align: var(--bs-body-text-align);\"> wurde 1855 eingeweiht. Dort wurde auch erfolgreich Offenbachs erste Opera buffa, <\/span><em style=\"font-size: revert; background-color: var(--bs-body-bg); color: var(--bs-body-color); font-family: var(--bs-body-font-family); font-weight: var(--bs-body-font-weight); text-align: var(--bs-body-text-align);\">Orph\u00e9e aux Enfers<\/em><span style=\"font-size: revert; background-color: var(--bs-body-bg); color: var(--bs-body-color); font-family: var(--bs-body-font-family); font-weight: var(--bs-body-font-weight); text-align: var(--bs-body-text-align);\"> (1858) aufgef\u00fchrt. Seine folgenden Opern (<\/span><em style=\"font-size: revert; background-color: var(--bs-body-bg); color: var(--bs-body-color); font-family: var(--bs-body-font-family); font-weight: var(--bs-body-font-weight); text-align: var(--bs-body-text-align);\">La Grande-Duchesse de G\u00e9rolstein, La Vie parisienne, Les Brigands<\/em><span style=\"font-size: revert; background-color: var(--bs-body-bg); color: var(--bs-body-color); font-family: var(--bs-body-font-family); font-weight: var(--bs-body-font-weight); text-align: var(--bs-body-text-align);\">) wurden ebenso gut aufgenommen. Die auch als \u201ekaiserliche \u00c4ra\u201c bezeichnete Periode, in welcher Offenbach innerhalb von f\u00fcnfzehn Jahren, zu einer der wichtigsten Figuren geworden war, wurde durch den Deutsch-Franz\u00f6sischen Krieg von 1870 j\u00e4h unterbrochen. Stets auf den Geschmack des Publikums bedacht, wandte sich Offenbach also erst der <\/span><strong style=\"font-size: revert; background-color: var(--bs-body-bg); color: var(--bs-body-color); font-family: var(--bs-body-font-family); text-align: var(--bs-body-text-align);\">M\u00e4rchenoper <\/strong><span style=\"font-size: revert; background-color: var(--bs-body-bg); color: var(--bs-body-color); font-family: var(--bs-body-font-family); font-weight: var(--bs-body-font-weight); text-align: var(--bs-body-text-align);\">(<\/span><em style=\"font-size: revert; background-color: var(--bs-body-bg); color: var(--bs-body-color); font-family: var(--bs-body-font-family); font-weight: var(--bs-body-font-weight); text-align: var(--bs-body-text-align);\">Le Roi Carotte<\/em><span style=\"font-size: revert; background-color: var(--bs-body-bg); color: var(--bs-body-color); font-family: var(--bs-body-font-family); font-weight: var(--bs-body-font-weight); text-align: var(--bs-body-text-align);\">) und dann der <\/span><strong style=\"font-size: revert; background-color: var(--bs-body-bg); color: var(--bs-body-color); font-family: var(--bs-body-font-family); text-align: var(--bs-body-text-align);\">patriotischen Oper<\/strong><span style=\"font-size: revert; background-color: var(--bs-body-bg); color: var(--bs-body-color); font-family: var(--bs-body-font-family); font-weight: var(--bs-body-font-weight); text-align: var(--bs-body-text-align);\"> (<\/span><em style=\"font-size: revert; background-color: var(--bs-body-bg); color: var(--bs-body-color); font-family: var(--bs-body-font-family); font-weight: var(--bs-body-font-weight); text-align: var(--bs-body-text-align);\">La Fille du Tambour-Major) <\/em><span style=\"font-size: revert; background-color: var(--bs-body-bg); color: var(--bs-body-color); font-family: var(--bs-body-font-family); font-weight: var(--bs-body-font-weight); text-align: var(--bs-body-text-align);\">zu.<\/span><\/p>\n<p>Offenbach starb wenige Monate vor der Urauff\u00fchrung der Oper, die ihm die ersehnte Anerkennung bringen sollte, <strong><em>Les Contes d\u2019Hoffmann<\/em><\/strong> \u2013 eine der meistgespielten franz\u00f6sischen Opern unserer Zeit.<\/p>\n<p>Jacques Offenbach ist der Urheber einiger Synagogenlieder (Ashamnou, <em>Tavo lefanecha<\/em>\u2026), welche er anl\u00e4sslich von Besuchen bei seinem Vater in K\u00f6ln komponierte<span class=\"footnote_referrer\"><a role=\"button\" tabindex=\"0\" onclick=\"footnote_moveToReference_71160_1('footnote_plugin_reference_71160_1_2');\" onkeypress=\"footnote_moveToReference_71160_1('footnote_plugin_reference_71160_1_2');\" ><sup id=\"footnote_plugin_tooltip_71160_1_2\" class=\"footnote_plugin_tooltip_text\">[2]<\/sup><\/a><span id=\"footnote_plugin_tooltip_text_71160_1_2\" class=\"footnote_tooltip\">Die beiden Lieder sind enthalten auf der 1997 erschienen CD <a href=\"https:\/\/www.iemj.org\/de\/gesange-aus-der-synagogue-chants-of-the-synagogue-2\/\" target=\"_blank\" rel=\"noopener\">Gesa\u0308nge aus der Synagoge \/ Chants of the synagogue<\/a>, Vol. 2 Koch Schwann Aulos.<\/span><\/span><script type=\"text\/javascript\"> jQuery('#footnote_plugin_tooltip_71160_1_2').tooltip({ tip: '#footnote_plugin_tooltip_text_71160_1_2', tipClass: 'footnote_tooltip', effect: 'fade', predelay: 0, fadeInSpeed: 200, delay: 400, fadeOutSpeed: 200, position: 'top center', relative: true, offset: [-7, 0], });<\/script>. Im Alter von 16 Jahren schrieb er auch eine Walzersuite, \u00fcber israelitische Motive des f\u00fcnfzehnten Jahrhunderts, mit dem Titel R\u00e9becca (1837, unver\u00f6ffentlicht).<\/p>\n<p><a href=\"https:\/\/www.napoleon.org\/histoire-des-2-empires\/biographies\/offenbach-jacques-1819-1880-compositeur\/\">Mehr erfahren<\/a><\/p>\n<ul>\n<li>\n<p><a href=\"https:\/\/www.iemj.org\/en\/classique-vous-avez-dit-classique-jacques-offenbach-2\/\" target=\"_blank\" rel=\"noopener\">H\u00f6ren Sie sich die Radiosendung von Laure Schnapper \u00fcber Jacques Offenbach, vom 9. November 2016 an (Judaiques FM)<\/a><\/p>\n<\/li>\n<li>\n<p><a href=\"https:\/\/www.iemj.org\/en\/classique-vous-avez-dit-classique-two-broadcasts-dedicated-to-jacques-offenbach\/\" target=\"_blank\" rel=\"noopener\">H\u00f6ren Sie sich die zweite Radiosendung von Laure Schnapper \u00fcber Jacques Offenbach und die Ver\u00f6ffentlichung des Buchs \u201cM. Offenbach nous \u00e9crit\u201d vom 16. und 30. Januar 2019 an<\/a><\/p>\n<\/li>\n<\/ul>\n\n\n<h2 class=\"wp-block-heading\"><\/h2>\n\n\n<div class=\"wp-block-image\">\n<figure class=\"aligncenter size-large\"><img fetchpriority=\"high\" decoding=\"async\" width=\"1024\" height=\"133\" src=\"https:\/\/www.iemj.org\/wp-content\/uploads\/2024\/03\/AUDIO-PLAYER-1024x133.png\" alt=\"\" class=\"wp-image-110606\" srcset=\"https:\/\/www.iemj.org\/wp-content\/uploads\/2024\/03\/AUDIO-PLAYER-1024x133.png 1024w, https:\/\/www.iemj.org\/wp-content\/uploads\/2024\/03\/AUDIO-PLAYER-300x39.png 300w, https:\/\/www.iemj.org\/wp-content\/uploads\/2024\/03\/AUDIO-PLAYER-768x100.png 768w, https:\/\/www.iemj.org\/wp-content\/uploads\/2024\/03\/AUDIO-PLAYER-600x78.png 600w, https:\/\/www.iemj.org\/wp-content\/uploads\/2024\/03\/AUDIO-PLAYER.png 1210w\" sizes=\"(max-width: 1024px) 100vw, 1024px\" \/><\/figure>\n<\/div>\n\n\n<div class=\"wp-block-file\"><a id=\"wp-block-file--media-c64f0ae4-92d4-4f23-9170-c9ba47391c2d\" href=\"https:\/\/www.iemj.org\/wp-content\/uploads\/2017\/02\/grande_valse_extrait_-_jacques_offenbach-2.mp3\">Grande valse (EXTRAIT) &#8211; Jacques Offenbach<\/a><\/div>\n<div class=\"speaker-mute footnotes_reference_container\"> <div class=\"footnote_container_prepare\"><p><span role=\"button\" tabindex=\"0\" class=\"footnote_reference_container_label pointer\" onclick=\"footnote_expand_collapse_reference_container_71160_1();\">&#x202F;<\/span><span role=\"button\" tabindex=\"0\" class=\"footnote_reference_container_collapse_button\" style=\"display: none;\" onclick=\"footnote_expand_collapse_reference_container_71160_1();\">[<a id=\"footnote_reference_container_collapse_button_71160_1\">+<\/a>]<\/span><\/p><\/div> <div id=\"footnote_references_container_71160_1\" style=\"\"><table class=\"footnotes_table footnote-reference-container\"><caption class=\"accessibility\">References<\/caption> <tbody> \r\n\r\n<tr class=\"footnotes_plugin_reference_row\"> <th scope=\"row\" class=\"footnote_plugin_index_combi pointer\"  onclick=\"footnote_moveToAnchor_71160_1('footnote_plugin_tooltip_71160_1_1');\"><a id=\"footnote_plugin_reference_71160_1_1\" class=\"footnote_backlink\">1<\/a><\/th> <td class=\"footnote_plugin_text\"><strong>Opera buffa<\/strong> : Wie die komische Oper und die Operette, besteht auch die Opera Buffa aus einer Abfolge von gesungenen Szenen und gesprochenen Dialogen. W\u00e4hrend die komische Oper mit \u201eernsten\u201c Themen und die Operette, sich mit eher sentimentalen Themen besch\u00e4ftigt, ist die Opera Buffa ausschlie\u00dflich \u201ebouffon\u201c, parodistisch und satirisch, heiter und sarkastisch. Dieses Genre wurde insbesondere von Francis Poulenc (1899-1963) mit <em>Les Mamelles de Tir\u00e9sias<\/em> wiederbelebt.<\/td><\/tr>\r\n\r\n<tr class=\"footnotes_plugin_reference_row\"> <th scope=\"row\" class=\"footnote_plugin_index_combi pointer\"  onclick=\"footnote_moveToAnchor_71160_1('footnote_plugin_tooltip_71160_1_2');\"><a id=\"footnote_plugin_reference_71160_1_2\" class=\"footnote_backlink\">2<\/a><\/th> <td class=\"footnote_plugin_text\">Die beiden Lieder sind enthalten auf der 1997 erschienen CD <a href=\"https:\/\/www.iemj.org\/de\/gesange-aus-der-synagogue-chants-of-the-synagogue-2\/\" target=\"_blank\" rel=\"noopener\">Gesa\u0308nge aus der Synagoge \/ Chants of the synagogue<\/a>, Vol. 2 Koch Schwann Aulos.<\/td><\/tr>\r\n\r\n <\/tbody> <\/table> <\/div><\/div><script type=\"text\/javascript\"> function footnote_expand_reference_container_71160_1() { jQuery('#footnote_references_container_71160_1').show(); jQuery('#footnote_reference_container_collapse_button_71160_1').text('\u2212'); } function footnote_collapse_reference_container_71160_1() { jQuery('#footnote_references_container_71160_1').hide(); jQuery('#footnote_reference_container_collapse_button_71160_1').text('+'); } function footnote_expand_collapse_reference_container_71160_1() { if (jQuery('#footnote_references_container_71160_1').is(':hidden')) { footnote_expand_reference_container_71160_1(); } else { footnote_collapse_reference_container_71160_1(); } } function footnote_moveToReference_71160_1(p_str_TargetID) { footnote_expand_reference_container_71160_1(); var l_obj_Target = jQuery('#' + p_str_TargetID); if (l_obj_Target.length) { jQuery( 'html, body' ).delay( 0 ); jQuery('html, body').animate({ scrollTop: l_obj_Target.offset().top - window.innerHeight * 0.2 }, 380); } } function footnote_moveToAnchor_71160_1(p_str_TargetID) { footnote_expand_reference_container_71160_1(); var l_obj_Target = jQuery('#' + p_str_TargetID); if (l_obj_Target.length) { jQuery( 'html, body' ).delay( 0 ); jQuery('html, body').animate({ scrollTop: l_obj_Target.offset().top - window.innerHeight * 0.2 }, 380); } }<\/script>","protected":false},"excerpt":{"rendered":"<p>Jacob Offenbach wurde am 20. Juni 1819 in K\u00f6ln geboren. Er ist der Sohn von Isaac Eberst (1779-1850), einem Musiker und Synagogenkantoren. Isaac Offenbach stammte urspr\u00fcnglich aus Offenbach am Main<\/p>\n","protected":false},"author":1052,"featured_media":71161,"comment_status":"closed","ping_status":"closed","sticky":false,"template":"","format":"standard","meta":{"_acf_changed":false,"footnotes":""},"categories":[1415],"tags":[],"technique":[],"squelettes":[],"sujet":[],"formation":[],"genre":[1900],"fonds":[],"tradition":[],"type-de-contenu":[],"interprete-compositeur":[3202],"frise":[],"type-devenement":[],"tableaux-liens-externes":[],"class_list":["post-71160","post","type-post","status-publish","format-standard","has-post-thumbnail","hentry","category-biografien-de","genre-klassische-musik-de","interprete-compositeur-jacques-offenbach-de-2"],"acf":[],"yoast_head":"<!-- This site is optimized with the Yoast SEO plugin v27.3 - https:\/\/yoast.com\/product\/yoast-seo-wordpress\/ -->\n<title>Offenbach, Jacques (1819-1880) - Institut Europ\u00e9en des Musiques Juives<\/title>\n<meta name=\"robots\" content=\"index, follow, max-snippet:-1, max-image-preview:large, max-video-preview:-1\" \/>\n<link rel=\"canonical\" href=\"https:\/\/www.iemj.org\/de\/offenbach-jacques-1819-1880\/\" \/>\n<meta property=\"og:locale\" content=\"de_DE\" \/>\n<meta property=\"og:type\" content=\"article\" \/>\n<meta property=\"og:title\" content=\"Offenbach, Jacques (1819-1880) - Institut Europ\u00e9en des Musiques Juives\" \/>\n<meta property=\"og:description\" content=\"Jacob Offenbach wurde am 20. Juni 1819 in K\u00f6ln geboren. Er ist der Sohn von Isaac Eberst (1779-1850), einem Musiker und Synagogenkantoren. Isaac Offenbach stammte urspr\u00fcnglich aus Offenbach am Main\" \/>\n<meta property=\"og:url\" content=\"https:\/\/www.iemj.org\/de\/offenbach-jacques-1819-1880\/\" \/>\n<meta property=\"og:site_name\" content=\"Institut Europ\u00e9en des Musiques Juives\" \/>\n<meta property=\"article:publisher\" content=\"https:\/\/www.facebook.com\/MusiquesJuives\/\" \/>\n<meta property=\"article:published_time\" content=\"2017-02-21T16:04:05+00:00\" \/>\n<meta property=\"article:modified_time\" content=\"2025-09-08T13:40:49+00:00\" \/>\n<meta property=\"og:image\" content=\"https:\/\/www.iemj.org\/wp-content\/uploads\/2017\/02\/arton2113.jpg\" \/>\n\t<meta property=\"og:image:width\" content=\"174\" \/>\n\t<meta property=\"og:image:height\" content=\"216\" \/>\n\t<meta property=\"og:image:type\" content=\"image\/jpeg\" \/>\n<meta name=\"author\" content=\"Lea Couderc\" \/>\n<meta name=\"twitter:card\" content=\"summary_large_image\" \/>\n<meta name=\"twitter:label1\" content=\"Verfasst von\" \/>\n\t<meta name=\"twitter:data1\" content=\"Lea Couderc\" \/>\n\t<meta name=\"twitter:label2\" content=\"Gesch\u00e4tzte Lesezeit\" \/>\n\t<meta name=\"twitter:data2\" content=\"4\u00a0Minuten\" \/>\n<script type=\"application\/ld+json\" class=\"yoast-schema-graph\">{\"@context\":\"https:\\\/\\\/schema.org\",\"@graph\":[{\"@type\":\"Article\",\"@id\":\"https:\\\/\\\/www.iemj.org\\\/de\\\/offenbach-jacques-1819-1880\\\/#article\",\"isPartOf\":{\"@id\":\"https:\\\/\\\/www.iemj.org\\\/de\\\/offenbach-jacques-1819-1880\\\/\"},\"author\":{\"name\":\"Lea Couderc\",\"@id\":\"https:\\\/\\\/www.iemj.org\\\/de\\\/#\\\/schema\\\/person\\\/e2ad57f2c4be119c7ed8ab79036807a9\"},\"headline\":\"Offenbach, Jacques (1819-1880)\",\"datePublished\":\"2017-02-21T16:04:05+00:00\",\"dateModified\":\"2025-09-08T13:40:49+00:00\",\"mainEntityOfPage\":{\"@id\":\"https:\\\/\\\/www.iemj.org\\\/de\\\/offenbach-jacques-1819-1880\\\/\"},\"wordCount\":597,\"publisher\":{\"@id\":\"https:\\\/\\\/www.iemj.org\\\/de\\\/#organization\"},\"image\":{\"@id\":\"https:\\\/\\\/www.iemj.org\\\/de\\\/offenbach-jacques-1819-1880\\\/#primaryimage\"},\"thumbnailUrl\":\"https:\\\/\\\/www.iemj.org\\\/wp-content\\\/uploads\\\/2017\\\/02\\\/arton2113.jpg\",\"articleSection\":[\"Biografien\"],\"inLanguage\":\"de\"},{\"@type\":\"WebPage\",\"@id\":\"https:\\\/\\\/www.iemj.org\\\/de\\\/offenbach-jacques-1819-1880\\\/\",\"url\":\"https:\\\/\\\/www.iemj.org\\\/de\\\/offenbach-jacques-1819-1880\\\/\",\"name\":\"Offenbach, Jacques (1819-1880) - Institut Europ\u00e9en des Musiques Juives\",\"isPartOf\":{\"@id\":\"https:\\\/\\\/www.iemj.org\\\/de\\\/#website\"},\"primaryImageOfPage\":{\"@id\":\"https:\\\/\\\/www.iemj.org\\\/de\\\/offenbach-jacques-1819-1880\\\/#primaryimage\"},\"image\":{\"@id\":\"https:\\\/\\\/www.iemj.org\\\/de\\\/offenbach-jacques-1819-1880\\\/#primaryimage\"},\"thumbnailUrl\":\"https:\\\/\\\/www.iemj.org\\\/wp-content\\\/uploads\\\/2017\\\/02\\\/arton2113.jpg\",\"datePublished\":\"2017-02-21T16:04:05+00:00\",\"dateModified\":\"2025-09-08T13:40:49+00:00\",\"breadcrumb\":{\"@id\":\"https:\\\/\\\/www.iemj.org\\\/de\\\/offenbach-jacques-1819-1880\\\/#breadcrumb\"},\"inLanguage\":\"de\",\"potentialAction\":[{\"@type\":\"ReadAction\",\"target\":[\"https:\\\/\\\/www.iemj.org\\\/de\\\/offenbach-jacques-1819-1880\\\/\"]}]},{\"@type\":\"ImageObject\",\"inLanguage\":\"de\",\"@id\":\"https:\\\/\\\/www.iemj.org\\\/de\\\/offenbach-jacques-1819-1880\\\/#primaryimage\",\"url\":\"https:\\\/\\\/www.iemj.org\\\/wp-content\\\/uploads\\\/2017\\\/02\\\/arton2113.jpg\",\"contentUrl\":\"https:\\\/\\\/www.iemj.org\\\/wp-content\\\/uploads\\\/2017\\\/02\\\/arton2113.jpg\",\"width\":174,\"height\":216},{\"@type\":\"BreadcrumbList\",\"@id\":\"https:\\\/\\\/www.iemj.org\\\/de\\\/offenbach-jacques-1819-1880\\\/#breadcrumb\",\"itemListElement\":[{\"@type\":\"ListItem\",\"position\":1,\"name\":\"Accueil\",\"item\":\"https:\\\/\\\/www.iemj.org\\\/de\\\/\"},{\"@type\":\"ListItem\",\"position\":2,\"name\":\"Offenbach, Jacques (1819-1880)\"}]},{\"@type\":\"WebSite\",\"@id\":\"https:\\\/\\\/www.iemj.org\\\/de\\\/#website\",\"url\":\"https:\\\/\\\/www.iemj.org\\\/de\\\/\",\"name\":\"Institut Europ\u00e9en des Musiques Juives\",\"description\":\"Des traditions musicales \u00e0 la port\u00e9e de tous\",\"publisher\":{\"@id\":\"https:\\\/\\\/www.iemj.org\\\/de\\\/#organization\"},\"potentialAction\":[{\"@type\":\"SearchAction\",\"target\":{\"@type\":\"EntryPoint\",\"urlTemplate\":\"https:\\\/\\\/www.iemj.org\\\/de\\\/?s={search_term_string}\"},\"query-input\":{\"@type\":\"PropertyValueSpecification\",\"valueRequired\":true,\"valueName\":\"search_term_string\"}}],\"inLanguage\":\"de\"},{\"@type\":\"Organization\",\"@id\":\"https:\\\/\\\/www.iemj.org\\\/de\\\/#organization\",\"name\":\"Institut Europ\u00e9en des Musiques Juives\",\"url\":\"https:\\\/\\\/www.iemj.org\\\/de\\\/\",\"logo\":{\"@type\":\"ImageObject\",\"inLanguage\":\"de\",\"@id\":\"https:\\\/\\\/www.iemj.org\\\/de\\\/#\\\/schema\\\/logo\\\/image\\\/\",\"url\":\"https:\\\/\\\/www.iemj.org\\\/wp-content\\\/uploads\\\/2021\\\/09\\\/Logo-IEMJ-Paypal.jpg\",\"contentUrl\":\"https:\\\/\\\/www.iemj.org\\\/wp-content\\\/uploads\\\/2021\\\/09\\\/Logo-IEMJ-Paypal.jpg\",\"width\":150,\"height\":50,\"caption\":\"Institut Europ\u00e9en des Musiques Juives\"},\"image\":{\"@id\":\"https:\\\/\\\/www.iemj.org\\\/de\\\/#\\\/schema\\\/logo\\\/image\\\/\"},\"sameAs\":[\"https:\\\/\\\/www.facebook.com\\\/MusiquesJuives\\\/\",\"https:\\\/\\\/www.instagram.com\\\/musiquesjuives\\\/\",\"https:\\\/\\\/www.youtube.com\\\/user\\\/musiquesjuives\"]},{\"@type\":\"Person\",\"@id\":\"https:\\\/\\\/www.iemj.org\\\/de\\\/#\\\/schema\\\/person\\\/e2ad57f2c4be119c7ed8ab79036807a9\",\"name\":\"Lea Couderc\",\"image\":{\"@type\":\"ImageObject\",\"inLanguage\":\"de\",\"@id\":\"https:\\\/\\\/secure.gravatar.com\\\/avatar\\\/46ee021475d60aeff17a7e490b79dea5a5684bb392ab7fd1494027411df8ba23?s=96&d=mm&r=g\",\"url\":\"https:\\\/\\\/secure.gravatar.com\\\/avatar\\\/46ee021475d60aeff17a7e490b79dea5a5684bb392ab7fd1494027411df8ba23?s=96&d=mm&r=g\",\"contentUrl\":\"https:\\\/\\\/secure.gravatar.com\\\/avatar\\\/46ee021475d60aeff17a7e490b79dea5a5684bb392ab7fd1494027411df8ba23?s=96&d=mm&r=g\",\"caption\":\"Lea Couderc\"}}]}<\/script>\n<!-- \/ Yoast SEO plugin. -->","yoast_head_json":{"title":"Offenbach, Jacques (1819-1880) - Institut Europ\u00e9en des Musiques Juives","robots":{"index":"index","follow":"follow","max-snippet":"max-snippet:-1","max-image-preview":"max-image-preview:large","max-video-preview":"max-video-preview:-1"},"canonical":"https:\/\/www.iemj.org\/de\/offenbach-jacques-1819-1880\/","og_locale":"de_DE","og_type":"article","og_title":"Offenbach, Jacques (1819-1880) - Institut Europ\u00e9en des Musiques Juives","og_description":"Jacob Offenbach wurde am 20. Juni 1819 in K\u00f6ln geboren. Er ist der Sohn von Isaac Eberst (1779-1850), einem Musiker und Synagogenkantoren. Isaac Offenbach stammte urspr\u00fcnglich aus Offenbach am Main","og_url":"https:\/\/www.iemj.org\/de\/offenbach-jacques-1819-1880\/","og_site_name":"Institut Europ\u00e9en des Musiques Juives","article_publisher":"https:\/\/www.facebook.com\/MusiquesJuives\/","article_published_time":"2017-02-21T16:04:05+00:00","article_modified_time":"2025-09-08T13:40:49+00:00","og_image":[{"width":174,"height":216,"url":"https:\/\/www.iemj.org\/wp-content\/uploads\/2017\/02\/arton2113.jpg","type":"image\/jpeg"}],"author":"Lea Couderc","twitter_card":"summary_large_image","twitter_misc":{"Verfasst von":"Lea Couderc","Gesch\u00e4tzte Lesezeit":"4\u00a0Minuten"},"schema":{"@context":"https:\/\/schema.org","@graph":[{"@type":"Article","@id":"https:\/\/www.iemj.org\/de\/offenbach-jacques-1819-1880\/#article","isPartOf":{"@id":"https:\/\/www.iemj.org\/de\/offenbach-jacques-1819-1880\/"},"author":{"name":"Lea Couderc","@id":"https:\/\/www.iemj.org\/de\/#\/schema\/person\/e2ad57f2c4be119c7ed8ab79036807a9"},"headline":"Offenbach, Jacques (1819-1880)","datePublished":"2017-02-21T16:04:05+00:00","dateModified":"2025-09-08T13:40:49+00:00","mainEntityOfPage":{"@id":"https:\/\/www.iemj.org\/de\/offenbach-jacques-1819-1880\/"},"wordCount":597,"publisher":{"@id":"https:\/\/www.iemj.org\/de\/#organization"},"image":{"@id":"https:\/\/www.iemj.org\/de\/offenbach-jacques-1819-1880\/#primaryimage"},"thumbnailUrl":"https:\/\/www.iemj.org\/wp-content\/uploads\/2017\/02\/arton2113.jpg","articleSection":["Biografien"],"inLanguage":"de"},{"@type":"WebPage","@id":"https:\/\/www.iemj.org\/de\/offenbach-jacques-1819-1880\/","url":"https:\/\/www.iemj.org\/de\/offenbach-jacques-1819-1880\/","name":"Offenbach, Jacques (1819-1880) - Institut Europ\u00e9en des Musiques Juives","isPartOf":{"@id":"https:\/\/www.iemj.org\/de\/#website"},"primaryImageOfPage":{"@id":"https:\/\/www.iemj.org\/de\/offenbach-jacques-1819-1880\/#primaryimage"},"image":{"@id":"https:\/\/www.iemj.org\/de\/offenbach-jacques-1819-1880\/#primaryimage"},"thumbnailUrl":"https:\/\/www.iemj.org\/wp-content\/uploads\/2017\/02\/arton2113.jpg","datePublished":"2017-02-21T16:04:05+00:00","dateModified":"2025-09-08T13:40:49+00:00","breadcrumb":{"@id":"https:\/\/www.iemj.org\/de\/offenbach-jacques-1819-1880\/#breadcrumb"},"inLanguage":"de","potentialAction":[{"@type":"ReadAction","target":["https:\/\/www.iemj.org\/de\/offenbach-jacques-1819-1880\/"]}]},{"@type":"ImageObject","inLanguage":"de","@id":"https:\/\/www.iemj.org\/de\/offenbach-jacques-1819-1880\/#primaryimage","url":"https:\/\/www.iemj.org\/wp-content\/uploads\/2017\/02\/arton2113.jpg","contentUrl":"https:\/\/www.iemj.org\/wp-content\/uploads\/2017\/02\/arton2113.jpg","width":174,"height":216},{"@type":"BreadcrumbList","@id":"https:\/\/www.iemj.org\/de\/offenbach-jacques-1819-1880\/#breadcrumb","itemListElement":[{"@type":"ListItem","position":1,"name":"Accueil","item":"https:\/\/www.iemj.org\/de\/"},{"@type":"ListItem","position":2,"name":"Offenbach, Jacques (1819-1880)"}]},{"@type":"WebSite","@id":"https:\/\/www.iemj.org\/de\/#website","url":"https:\/\/www.iemj.org\/de\/","name":"Institut Europ\u00e9en des Musiques Juives","description":"Des traditions musicales \u00e0 la port\u00e9e de tous","publisher":{"@id":"https:\/\/www.iemj.org\/de\/#organization"},"potentialAction":[{"@type":"SearchAction","target":{"@type":"EntryPoint","urlTemplate":"https:\/\/www.iemj.org\/de\/?s={search_term_string}"},"query-input":{"@type":"PropertyValueSpecification","valueRequired":true,"valueName":"search_term_string"}}],"inLanguage":"de"},{"@type":"Organization","@id":"https:\/\/www.iemj.org\/de\/#organization","name":"Institut Europ\u00e9en des Musiques Juives","url":"https:\/\/www.iemj.org\/de\/","logo":{"@type":"ImageObject","inLanguage":"de","@id":"https:\/\/www.iemj.org\/de\/#\/schema\/logo\/image\/","url":"https:\/\/www.iemj.org\/wp-content\/uploads\/2021\/09\/Logo-IEMJ-Paypal.jpg","contentUrl":"https:\/\/www.iemj.org\/wp-content\/uploads\/2021\/09\/Logo-IEMJ-Paypal.jpg","width":150,"height":50,"caption":"Institut Europ\u00e9en des Musiques Juives"},"image":{"@id":"https:\/\/www.iemj.org\/de\/#\/schema\/logo\/image\/"},"sameAs":["https:\/\/www.facebook.com\/MusiquesJuives\/","https:\/\/www.instagram.com\/musiquesjuives\/","https:\/\/www.youtube.com\/user\/musiquesjuives"]},{"@type":"Person","@id":"https:\/\/www.iemj.org\/de\/#\/schema\/person\/e2ad57f2c4be119c7ed8ab79036807a9","name":"Lea Couderc","image":{"@type":"ImageObject","inLanguage":"de","@id":"https:\/\/secure.gravatar.com\/avatar\/46ee021475d60aeff17a7e490b79dea5a5684bb392ab7fd1494027411df8ba23?s=96&d=mm&r=g","url":"https:\/\/secure.gravatar.com\/avatar\/46ee021475d60aeff17a7e490b79dea5a5684bb392ab7fd1494027411df8ba23?s=96&d=mm&r=g","contentUrl":"https:\/\/secure.gravatar.com\/avatar\/46ee021475d60aeff17a7e490b79dea5a5684bb392ab7fd1494027411df8ba23?s=96&d=mm&r=g","caption":"Lea Couderc"}}]}},"_links":{"self":[{"href":"https:\/\/www.iemj.org\/de\/wp-json\/wp\/v2\/posts\/71160","targetHints":{"allow":["GET"]}}],"collection":[{"href":"https:\/\/www.iemj.org\/de\/wp-json\/wp\/v2\/posts"}],"about":[{"href":"https:\/\/www.iemj.org\/de\/wp-json\/wp\/v2\/types\/post"}],"author":[{"embeddable":true,"href":"https:\/\/www.iemj.org\/de\/wp-json\/wp\/v2\/users\/1052"}],"replies":[{"embeddable":true,"href":"https:\/\/www.iemj.org\/de\/wp-json\/wp\/v2\/comments?post=71160"}],"version-history":[{"count":0,"href":"https:\/\/www.iemj.org\/de\/wp-json\/wp\/v2\/posts\/71160\/revisions"}],"wp:featuredmedia":[{"embeddable":true,"href":"https:\/\/www.iemj.org\/de\/wp-json\/wp\/v2\/media\/71161"}],"wp:attachment":[{"href":"https:\/\/www.iemj.org\/de\/wp-json\/wp\/v2\/media?parent=71160"}],"wp:term":[{"taxonomy":"category","embeddable":true,"href":"https:\/\/www.iemj.org\/de\/wp-json\/wp\/v2\/categories?post=71160"},{"taxonomy":"post_tag","embeddable":true,"href":"https:\/\/www.iemj.org\/de\/wp-json\/wp\/v2\/tags?post=71160"},{"taxonomy":"technique","embeddable":true,"href":"https:\/\/www.iemj.org\/de\/wp-json\/wp\/v2\/technique?post=71160"},{"taxonomy":"squelettes","embeddable":true,"href":"https:\/\/www.iemj.org\/de\/wp-json\/wp\/v2\/squelettes?post=71160"},{"taxonomy":"sujet","embeddable":true,"href":"https:\/\/www.iemj.org\/de\/wp-json\/wp\/v2\/sujet?post=71160"},{"taxonomy":"formation","embeddable":true,"href":"https:\/\/www.iemj.org\/de\/wp-json\/wp\/v2\/formation?post=71160"},{"taxonomy":"genre","embeddable":true,"href":"https:\/\/www.iemj.org\/de\/wp-json\/wp\/v2\/genre?post=71160"},{"taxonomy":"fonds","embeddable":true,"href":"https:\/\/www.iemj.org\/de\/wp-json\/wp\/v2\/fonds?post=71160"},{"taxonomy":"tradition","embeddable":true,"href":"https:\/\/www.iemj.org\/de\/wp-json\/wp\/v2\/tradition?post=71160"},{"taxonomy":"type-de-contenu","embeddable":true,"href":"https:\/\/www.iemj.org\/de\/wp-json\/wp\/v2\/type-de-contenu?post=71160"},{"taxonomy":"interprete-compositeur","embeddable":true,"href":"https:\/\/www.iemj.org\/de\/wp-json\/wp\/v2\/interprete-compositeur?post=71160"},{"taxonomy":"frise","embeddable":true,"href":"https:\/\/www.iemj.org\/de\/wp-json\/wp\/v2\/frise?post=71160"},{"taxonomy":"type-devenement","embeddable":true,"href":"https:\/\/www.iemj.org\/de\/wp-json\/wp\/v2\/type-devenement?post=71160"},{"taxonomy":"tableaux-liens-externes","embeddable":true,"href":"https:\/\/www.iemj.org\/de\/wp-json\/wp\/v2\/tableaux-liens-externes?post=71160"}],"curies":[{"name":"wp","href":"https:\/\/api.w.org\/{rel}","templated":true}]}}