{"id":71229,"date":"2019-01-16T10:47:37","date_gmt":"2019-01-16T09:47:37","guid":{"rendered":"https:\/\/www.iemj.org\/sulzer-salomon-1804-1890\/"},"modified":"2025-09-09T17:15:03","modified_gmt":"2025-09-09T15:15:03","slug":"sulzer-salomon-1804-1890","status":"publish","type":"post","link":"https:\/\/www.iemj.org\/de\/sulzer-salomon-1804-1890\/","title":{"rendered":"Sulzer, Salomon (1804-1890)"},"content":{"rendered":"<p>Salomon Sulzer erblickte am 30. M\u00e4rz 1804 in Hohenems (\u00d6sterreich) das Licht der Welt. Seine Familie, welche vor 1813 den Namen Loewy (Levi) trug, stammte urspr\u00fcnglich aus Sulz (\u00d6sterreich), wovon sich wahrscheinlich der Name \u201eSulzer\u201c ableitet. 1748 lie\u00df sich die Familie in Hohenems nieder, welches 10 Kilometer n\u00f6rdlich von Sulz gelegen ist, dort sollte der junge Salomon Sulzer geboren werden.<\/p>\n<p>Salomon Sulzer begann bereits in seiner fr\u00fchesten Kindheit mit dem liturgischen Gesang, gemeinsam mit den <em>Hazzanim<\/em> aus Endingen (Schweiz), aus Karlsruhe (Deutschland) und sp\u00e4ter auch mit Salomon Eichberg, einem Kantoren in Hohenems und D\u00fcsseldorf. Im Jahr 1820 wurde Sulzer im Alter von 16 Jahren, Kantor und Chorleiter in seiner Geburtsstadt Hohenems. Diese Verpflichtung erf\u00fcllte er f\u00fcnf Jahre lang, \u00fcber die hinweg, er die Liturgie modernisierte und Chormusik zu einem Bestandteil des Gottesdienst machte.<\/p>\n<p><img fetchpriority=\"high\" decoding=\"async\" class=\" alignright size-full wp-image-22416\" src=\"https:\/\/www.iemj.org\/wp-content\/uploads\/2019\/01\/young_salomon_sulzer001_redim_verticale_250.jpg\" alt=\"young_salomon_sulzer001_redim_verticale_250.jpg\" width=\"208\" height=\"250\" align=\"right\" \/><\/p>\n<p>1826 wurde er auf Anfrage des modernistischen Rabbiners Isaak Nah Mannheimer von Wien (\u00d6sterreich) zum Hauptkantoren der neuen Synagoge in der Seitenstettengasse von Wien ernannt, wo er 54 Jahre lang bleiben sollte. In dieser organisierte er die musikalischen Bestandteile der j\u00fcdischen Liturgie neu. Er bewahrte die traditionellen Melodien und Ges\u00e4nge, harmonisierte sie aber nach den musikalischen Vorstellungen seiner Zeit. Diese Reform des liturgischen Gesangs sollte den improvisiert anmutenden <em>Hazzanim<\/em>-Gesang, durch einen <em>\u201egeordneten Gottesdienst\u201c<\/em> ersetzen, was sp\u00e4ter, Mitte des 19. Jahrhunderts, gr\u00f6\u00dftenteils von den reformierten Synagogen \u00fcbernommen wurde.<\/p>\n<p>Au\u00dferhalb des Wiener Judaismus wurde Sulzer schnell zu einer prominenten Pers\u00f6nlichkeit der Musikwelt und sein wundervoller Bariton, weit \u00fcber die Stadtgrenzen hinaus bekannt. Die Komponisten Franz Schubert, Franz Liszt, Giacomo Meyerbeer, Robert Schumann und Niccolo Paganini geh\u00f6rten zu seinen zahlreichen Bewunderern und Freunden, welche oft den Tempel der Stadt Wien besuchten, um Sulzer singen zu h\u00f6ren.<\/p>\n<p><img decoding=\"async\" class=\" alignleft size-full wp-image-22418\" src=\"https:\/\/www.iemj.org\/wp-content\/uploads\/2019\/01\/300px-old_salomon_sulzer001_redim_verticale_285.jpg\" alt=\"300px-old_salomon_sulzer001_redim_verticale_285.jpg\" width=\"187\" height=\"285\" align=\"left\" \/><\/p>\n<p>Sulzer ver\u00f6ffentlichte eine gro\u00dfe Zahl an Partituren, darunter eigene Kompositionen, wie auch Kompositionen anderer Komponisten. Er schrieb auch St\u00fccke der weltlichen Musik (darunter einige auf Gedichte von Goethe) und wurde als S\u00e4nger besonders durch seine Interpretation von Schuberts<em> Lieder<\/em> bekannt. Letzteren bat er au\u00dferdem, die Musik f\u00fcr einen hebr\u00e4ischen Psalm zu schreiben, was Schubert f\u00fcr den Psalm 92 dann auch tat: Mizmor shir leyom <em>Hashabbat, Tov lehodos<\/em>\u2026, welcher in der Wiener Synagoge von Sulzer selbst, im Verlauf des Sommers 1828, gesungen wurde.<\/p>\n<p>Zwischen 1840 und 1865 (oder 1866) ver\u00f6ffentlichte Sulzer sein Hauptwerk: <strong>Shir Zion<\/strong> (das Lied von Zion), eine zweib\u00e4ndige Sammlung von Musik f\u00fcr den Sabbat und j\u00fcdische Feiertage, einschlie\u00dflich Rosch Ha-Schana und Jom Kippur, f\u00fcr S\u00e4nger, Chor und Gemeinschaftsantworten, mit optionaler Orgelbegleitung. Bei dieser Sammlung handelt es sich um einen Kompromiss, zwischen traditionellem Synagogengesang (f\u00fcr den Kantoren) und protestantisch anmutenden Chorelementen.<\/p>\n<p><img decoding=\"async\" class=\" alignright size-full wp-image-22422\" src=\"https:\/\/www.iemj.org\/wp-content\/uploads\/2019\/01\/schir_zion_ausschnitt_redim_verticale_300.jpg\" alt=\"schir_zion_ausschnitt_redim_verticale_300.jpg\" width=\"221\" height=\"300\" align=\"right\" \/>Diese Arbeit der Zusammenstellung und Modernisierung des liturgischen Gesangs brachte Sulzen den Beinamen \u201eVater der modernen Synagogenmusik\u201c ein. Zudem \u00fcberdauerten seine musikalischen Schriften und sein Einfluss, seinem Tod am 17. Januar 1890 in Wien, bei Weitem.<\/p>\n<p>Schlie\u00dflich ist noch zu erw\u00e4hnen, dass Sulzer auch einen kleinen Liederband, mit dem Titel <em>Duda\u2019im<\/em>, sowie eine Reihe von weltlichen wie auch geistlichen Kompositionen ver\u00f6ffentlichte. In all seinen liturgischen Kompositionen wird der hebr\u00e4ische Text und seine Prosodie mit einer besonderen Aufmerksamkeit bedacht. Die Sammlung <em>Zwanzig Ges\u00e4nge f\u00fcr den Israelitischen Gottesdienst<\/em> (Wien, 1892) wurde posthum gedruckt.<\/p>\n<p>Sources :<br \/><a href=\"https:\/\/www.britannica.com\/biography\/Salomon-Sulzer\">Encyclopaedia Britannica<\/a><br \/><a href=\"https:\/\/de.wikipedia.org\/wiki\/Salomon_Sulzer\" target=\"_blank\" rel=\"noopener\">Wikipedia Salomon Sulzer<\/a><br \/><a href=\"http:\/\/www.jm-hohenems.at\/en\/jewish-quarter\/biographies\/salomon-sulzer\">J\u00fcdisches Museum Hohenemes <\/a><\/p>\n<p><a href=\"https:\/\/www.iemj.org\/de\/chants-liturgiques-de-salomon-sulzer-1804-1890\/\" target=\"_blank\" rel=\"noopener\">H\u00f6ren Sie sich eine Auswahl an St\u00fccken von Salomon Sulzer an<\/a><\/p>\n<p><iframe src=\"https:\/\/www.youtube.com\/embed\/UCVJs4PHzgM\" width=\"560\" height=\"315\" frameborder=\"0\" allowfullscreen=\"allowfullscreen\"><\/iframe><\/p>\n\n\n<h2 class=\"wp-block-heading\"><\/h2>\n\n\n<div class=\"wp-block-image\">\n<figure class=\"aligncenter size-large\"><img loading=\"lazy\" decoding=\"async\" width=\"1024\" height=\"133\" src=\"https:\/\/www.iemj.org\/wp-content\/uploads\/2024\/03\/AUDIO-PLAYER-1024x133.png\" alt=\"\" class=\"wp-image-110606\" srcset=\"https:\/\/www.iemj.org\/wp-content\/uploads\/2024\/03\/AUDIO-PLAYER-1024x133.png 1024w, https:\/\/www.iemj.org\/wp-content\/uploads\/2024\/03\/AUDIO-PLAYER-300x39.png 300w, https:\/\/www.iemj.org\/wp-content\/uploads\/2024\/03\/AUDIO-PLAYER-768x100.png 768w, https:\/\/www.iemj.org\/wp-content\/uploads\/2024\/03\/AUDIO-PLAYER-600x78.png 600w, https:\/\/www.iemj.org\/wp-content\/uploads\/2024\/03\/AUDIO-PLAYER.png 1210w\" sizes=\"(max-width: 1024px) 100vw, 1024px\" \/><\/figure>\n<\/div>\n\n\n<div class=\"wp-block-file\"><a href=\"https:\/\/www.iemj.org\/wp-content\/uploads\/2019\/01\/psaume_92_tow_lehodos_-_franz_schubert.mp3\">Psaume 92 Tow Lehodos &#8211; Franz Schubert<\/a><\/div>\n","protected":false},"excerpt":{"rendered":"<p>Salomon Sulzer erblickte am 30. M\u00e4rz 1804 in Hohenems (\u00d6sterreich) das Licht der Welt. Seine Familie, welche vor 1813 den Namen Loewy (Levi) trug, stammte urspr\u00fcnglich aus Sulz (\u00d6sterreich), wovon<\/p>\n","protected":false},"author":5,"featured_media":71230,"comment_status":"closed","ping_status":"closed","sticky":false,"template":"","format":"standard","meta":{"_acf_changed":false,"footnotes":""},"categories":[1415],"tags":[],"technique":[],"squelettes":[],"sujet":[],"formation":[],"genre":[],"fonds":[],"tradition":[],"type-de-contenu":[],"interprete-compositeur":[],"frise":[],"type-devenement":[],"tableaux-liens-externes":[],"class_list":["post-71229","post","type-post","status-publish","format-standard","has-post-thumbnail","hentry","category-biografien-de"],"acf":[],"yoast_head":"<!-- This site is optimized with the Yoast SEO plugin v27.3 - https:\/\/yoast.com\/product\/yoast-seo-wordpress\/ -->\n<title>Sulzer, Salomon (1804-1890) - Institut Europ\u00e9en des Musiques Juives<\/title>\n<meta name=\"robots\" content=\"index, follow, max-snippet:-1, max-image-preview:large, max-video-preview:-1\" \/>\n<link rel=\"canonical\" href=\"https:\/\/www.iemj.org\/de\/sulzer-salomon-1804-1890\/\" \/>\n<meta property=\"og:locale\" content=\"de_DE\" \/>\n<meta property=\"og:type\" content=\"article\" \/>\n<meta property=\"og:title\" content=\"Sulzer, Salomon (1804-1890) - Institut Europ\u00e9en des Musiques Juives\" \/>\n<meta property=\"og:description\" content=\"Salomon Sulzer erblickte am 30. M\u00e4rz 1804 in Hohenems (\u00d6sterreich) das Licht der Welt. Seine Familie, welche vor 1813 den Namen Loewy (Levi) trug, stammte urspr\u00fcnglich aus Sulz (\u00d6sterreich), wovon\" \/>\n<meta property=\"og:url\" content=\"https:\/\/www.iemj.org\/de\/sulzer-salomon-1804-1890\/\" \/>\n<meta property=\"og:site_name\" content=\"Institut Europ\u00e9en des Musiques Juives\" \/>\n<meta property=\"article:publisher\" content=\"https:\/\/www.facebook.com\/MusiquesJuives\/\" \/>\n<meta property=\"article:published_time\" content=\"2019-01-16T09:47:37+00:00\" \/>\n<meta property=\"article:modified_time\" content=\"2025-09-09T15:15:03+00:00\" \/>\n<meta property=\"og:image\" content=\"https:\/\/www.iemj.org\/wp-content\/uploads\/2019\/01\/arton3889-e1617023387857.jpg\" \/>\n\t<meta property=\"og:image:width\" content=\"164\" \/>\n\t<meta property=\"og:image:height\" content=\"218\" \/>\n\t<meta property=\"og:image:type\" content=\"image\/jpeg\" \/>\n<meta name=\"author\" content=\"Jacqueline ROTEN\" \/>\n<meta name=\"twitter:card\" content=\"summary_large_image\" \/>\n<meta name=\"twitter:label1\" content=\"Verfasst von\" \/>\n\t<meta name=\"twitter:data1\" content=\"Jacqueline ROTEN\" \/>\n\t<meta name=\"twitter:label2\" content=\"Gesch\u00e4tzte Lesezeit\" \/>\n\t<meta name=\"twitter:data2\" content=\"4\u00a0Minuten\" \/>\n<script type=\"application\/ld+json\" class=\"yoast-schema-graph\">{\"@context\":\"https:\\\/\\\/schema.org\",\"@graph\":[{\"@type\":\"Article\",\"@id\":\"https:\\\/\\\/www.iemj.org\\\/de\\\/sulzer-salomon-1804-1890\\\/#article\",\"isPartOf\":{\"@id\":\"https:\\\/\\\/www.iemj.org\\\/de\\\/sulzer-salomon-1804-1890\\\/\"},\"author\":{\"name\":\"Jacqueline ROTEN\",\"@id\":\"https:\\\/\\\/www.iemj.org\\\/de\\\/#\\\/schema\\\/person\\\/358e26c18aca017fcc4cc15437f7279c\"},\"headline\":\"Sulzer, Salomon (1804-1890)\",\"datePublished\":\"2019-01-16T09:47:37+00:00\",\"dateModified\":\"2025-09-09T15:15:03+00:00\",\"mainEntityOfPage\":{\"@id\":\"https:\\\/\\\/www.iemj.org\\\/de\\\/sulzer-salomon-1804-1890\\\/\"},\"wordCount\":562,\"publisher\":{\"@id\":\"https:\\\/\\\/www.iemj.org\\\/de\\\/#organization\"},\"image\":{\"@id\":\"https:\\\/\\\/www.iemj.org\\\/de\\\/sulzer-salomon-1804-1890\\\/#primaryimage\"},\"thumbnailUrl\":\"https:\\\/\\\/www.iemj.org\\\/wp-content\\\/uploads\\\/2019\\\/01\\\/arton3889-e1617023387857.jpg\",\"articleSection\":[\"Biografien\"],\"inLanguage\":\"de\"},{\"@type\":\"WebPage\",\"@id\":\"https:\\\/\\\/www.iemj.org\\\/de\\\/sulzer-salomon-1804-1890\\\/\",\"url\":\"https:\\\/\\\/www.iemj.org\\\/de\\\/sulzer-salomon-1804-1890\\\/\",\"name\":\"Sulzer, Salomon (1804-1890) - Institut Europ\u00e9en des Musiques Juives\",\"isPartOf\":{\"@id\":\"https:\\\/\\\/www.iemj.org\\\/de\\\/#website\"},\"primaryImageOfPage\":{\"@id\":\"https:\\\/\\\/www.iemj.org\\\/de\\\/sulzer-salomon-1804-1890\\\/#primaryimage\"},\"image\":{\"@id\":\"https:\\\/\\\/www.iemj.org\\\/de\\\/sulzer-salomon-1804-1890\\\/#primaryimage\"},\"thumbnailUrl\":\"https:\\\/\\\/www.iemj.org\\\/wp-content\\\/uploads\\\/2019\\\/01\\\/arton3889-e1617023387857.jpg\",\"datePublished\":\"2019-01-16T09:47:37+00:00\",\"dateModified\":\"2025-09-09T15:15:03+00:00\",\"breadcrumb\":{\"@id\":\"https:\\\/\\\/www.iemj.org\\\/de\\\/sulzer-salomon-1804-1890\\\/#breadcrumb\"},\"inLanguage\":\"de\",\"potentialAction\":[{\"@type\":\"ReadAction\",\"target\":[\"https:\\\/\\\/www.iemj.org\\\/de\\\/sulzer-salomon-1804-1890\\\/\"]}]},{\"@type\":\"ImageObject\",\"inLanguage\":\"de\",\"@id\":\"https:\\\/\\\/www.iemj.org\\\/de\\\/sulzer-salomon-1804-1890\\\/#primaryimage\",\"url\":\"https:\\\/\\\/www.iemj.org\\\/wp-content\\\/uploads\\\/2019\\\/01\\\/arton3889-e1617023387857.jpg\",\"contentUrl\":\"https:\\\/\\\/www.iemj.org\\\/wp-content\\\/uploads\\\/2019\\\/01\\\/arton3889-e1617023387857.jpg\",\"width\":164,\"height\":218},{\"@type\":\"BreadcrumbList\",\"@id\":\"https:\\\/\\\/www.iemj.org\\\/de\\\/sulzer-salomon-1804-1890\\\/#breadcrumb\",\"itemListElement\":[{\"@type\":\"ListItem\",\"position\":1,\"name\":\"Accueil\",\"item\":\"https:\\\/\\\/www.iemj.org\\\/de\\\/\"},{\"@type\":\"ListItem\",\"position\":2,\"name\":\"Sulzer, Salomon (1804-1890)\"}]},{\"@type\":\"WebSite\",\"@id\":\"https:\\\/\\\/www.iemj.org\\\/de\\\/#website\",\"url\":\"https:\\\/\\\/www.iemj.org\\\/de\\\/\",\"name\":\"Institut Europ\u00e9en des Musiques Juives\",\"description\":\"Des traditions musicales \u00e0 la port\u00e9e de tous\",\"publisher\":{\"@id\":\"https:\\\/\\\/www.iemj.org\\\/de\\\/#organization\"},\"potentialAction\":[{\"@type\":\"SearchAction\",\"target\":{\"@type\":\"EntryPoint\",\"urlTemplate\":\"https:\\\/\\\/www.iemj.org\\\/de\\\/?s={search_term_string}\"},\"query-input\":{\"@type\":\"PropertyValueSpecification\",\"valueRequired\":true,\"valueName\":\"search_term_string\"}}],\"inLanguage\":\"de\"},{\"@type\":\"Organization\",\"@id\":\"https:\\\/\\\/www.iemj.org\\\/de\\\/#organization\",\"name\":\"Institut Europ\u00e9en des Musiques Juives\",\"url\":\"https:\\\/\\\/www.iemj.org\\\/de\\\/\",\"logo\":{\"@type\":\"ImageObject\",\"inLanguage\":\"de\",\"@id\":\"https:\\\/\\\/www.iemj.org\\\/de\\\/#\\\/schema\\\/logo\\\/image\\\/\",\"url\":\"https:\\\/\\\/www.iemj.org\\\/wp-content\\\/uploads\\\/2021\\\/09\\\/Logo-IEMJ-Paypal.jpg\",\"contentUrl\":\"https:\\\/\\\/www.iemj.org\\\/wp-content\\\/uploads\\\/2021\\\/09\\\/Logo-IEMJ-Paypal.jpg\",\"width\":150,\"height\":50,\"caption\":\"Institut Europ\u00e9en des Musiques Juives\"},\"image\":{\"@id\":\"https:\\\/\\\/www.iemj.org\\\/de\\\/#\\\/schema\\\/logo\\\/image\\\/\"},\"sameAs\":[\"https:\\\/\\\/www.facebook.com\\\/MusiquesJuives\\\/\",\"https:\\\/\\\/www.instagram.com\\\/musiquesjuives\\\/\",\"https:\\\/\\\/www.youtube.com\\\/user\\\/musiquesjuives\"]},{\"@type\":\"Person\",\"@id\":\"https:\\\/\\\/www.iemj.org\\\/de\\\/#\\\/schema\\\/person\\\/358e26c18aca017fcc4cc15437f7279c\",\"name\":\"Jacqueline ROTEN\",\"image\":{\"@type\":\"ImageObject\",\"inLanguage\":\"de\",\"@id\":\"https:\\\/\\\/secure.gravatar.com\\\/avatar\\\/5964256d6c6957de3a3505278957e0fb2a35119ac47ea41827a65301213c810b?s=96&d=mm&r=g\",\"url\":\"https:\\\/\\\/secure.gravatar.com\\\/avatar\\\/5964256d6c6957de3a3505278957e0fb2a35119ac47ea41827a65301213c810b?s=96&d=mm&r=g\",\"contentUrl\":\"https:\\\/\\\/secure.gravatar.com\\\/avatar\\\/5964256d6c6957de3a3505278957e0fb2a35119ac47ea41827a65301213c810b?s=96&d=mm&r=g\",\"caption\":\"Jacqueline ROTEN\"}}]}<\/script>\n<!-- \/ Yoast SEO plugin. -->","yoast_head_json":{"title":"Sulzer, Salomon (1804-1890) - Institut Europ\u00e9en des Musiques Juives","robots":{"index":"index","follow":"follow","max-snippet":"max-snippet:-1","max-image-preview":"max-image-preview:large","max-video-preview":"max-video-preview:-1"},"canonical":"https:\/\/www.iemj.org\/de\/sulzer-salomon-1804-1890\/","og_locale":"de_DE","og_type":"article","og_title":"Sulzer, Salomon (1804-1890) - Institut Europ\u00e9en des Musiques Juives","og_description":"Salomon Sulzer erblickte am 30. M\u00e4rz 1804 in Hohenems (\u00d6sterreich) das Licht der Welt. Seine Familie, welche vor 1813 den Namen Loewy (Levi) trug, stammte urspr\u00fcnglich aus Sulz (\u00d6sterreich), wovon","og_url":"https:\/\/www.iemj.org\/de\/sulzer-salomon-1804-1890\/","og_site_name":"Institut Europ\u00e9en des Musiques Juives","article_publisher":"https:\/\/www.facebook.com\/MusiquesJuives\/","article_published_time":"2019-01-16T09:47:37+00:00","article_modified_time":"2025-09-09T15:15:03+00:00","og_image":[{"width":164,"height":218,"url":"https:\/\/www.iemj.org\/wp-content\/uploads\/2019\/01\/arton3889-e1617023387857.jpg","type":"image\/jpeg"}],"author":"Jacqueline ROTEN","twitter_card":"summary_large_image","twitter_misc":{"Verfasst von":"Jacqueline ROTEN","Gesch\u00e4tzte Lesezeit":"4\u00a0Minuten"},"schema":{"@context":"https:\/\/schema.org","@graph":[{"@type":"Article","@id":"https:\/\/www.iemj.org\/de\/sulzer-salomon-1804-1890\/#article","isPartOf":{"@id":"https:\/\/www.iemj.org\/de\/sulzer-salomon-1804-1890\/"},"author":{"name":"Jacqueline ROTEN","@id":"https:\/\/www.iemj.org\/de\/#\/schema\/person\/358e26c18aca017fcc4cc15437f7279c"},"headline":"Sulzer, Salomon (1804-1890)","datePublished":"2019-01-16T09:47:37+00:00","dateModified":"2025-09-09T15:15:03+00:00","mainEntityOfPage":{"@id":"https:\/\/www.iemj.org\/de\/sulzer-salomon-1804-1890\/"},"wordCount":562,"publisher":{"@id":"https:\/\/www.iemj.org\/de\/#organization"},"image":{"@id":"https:\/\/www.iemj.org\/de\/sulzer-salomon-1804-1890\/#primaryimage"},"thumbnailUrl":"https:\/\/www.iemj.org\/wp-content\/uploads\/2019\/01\/arton3889-e1617023387857.jpg","articleSection":["Biografien"],"inLanguage":"de"},{"@type":"WebPage","@id":"https:\/\/www.iemj.org\/de\/sulzer-salomon-1804-1890\/","url":"https:\/\/www.iemj.org\/de\/sulzer-salomon-1804-1890\/","name":"Sulzer, Salomon (1804-1890) - Institut Europ\u00e9en des Musiques Juives","isPartOf":{"@id":"https:\/\/www.iemj.org\/de\/#website"},"primaryImageOfPage":{"@id":"https:\/\/www.iemj.org\/de\/sulzer-salomon-1804-1890\/#primaryimage"},"image":{"@id":"https:\/\/www.iemj.org\/de\/sulzer-salomon-1804-1890\/#primaryimage"},"thumbnailUrl":"https:\/\/www.iemj.org\/wp-content\/uploads\/2019\/01\/arton3889-e1617023387857.jpg","datePublished":"2019-01-16T09:47:37+00:00","dateModified":"2025-09-09T15:15:03+00:00","breadcrumb":{"@id":"https:\/\/www.iemj.org\/de\/sulzer-salomon-1804-1890\/#breadcrumb"},"inLanguage":"de","potentialAction":[{"@type":"ReadAction","target":["https:\/\/www.iemj.org\/de\/sulzer-salomon-1804-1890\/"]}]},{"@type":"ImageObject","inLanguage":"de","@id":"https:\/\/www.iemj.org\/de\/sulzer-salomon-1804-1890\/#primaryimage","url":"https:\/\/www.iemj.org\/wp-content\/uploads\/2019\/01\/arton3889-e1617023387857.jpg","contentUrl":"https:\/\/www.iemj.org\/wp-content\/uploads\/2019\/01\/arton3889-e1617023387857.jpg","width":164,"height":218},{"@type":"BreadcrumbList","@id":"https:\/\/www.iemj.org\/de\/sulzer-salomon-1804-1890\/#breadcrumb","itemListElement":[{"@type":"ListItem","position":1,"name":"Accueil","item":"https:\/\/www.iemj.org\/de\/"},{"@type":"ListItem","position":2,"name":"Sulzer, Salomon (1804-1890)"}]},{"@type":"WebSite","@id":"https:\/\/www.iemj.org\/de\/#website","url":"https:\/\/www.iemj.org\/de\/","name":"Institut Europ\u00e9en des Musiques Juives","description":"Des traditions musicales \u00e0 la port\u00e9e de tous","publisher":{"@id":"https:\/\/www.iemj.org\/de\/#organization"},"potentialAction":[{"@type":"SearchAction","target":{"@type":"EntryPoint","urlTemplate":"https:\/\/www.iemj.org\/de\/?s={search_term_string}"},"query-input":{"@type":"PropertyValueSpecification","valueRequired":true,"valueName":"search_term_string"}}],"inLanguage":"de"},{"@type":"Organization","@id":"https:\/\/www.iemj.org\/de\/#organization","name":"Institut Europ\u00e9en des Musiques Juives","url":"https:\/\/www.iemj.org\/de\/","logo":{"@type":"ImageObject","inLanguage":"de","@id":"https:\/\/www.iemj.org\/de\/#\/schema\/logo\/image\/","url":"https:\/\/www.iemj.org\/wp-content\/uploads\/2021\/09\/Logo-IEMJ-Paypal.jpg","contentUrl":"https:\/\/www.iemj.org\/wp-content\/uploads\/2021\/09\/Logo-IEMJ-Paypal.jpg","width":150,"height":50,"caption":"Institut Europ\u00e9en des Musiques Juives"},"image":{"@id":"https:\/\/www.iemj.org\/de\/#\/schema\/logo\/image\/"},"sameAs":["https:\/\/www.facebook.com\/MusiquesJuives\/","https:\/\/www.instagram.com\/musiquesjuives\/","https:\/\/www.youtube.com\/user\/musiquesjuives"]},{"@type":"Person","@id":"https:\/\/www.iemj.org\/de\/#\/schema\/person\/358e26c18aca017fcc4cc15437f7279c","name":"Jacqueline ROTEN","image":{"@type":"ImageObject","inLanguage":"de","@id":"https:\/\/secure.gravatar.com\/avatar\/5964256d6c6957de3a3505278957e0fb2a35119ac47ea41827a65301213c810b?s=96&d=mm&r=g","url":"https:\/\/secure.gravatar.com\/avatar\/5964256d6c6957de3a3505278957e0fb2a35119ac47ea41827a65301213c810b?s=96&d=mm&r=g","contentUrl":"https:\/\/secure.gravatar.com\/avatar\/5964256d6c6957de3a3505278957e0fb2a35119ac47ea41827a65301213c810b?s=96&d=mm&r=g","caption":"Jacqueline ROTEN"}}]}},"_links":{"self":[{"href":"https:\/\/www.iemj.org\/de\/wp-json\/wp\/v2\/posts\/71229","targetHints":{"allow":["GET"]}}],"collection":[{"href":"https:\/\/www.iemj.org\/de\/wp-json\/wp\/v2\/posts"}],"about":[{"href":"https:\/\/www.iemj.org\/de\/wp-json\/wp\/v2\/types\/post"}],"author":[{"embeddable":true,"href":"https:\/\/www.iemj.org\/de\/wp-json\/wp\/v2\/users\/5"}],"replies":[{"embeddable":true,"href":"https:\/\/www.iemj.org\/de\/wp-json\/wp\/v2\/comments?post=71229"}],"version-history":[{"count":0,"href":"https:\/\/www.iemj.org\/de\/wp-json\/wp\/v2\/posts\/71229\/revisions"}],"wp:featuredmedia":[{"embeddable":true,"href":"https:\/\/www.iemj.org\/de\/wp-json\/wp\/v2\/media\/71230"}],"wp:attachment":[{"href":"https:\/\/www.iemj.org\/de\/wp-json\/wp\/v2\/media?parent=71229"}],"wp:term":[{"taxonomy":"category","embeddable":true,"href":"https:\/\/www.iemj.org\/de\/wp-json\/wp\/v2\/categories?post=71229"},{"taxonomy":"post_tag","embeddable":true,"href":"https:\/\/www.iemj.org\/de\/wp-json\/wp\/v2\/tags?post=71229"},{"taxonomy":"technique","embeddable":true,"href":"https:\/\/www.iemj.org\/de\/wp-json\/wp\/v2\/technique?post=71229"},{"taxonomy":"squelettes","embeddable":true,"href":"https:\/\/www.iemj.org\/de\/wp-json\/wp\/v2\/squelettes?post=71229"},{"taxonomy":"sujet","embeddable":true,"href":"https:\/\/www.iemj.org\/de\/wp-json\/wp\/v2\/sujet?post=71229"},{"taxonomy":"formation","embeddable":true,"href":"https:\/\/www.iemj.org\/de\/wp-json\/wp\/v2\/formation?post=71229"},{"taxonomy":"genre","embeddable":true,"href":"https:\/\/www.iemj.org\/de\/wp-json\/wp\/v2\/genre?post=71229"},{"taxonomy":"fonds","embeddable":true,"href":"https:\/\/www.iemj.org\/de\/wp-json\/wp\/v2\/fonds?post=71229"},{"taxonomy":"tradition","embeddable":true,"href":"https:\/\/www.iemj.org\/de\/wp-json\/wp\/v2\/tradition?post=71229"},{"taxonomy":"type-de-contenu","embeddable":true,"href":"https:\/\/www.iemj.org\/de\/wp-json\/wp\/v2\/type-de-contenu?post=71229"},{"taxonomy":"interprete-compositeur","embeddable":true,"href":"https:\/\/www.iemj.org\/de\/wp-json\/wp\/v2\/interprete-compositeur?post=71229"},{"taxonomy":"frise","embeddable":true,"href":"https:\/\/www.iemj.org\/de\/wp-json\/wp\/v2\/frise?post=71229"},{"taxonomy":"type-devenement","embeddable":true,"href":"https:\/\/www.iemj.org\/de\/wp-json\/wp\/v2\/type-devenement?post=71229"},{"taxonomy":"tableaux-liens-externes","embeddable":true,"href":"https:\/\/www.iemj.org\/de\/wp-json\/wp\/v2\/tableaux-liens-externes?post=71229"}],"curies":[{"name":"wp","href":"https:\/\/api.w.org\/{rel}","templated":true}]}}