{"id":71303,"date":"2017-02-21T16:53:31","date_gmt":"2017-02-21T15:53:31","guid":{"rendered":"https:\/\/www.iemj.org\/waldteufel-emile-1837-1915\/"},"modified":"2025-09-08T15:33:15","modified_gmt":"2025-09-08T13:33:15","slug":"waldteufel-emile-1837-1915","status":"publish","type":"post","link":"https:\/\/www.iemj.org\/de\/waldteufel-emile-1837-1915\/","title":{"rendered":"Waldteufel, Emile (1837-1915)"},"content":{"rendered":"<p><strong>E<\/strong><strong>mile Waldteufel wurde in eine j\u00fcdische Familie in Strasbourg geboren und war der Lieblingskomponist von Kaiserin Eug\u00e9nie. Er ist unter anderem der Sch\u00f6pfer zahlreicher Walzermelodien, darunter <em>La<\/em> <em>Valse des patineurs<\/em>, welche zur damaligen Zeit ganz Europa mit pfiff\u2026<\/strong><\/p>\n<p><em>La<\/em> <em>Valse des patineurs<\/em> ist eine der ber\u00fchmtesten Walzermelodien der Welt. Viele schreiben sie Johann Strauss zu. Doch zu Unrecht! <em>La<\/em> <em>Valse des patineurs<\/em> wurde von Emile Waldteufel komponiert, einem franz\u00f6sischen Musiker, der einer j\u00fcdischen Familie entstammte und 1837 in Strasbourg geboren wurde. Sein Gro\u00dfvater, Moyse L\u00e9vy, war Stra\u00dfenmusikant in Bischheim (Elsass). Aufgrund des napoleonischen Dekrets vom 28. Juli 1808, welches alle Juden des Reichs dazu verpflichtete, einen \u201efesten Namen\u201c anzunehmen, um die Volksz\u00e4hlung, sowie die F\u00fchrung des Personenstandes zu erleichtern, w\u00e4hlte Moyse L\u00e9vy das Pseudonym Waldteufel.<\/p>\n<p>Einer seiner S\u00f6hne, Lazare L\u00e9vy alias Louis Waldteufel (1801-1884) ein Geiger und Dirigent, hatte vier S\u00f6hne: Achille (1830-?), Isaac (1832-1884) bekannt als L\u00e9on, Orchesterdirigent bei B\u00e4llen, Salomon, bekannt als \u00c9douard (1834-?) und Charles \u00c9mile (1835-1915), bekannt als \u00c9mile, der wohl bekannteste und produktivste Komponist der Familie.<\/p>\n<p>1844 zog die Familie nach Paris, damit L\u00e9on am Conservatoire Geige lernen konnte. Selbst war \u00c9mile dort von 1853 bis 1857 eingeschrieben, um Klavier zu lernen, gemeinsam mit Jules Massenet und Georges Bizet. Waldteufel komponierte, wie viele andere Pianisten seiner Zeit, seine Werke auf dem Klavier, jedoch mit der Absicht der sp\u00e4teren Orchestrierung, entsprechend den jeweiligen Auff\u00fchrungsumst\u00e4nden (private Salons, Balls\u00e4le oder unter freiem Himmel).<\/p>\n<p>W\u00e4hrend der Zeit des Zweiten Kaiserreichs, schrieb Waldteufel etliche T\u00e4nze, welche ihn ber\u00fchmt machten. 1865 wurde er, da er von Eugenie besonders gesch\u00e4tzt wurde, zum Leiter der Tanzmusik am kaiserlichen Hof von Napoleon III., sowie zum Pianisten der Kaiserin ernannt. Er war f\u00fcr die Begleitung der legend\u00e4ren Tanzabende von Biarritz und Compi\u00e8gne verantwortlich. Ab 1867 begleitete Waldteufels Orchester zun\u00e4chst die B\u00e4llen im Palais des Tuileries, womit Waldteufel die Nachfolge von <a href=\"https:\/\/www.iemj.org\/de\/strauss-isaac-1806-1888\/\" target=\"_blank\" rel=\"noopener\">Isaac Strauss<\/a>, antrat, sp\u00e4ter nach dem deutsch-preu\u00dfischen Krieg sollte sein Orchester dann auch die B\u00e4lle im \u00c9lys\u00e9e-Palast begleiten.<\/p>\n<p>1874 wurde der Prinz von Wales, der zuk\u00fcnftige Edward VII, auf ihn aufmerksam. Dieser bot ihm an, ihn in Gro\u00dfbritannien bekannt zu machen. Es folgte ein Vertrag mit der Londoner Verlagsgesellschaft Hopwood &amp; Crew, welcher es ihr erm\u00f6glichte, auf den B\u00e4llen von K\u00f6nigin Victoria im Buckingham Palace gespielt zu werden. Seine Musik dominierte lange die Konzertprogramme. Durch <em>La Valse des patineurs <\/em>(1882) erlangte er internationalen Ruhm und er wurde im fr\u00fchen 20. Jahrhundert, in London, Berlin und Paris \u00fcberaus erfolgreich aufgef\u00fchrt.<\/p>\n<p>Waldteufels Musik ist gepr\u00e4gt von einem melodischen Gesp\u00fcr, in der Tradition der franz\u00f6sischen Melodiker seiner Zeit, wie Gounod, Saint-Sa\u00ebns oder Bizet. Seine Inspiration reichte von den komischen Opern von Audran, Lacome oder <a href=\"https:\/\/www.iemj.org\/de\/offenbach-jacques-1819-1880\/\">Offenbach<\/a> bis hin zur bayrischen Volksmusik (mit welchen ihn seine Mutter vertraut machte) und zur b\u00f6hmischen Folklore. Sein reichhaltiges Werk besteht haupts\u00e4chlich aus Tanzmusik: Walzermelodien, Polkas und Mazurkas sowie Melodien, auf denen sein Ruf begr\u00fcndet war.<\/p>\n<p>Auszug der Biografie aus dem Artikel\u00a0<a href=\"https:\/\/als.wikipedia.org\/wiki\/%C3%89mile_Waldteufel\" target=\"_blank\" rel=\"noopener\">Emile Waldteufel Wikipedia<\/a><\/p>\n<p><a href=\"https:\/\/www.youtube.com\/watch?v=x5Lu7G3-7dE&amp;list=PL6667C38EDFC072AB\" target=\"_blank\" rel=\"noopener\">H\u00f6ren Sie sich die Musik von Waldteufel auf YouTube an<\/a><\/p>\n<p><a href=\"https:\/\/www.iemj.org\/en\/classique-vous-avez-dit-classique-emile-waldteufel\/\" target=\"_blank\" rel=\"noopener\">H\u00f6ren Sie sich die Emile Waldteufel gewidmete und von Laure Schnapper pr\u00e4sentierte Radiosendung an<\/a><\/p>\n<p><a href=\"http:\/\/www.rachelnet.net\/F\/?func=find-c&amp;ccl_term=WRD+%3D+Waldteufel+Emile&amp;local_base=iemcg\">Greifen Sie auf unsere Archive \u00fcber Emile Waldteufel zu<\/a><\/p>\n\n\n<figure class=\"wp-block-embed is-type-video is-provider-youtube wp-block-embed-youtube wp-embed-aspect-16-9 wp-has-aspect-ratio\"><div class=\"wp-block-embed__wrapper\">\n<iframe title=\"Toujours ou jamais, valse Emile Waldteufel - Concert promenade du nouvel an 2014\" width=\"640\" height=\"360\" src=\"https:\/\/www.youtube.com\/embed\/RB-nXJHMdOA?feature=oembed\" frameborder=\"0\" allow=\"accelerometer; autoplay; clipboard-write; encrypted-media; gyroscope; picture-in-picture; web-share\" referrerpolicy=\"strict-origin-when-cross-origin\" allowfullscreen><\/iframe>\n<\/div><figcaption class=\"wp-element-caption\"><strong>Valse Toujours ou jamais d\u2019Emile Waldteufel, interpr\u00e9t\u00e9 par L\u2019orchestre Eug\u00e9nie<\/strong><\/figcaption><\/figure>\n\n\n\n<h2 class=\"wp-block-heading\"><\/h2>\n\n\n<div class=\"wp-block-image\">\n<figure class=\"aligncenter size-large\"><img fetchpriority=\"high\" decoding=\"async\" width=\"1024\" height=\"133\" src=\"https:\/\/www.iemj.org\/wp-content\/uploads\/2024\/03\/AUDIO-PLAYER-1024x133.png\" alt=\"\" class=\"wp-image-110606\" srcset=\"https:\/\/www.iemj.org\/wp-content\/uploads\/2024\/03\/AUDIO-PLAYER-1024x133.png 1024w, https:\/\/www.iemj.org\/wp-content\/uploads\/2024\/03\/AUDIO-PLAYER-300x39.png 300w, https:\/\/www.iemj.org\/wp-content\/uploads\/2024\/03\/AUDIO-PLAYER-768x100.png 768w, https:\/\/www.iemj.org\/wp-content\/uploads\/2024\/03\/AUDIO-PLAYER-600x78.png 600w, https:\/\/www.iemj.org\/wp-content\/uploads\/2024\/03\/AUDIO-PLAYER.png 1210w\" sizes=\"(max-width: 1024px) 100vw, 1024px\" \/><\/figure>\n<\/div>\n\n\n<div class=\"wp-block-file\"><a href=\"https:\/\/www.iemj.org\/wp-content\/uploads\/2017\/02\/emile_waldteufel_-_presentation_par_alexandre_sorel.mp3\">Emile Waldteufel &#8211; Pr\u00e9sentation par Alexandre Sorel<\/a><\/div>\n\n\n\n<div class=\"wp-block-file\"><a href=\"https:\/\/www.iemj.org\/wp-content\/uploads\/2017\/02\/les_patineurs_extrait_-_emile_waldteufel-2.mp3\">Les patineurs (EXTRAIT) &#8211; Emile Waldteufel<\/a><\/div>\n\n\n\n<div class=\"wp-block-file\"><a href=\"https:\/\/www.iemj.org\/wp-content\/uploads\/2017\/02\/amour_et_printemps_extrait_-_emile_waldteufel.mp3\">Amour et printemps (EXTRAIT) &#8211; Emile Waldteufel<\/a><\/div>\n\n\n\n<div class=\"wp-block-file\"><a href=\"https:\/\/www.iemj.org\/wp-content\/uploads\/2017\/02\/estudiantina_extrait_-_emile_waldteufel.mp3\">Estudianta (EXTRAIT) &#8211; Emile Waldteufel<\/a><\/div>\n","protected":false},"excerpt":{"rendered":"<p>Emile Waldteufel wurde in eine j\u00fcdische Familie in Strasbourg geboren und war der Lieblingskomponist von Kaiserin Eug\u00e9nie. Er ist unter anderem der Sch\u00f6pfer zahlreicher Walzermelodien, darunter La Valse des patineurs,<\/p>\n","protected":false},"author":1052,"featured_media":71305,"comment_status":"closed","ping_status":"closed","sticky":false,"template":"","format":"standard","meta":{"_acf_changed":false,"footnotes":""},"categories":[1415],"tags":[],"technique":[],"squelettes":[],"sujet":[],"formation":[],"genre":[1900],"fonds":[],"tradition":[],"type-de-contenu":[],"interprete-compositeur":[3319],"frise":[],"type-devenement":[],"tableaux-liens-externes":[],"class_list":["post-71303","post","type-post","status-publish","format-standard","has-post-thumbnail","hentry","category-biografien-de","genre-klassische-musik-de","interprete-compositeur-emile-waldteufel-de"],"acf":[],"yoast_head":"<!-- This site is optimized with the Yoast SEO plugin v27.3 - https:\/\/yoast.com\/product\/yoast-seo-wordpress\/ -->\n<title>Waldteufel, Emile (1837-1915) - Institut Europ\u00e9en des Musiques Juives<\/title>\n<meta name=\"robots\" content=\"index, follow, max-snippet:-1, max-image-preview:large, max-video-preview:-1\" \/>\n<link rel=\"canonical\" href=\"https:\/\/www.iemj.org\/de\/waldteufel-emile-1837-1915\/\" \/>\n<meta property=\"og:locale\" content=\"de_DE\" \/>\n<meta property=\"og:type\" content=\"article\" \/>\n<meta property=\"og:title\" content=\"Waldteufel, Emile (1837-1915) - Institut Europ\u00e9en des Musiques Juives\" \/>\n<meta property=\"og:description\" content=\"Emile Waldteufel wurde in eine j\u00fcdische Familie in Strasbourg geboren und war der Lieblingskomponist von Kaiserin Eug\u00e9nie. Er ist unter anderem der Sch\u00f6pfer zahlreicher Walzermelodien, darunter La Valse des patineurs,\" \/>\n<meta property=\"og:url\" content=\"https:\/\/www.iemj.org\/de\/waldteufel-emile-1837-1915\/\" \/>\n<meta property=\"og:site_name\" content=\"Institut Europ\u00e9en des Musiques Juives\" \/>\n<meta property=\"article:publisher\" content=\"https:\/\/www.facebook.com\/MusiquesJuives\/\" \/>\n<meta property=\"article:published_time\" content=\"2017-02-21T15:53:31+00:00\" \/>\n<meta property=\"article:modified_time\" content=\"2025-09-08T13:33:15+00:00\" \/>\n<meta property=\"og:image\" content=\"https:\/\/www.iemj.org\/wp-content\/uploads\/2017\/02\/logo-bio-Emile-Waldteufel-nv-site.jpg\" \/>\n\t<meta property=\"og:image:width\" content=\"169\" \/>\n\t<meta property=\"og:image:height\" content=\"218\" \/>\n\t<meta property=\"og:image:type\" content=\"image\/jpeg\" \/>\n<meta name=\"author\" content=\"Lea Couderc\" \/>\n<meta name=\"twitter:card\" content=\"summary_large_image\" \/>\n<meta name=\"twitter:label1\" content=\"Verfasst von\" \/>\n\t<meta name=\"twitter:data1\" content=\"Lea Couderc\" \/>\n\t<meta name=\"twitter:label2\" content=\"Gesch\u00e4tzte Lesezeit\" \/>\n\t<meta name=\"twitter:data2\" content=\"4\u00a0Minuten\" \/>\n<script type=\"application\/ld+json\" class=\"yoast-schema-graph\">{\"@context\":\"https:\\\/\\\/schema.org\",\"@graph\":[{\"@type\":\"Article\",\"@id\":\"https:\\\/\\\/www.iemj.org\\\/de\\\/waldteufel-emile-1837-1915\\\/#article\",\"isPartOf\":{\"@id\":\"https:\\\/\\\/www.iemj.org\\\/de\\\/waldteufel-emile-1837-1915\\\/\"},\"author\":{\"name\":\"Lea Couderc\",\"@id\":\"https:\\\/\\\/www.iemj.org\\\/de\\\/#\\\/schema\\\/person\\\/e2ad57f2c4be119c7ed8ab79036807a9\"},\"headline\":\"Waldteufel, Emile (1837-1915)\",\"datePublished\":\"2017-02-21T15:53:31+00:00\",\"dateModified\":\"2025-09-08T13:33:15+00:00\",\"mainEntityOfPage\":{\"@id\":\"https:\\\/\\\/www.iemj.org\\\/de\\\/waldteufel-emile-1837-1915\\\/\"},\"wordCount\":604,\"publisher\":{\"@id\":\"https:\\\/\\\/www.iemj.org\\\/de\\\/#organization\"},\"image\":{\"@id\":\"https:\\\/\\\/www.iemj.org\\\/de\\\/waldteufel-emile-1837-1915\\\/#primaryimage\"},\"thumbnailUrl\":\"https:\\\/\\\/www.iemj.org\\\/wp-content\\\/uploads\\\/2017\\\/02\\\/logo-bio-Emile-Waldteufel-nv-site.jpg\",\"articleSection\":[\"Biografien\"],\"inLanguage\":\"de\"},{\"@type\":\"WebPage\",\"@id\":\"https:\\\/\\\/www.iemj.org\\\/de\\\/waldteufel-emile-1837-1915\\\/\",\"url\":\"https:\\\/\\\/www.iemj.org\\\/de\\\/waldteufel-emile-1837-1915\\\/\",\"name\":\"Waldteufel, Emile (1837-1915) - Institut Europ\u00e9en des Musiques Juives\",\"isPartOf\":{\"@id\":\"https:\\\/\\\/www.iemj.org\\\/de\\\/#website\"},\"primaryImageOfPage\":{\"@id\":\"https:\\\/\\\/www.iemj.org\\\/de\\\/waldteufel-emile-1837-1915\\\/#primaryimage\"},\"image\":{\"@id\":\"https:\\\/\\\/www.iemj.org\\\/de\\\/waldteufel-emile-1837-1915\\\/#primaryimage\"},\"thumbnailUrl\":\"https:\\\/\\\/www.iemj.org\\\/wp-content\\\/uploads\\\/2017\\\/02\\\/logo-bio-Emile-Waldteufel-nv-site.jpg\",\"datePublished\":\"2017-02-21T15:53:31+00:00\",\"dateModified\":\"2025-09-08T13:33:15+00:00\",\"breadcrumb\":{\"@id\":\"https:\\\/\\\/www.iemj.org\\\/de\\\/waldteufel-emile-1837-1915\\\/#breadcrumb\"},\"inLanguage\":\"de\",\"potentialAction\":[{\"@type\":\"ReadAction\",\"target\":[\"https:\\\/\\\/www.iemj.org\\\/de\\\/waldteufel-emile-1837-1915\\\/\"]}]},{\"@type\":\"ImageObject\",\"inLanguage\":\"de\",\"@id\":\"https:\\\/\\\/www.iemj.org\\\/de\\\/waldteufel-emile-1837-1915\\\/#primaryimage\",\"url\":\"https:\\\/\\\/www.iemj.org\\\/wp-content\\\/uploads\\\/2017\\\/02\\\/logo-bio-Emile-Waldteufel-nv-site.jpg\",\"contentUrl\":\"https:\\\/\\\/www.iemj.org\\\/wp-content\\\/uploads\\\/2017\\\/02\\\/logo-bio-Emile-Waldteufel-nv-site.jpg\",\"width\":169,\"height\":218},{\"@type\":\"BreadcrumbList\",\"@id\":\"https:\\\/\\\/www.iemj.org\\\/de\\\/waldteufel-emile-1837-1915\\\/#breadcrumb\",\"itemListElement\":[{\"@type\":\"ListItem\",\"position\":1,\"name\":\"Accueil\",\"item\":\"https:\\\/\\\/www.iemj.org\\\/de\\\/\"},{\"@type\":\"ListItem\",\"position\":2,\"name\":\"Waldteufel, Emile (1837-1915)\"}]},{\"@type\":\"WebSite\",\"@id\":\"https:\\\/\\\/www.iemj.org\\\/de\\\/#website\",\"url\":\"https:\\\/\\\/www.iemj.org\\\/de\\\/\",\"name\":\"Institut Europ\u00e9en des Musiques Juives\",\"description\":\"Des traditions musicales \u00e0 la port\u00e9e de tous\",\"publisher\":{\"@id\":\"https:\\\/\\\/www.iemj.org\\\/de\\\/#organization\"},\"potentialAction\":[{\"@type\":\"SearchAction\",\"target\":{\"@type\":\"EntryPoint\",\"urlTemplate\":\"https:\\\/\\\/www.iemj.org\\\/de\\\/?s={search_term_string}\"},\"query-input\":{\"@type\":\"PropertyValueSpecification\",\"valueRequired\":true,\"valueName\":\"search_term_string\"}}],\"inLanguage\":\"de\"},{\"@type\":\"Organization\",\"@id\":\"https:\\\/\\\/www.iemj.org\\\/de\\\/#organization\",\"name\":\"Institut Europ\u00e9en des Musiques Juives\",\"url\":\"https:\\\/\\\/www.iemj.org\\\/de\\\/\",\"logo\":{\"@type\":\"ImageObject\",\"inLanguage\":\"de\",\"@id\":\"https:\\\/\\\/www.iemj.org\\\/de\\\/#\\\/schema\\\/logo\\\/image\\\/\",\"url\":\"https:\\\/\\\/www.iemj.org\\\/wp-content\\\/uploads\\\/2021\\\/09\\\/Logo-IEMJ-Paypal.jpg\",\"contentUrl\":\"https:\\\/\\\/www.iemj.org\\\/wp-content\\\/uploads\\\/2021\\\/09\\\/Logo-IEMJ-Paypal.jpg\",\"width\":150,\"height\":50,\"caption\":\"Institut Europ\u00e9en des Musiques Juives\"},\"image\":{\"@id\":\"https:\\\/\\\/www.iemj.org\\\/de\\\/#\\\/schema\\\/logo\\\/image\\\/\"},\"sameAs\":[\"https:\\\/\\\/www.facebook.com\\\/MusiquesJuives\\\/\",\"https:\\\/\\\/www.instagram.com\\\/musiquesjuives\\\/\",\"https:\\\/\\\/www.youtube.com\\\/user\\\/musiquesjuives\"]},{\"@type\":\"Person\",\"@id\":\"https:\\\/\\\/www.iemj.org\\\/de\\\/#\\\/schema\\\/person\\\/e2ad57f2c4be119c7ed8ab79036807a9\",\"name\":\"Lea Couderc\",\"image\":{\"@type\":\"ImageObject\",\"inLanguage\":\"de\",\"@id\":\"https:\\\/\\\/secure.gravatar.com\\\/avatar\\\/46ee021475d60aeff17a7e490b79dea5a5684bb392ab7fd1494027411df8ba23?s=96&d=mm&r=g\",\"url\":\"https:\\\/\\\/secure.gravatar.com\\\/avatar\\\/46ee021475d60aeff17a7e490b79dea5a5684bb392ab7fd1494027411df8ba23?s=96&d=mm&r=g\",\"contentUrl\":\"https:\\\/\\\/secure.gravatar.com\\\/avatar\\\/46ee021475d60aeff17a7e490b79dea5a5684bb392ab7fd1494027411df8ba23?s=96&d=mm&r=g\",\"caption\":\"Lea Couderc\"}}]}<\/script>\n<!-- \/ Yoast SEO plugin. -->","yoast_head_json":{"title":"Waldteufel, Emile (1837-1915) - Institut Europ\u00e9en des Musiques Juives","robots":{"index":"index","follow":"follow","max-snippet":"max-snippet:-1","max-image-preview":"max-image-preview:large","max-video-preview":"max-video-preview:-1"},"canonical":"https:\/\/www.iemj.org\/de\/waldteufel-emile-1837-1915\/","og_locale":"de_DE","og_type":"article","og_title":"Waldteufel, Emile (1837-1915) - Institut Europ\u00e9en des Musiques Juives","og_description":"Emile Waldteufel wurde in eine j\u00fcdische Familie in Strasbourg geboren und war der Lieblingskomponist von Kaiserin Eug\u00e9nie. Er ist unter anderem der Sch\u00f6pfer zahlreicher Walzermelodien, darunter La Valse des patineurs,","og_url":"https:\/\/www.iemj.org\/de\/waldteufel-emile-1837-1915\/","og_site_name":"Institut Europ\u00e9en des Musiques Juives","article_publisher":"https:\/\/www.facebook.com\/MusiquesJuives\/","article_published_time":"2017-02-21T15:53:31+00:00","article_modified_time":"2025-09-08T13:33:15+00:00","og_image":[{"width":169,"height":218,"url":"https:\/\/www.iemj.org\/wp-content\/uploads\/2017\/02\/logo-bio-Emile-Waldteufel-nv-site.jpg","type":"image\/jpeg"}],"author":"Lea Couderc","twitter_card":"summary_large_image","twitter_misc":{"Verfasst von":"Lea Couderc","Gesch\u00e4tzte Lesezeit":"4\u00a0Minuten"},"schema":{"@context":"https:\/\/schema.org","@graph":[{"@type":"Article","@id":"https:\/\/www.iemj.org\/de\/waldteufel-emile-1837-1915\/#article","isPartOf":{"@id":"https:\/\/www.iemj.org\/de\/waldteufel-emile-1837-1915\/"},"author":{"name":"Lea Couderc","@id":"https:\/\/www.iemj.org\/de\/#\/schema\/person\/e2ad57f2c4be119c7ed8ab79036807a9"},"headline":"Waldteufel, Emile (1837-1915)","datePublished":"2017-02-21T15:53:31+00:00","dateModified":"2025-09-08T13:33:15+00:00","mainEntityOfPage":{"@id":"https:\/\/www.iemj.org\/de\/waldteufel-emile-1837-1915\/"},"wordCount":604,"publisher":{"@id":"https:\/\/www.iemj.org\/de\/#organization"},"image":{"@id":"https:\/\/www.iemj.org\/de\/waldteufel-emile-1837-1915\/#primaryimage"},"thumbnailUrl":"https:\/\/www.iemj.org\/wp-content\/uploads\/2017\/02\/logo-bio-Emile-Waldteufel-nv-site.jpg","articleSection":["Biografien"],"inLanguage":"de"},{"@type":"WebPage","@id":"https:\/\/www.iemj.org\/de\/waldteufel-emile-1837-1915\/","url":"https:\/\/www.iemj.org\/de\/waldteufel-emile-1837-1915\/","name":"Waldteufel, Emile (1837-1915) - Institut Europ\u00e9en des Musiques Juives","isPartOf":{"@id":"https:\/\/www.iemj.org\/de\/#website"},"primaryImageOfPage":{"@id":"https:\/\/www.iemj.org\/de\/waldteufel-emile-1837-1915\/#primaryimage"},"image":{"@id":"https:\/\/www.iemj.org\/de\/waldteufel-emile-1837-1915\/#primaryimage"},"thumbnailUrl":"https:\/\/www.iemj.org\/wp-content\/uploads\/2017\/02\/logo-bio-Emile-Waldteufel-nv-site.jpg","datePublished":"2017-02-21T15:53:31+00:00","dateModified":"2025-09-08T13:33:15+00:00","breadcrumb":{"@id":"https:\/\/www.iemj.org\/de\/waldteufel-emile-1837-1915\/#breadcrumb"},"inLanguage":"de","potentialAction":[{"@type":"ReadAction","target":["https:\/\/www.iemj.org\/de\/waldteufel-emile-1837-1915\/"]}]},{"@type":"ImageObject","inLanguage":"de","@id":"https:\/\/www.iemj.org\/de\/waldteufel-emile-1837-1915\/#primaryimage","url":"https:\/\/www.iemj.org\/wp-content\/uploads\/2017\/02\/logo-bio-Emile-Waldteufel-nv-site.jpg","contentUrl":"https:\/\/www.iemj.org\/wp-content\/uploads\/2017\/02\/logo-bio-Emile-Waldteufel-nv-site.jpg","width":169,"height":218},{"@type":"BreadcrumbList","@id":"https:\/\/www.iemj.org\/de\/waldteufel-emile-1837-1915\/#breadcrumb","itemListElement":[{"@type":"ListItem","position":1,"name":"Accueil","item":"https:\/\/www.iemj.org\/de\/"},{"@type":"ListItem","position":2,"name":"Waldteufel, Emile (1837-1915)"}]},{"@type":"WebSite","@id":"https:\/\/www.iemj.org\/de\/#website","url":"https:\/\/www.iemj.org\/de\/","name":"Institut Europ\u00e9en des Musiques Juives","description":"Des traditions musicales \u00e0 la port\u00e9e de tous","publisher":{"@id":"https:\/\/www.iemj.org\/de\/#organization"},"potentialAction":[{"@type":"SearchAction","target":{"@type":"EntryPoint","urlTemplate":"https:\/\/www.iemj.org\/de\/?s={search_term_string}"},"query-input":{"@type":"PropertyValueSpecification","valueRequired":true,"valueName":"search_term_string"}}],"inLanguage":"de"},{"@type":"Organization","@id":"https:\/\/www.iemj.org\/de\/#organization","name":"Institut Europ\u00e9en des Musiques Juives","url":"https:\/\/www.iemj.org\/de\/","logo":{"@type":"ImageObject","inLanguage":"de","@id":"https:\/\/www.iemj.org\/de\/#\/schema\/logo\/image\/","url":"https:\/\/www.iemj.org\/wp-content\/uploads\/2021\/09\/Logo-IEMJ-Paypal.jpg","contentUrl":"https:\/\/www.iemj.org\/wp-content\/uploads\/2021\/09\/Logo-IEMJ-Paypal.jpg","width":150,"height":50,"caption":"Institut Europ\u00e9en des Musiques Juives"},"image":{"@id":"https:\/\/www.iemj.org\/de\/#\/schema\/logo\/image\/"},"sameAs":["https:\/\/www.facebook.com\/MusiquesJuives\/","https:\/\/www.instagram.com\/musiquesjuives\/","https:\/\/www.youtube.com\/user\/musiquesjuives"]},{"@type":"Person","@id":"https:\/\/www.iemj.org\/de\/#\/schema\/person\/e2ad57f2c4be119c7ed8ab79036807a9","name":"Lea Couderc","image":{"@type":"ImageObject","inLanguage":"de","@id":"https:\/\/secure.gravatar.com\/avatar\/46ee021475d60aeff17a7e490b79dea5a5684bb392ab7fd1494027411df8ba23?s=96&d=mm&r=g","url":"https:\/\/secure.gravatar.com\/avatar\/46ee021475d60aeff17a7e490b79dea5a5684bb392ab7fd1494027411df8ba23?s=96&d=mm&r=g","contentUrl":"https:\/\/secure.gravatar.com\/avatar\/46ee021475d60aeff17a7e490b79dea5a5684bb392ab7fd1494027411df8ba23?s=96&d=mm&r=g","caption":"Lea Couderc"}}]}},"_links":{"self":[{"href":"https:\/\/www.iemj.org\/de\/wp-json\/wp\/v2\/posts\/71303","targetHints":{"allow":["GET"]}}],"collection":[{"href":"https:\/\/www.iemj.org\/de\/wp-json\/wp\/v2\/posts"}],"about":[{"href":"https:\/\/www.iemj.org\/de\/wp-json\/wp\/v2\/types\/post"}],"author":[{"embeddable":true,"href":"https:\/\/www.iemj.org\/de\/wp-json\/wp\/v2\/users\/1052"}],"replies":[{"embeddable":true,"href":"https:\/\/www.iemj.org\/de\/wp-json\/wp\/v2\/comments?post=71303"}],"version-history":[{"count":0,"href":"https:\/\/www.iemj.org\/de\/wp-json\/wp\/v2\/posts\/71303\/revisions"}],"wp:featuredmedia":[{"embeddable":true,"href":"https:\/\/www.iemj.org\/de\/wp-json\/wp\/v2\/media\/71305"}],"wp:attachment":[{"href":"https:\/\/www.iemj.org\/de\/wp-json\/wp\/v2\/media?parent=71303"}],"wp:term":[{"taxonomy":"category","embeddable":true,"href":"https:\/\/www.iemj.org\/de\/wp-json\/wp\/v2\/categories?post=71303"},{"taxonomy":"post_tag","embeddable":true,"href":"https:\/\/www.iemj.org\/de\/wp-json\/wp\/v2\/tags?post=71303"},{"taxonomy":"technique","embeddable":true,"href":"https:\/\/www.iemj.org\/de\/wp-json\/wp\/v2\/technique?post=71303"},{"taxonomy":"squelettes","embeddable":true,"href":"https:\/\/www.iemj.org\/de\/wp-json\/wp\/v2\/squelettes?post=71303"},{"taxonomy":"sujet","embeddable":true,"href":"https:\/\/www.iemj.org\/de\/wp-json\/wp\/v2\/sujet?post=71303"},{"taxonomy":"formation","embeddable":true,"href":"https:\/\/www.iemj.org\/de\/wp-json\/wp\/v2\/formation?post=71303"},{"taxonomy":"genre","embeddable":true,"href":"https:\/\/www.iemj.org\/de\/wp-json\/wp\/v2\/genre?post=71303"},{"taxonomy":"fonds","embeddable":true,"href":"https:\/\/www.iemj.org\/de\/wp-json\/wp\/v2\/fonds?post=71303"},{"taxonomy":"tradition","embeddable":true,"href":"https:\/\/www.iemj.org\/de\/wp-json\/wp\/v2\/tradition?post=71303"},{"taxonomy":"type-de-contenu","embeddable":true,"href":"https:\/\/www.iemj.org\/de\/wp-json\/wp\/v2\/type-de-contenu?post=71303"},{"taxonomy":"interprete-compositeur","embeddable":true,"href":"https:\/\/www.iemj.org\/de\/wp-json\/wp\/v2\/interprete-compositeur?post=71303"},{"taxonomy":"frise","embeddable":true,"href":"https:\/\/www.iemj.org\/de\/wp-json\/wp\/v2\/frise?post=71303"},{"taxonomy":"type-devenement","embeddable":true,"href":"https:\/\/www.iemj.org\/de\/wp-json\/wp\/v2\/type-devenement?post=71303"},{"taxonomy":"tableaux-liens-externes","embeddable":true,"href":"https:\/\/www.iemj.org\/de\/wp-json\/wp\/v2\/tableaux-liens-externes?post=71303"}],"curies":[{"name":"wp","href":"https:\/\/api.w.org\/{rel}","templated":true}]}}