{"id":71323,"date":"2020-01-27T11:20:20","date_gmt":"2020-01-27T10:20:20","guid":{"rendered":"https:\/\/www.iemj.org\/yarkoni-yaffa-1925-2012\/"},"modified":"2021-11-16T16:29:20","modified_gmt":"2021-11-16T15:29:20","slug":"yarkoni-yaffa-1925-2012","status":"publish","type":"post","link":"https:\/\/www.iemj.org\/de\/yarkoni-yaffa-1925-2012\/","title":{"rendered":"Yarkoni, Yaffa (1925-2012)"},"content":{"rendered":"<p>Yaffa Yarkoni wurde 1925 in Givatayim, im Mandatsgebiet Pal\u00e4stina geboren. Eines ihrer wohl bekanntesten Lieder ist <em>Bab-el-Oued<\/em> (1948), welches den w\u00e4hrend dem Unabh\u00e4ngigkeitskrieges gefallenen israelischen Soldaten gewidmet ist.<\/p>\n<p>Yaffa Yarkoni ist das \u00e4lteste von drei Kindern von Avraham Abramov und Malka Alkhassov. Ihre Eltern waren Juden aus dem Kaukasus, die Anfang des 20. Jahrhunderts, nach Pal\u00e4stina immigrierten.<\/p>\n<p>Sie verbrachte ihre Kindheit in Tel Aviv und in Givat Rambam (dem heutigen Viertel Givatayim) und begann ihre k\u00fcnstlerische Karriere in einem Caf\u00e9 der Nachbarschaft, mit dem Namen \u201eTzlil\u201c (\u201eKlang\u201c), in welchem sie mit dem beliebten Trio namens \u201eBamati\u201c (\u201eMeine B\u00fchne\u201c), bestehend aus ihrer Schwester Tikva, ihrem Bruder Binyamin und ihr selbst, auftrat.<\/p>\n<p>Auf Empfehlungen des S\u00e4ngers Shmuel Fischer, wurde Yaffa Teil der Balletttruppe von Gertrud Kraus, einer Pionierin des Tanzes in Israel. Sie tanzte in dieser Balletttruppe etwa zehn Jahre lang.<\/p>\n<p>Am 21. September 1944 heiratete sie Yossef Gustin, der am Tag nach der Hochzeit, als Freiwilliger der J\u00fcdischen Brigade, einer k\u00e4mpfenden Einheit in der British Army, in den Krieg zog. Gustin fiel am 29. M\u00e4rz 1946 im Kampf gegen die Deutschen, am Fluss Senio in Italien. Das Lied <em>Ouri<\/em>, mit einem Text von Rafael Klatchkin und Musik von Issakhar Meron, wurde zu seinem Gedenken produziert.<\/p>\n<p>1948 heiratete Yaffa, Shaike Yarkoni (gestorben 1983), einem Kommandanten der Hagana und einem der Gr\u00fcnder der israelischen Panzertruppen. Zusammen bekamen die beiden drei T\u00f6chter.<\/p>\n<p>Dann wurde sie Teil der Musiktruppe \u201eKhichtron\u201c von Tsahal, welche zur Givati-Brigade geh\u00f6rte. <em>Bab el-Wad<\/em>, ein Lied, welches sie zur damaligen Zeit sang, wurde zu einem Klassiker, welcher jedes Jahr anl\u00e4sslich des Gedenktages (Yom ha-zikaron) gesungen wird. Nach dem Krieg, sang sie Lieder f\u00fcr den Radiosender <strong>Kol Yisrael<\/strong>.<\/p>\n<p>Der Gro\u00dfteil der Lieder von Yaffa Yarkoni wurden von <strong>Tuli Reviv<\/strong> und <strong>Haim Hefer<\/strong> geschrieben. Sie hat au\u00dferdem auch, einige der ersten Kinderlieder von <strong>Naomi Shemer<\/strong>, gesungen.<\/p>\n<p><img fetchpriority=\"high\" decoding=\"async\" class=\"wp-image-26837 alignleft\" src=\"https:\/\/www.iemj.org\/wp-content\/uploads\/2020\/01\/doc_2_yarkoni.jpg\" alt=\"doc_2_yarkoni.jpg\" width=\"302\" height=\"316\" align=\"middle\" srcset=\"https:\/\/www.iemj.org\/wp-content\/uploads\/2020\/01\/doc_2_yarkoni.jpg 478w, https:\/\/www.iemj.org\/wp-content\/uploads\/2020\/01\/doc_2_yarkoni-287x300.jpg 287w\" sizes=\"(max-width: 302px) 100vw, 302px\" \/><\/p>\n<p>W\u00e4hrend eines Waffenstillstands im Unabh\u00e4ngigkeitskrieg nahm Yarkoni im Studio <strong>Radio Doctor <\/strong>ihr erstes Album auf, welches von der \u00d6ffentlichkeit sehr gut aufgenommen wurde, besonders der rum\u00e4nische Hit <em>Eynayim yeroukot,<\/em> welcher heute f\u00fcr den ersten Pop-Songs Israels gehalten wird. Sp\u00e4ter unterschrieb die S\u00e4ngerin einen Vertrag bei der Plattenfirma <strong>Hed Artzi<\/strong>, welche alle ihre Alben ver\u00f6ffentlichen sollte. Das Album <em>Bab el Wad<\/em> beinhaltet Lieder des Unabh\u00e4ngigkeitskriegs, wie <em>Haamini yom yavo,\u00a0Rabota\u00ef Hahistoria khozeret,\u00a0Hafindjan,\u00a0Khen efschar,\u00a0Doudou,\u00a0Yatzanu at, <\/em>welche die \u00d6ffentlichkeit als Yaffa Yarkonis eigenen Werke wahrnahm, wenn auch schon viele der Lieder zuvor, von der \u201eTchizbatron\u201c-Truppe aufgef\u00fchrt worden war.<\/p>\n<p>In den 1950er-1960er Jahren wurde Yaffa Yarkoni zu einer Nummer-1-S\u00e4ngerin Israels, insbesondere mit Lieder, welche im Radio gesendet wurden und den Staat Israel preisten (<em>Baarvot Hanegev, Hasavta baNegev<\/em> (Text: Avchalom Cohen, 1948)).<\/p>\n<p>Ihr gr\u00f6\u00dfter Erfolg erfolgte im Jahr 1951 mit Balladen, Walzern und Tangos, welche die Tanzveranstaltungen in den Caf\u00e9s der damaligen Zeit begleiteten.<\/p>\n<p>1959 wurde das Album Nirkoda im Yaffa Yarkoni ver\u00f6ffentlicht, auf welcher verschiedene Lieder enthalten sind, darunter <em>Habibi, Artzenu haktantonet<\/em> und <em>Skharkhoret<\/em>. Die Boulevardpresse unterstellte ihr oft, in einem Konkurrenzkampf mit einer anderen bekannten S\u00e4ngerin der damaligen Zeit zu stehen, <strong>Shoshana Damari.<\/strong><\/p>\n<p><img decoding=\"async\" class=\"wp-image-26839 alignright\" src=\"https:\/\/www.iemj.org\/wp-content\/uploads\/2020\/01\/doc_3_yarkoni.jpg\" alt=\"doc_3_yarkoni.jpg\" width=\"275\" height=\"288\" align=\"middle\" srcset=\"https:\/\/www.iemj.org\/wp-content\/uploads\/2020\/01\/doc_3_yarkoni.jpg 478w, https:\/\/www.iemj.org\/wp-content\/uploads\/2020\/01\/doc_3_yarkoni-287x300.jpg 287w\" sizes=\"(max-width: 275px) 100vw, 275px\" \/><\/p>\n<p>Noch in den f\u00fcnfziger Jahren, nahm sie einige Alben f\u00fcr Kinder auf, von denen zwei besonders erfolgreich waren: <em>Chirey yeladim kevakachatkh<\/em>, mit den Liedern <em>Agala im soussa<\/em> (bereits im Jahr 1948 aufgenommen) und <em>Doubon Yambo\/Youmbo<\/em>, geschrieben von Yekhiel Mohar, sowie das Album <em>Chirim miKineret<\/em> (1957) mit Liedern von Naomi Shemer, einer Komponistin und Dichterin aus Kvoutzat Kinneret (einem Kibbuz in Galil\u00e4a), die damals noch am Anfang ihrer Musikkarriere stand. Yaffa Yarkoni nahm anschlie\u00dfend noch ein weiteres Album f\u00fcr Kinder auf, auf welchem der Hit <em>Abba cheli<\/em>, mit Texten von Talma Eligon, enthalten ist.<\/p>\n<p>Sie verstarb am 1. Januar 2012 im Krankenhaus Re\u2019out in Tel Aviv, an der Alzheimer-Krankheit, deren erste Symptome bereits 2001 aufgetreten waren und sich 2008 verschlimmert hatten. Yaffa Yarkoni hinterlie\u00df drei T\u00f6chter, acht Enkelkinder und acht Urenkelkinder.<\/p>\n<p><strong>Quellen<\/strong> :<br \/>\n&#8211; Wikipedia : <a href=\"https:\/\/de.wikipedia.org\/wiki\/Yafa_Yarkoni\" target=\"_blank\" rel=\"noopener\">https:\/\/de.wikipedia.org\/wiki\/Yafa_Yarkoni<\/a><br \/>\n&#8211; CRIF : <a href=\"http:\/\/www.crif.org\/fr\/actualites\/Israel-deces-de-Yaffa-Yarkoni28706\">http:\/\/www.crif.org\/fr\/actualites\/Israel-deces-de-Yaffa-Yarkoni28706<\/a><br \/>\n&#8211; <a href=\"https:\/\/jwa.org\/encyclopedia\/article\/yarkoni-yaffa\">https:\/\/jwa.org\/encyclopedia\/article\/yarkoni-yaffa<\/a><\/p>\n<p><a href=\"https:\/\/www.iemj.org\/de\/yaffa-yarkoni\/\" target=\"_blank\" rel=\"noopener\">H\u00f6ren Sie sich die Yaffa Yarkoni gewidmete Playlist an<\/a><\/p>\n<p><a href=\"http:\/\/www.rachelnet.net\/F\/?func=find-c&amp;ccl_term=WRD%3DYaffa+Yarkoni&amp;local_base=iemcg&amp;x=14&amp;y=7\" target=\"_blank\" rel=\"noopener\">Greifen Sie auf unsere Archive \u00fcber\u00a0<strong>Yaffa Yarkoni<\/strong> zu<\/a><\/p>\n","protected":false},"excerpt":{"rendered":"<p>Yaffa Yarkoni wurde 1925 in Givatayim, im Mandatsgebiet Pal\u00e4stina geboren. Eines ihrer wohl bekanntesten Lieder ist Bab-el-Oued (1948), welches den w\u00e4hrend dem Unabh\u00e4ngigkeitskrieges gefallenen israelischen Soldaten gewidmet ist. Yaffa Yarkoni<\/p>\n","protected":false},"author":1052,"featured_media":53589,"comment_status":"closed","ping_status":"closed","sticky":false,"template":"","format":"standard","meta":{"_acf_changed":false,"footnotes":""},"categories":[1415],"tags":[2088],"technique":[],"squelettes":[],"sujet":[],"formation":[],"genre":[1880],"fonds":[],"tradition":[],"type-de-contenu":[],"interprete-compositeur":[],"frise":[],"type-devenement":[],"tableaux-liens-externes":[],"class_list":["post-71323","post","type-post","status-publish","format-standard","has-post-thumbnail","hentry","category-biografien-de","tag-israel-de","genre-israellied-de"],"acf":[],"yoast_head":"<!-- This site is optimized with the Yoast SEO plugin v27.3 - https:\/\/yoast.com\/product\/yoast-seo-wordpress\/ -->\n<title>Yarkoni, Yaffa (1925-2012) - Institut Europ\u00e9en des Musiques Juives<\/title>\n<meta name=\"robots\" content=\"index, follow, max-snippet:-1, max-image-preview:large, max-video-preview:-1\" \/>\n<link rel=\"canonical\" href=\"https:\/\/www.iemj.org\/de\/yarkoni-yaffa-1925-2012\/\" \/>\n<meta property=\"og:locale\" content=\"de_DE\" \/>\n<meta property=\"og:type\" content=\"article\" \/>\n<meta property=\"og:title\" content=\"Yarkoni, Yaffa (1925-2012) - Institut Europ\u00e9en des Musiques Juives\" \/>\n<meta property=\"og:description\" content=\"Yaffa Yarkoni wurde 1925 in Givatayim, im Mandatsgebiet Pal\u00e4stina geboren. Eines ihrer wohl bekanntesten Lieder ist Bab-el-Oued (1948), welches den w\u00e4hrend dem Unabh\u00e4ngigkeitskrieges gefallenen israelischen Soldaten gewidmet ist. Yaffa Yarkoni\" \/>\n<meta property=\"og:url\" content=\"https:\/\/www.iemj.org\/de\/yarkoni-yaffa-1925-2012\/\" \/>\n<meta property=\"og:site_name\" content=\"Institut Europ\u00e9en des Musiques Juives\" \/>\n<meta property=\"article:publisher\" content=\"https:\/\/www.facebook.com\/MusiquesJuives\/\" \/>\n<meta property=\"article:published_time\" content=\"2020-01-27T10:20:20+00:00\" \/>\n<meta property=\"article:modified_time\" content=\"2021-11-16T15:29:20+00:00\" \/>\n<meta property=\"og:image\" content=\"https:\/\/www.iemj.org\/wp-content\/uploads\/2020\/01\/arton4506-e1625476264608.jpg\" \/>\n\t<meta property=\"og:image:width\" content=\"221\" \/>\n\t<meta property=\"og:image:height\" content=\"218\" \/>\n\t<meta property=\"og:image:type\" content=\"image\/jpeg\" \/>\n<meta name=\"author\" content=\"Lea Couderc\" \/>\n<meta name=\"twitter:card\" content=\"summary_large_image\" \/>\n<meta name=\"twitter:label1\" content=\"Verfasst von\" \/>\n\t<meta name=\"twitter:data1\" content=\"Lea Couderc\" \/>\n\t<meta name=\"twitter:label2\" content=\"Gesch\u00e4tzte Lesezeit\" \/>\n\t<meta name=\"twitter:data2\" content=\"4\u00a0Minuten\" \/>\n<script type=\"application\/ld+json\" class=\"yoast-schema-graph\">{\"@context\":\"https:\\\/\\\/schema.org\",\"@graph\":[{\"@type\":\"Article\",\"@id\":\"https:\\\/\\\/www.iemj.org\\\/de\\\/yarkoni-yaffa-1925-2012\\\/#article\",\"isPartOf\":{\"@id\":\"https:\\\/\\\/www.iemj.org\\\/de\\\/yarkoni-yaffa-1925-2012\\\/\"},\"author\":{\"name\":\"Lea Couderc\",\"@id\":\"https:\\\/\\\/www.iemj.org\\\/de\\\/#\\\/schema\\\/person\\\/e2ad57f2c4be119c7ed8ab79036807a9\"},\"headline\":\"Yarkoni, Yaffa (1925-2012)\",\"datePublished\":\"2020-01-27T10:20:20+00:00\",\"dateModified\":\"2021-11-16T15:29:20+00:00\",\"mainEntityOfPage\":{\"@id\":\"https:\\\/\\\/www.iemj.org\\\/de\\\/yarkoni-yaffa-1925-2012\\\/\"},\"wordCount\":699,\"publisher\":{\"@id\":\"https:\\\/\\\/www.iemj.org\\\/de\\\/#organization\"},\"image\":{\"@id\":\"https:\\\/\\\/www.iemj.org\\\/de\\\/yarkoni-yaffa-1925-2012\\\/#primaryimage\"},\"thumbnailUrl\":\"https:\\\/\\\/www.iemj.org\\\/wp-content\\\/uploads\\\/2020\\\/01\\\/arton4506-e1625476264608.jpg\",\"keywords\":[\"Israel\"],\"articleSection\":[\"Biografien\"],\"inLanguage\":\"de\"},{\"@type\":\"WebPage\",\"@id\":\"https:\\\/\\\/www.iemj.org\\\/de\\\/yarkoni-yaffa-1925-2012\\\/\",\"url\":\"https:\\\/\\\/www.iemj.org\\\/de\\\/yarkoni-yaffa-1925-2012\\\/\",\"name\":\"Yarkoni, Yaffa (1925-2012) - Institut Europ\u00e9en des Musiques Juives\",\"isPartOf\":{\"@id\":\"https:\\\/\\\/www.iemj.org\\\/de\\\/#website\"},\"primaryImageOfPage\":{\"@id\":\"https:\\\/\\\/www.iemj.org\\\/de\\\/yarkoni-yaffa-1925-2012\\\/#primaryimage\"},\"image\":{\"@id\":\"https:\\\/\\\/www.iemj.org\\\/de\\\/yarkoni-yaffa-1925-2012\\\/#primaryimage\"},\"thumbnailUrl\":\"https:\\\/\\\/www.iemj.org\\\/wp-content\\\/uploads\\\/2020\\\/01\\\/arton4506-e1625476264608.jpg\",\"datePublished\":\"2020-01-27T10:20:20+00:00\",\"dateModified\":\"2021-11-16T15:29:20+00:00\",\"breadcrumb\":{\"@id\":\"https:\\\/\\\/www.iemj.org\\\/de\\\/yarkoni-yaffa-1925-2012\\\/#breadcrumb\"},\"inLanguage\":\"de\",\"potentialAction\":[{\"@type\":\"ReadAction\",\"target\":[\"https:\\\/\\\/www.iemj.org\\\/de\\\/yarkoni-yaffa-1925-2012\\\/\"]}]},{\"@type\":\"ImageObject\",\"inLanguage\":\"de\",\"@id\":\"https:\\\/\\\/www.iemj.org\\\/de\\\/yarkoni-yaffa-1925-2012\\\/#primaryimage\",\"url\":\"https:\\\/\\\/www.iemj.org\\\/wp-content\\\/uploads\\\/2020\\\/01\\\/arton4506-e1625476264608.jpg\",\"contentUrl\":\"https:\\\/\\\/www.iemj.org\\\/wp-content\\\/uploads\\\/2020\\\/01\\\/arton4506-e1625476264608.jpg\",\"width\":221,\"height\":218},{\"@type\":\"BreadcrumbList\",\"@id\":\"https:\\\/\\\/www.iemj.org\\\/de\\\/yarkoni-yaffa-1925-2012\\\/#breadcrumb\",\"itemListElement\":[{\"@type\":\"ListItem\",\"position\":1,\"name\":\"Accueil\",\"item\":\"https:\\\/\\\/www.iemj.org\\\/de\\\/\"},{\"@type\":\"ListItem\",\"position\":2,\"name\":\"Yarkoni, Yaffa (1925-2012)\"}]},{\"@type\":\"WebSite\",\"@id\":\"https:\\\/\\\/www.iemj.org\\\/de\\\/#website\",\"url\":\"https:\\\/\\\/www.iemj.org\\\/de\\\/\",\"name\":\"Institut Europ\u00e9en des Musiques Juives\",\"description\":\"Des traditions musicales \u00e0 la port\u00e9e de tous\",\"publisher\":{\"@id\":\"https:\\\/\\\/www.iemj.org\\\/de\\\/#organization\"},\"potentialAction\":[{\"@type\":\"SearchAction\",\"target\":{\"@type\":\"EntryPoint\",\"urlTemplate\":\"https:\\\/\\\/www.iemj.org\\\/de\\\/?s={search_term_string}\"},\"query-input\":{\"@type\":\"PropertyValueSpecification\",\"valueRequired\":true,\"valueName\":\"search_term_string\"}}],\"inLanguage\":\"de\"},{\"@type\":\"Organization\",\"@id\":\"https:\\\/\\\/www.iemj.org\\\/de\\\/#organization\",\"name\":\"Institut Europ\u00e9en des Musiques Juives\",\"url\":\"https:\\\/\\\/www.iemj.org\\\/de\\\/\",\"logo\":{\"@type\":\"ImageObject\",\"inLanguage\":\"de\",\"@id\":\"https:\\\/\\\/www.iemj.org\\\/de\\\/#\\\/schema\\\/logo\\\/image\\\/\",\"url\":\"https:\\\/\\\/www.iemj.org\\\/wp-content\\\/uploads\\\/2021\\\/09\\\/Logo-IEMJ-Paypal.jpg\",\"contentUrl\":\"https:\\\/\\\/www.iemj.org\\\/wp-content\\\/uploads\\\/2021\\\/09\\\/Logo-IEMJ-Paypal.jpg\",\"width\":150,\"height\":50,\"caption\":\"Institut Europ\u00e9en des Musiques Juives\"},\"image\":{\"@id\":\"https:\\\/\\\/www.iemj.org\\\/de\\\/#\\\/schema\\\/logo\\\/image\\\/\"},\"sameAs\":[\"https:\\\/\\\/www.facebook.com\\\/MusiquesJuives\\\/\",\"https:\\\/\\\/www.instagram.com\\\/musiquesjuives\\\/\",\"https:\\\/\\\/www.youtube.com\\\/user\\\/musiquesjuives\"]},{\"@type\":\"Person\",\"@id\":\"https:\\\/\\\/www.iemj.org\\\/de\\\/#\\\/schema\\\/person\\\/e2ad57f2c4be119c7ed8ab79036807a9\",\"name\":\"Lea Couderc\",\"image\":{\"@type\":\"ImageObject\",\"inLanguage\":\"de\",\"@id\":\"https:\\\/\\\/secure.gravatar.com\\\/avatar\\\/46ee021475d60aeff17a7e490b79dea5a5684bb392ab7fd1494027411df8ba23?s=96&d=mm&r=g\",\"url\":\"https:\\\/\\\/secure.gravatar.com\\\/avatar\\\/46ee021475d60aeff17a7e490b79dea5a5684bb392ab7fd1494027411df8ba23?s=96&d=mm&r=g\",\"contentUrl\":\"https:\\\/\\\/secure.gravatar.com\\\/avatar\\\/46ee021475d60aeff17a7e490b79dea5a5684bb392ab7fd1494027411df8ba23?s=96&d=mm&r=g\",\"caption\":\"Lea Couderc\"}}]}<\/script>\n<!-- \/ Yoast SEO plugin. -->","yoast_head_json":{"title":"Yarkoni, Yaffa (1925-2012) - Institut Europ\u00e9en des Musiques Juives","robots":{"index":"index","follow":"follow","max-snippet":"max-snippet:-1","max-image-preview":"max-image-preview:large","max-video-preview":"max-video-preview:-1"},"canonical":"https:\/\/www.iemj.org\/de\/yarkoni-yaffa-1925-2012\/","og_locale":"de_DE","og_type":"article","og_title":"Yarkoni, Yaffa (1925-2012) - Institut Europ\u00e9en des Musiques Juives","og_description":"Yaffa Yarkoni wurde 1925 in Givatayim, im Mandatsgebiet Pal\u00e4stina geboren. Eines ihrer wohl bekanntesten Lieder ist Bab-el-Oued (1948), welches den w\u00e4hrend dem Unabh\u00e4ngigkeitskrieges gefallenen israelischen Soldaten gewidmet ist. Yaffa Yarkoni","og_url":"https:\/\/www.iemj.org\/de\/yarkoni-yaffa-1925-2012\/","og_site_name":"Institut Europ\u00e9en des Musiques Juives","article_publisher":"https:\/\/www.facebook.com\/MusiquesJuives\/","article_published_time":"2020-01-27T10:20:20+00:00","article_modified_time":"2021-11-16T15:29:20+00:00","og_image":[{"width":221,"height":218,"url":"https:\/\/www.iemj.org\/wp-content\/uploads\/2020\/01\/arton4506-e1625476264608.jpg","type":"image\/jpeg"}],"author":"Lea Couderc","twitter_card":"summary_large_image","twitter_misc":{"Verfasst von":"Lea Couderc","Gesch\u00e4tzte Lesezeit":"4\u00a0Minuten"},"schema":{"@context":"https:\/\/schema.org","@graph":[{"@type":"Article","@id":"https:\/\/www.iemj.org\/de\/yarkoni-yaffa-1925-2012\/#article","isPartOf":{"@id":"https:\/\/www.iemj.org\/de\/yarkoni-yaffa-1925-2012\/"},"author":{"name":"Lea Couderc","@id":"https:\/\/www.iemj.org\/de\/#\/schema\/person\/e2ad57f2c4be119c7ed8ab79036807a9"},"headline":"Yarkoni, Yaffa (1925-2012)","datePublished":"2020-01-27T10:20:20+00:00","dateModified":"2021-11-16T15:29:20+00:00","mainEntityOfPage":{"@id":"https:\/\/www.iemj.org\/de\/yarkoni-yaffa-1925-2012\/"},"wordCount":699,"publisher":{"@id":"https:\/\/www.iemj.org\/de\/#organization"},"image":{"@id":"https:\/\/www.iemj.org\/de\/yarkoni-yaffa-1925-2012\/#primaryimage"},"thumbnailUrl":"https:\/\/www.iemj.org\/wp-content\/uploads\/2020\/01\/arton4506-e1625476264608.jpg","keywords":["Israel"],"articleSection":["Biografien"],"inLanguage":"de"},{"@type":"WebPage","@id":"https:\/\/www.iemj.org\/de\/yarkoni-yaffa-1925-2012\/","url":"https:\/\/www.iemj.org\/de\/yarkoni-yaffa-1925-2012\/","name":"Yarkoni, Yaffa (1925-2012) - Institut Europ\u00e9en des Musiques Juives","isPartOf":{"@id":"https:\/\/www.iemj.org\/de\/#website"},"primaryImageOfPage":{"@id":"https:\/\/www.iemj.org\/de\/yarkoni-yaffa-1925-2012\/#primaryimage"},"image":{"@id":"https:\/\/www.iemj.org\/de\/yarkoni-yaffa-1925-2012\/#primaryimage"},"thumbnailUrl":"https:\/\/www.iemj.org\/wp-content\/uploads\/2020\/01\/arton4506-e1625476264608.jpg","datePublished":"2020-01-27T10:20:20+00:00","dateModified":"2021-11-16T15:29:20+00:00","breadcrumb":{"@id":"https:\/\/www.iemj.org\/de\/yarkoni-yaffa-1925-2012\/#breadcrumb"},"inLanguage":"de","potentialAction":[{"@type":"ReadAction","target":["https:\/\/www.iemj.org\/de\/yarkoni-yaffa-1925-2012\/"]}]},{"@type":"ImageObject","inLanguage":"de","@id":"https:\/\/www.iemj.org\/de\/yarkoni-yaffa-1925-2012\/#primaryimage","url":"https:\/\/www.iemj.org\/wp-content\/uploads\/2020\/01\/arton4506-e1625476264608.jpg","contentUrl":"https:\/\/www.iemj.org\/wp-content\/uploads\/2020\/01\/arton4506-e1625476264608.jpg","width":221,"height":218},{"@type":"BreadcrumbList","@id":"https:\/\/www.iemj.org\/de\/yarkoni-yaffa-1925-2012\/#breadcrumb","itemListElement":[{"@type":"ListItem","position":1,"name":"Accueil","item":"https:\/\/www.iemj.org\/de\/"},{"@type":"ListItem","position":2,"name":"Yarkoni, Yaffa (1925-2012)"}]},{"@type":"WebSite","@id":"https:\/\/www.iemj.org\/de\/#website","url":"https:\/\/www.iemj.org\/de\/","name":"Institut Europ\u00e9en des Musiques Juives","description":"Des traditions musicales \u00e0 la port\u00e9e de tous","publisher":{"@id":"https:\/\/www.iemj.org\/de\/#organization"},"potentialAction":[{"@type":"SearchAction","target":{"@type":"EntryPoint","urlTemplate":"https:\/\/www.iemj.org\/de\/?s={search_term_string}"},"query-input":{"@type":"PropertyValueSpecification","valueRequired":true,"valueName":"search_term_string"}}],"inLanguage":"de"},{"@type":"Organization","@id":"https:\/\/www.iemj.org\/de\/#organization","name":"Institut Europ\u00e9en des Musiques Juives","url":"https:\/\/www.iemj.org\/de\/","logo":{"@type":"ImageObject","inLanguage":"de","@id":"https:\/\/www.iemj.org\/de\/#\/schema\/logo\/image\/","url":"https:\/\/www.iemj.org\/wp-content\/uploads\/2021\/09\/Logo-IEMJ-Paypal.jpg","contentUrl":"https:\/\/www.iemj.org\/wp-content\/uploads\/2021\/09\/Logo-IEMJ-Paypal.jpg","width":150,"height":50,"caption":"Institut Europ\u00e9en des Musiques Juives"},"image":{"@id":"https:\/\/www.iemj.org\/de\/#\/schema\/logo\/image\/"},"sameAs":["https:\/\/www.facebook.com\/MusiquesJuives\/","https:\/\/www.instagram.com\/musiquesjuives\/","https:\/\/www.youtube.com\/user\/musiquesjuives"]},{"@type":"Person","@id":"https:\/\/www.iemj.org\/de\/#\/schema\/person\/e2ad57f2c4be119c7ed8ab79036807a9","name":"Lea Couderc","image":{"@type":"ImageObject","inLanguage":"de","@id":"https:\/\/secure.gravatar.com\/avatar\/46ee021475d60aeff17a7e490b79dea5a5684bb392ab7fd1494027411df8ba23?s=96&d=mm&r=g","url":"https:\/\/secure.gravatar.com\/avatar\/46ee021475d60aeff17a7e490b79dea5a5684bb392ab7fd1494027411df8ba23?s=96&d=mm&r=g","contentUrl":"https:\/\/secure.gravatar.com\/avatar\/46ee021475d60aeff17a7e490b79dea5a5684bb392ab7fd1494027411df8ba23?s=96&d=mm&r=g","caption":"Lea Couderc"}}]}},"_links":{"self":[{"href":"https:\/\/www.iemj.org\/de\/wp-json\/wp\/v2\/posts\/71323","targetHints":{"allow":["GET"]}}],"collection":[{"href":"https:\/\/www.iemj.org\/de\/wp-json\/wp\/v2\/posts"}],"about":[{"href":"https:\/\/www.iemj.org\/de\/wp-json\/wp\/v2\/types\/post"}],"author":[{"embeddable":true,"href":"https:\/\/www.iemj.org\/de\/wp-json\/wp\/v2\/users\/1052"}],"replies":[{"embeddable":true,"href":"https:\/\/www.iemj.org\/de\/wp-json\/wp\/v2\/comments?post=71323"}],"version-history":[{"count":0,"href":"https:\/\/www.iemj.org\/de\/wp-json\/wp\/v2\/posts\/71323\/revisions"}],"wp:featuredmedia":[{"embeddable":true,"href":"https:\/\/www.iemj.org\/de\/wp-json\/wp\/v2\/media\/53589"}],"wp:attachment":[{"href":"https:\/\/www.iemj.org\/de\/wp-json\/wp\/v2\/media?parent=71323"}],"wp:term":[{"taxonomy":"category","embeddable":true,"href":"https:\/\/www.iemj.org\/de\/wp-json\/wp\/v2\/categories?post=71323"},{"taxonomy":"post_tag","embeddable":true,"href":"https:\/\/www.iemj.org\/de\/wp-json\/wp\/v2\/tags?post=71323"},{"taxonomy":"technique","embeddable":true,"href":"https:\/\/www.iemj.org\/de\/wp-json\/wp\/v2\/technique?post=71323"},{"taxonomy":"squelettes","embeddable":true,"href":"https:\/\/www.iemj.org\/de\/wp-json\/wp\/v2\/squelettes?post=71323"},{"taxonomy":"sujet","embeddable":true,"href":"https:\/\/www.iemj.org\/de\/wp-json\/wp\/v2\/sujet?post=71323"},{"taxonomy":"formation","embeddable":true,"href":"https:\/\/www.iemj.org\/de\/wp-json\/wp\/v2\/formation?post=71323"},{"taxonomy":"genre","embeddable":true,"href":"https:\/\/www.iemj.org\/de\/wp-json\/wp\/v2\/genre?post=71323"},{"taxonomy":"fonds","embeddable":true,"href":"https:\/\/www.iemj.org\/de\/wp-json\/wp\/v2\/fonds?post=71323"},{"taxonomy":"tradition","embeddable":true,"href":"https:\/\/www.iemj.org\/de\/wp-json\/wp\/v2\/tradition?post=71323"},{"taxonomy":"type-de-contenu","embeddable":true,"href":"https:\/\/www.iemj.org\/de\/wp-json\/wp\/v2\/type-de-contenu?post=71323"},{"taxonomy":"interprete-compositeur","embeddable":true,"href":"https:\/\/www.iemj.org\/de\/wp-json\/wp\/v2\/interprete-compositeur?post=71323"},{"taxonomy":"frise","embeddable":true,"href":"https:\/\/www.iemj.org\/de\/wp-json\/wp\/v2\/frise?post=71323"},{"taxonomy":"type-devenement","embeddable":true,"href":"https:\/\/www.iemj.org\/de\/wp-json\/wp\/v2\/type-devenement?post=71323"},{"taxonomy":"tableaux-liens-externes","embeddable":true,"href":"https:\/\/www.iemj.org\/de\/wp-json\/wp\/v2\/tableaux-liens-externes?post=71323"}],"curies":[{"name":"wp","href":"https:\/\/api.w.org\/{rel}","templated":true}]}}