{"id":71358,"date":"2016-12-20T11:42:48","date_gmt":"2016-12-20T10:42:48","guid":{"rendered":"https:\/\/www.iemj.org\/hanouka-la-selection-musicale-de-liemj-2eme-partie\/"},"modified":"2025-06-19T12:18:55","modified_gmt":"2025-06-19T10:18:55","slug":"hanouka-la-selection-musicale-de-liemj-2eme-partie","status":"publish","type":"post","link":"https:\/\/www.iemj.org\/de\/hanouka-la-selection-musicale-de-liemj-2eme-partie\/","title":{"rendered":"Chanukka: eine musikalische auswahl des IEMJ, 2. teil"},"content":{"rendered":"<p><strong>Chanukka ist eine Zeit des Gesangs und der Freude.<\/strong><br \/><strong>Hier ist eine Auswahl an Liedern zum Anh\u00f6ren\u2026 oder zum Mitsingen<\/strong><\/p>\n<p><!--more--><\/p>\n<p>Chanukka bedeutet \u201eEinweihung\u201c auf Hebr\u00e4isch und erinnnert an die Neueinweihung des Alters im Zweiten Tempel in Jerusalem. Der \u00dcberlieferung nach, fanden die Priester, nach der Pl\u00fcnderung und Sch\u00e4ndung durch die Seleukiden, eine kleine Phiole mit genug heiligem \u00d6l darin, um den Tempel f\u00fcr einen Tag zu beleuchten. So kam es zum Wunder von Chanukka: die kleine Menge \u00d6l brannte acht Tage, welcher der Beleuchtung und Reinigung des Tempels in Jerusalem dienten.<\/p>\n<p>Chanukka wird auch \u201eLichterfest\u201c genannt und ist das Lieblingsfest der Kinder. Acht Tage lang z\u00fcndet man Kerzen an, man isst Latkes und S\u00fc\u00dfigkeiten, beschenkt sich gegenseitig und singt Lieder mit der Familie.<\/p>\n<p><img fetchpriority=\"high\" decoding=\"async\" class=\"size-full wp-image-12548 alignright\" src=\"https:\/\/www.iemj.org\/wp-content\/uploads\/2016\/12\/doc_2_hanouka_500px70-2.jpg\" alt=\"doc_2_hanouka_500px70-2.jpg\" width=\"350\" height=\"273\" align=\"middle\" srcset=\"https:\/\/www.iemj.org\/wp-content\/uploads\/2016\/12\/doc_2_hanouka_500px70-2.jpg 350w, https:\/\/www.iemj.org\/wp-content\/uploads\/2016\/12\/doc_2_hanouka_500px70-2-300x234.jpg 300w\" sizes=\"(max-width: 350px) 100vw, 350px\" \/><\/p>\n<p><a href=\"https:\/\/www.iemj.org\/de\/hanouka-la-selection-musicale-de-liemj-1ere-partie\/\" target=\"_blank\" rel=\"noopener\">H\u00f6ren Sie sich die Playlist an: Chanukka (1. Teil)<\/a><br \/><a href=\"https:\/\/www.iemj.org\/de\/chanukah-voices-of-lights\/\" target=\"_blank\" rel=\"noopener\">H\u00f6ren Sie sich die von Herv\u00e9 Roten pr\u00e4sentierte Radiosendung an: <em>Hanouka, voix de lumi\u00e8re <\/em>(auf Franz\u00f6sisch)<\/a><br \/><a href=\"https:\/\/www.iemj.org\/de\/hidden-sides-of-jewish-music-chanukah\/\" target=\"_blank\" rel=\"noopener\">H\u00f6ren Sie sich die von H\u00e9l\u00e8ne Engel pr\u00e4sentierte Radiosendung an: <em>Les faces cach\u00e9es de la musique juive : Chanuka <\/em>(auf Franz\u00f6sisch)<\/a><\/p>\n\n\n<h2 class=\"wp-block-heading\"><\/h2>\n\n\n\n<div class=\"wp-block-file\"><a id=\"wp-block-file--media-32f64215-6841-4b8c-8e1a-69f5d8ee9b1f\" href=\"https:\/\/www.iemj.org\/wp-content\/uploads\/2016\/12\/banu_choshech_legaresh_-_efrat_ben_israel.mp3\">Banu Choshech Legaresh &#8211; Efrat Ben ISRAEL<\/a><\/div>\n\n\n<div class=\"wp-block-image\">\n<figure class=\"aligncenter size-large\"><img decoding=\"async\" width=\"1024\" height=\"133\" src=\"https:\/\/www.iemj.org\/wp-content\/uploads\/2024\/03\/AUDIO-PLAYER-1024x133.png\" alt=\"\" class=\"wp-image-110606\" srcset=\"https:\/\/www.iemj.org\/wp-content\/uploads\/2024\/03\/AUDIO-PLAYER-1024x133.png 1024w, https:\/\/www.iemj.org\/wp-content\/uploads\/2024\/03\/AUDIO-PLAYER-300x39.png 300w, https:\/\/www.iemj.org\/wp-content\/uploads\/2024\/03\/AUDIO-PLAYER-768x100.png 768w, https:\/\/www.iemj.org\/wp-content\/uploads\/2024\/03\/AUDIO-PLAYER-600x78.png 600w, https:\/\/www.iemj.org\/wp-content\/uploads\/2024\/03\/AUDIO-PLAYER.png 1210w\" sizes=\"(max-width: 1024px) 100vw, 1024px\" \/><\/figure>\n<\/div>\n\n\n<div class=\"wp-block-file\"><a id=\"wp-block-file--media-0083bd4b-bc8f-401a-9d35-23f506628444\" href=\"https:\/\/www.iemj.org\/wp-content\/uploads\/2016\/12\/chanukkah_b_rachot_extrait_-_israel_alter.mp3\">Chanukkah b&#8217;rachot (EXTRAIT) &#8211; Israel ALTER<\/a><\/div>\n\n\n\n<div class=\"wp-block-file\"><a id=\"wp-block-file--media-8435354e-f241-40b8-bb37-34f04fa5d076\" href=\"https:\/\/www.iemj.org\/wp-content\/uploads\/2016\/12\/ha_erev_babayit_-_30_chanukah_songs_for_children.mp3\">Ha\u2019erev babayit &#8211; 30 Chanukah songs for Children<\/a><\/div>\n\n\n\n<div class=\"wp-block-file\"><a id=\"wp-block-file--media-47d4e21f-dff9-4681-b610-625f50ddf94f\" href=\"https:\/\/www.iemj.org\/wp-content\/uploads\/2016\/12\/hanoukiya_li_yesh_extrait_-_chanson_de_hanouka.mp3\">Hanoukiya Li Yesh (EXTRAIT) &#8211; Chanson de Hanouka<\/a><\/div>\n\n\n\n<div class=\"wp-block-file\"><a id=\"wp-block-file--media-de9d9aef-6f01-4867-94fa-79f64a6a878c\" href=\"https:\/\/www.iemj.org\/wp-content\/uploads\/2016\/12\/maoz_tsour_-_marcel_papier.mp3\">Maoz Tsour &#8211; Marcel PAPIER<\/a><\/div>\n\n\n\n<div class=\"wp-block-file\"><a id=\"wp-block-file--media-00e9f76f-c639-450f-a504-16cf02aeb533\" href=\"https:\/\/www.iemj.org\/wp-content\/uploads\/2016\/12\/ner_li_-_30_chanukah_songs_for_children.mp3\">Ner li &#8211; 30 Chanukah songs for Children<\/a><\/div>\n\n\n\n<div class=\"wp-block-file\"><a id=\"wp-block-file--media-f9ab5a0f-e4bb-449f-9af7-68273db2b394\" href=\"https:\/\/www.iemj.org\/wp-content\/uploads\/2016\/12\/sevivon_sov_sov_sov_-_chana_leslau.mp3\">Sevivon Sov Sov Sov &#8211; Chana LESLAU<\/a><\/div>\n\n\n\n<div class=\"wp-block-file\"><a id=\"wp-block-file--media-0cfbf425-0a6e-435c-8446-44adf5cc8f6e\" href=\"https:\/\/www.iemj.org\/wp-content\/uploads\/2016\/12\/simou_chemen_-_marcel_papier.mp3\">Simou chemen &#8211; Marcel PAPIER<\/a><\/div>\n","protected":false},"excerpt":{"rendered":"<p>Chanukka ist eine Zeit des Gesangs und der Freude.Hier ist eine Auswahl an Liedern zum Anh\u00f6ren\u2026 oder zum Mitsingen<\/p>\n","protected":false},"author":1052,"featured_media":71359,"comment_status":"closed","ping_status":"open","sticky":false,"template":"","format":"standard","meta":{"_acf_changed":false,"footnotes":""},"categories":[1534],"tags":[],"technique":[],"squelettes":[],"sujet":[1740],"formation":[],"genre":[1891],"fonds":[],"tradition":[],"type-de-contenu":[],"interprete-compositeur":[],"frise":[],"type-devenement":[],"tableaux-liens-externes":[],"class_list":["post-71358","post","type-post","status-publish","format-standard","has-post-thumbnail","hentry","category-playlists-de","sujet-chanukka-de","genre-liturgie-de"],"acf":[],"yoast_head":"<!-- This site is optimized with the Yoast SEO plugin v27.3 - https:\/\/yoast.com\/product\/yoast-seo-wordpress\/ -->\n<title>Chanukka: eine musikalische auswahl des IEMJ, 2. teil - Institut Europ\u00e9en des Musiques Juives<\/title>\n<meta name=\"robots\" content=\"index, follow, max-snippet:-1, max-image-preview:large, max-video-preview:-1\" \/>\n<link rel=\"canonical\" href=\"https:\/\/www.iemj.org\/de\/hanouka-la-selection-musicale-de-liemj-2eme-partie\/\" \/>\n<meta property=\"og:locale\" content=\"de_DE\" \/>\n<meta property=\"og:type\" content=\"article\" \/>\n<meta property=\"og:title\" content=\"Chanukka: eine musikalische auswahl des IEMJ, 2. teil - Institut Europ\u00e9en des Musiques Juives\" \/>\n<meta property=\"og:description\" content=\"Chanukka ist eine Zeit des Gesangs und der Freude.Hier ist eine Auswahl an Liedern zum Anh\u00f6ren\u2026 oder zum Mitsingen\" \/>\n<meta property=\"og:url\" content=\"https:\/\/www.iemj.org\/de\/hanouka-la-selection-musicale-de-liemj-2eme-partie\/\" \/>\n<meta property=\"og:site_name\" content=\"Institut Europ\u00e9en des Musiques Juives\" \/>\n<meta property=\"article:publisher\" content=\"https:\/\/www.facebook.com\/MusiquesJuives\/\" \/>\n<meta property=\"article:published_time\" content=\"2016-12-20T10:42:48+00:00\" \/>\n<meta property=\"article:modified_time\" content=\"2025-06-19T10:18:55+00:00\" \/>\n<meta property=\"og:image\" content=\"https:\/\/www.iemj.org\/wp-content\/uploads\/2016\/12\/arton2001.jpg\" \/>\n\t<meta property=\"og:image:width\" content=\"500\" \/>\n\t<meta property=\"og:image:height\" content=\"451\" \/>\n\t<meta property=\"og:image:type\" content=\"image\/jpeg\" \/>\n<meta name=\"author\" content=\"Lea Couderc\" \/>\n<meta name=\"twitter:card\" content=\"summary_large_image\" \/>\n<meta name=\"twitter:label1\" content=\"Verfasst von\" \/>\n\t<meta name=\"twitter:data1\" content=\"Lea Couderc\" \/>\n\t<meta name=\"twitter:label2\" content=\"Gesch\u00e4tzte Lesezeit\" \/>\n\t<meta name=\"twitter:data2\" content=\"2\u00a0Minuten\" \/>\n<script type=\"application\/ld+json\" class=\"yoast-schema-graph\">{\"@context\":\"https:\\\/\\\/schema.org\",\"@graph\":[{\"@type\":\"Article\",\"@id\":\"https:\\\/\\\/www.iemj.org\\\/de\\\/hanouka-la-selection-musicale-de-liemj-2eme-partie\\\/#article\",\"isPartOf\":{\"@id\":\"https:\\\/\\\/www.iemj.org\\\/de\\\/hanouka-la-selection-musicale-de-liemj-2eme-partie\\\/\"},\"author\":{\"name\":\"Lea Couderc\",\"@id\":\"https:\\\/\\\/www.iemj.org\\\/de\\\/#\\\/schema\\\/person\\\/e2ad57f2c4be119c7ed8ab79036807a9\"},\"headline\":\"Chanukka: eine musikalische auswahl des IEMJ, 2. teil\",\"datePublished\":\"2016-12-20T10:42:48+00:00\",\"dateModified\":\"2025-06-19T10:18:55+00:00\",\"mainEntityOfPage\":{\"@id\":\"https:\\\/\\\/www.iemj.org\\\/de\\\/hanouka-la-selection-musicale-de-liemj-2eme-partie\\\/\"},\"wordCount\":246,\"publisher\":{\"@id\":\"https:\\\/\\\/www.iemj.org\\\/de\\\/#organization\"},\"image\":{\"@id\":\"https:\\\/\\\/www.iemj.org\\\/de\\\/hanouka-la-selection-musicale-de-liemj-2eme-partie\\\/#primaryimage\"},\"thumbnailUrl\":\"https:\\\/\\\/www.iemj.org\\\/wp-content\\\/uploads\\\/2016\\\/12\\\/arton2001.jpg\",\"articleSection\":[\"Playlists\"],\"inLanguage\":\"de\"},{\"@type\":\"WebPage\",\"@id\":\"https:\\\/\\\/www.iemj.org\\\/de\\\/hanouka-la-selection-musicale-de-liemj-2eme-partie\\\/\",\"url\":\"https:\\\/\\\/www.iemj.org\\\/de\\\/hanouka-la-selection-musicale-de-liemj-2eme-partie\\\/\",\"name\":\"Chanukka: eine musikalische auswahl des IEMJ, 2. teil - Institut Europ\u00e9en des Musiques Juives\",\"isPartOf\":{\"@id\":\"https:\\\/\\\/www.iemj.org\\\/de\\\/#website\"},\"primaryImageOfPage\":{\"@id\":\"https:\\\/\\\/www.iemj.org\\\/de\\\/hanouka-la-selection-musicale-de-liemj-2eme-partie\\\/#primaryimage\"},\"image\":{\"@id\":\"https:\\\/\\\/www.iemj.org\\\/de\\\/hanouka-la-selection-musicale-de-liemj-2eme-partie\\\/#primaryimage\"},\"thumbnailUrl\":\"https:\\\/\\\/www.iemj.org\\\/wp-content\\\/uploads\\\/2016\\\/12\\\/arton2001.jpg\",\"datePublished\":\"2016-12-20T10:42:48+00:00\",\"dateModified\":\"2025-06-19T10:18:55+00:00\",\"breadcrumb\":{\"@id\":\"https:\\\/\\\/www.iemj.org\\\/de\\\/hanouka-la-selection-musicale-de-liemj-2eme-partie\\\/#breadcrumb\"},\"inLanguage\":\"de\",\"potentialAction\":[{\"@type\":\"ReadAction\",\"target\":[\"https:\\\/\\\/www.iemj.org\\\/de\\\/hanouka-la-selection-musicale-de-liemj-2eme-partie\\\/\"]}]},{\"@type\":\"ImageObject\",\"inLanguage\":\"de\",\"@id\":\"https:\\\/\\\/www.iemj.org\\\/de\\\/hanouka-la-selection-musicale-de-liemj-2eme-partie\\\/#primaryimage\",\"url\":\"https:\\\/\\\/www.iemj.org\\\/wp-content\\\/uploads\\\/2016\\\/12\\\/arton2001.jpg\",\"contentUrl\":\"https:\\\/\\\/www.iemj.org\\\/wp-content\\\/uploads\\\/2016\\\/12\\\/arton2001.jpg\",\"width\":500,\"height\":451},{\"@type\":\"BreadcrumbList\",\"@id\":\"https:\\\/\\\/www.iemj.org\\\/de\\\/hanouka-la-selection-musicale-de-liemj-2eme-partie\\\/#breadcrumb\",\"itemListElement\":[{\"@type\":\"ListItem\",\"position\":1,\"name\":\"Accueil\",\"item\":\"https:\\\/\\\/www.iemj.org\\\/de\\\/\"},{\"@type\":\"ListItem\",\"position\":2,\"name\":\"Chanukka: eine musikalische auswahl des IEMJ, 2. teil\"}]},{\"@type\":\"WebSite\",\"@id\":\"https:\\\/\\\/www.iemj.org\\\/de\\\/#website\",\"url\":\"https:\\\/\\\/www.iemj.org\\\/de\\\/\",\"name\":\"Institut Europ\u00e9en des Musiques Juives\",\"description\":\"Des traditions musicales \u00e0 la port\u00e9e de tous\",\"publisher\":{\"@id\":\"https:\\\/\\\/www.iemj.org\\\/de\\\/#organization\"},\"potentialAction\":[{\"@type\":\"SearchAction\",\"target\":{\"@type\":\"EntryPoint\",\"urlTemplate\":\"https:\\\/\\\/www.iemj.org\\\/de\\\/?s={search_term_string}\"},\"query-input\":{\"@type\":\"PropertyValueSpecification\",\"valueRequired\":true,\"valueName\":\"search_term_string\"}}],\"inLanguage\":\"de\"},{\"@type\":\"Organization\",\"@id\":\"https:\\\/\\\/www.iemj.org\\\/de\\\/#organization\",\"name\":\"Institut Europ\u00e9en des Musiques Juives\",\"url\":\"https:\\\/\\\/www.iemj.org\\\/de\\\/\",\"logo\":{\"@type\":\"ImageObject\",\"inLanguage\":\"de\",\"@id\":\"https:\\\/\\\/www.iemj.org\\\/de\\\/#\\\/schema\\\/logo\\\/image\\\/\",\"url\":\"https:\\\/\\\/www.iemj.org\\\/wp-content\\\/uploads\\\/2021\\\/09\\\/Logo-IEMJ-Paypal.jpg\",\"contentUrl\":\"https:\\\/\\\/www.iemj.org\\\/wp-content\\\/uploads\\\/2021\\\/09\\\/Logo-IEMJ-Paypal.jpg\",\"width\":150,\"height\":50,\"caption\":\"Institut Europ\u00e9en des Musiques Juives\"},\"image\":{\"@id\":\"https:\\\/\\\/www.iemj.org\\\/de\\\/#\\\/schema\\\/logo\\\/image\\\/\"},\"sameAs\":[\"https:\\\/\\\/www.facebook.com\\\/MusiquesJuives\\\/\",\"https:\\\/\\\/www.instagram.com\\\/musiquesjuives\\\/\",\"https:\\\/\\\/www.youtube.com\\\/user\\\/musiquesjuives\"]},{\"@type\":\"Person\",\"@id\":\"https:\\\/\\\/www.iemj.org\\\/de\\\/#\\\/schema\\\/person\\\/e2ad57f2c4be119c7ed8ab79036807a9\",\"name\":\"Lea Couderc\",\"image\":{\"@type\":\"ImageObject\",\"inLanguage\":\"de\",\"@id\":\"https:\\\/\\\/secure.gravatar.com\\\/avatar\\\/46ee021475d60aeff17a7e490b79dea5a5684bb392ab7fd1494027411df8ba23?s=96&d=mm&r=g\",\"url\":\"https:\\\/\\\/secure.gravatar.com\\\/avatar\\\/46ee021475d60aeff17a7e490b79dea5a5684bb392ab7fd1494027411df8ba23?s=96&d=mm&r=g\",\"contentUrl\":\"https:\\\/\\\/secure.gravatar.com\\\/avatar\\\/46ee021475d60aeff17a7e490b79dea5a5684bb392ab7fd1494027411df8ba23?s=96&d=mm&r=g\",\"caption\":\"Lea Couderc\"}}]}<\/script>\n<!-- \/ Yoast SEO plugin. -->","yoast_head_json":{"title":"Chanukka: eine musikalische auswahl des IEMJ, 2. teil - Institut Europ\u00e9en des Musiques Juives","robots":{"index":"index","follow":"follow","max-snippet":"max-snippet:-1","max-image-preview":"max-image-preview:large","max-video-preview":"max-video-preview:-1"},"canonical":"https:\/\/www.iemj.org\/de\/hanouka-la-selection-musicale-de-liemj-2eme-partie\/","og_locale":"de_DE","og_type":"article","og_title":"Chanukka: eine musikalische auswahl des IEMJ, 2. teil - Institut Europ\u00e9en des Musiques Juives","og_description":"Chanukka ist eine Zeit des Gesangs und der Freude.Hier ist eine Auswahl an Liedern zum Anh\u00f6ren\u2026 oder zum Mitsingen","og_url":"https:\/\/www.iemj.org\/de\/hanouka-la-selection-musicale-de-liemj-2eme-partie\/","og_site_name":"Institut Europ\u00e9en des Musiques Juives","article_publisher":"https:\/\/www.facebook.com\/MusiquesJuives\/","article_published_time":"2016-12-20T10:42:48+00:00","article_modified_time":"2025-06-19T10:18:55+00:00","og_image":[{"width":500,"height":451,"url":"https:\/\/www.iemj.org\/wp-content\/uploads\/2016\/12\/arton2001.jpg","type":"image\/jpeg"}],"author":"Lea Couderc","twitter_card":"summary_large_image","twitter_misc":{"Verfasst von":"Lea Couderc","Gesch\u00e4tzte Lesezeit":"2\u00a0Minuten"},"schema":{"@context":"https:\/\/schema.org","@graph":[{"@type":"Article","@id":"https:\/\/www.iemj.org\/de\/hanouka-la-selection-musicale-de-liemj-2eme-partie\/#article","isPartOf":{"@id":"https:\/\/www.iemj.org\/de\/hanouka-la-selection-musicale-de-liemj-2eme-partie\/"},"author":{"name":"Lea Couderc","@id":"https:\/\/www.iemj.org\/de\/#\/schema\/person\/e2ad57f2c4be119c7ed8ab79036807a9"},"headline":"Chanukka: eine musikalische auswahl des IEMJ, 2. teil","datePublished":"2016-12-20T10:42:48+00:00","dateModified":"2025-06-19T10:18:55+00:00","mainEntityOfPage":{"@id":"https:\/\/www.iemj.org\/de\/hanouka-la-selection-musicale-de-liemj-2eme-partie\/"},"wordCount":246,"publisher":{"@id":"https:\/\/www.iemj.org\/de\/#organization"},"image":{"@id":"https:\/\/www.iemj.org\/de\/hanouka-la-selection-musicale-de-liemj-2eme-partie\/#primaryimage"},"thumbnailUrl":"https:\/\/www.iemj.org\/wp-content\/uploads\/2016\/12\/arton2001.jpg","articleSection":["Playlists"],"inLanguage":"de"},{"@type":"WebPage","@id":"https:\/\/www.iemj.org\/de\/hanouka-la-selection-musicale-de-liemj-2eme-partie\/","url":"https:\/\/www.iemj.org\/de\/hanouka-la-selection-musicale-de-liemj-2eme-partie\/","name":"Chanukka: eine musikalische auswahl des IEMJ, 2. teil - Institut Europ\u00e9en des Musiques Juives","isPartOf":{"@id":"https:\/\/www.iemj.org\/de\/#website"},"primaryImageOfPage":{"@id":"https:\/\/www.iemj.org\/de\/hanouka-la-selection-musicale-de-liemj-2eme-partie\/#primaryimage"},"image":{"@id":"https:\/\/www.iemj.org\/de\/hanouka-la-selection-musicale-de-liemj-2eme-partie\/#primaryimage"},"thumbnailUrl":"https:\/\/www.iemj.org\/wp-content\/uploads\/2016\/12\/arton2001.jpg","datePublished":"2016-12-20T10:42:48+00:00","dateModified":"2025-06-19T10:18:55+00:00","breadcrumb":{"@id":"https:\/\/www.iemj.org\/de\/hanouka-la-selection-musicale-de-liemj-2eme-partie\/#breadcrumb"},"inLanguage":"de","potentialAction":[{"@type":"ReadAction","target":["https:\/\/www.iemj.org\/de\/hanouka-la-selection-musicale-de-liemj-2eme-partie\/"]}]},{"@type":"ImageObject","inLanguage":"de","@id":"https:\/\/www.iemj.org\/de\/hanouka-la-selection-musicale-de-liemj-2eme-partie\/#primaryimage","url":"https:\/\/www.iemj.org\/wp-content\/uploads\/2016\/12\/arton2001.jpg","contentUrl":"https:\/\/www.iemj.org\/wp-content\/uploads\/2016\/12\/arton2001.jpg","width":500,"height":451},{"@type":"BreadcrumbList","@id":"https:\/\/www.iemj.org\/de\/hanouka-la-selection-musicale-de-liemj-2eme-partie\/#breadcrumb","itemListElement":[{"@type":"ListItem","position":1,"name":"Accueil","item":"https:\/\/www.iemj.org\/de\/"},{"@type":"ListItem","position":2,"name":"Chanukka: eine musikalische auswahl des IEMJ, 2. teil"}]},{"@type":"WebSite","@id":"https:\/\/www.iemj.org\/de\/#website","url":"https:\/\/www.iemj.org\/de\/","name":"Institut Europ\u00e9en des Musiques Juives","description":"Des traditions musicales \u00e0 la port\u00e9e de tous","publisher":{"@id":"https:\/\/www.iemj.org\/de\/#organization"},"potentialAction":[{"@type":"SearchAction","target":{"@type":"EntryPoint","urlTemplate":"https:\/\/www.iemj.org\/de\/?s={search_term_string}"},"query-input":{"@type":"PropertyValueSpecification","valueRequired":true,"valueName":"search_term_string"}}],"inLanguage":"de"},{"@type":"Organization","@id":"https:\/\/www.iemj.org\/de\/#organization","name":"Institut Europ\u00e9en des Musiques Juives","url":"https:\/\/www.iemj.org\/de\/","logo":{"@type":"ImageObject","inLanguage":"de","@id":"https:\/\/www.iemj.org\/de\/#\/schema\/logo\/image\/","url":"https:\/\/www.iemj.org\/wp-content\/uploads\/2021\/09\/Logo-IEMJ-Paypal.jpg","contentUrl":"https:\/\/www.iemj.org\/wp-content\/uploads\/2021\/09\/Logo-IEMJ-Paypal.jpg","width":150,"height":50,"caption":"Institut Europ\u00e9en des Musiques Juives"},"image":{"@id":"https:\/\/www.iemj.org\/de\/#\/schema\/logo\/image\/"},"sameAs":["https:\/\/www.facebook.com\/MusiquesJuives\/","https:\/\/www.instagram.com\/musiquesjuives\/","https:\/\/www.youtube.com\/user\/musiquesjuives"]},{"@type":"Person","@id":"https:\/\/www.iemj.org\/de\/#\/schema\/person\/e2ad57f2c4be119c7ed8ab79036807a9","name":"Lea Couderc","image":{"@type":"ImageObject","inLanguage":"de","@id":"https:\/\/secure.gravatar.com\/avatar\/46ee021475d60aeff17a7e490b79dea5a5684bb392ab7fd1494027411df8ba23?s=96&d=mm&r=g","url":"https:\/\/secure.gravatar.com\/avatar\/46ee021475d60aeff17a7e490b79dea5a5684bb392ab7fd1494027411df8ba23?s=96&d=mm&r=g","contentUrl":"https:\/\/secure.gravatar.com\/avatar\/46ee021475d60aeff17a7e490b79dea5a5684bb392ab7fd1494027411df8ba23?s=96&d=mm&r=g","caption":"Lea Couderc"}}]}},"_links":{"self":[{"href":"https:\/\/www.iemj.org\/de\/wp-json\/wp\/v2\/posts\/71358","targetHints":{"allow":["GET"]}}],"collection":[{"href":"https:\/\/www.iemj.org\/de\/wp-json\/wp\/v2\/posts"}],"about":[{"href":"https:\/\/www.iemj.org\/de\/wp-json\/wp\/v2\/types\/post"}],"author":[{"embeddable":true,"href":"https:\/\/www.iemj.org\/de\/wp-json\/wp\/v2\/users\/1052"}],"replies":[{"embeddable":true,"href":"https:\/\/www.iemj.org\/de\/wp-json\/wp\/v2\/comments?post=71358"}],"version-history":[{"count":0,"href":"https:\/\/www.iemj.org\/de\/wp-json\/wp\/v2\/posts\/71358\/revisions"}],"wp:featuredmedia":[{"embeddable":true,"href":"https:\/\/www.iemj.org\/de\/wp-json\/wp\/v2\/media\/71359"}],"wp:attachment":[{"href":"https:\/\/www.iemj.org\/de\/wp-json\/wp\/v2\/media?parent=71358"}],"wp:term":[{"taxonomy":"category","embeddable":true,"href":"https:\/\/www.iemj.org\/de\/wp-json\/wp\/v2\/categories?post=71358"},{"taxonomy":"post_tag","embeddable":true,"href":"https:\/\/www.iemj.org\/de\/wp-json\/wp\/v2\/tags?post=71358"},{"taxonomy":"technique","embeddable":true,"href":"https:\/\/www.iemj.org\/de\/wp-json\/wp\/v2\/technique?post=71358"},{"taxonomy":"squelettes","embeddable":true,"href":"https:\/\/www.iemj.org\/de\/wp-json\/wp\/v2\/squelettes?post=71358"},{"taxonomy":"sujet","embeddable":true,"href":"https:\/\/www.iemj.org\/de\/wp-json\/wp\/v2\/sujet?post=71358"},{"taxonomy":"formation","embeddable":true,"href":"https:\/\/www.iemj.org\/de\/wp-json\/wp\/v2\/formation?post=71358"},{"taxonomy":"genre","embeddable":true,"href":"https:\/\/www.iemj.org\/de\/wp-json\/wp\/v2\/genre?post=71358"},{"taxonomy":"fonds","embeddable":true,"href":"https:\/\/www.iemj.org\/de\/wp-json\/wp\/v2\/fonds?post=71358"},{"taxonomy":"tradition","embeddable":true,"href":"https:\/\/www.iemj.org\/de\/wp-json\/wp\/v2\/tradition?post=71358"},{"taxonomy":"type-de-contenu","embeddable":true,"href":"https:\/\/www.iemj.org\/de\/wp-json\/wp\/v2\/type-de-contenu?post=71358"},{"taxonomy":"interprete-compositeur","embeddable":true,"href":"https:\/\/www.iemj.org\/de\/wp-json\/wp\/v2\/interprete-compositeur?post=71358"},{"taxonomy":"frise","embeddable":true,"href":"https:\/\/www.iemj.org\/de\/wp-json\/wp\/v2\/frise?post=71358"},{"taxonomy":"type-devenement","embeddable":true,"href":"https:\/\/www.iemj.org\/de\/wp-json\/wp\/v2\/type-devenement?post=71358"},{"taxonomy":"tableaux-liens-externes","embeddable":true,"href":"https:\/\/www.iemj.org\/de\/wp-json\/wp\/v2\/tableaux-liens-externes?post=71358"}],"curies":[{"name":"wp","href":"https:\/\/api.w.org\/{rel}","templated":true}]}}