{"id":71382,"date":"2015-12-02T21:00:00","date_gmt":"2015-12-02T20:00:00","guid":{"rendered":"https:\/\/www.iemj.org\/hanouka-la-selection-musicale-de-liemj-1ere-partie\/"},"modified":"2025-04-16T19:17:25","modified_gmt":"2025-04-16T17:17:25","slug":"hanouka-la-selection-musicale-de-liemj-1ere-partie","status":"publish","type":"post","link":"https:\/\/www.iemj.org\/de\/hanouka-la-selection-musicale-de-liemj-1ere-partie\/","title":{"rendered":"Chanukka: eine musikalische auswahl des IEMJ, 1. teil"},"content":{"rendered":"<p><strong>Chanukka ist eine Zeit des Gesangs und der Freude.<\/strong><br \/><strong>Hier ist eine Auswahl an Liedern zum Anh\u00f6ren\u2026 oder zum Mitsingen<\/strong><\/p>\n<p><!--more-->Chanukka bedeutet \u201eEinweihung\u201c auf Hebr\u00e4isch und erinnnert an die Neueinweihung des Alters im Zweiten Tempel in Jerusalem. Der \u00dcberlieferung nach, fanden die Priester, nach der Pl\u00fcnderung und Sch\u00e4ndung durch die Seleukiden, eine kleine Phiole mit genug heiligem \u00d6l darin, um den Tempel f\u00fcr einen Tag zu beleuchten. So kam es zum Wunder von Chanukka: die kleine Menge \u00d6l brannte acht Tage, welcher der Beleuchtung und Reinigung des Tempels in Jerusalem dienten.<\/p>\n<p><img fetchpriority=\"high\" decoding=\"async\" class=\" alignright  wp-image-8570\" src=\"https:\/\/www.iemj.org\/wp-content\/uploads\/2015\/12\/doc_3_hanouka_500px70.jpg\" alt=\"doc_3_hanouka_500px70.jpg\" width=\"272\" height=\"321\" align=\"right\" \/>Chanukka wird auch \u201eLichterfest\u201c genannt und ist das Lieblingsfest der Kinder. Acht Tage lang z\u00fcndet man Kerzen an, man isst Latkes und S\u00fc\u00dfigkeiten, beschenkt sich gegenseitig und singt Lieder mit der Familie.<\/p>\n<p><a href=\"https:\/\/www.iemj.org\/de\/hanouka-la-selection-musicale-de-liemj-2eme-partie\/\" target=\"_blank\" rel=\"noopener\">H\u00f6ren Sie sich die Playlist an: Chanukka (2. Teil)<\/a><br \/><a href=\"https:\/\/www.iemj.org\/de\/chanukah-voices-of-lights\/\" target=\"_blank\" rel=\"noopener\">H\u00f6ren Sie sich die von Herv\u00e9 Roten pr\u00e4sentierte Radiosendung an: <em>Hanouka, voix de lumi\u00e8re<\/em><\/a><a href=\"https:\/\/www.iemj.org\/en\/chanukah-voices-of-lights\/\" target=\"_blank\" rel=\"noopener\"> (auf Franz\u00f6sisch)<\/a><br \/><a href=\"https:\/\/www.iemj.org\/de\/hidden-sides-of-jewish-music-chanukah\/\" target=\"_blank\" rel=\"noopener\">H\u00f6ren Sie sich die von H\u00e9l\u00e8ne Engel pr\u00e4sentierte Radiosendung an: <em>Les faces cach\u00e9es de la musique juive : Chanuka<\/em> (auf Franz\u00f6sisch)<\/a><\/p>\n<p>\u00a0<\/p>\n\n\n<figure class=\"wp-block-image size-large\"><img decoding=\"async\" width=\"1024\" height=\"133\" src=\"https:\/\/www.iemj.org\/wp-content\/uploads\/2024\/03\/AUDIO-PLAYER-1024x133.png\" alt=\"\" class=\"wp-image-110606\" srcset=\"https:\/\/www.iemj.org\/wp-content\/uploads\/2024\/03\/AUDIO-PLAYER-1024x133.png 1024w, https:\/\/www.iemj.org\/wp-content\/uploads\/2024\/03\/AUDIO-PLAYER-300x39.png 300w, https:\/\/www.iemj.org\/wp-content\/uploads\/2024\/03\/AUDIO-PLAYER-768x100.png 768w, https:\/\/www.iemj.org\/wp-content\/uploads\/2024\/03\/AUDIO-PLAYER-600x78.png 600w, https:\/\/www.iemj.org\/wp-content\/uploads\/2024\/03\/AUDIO-PLAYER.png 1210w\" sizes=\"(max-width: 1024px) 100vw, 1024px\" \/><\/figure>\n\n\n\n<div class=\"wp-block-file\"><a id=\"wp-block-file--media-f26f1ed2-3ce3-47cb-875a-3b2b8e4b6d89\" href=\"https:\/\/www.iemj.org\/wp-content\/uploads\/2015\/12\/d33-30_38_15.mp3\">Khanuke Oy Khanuke, chant\u00e9 par Benya<\/a><\/div>\n\n\n\n<div class=\"wp-block-file\"><a id=\"wp-block-file--media-9442b005-5555-4dd2-8910-9bcf4627e932\" href=\"https:\/\/www.iemj.org\/wp-content\/uploads\/2015\/12\/ochos_kandelicas_voice_of_the_turtle.mp3\">Ochos kandelicas, Voice of the turtle<\/a><\/div>\n\n\n\n<div class=\"wp-block-file\"><a id=\"wp-block-file--media-5353ac02-f040-42f8-b4dc-f375e8dee50f\" href=\"https:\/\/www.iemj.org\/wp-content\/uploads\/2015\/12\/d45-17_23_02.mp3\">Le Chandelier, R\u00e9gine [R\u00e9gina Zilberberg] , compos\u00e9e par Emil Stern, paroles : Eddy marnay<\/a><\/div>\n\n\n\n<div class=\"wp-block-file\"><a id=\"wp-block-file--media-b4c83d69-f584-4431-bca3-9edab1006a38\" href=\"https:\/\/www.iemj.org\/wp-content\/uploads\/2015\/12\/cd_143a_17.mp3\">Yevanim Niqbezu \u2019alay, The Hassidic Niggun as Sung by the Hassidim. Vol. 1<\/a><\/div>\n\n\n\n<div class=\"wp-block-file\"><a id=\"wp-block-file--media-b78f17c2-f40d-49d5-9cb3-971b7417ef98\" href=\"https:\/\/www.iemj.org\/wp-content\/uploads\/2015\/12\/19_the_dreydl_song.mp3\">The dreydl song, Klezmer Conservatory Band<\/a><\/div>\n\n\n\n<div class=\"wp-block-file\"><a id=\"wp-block-file--media-3ddfbecf-427e-458a-a8cd-d90527dd961e\" href=\"https:\/\/www.iemj.org\/wp-content\/uploads\/2015\/12\/11_el_festin_de_hanukah.mp3\">El festin de Hanukah, Bienvenida Aguado<\/a><\/div>\n\n\n\n<div class=\"wp-block-file\"><a id=\"wp-block-file--media-9015f4f8-0d10-4950-b9cc-66b3ddf56fce\" href=\"https:\/\/www.iemj.org\/wp-content\/uploads\/2015\/12\/25_chnei_zetim.mp3\">Chnei zetim, Adolphe Attia, Musiques jud\u00e9o-fran\u00e7aises des 18 et 19e si\u00e8cles <\/a><\/div>\n\n\n\n<div class=\"wp-block-file\"><a id=\"wp-block-file--media-4916b3cb-04a9-4aee-9df8-3fbea7847a75\" href=\"https:\/\/www.iemj.org\/wp-content\/uploads\/2015\/12\/mus3_benediction1_maoz_tsour_heyman.mp3\">B\u00e9n\u00e9dictions de Hannouca et Maoz Tzour, Michel Heymann, Airs Liturgiques Achk\u00e9nazes Traditionnels<\/a><\/div>\n\n\n\n<div class=\"wp-block-file\"><a id=\"wp-block-file--media-1f083e76-d22e-4fe6-9466-f56a3530481c\" href=\"https:\/\/www.iemj.org\/wp-content\/uploads\/2015\/12\/cd_75_04.mp3\">El banco, Blond-Blond, Tr\u00e9sor de la chanson jud\u00e9o-arabe<\/a><\/div>\n\n\n\n<div class=\"wp-block-file\"><a id=\"wp-block-file--media-9d2d9728-95ab-49bf-988b-36f2ca073d06\" href=\"https:\/\/www.iemj.org\/wp-content\/uploads\/2015\/12\/hanukkah_moroccan-david_kaddosh_hanerot_halalu_berakhot_mizmor.mp3\">Hanerot halalu berakhot mizmor, David Kaddosh<\/a><\/div>\n\n\n\n<div class=\"wp-block-file\"><a id=\"wp-block-file--media-ddfd8cf4-bb3f-4634-bf7d-e598f0427997\" href=\"https:\/\/www.iemj.org\/wp-content\/uploads\/2015\/12\/mus1_haendel_judas_hava_narima.mp3\">Judas hava narima, Haendel<\/a><\/div>\n\n\n\n<div class=\"wp-block-file\"><a id=\"wp-block-file--media-cdf15d56-35e2-418a-ab32-22aade9128e4\" href=\"https:\/\/www.iemj.org\/wp-content\/uploads\/2015\/12\/mus9_sovivon_sof_sof_sof_cd_214_06.mp3\">Sevivon sov sov sov<\/a><\/div>\n\n\n\n<p><\/p>\n","protected":false},"excerpt":{"rendered":"<p>Chanukka ist eine Zeit des Gesangs und der Freude.Hier ist eine Auswahl an Liedern zum Anh\u00f6ren\u2026 oder zum Mitsingen<\/p>\n","protected":false},"author":1048,"featured_media":71383,"comment_status":"closed","ping_status":"open","sticky":false,"template":"","format":"standard","meta":{"_acf_changed":false,"footnotes":""},"categories":[1534],"tags":[],"technique":[],"squelettes":[],"sujet":[1740],"formation":[],"genre":[1891],"fonds":[],"tradition":[],"type-de-contenu":[],"interprete-compositeur":[],"frise":[],"type-devenement":[],"tableaux-liens-externes":[],"class_list":["post-71382","post","type-post","status-publish","format-standard","has-post-thumbnail","hentry","category-playlists-de","sujet-chanukka-de","genre-liturgie-de"],"acf":[],"yoast_head":"<!-- This site is optimized with the Yoast SEO plugin v27.3 - https:\/\/yoast.com\/product\/yoast-seo-wordpress\/ -->\n<title>Chanukka: eine musikalische auswahl des IEMJ, 1. teil - Institut Europ\u00e9en des Musiques Juives<\/title>\n<meta name=\"robots\" content=\"index, follow, max-snippet:-1, max-image-preview:large, max-video-preview:-1\" \/>\n<link rel=\"canonical\" href=\"https:\/\/www.iemj.org\/de\/hanouka-la-selection-musicale-de-liemj-1ere-partie\/\" \/>\n<meta property=\"og:locale\" content=\"de_DE\" \/>\n<meta property=\"og:type\" content=\"article\" \/>\n<meta property=\"og:title\" content=\"Chanukka: eine musikalische auswahl des IEMJ, 1. teil - Institut Europ\u00e9en des Musiques Juives\" \/>\n<meta property=\"og:description\" content=\"Chanukka ist eine Zeit des Gesangs und der Freude.Hier ist eine Auswahl an Liedern zum Anh\u00f6ren\u2026 oder zum Mitsingen\" \/>\n<meta property=\"og:url\" content=\"https:\/\/www.iemj.org\/de\/hanouka-la-selection-musicale-de-liemj-1ere-partie\/\" \/>\n<meta property=\"og:site_name\" content=\"Institut Europ\u00e9en des Musiques Juives\" \/>\n<meta property=\"article:publisher\" content=\"https:\/\/www.facebook.com\/MusiquesJuives\/\" \/>\n<meta property=\"article:published_time\" content=\"2015-12-02T20:00:00+00:00\" \/>\n<meta property=\"article:modified_time\" content=\"2025-04-16T17:17:25+00:00\" \/>\n<meta property=\"og:image\" content=\"https:\/\/www.iemj.org\/wp-content\/uploads\/2015\/12\/arton1287.jpg\" \/>\n\t<meta property=\"og:image:width\" content=\"500\" \/>\n\t<meta property=\"og:image:height\" content=\"451\" \/>\n\t<meta property=\"og:image:type\" content=\"image\/jpeg\" \/>\n<meta name=\"author\" content=\"Jean-Gabriel Davis\" \/>\n<meta name=\"twitter:card\" content=\"summary_large_image\" \/>\n<meta name=\"twitter:label1\" content=\"Verfasst von\" \/>\n\t<meta name=\"twitter:data1\" content=\"Jean-Gabriel Davis\" \/>\n\t<meta name=\"twitter:label2\" content=\"Gesch\u00e4tzte Lesezeit\" \/>\n\t<meta name=\"twitter:data2\" content=\"2\u00a0Minuten\" \/>\n<script type=\"application\/ld+json\" class=\"yoast-schema-graph\">{\"@context\":\"https:\\\/\\\/schema.org\",\"@graph\":[{\"@type\":\"Article\",\"@id\":\"https:\\\/\\\/www.iemj.org\\\/de\\\/hanouka-la-selection-musicale-de-liemj-1ere-partie\\\/#article\",\"isPartOf\":{\"@id\":\"https:\\\/\\\/www.iemj.org\\\/de\\\/hanouka-la-selection-musicale-de-liemj-1ere-partie\\\/\"},\"author\":{\"name\":\"Jean-Gabriel Davis\",\"@id\":\"https:\\\/\\\/www.iemj.org\\\/de\\\/#\\\/schema\\\/person\\\/c9bc1c386a3749579a2d675e72a18666\"},\"headline\":\"Chanukka: eine musikalische auswahl des IEMJ, 1. teil\",\"datePublished\":\"2015-12-02T20:00:00+00:00\",\"dateModified\":\"2025-04-16T17:17:25+00:00\",\"mainEntityOfPage\":{\"@id\":\"https:\\\/\\\/www.iemj.org\\\/de\\\/hanouka-la-selection-musicale-de-liemj-1ere-partie\\\/\"},\"wordCount\":295,\"publisher\":{\"@id\":\"https:\\\/\\\/www.iemj.org\\\/de\\\/#organization\"},\"image\":{\"@id\":\"https:\\\/\\\/www.iemj.org\\\/de\\\/hanouka-la-selection-musicale-de-liemj-1ere-partie\\\/#primaryimage\"},\"thumbnailUrl\":\"https:\\\/\\\/www.iemj.org\\\/wp-content\\\/uploads\\\/2015\\\/12\\\/arton1287.jpg\",\"articleSection\":[\"Playlists\"],\"inLanguage\":\"de\"},{\"@type\":\"WebPage\",\"@id\":\"https:\\\/\\\/www.iemj.org\\\/de\\\/hanouka-la-selection-musicale-de-liemj-1ere-partie\\\/\",\"url\":\"https:\\\/\\\/www.iemj.org\\\/de\\\/hanouka-la-selection-musicale-de-liemj-1ere-partie\\\/\",\"name\":\"Chanukka: eine musikalische auswahl des IEMJ, 1. teil - Institut Europ\u00e9en des Musiques Juives\",\"isPartOf\":{\"@id\":\"https:\\\/\\\/www.iemj.org\\\/de\\\/#website\"},\"primaryImageOfPage\":{\"@id\":\"https:\\\/\\\/www.iemj.org\\\/de\\\/hanouka-la-selection-musicale-de-liemj-1ere-partie\\\/#primaryimage\"},\"image\":{\"@id\":\"https:\\\/\\\/www.iemj.org\\\/de\\\/hanouka-la-selection-musicale-de-liemj-1ere-partie\\\/#primaryimage\"},\"thumbnailUrl\":\"https:\\\/\\\/www.iemj.org\\\/wp-content\\\/uploads\\\/2015\\\/12\\\/arton1287.jpg\",\"datePublished\":\"2015-12-02T20:00:00+00:00\",\"dateModified\":\"2025-04-16T17:17:25+00:00\",\"breadcrumb\":{\"@id\":\"https:\\\/\\\/www.iemj.org\\\/de\\\/hanouka-la-selection-musicale-de-liemj-1ere-partie\\\/#breadcrumb\"},\"inLanguage\":\"de\",\"potentialAction\":[{\"@type\":\"ReadAction\",\"target\":[\"https:\\\/\\\/www.iemj.org\\\/de\\\/hanouka-la-selection-musicale-de-liemj-1ere-partie\\\/\"]}]},{\"@type\":\"ImageObject\",\"inLanguage\":\"de\",\"@id\":\"https:\\\/\\\/www.iemj.org\\\/de\\\/hanouka-la-selection-musicale-de-liemj-1ere-partie\\\/#primaryimage\",\"url\":\"https:\\\/\\\/www.iemj.org\\\/wp-content\\\/uploads\\\/2015\\\/12\\\/arton1287.jpg\",\"contentUrl\":\"https:\\\/\\\/www.iemj.org\\\/wp-content\\\/uploads\\\/2015\\\/12\\\/arton1287.jpg\",\"width\":500,\"height\":451},{\"@type\":\"BreadcrumbList\",\"@id\":\"https:\\\/\\\/www.iemj.org\\\/de\\\/hanouka-la-selection-musicale-de-liemj-1ere-partie\\\/#breadcrumb\",\"itemListElement\":[{\"@type\":\"ListItem\",\"position\":1,\"name\":\"Accueil\",\"item\":\"https:\\\/\\\/www.iemj.org\\\/de\\\/\"},{\"@type\":\"ListItem\",\"position\":2,\"name\":\"Chanukka: eine musikalische auswahl des IEMJ, 1. teil\"}]},{\"@type\":\"WebSite\",\"@id\":\"https:\\\/\\\/www.iemj.org\\\/de\\\/#website\",\"url\":\"https:\\\/\\\/www.iemj.org\\\/de\\\/\",\"name\":\"Institut Europ\u00e9en des Musiques Juives\",\"description\":\"Des traditions musicales \u00e0 la port\u00e9e de tous\",\"publisher\":{\"@id\":\"https:\\\/\\\/www.iemj.org\\\/de\\\/#organization\"},\"potentialAction\":[{\"@type\":\"SearchAction\",\"target\":{\"@type\":\"EntryPoint\",\"urlTemplate\":\"https:\\\/\\\/www.iemj.org\\\/de\\\/?s={search_term_string}\"},\"query-input\":{\"@type\":\"PropertyValueSpecification\",\"valueRequired\":true,\"valueName\":\"search_term_string\"}}],\"inLanguage\":\"de\"},{\"@type\":\"Organization\",\"@id\":\"https:\\\/\\\/www.iemj.org\\\/de\\\/#organization\",\"name\":\"Institut Europ\u00e9en des Musiques Juives\",\"url\":\"https:\\\/\\\/www.iemj.org\\\/de\\\/\",\"logo\":{\"@type\":\"ImageObject\",\"inLanguage\":\"de\",\"@id\":\"https:\\\/\\\/www.iemj.org\\\/de\\\/#\\\/schema\\\/logo\\\/image\\\/\",\"url\":\"https:\\\/\\\/www.iemj.org\\\/wp-content\\\/uploads\\\/2021\\\/09\\\/Logo-IEMJ-Paypal.jpg\",\"contentUrl\":\"https:\\\/\\\/www.iemj.org\\\/wp-content\\\/uploads\\\/2021\\\/09\\\/Logo-IEMJ-Paypal.jpg\",\"width\":150,\"height\":50,\"caption\":\"Institut Europ\u00e9en des Musiques Juives\"},\"image\":{\"@id\":\"https:\\\/\\\/www.iemj.org\\\/de\\\/#\\\/schema\\\/logo\\\/image\\\/\"},\"sameAs\":[\"https:\\\/\\\/www.facebook.com\\\/MusiquesJuives\\\/\",\"https:\\\/\\\/www.instagram.com\\\/musiquesjuives\\\/\",\"https:\\\/\\\/www.youtube.com\\\/user\\\/musiquesjuives\"]},{\"@type\":\"Person\",\"@id\":\"https:\\\/\\\/www.iemj.org\\\/de\\\/#\\\/schema\\\/person\\\/c9bc1c386a3749579a2d675e72a18666\",\"name\":\"Jean-Gabriel Davis\",\"image\":{\"@type\":\"ImageObject\",\"inLanguage\":\"de\",\"@id\":\"https:\\\/\\\/secure.gravatar.com\\\/avatar\\\/2b90d67bdf392c9b3a21fab87c0fa7edaf1fb3a058172a1ffd61033fcec7aec1?s=96&d=mm&r=g\",\"url\":\"https:\\\/\\\/secure.gravatar.com\\\/avatar\\\/2b90d67bdf392c9b3a21fab87c0fa7edaf1fb3a058172a1ffd61033fcec7aec1?s=96&d=mm&r=g\",\"contentUrl\":\"https:\\\/\\\/secure.gravatar.com\\\/avatar\\\/2b90d67bdf392c9b3a21fab87c0fa7edaf1fb3a058172a1ffd61033fcec7aec1?s=96&d=mm&r=g\",\"caption\":\"Jean-Gabriel Davis\"}}]}<\/script>\n<!-- \/ Yoast SEO plugin. -->","yoast_head_json":{"title":"Chanukka: eine musikalische auswahl des IEMJ, 1. teil - Institut Europ\u00e9en des Musiques Juives","robots":{"index":"index","follow":"follow","max-snippet":"max-snippet:-1","max-image-preview":"max-image-preview:large","max-video-preview":"max-video-preview:-1"},"canonical":"https:\/\/www.iemj.org\/de\/hanouka-la-selection-musicale-de-liemj-1ere-partie\/","og_locale":"de_DE","og_type":"article","og_title":"Chanukka: eine musikalische auswahl des IEMJ, 1. teil - Institut Europ\u00e9en des Musiques Juives","og_description":"Chanukka ist eine Zeit des Gesangs und der Freude.Hier ist eine Auswahl an Liedern zum Anh\u00f6ren\u2026 oder zum Mitsingen","og_url":"https:\/\/www.iemj.org\/de\/hanouka-la-selection-musicale-de-liemj-1ere-partie\/","og_site_name":"Institut Europ\u00e9en des Musiques Juives","article_publisher":"https:\/\/www.facebook.com\/MusiquesJuives\/","article_published_time":"2015-12-02T20:00:00+00:00","article_modified_time":"2025-04-16T17:17:25+00:00","og_image":[{"width":500,"height":451,"url":"https:\/\/www.iemj.org\/wp-content\/uploads\/2015\/12\/arton1287.jpg","type":"image\/jpeg"}],"author":"Jean-Gabriel Davis","twitter_card":"summary_large_image","twitter_misc":{"Verfasst von":"Jean-Gabriel Davis","Gesch\u00e4tzte Lesezeit":"2\u00a0Minuten"},"schema":{"@context":"https:\/\/schema.org","@graph":[{"@type":"Article","@id":"https:\/\/www.iemj.org\/de\/hanouka-la-selection-musicale-de-liemj-1ere-partie\/#article","isPartOf":{"@id":"https:\/\/www.iemj.org\/de\/hanouka-la-selection-musicale-de-liemj-1ere-partie\/"},"author":{"name":"Jean-Gabriel Davis","@id":"https:\/\/www.iemj.org\/de\/#\/schema\/person\/c9bc1c386a3749579a2d675e72a18666"},"headline":"Chanukka: eine musikalische auswahl des IEMJ, 1. teil","datePublished":"2015-12-02T20:00:00+00:00","dateModified":"2025-04-16T17:17:25+00:00","mainEntityOfPage":{"@id":"https:\/\/www.iemj.org\/de\/hanouka-la-selection-musicale-de-liemj-1ere-partie\/"},"wordCount":295,"publisher":{"@id":"https:\/\/www.iemj.org\/de\/#organization"},"image":{"@id":"https:\/\/www.iemj.org\/de\/hanouka-la-selection-musicale-de-liemj-1ere-partie\/#primaryimage"},"thumbnailUrl":"https:\/\/www.iemj.org\/wp-content\/uploads\/2015\/12\/arton1287.jpg","articleSection":["Playlists"],"inLanguage":"de"},{"@type":"WebPage","@id":"https:\/\/www.iemj.org\/de\/hanouka-la-selection-musicale-de-liemj-1ere-partie\/","url":"https:\/\/www.iemj.org\/de\/hanouka-la-selection-musicale-de-liemj-1ere-partie\/","name":"Chanukka: eine musikalische auswahl des IEMJ, 1. teil - Institut Europ\u00e9en des Musiques Juives","isPartOf":{"@id":"https:\/\/www.iemj.org\/de\/#website"},"primaryImageOfPage":{"@id":"https:\/\/www.iemj.org\/de\/hanouka-la-selection-musicale-de-liemj-1ere-partie\/#primaryimage"},"image":{"@id":"https:\/\/www.iemj.org\/de\/hanouka-la-selection-musicale-de-liemj-1ere-partie\/#primaryimage"},"thumbnailUrl":"https:\/\/www.iemj.org\/wp-content\/uploads\/2015\/12\/arton1287.jpg","datePublished":"2015-12-02T20:00:00+00:00","dateModified":"2025-04-16T17:17:25+00:00","breadcrumb":{"@id":"https:\/\/www.iemj.org\/de\/hanouka-la-selection-musicale-de-liemj-1ere-partie\/#breadcrumb"},"inLanguage":"de","potentialAction":[{"@type":"ReadAction","target":["https:\/\/www.iemj.org\/de\/hanouka-la-selection-musicale-de-liemj-1ere-partie\/"]}]},{"@type":"ImageObject","inLanguage":"de","@id":"https:\/\/www.iemj.org\/de\/hanouka-la-selection-musicale-de-liemj-1ere-partie\/#primaryimage","url":"https:\/\/www.iemj.org\/wp-content\/uploads\/2015\/12\/arton1287.jpg","contentUrl":"https:\/\/www.iemj.org\/wp-content\/uploads\/2015\/12\/arton1287.jpg","width":500,"height":451},{"@type":"BreadcrumbList","@id":"https:\/\/www.iemj.org\/de\/hanouka-la-selection-musicale-de-liemj-1ere-partie\/#breadcrumb","itemListElement":[{"@type":"ListItem","position":1,"name":"Accueil","item":"https:\/\/www.iemj.org\/de\/"},{"@type":"ListItem","position":2,"name":"Chanukka: eine musikalische auswahl des IEMJ, 1. teil"}]},{"@type":"WebSite","@id":"https:\/\/www.iemj.org\/de\/#website","url":"https:\/\/www.iemj.org\/de\/","name":"Institut Europ\u00e9en des Musiques Juives","description":"Des traditions musicales \u00e0 la port\u00e9e de tous","publisher":{"@id":"https:\/\/www.iemj.org\/de\/#organization"},"potentialAction":[{"@type":"SearchAction","target":{"@type":"EntryPoint","urlTemplate":"https:\/\/www.iemj.org\/de\/?s={search_term_string}"},"query-input":{"@type":"PropertyValueSpecification","valueRequired":true,"valueName":"search_term_string"}}],"inLanguage":"de"},{"@type":"Organization","@id":"https:\/\/www.iemj.org\/de\/#organization","name":"Institut Europ\u00e9en des Musiques Juives","url":"https:\/\/www.iemj.org\/de\/","logo":{"@type":"ImageObject","inLanguage":"de","@id":"https:\/\/www.iemj.org\/de\/#\/schema\/logo\/image\/","url":"https:\/\/www.iemj.org\/wp-content\/uploads\/2021\/09\/Logo-IEMJ-Paypal.jpg","contentUrl":"https:\/\/www.iemj.org\/wp-content\/uploads\/2021\/09\/Logo-IEMJ-Paypal.jpg","width":150,"height":50,"caption":"Institut Europ\u00e9en des Musiques Juives"},"image":{"@id":"https:\/\/www.iemj.org\/de\/#\/schema\/logo\/image\/"},"sameAs":["https:\/\/www.facebook.com\/MusiquesJuives\/","https:\/\/www.instagram.com\/musiquesjuives\/","https:\/\/www.youtube.com\/user\/musiquesjuives"]},{"@type":"Person","@id":"https:\/\/www.iemj.org\/de\/#\/schema\/person\/c9bc1c386a3749579a2d675e72a18666","name":"Jean-Gabriel Davis","image":{"@type":"ImageObject","inLanguage":"de","@id":"https:\/\/secure.gravatar.com\/avatar\/2b90d67bdf392c9b3a21fab87c0fa7edaf1fb3a058172a1ffd61033fcec7aec1?s=96&d=mm&r=g","url":"https:\/\/secure.gravatar.com\/avatar\/2b90d67bdf392c9b3a21fab87c0fa7edaf1fb3a058172a1ffd61033fcec7aec1?s=96&d=mm&r=g","contentUrl":"https:\/\/secure.gravatar.com\/avatar\/2b90d67bdf392c9b3a21fab87c0fa7edaf1fb3a058172a1ffd61033fcec7aec1?s=96&d=mm&r=g","caption":"Jean-Gabriel Davis"}}]}},"_links":{"self":[{"href":"https:\/\/www.iemj.org\/de\/wp-json\/wp\/v2\/posts\/71382","targetHints":{"allow":["GET"]}}],"collection":[{"href":"https:\/\/www.iemj.org\/de\/wp-json\/wp\/v2\/posts"}],"about":[{"href":"https:\/\/www.iemj.org\/de\/wp-json\/wp\/v2\/types\/post"}],"author":[{"embeddable":true,"href":"https:\/\/www.iemj.org\/de\/wp-json\/wp\/v2\/users\/1048"}],"replies":[{"embeddable":true,"href":"https:\/\/www.iemj.org\/de\/wp-json\/wp\/v2\/comments?post=71382"}],"version-history":[{"count":0,"href":"https:\/\/www.iemj.org\/de\/wp-json\/wp\/v2\/posts\/71382\/revisions"}],"wp:featuredmedia":[{"embeddable":true,"href":"https:\/\/www.iemj.org\/de\/wp-json\/wp\/v2\/media\/71383"}],"wp:attachment":[{"href":"https:\/\/www.iemj.org\/de\/wp-json\/wp\/v2\/media?parent=71382"}],"wp:term":[{"taxonomy":"category","embeddable":true,"href":"https:\/\/www.iemj.org\/de\/wp-json\/wp\/v2\/categories?post=71382"},{"taxonomy":"post_tag","embeddable":true,"href":"https:\/\/www.iemj.org\/de\/wp-json\/wp\/v2\/tags?post=71382"},{"taxonomy":"technique","embeddable":true,"href":"https:\/\/www.iemj.org\/de\/wp-json\/wp\/v2\/technique?post=71382"},{"taxonomy":"squelettes","embeddable":true,"href":"https:\/\/www.iemj.org\/de\/wp-json\/wp\/v2\/squelettes?post=71382"},{"taxonomy":"sujet","embeddable":true,"href":"https:\/\/www.iemj.org\/de\/wp-json\/wp\/v2\/sujet?post=71382"},{"taxonomy":"formation","embeddable":true,"href":"https:\/\/www.iemj.org\/de\/wp-json\/wp\/v2\/formation?post=71382"},{"taxonomy":"genre","embeddable":true,"href":"https:\/\/www.iemj.org\/de\/wp-json\/wp\/v2\/genre?post=71382"},{"taxonomy":"fonds","embeddable":true,"href":"https:\/\/www.iemj.org\/de\/wp-json\/wp\/v2\/fonds?post=71382"},{"taxonomy":"tradition","embeddable":true,"href":"https:\/\/www.iemj.org\/de\/wp-json\/wp\/v2\/tradition?post=71382"},{"taxonomy":"type-de-contenu","embeddable":true,"href":"https:\/\/www.iemj.org\/de\/wp-json\/wp\/v2\/type-de-contenu?post=71382"},{"taxonomy":"interprete-compositeur","embeddable":true,"href":"https:\/\/www.iemj.org\/de\/wp-json\/wp\/v2\/interprete-compositeur?post=71382"},{"taxonomy":"frise","embeddable":true,"href":"https:\/\/www.iemj.org\/de\/wp-json\/wp\/v2\/frise?post=71382"},{"taxonomy":"type-devenement","embeddable":true,"href":"https:\/\/www.iemj.org\/de\/wp-json\/wp\/v2\/type-devenement?post=71382"},{"taxonomy":"tableaux-liens-externes","embeddable":true,"href":"https:\/\/www.iemj.org\/de\/wp-json\/wp\/v2\/tableaux-liens-externes?post=71382"}],"curies":[{"name":"wp","href":"https:\/\/api.w.org\/{rel}","templated":true}]}}