{"id":71473,"date":"2020-05-14T17:05:22","date_gmt":"2020-05-14T15:05:22","guid":{"rendered":"https:\/\/www.iemj.org\/yeroushalayim-shel-zahav-jerusalem-dor\/"},"modified":"2024-05-23T19:39:08","modified_gmt":"2024-05-23T17:39:08","slug":"yeroushalayim-shel-zahav-jerusalem-dor","status":"publish","type":"post","link":"https:\/\/www.iemj.org\/de\/yeroushalayim-shel-zahav-jerusalem-dor\/","title":{"rendered":"Jerusalem aus Gold, ein Lied von Naomi Shemer"},"content":{"rendered":"<p>Jerusalem aus Gold (Hebr\u00e4isch: \u05d9\u05e8\u05d5\u05e9\u05dc\u05d9\u05dd \u05e9\u05dc \u05d6\u05d4\u05d1 &#8211; Yerushalayim shel zahav) ist der Titel eines sehr bekannten israelischen Lieds, welches 1967 von <a href=\"https:\/\/www.iemj.org\/de\/shemer-naomi-1930-2004\/\" target=\"_blank\" rel=\"noopener\">Naomi Shemer<\/a> geschrieben wurde. Das Lied wurde zun\u00e4chst von Shuli Nathan gesungen und sp\u00e4ter von zahlreichen K\u00fcnstlern wie <a href=\"https:\/\/www.iemj.org\/de\/zarai-rika-1938-2020\/\" target=\"_blank\" rel=\"noopener\">Rika Zara\u00ef<\/a> oder <a href=\"https:\/\/www.iemj.org\/de\/haza-ofra-1957-2000\/\" target=\"_blank\" rel=\"noopener\">Ofra Haza<\/a> interpretiert, die es 1998 anl\u00e4sslich der Feierlichkeiten zum 50-j\u00e4hrigen Bestehen des Staates Israel vortrug. Das Lied war ein weltweiter Erfolg, so dass es heute als inoffizielles \u00c4quivalent zur Hatikva, der Hymne des Staates Israel, angesehen wird.<\/p>\n<p><!--more--><\/p>\n<p><img fetchpriority=\"high\" decoding=\"async\" class=\" alignright  wp-image-28672\" src=\"https:\/\/www.iemj.org\/wp-content\/uploads\/2020\/05\/jerusalem-mur-lamentations-mosquee-al-aqsa_1_729_1094_300px_vertic.jpg\" alt=\"jerusalem-mur-lamentations-mosquee-al-aqsa_1_729_1094_300px_vertic.jpg\" width=\"193\" height=\"291\" align=\"right\" \/><\/p>\n<p>Der erste Teil des Refrain \u201eJerusalem aus Gold, aus Kupfer und aus Licht\u201c bezieht sich auf die goldene Farbe, die die steinernen Geb\u00e4ude Jerusalems beim Sonnenauf- und Sonnenuntergang annehmen. Der zweite Teil, &#8222;F\u00fcr all deine Liedern bin ich die Leier<span class=\"footnote_referrer\"><a role=\"button\" tabindex=\"0\" onclick=\"footnote_moveToReference_71473_1('footnote_plugin_reference_71473_1_1');\" onkeypress=\"footnote_moveToReference_71473_1('footnote_plugin_reference_71473_1_1');\" ><sup id=\"footnote_plugin_tooltip_71473_1_1\" class=\"footnote_plugin_tooltip_text\">[1]<\/sup><\/a><span id=\"footnote_plugin_tooltip_text_71473_1_1\" class=\"footnote_tooltip\">Das hebr\u00e4ische Wort kinor bezeichnet wahrscheinlich eine Leier oder eine Harfe.<\/span><\/span><script type=\"text\/javascript\"> jQuery('#footnote_plugin_tooltip_71473_1_1').tooltip({ tip: '#footnote_plugin_tooltip_text_71473_1_1', tipClass: 'footnote_tooltip', effect: 'fade', predelay: 0, fadeInSpeed: 200, delay: 400, fadeOutSpeed: 200, position: 'top center', relative: true, offset: [-7, 0], });<\/script>?&#8220;, ist inspiriert von einem Vers aus den Zionsliedern, &#8222;Ich bin wie eine Leier f\u00fcr deine Lieder&#8220;, des spanisch-j\u00fcdischen Dichters Juda Halevi (1075-1141). Wie oft in den Liedern von Naomi Shemer finden sich hier mehrere biblische Bezugnahmen: In der ersten Strophe stammt die Formulierung \u201edie Stadt sitzt einsam\u201c aus den Klageliedern 1,1 und die dritte Strophe zitiert Psalm 137,5: \u201eWenn ich dich vergesse, Jerusalem\u201c.<\/p>\n<p>Die dem Schreiben dieses Liedes vorausgehenden Umst\u00e4nde sind h\u00f6chst symbolisch. Im Jahr 1967 gab der B\u00fcrgermeister von Jerusalem, Teddy Kolek, f\u00fcr das Songfestival, das am Abend des Unabh\u00e4ngigkeitstags am 15. Mai 1967 stattfinden sollte, ein Lied \u00fcber Jerusalem in Auftrag. Und diese Aufgabe wurde der Songwriterin Naomi Shemer anvertraut. Das Lied beschreibt Jerusalem vor dem Sechstagekrieg, als die Stadt noch durch eine Mauer geteilt war, die das jordanische K\u00f6nigreich vom Staat Israel trennte. Die heiligen St\u00e4tten des Judentums &#8211; der Tempelberg, die Westmauer und der j\u00fcdische Friedhof auf dem \u00d6lberg &#8211; waren damals f\u00fcr die Juden, die nach dem Unabh\u00e4ngigkeitskrieg aus der Altstadt vertrieben worden waren, unzug\u00e4nglich.<\/p>\n<p><img decoding=\"async\" class=\" alignleft size-full wp-image-28674\" src=\"https:\/\/www.iemj.org\/wp-content\/uploads\/2020\/05\/34e666735a_116922_mur-lamentations_300px_larg.jpg\" alt=\"34e666735a_116922_mur-lamentations_300px_larg.jpg\" width=\"300\" height=\"187\" align=\"left\" \/><\/p>\n<p>Das Lied wurde von Shuli Nathan nur drei Wochen vor dem Beginn des Sechstagekriegs gesungen und war ein gro\u00dfer Erfolg, vor allem bei den israelischen Soldaten, die an der R\u00fcckeroberung Ostjerusalems teilnahmen. Nach dem Krieg f\u00fcgte Naomi Shemer ihrem Gedicht eine Strophe hinzu, um die Wiedervereinigung Jerusalems und die R\u00fcckkehr der Juden an die Westmauer in der Altstadt zu feiern<span class=\"footnote_referrer\"><a role=\"button\" tabindex=\"0\" onclick=\"footnote_moveToReference_71473_1('footnote_plugin_reference_71473_1_2');\" onkeypress=\"footnote_moveToReference_71473_1('footnote_plugin_reference_71473_1_2');\" ><sup id=\"footnote_plugin_tooltip_71473_1_2\" class=\"footnote_plugin_tooltip_text\">[2]<\/sup><\/a><span id=\"footnote_plugin_tooltip_text_71473_1_2\" class=\"footnote_tooltip\">Eine Zeile der neuen Strophe, &#8222;Das Schofar ert\u00f6nt am Tempelberg&#8220;, bezieht sich ausdr\u00fccklich auf die Tatsache, dass der Armeeseelsorger, Rabbi Shlomo Goren, unmittelbar nach der&nbsp;&#x2026; <span class=\"footnote_tooltip_continue\"  onclick=\"footnote_moveToReference_71473_1('footnote_plugin_reference_71473_1_2');\">Lire la suite<\/span><\/span><\/span><script type=\"text\/javascript\"> jQuery('#footnote_plugin_tooltip_71473_1_2').tooltip({ tip: '#footnote_plugin_tooltip_text_71473_1_2', tipClass: 'footnote_tooltip', effect: 'fade', predelay: 0, fadeInSpeed: 200, delay: 400, fadeOutSpeed: 200, position: 'top center', relative: true, offset: [-7, 0], });<\/script>.<\/p>\n<\/p>\n<p><img decoding=\"async\" class=\" wp-image-112181 alignright\" src=\"https:\/\/www.iemj.org\/wp-content\/uploads\/2020\/05\/Magnifique-couv-du-disque-Yerushalayim-shel-zahav-D33-17_19_VIG-300x300.jpg\" alt=\"\" width=\"341\" height=\"341\" srcset=\"https:\/\/www.iemj.org\/wp-content\/uploads\/2020\/05\/Magnifique-couv-du-disque-Yerushalayim-shel-zahav-D33-17_19_VIG-300x300.jpg 300w, https:\/\/www.iemj.org\/wp-content\/uploads\/2020\/05\/Magnifique-couv-du-disque-Yerushalayim-shel-zahav-D33-17_19_VIG-150x150.jpg 150w, https:\/\/www.iemj.org\/wp-content\/uploads\/2020\/05\/Magnifique-couv-du-disque-Yerushalayim-shel-zahav-D33-17_19_VIG-768x766.jpg 768w, https:\/\/www.iemj.org\/wp-content\/uploads\/2020\/05\/Magnifique-couv-du-disque-Yerushalayim-shel-zahav-D33-17_19_VIG-600x599.jpg 600w, https:\/\/www.iemj.org\/wp-content\/uploads\/2020\/05\/Magnifique-couv-du-disque-Yerushalayim-shel-zahav-D33-17_19_VIG-100x100.jpg 100w, https:\/\/www.iemj.org\/wp-content\/uploads\/2020\/05\/Magnifique-couv-du-disque-Yerushalayim-shel-zahav-D33-17_19_VIG.jpg 800w\" sizes=\"(max-width: 341px) 100vw, 341px\" \/>Yerushalayim shel zahav wurde 1967 in Israel zum &#8222;Lied des Jahres&#8220; gew\u00e4hlt und sp\u00e4ter von K\u00fcnstlern aus der ganzen Welt gecovert, darunter die finnische S\u00e4ngerin Carola Standertskj\u00f6ld, der griechische S\u00e4nger Demis Roussos, die amerikanische Rockband Phish, der deutsche Rockmusiker Klaus Meine von den Scorpions, der brasilianische S\u00e4nger Roberto Carlos und die Franz\u00f6sin H\u00e9l\u00e8ne S\u00e9gara. Laut der israelischen Gesellschaft der Autoren, Komponisten und Musikverleger (ACUM) soll es \u00fcber 300 verschiedene Versionen dieses Liedes geben, das in zahlreiche Sprachen, darunter auch Esperanto, \u00fcbersetzt wurde. Dar\u00fcber hinaus wurde die Melodie des Liedes in die Liturgie vieler aschkenasischer und sephardischer Gemeinden in Israel und in der Diaspora aufgenommen. Yerushalayim shel zahav, das h\u00e4ufig bei offiziellen Anl\u00e4ssen gespielt wird, erscheint daher als kulturelles Ph\u00e4nomen an der Schnittstelle zwischen Politik, nationaler israelischer Identit\u00e4t und Popul\u00e4rkultur.<\/p>\n<p>Kurz vor ihrem Tod er\u00f6ffnete Naomi Shemer, dass sie beim Verfassen der Melodie von einem alten baskischen Wiegenlied inspiriert gewesen war, Pello Joxepe, welches von Juan Francisco Petriarena &#8218;Xenpelar&#8216; (1835-1869) komponiert worden war und welches sie bei einem Konzert des spanischen S\u00e4ngers <a href=\"https:\/\/de.wikipedia.org\/wiki\/Paco_Ib%C3%A1%C3%B1ez\" target=\"_blank\" rel=\"noopener\">Paco Ib\u00e1\u00f1ez<\/a> 1962 geh\u00f6rt hatte. Dieser sagte aber, er halte es nicht f\u00fcr ein Plagiat, nachdem er diese \u00c4u\u00dferung Shemers h\u00f6rte, \u201eich bin gl\u00fccklich, wenn es ihr auf gewisse Weise geholfen hat\u201c.<\/p>\n\n\n<div class=\"wp-block-columns is-layout-flex wp-container-core-columns-is-layout-9d6595d7 wp-block-columns-is-layout-flex\">\n<div class=\"wp-block-column is-layout-flow wp-block-column-is-layout-flow\">\n<figure class=\"wp-block-embed is-type-video is-provider-youtube wp-block-embed-youtube wp-embed-aspect-4-3 wp-has-aspect-ratio\"><div class=\"wp-block-embed__wrapper\">\n<iframe title=\"Paco Iba\u00f1ez - Pello Joxepe\" width=\"640\" height=\"480\" src=\"https:\/\/www.youtube.com\/embed\/ttuRcl1dK1M?feature=oembed\" frameborder=\"0\" allow=\"accelerometer; autoplay; clipboard-write; encrypted-media; gyroscope; picture-in-picture; web-share\" referrerpolicy=\"strict-origin-when-cross-origin\" allowfullscreen><\/iframe>\n<\/div><\/figure>\n<\/div>\n\n\n\n<div class=\"wp-block-column is-layout-flow wp-block-column-is-layout-flow\">\n<figure class=\"wp-block-embed is-type-video is-provider-youtube wp-block-embed-youtube wp-embed-aspect-4-3 wp-has-aspect-ratio\"><div class=\"wp-block-embed__wrapper\">\n<iframe title=\"Jerusalem of Gold - Naomi Shemer\" width=\"640\" height=\"480\" src=\"https:\/\/www.youtube.com\/embed\/PqxrwiY1TkI?feature=oembed\" frameborder=\"0\" allow=\"accelerometer; autoplay; clipboard-write; encrypted-media; gyroscope; picture-in-picture; web-share\" referrerpolicy=\"strict-origin-when-cross-origin\" allowfullscreen><\/iframe>\n<\/div><\/figure>\n<\/div>\n<\/div>\n\n\n<p><strong>Yerushalayim shel zahav &#8211; Shuly Nathan\u00a0<\/strong><\/p>\n<audio class=\"wp-audio-shortcode\" id=\"audio-71473-1\" preload=\"none\" style=\"width: 100%;\" controls=\"controls\"><source type=\"audio\/mpeg\" src=\"https:\/\/www.iemj.org\/wp-content\/uploads\/2020\/05\/Yerushalayim-shel-zahav_Shuly-Nathan-CD_1553_02.mp3?_=1\" \/><a href=\"https:\/\/www.iemj.org\/wp-content\/uploads\/2020\/05\/Yerushalayim-shel-zahav_Shuly-Nathan-CD_1553_02.mp3\">https:\/\/www.iemj.org\/wp-content\/uploads\/2020\/05\/Yerushalayim-shel-zahav_Shuly-Nathan-CD_1553_02.mp3<\/a><\/audio>\n<p>\u00a0<\/p>\n<p>Quelle: <a href=\"https:\/\/de.wikipedia.org\/wiki\/Jerusalem_aus_Gold\" target=\"_blank\" rel=\"noopener\">Wikipedia<\/a><\/p>\n<p><a href=\"https:\/\/www.iemj.org\/de\/shemer-naomi-1930-2004\/\" target=\"_blank\" rel=\"noopener\">Naomi Shemers Biografie lesen<\/a><br \/><a href=\"https:\/\/www.iemj.org\/de\/yerushalayim-shel-zahav-jerusalem-of-gold\/\" target=\"_blank\" rel=\"noopener\">Mehrere Versionen des Liedes Jerusalem aus Gold (Yerushalayim shel zahav) anh\u00f6ren<\/a><br \/><a href=\"http:\/\/kefisrael.com\/2012\/05\/17\/12-interpretations-de-la-chanson-jerusalem-dor\/#.U4SvApSSyIU\" target=\"_blank\" rel=\"noopener\">Sehen Sie sich 12 historische Versionen des Liedes Yeroushalayim shel zahav im Artikel &#8222;12 Versionen des Liedes Jerusalem of Gold&#8220; an, Kef Israel, 17. Mai 2012<\/a><\/p>\n<figure id=\"attachment_28676\" aria-describedby=\"caption-attachment-28676\" style=\"width: 640px\" class=\"wp-caption aligncenter\"><img loading=\"lazy\" decoding=\"async\" class=\"wp-image-28676 size-full\" src=\"https:\/\/www.iemj.org\/wp-content\/uploads\/2020\/05\/partition_originale_de_la_chanson_petit_format.jpg\" alt=\"partition_originale_de_la_chanson_petit_format.jpg\" width=\"640\" height=\"455\" align=\"middle\" srcset=\"https:\/\/www.iemj.org\/wp-content\/uploads\/2020\/05\/partition_originale_de_la_chanson_petit_format.jpg 640w, https:\/\/www.iemj.org\/wp-content\/uploads\/2020\/05\/partition_originale_de_la_chanson_petit_format-300x213.jpg 300w, https:\/\/www.iemj.org\/wp-content\/uploads\/2020\/05\/partition_originale_de_la_chanson_petit_format-600x427.jpg 600w\" sizes=\"(max-width: 640px) 100vw, 640px\" \/><figcaption id=\"caption-attachment-28676\" class=\"wp-caption-text\"><strong><span class=\"Y2IQFc\" lang=\"de\">Originalpartitur des Liedes Yeroushalayim shel zahav<\/span><\/strong><\/figcaption><\/figure><div class=\"speaker-mute footnotes_reference_container\"> <div class=\"footnote_container_prepare\"><p><span role=\"button\" tabindex=\"0\" class=\"footnote_reference_container_label pointer\" onclick=\"footnote_expand_collapse_reference_container_71473_1();\">&#x202F;<\/span><span role=\"button\" tabindex=\"0\" class=\"footnote_reference_container_collapse_button\" style=\"display: none;\" onclick=\"footnote_expand_collapse_reference_container_71473_1();\">[<a id=\"footnote_reference_container_collapse_button_71473_1\">+<\/a>]<\/span><\/p><\/div> <div id=\"footnote_references_container_71473_1\" style=\"\"><table class=\"footnotes_table footnote-reference-container\"><caption class=\"accessibility\">References<\/caption> <tbody> \r\n\r\n<tr class=\"footnotes_plugin_reference_row\"> <th scope=\"row\" class=\"footnote_plugin_index_combi pointer\"  onclick=\"footnote_moveToAnchor_71473_1('footnote_plugin_tooltip_71473_1_1');\"><a id=\"footnote_plugin_reference_71473_1_1\" class=\"footnote_backlink\">1<\/a><\/th> <td class=\"footnote_plugin_text\">Das hebr\u00e4ische Wort kinor bezeichnet wahrscheinlich eine Leier oder eine Harfe.<\/td><\/tr>\r\n\r\n<tr class=\"footnotes_plugin_reference_row\"> <th scope=\"row\" class=\"footnote_plugin_index_combi pointer\"  onclick=\"footnote_moveToAnchor_71473_1('footnote_plugin_tooltip_71473_1_2');\"><a id=\"footnote_plugin_reference_71473_1_2\" class=\"footnote_backlink\">2<\/a><\/th> <td class=\"footnote_plugin_text\">Eine Zeile der neuen Strophe, &#8222;Das Schofar ert\u00f6nt am Tempelberg&#8220;, bezieht sich ausdr\u00fccklich auf die Tatsache, dass der Armeeseelsorger, Rabbi Shlomo Goren, unmittelbar nach der Eroberung der Westmauer in ein Schofar blies.<\/td><\/tr>\r\n\r\n <\/tbody> <\/table> <\/div><\/div><script type=\"text\/javascript\"> function footnote_expand_reference_container_71473_1() { jQuery('#footnote_references_container_71473_1').show(); jQuery('#footnote_reference_container_collapse_button_71473_1').text('\u2212'); } function footnote_collapse_reference_container_71473_1() { jQuery('#footnote_references_container_71473_1').hide(); jQuery('#footnote_reference_container_collapse_button_71473_1').text('+'); } function footnote_expand_collapse_reference_container_71473_1() { if (jQuery('#footnote_references_container_71473_1').is(':hidden')) { footnote_expand_reference_container_71473_1(); } else { footnote_collapse_reference_container_71473_1(); } } function footnote_moveToReference_71473_1(p_str_TargetID) { footnote_expand_reference_container_71473_1(); var l_obj_Target = jQuery('#' + p_str_TargetID); if (l_obj_Target.length) { jQuery( 'html, body' ).delay( 0 ); jQuery('html, body').animate({ scrollTop: l_obj_Target.offset().top - window.innerHeight * 0.2 }, 380); } } function footnote_moveToAnchor_71473_1(p_str_TargetID) { footnote_expand_reference_container_71473_1(); var l_obj_Target = jQuery('#' + p_str_TargetID); if (l_obj_Target.length) { jQuery( 'html, body' ).delay( 0 ); jQuery('html, body').animate({ scrollTop: l_obj_Target.offset().top - window.innerHeight * 0.2 }, 380); } }<\/script>","protected":false},"excerpt":{"rendered":"<p>Jerusalem aus Gold (Hebr\u00e4isch: \u05d9\u05e8\u05d5\u05e9\u05dc\u05d9\u05dd \u05e9\u05dc \u05d6\u05d4\u05d1 &#8211; Yerushalayim shel zahav) ist der Titel eines sehr bekannten israelischen Lieds, welches 1967 von Naomi Shemer geschrieben wurde. Das Lied wurde zun\u00e4chst<\/p>\n","protected":false},"author":1045,"featured_media":112359,"comment_status":"closed","ping_status":"closed","sticky":false,"template":"","format":"standard","meta":{"_acf_changed":false,"footnotes":""},"categories":[1406,1414],"tags":[],"technique":[],"squelettes":[],"sujet":[],"formation":[],"genre":[1880],"fonds":[],"tradition":[],"type-de-contenu":[],"interprete-compositeur":[],"frise":[],"type-devenement":[],"tableaux-liens-externes":[],"class_list":["post-71473","post","type-post","status-publish","format-standard","has-post-thumbnail","hentry","category-hintergrundartikel-de","category-weltiche-musik-de","genre-israellied-de"],"acf":[],"yoast_head":"<!-- This site is optimized with the Yoast SEO plugin v27.3 - https:\/\/yoast.com\/product\/yoast-seo-wordpress\/ -->\n<title>Jerusalem aus Gold, ein Lied von Naomi Shemer - Institut Europ\u00e9en des Musiques Juives<\/title>\n<meta name=\"robots\" content=\"index, follow, max-snippet:-1, max-image-preview:large, max-video-preview:-1\" \/>\n<link rel=\"canonical\" href=\"https:\/\/www.iemj.org\/de\/yeroushalayim-shel-zahav-jerusalem-dor\/\" \/>\n<meta property=\"og:locale\" content=\"de_DE\" \/>\n<meta property=\"og:type\" content=\"article\" \/>\n<meta property=\"og:title\" content=\"Jerusalem aus Gold, ein Lied von Naomi Shemer - Institut Europ\u00e9en des Musiques Juives\" \/>\n<meta property=\"og:description\" content=\"Jerusalem aus Gold (Hebr\u00e4isch: \u05d9\u05e8\u05d5\u05e9\u05dc\u05d9\u05dd \u05e9\u05dc \u05d6\u05d4\u05d1 &#8211; Yerushalayim shel zahav) ist der Titel eines sehr bekannten israelischen Lieds, welches 1967 von Naomi Shemer geschrieben wurde. Das Lied wurde zun\u00e4chst\" \/>\n<meta property=\"og:url\" content=\"https:\/\/www.iemj.org\/de\/yeroushalayim-shel-zahav-jerusalem-dor\/\" \/>\n<meta property=\"og:site_name\" content=\"Institut Europ\u00e9en des Musiques Juives\" \/>\n<meta property=\"article:publisher\" content=\"https:\/\/www.facebook.com\/MusiquesJuives\/\" \/>\n<meta property=\"article:published_time\" content=\"2020-05-14T15:05:22+00:00\" \/>\n<meta property=\"article:modified_time\" content=\"2024-05-23T17:39:08+00:00\" \/>\n<meta property=\"og:image\" content=\"https:\/\/www.iemj.org\/wp-content\/uploads\/2020\/05\/Logo-Yeroushalayim_A-de-Fd-1.jpg\" \/>\n\t<meta property=\"og:image:width\" content=\"500\" \/>\n\t<meta property=\"og:image:height\" content=\"500\" \/>\n\t<meta property=\"og:image:type\" content=\"image\/jpeg\" \/>\n<meta name=\"author\" content=\"Herv\u00e9 Roten\" \/>\n<meta name=\"twitter:card\" content=\"summary_large_image\" \/>\n<meta name=\"twitter:label1\" content=\"Verfasst von\" \/>\n\t<meta name=\"twitter:data1\" content=\"Herv\u00e9 Roten\" \/>\n\t<meta name=\"twitter:label2\" content=\"Gesch\u00e4tzte Lesezeit\" \/>\n\t<meta name=\"twitter:data2\" content=\"5\u00a0Minuten\" \/>\n<script type=\"application\/ld+json\" class=\"yoast-schema-graph\">{\"@context\":\"https:\\\/\\\/schema.org\",\"@graph\":[{\"@type\":\"Article\",\"@id\":\"https:\\\/\\\/www.iemj.org\\\/de\\\/yeroushalayim-shel-zahav-jerusalem-dor\\\/#article\",\"isPartOf\":{\"@id\":\"https:\\\/\\\/www.iemj.org\\\/de\\\/yeroushalayim-shel-zahav-jerusalem-dor\\\/\"},\"author\":{\"name\":\"Herv\u00e9 Roten\",\"@id\":\"https:\\\/\\\/www.iemj.org\\\/de\\\/#\\\/schema\\\/person\\\/906134402c29d5c76e7b726261dd4bbd\"},\"headline\":\"Jerusalem aus Gold, ein Lied von Naomi Shemer\",\"datePublished\":\"2020-05-14T15:05:22+00:00\",\"dateModified\":\"2024-05-23T17:39:08+00:00\",\"mainEntityOfPage\":{\"@id\":\"https:\\\/\\\/www.iemj.org\\\/de\\\/yeroushalayim-shel-zahav-jerusalem-dor\\\/\"},\"wordCount\":727,\"publisher\":{\"@id\":\"https:\\\/\\\/www.iemj.org\\\/de\\\/#organization\"},\"image\":{\"@id\":\"https:\\\/\\\/www.iemj.org\\\/de\\\/yeroushalayim-shel-zahav-jerusalem-dor\\\/#primaryimage\"},\"thumbnailUrl\":\"https:\\\/\\\/www.iemj.org\\\/wp-content\\\/uploads\\\/2020\\\/05\\\/Logo-Yeroushalayim_A-de-Fd-1.jpg\",\"articleSection\":[\"Hintergrundartikel\",\"Weltiche Musik\"],\"inLanguage\":\"de\"},{\"@type\":\"WebPage\",\"@id\":\"https:\\\/\\\/www.iemj.org\\\/de\\\/yeroushalayim-shel-zahav-jerusalem-dor\\\/\",\"url\":\"https:\\\/\\\/www.iemj.org\\\/de\\\/yeroushalayim-shel-zahav-jerusalem-dor\\\/\",\"name\":\"Jerusalem aus Gold, ein Lied von Naomi Shemer - Institut Europ\u00e9en des Musiques Juives\",\"isPartOf\":{\"@id\":\"https:\\\/\\\/www.iemj.org\\\/de\\\/#website\"},\"primaryImageOfPage\":{\"@id\":\"https:\\\/\\\/www.iemj.org\\\/de\\\/yeroushalayim-shel-zahav-jerusalem-dor\\\/#primaryimage\"},\"image\":{\"@id\":\"https:\\\/\\\/www.iemj.org\\\/de\\\/yeroushalayim-shel-zahav-jerusalem-dor\\\/#primaryimage\"},\"thumbnailUrl\":\"https:\\\/\\\/www.iemj.org\\\/wp-content\\\/uploads\\\/2020\\\/05\\\/Logo-Yeroushalayim_A-de-Fd-1.jpg\",\"datePublished\":\"2020-05-14T15:05:22+00:00\",\"dateModified\":\"2024-05-23T17:39:08+00:00\",\"breadcrumb\":{\"@id\":\"https:\\\/\\\/www.iemj.org\\\/de\\\/yeroushalayim-shel-zahav-jerusalem-dor\\\/#breadcrumb\"},\"inLanguage\":\"de\",\"potentialAction\":[{\"@type\":\"ReadAction\",\"target\":[\"https:\\\/\\\/www.iemj.org\\\/de\\\/yeroushalayim-shel-zahav-jerusalem-dor\\\/\"]}]},{\"@type\":\"ImageObject\",\"inLanguage\":\"de\",\"@id\":\"https:\\\/\\\/www.iemj.org\\\/de\\\/yeroushalayim-shel-zahav-jerusalem-dor\\\/#primaryimage\",\"url\":\"https:\\\/\\\/www.iemj.org\\\/wp-content\\\/uploads\\\/2020\\\/05\\\/Logo-Yeroushalayim_A-de-Fd-1.jpg\",\"contentUrl\":\"https:\\\/\\\/www.iemj.org\\\/wp-content\\\/uploads\\\/2020\\\/05\\\/Logo-Yeroushalayim_A-de-Fd-1.jpg\",\"width\":500,\"height\":500},{\"@type\":\"BreadcrumbList\",\"@id\":\"https:\\\/\\\/www.iemj.org\\\/de\\\/yeroushalayim-shel-zahav-jerusalem-dor\\\/#breadcrumb\",\"itemListElement\":[{\"@type\":\"ListItem\",\"position\":1,\"name\":\"Accueil\",\"item\":\"https:\\\/\\\/www.iemj.org\\\/de\\\/\"},{\"@type\":\"ListItem\",\"position\":2,\"name\":\"Jerusalem aus Gold, ein Lied von Naomi Shemer\"}]},{\"@type\":\"WebSite\",\"@id\":\"https:\\\/\\\/www.iemj.org\\\/de\\\/#website\",\"url\":\"https:\\\/\\\/www.iemj.org\\\/de\\\/\",\"name\":\"Institut Europ\u00e9en des Musiques Juives\",\"description\":\"Des traditions musicales \u00e0 la port\u00e9e de tous\",\"publisher\":{\"@id\":\"https:\\\/\\\/www.iemj.org\\\/de\\\/#organization\"},\"potentialAction\":[{\"@type\":\"SearchAction\",\"target\":{\"@type\":\"EntryPoint\",\"urlTemplate\":\"https:\\\/\\\/www.iemj.org\\\/de\\\/?s={search_term_string}\"},\"query-input\":{\"@type\":\"PropertyValueSpecification\",\"valueRequired\":true,\"valueName\":\"search_term_string\"}}],\"inLanguage\":\"de\"},{\"@type\":\"Organization\",\"@id\":\"https:\\\/\\\/www.iemj.org\\\/de\\\/#organization\",\"name\":\"Institut Europ\u00e9en des Musiques Juives\",\"url\":\"https:\\\/\\\/www.iemj.org\\\/de\\\/\",\"logo\":{\"@type\":\"ImageObject\",\"inLanguage\":\"de\",\"@id\":\"https:\\\/\\\/www.iemj.org\\\/de\\\/#\\\/schema\\\/logo\\\/image\\\/\",\"url\":\"https:\\\/\\\/www.iemj.org\\\/wp-content\\\/uploads\\\/2021\\\/09\\\/Logo-IEMJ-Paypal.jpg\",\"contentUrl\":\"https:\\\/\\\/www.iemj.org\\\/wp-content\\\/uploads\\\/2021\\\/09\\\/Logo-IEMJ-Paypal.jpg\",\"width\":150,\"height\":50,\"caption\":\"Institut Europ\u00e9en des Musiques Juives\"},\"image\":{\"@id\":\"https:\\\/\\\/www.iemj.org\\\/de\\\/#\\\/schema\\\/logo\\\/image\\\/\"},\"sameAs\":[\"https:\\\/\\\/www.facebook.com\\\/MusiquesJuives\\\/\",\"https:\\\/\\\/www.instagram.com\\\/musiquesjuives\\\/\",\"https:\\\/\\\/www.youtube.com\\\/user\\\/musiquesjuives\"]},{\"@type\":\"Person\",\"@id\":\"https:\\\/\\\/www.iemj.org\\\/de\\\/#\\\/schema\\\/person\\\/906134402c29d5c76e7b726261dd4bbd\",\"name\":\"Herv\u00e9 Roten\",\"image\":{\"@type\":\"ImageObject\",\"inLanguage\":\"de\",\"@id\":\"https:\\\/\\\/secure.gravatar.com\\\/avatar\\\/f96ad2db538a26481f18384936b5cd0610c92d390c4dc382209216d455f685ff?s=96&d=mm&r=g\",\"url\":\"https:\\\/\\\/secure.gravatar.com\\\/avatar\\\/f96ad2db538a26481f18384936b5cd0610c92d390c4dc382209216d455f685ff?s=96&d=mm&r=g\",\"contentUrl\":\"https:\\\/\\\/secure.gravatar.com\\\/avatar\\\/f96ad2db538a26481f18384936b5cd0610c92d390c4dc382209216d455f685ff?s=96&d=mm&r=g\",\"caption\":\"Herv\u00e9 Roten\"}}]}<\/script>\n<!-- \/ Yoast SEO plugin. -->","yoast_head_json":{"title":"Jerusalem aus Gold, ein Lied von Naomi Shemer - Institut Europ\u00e9en des Musiques Juives","robots":{"index":"index","follow":"follow","max-snippet":"max-snippet:-1","max-image-preview":"max-image-preview:large","max-video-preview":"max-video-preview:-1"},"canonical":"https:\/\/www.iemj.org\/de\/yeroushalayim-shel-zahav-jerusalem-dor\/","og_locale":"de_DE","og_type":"article","og_title":"Jerusalem aus Gold, ein Lied von Naomi Shemer - Institut Europ\u00e9en des Musiques Juives","og_description":"Jerusalem aus Gold (Hebr\u00e4isch: \u05d9\u05e8\u05d5\u05e9\u05dc\u05d9\u05dd \u05e9\u05dc \u05d6\u05d4\u05d1 &#8211; Yerushalayim shel zahav) ist der Titel eines sehr bekannten israelischen Lieds, welches 1967 von Naomi Shemer geschrieben wurde. Das Lied wurde zun\u00e4chst","og_url":"https:\/\/www.iemj.org\/de\/yeroushalayim-shel-zahav-jerusalem-dor\/","og_site_name":"Institut Europ\u00e9en des Musiques Juives","article_publisher":"https:\/\/www.facebook.com\/MusiquesJuives\/","article_published_time":"2020-05-14T15:05:22+00:00","article_modified_time":"2024-05-23T17:39:08+00:00","og_image":[{"width":500,"height":500,"url":"https:\/\/www.iemj.org\/wp-content\/uploads\/2020\/05\/Logo-Yeroushalayim_A-de-Fd-1.jpg","type":"image\/jpeg"}],"author":"Herv\u00e9 Roten","twitter_card":"summary_large_image","twitter_misc":{"Verfasst von":"Herv\u00e9 Roten","Gesch\u00e4tzte Lesezeit":"5\u00a0Minuten"},"schema":{"@context":"https:\/\/schema.org","@graph":[{"@type":"Article","@id":"https:\/\/www.iemj.org\/de\/yeroushalayim-shel-zahav-jerusalem-dor\/#article","isPartOf":{"@id":"https:\/\/www.iemj.org\/de\/yeroushalayim-shel-zahav-jerusalem-dor\/"},"author":{"name":"Herv\u00e9 Roten","@id":"https:\/\/www.iemj.org\/de\/#\/schema\/person\/906134402c29d5c76e7b726261dd4bbd"},"headline":"Jerusalem aus Gold, ein Lied von Naomi Shemer","datePublished":"2020-05-14T15:05:22+00:00","dateModified":"2024-05-23T17:39:08+00:00","mainEntityOfPage":{"@id":"https:\/\/www.iemj.org\/de\/yeroushalayim-shel-zahav-jerusalem-dor\/"},"wordCount":727,"publisher":{"@id":"https:\/\/www.iemj.org\/de\/#organization"},"image":{"@id":"https:\/\/www.iemj.org\/de\/yeroushalayim-shel-zahav-jerusalem-dor\/#primaryimage"},"thumbnailUrl":"https:\/\/www.iemj.org\/wp-content\/uploads\/2020\/05\/Logo-Yeroushalayim_A-de-Fd-1.jpg","articleSection":["Hintergrundartikel","Weltiche Musik"],"inLanguage":"de"},{"@type":"WebPage","@id":"https:\/\/www.iemj.org\/de\/yeroushalayim-shel-zahav-jerusalem-dor\/","url":"https:\/\/www.iemj.org\/de\/yeroushalayim-shel-zahav-jerusalem-dor\/","name":"Jerusalem aus Gold, ein Lied von Naomi Shemer - Institut Europ\u00e9en des Musiques Juives","isPartOf":{"@id":"https:\/\/www.iemj.org\/de\/#website"},"primaryImageOfPage":{"@id":"https:\/\/www.iemj.org\/de\/yeroushalayim-shel-zahav-jerusalem-dor\/#primaryimage"},"image":{"@id":"https:\/\/www.iemj.org\/de\/yeroushalayim-shel-zahav-jerusalem-dor\/#primaryimage"},"thumbnailUrl":"https:\/\/www.iemj.org\/wp-content\/uploads\/2020\/05\/Logo-Yeroushalayim_A-de-Fd-1.jpg","datePublished":"2020-05-14T15:05:22+00:00","dateModified":"2024-05-23T17:39:08+00:00","breadcrumb":{"@id":"https:\/\/www.iemj.org\/de\/yeroushalayim-shel-zahav-jerusalem-dor\/#breadcrumb"},"inLanguage":"de","potentialAction":[{"@type":"ReadAction","target":["https:\/\/www.iemj.org\/de\/yeroushalayim-shel-zahav-jerusalem-dor\/"]}]},{"@type":"ImageObject","inLanguage":"de","@id":"https:\/\/www.iemj.org\/de\/yeroushalayim-shel-zahav-jerusalem-dor\/#primaryimage","url":"https:\/\/www.iemj.org\/wp-content\/uploads\/2020\/05\/Logo-Yeroushalayim_A-de-Fd-1.jpg","contentUrl":"https:\/\/www.iemj.org\/wp-content\/uploads\/2020\/05\/Logo-Yeroushalayim_A-de-Fd-1.jpg","width":500,"height":500},{"@type":"BreadcrumbList","@id":"https:\/\/www.iemj.org\/de\/yeroushalayim-shel-zahav-jerusalem-dor\/#breadcrumb","itemListElement":[{"@type":"ListItem","position":1,"name":"Accueil","item":"https:\/\/www.iemj.org\/de\/"},{"@type":"ListItem","position":2,"name":"Jerusalem aus Gold, ein Lied von Naomi Shemer"}]},{"@type":"WebSite","@id":"https:\/\/www.iemj.org\/de\/#website","url":"https:\/\/www.iemj.org\/de\/","name":"Institut Europ\u00e9en des Musiques Juives","description":"Des traditions musicales \u00e0 la port\u00e9e de tous","publisher":{"@id":"https:\/\/www.iemj.org\/de\/#organization"},"potentialAction":[{"@type":"SearchAction","target":{"@type":"EntryPoint","urlTemplate":"https:\/\/www.iemj.org\/de\/?s={search_term_string}"},"query-input":{"@type":"PropertyValueSpecification","valueRequired":true,"valueName":"search_term_string"}}],"inLanguage":"de"},{"@type":"Organization","@id":"https:\/\/www.iemj.org\/de\/#organization","name":"Institut Europ\u00e9en des Musiques Juives","url":"https:\/\/www.iemj.org\/de\/","logo":{"@type":"ImageObject","inLanguage":"de","@id":"https:\/\/www.iemj.org\/de\/#\/schema\/logo\/image\/","url":"https:\/\/www.iemj.org\/wp-content\/uploads\/2021\/09\/Logo-IEMJ-Paypal.jpg","contentUrl":"https:\/\/www.iemj.org\/wp-content\/uploads\/2021\/09\/Logo-IEMJ-Paypal.jpg","width":150,"height":50,"caption":"Institut Europ\u00e9en des Musiques Juives"},"image":{"@id":"https:\/\/www.iemj.org\/de\/#\/schema\/logo\/image\/"},"sameAs":["https:\/\/www.facebook.com\/MusiquesJuives\/","https:\/\/www.instagram.com\/musiquesjuives\/","https:\/\/www.youtube.com\/user\/musiquesjuives"]},{"@type":"Person","@id":"https:\/\/www.iemj.org\/de\/#\/schema\/person\/906134402c29d5c76e7b726261dd4bbd","name":"Herv\u00e9 Roten","image":{"@type":"ImageObject","inLanguage":"de","@id":"https:\/\/secure.gravatar.com\/avatar\/f96ad2db538a26481f18384936b5cd0610c92d390c4dc382209216d455f685ff?s=96&d=mm&r=g","url":"https:\/\/secure.gravatar.com\/avatar\/f96ad2db538a26481f18384936b5cd0610c92d390c4dc382209216d455f685ff?s=96&d=mm&r=g","contentUrl":"https:\/\/secure.gravatar.com\/avatar\/f96ad2db538a26481f18384936b5cd0610c92d390c4dc382209216d455f685ff?s=96&d=mm&r=g","caption":"Herv\u00e9 Roten"}}]}},"_links":{"self":[{"href":"https:\/\/www.iemj.org\/de\/wp-json\/wp\/v2\/posts\/71473","targetHints":{"allow":["GET"]}}],"collection":[{"href":"https:\/\/www.iemj.org\/de\/wp-json\/wp\/v2\/posts"}],"about":[{"href":"https:\/\/www.iemj.org\/de\/wp-json\/wp\/v2\/types\/post"}],"author":[{"embeddable":true,"href":"https:\/\/www.iemj.org\/de\/wp-json\/wp\/v2\/users\/1045"}],"replies":[{"embeddable":true,"href":"https:\/\/www.iemj.org\/de\/wp-json\/wp\/v2\/comments?post=71473"}],"version-history":[{"count":0,"href":"https:\/\/www.iemj.org\/de\/wp-json\/wp\/v2\/posts\/71473\/revisions"}],"wp:featuredmedia":[{"embeddable":true,"href":"https:\/\/www.iemj.org\/de\/wp-json\/wp\/v2\/media\/112359"}],"wp:attachment":[{"href":"https:\/\/www.iemj.org\/de\/wp-json\/wp\/v2\/media?parent=71473"}],"wp:term":[{"taxonomy":"category","embeddable":true,"href":"https:\/\/www.iemj.org\/de\/wp-json\/wp\/v2\/categories?post=71473"},{"taxonomy":"post_tag","embeddable":true,"href":"https:\/\/www.iemj.org\/de\/wp-json\/wp\/v2\/tags?post=71473"},{"taxonomy":"technique","embeddable":true,"href":"https:\/\/www.iemj.org\/de\/wp-json\/wp\/v2\/technique?post=71473"},{"taxonomy":"squelettes","embeddable":true,"href":"https:\/\/www.iemj.org\/de\/wp-json\/wp\/v2\/squelettes?post=71473"},{"taxonomy":"sujet","embeddable":true,"href":"https:\/\/www.iemj.org\/de\/wp-json\/wp\/v2\/sujet?post=71473"},{"taxonomy":"formation","embeddable":true,"href":"https:\/\/www.iemj.org\/de\/wp-json\/wp\/v2\/formation?post=71473"},{"taxonomy":"genre","embeddable":true,"href":"https:\/\/www.iemj.org\/de\/wp-json\/wp\/v2\/genre?post=71473"},{"taxonomy":"fonds","embeddable":true,"href":"https:\/\/www.iemj.org\/de\/wp-json\/wp\/v2\/fonds?post=71473"},{"taxonomy":"tradition","embeddable":true,"href":"https:\/\/www.iemj.org\/de\/wp-json\/wp\/v2\/tradition?post=71473"},{"taxonomy":"type-de-contenu","embeddable":true,"href":"https:\/\/www.iemj.org\/de\/wp-json\/wp\/v2\/type-de-contenu?post=71473"},{"taxonomy":"interprete-compositeur","embeddable":true,"href":"https:\/\/www.iemj.org\/de\/wp-json\/wp\/v2\/interprete-compositeur?post=71473"},{"taxonomy":"frise","embeddable":true,"href":"https:\/\/www.iemj.org\/de\/wp-json\/wp\/v2\/frise?post=71473"},{"taxonomy":"type-devenement","embeddable":true,"href":"https:\/\/www.iemj.org\/de\/wp-json\/wp\/v2\/type-devenement?post=71473"},{"taxonomy":"tableaux-liens-externes","embeddable":true,"href":"https:\/\/www.iemj.org\/de\/wp-json\/wp\/v2\/tableaux-liens-externes?post=71473"}],"curies":[{"name":"wp","href":"https:\/\/api.w.org\/{rel}","templated":true}]}}