{"id":71554,"date":"2016-05-26T09:48:41","date_gmt":"2016-05-26T07:48:41","guid":{"rendered":"https:\/\/www.iemj.org\/les-traditions-musicales-des-juifs-dethiopie\/"},"modified":"2026-04-30T12:26:36","modified_gmt":"2026-04-30T10:26:36","slug":"les-traditions-musicales-des-juifs-dethiopie","status":"publish","type":"post","link":"https:\/\/www.iemj.org\/de\/les-traditions-musicales-des-juifs-dethiopie\/","title":{"rendered":"Die musiktraditionen der \u00c4thiopischen Juden"},"content":{"rendered":"<p><strong>Entdecken Sie die Geschichte und die Musik der \u00e4thiopischen Juden<\/strong><\/p>\n<p>Der m\u00fcndlichen \u00dcberlieferung zufolge, handelt es sich bei den \u00e4thiopischen Juden um die Nachkommen Meneliks, den Sohn, welcher der fleischlichen Vereinigung zwischen der K\u00f6nigin von Saba und dem K\u00f6nig Salomon entstammte.<\/p>\n<p>Es existieren heute drei Erkl\u00e4rungsans\u00e4tze, bez\u00fcglich der Herkunft der \u00e4thiopischen Juden. Der erste Ansatz neigt dazu, diese Juden, welche <em>Beta Israel<\/em> (Haus Israel) oder auch <em>Falaschah<\/em> (abwertender Begriff, der so viel wie \u201ewurzellos\u201c oder \u201eExilanten\u201c bedeutet) genannt werden, als Nachkommen der j\u00fcdischen Bev\u00f6lkerung zu betrachten, welche nach der Zerst\u00f6rung des Ersten Tempels an diesem Ort Zuflucht fand. Sp\u00e4tere Auswanderungen, insbesondere aus \u00c4gypten, sind ebenfalls nicht auszuschlie\u00dfen. Der zweite Ansatz bezieht sich auf die Konversion einer einst \u00e4thiopischen christlichen Gemeinde zum Judaismus.\u00a0 Der dritte Ansatz vertritt schlie\u00dflich die Meinung, dass die ethnische Gruppe der <em>Beta Israel<\/em> aus verschiedenen einheimischen Bev\u00f6lkerungsgruppen entstanden ist, deren j\u00fcdische Identit\u00e4t sich so \u00fcber die Zeit hinweg allm\u00e4hlich herauskristallisierte. Heute gibt es keine Juden mehr in \u00c4thiopien. Die massive Auswanderung der \u00e4thiopischen Juden fand in drei aufeinanderfolgenden Wellen statt: Die Operation Moses (1984), die Operation Saba (1985) und die Operation Salomon (1991).<\/p>\n<p><img fetchpriority=\"high\" decoding=\"async\" class=\" alignright size-full wp-image-10855\" src=\"https:\/\/www.iemj.org\/wp-content\/uploads\/2016\/05\/doc_2_ethiopie500px50-2.jpg\" alt=\"doc_2_ethiopie500px50-2.jpg\" width=\"250\" height=\"376\" align=\"right\" srcset=\"https:\/\/www.iemj.org\/wp-content\/uploads\/2016\/05\/doc_2_ethiopie500px50-2.jpg 250w, https:\/\/www.iemj.org\/wp-content\/uploads\/2016\/05\/doc_2_ethiopie500px50-2-199x300.jpg 199w\" sizes=\"(max-width: 250px) 100vw, 250px\" \/><\/p>\n<p>Infolge des israelischen Integrationsprozesses, begann der Musikethnologe Simha Arom 1986 damit, eine Gruppe von Forscher um sich zu versammeln, um die Traditionen der \u00e4thiopischen Juden zu bewahren und zu untersuchen.<\/p>\n<p>Die \u00e4thiopische Liturgie besteht aus gesprochenen und gesungenen Gebeten, welche ausschlie\u00dflich von M\u00e4nnerstimmen auf<em> Ge\u2019ez<\/em> (einer alt\u00e4thiopischen Sprache) vorgetragen werden. Es ist dar\u00fcber hinaus bemerkenswert, wie stark die Musik der <em>Beta Israel<\/em> zwar einzigartig, dennoch aber auch in ihrem geographischen Kontext verankert ist. Die Kl\u00e4nge der Musik zeugen von ihrer afrikanischen Herkunft. So wird erneut deutlich, wie stark die j\u00fcdische Musik in der Lage ist, sich an Sprachelemente aus den umliegenden \u00a0Kulturen aufzunehmen, oder diese gar zu \u00fcbernehmen. <b><span class=\"footnote_referrer\"><a role=\"button\" tabindex=\"0\" onclick=\"footnote_moveToReference_71554_1('footnote_plugin_reference_71554_1_1');\" onkeypress=\"footnote_moveToReference_71554_1('footnote_plugin_reference_71554_1_1');\" ><sup id=\"footnote_plugin_tooltip_71554_1_1\" class=\"footnote_plugin_tooltip_text\">[1]<\/sup><\/a><span id=\"footnote_plugin_tooltip_text_71554_1_1\" class=\"footnote_tooltip\">1<em>.<\/em> : Auszug aus dem Werk Musiques liturgiques juives : parcours et escales \u2013 Herv\u00e9 Roten \u2013 Actes Sud et Cit\u00e9 de la Musique, 1998, Paris.<\/span><\/span><script type=\"text\/javascript\"> jQuery('#footnote_plugin_tooltip_71554_1_1').tooltip({ tip: '#footnote_plugin_tooltip_text_71554_1_1', tipClass: 'footnote_tooltip', effect: 'fade', predelay: 0, fadeInSpeed: 200, delay: 400, fadeOutSpeed: 200, position: 'top center', relative: true, offset: [-7, 0], });<\/script><\/b><\/p>\n<ul>\n<li><a href=\"https:\/\/www.iemj.org\/de\/the-ethiopian-jewish-liturgical-singing\/\" target=\"_blank\" rel=\"noopener\">H\u00f6ren Sie sich die Radiosendung an: <em>Le chant liturgique juif \u00e9thiopien<\/em><\/a><\/li>\n<li><a href=\"http:\/\/www.francemusique.fr\/emission\/carnet-de-voyage\/2014-2015\/le-carnet-de-voyage-de-simha-arom-06-14-2015-19-00\">H\u00f6ren Sie sich die Radiosendung an: <em>Le carnet de voyage de Simha Arom \u2013 France Musique<\/em><\/a><\/li>\n<li><a href=\"https:\/\/www.iemj.org\/de\/arom-simha-1930\/\" target=\"_blank\" rel=\"noopener\">Lesen Sie die Bigrafie von Simha Arom<\/a><\/li>\n<li><a href=\"https:\/\/www.iemj.org\/de\/musiques-liturgiques-juives\/\" target=\"_blank\" rel=\"noopener\">Lesen Sie das Werk\u00a0<strong>Musiques liturgiques juives : parcours et escales \u2013 Herv\u00e9 Roten \u2013 Actes Sud et Cit\u00e9 de la Musique, 1998, Paris<\/strong><\/a><\/li>\n<\/ul>\n<p><img decoding=\"async\" class=\" aligncenter size-full wp-image-10859\" src=\"https:\/\/www.iemj.org\/wp-content\/uploads\/2016\/05\/doc3ethiopie500px50.jpg\" alt=\"doc3ethiopie500px50.jpg\" width=\"250\" height=\"256\" align=\"middle\" \/><\/p>\n\n<div class=\"wp-block-image\">\n<figure class=\"aligncenter size-large\"><img decoding=\"async\" width=\"1024\" height=\"133\" src=\"https:\/\/www.iemj.org\/wp-content\/uploads\/2024\/03\/AUDIO-PLAYER-1024x133.png\" alt=\"\" class=\"wp-image-110606\" srcset=\"https:\/\/www.iemj.org\/wp-content\/uploads\/2024\/03\/AUDIO-PLAYER-1024x133.png 1024w, https:\/\/www.iemj.org\/wp-content\/uploads\/2024\/03\/AUDIO-PLAYER-300x39.png 300w, https:\/\/www.iemj.org\/wp-content\/uploads\/2024\/03\/AUDIO-PLAYER-768x100.png 768w, https:\/\/www.iemj.org\/wp-content\/uploads\/2024\/03\/AUDIO-PLAYER-600x78.png 600w, https:\/\/www.iemj.org\/wp-content\/uploads\/2024\/03\/AUDIO-PLAYER.png 1210w\" sizes=\"(max-width: 1024px) 100vw, 1024px\" \/><\/figure>\n<\/div>\n\n\n<h2 class=\"wp-block-heading\"><\/h2>\n\n\n\n<div class=\"wp-block-file\"><a href=\"https:\/\/www.iemj.org\/wp-content\/uploads\/2016\/05\/11_wafetsemo_rite_ethiopien.mp3\"> Wafetsemo &#8211; Liturgie juive d&#8217;Ethiopie<\/a><\/div>\n\n\n\n<div class=\"wp-block-file\"><a href=\"https:\/\/www.iemj.org\/wp-content\/uploads\/2016\/05\/06_wanevivo_egzee_aviher_limusye.mp3\">Wanevivo Egzee&#8217;aviher Limusye &#8211; Liturgie juive d&#8217;Ethiopie<\/a><\/div>\n\n\n\n<div class=\"wp-block-file\"><a href=\"https:\/\/www.iemj.org\/wp-content\/uploads\/2016\/05\/12_baruk_ata_adonay_rite_ethiopien.mp3\">Baruk&#8216; ata Adonay &#8211; Liturgie juive d&#8217;Ethiopie<\/a><\/div>\n\n\n\n<div class=\"wp-block-file\"><a href=\"https:\/\/www.iemj.org\/wp-content\/uploads\/2016\/05\/04_wi_itu_amlakeeye_isebho.mp3\">Wi&#8217;itu Amlakeeye Isebho &#8211; Liturgies juives d&#8217;Ethiopie<\/a><\/div>\n\n\n\n<div class=\"wp-block-file\"><a href=\"https:\/\/www.iemj.org\/wp-content\/uploads\/2016\/05\/13_chants_pour_la_circoncision.mp3\">Chants Pour la Circoncision &#8211; Liturgie juive d&#8217;Ethiopie<\/a><\/div>\n\n\n\n<div class=\"wp-block-file\"><a href=\"https:\/\/www.iemj.org\/wp-content\/uploads\/2016\/05\/14_prieres_pour_la_ceremonie_du_mariage.mp3\">Prieres Pour la Ceremonie du Mariage &#8211; Liturgie juive d&#8217;Ethiopie<\/a><\/div>\n\n\n\n<div class=\"wp-block-file\"><a href=\"https:\/\/www.iemj.org\/wp-content\/uploads\/2016\/05\/08_yitbarek.mp3\">Yitbarek &#8211; Liturgie juives d&#8217;Ethiopie<\/a><\/div>\n<div class=\"speaker-mute footnotes_reference_container\"> <div class=\"footnote_container_prepare\"><p><span role=\"button\" tabindex=\"0\" class=\"footnote_reference_container_label pointer\" onclick=\"footnote_expand_collapse_reference_container_71554_1();\">&#x202F;<\/span><span role=\"button\" tabindex=\"0\" class=\"footnote_reference_container_collapse_button\" style=\"display: none;\" onclick=\"footnote_expand_collapse_reference_container_71554_1();\">[<a id=\"footnote_reference_container_collapse_button_71554_1\">+<\/a>]<\/span><\/p><\/div> <div id=\"footnote_references_container_71554_1\" style=\"\"><table class=\"footnotes_table footnote-reference-container\"><caption class=\"accessibility\">References<\/caption> <tbody> \r\n\r\n<tr class=\"footnotes_plugin_reference_row\"> <th scope=\"row\" class=\"footnote_plugin_index_combi pointer\"  onclick=\"footnote_moveToAnchor_71554_1('footnote_plugin_tooltip_71554_1_1');\"><a id=\"footnote_plugin_reference_71554_1_1\" class=\"footnote_backlink\">1<\/a><\/th> <td class=\"footnote_plugin_text\">1<em>.<\/em> : Auszug aus dem Werk Musiques liturgiques juives : parcours et escales \u2013 Herv\u00e9 Roten \u2013 Actes Sud et Cit\u00e9 de la Musique, 1998, Paris.<\/td><\/tr>\r\n\r\n <\/tbody> <\/table> <\/div><\/div><script type=\"text\/javascript\"> function footnote_expand_reference_container_71554_1() { jQuery('#footnote_references_container_71554_1').show(); jQuery('#footnote_reference_container_collapse_button_71554_1').text('\u2212'); } function footnote_collapse_reference_container_71554_1() { jQuery('#footnote_references_container_71554_1').hide(); jQuery('#footnote_reference_container_collapse_button_71554_1').text('+'); } function footnote_expand_collapse_reference_container_71554_1() { if (jQuery('#footnote_references_container_71554_1').is(':hidden')) { footnote_expand_reference_container_71554_1(); } else { footnote_collapse_reference_container_71554_1(); } } function footnote_moveToReference_71554_1(p_str_TargetID) { footnote_expand_reference_container_71554_1(); var l_obj_Target = jQuery('#' + p_str_TargetID); if (l_obj_Target.length) { jQuery( 'html, body' ).delay( 0 ); jQuery('html, body').animate({ scrollTop: l_obj_Target.offset().top - window.innerHeight * 0.2 }, 380); } } function footnote_moveToAnchor_71554_1(p_str_TargetID) { footnote_expand_reference_container_71554_1(); var l_obj_Target = jQuery('#' + p_str_TargetID); if (l_obj_Target.length) { jQuery( 'html, body' ).delay( 0 ); jQuery('html, body').animate({ scrollTop: l_obj_Target.offset().top - window.innerHeight * 0.2 }, 380); } }<\/script>","protected":false},"excerpt":{"rendered":"<p>Entdecken Sie die Geschichte und die Musik der \u00e4thiopischen Juden Der m\u00fcndlichen \u00dcberlieferung zufolge, handelt es sich bei den \u00e4thiopischen Juden um die Nachkommen Meneliks, den Sohn, welcher der fleischlichen<\/p>\n","protected":false},"author":1052,"featured_media":71555,"comment_status":"closed","ping_status":"closed","sticky":false,"template":"","format":"standard","meta":{"_acf_changed":false,"footnotes":""},"categories":[1534],"tags":[2082],"technique":[],"squelettes":[],"sujet":[],"formation":[],"genre":[],"fonds":[],"tradition":[],"type-de-contenu":[],"interprete-compositeur":[],"frise":[],"type-devenement":[],"tableaux-liens-externes":[],"class_list":["post-71554","post","type-post","status-publish","format-standard","has-post-thumbnail","hentry","category-playlists-de","tag-athiopien-de"],"acf":[],"yoast_head":"<!-- This site is optimized with the Yoast SEO plugin v27.3 - https:\/\/yoast.com\/product\/yoast-seo-wordpress\/ -->\n<title>Die musiktraditionen der \u00c4thiopischen Juden - Institut Europ\u00e9en des Musiques Juives<\/title>\n<meta name=\"robots\" content=\"index, follow, max-snippet:-1, max-image-preview:large, max-video-preview:-1\" \/>\n<link rel=\"canonical\" href=\"https:\/\/www.iemj.org\/de\/les-traditions-musicales-des-juifs-dethiopie\/\" \/>\n<meta property=\"og:locale\" content=\"de_DE\" \/>\n<meta property=\"og:type\" content=\"article\" \/>\n<meta property=\"og:title\" content=\"Die musiktraditionen der \u00c4thiopischen Juden - Institut Europ\u00e9en des Musiques Juives\" \/>\n<meta property=\"og:description\" content=\"Entdecken Sie die Geschichte und die Musik der \u00e4thiopischen Juden Der m\u00fcndlichen \u00dcberlieferung zufolge, handelt es sich bei den \u00e4thiopischen Juden um die Nachkommen Meneliks, den Sohn, welcher der fleischlichen\" \/>\n<meta property=\"og:url\" content=\"https:\/\/www.iemj.org\/de\/les-traditions-musicales-des-juifs-dethiopie\/\" \/>\n<meta property=\"og:site_name\" content=\"Institut Europ\u00e9en des Musiques Juives\" \/>\n<meta property=\"article:publisher\" content=\"https:\/\/www.facebook.com\/MusiquesJuives\/\" \/>\n<meta property=\"article:published_time\" content=\"2016-05-26T07:48:41+00:00\" \/>\n<meta property=\"article:modified_time\" content=\"2026-04-30T10:26:36+00:00\" \/>\n<meta property=\"og:image\" content=\"https:\/\/www.iemj.org\/wp-content\/uploads\/2016\/05\/arton1725.jpg\" \/>\n\t<meta property=\"og:image:width\" content=\"500\" \/>\n\t<meta property=\"og:image:height\" content=\"456\" \/>\n\t<meta property=\"og:image:type\" content=\"image\/jpeg\" \/>\n<meta name=\"author\" content=\"Lea Couderc\" \/>\n<meta name=\"twitter:card\" content=\"summary_large_image\" \/>\n<meta name=\"twitter:label1\" content=\"Verfasst von\" \/>\n\t<meta name=\"twitter:data1\" content=\"Lea Couderc\" \/>\n\t<meta name=\"twitter:label2\" content=\"Gesch\u00e4tzte Lesezeit\" \/>\n\t<meta name=\"twitter:data2\" content=\"3\u00a0Minuten\" \/>\n<script type=\"application\/ld+json\" class=\"yoast-schema-graph\">{\"@context\":\"https:\\\/\\\/schema.org\",\"@graph\":[{\"@type\":\"Article\",\"@id\":\"https:\\\/\\\/www.iemj.org\\\/de\\\/les-traditions-musicales-des-juifs-dethiopie\\\/#article\",\"isPartOf\":{\"@id\":\"https:\\\/\\\/www.iemj.org\\\/de\\\/les-traditions-musicales-des-juifs-dethiopie\\\/\"},\"author\":{\"name\":\"Lea Couderc\",\"@id\":\"https:\\\/\\\/www.iemj.org\\\/de\\\/#\\\/schema\\\/person\\\/e2ad57f2c4be119c7ed8ab79036807a9\"},\"headline\":\"Die musiktraditionen der \u00c4thiopischen Juden\",\"datePublished\":\"2016-05-26T07:48:41+00:00\",\"dateModified\":\"2026-04-30T10:26:36+00:00\",\"mainEntityOfPage\":{\"@id\":\"https:\\\/\\\/www.iemj.org\\\/de\\\/les-traditions-musicales-des-juifs-dethiopie\\\/\"},\"wordCount\":451,\"publisher\":{\"@id\":\"https:\\\/\\\/www.iemj.org\\\/de\\\/#organization\"},\"image\":{\"@id\":\"https:\\\/\\\/www.iemj.org\\\/de\\\/les-traditions-musicales-des-juifs-dethiopie\\\/#primaryimage\"},\"thumbnailUrl\":\"https:\\\/\\\/www.iemj.org\\\/wp-content\\\/uploads\\\/2016\\\/05\\\/arton1725.jpg\",\"keywords\":[\"\u00c4thiopien\"],\"articleSection\":[\"Playlists\"],\"inLanguage\":\"de\"},{\"@type\":\"WebPage\",\"@id\":\"https:\\\/\\\/www.iemj.org\\\/de\\\/les-traditions-musicales-des-juifs-dethiopie\\\/\",\"url\":\"https:\\\/\\\/www.iemj.org\\\/de\\\/les-traditions-musicales-des-juifs-dethiopie\\\/\",\"name\":\"Die musiktraditionen der \u00c4thiopischen Juden - Institut Europ\u00e9en des Musiques Juives\",\"isPartOf\":{\"@id\":\"https:\\\/\\\/www.iemj.org\\\/de\\\/#website\"},\"primaryImageOfPage\":{\"@id\":\"https:\\\/\\\/www.iemj.org\\\/de\\\/les-traditions-musicales-des-juifs-dethiopie\\\/#primaryimage\"},\"image\":{\"@id\":\"https:\\\/\\\/www.iemj.org\\\/de\\\/les-traditions-musicales-des-juifs-dethiopie\\\/#primaryimage\"},\"thumbnailUrl\":\"https:\\\/\\\/www.iemj.org\\\/wp-content\\\/uploads\\\/2016\\\/05\\\/arton1725.jpg\",\"datePublished\":\"2016-05-26T07:48:41+00:00\",\"dateModified\":\"2026-04-30T10:26:36+00:00\",\"breadcrumb\":{\"@id\":\"https:\\\/\\\/www.iemj.org\\\/de\\\/les-traditions-musicales-des-juifs-dethiopie\\\/#breadcrumb\"},\"inLanguage\":\"de\",\"potentialAction\":[{\"@type\":\"ReadAction\",\"target\":[\"https:\\\/\\\/www.iemj.org\\\/de\\\/les-traditions-musicales-des-juifs-dethiopie\\\/\"]}]},{\"@type\":\"ImageObject\",\"inLanguage\":\"de\",\"@id\":\"https:\\\/\\\/www.iemj.org\\\/de\\\/les-traditions-musicales-des-juifs-dethiopie\\\/#primaryimage\",\"url\":\"https:\\\/\\\/www.iemj.org\\\/wp-content\\\/uploads\\\/2016\\\/05\\\/arton1725.jpg\",\"contentUrl\":\"https:\\\/\\\/www.iemj.org\\\/wp-content\\\/uploads\\\/2016\\\/05\\\/arton1725.jpg\",\"width\":500,\"height\":456},{\"@type\":\"BreadcrumbList\",\"@id\":\"https:\\\/\\\/www.iemj.org\\\/de\\\/les-traditions-musicales-des-juifs-dethiopie\\\/#breadcrumb\",\"itemListElement\":[{\"@type\":\"ListItem\",\"position\":1,\"name\":\"Accueil\",\"item\":\"https:\\\/\\\/www.iemj.org\\\/de\\\/\"},{\"@type\":\"ListItem\",\"position\":2,\"name\":\"Die musiktraditionen der \u00c4thiopischen Juden\"}]},{\"@type\":\"WebSite\",\"@id\":\"https:\\\/\\\/www.iemj.org\\\/de\\\/#website\",\"url\":\"https:\\\/\\\/www.iemj.org\\\/de\\\/\",\"name\":\"Institut Europ\u00e9en des Musiques Juives\",\"description\":\"Des traditions musicales \u00e0 la port\u00e9e de tous\",\"publisher\":{\"@id\":\"https:\\\/\\\/www.iemj.org\\\/de\\\/#organization\"},\"potentialAction\":[{\"@type\":\"SearchAction\",\"target\":{\"@type\":\"EntryPoint\",\"urlTemplate\":\"https:\\\/\\\/www.iemj.org\\\/de\\\/?s={search_term_string}\"},\"query-input\":{\"@type\":\"PropertyValueSpecification\",\"valueRequired\":true,\"valueName\":\"search_term_string\"}}],\"inLanguage\":\"de\"},{\"@type\":\"Organization\",\"@id\":\"https:\\\/\\\/www.iemj.org\\\/de\\\/#organization\",\"name\":\"Institut Europ\u00e9en des Musiques Juives\",\"url\":\"https:\\\/\\\/www.iemj.org\\\/de\\\/\",\"logo\":{\"@type\":\"ImageObject\",\"inLanguage\":\"de\",\"@id\":\"https:\\\/\\\/www.iemj.org\\\/de\\\/#\\\/schema\\\/logo\\\/image\\\/\",\"url\":\"https:\\\/\\\/www.iemj.org\\\/wp-content\\\/uploads\\\/2021\\\/09\\\/Logo-IEMJ-Paypal.jpg\",\"contentUrl\":\"https:\\\/\\\/www.iemj.org\\\/wp-content\\\/uploads\\\/2021\\\/09\\\/Logo-IEMJ-Paypal.jpg\",\"width\":150,\"height\":50,\"caption\":\"Institut Europ\u00e9en des Musiques Juives\"},\"image\":{\"@id\":\"https:\\\/\\\/www.iemj.org\\\/de\\\/#\\\/schema\\\/logo\\\/image\\\/\"},\"sameAs\":[\"https:\\\/\\\/www.facebook.com\\\/MusiquesJuives\\\/\",\"https:\\\/\\\/www.instagram.com\\\/musiquesjuives\\\/\",\"https:\\\/\\\/www.youtube.com\\\/user\\\/musiquesjuives\"]},{\"@type\":\"Person\",\"@id\":\"https:\\\/\\\/www.iemj.org\\\/de\\\/#\\\/schema\\\/person\\\/e2ad57f2c4be119c7ed8ab79036807a9\",\"name\":\"Lea Couderc\",\"image\":{\"@type\":\"ImageObject\",\"inLanguage\":\"de\",\"@id\":\"https:\\\/\\\/secure.gravatar.com\\\/avatar\\\/46ee021475d60aeff17a7e490b79dea5a5684bb392ab7fd1494027411df8ba23?s=96&d=mm&r=g\",\"url\":\"https:\\\/\\\/secure.gravatar.com\\\/avatar\\\/46ee021475d60aeff17a7e490b79dea5a5684bb392ab7fd1494027411df8ba23?s=96&d=mm&r=g\",\"contentUrl\":\"https:\\\/\\\/secure.gravatar.com\\\/avatar\\\/46ee021475d60aeff17a7e490b79dea5a5684bb392ab7fd1494027411df8ba23?s=96&d=mm&r=g\",\"caption\":\"Lea Couderc\"}}]}<\/script>\n<!-- \/ Yoast SEO plugin. -->","yoast_head_json":{"title":"Die musiktraditionen der \u00c4thiopischen Juden - Institut Europ\u00e9en des Musiques Juives","robots":{"index":"index","follow":"follow","max-snippet":"max-snippet:-1","max-image-preview":"max-image-preview:large","max-video-preview":"max-video-preview:-1"},"canonical":"https:\/\/www.iemj.org\/de\/les-traditions-musicales-des-juifs-dethiopie\/","og_locale":"de_DE","og_type":"article","og_title":"Die musiktraditionen der \u00c4thiopischen Juden - Institut Europ\u00e9en des Musiques Juives","og_description":"Entdecken Sie die Geschichte und die Musik der \u00e4thiopischen Juden Der m\u00fcndlichen \u00dcberlieferung zufolge, handelt es sich bei den \u00e4thiopischen Juden um die Nachkommen Meneliks, den Sohn, welcher der fleischlichen","og_url":"https:\/\/www.iemj.org\/de\/les-traditions-musicales-des-juifs-dethiopie\/","og_site_name":"Institut Europ\u00e9en des Musiques Juives","article_publisher":"https:\/\/www.facebook.com\/MusiquesJuives\/","article_published_time":"2016-05-26T07:48:41+00:00","article_modified_time":"2026-04-30T10:26:36+00:00","og_image":[{"width":500,"height":456,"url":"https:\/\/www.iemj.org\/wp-content\/uploads\/2016\/05\/arton1725.jpg","type":"image\/jpeg"}],"author":"Lea Couderc","twitter_card":"summary_large_image","twitter_misc":{"Verfasst von":"Lea Couderc","Gesch\u00e4tzte Lesezeit":"3\u00a0Minuten"},"schema":{"@context":"https:\/\/schema.org","@graph":[{"@type":"Article","@id":"https:\/\/www.iemj.org\/de\/les-traditions-musicales-des-juifs-dethiopie\/#article","isPartOf":{"@id":"https:\/\/www.iemj.org\/de\/les-traditions-musicales-des-juifs-dethiopie\/"},"author":{"name":"Lea Couderc","@id":"https:\/\/www.iemj.org\/de\/#\/schema\/person\/e2ad57f2c4be119c7ed8ab79036807a9"},"headline":"Die musiktraditionen der \u00c4thiopischen Juden","datePublished":"2016-05-26T07:48:41+00:00","dateModified":"2026-04-30T10:26:36+00:00","mainEntityOfPage":{"@id":"https:\/\/www.iemj.org\/de\/les-traditions-musicales-des-juifs-dethiopie\/"},"wordCount":451,"publisher":{"@id":"https:\/\/www.iemj.org\/de\/#organization"},"image":{"@id":"https:\/\/www.iemj.org\/de\/les-traditions-musicales-des-juifs-dethiopie\/#primaryimage"},"thumbnailUrl":"https:\/\/www.iemj.org\/wp-content\/uploads\/2016\/05\/arton1725.jpg","keywords":["\u00c4thiopien"],"articleSection":["Playlists"],"inLanguage":"de"},{"@type":"WebPage","@id":"https:\/\/www.iemj.org\/de\/les-traditions-musicales-des-juifs-dethiopie\/","url":"https:\/\/www.iemj.org\/de\/les-traditions-musicales-des-juifs-dethiopie\/","name":"Die musiktraditionen der \u00c4thiopischen Juden - Institut Europ\u00e9en des Musiques Juives","isPartOf":{"@id":"https:\/\/www.iemj.org\/de\/#website"},"primaryImageOfPage":{"@id":"https:\/\/www.iemj.org\/de\/les-traditions-musicales-des-juifs-dethiopie\/#primaryimage"},"image":{"@id":"https:\/\/www.iemj.org\/de\/les-traditions-musicales-des-juifs-dethiopie\/#primaryimage"},"thumbnailUrl":"https:\/\/www.iemj.org\/wp-content\/uploads\/2016\/05\/arton1725.jpg","datePublished":"2016-05-26T07:48:41+00:00","dateModified":"2026-04-30T10:26:36+00:00","breadcrumb":{"@id":"https:\/\/www.iemj.org\/de\/les-traditions-musicales-des-juifs-dethiopie\/#breadcrumb"},"inLanguage":"de","potentialAction":[{"@type":"ReadAction","target":["https:\/\/www.iemj.org\/de\/les-traditions-musicales-des-juifs-dethiopie\/"]}]},{"@type":"ImageObject","inLanguage":"de","@id":"https:\/\/www.iemj.org\/de\/les-traditions-musicales-des-juifs-dethiopie\/#primaryimage","url":"https:\/\/www.iemj.org\/wp-content\/uploads\/2016\/05\/arton1725.jpg","contentUrl":"https:\/\/www.iemj.org\/wp-content\/uploads\/2016\/05\/arton1725.jpg","width":500,"height":456},{"@type":"BreadcrumbList","@id":"https:\/\/www.iemj.org\/de\/les-traditions-musicales-des-juifs-dethiopie\/#breadcrumb","itemListElement":[{"@type":"ListItem","position":1,"name":"Accueil","item":"https:\/\/www.iemj.org\/de\/"},{"@type":"ListItem","position":2,"name":"Die musiktraditionen der \u00c4thiopischen Juden"}]},{"@type":"WebSite","@id":"https:\/\/www.iemj.org\/de\/#website","url":"https:\/\/www.iemj.org\/de\/","name":"Institut Europ\u00e9en des Musiques Juives","description":"Des traditions musicales \u00e0 la port\u00e9e de tous","publisher":{"@id":"https:\/\/www.iemj.org\/de\/#organization"},"potentialAction":[{"@type":"SearchAction","target":{"@type":"EntryPoint","urlTemplate":"https:\/\/www.iemj.org\/de\/?s={search_term_string}"},"query-input":{"@type":"PropertyValueSpecification","valueRequired":true,"valueName":"search_term_string"}}],"inLanguage":"de"},{"@type":"Organization","@id":"https:\/\/www.iemj.org\/de\/#organization","name":"Institut Europ\u00e9en des Musiques Juives","url":"https:\/\/www.iemj.org\/de\/","logo":{"@type":"ImageObject","inLanguage":"de","@id":"https:\/\/www.iemj.org\/de\/#\/schema\/logo\/image\/","url":"https:\/\/www.iemj.org\/wp-content\/uploads\/2021\/09\/Logo-IEMJ-Paypal.jpg","contentUrl":"https:\/\/www.iemj.org\/wp-content\/uploads\/2021\/09\/Logo-IEMJ-Paypal.jpg","width":150,"height":50,"caption":"Institut Europ\u00e9en des Musiques Juives"},"image":{"@id":"https:\/\/www.iemj.org\/de\/#\/schema\/logo\/image\/"},"sameAs":["https:\/\/www.facebook.com\/MusiquesJuives\/","https:\/\/www.instagram.com\/musiquesjuives\/","https:\/\/www.youtube.com\/user\/musiquesjuives"]},{"@type":"Person","@id":"https:\/\/www.iemj.org\/de\/#\/schema\/person\/e2ad57f2c4be119c7ed8ab79036807a9","name":"Lea Couderc","image":{"@type":"ImageObject","inLanguage":"de","@id":"https:\/\/secure.gravatar.com\/avatar\/46ee021475d60aeff17a7e490b79dea5a5684bb392ab7fd1494027411df8ba23?s=96&d=mm&r=g","url":"https:\/\/secure.gravatar.com\/avatar\/46ee021475d60aeff17a7e490b79dea5a5684bb392ab7fd1494027411df8ba23?s=96&d=mm&r=g","contentUrl":"https:\/\/secure.gravatar.com\/avatar\/46ee021475d60aeff17a7e490b79dea5a5684bb392ab7fd1494027411df8ba23?s=96&d=mm&r=g","caption":"Lea Couderc"}}]}},"_links":{"self":[{"href":"https:\/\/www.iemj.org\/de\/wp-json\/wp\/v2\/posts\/71554","targetHints":{"allow":["GET"]}}],"collection":[{"href":"https:\/\/www.iemj.org\/de\/wp-json\/wp\/v2\/posts"}],"about":[{"href":"https:\/\/www.iemj.org\/de\/wp-json\/wp\/v2\/types\/post"}],"author":[{"embeddable":true,"href":"https:\/\/www.iemj.org\/de\/wp-json\/wp\/v2\/users\/1052"}],"replies":[{"embeddable":true,"href":"https:\/\/www.iemj.org\/de\/wp-json\/wp\/v2\/comments?post=71554"}],"version-history":[{"count":1,"href":"https:\/\/www.iemj.org\/de\/wp-json\/wp\/v2\/posts\/71554\/revisions"}],"predecessor-version":[{"id":132113,"href":"https:\/\/www.iemj.org\/de\/wp-json\/wp\/v2\/posts\/71554\/revisions\/132113"}],"wp:featuredmedia":[{"embeddable":true,"href":"https:\/\/www.iemj.org\/de\/wp-json\/wp\/v2\/media\/71555"}],"wp:attachment":[{"href":"https:\/\/www.iemj.org\/de\/wp-json\/wp\/v2\/media?parent=71554"}],"wp:term":[{"taxonomy":"category","embeddable":true,"href":"https:\/\/www.iemj.org\/de\/wp-json\/wp\/v2\/categories?post=71554"},{"taxonomy":"post_tag","embeddable":true,"href":"https:\/\/www.iemj.org\/de\/wp-json\/wp\/v2\/tags?post=71554"},{"taxonomy":"technique","embeddable":true,"href":"https:\/\/www.iemj.org\/de\/wp-json\/wp\/v2\/technique?post=71554"},{"taxonomy":"squelettes","embeddable":true,"href":"https:\/\/www.iemj.org\/de\/wp-json\/wp\/v2\/squelettes?post=71554"},{"taxonomy":"sujet","embeddable":true,"href":"https:\/\/www.iemj.org\/de\/wp-json\/wp\/v2\/sujet?post=71554"},{"taxonomy":"formation","embeddable":true,"href":"https:\/\/www.iemj.org\/de\/wp-json\/wp\/v2\/formation?post=71554"},{"taxonomy":"genre","embeddable":true,"href":"https:\/\/www.iemj.org\/de\/wp-json\/wp\/v2\/genre?post=71554"},{"taxonomy":"fonds","embeddable":true,"href":"https:\/\/www.iemj.org\/de\/wp-json\/wp\/v2\/fonds?post=71554"},{"taxonomy":"tradition","embeddable":true,"href":"https:\/\/www.iemj.org\/de\/wp-json\/wp\/v2\/tradition?post=71554"},{"taxonomy":"type-de-contenu","embeddable":true,"href":"https:\/\/www.iemj.org\/de\/wp-json\/wp\/v2\/type-de-contenu?post=71554"},{"taxonomy":"interprete-compositeur","embeddable":true,"href":"https:\/\/www.iemj.org\/de\/wp-json\/wp\/v2\/interprete-compositeur?post=71554"},{"taxonomy":"frise","embeddable":true,"href":"https:\/\/www.iemj.org\/de\/wp-json\/wp\/v2\/frise?post=71554"},{"taxonomy":"type-devenement","embeddable":true,"href":"https:\/\/www.iemj.org\/de\/wp-json\/wp\/v2\/type-devenement?post=71554"},{"taxonomy":"tableaux-liens-externes","embeddable":true,"href":"https:\/\/www.iemj.org\/de\/wp-json\/wp\/v2\/tableaux-liens-externes?post=71554"}],"curies":[{"name":"wp","href":"https:\/\/api.w.org\/{rel}","templated":true}]}}