{"id":71633,"date":"2016-04-20T12:22:41","date_gmt":"2016-04-20T10:22:41","guid":{"rendered":"https:\/\/www.iemj.org\/pessah-1ere-partie\/"},"modified":"2025-03-31T17:24:48","modified_gmt":"2025-03-31T15:24:48","slug":"pessah-1ere-partie","status":"publish","type":"post","link":"https:\/\/www.iemj.org\/de\/pessah-1ere-partie\/","title":{"rendered":"Pessach (1. Teil)"},"content":{"rendered":"<p><strong>Eine Auswahl der sch\u00f6nsten Pessach-Lieder<\/strong><\/p>\n<p>Pessach bedeutet auf Hebr\u00e4isch \u201eHin\u00fcbergehen\u201c und verweist auf den Auszug der Israeliten aus \u00c4gypten. Es wird daran erinnert, dass Gott w\u00e4hrend der Zehn Plagen, welche \u00c4gypten auferlegt wurden, alle \u00e4gyptischen Erstgeborenen t\u00f6tete, die j\u00fcdischen H\u00e4user jedoch verschonte\u2026<\/p>\n<p>Das Pessach-Fest, welches am Fr\u00fchlingsanfang stattfindet, wird mit einem Familienessen, dem Seder begangen. Der Seder beginnt traditionellerweise damit, dass das Familienoberhaupt \u00fcber das unges\u00e4uerte Brot, das Matzen genannt wird, spricht. Es wird erz\u00e4hlt, dass das Brot bei der Flucht der Israeliten aus \u00c4gypten nicht ruhen konnte.<\/p>\n<p><img fetchpriority=\"high\" decoding=\"async\" class=\"size-full wp-image-10243 alignright\" src=\"https:\/\/www.iemj.org\/wp-content\/uploads\/2016\/04\/doc_1_pessah_500px_plus_petit.jpg\" alt=\"doc_1_pessah_500px_plus_petit.jpg\" width=\"260\" height=\"260\" align=\"middle\" srcset=\"https:\/\/www.iemj.org\/wp-content\/uploads\/2016\/04\/doc_1_pessah_500px_plus_petit.jpg 260w, https:\/\/www.iemj.org\/wp-content\/uploads\/2016\/04\/doc_1_pessah_500px_plus_petit-150x150.jpg 150w, https:\/\/www.iemj.org\/wp-content\/uploads\/2016\/04\/doc_1_pessah_500px_plus_petit-100x100.jpg 100w\" sizes=\"(max-width: 260px) 100vw, 260px\" \/><\/p>\n<p>Etwas sp\u00e4ter stellt das j\u00fcngste Familienmitglied dann die 4 Fragen, welche alle mit \u201eMa nischtana halayla haz\u00e9\u2026\u201c, \u201eWieso ist diese Nacht anders als andere N\u00e4chte?\u201c beginnen.<\/p>\n<p>Der Seder endet mit der Suche des Afikoman, einer halben Matze, welche zu Beginn des Essens zur Seite gelegt wurde, um als Nachtisch gegessen zu werden. Die Matze soll das letzte sein, was am Seder gegessen wird, um so den Geschmack des unges\u00e4uerten Brots im Mund zu behalten.<\/p>\n<p><img decoding=\"async\" class=\" wp-image-10245 alignleft\" src=\"https:\/\/www.iemj.org\/wp-content\/uploads\/2016\/04\/doc_2_pessah_500px_plus_petit.jpg\" alt=\"doc_2_pessah_500px_plus_petit.jpg\" width=\"212\" height=\"213\" align=\"right\" srcset=\"https:\/\/www.iemj.org\/wp-content\/uploads\/2016\/04\/doc_2_pessah_500px_plus_petit.jpg 300w, https:\/\/www.iemj.org\/wp-content\/uploads\/2016\/04\/doc_2_pessah_500px_plus_petit-298x300.jpg 298w, https:\/\/www.iemj.org\/wp-content\/uploads\/2016\/04\/doc_2_pessah_500px_plus_petit-150x150.jpg 150w, https:\/\/www.iemj.org\/wp-content\/uploads\/2016\/04\/doc_2_pessah_500px_plus_petit-100x100.jpg 100w\" sizes=\"(max-width: 212px) 100vw, 212px\" \/><\/p>\n<p>Traditionellerweise versteckt das Familienoberhaupt den Afikoman, um so die Aufmerksamkeit der Kinder, \u00fcber das Ritual des Seder hinweg, aufrecht zu erhalten.<\/p>\n<ul>\n<li><a href=\"https:\/\/www.iemj.org\/de\/pessah-2eme-partie\/\" target=\"_blank\" rel=\"noopener\">H\u00f6ren Sie sich die Playlist an: Pessach (2. Teil)<\/a><\/li>\n<li><a href=\"https:\/\/www.iemj.org\/de\/music-from-passover-seder-journey-into-the-musical-traditions-of-passover\/\" target=\"_blank\" rel=\"noopener\">H\u00f6ren Sie sich die Radiosendung an: <em>Musiques du Seder de Pessah \u2013 Voyage au sein des traditions musicales de la P\u00e2ques juive<\/em><\/a><\/li>\n<\/ul>\n\n<div class=\"wp-block-image\">\n<figure class=\"aligncenter size-large\"><img decoding=\"async\" width=\"1024\" height=\"133\" src=\"https:\/\/www.iemj.org\/wp-content\/uploads\/2024\/03\/AUDIO-PLAYER-1024x133.png\" alt=\"\" class=\"wp-image-110606\" srcset=\"https:\/\/www.iemj.org\/wp-content\/uploads\/2024\/03\/AUDIO-PLAYER-1024x133.png 1024w, https:\/\/www.iemj.org\/wp-content\/uploads\/2024\/03\/AUDIO-PLAYER-300x39.png 300w, https:\/\/www.iemj.org\/wp-content\/uploads\/2024\/03\/AUDIO-PLAYER-768x100.png 768w, https:\/\/www.iemj.org\/wp-content\/uploads\/2024\/03\/AUDIO-PLAYER-600x78.png 600w, https:\/\/www.iemj.org\/wp-content\/uploads\/2024\/03\/AUDIO-PLAYER.png 1210w\" sizes=\"(max-width: 1024px) 100vw, 1024px\" \/><\/figure>\n<\/div>\n\n\n<div class=\"wp-block-file\"><a id=\"wp-block-file--media-a94964f7-9a90-4239-9190-16e9311e31e9\" href=\"https:\/\/www.iemj.org\/wp-content\/uploads\/2016\/04\/avadim_hayinu_-_51_holiday_songs_for_eyal_t.mp3\"> Ma nishtana &#8211; Hanan YOVEL<\/a><\/div>\n\n\n\n<div class=\"wp-block-file\"><a id=\"wp-block-file--media-e9adc441-c3f8-4030-bc55-20be7214c86e\" href=\"https:\/\/www.iemj.org\/wp-content\/uploads\/2016\/04\/debut_du_seder_-_philippe_darmon.mp3\">D\u00e9but du Seder &#8211; Philippe DARMON<\/a><\/div>\n\n\n\n<div class=\"wp-block-file\"><a id=\"wp-block-file--media-fbdf499d-afec-45d3-aa23-d82c87bfeba5\" href=\"https:\/\/www.iemj.org\/wp-content\/uploads\/2016\/04\/empezar_quiero_contar_-_keren_esther.mp3\">Empezar Quiero Contar &#8211; Keren ESTHER<\/a><\/div>\n\n\n\n<div class=\"wp-block-file\"><a id=\"wp-block-file--media-7ac92ee2-8a56-479a-ae7e-ac18dd49ff0a\" href=\"https:\/\/www.iemj.org\/wp-content\/uploads\/2016\/04\/leil_shimurim_la_nuit_de_pesah_-_ensemble_alla_francesca.mp3\">Leil shimurim (La nuit de Pesah) &#8211; Ensemble Alla Francesca<\/a><\/div>\n\n\n\n<div class=\"wp-block-file\"><a id=\"wp-block-file--media-6279fbba-7e2d-4a2c-b753-ef134b351593\" href=\"https:\/\/www.iemj.org\/wp-content\/uploads\/2016\/04\/ma_nishtana_-_hanan_yovel_t.mp3\">Ma nishtana &#8211; 51 Holiday Songs for Eyal<\/a><\/div>\n\n\n\n<div class=\"wp-block-file\"><a id=\"wp-block-file--media-c54a5c54-d9ad-4720-9751-6953f4f73cfc\" href=\"https:\/\/www.iemj.org\/wp-content\/uploads\/2016\/04\/mizmor_ledavid_abou_ladonay_-_didier_kassabi.mp3\">Mizmor ledavid abou ladonay &#8211; Didier KASSABI<\/a><\/div>\n\n\n\n<div class=\"wp-block-file\"><a id=\"wp-block-file--media-6c86987f-4be7-4ca9-ac93-4ed3f98aee08\" href=\"https:\/\/www.iemj.org\/wp-content\/uploads\/2016\/04\/un_cabri_had_gadya_-_adolphe_attia.mp3\">Un cabri (Had gadya) &#8211; Adolphe ATTIA<\/a><\/div>\n\n\n\n<div class=\"wp-block-file\"><a id=\"wp-block-file--media-4eb8279a-9578-46bc-a2d8-85e1b0250495\" href=\"https:\/\/www.iemj.org\/wp-content\/uploads\/2016\/04\/vehi_cheamda_chant_de_la_hagadda_-_rabbin_jean_schwartz_laszlo_karvaly.mp3\">Vehi Cheamda (chant de la Hagadda) &#8211; Rabbin Jean SCHWARTZ, Laszlo KARVALY<\/a><\/div>\n\n\n\n<div class=\"wp-block-file\"><a id=\"wp-block-file--media-20863c90-34bc-4dbc-b34f-5bf2ee45ea8e\" href=\"https:\/\/www.iemj.org\/wp-content\/uploads\/2016\/04\/when_israel_went_out_of_egypt_-_yehoram_gaon_t.mp3\">When Isra\u00ebl went out of Egypt &#8211; Yehoram GAON<\/a><\/div>\n\n\n\n<div class=\"wp-block-file\"><a id=\"wp-block-file--media-d34715a7-0c3d-406f-bcd1-3e00a8c352e9\" href=\"https:\/\/www.iemj.org\/wp-content\/uploads\/2016\/04\/lecture_de_la_haggadah_extraits_-_elie_dayane.mp3\">Lecture de la Haggadah (extrait) &#8211; Elie DAYANE<\/a><\/div>\n","protected":false},"excerpt":{"rendered":"<p>Eine Auswahl der sch\u00f6nsten Pessach-Lieder Pessach bedeutet auf Hebr\u00e4isch \u201eHin\u00fcbergehen\u201c und verweist auf den Auszug der Israeliten aus \u00c4gypten. Es wird daran erinnert, dass Gott w\u00e4hrend der Zehn Plagen, welche<\/p>\n","protected":false},"author":1052,"featured_media":111231,"comment_status":"closed","ping_status":"open","sticky":false,"template":"","format":"standard","meta":{"_acf_changed":false,"footnotes":""},"categories":[1534],"tags":[],"technique":[],"squelettes":[],"sujet":[1828],"formation":[],"genre":[],"fonds":[],"tradition":[],"type-de-contenu":[],"interprete-compositeur":[],"frise":[],"type-devenement":[],"tableaux-liens-externes":[],"class_list":["post-71633","post","type-post","status-publish","format-standard","has-post-thumbnail","hentry","category-playlists-de","sujet-pessach-de"],"acf":[],"yoast_head":"<!-- This site is optimized with the Yoast SEO plugin v27.3 - https:\/\/yoast.com\/product\/yoast-seo-wordpress\/ -->\n<title>Pessach (1. Teil) - Institut Europ\u00e9en des Musiques Juives<\/title>\n<meta name=\"robots\" content=\"index, follow, max-snippet:-1, max-image-preview:large, max-video-preview:-1\" \/>\n<link rel=\"canonical\" href=\"https:\/\/www.iemj.org\/de\/pessah-1ere-partie\/\" \/>\n<meta property=\"og:locale\" content=\"de_DE\" \/>\n<meta property=\"og:type\" content=\"article\" \/>\n<meta property=\"og:title\" content=\"Pessach (1. Teil) - Institut Europ\u00e9en des Musiques Juives\" \/>\n<meta property=\"og:description\" content=\"Eine Auswahl der sch\u00f6nsten Pessach-Lieder Pessach bedeutet auf Hebr\u00e4isch \u201eHin\u00fcbergehen\u201c und verweist auf den Auszug der Israeliten aus \u00c4gypten. Es wird daran erinnert, dass Gott w\u00e4hrend der Zehn Plagen, welche\" \/>\n<meta property=\"og:url\" content=\"https:\/\/www.iemj.org\/de\/pessah-1ere-partie\/\" \/>\n<meta property=\"og:site_name\" content=\"Institut Europ\u00e9en des Musiques Juives\" \/>\n<meta property=\"article:publisher\" content=\"https:\/\/www.facebook.com\/MusiquesJuives\/\" \/>\n<meta property=\"article:published_time\" content=\"2016-04-20T10:22:41+00:00\" \/>\n<meta property=\"article:modified_time\" content=\"2025-03-31T15:24:48+00:00\" \/>\n<meta property=\"og:image\" content=\"https:\/\/www.iemj.org\/wp-content\/uploads\/2016\/04\/Logo-playlist-Pessah1.jpg\" \/>\n\t<meta property=\"og:image:width\" content=\"500\" \/>\n\t<meta property=\"og:image:height\" content=\"500\" \/>\n\t<meta property=\"og:image:type\" content=\"image\/jpeg\" \/>\n<meta name=\"author\" content=\"Lea Couderc\" \/>\n<meta name=\"twitter:card\" content=\"summary_large_image\" \/>\n<meta name=\"twitter:label1\" content=\"Verfasst von\" \/>\n\t<meta name=\"twitter:data1\" content=\"Lea Couderc\" \/>\n\t<meta name=\"twitter:label2\" content=\"Gesch\u00e4tzte Lesezeit\" \/>\n\t<meta name=\"twitter:data2\" content=\"3\u00a0Minuten\" \/>\n<script type=\"application\/ld+json\" class=\"yoast-schema-graph\">{\"@context\":\"https:\\\/\\\/schema.org\",\"@graph\":[{\"@type\":\"Article\",\"@id\":\"https:\\\/\\\/www.iemj.org\\\/de\\\/pessah-1ere-partie\\\/#article\",\"isPartOf\":{\"@id\":\"https:\\\/\\\/www.iemj.org\\\/de\\\/pessah-1ere-partie\\\/\"},\"author\":{\"name\":\"Lea Couderc\",\"@id\":\"https:\\\/\\\/www.iemj.org\\\/de\\\/#\\\/schema\\\/person\\\/e2ad57f2c4be119c7ed8ab79036807a9\"},\"headline\":\"Pessach (1. Teil)\",\"datePublished\":\"2016-04-20T10:22:41+00:00\",\"dateModified\":\"2025-03-31T15:24:48+00:00\",\"mainEntityOfPage\":{\"@id\":\"https:\\\/\\\/www.iemj.org\\\/de\\\/pessah-1ere-partie\\\/\"},\"wordCount\":309,\"publisher\":{\"@id\":\"https:\\\/\\\/www.iemj.org\\\/de\\\/#organization\"},\"image\":{\"@id\":\"https:\\\/\\\/www.iemj.org\\\/de\\\/pessah-1ere-partie\\\/#primaryimage\"},\"thumbnailUrl\":\"https:\\\/\\\/www.iemj.org\\\/wp-content\\\/uploads\\\/2016\\\/04\\\/Logo-playlist-Pessah1.jpg\",\"articleSection\":[\"Playlists\"],\"inLanguage\":\"de\"},{\"@type\":\"WebPage\",\"@id\":\"https:\\\/\\\/www.iemj.org\\\/de\\\/pessah-1ere-partie\\\/\",\"url\":\"https:\\\/\\\/www.iemj.org\\\/de\\\/pessah-1ere-partie\\\/\",\"name\":\"Pessach (1. Teil) - Institut Europ\u00e9en des Musiques Juives\",\"isPartOf\":{\"@id\":\"https:\\\/\\\/www.iemj.org\\\/de\\\/#website\"},\"primaryImageOfPage\":{\"@id\":\"https:\\\/\\\/www.iemj.org\\\/de\\\/pessah-1ere-partie\\\/#primaryimage\"},\"image\":{\"@id\":\"https:\\\/\\\/www.iemj.org\\\/de\\\/pessah-1ere-partie\\\/#primaryimage\"},\"thumbnailUrl\":\"https:\\\/\\\/www.iemj.org\\\/wp-content\\\/uploads\\\/2016\\\/04\\\/Logo-playlist-Pessah1.jpg\",\"datePublished\":\"2016-04-20T10:22:41+00:00\",\"dateModified\":\"2025-03-31T15:24:48+00:00\",\"breadcrumb\":{\"@id\":\"https:\\\/\\\/www.iemj.org\\\/de\\\/pessah-1ere-partie\\\/#breadcrumb\"},\"inLanguage\":\"de\",\"potentialAction\":[{\"@type\":\"ReadAction\",\"target\":[\"https:\\\/\\\/www.iemj.org\\\/de\\\/pessah-1ere-partie\\\/\"]}]},{\"@type\":\"ImageObject\",\"inLanguage\":\"de\",\"@id\":\"https:\\\/\\\/www.iemj.org\\\/de\\\/pessah-1ere-partie\\\/#primaryimage\",\"url\":\"https:\\\/\\\/www.iemj.org\\\/wp-content\\\/uploads\\\/2016\\\/04\\\/Logo-playlist-Pessah1.jpg\",\"contentUrl\":\"https:\\\/\\\/www.iemj.org\\\/wp-content\\\/uploads\\\/2016\\\/04\\\/Logo-playlist-Pessah1.jpg\",\"width\":500,\"height\":500},{\"@type\":\"BreadcrumbList\",\"@id\":\"https:\\\/\\\/www.iemj.org\\\/de\\\/pessah-1ere-partie\\\/#breadcrumb\",\"itemListElement\":[{\"@type\":\"ListItem\",\"position\":1,\"name\":\"Accueil\",\"item\":\"https:\\\/\\\/www.iemj.org\\\/de\\\/\"},{\"@type\":\"ListItem\",\"position\":2,\"name\":\"Pessach (1. Teil)\"}]},{\"@type\":\"WebSite\",\"@id\":\"https:\\\/\\\/www.iemj.org\\\/de\\\/#website\",\"url\":\"https:\\\/\\\/www.iemj.org\\\/de\\\/\",\"name\":\"Institut Europ\u00e9en des Musiques Juives\",\"description\":\"Des traditions musicales \u00e0 la port\u00e9e de tous\",\"publisher\":{\"@id\":\"https:\\\/\\\/www.iemj.org\\\/de\\\/#organization\"},\"potentialAction\":[{\"@type\":\"SearchAction\",\"target\":{\"@type\":\"EntryPoint\",\"urlTemplate\":\"https:\\\/\\\/www.iemj.org\\\/de\\\/?s={search_term_string}\"},\"query-input\":{\"@type\":\"PropertyValueSpecification\",\"valueRequired\":true,\"valueName\":\"search_term_string\"}}],\"inLanguage\":\"de\"},{\"@type\":\"Organization\",\"@id\":\"https:\\\/\\\/www.iemj.org\\\/de\\\/#organization\",\"name\":\"Institut Europ\u00e9en des Musiques Juives\",\"url\":\"https:\\\/\\\/www.iemj.org\\\/de\\\/\",\"logo\":{\"@type\":\"ImageObject\",\"inLanguage\":\"de\",\"@id\":\"https:\\\/\\\/www.iemj.org\\\/de\\\/#\\\/schema\\\/logo\\\/image\\\/\",\"url\":\"https:\\\/\\\/www.iemj.org\\\/wp-content\\\/uploads\\\/2021\\\/09\\\/Logo-IEMJ-Paypal.jpg\",\"contentUrl\":\"https:\\\/\\\/www.iemj.org\\\/wp-content\\\/uploads\\\/2021\\\/09\\\/Logo-IEMJ-Paypal.jpg\",\"width\":150,\"height\":50,\"caption\":\"Institut Europ\u00e9en des Musiques Juives\"},\"image\":{\"@id\":\"https:\\\/\\\/www.iemj.org\\\/de\\\/#\\\/schema\\\/logo\\\/image\\\/\"},\"sameAs\":[\"https:\\\/\\\/www.facebook.com\\\/MusiquesJuives\\\/\",\"https:\\\/\\\/www.instagram.com\\\/musiquesjuives\\\/\",\"https:\\\/\\\/www.youtube.com\\\/user\\\/musiquesjuives\"]},{\"@type\":\"Person\",\"@id\":\"https:\\\/\\\/www.iemj.org\\\/de\\\/#\\\/schema\\\/person\\\/e2ad57f2c4be119c7ed8ab79036807a9\",\"name\":\"Lea Couderc\",\"image\":{\"@type\":\"ImageObject\",\"inLanguage\":\"de\",\"@id\":\"https:\\\/\\\/secure.gravatar.com\\\/avatar\\\/46ee021475d60aeff17a7e490b79dea5a5684bb392ab7fd1494027411df8ba23?s=96&d=mm&r=g\",\"url\":\"https:\\\/\\\/secure.gravatar.com\\\/avatar\\\/46ee021475d60aeff17a7e490b79dea5a5684bb392ab7fd1494027411df8ba23?s=96&d=mm&r=g\",\"contentUrl\":\"https:\\\/\\\/secure.gravatar.com\\\/avatar\\\/46ee021475d60aeff17a7e490b79dea5a5684bb392ab7fd1494027411df8ba23?s=96&d=mm&r=g\",\"caption\":\"Lea Couderc\"}}]}<\/script>\n<!-- \/ Yoast SEO plugin. -->","yoast_head_json":{"title":"Pessach (1. Teil) - Institut Europ\u00e9en des Musiques Juives","robots":{"index":"index","follow":"follow","max-snippet":"max-snippet:-1","max-image-preview":"max-image-preview:large","max-video-preview":"max-video-preview:-1"},"canonical":"https:\/\/www.iemj.org\/de\/pessah-1ere-partie\/","og_locale":"de_DE","og_type":"article","og_title":"Pessach (1. Teil) - Institut Europ\u00e9en des Musiques Juives","og_description":"Eine Auswahl der sch\u00f6nsten Pessach-Lieder Pessach bedeutet auf Hebr\u00e4isch \u201eHin\u00fcbergehen\u201c und verweist auf den Auszug der Israeliten aus \u00c4gypten. Es wird daran erinnert, dass Gott w\u00e4hrend der Zehn Plagen, welche","og_url":"https:\/\/www.iemj.org\/de\/pessah-1ere-partie\/","og_site_name":"Institut Europ\u00e9en des Musiques Juives","article_publisher":"https:\/\/www.facebook.com\/MusiquesJuives\/","article_published_time":"2016-04-20T10:22:41+00:00","article_modified_time":"2025-03-31T15:24:48+00:00","og_image":[{"width":500,"height":500,"url":"https:\/\/www.iemj.org\/wp-content\/uploads\/2016\/04\/Logo-playlist-Pessah1.jpg","type":"image\/jpeg"}],"author":"Lea Couderc","twitter_card":"summary_large_image","twitter_misc":{"Verfasst von":"Lea Couderc","Gesch\u00e4tzte Lesezeit":"3\u00a0Minuten"},"schema":{"@context":"https:\/\/schema.org","@graph":[{"@type":"Article","@id":"https:\/\/www.iemj.org\/de\/pessah-1ere-partie\/#article","isPartOf":{"@id":"https:\/\/www.iemj.org\/de\/pessah-1ere-partie\/"},"author":{"name":"Lea Couderc","@id":"https:\/\/www.iemj.org\/de\/#\/schema\/person\/e2ad57f2c4be119c7ed8ab79036807a9"},"headline":"Pessach (1. Teil)","datePublished":"2016-04-20T10:22:41+00:00","dateModified":"2025-03-31T15:24:48+00:00","mainEntityOfPage":{"@id":"https:\/\/www.iemj.org\/de\/pessah-1ere-partie\/"},"wordCount":309,"publisher":{"@id":"https:\/\/www.iemj.org\/de\/#organization"},"image":{"@id":"https:\/\/www.iemj.org\/de\/pessah-1ere-partie\/#primaryimage"},"thumbnailUrl":"https:\/\/www.iemj.org\/wp-content\/uploads\/2016\/04\/Logo-playlist-Pessah1.jpg","articleSection":["Playlists"],"inLanguage":"de"},{"@type":"WebPage","@id":"https:\/\/www.iemj.org\/de\/pessah-1ere-partie\/","url":"https:\/\/www.iemj.org\/de\/pessah-1ere-partie\/","name":"Pessach (1. Teil) - Institut Europ\u00e9en des Musiques Juives","isPartOf":{"@id":"https:\/\/www.iemj.org\/de\/#website"},"primaryImageOfPage":{"@id":"https:\/\/www.iemj.org\/de\/pessah-1ere-partie\/#primaryimage"},"image":{"@id":"https:\/\/www.iemj.org\/de\/pessah-1ere-partie\/#primaryimage"},"thumbnailUrl":"https:\/\/www.iemj.org\/wp-content\/uploads\/2016\/04\/Logo-playlist-Pessah1.jpg","datePublished":"2016-04-20T10:22:41+00:00","dateModified":"2025-03-31T15:24:48+00:00","breadcrumb":{"@id":"https:\/\/www.iemj.org\/de\/pessah-1ere-partie\/#breadcrumb"},"inLanguage":"de","potentialAction":[{"@type":"ReadAction","target":["https:\/\/www.iemj.org\/de\/pessah-1ere-partie\/"]}]},{"@type":"ImageObject","inLanguage":"de","@id":"https:\/\/www.iemj.org\/de\/pessah-1ere-partie\/#primaryimage","url":"https:\/\/www.iemj.org\/wp-content\/uploads\/2016\/04\/Logo-playlist-Pessah1.jpg","contentUrl":"https:\/\/www.iemj.org\/wp-content\/uploads\/2016\/04\/Logo-playlist-Pessah1.jpg","width":500,"height":500},{"@type":"BreadcrumbList","@id":"https:\/\/www.iemj.org\/de\/pessah-1ere-partie\/#breadcrumb","itemListElement":[{"@type":"ListItem","position":1,"name":"Accueil","item":"https:\/\/www.iemj.org\/de\/"},{"@type":"ListItem","position":2,"name":"Pessach (1. Teil)"}]},{"@type":"WebSite","@id":"https:\/\/www.iemj.org\/de\/#website","url":"https:\/\/www.iemj.org\/de\/","name":"Institut Europ\u00e9en des Musiques Juives","description":"Des traditions musicales \u00e0 la port\u00e9e de tous","publisher":{"@id":"https:\/\/www.iemj.org\/de\/#organization"},"potentialAction":[{"@type":"SearchAction","target":{"@type":"EntryPoint","urlTemplate":"https:\/\/www.iemj.org\/de\/?s={search_term_string}"},"query-input":{"@type":"PropertyValueSpecification","valueRequired":true,"valueName":"search_term_string"}}],"inLanguage":"de"},{"@type":"Organization","@id":"https:\/\/www.iemj.org\/de\/#organization","name":"Institut Europ\u00e9en des Musiques Juives","url":"https:\/\/www.iemj.org\/de\/","logo":{"@type":"ImageObject","inLanguage":"de","@id":"https:\/\/www.iemj.org\/de\/#\/schema\/logo\/image\/","url":"https:\/\/www.iemj.org\/wp-content\/uploads\/2021\/09\/Logo-IEMJ-Paypal.jpg","contentUrl":"https:\/\/www.iemj.org\/wp-content\/uploads\/2021\/09\/Logo-IEMJ-Paypal.jpg","width":150,"height":50,"caption":"Institut Europ\u00e9en des Musiques Juives"},"image":{"@id":"https:\/\/www.iemj.org\/de\/#\/schema\/logo\/image\/"},"sameAs":["https:\/\/www.facebook.com\/MusiquesJuives\/","https:\/\/www.instagram.com\/musiquesjuives\/","https:\/\/www.youtube.com\/user\/musiquesjuives"]},{"@type":"Person","@id":"https:\/\/www.iemj.org\/de\/#\/schema\/person\/e2ad57f2c4be119c7ed8ab79036807a9","name":"Lea Couderc","image":{"@type":"ImageObject","inLanguage":"de","@id":"https:\/\/secure.gravatar.com\/avatar\/46ee021475d60aeff17a7e490b79dea5a5684bb392ab7fd1494027411df8ba23?s=96&d=mm&r=g","url":"https:\/\/secure.gravatar.com\/avatar\/46ee021475d60aeff17a7e490b79dea5a5684bb392ab7fd1494027411df8ba23?s=96&d=mm&r=g","contentUrl":"https:\/\/secure.gravatar.com\/avatar\/46ee021475d60aeff17a7e490b79dea5a5684bb392ab7fd1494027411df8ba23?s=96&d=mm&r=g","caption":"Lea Couderc"}}]}},"_links":{"self":[{"href":"https:\/\/www.iemj.org\/de\/wp-json\/wp\/v2\/posts\/71633","targetHints":{"allow":["GET"]}}],"collection":[{"href":"https:\/\/www.iemj.org\/de\/wp-json\/wp\/v2\/posts"}],"about":[{"href":"https:\/\/www.iemj.org\/de\/wp-json\/wp\/v2\/types\/post"}],"author":[{"embeddable":true,"href":"https:\/\/www.iemj.org\/de\/wp-json\/wp\/v2\/users\/1052"}],"replies":[{"embeddable":true,"href":"https:\/\/www.iemj.org\/de\/wp-json\/wp\/v2\/comments?post=71633"}],"version-history":[{"count":0,"href":"https:\/\/www.iemj.org\/de\/wp-json\/wp\/v2\/posts\/71633\/revisions"}],"wp:featuredmedia":[{"embeddable":true,"href":"https:\/\/www.iemj.org\/de\/wp-json\/wp\/v2\/media\/111231"}],"wp:attachment":[{"href":"https:\/\/www.iemj.org\/de\/wp-json\/wp\/v2\/media?parent=71633"}],"wp:term":[{"taxonomy":"category","embeddable":true,"href":"https:\/\/www.iemj.org\/de\/wp-json\/wp\/v2\/categories?post=71633"},{"taxonomy":"post_tag","embeddable":true,"href":"https:\/\/www.iemj.org\/de\/wp-json\/wp\/v2\/tags?post=71633"},{"taxonomy":"technique","embeddable":true,"href":"https:\/\/www.iemj.org\/de\/wp-json\/wp\/v2\/technique?post=71633"},{"taxonomy":"squelettes","embeddable":true,"href":"https:\/\/www.iemj.org\/de\/wp-json\/wp\/v2\/squelettes?post=71633"},{"taxonomy":"sujet","embeddable":true,"href":"https:\/\/www.iemj.org\/de\/wp-json\/wp\/v2\/sujet?post=71633"},{"taxonomy":"formation","embeddable":true,"href":"https:\/\/www.iemj.org\/de\/wp-json\/wp\/v2\/formation?post=71633"},{"taxonomy":"genre","embeddable":true,"href":"https:\/\/www.iemj.org\/de\/wp-json\/wp\/v2\/genre?post=71633"},{"taxonomy":"fonds","embeddable":true,"href":"https:\/\/www.iemj.org\/de\/wp-json\/wp\/v2\/fonds?post=71633"},{"taxonomy":"tradition","embeddable":true,"href":"https:\/\/www.iemj.org\/de\/wp-json\/wp\/v2\/tradition?post=71633"},{"taxonomy":"type-de-contenu","embeddable":true,"href":"https:\/\/www.iemj.org\/de\/wp-json\/wp\/v2\/type-de-contenu?post=71633"},{"taxonomy":"interprete-compositeur","embeddable":true,"href":"https:\/\/www.iemj.org\/de\/wp-json\/wp\/v2\/interprete-compositeur?post=71633"},{"taxonomy":"frise","embeddable":true,"href":"https:\/\/www.iemj.org\/de\/wp-json\/wp\/v2\/frise?post=71633"},{"taxonomy":"type-devenement","embeddable":true,"href":"https:\/\/www.iemj.org\/de\/wp-json\/wp\/v2\/type-devenement?post=71633"},{"taxonomy":"tableaux-liens-externes","embeddable":true,"href":"https:\/\/www.iemj.org\/de\/wp-json\/wp\/v2\/tableaux-liens-externes?post=71633"}],"curies":[{"name":"wp","href":"https:\/\/api.w.org\/{rel}","templated":true}]}}