{"id":71666,"date":"2016-04-26T09:39:26","date_gmt":"2016-04-26T07:39:26","guid":{"rendered":"https:\/\/www.iemj.org\/pessah-2eme-partie\/"},"modified":"2025-04-08T11:20:05","modified_gmt":"2025-04-08T09:20:05","slug":"pessah-2eme-partie","status":"publish","type":"post","link":"https:\/\/www.iemj.org\/de\/pessah-2eme-partie\/","title":{"rendered":"Pessach (2. teil)"},"content":{"rendered":"<p><strong>Eine zweite Auswahl der sch\u00f6nsten Pessach-Lieder und Kl\u00e4ngen des Seder<\/strong><\/p>\n<p><!--more--><\/p>\n<p>Pessach bedeutet auf Hebr\u00e4isch \u201eHin\u00fcbergehen\u201c und verweist auf den Auszug der Israeliten aus \u00c4gypten, es wird daran erinnert, dass Gott w\u00e4hrend der Zehn Plagen, welche \u00c4gypten auferlegt wurden, alle \u00e4gyptischen Erstgeborenen t\u00f6tete, die j\u00fcdischen H\u00e4user jedoch verschonte\u2026<\/p>\n<p>Das Pessach-Fest, welches am Fr\u00fchlingsanfang stattfindet, wird mit einem Familienessen, dem Seder begangen.<\/p>\n<p><span style=\"font-size: inherit;\"><img decoding=\"async\" class=\" alignright size-full wp-image-10325\" src=\"https:\/\/www.iemj.org\/wp-content\/uploads\/2016\/04\/doc_5_pessah_500px_35pc.jpg\" alt=\"doc_5_pessah_500px_35pc.jpg\" width=\"175\" height=\"175\" align=\"right\" srcset=\"https:\/\/www.iemj.org\/wp-content\/uploads\/2016\/04\/doc_5_pessah_500px_35pc.jpg 175w, https:\/\/www.iemj.org\/wp-content\/uploads\/2016\/04\/doc_5_pessah_500px_35pc-150x150.jpg 150w, https:\/\/www.iemj.org\/wp-content\/uploads\/2016\/04\/doc_5_pessah_500px_35pc-100x100.jpg 100w\" sizes=\"(max-width: 175px) 100vw, 175px\" \/><\/span><\/p>\n<p>Der Seder beginnt traditionellerweise damit, dass das Familienoberhaupt \u00fcber das unges\u00e4uerte Brot, das Matzen genannt wird, spricht. Es wird erz\u00e4hlt, dass das Brot bei der Flucht der Israeliten aus \u00c4gypten nicht ruhen konnte.<\/p>\n<p>Etwas sp\u00e4ter stellt das j\u00fcngste Familienmitglied dann die 4 Fragen, welche alle mit \u201eMa nischtana halayla haz\u00e9\u2026\u201c, \u201eWieso ist diese Nacht anders als andere N\u00e4chte?\u201c beginnen<\/p>\n<p><img decoding=\"async\" class=\" alignleft  wp-image-10329\" src=\"https:\/\/www.iemj.org\/wp-content\/uploads\/2016\/04\/doc_4_pessah_500px_35pc.jpg\" alt=\"doc_4_pessah_500px_35pc.jpg\" width=\"173\" height=\"174\" align=\"left\" srcset=\"https:\/\/www.iemj.org\/wp-content\/uploads\/2016\/04\/doc_4_pessah_500px_35pc.jpg 175w, https:\/\/www.iemj.org\/wp-content\/uploads\/2016\/04\/doc_4_pessah_500px_35pc-150x150.jpg 150w, https:\/\/www.iemj.org\/wp-content\/uploads\/2016\/04\/doc_4_pessah_500px_35pc-100x100.jpg 100w\" sizes=\"(max-width: 173px) 100vw, 173px\" \/><\/p>\n<\/p>\n<p>Der Seder endet mit der Suche des Afikoman, einer halben Matze, welche zu Beginn des Essens zur Seite gelegt wurde, um als Nachtisch gegessen zu werden. Die Matze soll das letzte sein, was an der Seder gegessen wird, um so den Geschmack des unges\u00e4uerten Brots im Mund zu behalten. Traditionellerweise versteckt das Familienoberhaupt den Afikoman, um so die Aufmerksamkeit der Kinder, \u00fcber das Ritual des Seder hinweg, aufrecht zu erhalten.<\/p>\n<\/p>\n<p><img fetchpriority=\"high\" decoding=\"async\" class=\"alignright wp-image-10327 \" src=\"https:\/\/www.iemj.org\/wp-content\/uploads\/2016\/04\/doc_3_pessah500px_r-e1713193551305.jpg\" alt=\"doc_3_pessah500px_r.jpg\" width=\"313\" height=\"214\" align=\"middle\" srcset=\"https:\/\/www.iemj.org\/wp-content\/uploads\/2016\/04\/doc_3_pessah500px_r-e1713193551305.jpg 366w, https:\/\/www.iemj.org\/wp-content\/uploads\/2016\/04\/doc_3_pessah500px_r-e1713193551305-300x205.jpg 300w\" sizes=\"(max-width: 313px) 100vw, 313px\" \/><\/p>\n<ul>\n<li><a href=\"https:\/\/www.iemj.org\/de\/pessah-1ere-partie\/\" target=\"_blank\" rel=\"noopener\">H\u00f6ren Sie sich die Playlist an: Pessach (1. Teil)<\/a><\/li>\n<li><a href=\"https:\/\/www.iemj.org\/de\/music-from-passover-seder-journey-into-the-musical-traditions-of-passover\/\" target=\"_blank\" rel=\"noopener\">H\u00f6ren Sie sich die Radiosendung an: <em>Musiques du Seder de Pessah \u2013 Voyage au sein des traditions musicales de la P\u00e2ques juive<\/em><\/a><\/li>\n<\/ul>\n\n<div class=\"wp-block-image\">\n<figure class=\"aligncenter size-large\"><img loading=\"lazy\" decoding=\"async\" width=\"1024\" height=\"133\" src=\"https:\/\/www.iemj.org\/wp-content\/uploads\/2024\/03\/AUDIO-PLAYER-1024x133.png\" alt=\"\" class=\"wp-image-110606\" srcset=\"https:\/\/www.iemj.org\/wp-content\/uploads\/2024\/03\/AUDIO-PLAYER-1024x133.png 1024w, https:\/\/www.iemj.org\/wp-content\/uploads\/2024\/03\/AUDIO-PLAYER-300x39.png 300w, https:\/\/www.iemj.org\/wp-content\/uploads\/2024\/03\/AUDIO-PLAYER-768x100.png 768w, https:\/\/www.iemj.org\/wp-content\/uploads\/2024\/03\/AUDIO-PLAYER-600x78.png 600w, https:\/\/www.iemj.org\/wp-content\/uploads\/2024\/03\/AUDIO-PLAYER.png 1210w\" sizes=\"(max-width: 1024px) 100vw, 1024px\" \/><\/figure>\n<\/div>\n\n\n<div class=\"wp-block-file\"><a id=\"wp-block-file--media-937804c9-fb9f-4c11-8167-377d37731460\" href=\"https:\/\/www.iemj.org\/wp-content\/uploads\/2016\/04\/haggada_de_paque_-_nathan_cohen_t.mp3\">Haggada de P\u00e2que &#8211; rite tunisien &#8211; Nathan COHEN<\/a><\/div>\n\n\n\n<div class=\"wp-block-file\"><a id=\"wp-block-file--media-8c5cb9a3-bb94-4892-93ec-9d5c2ef71369\" href=\"https:\/\/www.iemj.org\/wp-content\/uploads\/2016\/04\/ma_nishtana_-_nira_rabinovitz.mp3\">Ma nishtana &#8211; rite ashkenaze &#8211; Nira RABINOVITZ<\/a><\/div>\n\n\n\n<div class=\"wp-block-file\"><a id=\"wp-block-file--media-42701b28-f7f3-409e-8fe9-329bc64f50e2\" href=\"https:\/\/www.iemj.org\/wp-content\/uploads\/2016\/04\/ha_lah_ma_anya_-_danin_delmin_t.mp3\">Ha Lah&#8217;Ma Anya &#8211; Danin DELMIN<\/a><\/div>\n\n\n\n<div class=\"wp-block-file\"><a id=\"wp-block-file--media-bb45041a-4c08-462c-8c3c-2d0a286ccb1f\" href=\"https:\/\/www.iemj.org\/wp-content\/uploads\/2016\/04\/dayenu_-_tzena_tzena.mp3\">Dayenu &#8211; Ray MUSIKER<\/a><\/div>\n\n\n\n<div class=\"wp-block-file\"><a id=\"wp-block-file--media-7b47d1b4-22b9-4b9c-882f-87fca1d40a8b\" href=\"https:\/\/www.iemj.org\/wp-content\/uploads\/2016\/04\/dayeynu_-_dave_tarras_t.mp3\">Dayeynu &#8211; Dave TARRAS<\/a><\/div>\n\n\n\n<div class=\"wp-block-file\"><a id=\"wp-block-file--media-0e43bf78-b80a-4d72-ba83-cf519de7ed7e\" href=\"https:\/\/www.iemj.org\/wp-content\/uploads\/2016\/04\/moche_batevah_-_51_holiday_songs_for_eyal_t.mp3\">Moche Batevah &#8211; 51 Holiday Songs for Eyal<\/a><\/div>\n\n\n\n<div class=\"wp-block-file\"><a id=\"wp-block-file--media-74c53a54-aa55-4aef-b183-850dd67882d2\" href=\"https:\/\/www.iemj.org\/wp-content\/uploads\/2016\/04\/had_gadya_-_shula_chen_t.mp3\">Had Gadya &#8211; Shula CHEN<\/a><\/div>\n","protected":false},"excerpt":{"rendered":"<p>Eine zweite Auswahl der sch\u00f6nsten Pessach-Lieder und Kl\u00e4ngen des Seder<\/p>\n","protected":false},"author":1052,"featured_media":111204,"comment_status":"closed","ping_status":"open","sticky":false,"template":"","format":"standard","meta":{"_acf_changed":false,"footnotes":""},"categories":[1534],"tags":[],"technique":[],"squelettes":[],"sujet":[1828],"formation":[],"genre":[],"fonds":[],"tradition":[],"type-de-contenu":[],"interprete-compositeur":[],"frise":[],"type-devenement":[],"tableaux-liens-externes":[],"class_list":["post-71666","post","type-post","status-publish","format-standard","has-post-thumbnail","hentry","category-playlists-de","sujet-pessach-de"],"acf":[],"yoast_head":"<!-- This site is optimized with the Yoast SEO plugin v27.3 - https:\/\/yoast.com\/product\/yoast-seo-wordpress\/ -->\n<title>Pessach (2. teil) - Institut Europ\u00e9en des Musiques Juives<\/title>\n<meta name=\"robots\" content=\"index, follow, max-snippet:-1, max-image-preview:large, max-video-preview:-1\" \/>\n<link rel=\"canonical\" href=\"https:\/\/www.iemj.org\/de\/pessah-2eme-partie\/\" \/>\n<meta property=\"og:locale\" content=\"de_DE\" \/>\n<meta property=\"og:type\" content=\"article\" \/>\n<meta property=\"og:title\" content=\"Pessach (2. teil) - Institut Europ\u00e9en des Musiques Juives\" \/>\n<meta property=\"og:description\" content=\"Eine zweite Auswahl der sch\u00f6nsten Pessach-Lieder und Kl\u00e4ngen des Seder\" \/>\n<meta property=\"og:url\" content=\"https:\/\/www.iemj.org\/de\/pessah-2eme-partie\/\" \/>\n<meta property=\"og:site_name\" content=\"Institut Europ\u00e9en des Musiques Juives\" \/>\n<meta property=\"article:publisher\" content=\"https:\/\/www.facebook.com\/MusiquesJuives\/\" \/>\n<meta property=\"article:published_time\" content=\"2016-04-26T07:39:26+00:00\" \/>\n<meta property=\"article:modified_time\" content=\"2025-04-08T09:20:05+00:00\" \/>\n<meta property=\"og:image\" content=\"https:\/\/www.iemj.org\/wp-content\/uploads\/2016\/04\/Logo-playlist-Pessah2.jpg\" \/>\n\t<meta property=\"og:image:width\" content=\"500\" \/>\n\t<meta property=\"og:image:height\" content=\"500\" \/>\n\t<meta property=\"og:image:type\" content=\"image\/jpeg\" \/>\n<meta name=\"author\" content=\"Lea Couderc\" \/>\n<meta name=\"twitter:card\" content=\"summary_large_image\" \/>\n<meta name=\"twitter:label1\" content=\"Verfasst von\" \/>\n\t<meta name=\"twitter:data1\" content=\"Lea Couderc\" \/>\n\t<meta name=\"twitter:label2\" content=\"Gesch\u00e4tzte Lesezeit\" \/>\n\t<meta name=\"twitter:data2\" content=\"3\u00a0Minuten\" \/>\n<script type=\"application\/ld+json\" class=\"yoast-schema-graph\">{\"@context\":\"https:\\\/\\\/schema.org\",\"@graph\":[{\"@type\":\"Article\",\"@id\":\"https:\\\/\\\/www.iemj.org\\\/de\\\/pessah-2eme-partie\\\/#article\",\"isPartOf\":{\"@id\":\"https:\\\/\\\/www.iemj.org\\\/de\\\/pessah-2eme-partie\\\/\"},\"author\":{\"name\":\"Lea Couderc\",\"@id\":\"https:\\\/\\\/www.iemj.org\\\/de\\\/#\\\/schema\\\/person\\\/e2ad57f2c4be119c7ed8ab79036807a9\"},\"headline\":\"Pessach (2. teil)\",\"datePublished\":\"2016-04-26T07:39:26+00:00\",\"dateModified\":\"2025-04-08T09:20:05+00:00\",\"mainEntityOfPage\":{\"@id\":\"https:\\\/\\\/www.iemj.org\\\/de\\\/pessah-2eme-partie\\\/\"},\"wordCount\":282,\"publisher\":{\"@id\":\"https:\\\/\\\/www.iemj.org\\\/de\\\/#organization\"},\"image\":{\"@id\":\"https:\\\/\\\/www.iemj.org\\\/de\\\/pessah-2eme-partie\\\/#primaryimage\"},\"thumbnailUrl\":\"https:\\\/\\\/www.iemj.org\\\/wp-content\\\/uploads\\\/2016\\\/04\\\/Logo-playlist-Pessah2.jpg\",\"articleSection\":[\"Playlists\"],\"inLanguage\":\"de\"},{\"@type\":\"WebPage\",\"@id\":\"https:\\\/\\\/www.iemj.org\\\/de\\\/pessah-2eme-partie\\\/\",\"url\":\"https:\\\/\\\/www.iemj.org\\\/de\\\/pessah-2eme-partie\\\/\",\"name\":\"Pessach (2. teil) - Institut Europ\u00e9en des Musiques Juives\",\"isPartOf\":{\"@id\":\"https:\\\/\\\/www.iemj.org\\\/de\\\/#website\"},\"primaryImageOfPage\":{\"@id\":\"https:\\\/\\\/www.iemj.org\\\/de\\\/pessah-2eme-partie\\\/#primaryimage\"},\"image\":{\"@id\":\"https:\\\/\\\/www.iemj.org\\\/de\\\/pessah-2eme-partie\\\/#primaryimage\"},\"thumbnailUrl\":\"https:\\\/\\\/www.iemj.org\\\/wp-content\\\/uploads\\\/2016\\\/04\\\/Logo-playlist-Pessah2.jpg\",\"datePublished\":\"2016-04-26T07:39:26+00:00\",\"dateModified\":\"2025-04-08T09:20:05+00:00\",\"breadcrumb\":{\"@id\":\"https:\\\/\\\/www.iemj.org\\\/de\\\/pessah-2eme-partie\\\/#breadcrumb\"},\"inLanguage\":\"de\",\"potentialAction\":[{\"@type\":\"ReadAction\",\"target\":[\"https:\\\/\\\/www.iemj.org\\\/de\\\/pessah-2eme-partie\\\/\"]}]},{\"@type\":\"ImageObject\",\"inLanguage\":\"de\",\"@id\":\"https:\\\/\\\/www.iemj.org\\\/de\\\/pessah-2eme-partie\\\/#primaryimage\",\"url\":\"https:\\\/\\\/www.iemj.org\\\/wp-content\\\/uploads\\\/2016\\\/04\\\/Logo-playlist-Pessah2.jpg\",\"contentUrl\":\"https:\\\/\\\/www.iemj.org\\\/wp-content\\\/uploads\\\/2016\\\/04\\\/Logo-playlist-Pessah2.jpg\",\"width\":500,\"height\":500},{\"@type\":\"BreadcrumbList\",\"@id\":\"https:\\\/\\\/www.iemj.org\\\/de\\\/pessah-2eme-partie\\\/#breadcrumb\",\"itemListElement\":[{\"@type\":\"ListItem\",\"position\":1,\"name\":\"Accueil\",\"item\":\"https:\\\/\\\/www.iemj.org\\\/de\\\/\"},{\"@type\":\"ListItem\",\"position\":2,\"name\":\"Pessach (2. teil)\"}]},{\"@type\":\"WebSite\",\"@id\":\"https:\\\/\\\/www.iemj.org\\\/de\\\/#website\",\"url\":\"https:\\\/\\\/www.iemj.org\\\/de\\\/\",\"name\":\"Institut Europ\u00e9en des Musiques Juives\",\"description\":\"Des traditions musicales \u00e0 la port\u00e9e de tous\",\"publisher\":{\"@id\":\"https:\\\/\\\/www.iemj.org\\\/de\\\/#organization\"},\"potentialAction\":[{\"@type\":\"SearchAction\",\"target\":{\"@type\":\"EntryPoint\",\"urlTemplate\":\"https:\\\/\\\/www.iemj.org\\\/de\\\/?s={search_term_string}\"},\"query-input\":{\"@type\":\"PropertyValueSpecification\",\"valueRequired\":true,\"valueName\":\"search_term_string\"}}],\"inLanguage\":\"de\"},{\"@type\":\"Organization\",\"@id\":\"https:\\\/\\\/www.iemj.org\\\/de\\\/#organization\",\"name\":\"Institut Europ\u00e9en des Musiques Juives\",\"url\":\"https:\\\/\\\/www.iemj.org\\\/de\\\/\",\"logo\":{\"@type\":\"ImageObject\",\"inLanguage\":\"de\",\"@id\":\"https:\\\/\\\/www.iemj.org\\\/de\\\/#\\\/schema\\\/logo\\\/image\\\/\",\"url\":\"https:\\\/\\\/www.iemj.org\\\/wp-content\\\/uploads\\\/2021\\\/09\\\/Logo-IEMJ-Paypal.jpg\",\"contentUrl\":\"https:\\\/\\\/www.iemj.org\\\/wp-content\\\/uploads\\\/2021\\\/09\\\/Logo-IEMJ-Paypal.jpg\",\"width\":150,\"height\":50,\"caption\":\"Institut Europ\u00e9en des Musiques Juives\"},\"image\":{\"@id\":\"https:\\\/\\\/www.iemj.org\\\/de\\\/#\\\/schema\\\/logo\\\/image\\\/\"},\"sameAs\":[\"https:\\\/\\\/www.facebook.com\\\/MusiquesJuives\\\/\",\"https:\\\/\\\/www.instagram.com\\\/musiquesjuives\\\/\",\"https:\\\/\\\/www.youtube.com\\\/user\\\/musiquesjuives\"]},{\"@type\":\"Person\",\"@id\":\"https:\\\/\\\/www.iemj.org\\\/de\\\/#\\\/schema\\\/person\\\/e2ad57f2c4be119c7ed8ab79036807a9\",\"name\":\"Lea Couderc\",\"image\":{\"@type\":\"ImageObject\",\"inLanguage\":\"de\",\"@id\":\"https:\\\/\\\/secure.gravatar.com\\\/avatar\\\/46ee021475d60aeff17a7e490b79dea5a5684bb392ab7fd1494027411df8ba23?s=96&d=mm&r=g\",\"url\":\"https:\\\/\\\/secure.gravatar.com\\\/avatar\\\/46ee021475d60aeff17a7e490b79dea5a5684bb392ab7fd1494027411df8ba23?s=96&d=mm&r=g\",\"contentUrl\":\"https:\\\/\\\/secure.gravatar.com\\\/avatar\\\/46ee021475d60aeff17a7e490b79dea5a5684bb392ab7fd1494027411df8ba23?s=96&d=mm&r=g\",\"caption\":\"Lea Couderc\"}}]}<\/script>\n<!-- \/ Yoast SEO plugin. -->","yoast_head_json":{"title":"Pessach (2. teil) - Institut Europ\u00e9en des Musiques Juives","robots":{"index":"index","follow":"follow","max-snippet":"max-snippet:-1","max-image-preview":"max-image-preview:large","max-video-preview":"max-video-preview:-1"},"canonical":"https:\/\/www.iemj.org\/de\/pessah-2eme-partie\/","og_locale":"de_DE","og_type":"article","og_title":"Pessach (2. teil) - Institut Europ\u00e9en des Musiques Juives","og_description":"Eine zweite Auswahl der sch\u00f6nsten Pessach-Lieder und Kl\u00e4ngen des Seder","og_url":"https:\/\/www.iemj.org\/de\/pessah-2eme-partie\/","og_site_name":"Institut Europ\u00e9en des Musiques Juives","article_publisher":"https:\/\/www.facebook.com\/MusiquesJuives\/","article_published_time":"2016-04-26T07:39:26+00:00","article_modified_time":"2025-04-08T09:20:05+00:00","og_image":[{"width":500,"height":500,"url":"https:\/\/www.iemj.org\/wp-content\/uploads\/2016\/04\/Logo-playlist-Pessah2.jpg","type":"image\/jpeg"}],"author":"Lea Couderc","twitter_card":"summary_large_image","twitter_misc":{"Verfasst von":"Lea Couderc","Gesch\u00e4tzte Lesezeit":"3\u00a0Minuten"},"schema":{"@context":"https:\/\/schema.org","@graph":[{"@type":"Article","@id":"https:\/\/www.iemj.org\/de\/pessah-2eme-partie\/#article","isPartOf":{"@id":"https:\/\/www.iemj.org\/de\/pessah-2eme-partie\/"},"author":{"name":"Lea Couderc","@id":"https:\/\/www.iemj.org\/de\/#\/schema\/person\/e2ad57f2c4be119c7ed8ab79036807a9"},"headline":"Pessach (2. teil)","datePublished":"2016-04-26T07:39:26+00:00","dateModified":"2025-04-08T09:20:05+00:00","mainEntityOfPage":{"@id":"https:\/\/www.iemj.org\/de\/pessah-2eme-partie\/"},"wordCount":282,"publisher":{"@id":"https:\/\/www.iemj.org\/de\/#organization"},"image":{"@id":"https:\/\/www.iemj.org\/de\/pessah-2eme-partie\/#primaryimage"},"thumbnailUrl":"https:\/\/www.iemj.org\/wp-content\/uploads\/2016\/04\/Logo-playlist-Pessah2.jpg","articleSection":["Playlists"],"inLanguage":"de"},{"@type":"WebPage","@id":"https:\/\/www.iemj.org\/de\/pessah-2eme-partie\/","url":"https:\/\/www.iemj.org\/de\/pessah-2eme-partie\/","name":"Pessach (2. teil) - Institut Europ\u00e9en des Musiques Juives","isPartOf":{"@id":"https:\/\/www.iemj.org\/de\/#website"},"primaryImageOfPage":{"@id":"https:\/\/www.iemj.org\/de\/pessah-2eme-partie\/#primaryimage"},"image":{"@id":"https:\/\/www.iemj.org\/de\/pessah-2eme-partie\/#primaryimage"},"thumbnailUrl":"https:\/\/www.iemj.org\/wp-content\/uploads\/2016\/04\/Logo-playlist-Pessah2.jpg","datePublished":"2016-04-26T07:39:26+00:00","dateModified":"2025-04-08T09:20:05+00:00","breadcrumb":{"@id":"https:\/\/www.iemj.org\/de\/pessah-2eme-partie\/#breadcrumb"},"inLanguage":"de","potentialAction":[{"@type":"ReadAction","target":["https:\/\/www.iemj.org\/de\/pessah-2eme-partie\/"]}]},{"@type":"ImageObject","inLanguage":"de","@id":"https:\/\/www.iemj.org\/de\/pessah-2eme-partie\/#primaryimage","url":"https:\/\/www.iemj.org\/wp-content\/uploads\/2016\/04\/Logo-playlist-Pessah2.jpg","contentUrl":"https:\/\/www.iemj.org\/wp-content\/uploads\/2016\/04\/Logo-playlist-Pessah2.jpg","width":500,"height":500},{"@type":"BreadcrumbList","@id":"https:\/\/www.iemj.org\/de\/pessah-2eme-partie\/#breadcrumb","itemListElement":[{"@type":"ListItem","position":1,"name":"Accueil","item":"https:\/\/www.iemj.org\/de\/"},{"@type":"ListItem","position":2,"name":"Pessach (2. teil)"}]},{"@type":"WebSite","@id":"https:\/\/www.iemj.org\/de\/#website","url":"https:\/\/www.iemj.org\/de\/","name":"Institut Europ\u00e9en des Musiques Juives","description":"Des traditions musicales \u00e0 la port\u00e9e de tous","publisher":{"@id":"https:\/\/www.iemj.org\/de\/#organization"},"potentialAction":[{"@type":"SearchAction","target":{"@type":"EntryPoint","urlTemplate":"https:\/\/www.iemj.org\/de\/?s={search_term_string}"},"query-input":{"@type":"PropertyValueSpecification","valueRequired":true,"valueName":"search_term_string"}}],"inLanguage":"de"},{"@type":"Organization","@id":"https:\/\/www.iemj.org\/de\/#organization","name":"Institut Europ\u00e9en des Musiques Juives","url":"https:\/\/www.iemj.org\/de\/","logo":{"@type":"ImageObject","inLanguage":"de","@id":"https:\/\/www.iemj.org\/de\/#\/schema\/logo\/image\/","url":"https:\/\/www.iemj.org\/wp-content\/uploads\/2021\/09\/Logo-IEMJ-Paypal.jpg","contentUrl":"https:\/\/www.iemj.org\/wp-content\/uploads\/2021\/09\/Logo-IEMJ-Paypal.jpg","width":150,"height":50,"caption":"Institut Europ\u00e9en des Musiques Juives"},"image":{"@id":"https:\/\/www.iemj.org\/de\/#\/schema\/logo\/image\/"},"sameAs":["https:\/\/www.facebook.com\/MusiquesJuives\/","https:\/\/www.instagram.com\/musiquesjuives\/","https:\/\/www.youtube.com\/user\/musiquesjuives"]},{"@type":"Person","@id":"https:\/\/www.iemj.org\/de\/#\/schema\/person\/e2ad57f2c4be119c7ed8ab79036807a9","name":"Lea Couderc","image":{"@type":"ImageObject","inLanguage":"de","@id":"https:\/\/secure.gravatar.com\/avatar\/46ee021475d60aeff17a7e490b79dea5a5684bb392ab7fd1494027411df8ba23?s=96&d=mm&r=g","url":"https:\/\/secure.gravatar.com\/avatar\/46ee021475d60aeff17a7e490b79dea5a5684bb392ab7fd1494027411df8ba23?s=96&d=mm&r=g","contentUrl":"https:\/\/secure.gravatar.com\/avatar\/46ee021475d60aeff17a7e490b79dea5a5684bb392ab7fd1494027411df8ba23?s=96&d=mm&r=g","caption":"Lea Couderc"}}]}},"_links":{"self":[{"href":"https:\/\/www.iemj.org\/de\/wp-json\/wp\/v2\/posts\/71666","targetHints":{"allow":["GET"]}}],"collection":[{"href":"https:\/\/www.iemj.org\/de\/wp-json\/wp\/v2\/posts"}],"about":[{"href":"https:\/\/www.iemj.org\/de\/wp-json\/wp\/v2\/types\/post"}],"author":[{"embeddable":true,"href":"https:\/\/www.iemj.org\/de\/wp-json\/wp\/v2\/users\/1052"}],"replies":[{"embeddable":true,"href":"https:\/\/www.iemj.org\/de\/wp-json\/wp\/v2\/comments?post=71666"}],"version-history":[{"count":0,"href":"https:\/\/www.iemj.org\/de\/wp-json\/wp\/v2\/posts\/71666\/revisions"}],"wp:featuredmedia":[{"embeddable":true,"href":"https:\/\/www.iemj.org\/de\/wp-json\/wp\/v2\/media\/111204"}],"wp:attachment":[{"href":"https:\/\/www.iemj.org\/de\/wp-json\/wp\/v2\/media?parent=71666"}],"wp:term":[{"taxonomy":"category","embeddable":true,"href":"https:\/\/www.iemj.org\/de\/wp-json\/wp\/v2\/categories?post=71666"},{"taxonomy":"post_tag","embeddable":true,"href":"https:\/\/www.iemj.org\/de\/wp-json\/wp\/v2\/tags?post=71666"},{"taxonomy":"technique","embeddable":true,"href":"https:\/\/www.iemj.org\/de\/wp-json\/wp\/v2\/technique?post=71666"},{"taxonomy":"squelettes","embeddable":true,"href":"https:\/\/www.iemj.org\/de\/wp-json\/wp\/v2\/squelettes?post=71666"},{"taxonomy":"sujet","embeddable":true,"href":"https:\/\/www.iemj.org\/de\/wp-json\/wp\/v2\/sujet?post=71666"},{"taxonomy":"formation","embeddable":true,"href":"https:\/\/www.iemj.org\/de\/wp-json\/wp\/v2\/formation?post=71666"},{"taxonomy":"genre","embeddable":true,"href":"https:\/\/www.iemj.org\/de\/wp-json\/wp\/v2\/genre?post=71666"},{"taxonomy":"fonds","embeddable":true,"href":"https:\/\/www.iemj.org\/de\/wp-json\/wp\/v2\/fonds?post=71666"},{"taxonomy":"tradition","embeddable":true,"href":"https:\/\/www.iemj.org\/de\/wp-json\/wp\/v2\/tradition?post=71666"},{"taxonomy":"type-de-contenu","embeddable":true,"href":"https:\/\/www.iemj.org\/de\/wp-json\/wp\/v2\/type-de-contenu?post=71666"},{"taxonomy":"interprete-compositeur","embeddable":true,"href":"https:\/\/www.iemj.org\/de\/wp-json\/wp\/v2\/interprete-compositeur?post=71666"},{"taxonomy":"frise","embeddable":true,"href":"https:\/\/www.iemj.org\/de\/wp-json\/wp\/v2\/frise?post=71666"},{"taxonomy":"type-devenement","embeddable":true,"href":"https:\/\/www.iemj.org\/de\/wp-json\/wp\/v2\/type-devenement?post=71666"},{"taxonomy":"tableaux-liens-externes","embeddable":true,"href":"https:\/\/www.iemj.org\/de\/wp-json\/wp\/v2\/tableaux-liens-externes?post=71666"}],"curies":[{"name":"wp","href":"https:\/\/api.w.org\/{rel}","templated":true}]}}