{"id":71698,"date":"2021-02-03T15:47:27","date_gmt":"2021-02-03T14:47:27","guid":{"rendered":"https:\/\/www.iemj.org\/fromental-halevy-airs-dopera-et-chants-synagogaux\/"},"modified":"2024-02-15T18:05:04","modified_gmt":"2024-02-15T17:05:04","slug":"fromental-halevy-airs-dopera-et-chants-synagogaux","status":"publish","type":"post","link":"https:\/\/www.iemj.org\/de\/fromental-halevy-airs-dopera-et-chants-synagogaux\/","title":{"rendered":"Fromental Hal\u00e9vy, opernarien und synagogenlieder"},"content":{"rendered":"<p><strong>Auf der folgenden Playlist ist ein Auszug aus der Oper <em>La Juive <\/em>(1835), gefolgt von mehreren Psalmen, wie <em>Mizmor lessodo<\/em> (Ps. 100), <em>Adochem Zehonorou<\/em> (Ps. 115), <em>Min hametsar <\/em>(Ps. 118) oder <em>Mimaaamakim<\/em> (Ps. 130), dargeboten vom Ch\u0153ur de L\u00e9on Algazi, Marcel Lorrand und dem Ch\u0153ur de la synagogue de Strasbourg, Michel Heymann und von La Truite Lyrique et les Polyphonies h\u00e9bra\u00efques de Strasbourg, dirigiert von Hector Sabo.<\/strong><\/p>\n<p><!--more--><a href=\"https:\/\/www.iemj.org\/de\/halevy-jacques-francois-fromental-elie-1799-1862\/\">Fromental Hal\u00e9vy (1799-1862)<\/a> war ein vielschaffender Komponist des 19. Jahrhunderts und schuf an die 37 Opern (eine davon, <em>La Juive,<\/em> war \u00fcberaus erfolgreich), zahlreiche Melodien, Duette und andere Romanzen. Fromental Hal\u00e9vy entstammte einer Familie, deren Urspr\u00fcnge in Bayern und Lothringen lagen. Die Emanzipation der Juden in Frankreich erm\u00f6glichte es ihm, eine musikalische Karriere zu verfolgen und es so zu Ruhm und Glanz zu bringen. Seiner Zeit wurde er neben Rossini, Auber und Meyerbeer als einer der Meister der franz\u00f6sischen Musik angesehen, dennoch verga\u00df Fromental Hal\u00e9vy seine Wurzeln nicht und komponierte nicht weniger als zehn St\u00fccke in hebr\u00e4ischer Sprache (sieben Psalmen und drei Gebete) f\u00fcr den israelitischen Konsistorialgottesdienst.<\/p>\n<p>Auf der folgenden Playlist ist zun\u00e4chst das bekannteste St\u00fcck seiner Oper <em>La Juive<\/em> (1835) zu h\u00f6ren: Die <em>Cavatine d\u2019El\u00e9azar<\/em> oder <em>Rachel, quand du Seigneur,<\/em> gefolgt von einigen Psalmen, wie <em>Mizmor lessodo<\/em> (Ps. 100), <em>Adochem Zehonorou<\/em> (Ps. 115), <em>Min hametsar<\/em> (Ps. 118) oder auch <em>Mimaamakim<\/em> (Ps. 130). Dargeboten werden die St\u00fccke vom Ch\u0153ur de L\u00e9on Algazi, Marcel Lorrand und dem Ch\u0153ur de la synagogue de Strasbourg, Michel Heymann und von La Truite Lyrique et les Polyphonies h\u00e9bra\u00efques de Strasbourg, dirigiert von Hector Sabo.<\/p>\n<p>Viel Vergn\u00fcgen beim H\u00f6ren!<\/p>\n\n\n<figure class=\"wp-block-image size-large\"><img fetchpriority=\"high\" decoding=\"async\" width=\"1024\" height=\"146\" src=\"https:\/\/www.iemj.org\/wp-content\/uploads\/2023\/01\/Bandeau-Playlist_DE2-1024x146.jpg\" alt=\"\" class=\"wp-image-93110\" srcset=\"https:\/\/www.iemj.org\/wp-content\/uploads\/2023\/01\/Bandeau-Playlist_DE2-1024x146.jpg 1024w, https:\/\/www.iemj.org\/wp-content\/uploads\/2023\/01\/Bandeau-Playlist_DE2-300x43.jpg 300w, https:\/\/www.iemj.org\/wp-content\/uploads\/2023\/01\/Bandeau-Playlist_DE2-768x110.jpg 768w, https:\/\/www.iemj.org\/wp-content\/uploads\/2023\/01\/Bandeau-Playlist_DE2-1536x220.jpg 1536w, https:\/\/www.iemj.org\/wp-content\/uploads\/2023\/01\/Bandeau-Playlist_DE2-600x86.jpg 600w, https:\/\/www.iemj.org\/wp-content\/uploads\/2023\/01\/Bandeau-Playlist_DE2.jpg 1608w\" sizes=\"(max-width: 1024px) 100vw, 1024px\" \/><\/figure>\n\n\n\n<div class=\"wp-block-file\"><a id=\"wp-block-file--media-480502ae-2854-4b5f-a7c1-39ed8c7d917b\" href=\"https:\/\/www.iemj.org\/wp-content\/uploads\/2021\/01\/01_la_juive_op_ra_de_f_hal_vy__cavatine_d_el_azar_cesar_vezzani.mp3\">La Juive (op\u00e9ra de F. Hal\u00e9vy) &#8211; Cavatine d&#8217;El\u00e9azar &#8211; Cesar Vezzani<\/a><\/div>\n\n\n\n<div class=\"wp-block-file\"><a id=\"wp-block-file--media-4a4ff25e-9c22-47e6-8fb2-33300c42e396\" href=\"https:\/\/www.iemj.org\/wp-content\/uploads\/2021\/01\/02_hodou_ladona_ps_118_-_hallel__f_hal_vy_marcel_lebreton_solo_et_choeur_dirig_par_l_on_algazi.mp3\">Hodou ladona\u00ef  (ps. 118 &#8211; Hallel) &#8211; Hal\u00e9vy &#8211; Marcel Lebreton (t\u00e9nor) et ch\u0153ur dirig\u00e9 par L\u00e9on Algazi<\/a><\/div>\n\n\n\n<div class=\"wp-block-file\"><a id=\"wp-block-file--media-a005887c-a1fb-4c29-9f5d-3f8eb350bba5\" href=\"https:\/\/www.iemj.org\/wp-content\/uploads\/2021\/01\/03_odekho_ps_118_21_marcel_lorand_et_choeur_de_la_grande_synagogue_de_strasbourg_extrait_.mp3\">Odekho (ps 118, 21) &#8211; Hal\u00e9vy &#8211; Marcel Lorand et Choeur de la grande synagogue de Strasbourg (Extrait)<\/a><\/div>\n\n\n\n<div class=\"wp-block-file\"><a id=\"wp-block-file--media-37c664aa-1371-42c2-90d1-c2a47d4dc509\" href=\"https:\/\/www.iemj.org\/wp-content\/uploads\/2021\/01\/04_adochem_zehonorou_ps_115__michel_heymann_extrait_.mp3\">Adochem Ze&#8217;honorou (ps. 115) &#8211; Hal\u00e9vy &#8211; Michel Heymann (Extrait)<\/a><\/div>\n\n\n\n<div class=\"wp-block-file\"><a id=\"wp-block-file--media-6d6f6a73-bf12-4902-8a58-37385aab0404\" href=\"https:\/\/www.iemj.org\/wp-content\/uploads\/2021\/01\/05_mizmor_lessodo_ps_100_choeur_mixte_mezzo_solo_et_orgue_extrait_.mp3\">Mizmor lessodo (ps. 100) &#8211; Hal\u00e9vy &#8211; Magdalena Lukovic (Mezzo solo) et La truite lyrique (Extrait)<\/a><\/div>\n\n\n\n<div class=\"wp-block-file\"><a id=\"wp-block-file--media-c0a81889-4211-4f69-bbbd-892110243e18\" href=\"https:\/\/www.iemj.org\/wp-content\/uploads\/2021\/01\/06_mimaamakim_ps_130__marche_fun_bre_arrgt_fl_te_et_piano__micael_berger_et_l_o_sabo_extrait_.mp3\">Mimaamakim (ps. 130) n\u00b01 Marche fun\u00e8bre &#8211; Hal\u00e9vy &#8211; Micael Berger (fl\u00fbte) et L\u00e9o Sabo (piano), arrangement : Hector Sabo (Extrait)<\/a><\/div>\n\n\n\n<div class=\"wp-block-file\"><a id=\"wp-block-file--media-4a56bbaf-d368-4136-b1a3-750094de55af\" href=\"https:\/\/www.iemj.org\/wp-content\/uploads\/2021\/01\/07_mimaamakim_ps_130__air_basse_solo_et_piano_jean_moissonnier_et_l_o_sabo_extrait_.mp3\">Mimaamakim (ps. 130) n\u00b03 Air &#8211; Hal\u00e9vy &#8211; Jean Moissonnier (Basse solo) et L\u00e9o Sabo (piano) (Extrait)<\/a><\/div>\n\n\n\n<div class=\"wp-block-file\"><a id=\"wp-block-file--media-57ee69c2-3473-4de2-8a38-08dc0e8f6b39\" href=\"https:\/\/www.iemj.org\/wp-content\/uploads\/2021\/01\/08_mimaamakim_ps_130__choeur_la_truite_lyrique_et_les_polyphonies_h_bra_ques_de_strasbourg_extrait_.mp3\">Mimaamakim (ps. 130) n\u00b02 Ch\u0153ur &#8211; Hal\u00e9vy &#8211; Ensembles La Truite Lyrique et les polyphonies h\u00e9bra\u00efques de Strasbourg (Extrait)<\/a><\/div>\n\n\n\n<div class=\"wp-block-file\"><a id=\"wp-block-file--media-020eddaf-6f14-41ad-930b-4e62c41d2d5a\" href=\"https:\/\/www.iemj.org\/wp-content\/uploads\/2021\/01\/09_min_hamestar_ps_118__la_truite_lyrique_et_les_polyphonies_h_bra_ques_de_strasbourg_hector_sabo_extrait_.mp3\">Min hametsar (ps 118) &#8211; Hal\u00e9vy &#8211; Ensembles La Truite Lyrique et les polyphonies h\u00e9bra\u00efques de Strasbourg (Extrait)<\/a><\/div>\n\n\n\n<p><\/p>\n","protected":false},"excerpt":{"rendered":"<p>Auf der folgenden Playlist ist ein Auszug aus der Oper La Juive (1835), gefolgt von mehreren Psalmen, wie Mizmor lessodo (Ps. 100), Adochem Zehonorou (Ps. 115), Min hametsar (Ps. 118)<\/p>\n","protected":false},"author":1045,"featured_media":71699,"comment_status":"closed","ping_status":"closed","sticky":false,"template":"","format":"standard","meta":{"_acf_changed":false,"footnotes":""},"categories":[1534],"tags":[],"technique":[],"squelettes":[],"sujet":[],"formation":[],"genre":[1900],"fonds":[],"tradition":[],"type-de-contenu":[],"interprete-compositeur":[],"frise":[],"type-devenement":[],"tableaux-liens-externes":[],"class_list":["post-71698","post","type-post","status-publish","format-standard","has-post-thumbnail","hentry","category-playlists-de","genre-klassische-musik-de"],"acf":[],"yoast_head":"<!-- This site is optimized with the Yoast SEO plugin v27.3 - https:\/\/yoast.com\/product\/yoast-seo-wordpress\/ -->\n<title>Fromental Hal\u00e9vy, opernarien und synagogenlieder - Institut Europ\u00e9en des Musiques Juives<\/title>\n<meta name=\"robots\" content=\"index, follow, max-snippet:-1, max-image-preview:large, max-video-preview:-1\" \/>\n<link rel=\"canonical\" href=\"https:\/\/www.iemj.org\/de\/fromental-halevy-airs-dopera-et-chants-synagogaux\/\" \/>\n<meta property=\"og:locale\" content=\"de_DE\" \/>\n<meta property=\"og:type\" content=\"article\" \/>\n<meta property=\"og:title\" content=\"Fromental Hal\u00e9vy, opernarien und synagogenlieder - Institut Europ\u00e9en des Musiques Juives\" \/>\n<meta property=\"og:description\" content=\"Auf der folgenden Playlist ist ein Auszug aus der Oper La Juive (1835), gefolgt von mehreren Psalmen, wie Mizmor lessodo (Ps. 100), Adochem Zehonorou (Ps. 115), Min hametsar (Ps. 118)\" \/>\n<meta property=\"og:url\" content=\"https:\/\/www.iemj.org\/de\/fromental-halevy-airs-dopera-et-chants-synagogaux\/\" \/>\n<meta property=\"og:site_name\" content=\"Institut Europ\u00e9en des Musiques Juives\" \/>\n<meta property=\"article:publisher\" content=\"https:\/\/www.facebook.com\/MusiquesJuives\/\" \/>\n<meta property=\"article:published_time\" content=\"2021-02-03T14:47:27+00:00\" \/>\n<meta property=\"article:modified_time\" content=\"2024-02-15T17:05:04+00:00\" \/>\n<meta property=\"og:image\" content=\"https:\/\/www.iemj.org\/wp-content\/uploads\/2021\/02\/arton5001.jpg\" \/>\n\t<meta property=\"og:image:width\" content=\"300\" \/>\n\t<meta property=\"og:image:height\" content=\"300\" \/>\n\t<meta property=\"og:image:type\" content=\"image\/jpeg\" \/>\n<meta name=\"author\" content=\"Herv\u00e9 Roten\" \/>\n<meta name=\"twitter:card\" content=\"summary_large_image\" \/>\n<meta name=\"twitter:label1\" content=\"Verfasst von\" \/>\n\t<meta name=\"twitter:data1\" content=\"Herv\u00e9 Roten\" \/>\n\t<meta name=\"twitter:label2\" content=\"Gesch\u00e4tzte Lesezeit\" \/>\n\t<meta name=\"twitter:data2\" content=\"3\u00a0Minuten\" \/>\n<script type=\"application\/ld+json\" class=\"yoast-schema-graph\">{\"@context\":\"https:\\\/\\\/schema.org\",\"@graph\":[{\"@type\":\"Article\",\"@id\":\"https:\\\/\\\/www.iemj.org\\\/de\\\/fromental-halevy-airs-dopera-et-chants-synagogaux\\\/#article\",\"isPartOf\":{\"@id\":\"https:\\\/\\\/www.iemj.org\\\/de\\\/fromental-halevy-airs-dopera-et-chants-synagogaux\\\/\"},\"author\":{\"name\":\"Herv\u00e9 Roten\",\"@id\":\"https:\\\/\\\/www.iemj.org\\\/de\\\/#\\\/schema\\\/person\\\/906134402c29d5c76e7b726261dd4bbd\"},\"headline\":\"Fromental Hal\u00e9vy, opernarien und synagogenlieder\",\"datePublished\":\"2021-02-03T14:47:27+00:00\",\"dateModified\":\"2024-02-15T17:05:04+00:00\",\"mainEntityOfPage\":{\"@id\":\"https:\\\/\\\/www.iemj.org\\\/de\\\/fromental-halevy-airs-dopera-et-chants-synagogaux\\\/\"},\"wordCount\":445,\"publisher\":{\"@id\":\"https:\\\/\\\/www.iemj.org\\\/de\\\/#organization\"},\"image\":{\"@id\":\"https:\\\/\\\/www.iemj.org\\\/de\\\/fromental-halevy-airs-dopera-et-chants-synagogaux\\\/#primaryimage\"},\"thumbnailUrl\":\"https:\\\/\\\/www.iemj.org\\\/wp-content\\\/uploads\\\/2021\\\/02\\\/arton5001.jpg\",\"articleSection\":[\"Playlists\"],\"inLanguage\":\"de\"},{\"@type\":\"WebPage\",\"@id\":\"https:\\\/\\\/www.iemj.org\\\/de\\\/fromental-halevy-airs-dopera-et-chants-synagogaux\\\/\",\"url\":\"https:\\\/\\\/www.iemj.org\\\/de\\\/fromental-halevy-airs-dopera-et-chants-synagogaux\\\/\",\"name\":\"Fromental Hal\u00e9vy, opernarien und synagogenlieder - Institut Europ\u00e9en des Musiques Juives\",\"isPartOf\":{\"@id\":\"https:\\\/\\\/www.iemj.org\\\/de\\\/#website\"},\"primaryImageOfPage\":{\"@id\":\"https:\\\/\\\/www.iemj.org\\\/de\\\/fromental-halevy-airs-dopera-et-chants-synagogaux\\\/#primaryimage\"},\"image\":{\"@id\":\"https:\\\/\\\/www.iemj.org\\\/de\\\/fromental-halevy-airs-dopera-et-chants-synagogaux\\\/#primaryimage\"},\"thumbnailUrl\":\"https:\\\/\\\/www.iemj.org\\\/wp-content\\\/uploads\\\/2021\\\/02\\\/arton5001.jpg\",\"datePublished\":\"2021-02-03T14:47:27+00:00\",\"dateModified\":\"2024-02-15T17:05:04+00:00\",\"breadcrumb\":{\"@id\":\"https:\\\/\\\/www.iemj.org\\\/de\\\/fromental-halevy-airs-dopera-et-chants-synagogaux\\\/#breadcrumb\"},\"inLanguage\":\"de\",\"potentialAction\":[{\"@type\":\"ReadAction\",\"target\":[\"https:\\\/\\\/www.iemj.org\\\/de\\\/fromental-halevy-airs-dopera-et-chants-synagogaux\\\/\"]}]},{\"@type\":\"ImageObject\",\"inLanguage\":\"de\",\"@id\":\"https:\\\/\\\/www.iemj.org\\\/de\\\/fromental-halevy-airs-dopera-et-chants-synagogaux\\\/#primaryimage\",\"url\":\"https:\\\/\\\/www.iemj.org\\\/wp-content\\\/uploads\\\/2021\\\/02\\\/arton5001.jpg\",\"contentUrl\":\"https:\\\/\\\/www.iemj.org\\\/wp-content\\\/uploads\\\/2021\\\/02\\\/arton5001.jpg\",\"width\":300,\"height\":300},{\"@type\":\"BreadcrumbList\",\"@id\":\"https:\\\/\\\/www.iemj.org\\\/de\\\/fromental-halevy-airs-dopera-et-chants-synagogaux\\\/#breadcrumb\",\"itemListElement\":[{\"@type\":\"ListItem\",\"position\":1,\"name\":\"Accueil\",\"item\":\"https:\\\/\\\/www.iemj.org\\\/de\\\/\"},{\"@type\":\"ListItem\",\"position\":2,\"name\":\"Fromental Hal\u00e9vy, opernarien und synagogenlieder\"}]},{\"@type\":\"WebSite\",\"@id\":\"https:\\\/\\\/www.iemj.org\\\/de\\\/#website\",\"url\":\"https:\\\/\\\/www.iemj.org\\\/de\\\/\",\"name\":\"Institut Europ\u00e9en des Musiques Juives\",\"description\":\"Des traditions musicales \u00e0 la port\u00e9e de tous\",\"publisher\":{\"@id\":\"https:\\\/\\\/www.iemj.org\\\/de\\\/#organization\"},\"potentialAction\":[{\"@type\":\"SearchAction\",\"target\":{\"@type\":\"EntryPoint\",\"urlTemplate\":\"https:\\\/\\\/www.iemj.org\\\/de\\\/?s={search_term_string}\"},\"query-input\":{\"@type\":\"PropertyValueSpecification\",\"valueRequired\":true,\"valueName\":\"search_term_string\"}}],\"inLanguage\":\"de\"},{\"@type\":\"Organization\",\"@id\":\"https:\\\/\\\/www.iemj.org\\\/de\\\/#organization\",\"name\":\"Institut Europ\u00e9en des Musiques Juives\",\"url\":\"https:\\\/\\\/www.iemj.org\\\/de\\\/\",\"logo\":{\"@type\":\"ImageObject\",\"inLanguage\":\"de\",\"@id\":\"https:\\\/\\\/www.iemj.org\\\/de\\\/#\\\/schema\\\/logo\\\/image\\\/\",\"url\":\"https:\\\/\\\/www.iemj.org\\\/wp-content\\\/uploads\\\/2021\\\/09\\\/Logo-IEMJ-Paypal.jpg\",\"contentUrl\":\"https:\\\/\\\/www.iemj.org\\\/wp-content\\\/uploads\\\/2021\\\/09\\\/Logo-IEMJ-Paypal.jpg\",\"width\":150,\"height\":50,\"caption\":\"Institut Europ\u00e9en des Musiques Juives\"},\"image\":{\"@id\":\"https:\\\/\\\/www.iemj.org\\\/de\\\/#\\\/schema\\\/logo\\\/image\\\/\"},\"sameAs\":[\"https:\\\/\\\/www.facebook.com\\\/MusiquesJuives\\\/\",\"https:\\\/\\\/www.instagram.com\\\/musiquesjuives\\\/\",\"https:\\\/\\\/www.youtube.com\\\/user\\\/musiquesjuives\"]},{\"@type\":\"Person\",\"@id\":\"https:\\\/\\\/www.iemj.org\\\/de\\\/#\\\/schema\\\/person\\\/906134402c29d5c76e7b726261dd4bbd\",\"name\":\"Herv\u00e9 Roten\",\"image\":{\"@type\":\"ImageObject\",\"inLanguage\":\"de\",\"@id\":\"https:\\\/\\\/secure.gravatar.com\\\/avatar\\\/f96ad2db538a26481f18384936b5cd0610c92d390c4dc382209216d455f685ff?s=96&d=mm&r=g\",\"url\":\"https:\\\/\\\/secure.gravatar.com\\\/avatar\\\/f96ad2db538a26481f18384936b5cd0610c92d390c4dc382209216d455f685ff?s=96&d=mm&r=g\",\"contentUrl\":\"https:\\\/\\\/secure.gravatar.com\\\/avatar\\\/f96ad2db538a26481f18384936b5cd0610c92d390c4dc382209216d455f685ff?s=96&d=mm&r=g\",\"caption\":\"Herv\u00e9 Roten\"}}]}<\/script>\n<!-- \/ Yoast SEO plugin. -->","yoast_head_json":{"title":"Fromental Hal\u00e9vy, opernarien und synagogenlieder - Institut Europ\u00e9en des Musiques Juives","robots":{"index":"index","follow":"follow","max-snippet":"max-snippet:-1","max-image-preview":"max-image-preview:large","max-video-preview":"max-video-preview:-1"},"canonical":"https:\/\/www.iemj.org\/de\/fromental-halevy-airs-dopera-et-chants-synagogaux\/","og_locale":"de_DE","og_type":"article","og_title":"Fromental Hal\u00e9vy, opernarien und synagogenlieder - Institut Europ\u00e9en des Musiques Juives","og_description":"Auf der folgenden Playlist ist ein Auszug aus der Oper La Juive (1835), gefolgt von mehreren Psalmen, wie Mizmor lessodo (Ps. 100), Adochem Zehonorou (Ps. 115), Min hametsar (Ps. 118)","og_url":"https:\/\/www.iemj.org\/de\/fromental-halevy-airs-dopera-et-chants-synagogaux\/","og_site_name":"Institut Europ\u00e9en des Musiques Juives","article_publisher":"https:\/\/www.facebook.com\/MusiquesJuives\/","article_published_time":"2021-02-03T14:47:27+00:00","article_modified_time":"2024-02-15T17:05:04+00:00","og_image":[{"width":300,"height":300,"url":"https:\/\/www.iemj.org\/wp-content\/uploads\/2021\/02\/arton5001.jpg","type":"image\/jpeg"}],"author":"Herv\u00e9 Roten","twitter_card":"summary_large_image","twitter_misc":{"Verfasst von":"Herv\u00e9 Roten","Gesch\u00e4tzte Lesezeit":"3\u00a0Minuten"},"schema":{"@context":"https:\/\/schema.org","@graph":[{"@type":"Article","@id":"https:\/\/www.iemj.org\/de\/fromental-halevy-airs-dopera-et-chants-synagogaux\/#article","isPartOf":{"@id":"https:\/\/www.iemj.org\/de\/fromental-halevy-airs-dopera-et-chants-synagogaux\/"},"author":{"name":"Herv\u00e9 Roten","@id":"https:\/\/www.iemj.org\/de\/#\/schema\/person\/906134402c29d5c76e7b726261dd4bbd"},"headline":"Fromental Hal\u00e9vy, opernarien und synagogenlieder","datePublished":"2021-02-03T14:47:27+00:00","dateModified":"2024-02-15T17:05:04+00:00","mainEntityOfPage":{"@id":"https:\/\/www.iemj.org\/de\/fromental-halevy-airs-dopera-et-chants-synagogaux\/"},"wordCount":445,"publisher":{"@id":"https:\/\/www.iemj.org\/de\/#organization"},"image":{"@id":"https:\/\/www.iemj.org\/de\/fromental-halevy-airs-dopera-et-chants-synagogaux\/#primaryimage"},"thumbnailUrl":"https:\/\/www.iemj.org\/wp-content\/uploads\/2021\/02\/arton5001.jpg","articleSection":["Playlists"],"inLanguage":"de"},{"@type":"WebPage","@id":"https:\/\/www.iemj.org\/de\/fromental-halevy-airs-dopera-et-chants-synagogaux\/","url":"https:\/\/www.iemj.org\/de\/fromental-halevy-airs-dopera-et-chants-synagogaux\/","name":"Fromental Hal\u00e9vy, opernarien und synagogenlieder - Institut Europ\u00e9en des Musiques Juives","isPartOf":{"@id":"https:\/\/www.iemj.org\/de\/#website"},"primaryImageOfPage":{"@id":"https:\/\/www.iemj.org\/de\/fromental-halevy-airs-dopera-et-chants-synagogaux\/#primaryimage"},"image":{"@id":"https:\/\/www.iemj.org\/de\/fromental-halevy-airs-dopera-et-chants-synagogaux\/#primaryimage"},"thumbnailUrl":"https:\/\/www.iemj.org\/wp-content\/uploads\/2021\/02\/arton5001.jpg","datePublished":"2021-02-03T14:47:27+00:00","dateModified":"2024-02-15T17:05:04+00:00","breadcrumb":{"@id":"https:\/\/www.iemj.org\/de\/fromental-halevy-airs-dopera-et-chants-synagogaux\/#breadcrumb"},"inLanguage":"de","potentialAction":[{"@type":"ReadAction","target":["https:\/\/www.iemj.org\/de\/fromental-halevy-airs-dopera-et-chants-synagogaux\/"]}]},{"@type":"ImageObject","inLanguage":"de","@id":"https:\/\/www.iemj.org\/de\/fromental-halevy-airs-dopera-et-chants-synagogaux\/#primaryimage","url":"https:\/\/www.iemj.org\/wp-content\/uploads\/2021\/02\/arton5001.jpg","contentUrl":"https:\/\/www.iemj.org\/wp-content\/uploads\/2021\/02\/arton5001.jpg","width":300,"height":300},{"@type":"BreadcrumbList","@id":"https:\/\/www.iemj.org\/de\/fromental-halevy-airs-dopera-et-chants-synagogaux\/#breadcrumb","itemListElement":[{"@type":"ListItem","position":1,"name":"Accueil","item":"https:\/\/www.iemj.org\/de\/"},{"@type":"ListItem","position":2,"name":"Fromental Hal\u00e9vy, opernarien und synagogenlieder"}]},{"@type":"WebSite","@id":"https:\/\/www.iemj.org\/de\/#website","url":"https:\/\/www.iemj.org\/de\/","name":"Institut Europ\u00e9en des Musiques Juives","description":"Des traditions musicales \u00e0 la port\u00e9e de tous","publisher":{"@id":"https:\/\/www.iemj.org\/de\/#organization"},"potentialAction":[{"@type":"SearchAction","target":{"@type":"EntryPoint","urlTemplate":"https:\/\/www.iemj.org\/de\/?s={search_term_string}"},"query-input":{"@type":"PropertyValueSpecification","valueRequired":true,"valueName":"search_term_string"}}],"inLanguage":"de"},{"@type":"Organization","@id":"https:\/\/www.iemj.org\/de\/#organization","name":"Institut Europ\u00e9en des Musiques Juives","url":"https:\/\/www.iemj.org\/de\/","logo":{"@type":"ImageObject","inLanguage":"de","@id":"https:\/\/www.iemj.org\/de\/#\/schema\/logo\/image\/","url":"https:\/\/www.iemj.org\/wp-content\/uploads\/2021\/09\/Logo-IEMJ-Paypal.jpg","contentUrl":"https:\/\/www.iemj.org\/wp-content\/uploads\/2021\/09\/Logo-IEMJ-Paypal.jpg","width":150,"height":50,"caption":"Institut Europ\u00e9en des Musiques Juives"},"image":{"@id":"https:\/\/www.iemj.org\/de\/#\/schema\/logo\/image\/"},"sameAs":["https:\/\/www.facebook.com\/MusiquesJuives\/","https:\/\/www.instagram.com\/musiquesjuives\/","https:\/\/www.youtube.com\/user\/musiquesjuives"]},{"@type":"Person","@id":"https:\/\/www.iemj.org\/de\/#\/schema\/person\/906134402c29d5c76e7b726261dd4bbd","name":"Herv\u00e9 Roten","image":{"@type":"ImageObject","inLanguage":"de","@id":"https:\/\/secure.gravatar.com\/avatar\/f96ad2db538a26481f18384936b5cd0610c92d390c4dc382209216d455f685ff?s=96&d=mm&r=g","url":"https:\/\/secure.gravatar.com\/avatar\/f96ad2db538a26481f18384936b5cd0610c92d390c4dc382209216d455f685ff?s=96&d=mm&r=g","contentUrl":"https:\/\/secure.gravatar.com\/avatar\/f96ad2db538a26481f18384936b5cd0610c92d390c4dc382209216d455f685ff?s=96&d=mm&r=g","caption":"Herv\u00e9 Roten"}}]}},"_links":{"self":[{"href":"https:\/\/www.iemj.org\/de\/wp-json\/wp\/v2\/posts\/71698","targetHints":{"allow":["GET"]}}],"collection":[{"href":"https:\/\/www.iemj.org\/de\/wp-json\/wp\/v2\/posts"}],"about":[{"href":"https:\/\/www.iemj.org\/de\/wp-json\/wp\/v2\/types\/post"}],"author":[{"embeddable":true,"href":"https:\/\/www.iemj.org\/de\/wp-json\/wp\/v2\/users\/1045"}],"replies":[{"embeddable":true,"href":"https:\/\/www.iemj.org\/de\/wp-json\/wp\/v2\/comments?post=71698"}],"version-history":[{"count":0,"href":"https:\/\/www.iemj.org\/de\/wp-json\/wp\/v2\/posts\/71698\/revisions"}],"wp:featuredmedia":[{"embeddable":true,"href":"https:\/\/www.iemj.org\/de\/wp-json\/wp\/v2\/media\/71699"}],"wp:attachment":[{"href":"https:\/\/www.iemj.org\/de\/wp-json\/wp\/v2\/media?parent=71698"}],"wp:term":[{"taxonomy":"category","embeddable":true,"href":"https:\/\/www.iemj.org\/de\/wp-json\/wp\/v2\/categories?post=71698"},{"taxonomy":"post_tag","embeddable":true,"href":"https:\/\/www.iemj.org\/de\/wp-json\/wp\/v2\/tags?post=71698"},{"taxonomy":"technique","embeddable":true,"href":"https:\/\/www.iemj.org\/de\/wp-json\/wp\/v2\/technique?post=71698"},{"taxonomy":"squelettes","embeddable":true,"href":"https:\/\/www.iemj.org\/de\/wp-json\/wp\/v2\/squelettes?post=71698"},{"taxonomy":"sujet","embeddable":true,"href":"https:\/\/www.iemj.org\/de\/wp-json\/wp\/v2\/sujet?post=71698"},{"taxonomy":"formation","embeddable":true,"href":"https:\/\/www.iemj.org\/de\/wp-json\/wp\/v2\/formation?post=71698"},{"taxonomy":"genre","embeddable":true,"href":"https:\/\/www.iemj.org\/de\/wp-json\/wp\/v2\/genre?post=71698"},{"taxonomy":"fonds","embeddable":true,"href":"https:\/\/www.iemj.org\/de\/wp-json\/wp\/v2\/fonds?post=71698"},{"taxonomy":"tradition","embeddable":true,"href":"https:\/\/www.iemj.org\/de\/wp-json\/wp\/v2\/tradition?post=71698"},{"taxonomy":"type-de-contenu","embeddable":true,"href":"https:\/\/www.iemj.org\/de\/wp-json\/wp\/v2\/type-de-contenu?post=71698"},{"taxonomy":"interprete-compositeur","embeddable":true,"href":"https:\/\/www.iemj.org\/de\/wp-json\/wp\/v2\/interprete-compositeur?post=71698"},{"taxonomy":"frise","embeddable":true,"href":"https:\/\/www.iemj.org\/de\/wp-json\/wp\/v2\/frise?post=71698"},{"taxonomy":"type-devenement","embeddable":true,"href":"https:\/\/www.iemj.org\/de\/wp-json\/wp\/v2\/type-devenement?post=71698"},{"taxonomy":"tableaux-liens-externes","embeddable":true,"href":"https:\/\/www.iemj.org\/de\/wp-json\/wp\/v2\/tableaux-liens-externes?post=71698"}],"curies":[{"name":"wp","href":"https:\/\/api.w.org\/{rel}","templated":true}]}}