{"id":71722,"date":"2017-02-08T09:40:53","date_gmt":"2017-02-08T08:40:53","guid":{"rendered":"https:\/\/www.iemj.org\/tou-bichvat\/"},"modified":"2025-02-11T12:01:51","modified_gmt":"2025-02-11T11:01:51","slug":"tou-bichvat","status":"publish","type":"post","link":"https:\/\/www.iemj.org\/de\/tou-bichvat\/","title":{"rendered":"TU BISCHEVAT"},"content":{"rendered":"<p><strong>Das Fest von Tu biSchevat kennzeichnet den Moment der Erneuerung der Natur und wird in j\u00fcdischen Gemeinschaften und in Israel durch das Einpflanzen von Pflanzen, begleitet von Segensspr\u00fcchen und vielen fr\u00f6hlichen Liedern, gefeiert<\/strong><\/p>\n<p><!--more--><\/p>\n<p>Das Fest <em>Tu<\/em> <em>biSchevat<\/em> (wortw\u00f6rtlich \u201eder 15. Schevat\u201c) wird in der Mischna als \u201eNeujahrsfest der B\u00e4ume\u201c bezeichnet, weil es dem Zeitpunkt entspricht, in welcher der Saft im Baum, vor dem Fr\u00fchling aufsteigt.<\/p>\n<p>In der Tora wird das Land Israel durch seinen Reichtum an Fr\u00fcchten charakterisiert: \u201eEin Land das Weizen, Gerste, Trauben, Feigen und Granat\u00e4pfel hervorbringt, ein Land, reich an Olivenb\u00e4umen und Honig\u201c (Devarim 8,8)<\/p>\n<p><img decoding=\"async\" class=\"wp-image-12955 alignright\" src=\"https:\/\/www.iemj.org\/wp-content\/uploads\/2017\/02\/dattier_500px.jpg\" alt=\"dattier_500px.jpg\" width=\"171\" height=\"266\" align=\"right\" srcset=\"https:\/\/www.iemj.org\/wp-content\/uploads\/2017\/02\/dattier_500px.jpg 210w, https:\/\/www.iemj.org\/wp-content\/uploads\/2017\/02\/dattier_500px-193x300.jpg 193w\" sizes=\"(max-width: 171px) 100vw, 171px\" \/><\/p>\n<p>Deshalb herrscht der Brauch, an diesem Tag mindestens sieben verschiedene Obstsorten in einer bestimmten Folge zu essen (Gerste, Datteln, Trauben, Feigen, Granat\u00e4pfel, Oliven und Weizen) und auf jede Form der Strenge zu verzichten (kein Fasten oder Trauerreden\u2026), welche m\u00f6glicherweise die Freude am Feiertag beeintr\u00e4chtigen k\u00f6nnte.<\/p>\n<p>Unter dem Ansto\u00df der Kabbalisten von Safed und sp\u00e4ter auch des Zionismus, wurde <em>Tu biSchevat <\/em>zum Symbol der Erneuerung des Landes Israel.<\/p>\n<p><a href=\"http:\/\/kefisrael.com\/2012\/02\/02\/chansons-de-tou-bishevat\/\" target=\"_blank\" rel=\"noopener\">Lesen Sie den Artikel \u00fcber die Lieder von Tu biSchevat auf der Internetseite <em>KefIsra\u00ebl<\/em><\/a><\/p>\n<p><a href=\"https:\/\/www.iemj.org\/de\/tou-bichvat-2\/\" target=\"_blank\" rel=\"noopener\"><span class=\"Y2IQFc\" lang=\"de\">Eine andere Tou Bishvat 2-Playlist anh\u00f6ren<\/span><\/a><\/p>\n<p><iframe src=\"https:\/\/www.youtube.com\/embed\/Qp3itxWlyQM\" width=\"320\" height=\"180\" frameborder=\"0\" allowfullscreen=\"allowfullscreen\"><\/iframe><a href=\"http:\/\/kefisrael.com\/2012\/02\/02\/chansons-de-tou-bichevat\/\"><img decoding=\"async\" class=\"size-full wp-image-12957 alignright\" src=\"https:\/\/www.iemj.org\/wp-content\/uploads\/2017\/02\/doc_2_tu_bisvat_500px_38.jpg\" alt=\"doc_2_tu_bisvat_500px_38.jpg\" width=\"181\" height=\"201\" align=\"middle\" \/><\/a><\/p>\n\n<div class=\"wp-block-image\">\n<figure class=\"aligncenter size-large\"><img fetchpriority=\"high\" decoding=\"async\" width=\"1024\" height=\"133\" src=\"https:\/\/www.iemj.org\/wp-content\/uploads\/2024\/03\/AUDIO-PLAYER-1024x133.png\" alt=\"\" class=\"wp-image-110606\" srcset=\"https:\/\/www.iemj.org\/wp-content\/uploads\/2024\/03\/AUDIO-PLAYER-1024x133.png 1024w, https:\/\/www.iemj.org\/wp-content\/uploads\/2024\/03\/AUDIO-PLAYER-300x39.png 300w, https:\/\/www.iemj.org\/wp-content\/uploads\/2024\/03\/AUDIO-PLAYER-768x100.png 768w, https:\/\/www.iemj.org\/wp-content\/uploads\/2024\/03\/AUDIO-PLAYER-600x78.png 600w, https:\/\/www.iemj.org\/wp-content\/uploads\/2024\/03\/AUDIO-PLAYER.png 1210w\" sizes=\"(max-width: 1024px) 100vw, 1024px\" \/><\/figure>\n<\/div>\n\n\n<div class=\"wp-block-file\"><a href=\"https:\/\/www.iemj.org\/wp-content\/uploads\/2017\/02\/hashkediya_porachat_-_chag_lataf.mp3\">Hashkediya Porachat &#8211; Chag Lataf<\/a><\/div>\n\n\n\n<div class=\"wp-block-file\"><a href=\"https:\/\/www.iemj.org\/wp-content\/uploads\/2017\/02\/tu_bisvat_-_an_anthologie_of_100_israeli_nursery_rhymes.mp3\">Tu Bisvat &#8211; An anthologie of 100 israeli nursery rhymes<\/a><\/div>\n\n\n\n<div class=\"wp-block-file\"><a href=\"https:\/\/www.iemj.org\/wp-content\/uploads\/2017\/02\/in_khoydesh_shvat_-_gut_yom-tev_kinder.mp3\">In Khoydesh Shvat &#8211; Gut Yom-Tev Kinder<\/a><\/div>\n\n\n\n<div class=\"wp-block-file\"><a href=\"https:\/\/www.iemj.org\/wp-content\/uploads\/2017\/02\/like_a_tree_in_a_field_-_shalom_hanoch.mp3\">Like a tree in a field &#8211; Shalom Hanoch<\/a><\/div>\n\n\n\n<div class=\"wp-block-file\"><a href=\"https:\/\/www.iemj.org\/wp-content\/uploads\/2017\/02\/siendo_este_diya_-_liturgic.mp3\">Siendo Este Diya &#8211; Liturgic<\/a><\/div>\n\n\n\n<div class=\"wp-block-file\"><a href=\"https:\/\/www.iemj.org\/wp-content\/uploads\/2017\/02\/la_berencena_-liturgic.mp3\">La berencena &#8211; Song<\/a><\/div>\n","protected":false},"excerpt":{"rendered":"<p>Das Fest von Tu biSchevat kennzeichnet den Moment der Erneuerung der Natur und wird in j\u00fcdischen Gemeinschaften und in Israel durch das Einpflanzen von Pflanzen, begleitet von Segensspr\u00fcchen und vielen<\/p>\n","protected":false},"author":1052,"featured_media":117789,"comment_status":"closed","ping_status":"open","sticky":false,"template":"","format":"standard","meta":{"_acf_changed":false,"footnotes":""},"categories":[1534],"tags":[],"technique":[],"squelettes":[],"sujet":[],"formation":[],"genre":[1891],"fonds":[],"tradition":[],"type-de-contenu":[],"interprete-compositeur":[],"frise":[],"type-devenement":[],"tableaux-liens-externes":[],"class_list":["post-71722","post","type-post","status-publish","format-standard","has-post-thumbnail","hentry","category-playlists-de","genre-liturgie-de"],"acf":[],"yoast_head":"<!-- This site is optimized with the Yoast SEO plugin v27.3 - https:\/\/yoast.com\/product\/yoast-seo-wordpress\/ -->\n<title>TU BISCHEVAT - Institut Europ\u00e9en des Musiques Juives<\/title>\n<meta name=\"robots\" content=\"index, follow, max-snippet:-1, max-image-preview:large, max-video-preview:-1\" \/>\n<link rel=\"canonical\" href=\"https:\/\/www.iemj.org\/de\/tou-bichvat\/\" \/>\n<meta property=\"og:locale\" content=\"de_DE\" \/>\n<meta property=\"og:type\" content=\"article\" \/>\n<meta property=\"og:title\" content=\"TU BISCHEVAT - Institut Europ\u00e9en des Musiques Juives\" \/>\n<meta property=\"og:description\" content=\"Das Fest von Tu biSchevat kennzeichnet den Moment der Erneuerung der Natur und wird in j\u00fcdischen Gemeinschaften und in Israel durch das Einpflanzen von Pflanzen, begleitet von Segensspr\u00fcchen und vielen\" \/>\n<meta property=\"og:url\" content=\"https:\/\/www.iemj.org\/de\/tou-bichvat\/\" \/>\n<meta property=\"og:site_name\" content=\"Institut Europ\u00e9en des Musiques Juives\" \/>\n<meta property=\"article:publisher\" content=\"https:\/\/www.facebook.com\/MusiquesJuives\/\" \/>\n<meta property=\"article:published_time\" content=\"2017-02-08T08:40:53+00:00\" \/>\n<meta property=\"article:modified_time\" content=\"2025-02-11T11:01:51+00:00\" \/>\n<meta property=\"og:image\" content=\"https:\/\/www.iemj.org\/wp-content\/uploads\/2017\/02\/Logo-Tou-Bichvat-1.jpg\" \/>\n\t<meta property=\"og:image:width\" content=\"500\" \/>\n\t<meta property=\"og:image:height\" content=\"500\" \/>\n\t<meta property=\"og:image:type\" content=\"image\/jpeg\" \/>\n<meta name=\"author\" content=\"Lea Couderc\" \/>\n<meta name=\"twitter:card\" content=\"summary_large_image\" \/>\n<meta name=\"twitter:label1\" content=\"Verfasst von\" \/>\n\t<meta name=\"twitter:data1\" content=\"Lea Couderc\" \/>\n\t<meta name=\"twitter:label2\" content=\"Gesch\u00e4tzte Lesezeit\" \/>\n\t<meta name=\"twitter:data2\" content=\"2\u00a0Minuten\" \/>\n<script type=\"application\/ld+json\" class=\"yoast-schema-graph\">{\"@context\":\"https:\\\/\\\/schema.org\",\"@graph\":[{\"@type\":\"Article\",\"@id\":\"https:\\\/\\\/www.iemj.org\\\/de\\\/tou-bichvat\\\/#article\",\"isPartOf\":{\"@id\":\"https:\\\/\\\/www.iemj.org\\\/de\\\/tou-bichvat\\\/\"},\"author\":{\"name\":\"Lea Couderc\",\"@id\":\"https:\\\/\\\/www.iemj.org\\\/de\\\/#\\\/schema\\\/person\\\/e2ad57f2c4be119c7ed8ab79036807a9\"},\"headline\":\"TU BISCHEVAT\",\"datePublished\":\"2017-02-08T08:40:53+00:00\",\"dateModified\":\"2025-02-11T11:01:51+00:00\",\"mainEntityOfPage\":{\"@id\":\"https:\\\/\\\/www.iemj.org\\\/de\\\/tou-bichvat\\\/\"},\"wordCount\":239,\"publisher\":{\"@id\":\"https:\\\/\\\/www.iemj.org\\\/de\\\/#organization\"},\"image\":{\"@id\":\"https:\\\/\\\/www.iemj.org\\\/de\\\/tou-bichvat\\\/#primaryimage\"},\"thumbnailUrl\":\"https:\\\/\\\/www.iemj.org\\\/wp-content\\\/uploads\\\/2017\\\/02\\\/Logo-Tou-Bichvat-1.jpg\",\"articleSection\":[\"Playlists\"],\"inLanguage\":\"de\"},{\"@type\":\"WebPage\",\"@id\":\"https:\\\/\\\/www.iemj.org\\\/de\\\/tou-bichvat\\\/\",\"url\":\"https:\\\/\\\/www.iemj.org\\\/de\\\/tou-bichvat\\\/\",\"name\":\"TU BISCHEVAT - Institut Europ\u00e9en des Musiques Juives\",\"isPartOf\":{\"@id\":\"https:\\\/\\\/www.iemj.org\\\/de\\\/#website\"},\"primaryImageOfPage\":{\"@id\":\"https:\\\/\\\/www.iemj.org\\\/de\\\/tou-bichvat\\\/#primaryimage\"},\"image\":{\"@id\":\"https:\\\/\\\/www.iemj.org\\\/de\\\/tou-bichvat\\\/#primaryimage\"},\"thumbnailUrl\":\"https:\\\/\\\/www.iemj.org\\\/wp-content\\\/uploads\\\/2017\\\/02\\\/Logo-Tou-Bichvat-1.jpg\",\"datePublished\":\"2017-02-08T08:40:53+00:00\",\"dateModified\":\"2025-02-11T11:01:51+00:00\",\"breadcrumb\":{\"@id\":\"https:\\\/\\\/www.iemj.org\\\/de\\\/tou-bichvat\\\/#breadcrumb\"},\"inLanguage\":\"de\",\"potentialAction\":[{\"@type\":\"ReadAction\",\"target\":[\"https:\\\/\\\/www.iemj.org\\\/de\\\/tou-bichvat\\\/\"]}]},{\"@type\":\"ImageObject\",\"inLanguage\":\"de\",\"@id\":\"https:\\\/\\\/www.iemj.org\\\/de\\\/tou-bichvat\\\/#primaryimage\",\"url\":\"https:\\\/\\\/www.iemj.org\\\/wp-content\\\/uploads\\\/2017\\\/02\\\/Logo-Tou-Bichvat-1.jpg\",\"contentUrl\":\"https:\\\/\\\/www.iemj.org\\\/wp-content\\\/uploads\\\/2017\\\/02\\\/Logo-Tou-Bichvat-1.jpg\",\"width\":500,\"height\":500},{\"@type\":\"BreadcrumbList\",\"@id\":\"https:\\\/\\\/www.iemj.org\\\/de\\\/tou-bichvat\\\/#breadcrumb\",\"itemListElement\":[{\"@type\":\"ListItem\",\"position\":1,\"name\":\"Accueil\",\"item\":\"https:\\\/\\\/www.iemj.org\\\/de\\\/\"},{\"@type\":\"ListItem\",\"position\":2,\"name\":\"TU BISCHEVAT\"}]},{\"@type\":\"WebSite\",\"@id\":\"https:\\\/\\\/www.iemj.org\\\/de\\\/#website\",\"url\":\"https:\\\/\\\/www.iemj.org\\\/de\\\/\",\"name\":\"Institut Europ\u00e9en des Musiques Juives\",\"description\":\"Des traditions musicales \u00e0 la port\u00e9e de tous\",\"publisher\":{\"@id\":\"https:\\\/\\\/www.iemj.org\\\/de\\\/#organization\"},\"potentialAction\":[{\"@type\":\"SearchAction\",\"target\":{\"@type\":\"EntryPoint\",\"urlTemplate\":\"https:\\\/\\\/www.iemj.org\\\/de\\\/?s={search_term_string}\"},\"query-input\":{\"@type\":\"PropertyValueSpecification\",\"valueRequired\":true,\"valueName\":\"search_term_string\"}}],\"inLanguage\":\"de\"},{\"@type\":\"Organization\",\"@id\":\"https:\\\/\\\/www.iemj.org\\\/de\\\/#organization\",\"name\":\"Institut Europ\u00e9en des Musiques Juives\",\"url\":\"https:\\\/\\\/www.iemj.org\\\/de\\\/\",\"logo\":{\"@type\":\"ImageObject\",\"inLanguage\":\"de\",\"@id\":\"https:\\\/\\\/www.iemj.org\\\/de\\\/#\\\/schema\\\/logo\\\/image\\\/\",\"url\":\"https:\\\/\\\/www.iemj.org\\\/wp-content\\\/uploads\\\/2021\\\/09\\\/Logo-IEMJ-Paypal.jpg\",\"contentUrl\":\"https:\\\/\\\/www.iemj.org\\\/wp-content\\\/uploads\\\/2021\\\/09\\\/Logo-IEMJ-Paypal.jpg\",\"width\":150,\"height\":50,\"caption\":\"Institut Europ\u00e9en des Musiques Juives\"},\"image\":{\"@id\":\"https:\\\/\\\/www.iemj.org\\\/de\\\/#\\\/schema\\\/logo\\\/image\\\/\"},\"sameAs\":[\"https:\\\/\\\/www.facebook.com\\\/MusiquesJuives\\\/\",\"https:\\\/\\\/www.instagram.com\\\/musiquesjuives\\\/\",\"https:\\\/\\\/www.youtube.com\\\/user\\\/musiquesjuives\"]},{\"@type\":\"Person\",\"@id\":\"https:\\\/\\\/www.iemj.org\\\/de\\\/#\\\/schema\\\/person\\\/e2ad57f2c4be119c7ed8ab79036807a9\",\"name\":\"Lea Couderc\",\"image\":{\"@type\":\"ImageObject\",\"inLanguage\":\"de\",\"@id\":\"https:\\\/\\\/secure.gravatar.com\\\/avatar\\\/46ee021475d60aeff17a7e490b79dea5a5684bb392ab7fd1494027411df8ba23?s=96&d=mm&r=g\",\"url\":\"https:\\\/\\\/secure.gravatar.com\\\/avatar\\\/46ee021475d60aeff17a7e490b79dea5a5684bb392ab7fd1494027411df8ba23?s=96&d=mm&r=g\",\"contentUrl\":\"https:\\\/\\\/secure.gravatar.com\\\/avatar\\\/46ee021475d60aeff17a7e490b79dea5a5684bb392ab7fd1494027411df8ba23?s=96&d=mm&r=g\",\"caption\":\"Lea Couderc\"}}]}<\/script>\n<!-- \/ Yoast SEO plugin. -->","yoast_head_json":{"title":"TU BISCHEVAT - Institut Europ\u00e9en des Musiques Juives","robots":{"index":"index","follow":"follow","max-snippet":"max-snippet:-1","max-image-preview":"max-image-preview:large","max-video-preview":"max-video-preview:-1"},"canonical":"https:\/\/www.iemj.org\/de\/tou-bichvat\/","og_locale":"de_DE","og_type":"article","og_title":"TU BISCHEVAT - Institut Europ\u00e9en des Musiques Juives","og_description":"Das Fest von Tu biSchevat kennzeichnet den Moment der Erneuerung der Natur und wird in j\u00fcdischen Gemeinschaften und in Israel durch das Einpflanzen von Pflanzen, begleitet von Segensspr\u00fcchen und vielen","og_url":"https:\/\/www.iemj.org\/de\/tou-bichvat\/","og_site_name":"Institut Europ\u00e9en des Musiques Juives","article_publisher":"https:\/\/www.facebook.com\/MusiquesJuives\/","article_published_time":"2017-02-08T08:40:53+00:00","article_modified_time":"2025-02-11T11:01:51+00:00","og_image":[{"width":500,"height":500,"url":"https:\/\/www.iemj.org\/wp-content\/uploads\/2017\/02\/Logo-Tou-Bichvat-1.jpg","type":"image\/jpeg"}],"author":"Lea Couderc","twitter_card":"summary_large_image","twitter_misc":{"Verfasst von":"Lea Couderc","Gesch\u00e4tzte Lesezeit":"2\u00a0Minuten"},"schema":{"@context":"https:\/\/schema.org","@graph":[{"@type":"Article","@id":"https:\/\/www.iemj.org\/de\/tou-bichvat\/#article","isPartOf":{"@id":"https:\/\/www.iemj.org\/de\/tou-bichvat\/"},"author":{"name":"Lea Couderc","@id":"https:\/\/www.iemj.org\/de\/#\/schema\/person\/e2ad57f2c4be119c7ed8ab79036807a9"},"headline":"TU BISCHEVAT","datePublished":"2017-02-08T08:40:53+00:00","dateModified":"2025-02-11T11:01:51+00:00","mainEntityOfPage":{"@id":"https:\/\/www.iemj.org\/de\/tou-bichvat\/"},"wordCount":239,"publisher":{"@id":"https:\/\/www.iemj.org\/de\/#organization"},"image":{"@id":"https:\/\/www.iemj.org\/de\/tou-bichvat\/#primaryimage"},"thumbnailUrl":"https:\/\/www.iemj.org\/wp-content\/uploads\/2017\/02\/Logo-Tou-Bichvat-1.jpg","articleSection":["Playlists"],"inLanguage":"de"},{"@type":"WebPage","@id":"https:\/\/www.iemj.org\/de\/tou-bichvat\/","url":"https:\/\/www.iemj.org\/de\/tou-bichvat\/","name":"TU BISCHEVAT - Institut Europ\u00e9en des Musiques Juives","isPartOf":{"@id":"https:\/\/www.iemj.org\/de\/#website"},"primaryImageOfPage":{"@id":"https:\/\/www.iemj.org\/de\/tou-bichvat\/#primaryimage"},"image":{"@id":"https:\/\/www.iemj.org\/de\/tou-bichvat\/#primaryimage"},"thumbnailUrl":"https:\/\/www.iemj.org\/wp-content\/uploads\/2017\/02\/Logo-Tou-Bichvat-1.jpg","datePublished":"2017-02-08T08:40:53+00:00","dateModified":"2025-02-11T11:01:51+00:00","breadcrumb":{"@id":"https:\/\/www.iemj.org\/de\/tou-bichvat\/#breadcrumb"},"inLanguage":"de","potentialAction":[{"@type":"ReadAction","target":["https:\/\/www.iemj.org\/de\/tou-bichvat\/"]}]},{"@type":"ImageObject","inLanguage":"de","@id":"https:\/\/www.iemj.org\/de\/tou-bichvat\/#primaryimage","url":"https:\/\/www.iemj.org\/wp-content\/uploads\/2017\/02\/Logo-Tou-Bichvat-1.jpg","contentUrl":"https:\/\/www.iemj.org\/wp-content\/uploads\/2017\/02\/Logo-Tou-Bichvat-1.jpg","width":500,"height":500},{"@type":"BreadcrumbList","@id":"https:\/\/www.iemj.org\/de\/tou-bichvat\/#breadcrumb","itemListElement":[{"@type":"ListItem","position":1,"name":"Accueil","item":"https:\/\/www.iemj.org\/de\/"},{"@type":"ListItem","position":2,"name":"TU BISCHEVAT"}]},{"@type":"WebSite","@id":"https:\/\/www.iemj.org\/de\/#website","url":"https:\/\/www.iemj.org\/de\/","name":"Institut Europ\u00e9en des Musiques Juives","description":"Des traditions musicales \u00e0 la port\u00e9e de tous","publisher":{"@id":"https:\/\/www.iemj.org\/de\/#organization"},"potentialAction":[{"@type":"SearchAction","target":{"@type":"EntryPoint","urlTemplate":"https:\/\/www.iemj.org\/de\/?s={search_term_string}"},"query-input":{"@type":"PropertyValueSpecification","valueRequired":true,"valueName":"search_term_string"}}],"inLanguage":"de"},{"@type":"Organization","@id":"https:\/\/www.iemj.org\/de\/#organization","name":"Institut Europ\u00e9en des Musiques Juives","url":"https:\/\/www.iemj.org\/de\/","logo":{"@type":"ImageObject","inLanguage":"de","@id":"https:\/\/www.iemj.org\/de\/#\/schema\/logo\/image\/","url":"https:\/\/www.iemj.org\/wp-content\/uploads\/2021\/09\/Logo-IEMJ-Paypal.jpg","contentUrl":"https:\/\/www.iemj.org\/wp-content\/uploads\/2021\/09\/Logo-IEMJ-Paypal.jpg","width":150,"height":50,"caption":"Institut Europ\u00e9en des Musiques Juives"},"image":{"@id":"https:\/\/www.iemj.org\/de\/#\/schema\/logo\/image\/"},"sameAs":["https:\/\/www.facebook.com\/MusiquesJuives\/","https:\/\/www.instagram.com\/musiquesjuives\/","https:\/\/www.youtube.com\/user\/musiquesjuives"]},{"@type":"Person","@id":"https:\/\/www.iemj.org\/de\/#\/schema\/person\/e2ad57f2c4be119c7ed8ab79036807a9","name":"Lea Couderc","image":{"@type":"ImageObject","inLanguage":"de","@id":"https:\/\/secure.gravatar.com\/avatar\/46ee021475d60aeff17a7e490b79dea5a5684bb392ab7fd1494027411df8ba23?s=96&d=mm&r=g","url":"https:\/\/secure.gravatar.com\/avatar\/46ee021475d60aeff17a7e490b79dea5a5684bb392ab7fd1494027411df8ba23?s=96&d=mm&r=g","contentUrl":"https:\/\/secure.gravatar.com\/avatar\/46ee021475d60aeff17a7e490b79dea5a5684bb392ab7fd1494027411df8ba23?s=96&d=mm&r=g","caption":"Lea Couderc"}}]}},"_links":{"self":[{"href":"https:\/\/www.iemj.org\/de\/wp-json\/wp\/v2\/posts\/71722","targetHints":{"allow":["GET"]}}],"collection":[{"href":"https:\/\/www.iemj.org\/de\/wp-json\/wp\/v2\/posts"}],"about":[{"href":"https:\/\/www.iemj.org\/de\/wp-json\/wp\/v2\/types\/post"}],"author":[{"embeddable":true,"href":"https:\/\/www.iemj.org\/de\/wp-json\/wp\/v2\/users\/1052"}],"replies":[{"embeddable":true,"href":"https:\/\/www.iemj.org\/de\/wp-json\/wp\/v2\/comments?post=71722"}],"version-history":[{"count":0,"href":"https:\/\/www.iemj.org\/de\/wp-json\/wp\/v2\/posts\/71722\/revisions"}],"wp:featuredmedia":[{"embeddable":true,"href":"https:\/\/www.iemj.org\/de\/wp-json\/wp\/v2\/media\/117789"}],"wp:attachment":[{"href":"https:\/\/www.iemj.org\/de\/wp-json\/wp\/v2\/media?parent=71722"}],"wp:term":[{"taxonomy":"category","embeddable":true,"href":"https:\/\/www.iemj.org\/de\/wp-json\/wp\/v2\/categories?post=71722"},{"taxonomy":"post_tag","embeddable":true,"href":"https:\/\/www.iemj.org\/de\/wp-json\/wp\/v2\/tags?post=71722"},{"taxonomy":"technique","embeddable":true,"href":"https:\/\/www.iemj.org\/de\/wp-json\/wp\/v2\/technique?post=71722"},{"taxonomy":"squelettes","embeddable":true,"href":"https:\/\/www.iemj.org\/de\/wp-json\/wp\/v2\/squelettes?post=71722"},{"taxonomy":"sujet","embeddable":true,"href":"https:\/\/www.iemj.org\/de\/wp-json\/wp\/v2\/sujet?post=71722"},{"taxonomy":"formation","embeddable":true,"href":"https:\/\/www.iemj.org\/de\/wp-json\/wp\/v2\/formation?post=71722"},{"taxonomy":"genre","embeddable":true,"href":"https:\/\/www.iemj.org\/de\/wp-json\/wp\/v2\/genre?post=71722"},{"taxonomy":"fonds","embeddable":true,"href":"https:\/\/www.iemj.org\/de\/wp-json\/wp\/v2\/fonds?post=71722"},{"taxonomy":"tradition","embeddable":true,"href":"https:\/\/www.iemj.org\/de\/wp-json\/wp\/v2\/tradition?post=71722"},{"taxonomy":"type-de-contenu","embeddable":true,"href":"https:\/\/www.iemj.org\/de\/wp-json\/wp\/v2\/type-de-contenu?post=71722"},{"taxonomy":"interprete-compositeur","embeddable":true,"href":"https:\/\/www.iemj.org\/de\/wp-json\/wp\/v2\/interprete-compositeur?post=71722"},{"taxonomy":"frise","embeddable":true,"href":"https:\/\/www.iemj.org\/de\/wp-json\/wp\/v2\/frise?post=71722"},{"taxonomy":"type-devenement","embeddable":true,"href":"https:\/\/www.iemj.org\/de\/wp-json\/wp\/v2\/type-devenement?post=71722"},{"taxonomy":"tableaux-liens-externes","embeddable":true,"href":"https:\/\/www.iemj.org\/de\/wp-json\/wp\/v2\/tableaux-liens-externes?post=71722"}],"curies":[{"name":"wp","href":"https:\/\/api.w.org\/{rel}","templated":true}]}}