{"id":71748,"date":"2021-01-24T16:52:16","date_gmt":"2021-01-24T15:52:16","guid":{"rendered":"https:\/\/www.iemj.org\/les-groupes-de-musique-klezmer-made-in-france\/"},"modified":"2024-02-16T12:41:16","modified_gmt":"2024-02-16T11:41:16","slug":"les-groupes-de-musique-klezmer-made-in-france","status":"publish","type":"post","link":"https:\/\/www.iemj.org\/de\/les-groupes-de-musique-klezmer-made-in-france\/","title":{"rendered":"Klezmer-gruppen \u201emade in France&#8220;"},"content":{"rendered":"\n<p><\/p>\n\n\n<p><strong>Eine Auswahl an St\u00fccken der Klezmer, dargeboten von franz\u00f6sischen K\u00fcnstlern wie Kalarash, Denis Cuniot, Les Oreilles d\u2019Aman und vielen anderen<\/strong><\/p>\n<p><!--more--><\/p>\n<p>Klezmer-Musiker und -Gruppen gibt es \u00fcberall auf der Welt, besonders erfolgreich in den Vereinigten Staaten, Israel, Deutschland, Holland\u2026 Aber auch in Frankreich! Tats\u00e4chlich beweisen die franz\u00f6sischen Klezmorim ein besonderes Talent f\u00fcr diese osteurop\u00e4ische Folklore. Egal ob jung oder alt, Amateur oder Profi, Jungspund oder Showdinosaurier, egal ob traditionell oder frei gespielt wird, repr\u00e4sentieren diese Musiker Frankreich: eklektisch, multikulturell, frei und offen f\u00fcr alles.<\/p>\n<p>Genie\u00dfen Sie diese Auswahl an Klezmer-St\u00fccken \u201emade in France\u201c\u2026 Kikeriki!<\/p>\n<p>Besuchen Sie die offiziellen Internetseiten der auf der Playlist enthaltenen K\u00fcnstlern: <a href=\"https:\/\/www.eleonorebiezunski.com\/yerushe\">Yerushe<\/a>, <a href=\"https:\/\/mishmashetcompagnie.com\/\">le Petit Mish-Mash<\/a>, <a href=\"https:\/\/www.gefilte-swing.fr\/\">Gefilte Swing<\/a>, <a href=\"https:\/\/www.bubbeymayse.com\/\">les Bubbey Mayse<\/a>, <a href=\"http:\/\/kalarash.com\/\">Kalarash<\/a>, <a href=\"http:\/\/www.deniscuniot.fr\/\">Denis Cuniot<\/a>, <a href=\"https:\/\/www.amit-weisberger.com\/\">Trio Weisberger-Branthomme-Trestian<\/a>, <a href=\"https:\/\/www.kiforkestra.com\/\">KIF orkestra<\/a>, <a href=\"http:\/\/klezmer13.com\/\">les Oreilles d&#8217;Aman<\/a>, <a href=\"https:\/\/www.ericslabiak.com\/biographie\/\">Josef Josef<\/a><\/p>\n<p><a href=\"https:\/\/www.iemj.org\/de\/le-klezmer-musique-dhier-et-daujourdhui\/\" target=\"_blank\" rel=\"noopener\">Erfahren Sie mehr \u00fcber die Klezmer<\/a><\/p>\n<p><a href=\"https:\/\/www.iemj.org\/de\/categorie-produit\/cd-de\/\" target=\"_blank\" rel=\"noopener\">Sehen Sie sich eine Vielzahl der St\u00fccke in ihrer Gesamtheit auf CD in unserem Onlineshop an<\/a><\/p>\n\n\n<div class=\"wp-block-file\"><a id=\"wp-block-file--media-6291d097-5a6e-4c52-8880-22bc360ad6df\" href=\"https:\/\/www.iemj.org\/wp-content\/uploads\/2021\/01\/1__cd_648_07.mp3\">Yerushe &#8211; Barkagan\u2019s Dobriden<\/a><\/div>\n\n\n\n<div class=\"wp-block-file\"><a id=\"wp-block-file--media-987109b2-1b67-4ac1-a614-5bbde4d3be0c\" href=\"https:\/\/www.iemj.org\/wp-content\/uploads\/2021\/01\/2_cd_1447_04.mp3\">Le Petit Mish Mash &#8211; The Runaway Bulgar (extrait)<\/a><\/div>\n\n\n\n<div class=\"wp-block-file\"><a id=\"wp-block-file--media-b87bb080-09ff-4dfb-9f2f-33b965ddb4f3\" href=\"https:\/\/www.iemj.org\/wp-content\/uploads\/2021\/01\/3_cd_1359_12.mp3\">Gefilte Swing &#8211; Yid Un Goy Fantasy (extrait)<\/a><\/div>\n\n\n\n<div class=\"wp-block-file\"><a id=\"wp-block-file--media-d90ae397-80c9-4d2a-9e0a-620db7d7d9b0\" href=\"https:\/\/www.iemj.org\/wp-content\/uploads\/2021\/01\/4_cd_890_06.mp3\">Les Bubbey Mayse &#8211; Shp\u00eelkes in kop (extrait)<\/a><\/div>\n\n\n\n<div class=\"wp-block-file\"><a id=\"wp-block-file--media-a7baa081-020b-41c5-baed-35feb086bc26\" href=\"https:\/\/www.iemj.org\/wp-content\/uploads\/2021\/01\/5_cd_1454_12.mp3\">Kalarash &#8211; Mazltov Zelda (extrait)<\/a><\/div>\n\n\n\n<div class=\"wp-block-file\"><a id=\"wp-block-file--media-058ddd4d-93b7-4a23-b683-64beca065ea3\" href=\"https:\/\/www.iemj.org\/wp-content\/uploads\/2021\/01\/6_cd_616_10.mp3\">Shpilkes &#8211; Freylekhs (extrait)<\/a><\/div>\n\n\n\n<div class=\"wp-block-file\"><a id=\"wp-block-file--media-d2a7e7af-88d4-469c-961b-02b6997a01a5\" href=\"https:\/\/www.iemj.org\/wp-content\/uploads\/2021\/01\/7_cd_463_07.mp3\">Denis Cuniot &#8211; Firen di Mekhutonim aheym (extrait)<\/a><\/div>\n\n\n\n<div class=\"wp-block-file\"><a id=\"wp-block-file--media-ededfae2-eaea-4a43-b958-0e7116db52db\" href=\"https:\/\/www.iemj.org\/wp-content\/uploads\/2021\/01\/8_cd_427_02.mp3\">Trio Klezele &#8211; Glatter Bulgar (extrait)<\/a><\/div>\n\n\n\n<div class=\"wp-block-file\"><a id=\"wp-block-file--media-c533d68c-5d0c-4b22-ade6-50744f1fc686\" href=\"https:\/\/www.iemj.org\/wp-content\/uploads\/2021\/01\/9_cd_617_13.mp3\">Trio Weisberger-Branthomme-Trestian &#8211; Lemish sher<\/a><\/div>\n\n\n\n<div class=\"wp-block-file\"><a id=\"wp-block-file--media-769032d7-8a2f-458a-85c4-0aa0bd9f0082\" href=\"https:\/\/www.iemj.org\/wp-content\/uploads\/2021\/01\/10_cd_960_09.mp3\">KIF Orkestra &#8211; Berdichever khosidl (extrait)<\/a><\/div>\n\n\n\n<div class=\"wp-block-file\"><a id=\"wp-block-file--media-b3a09d9e-2b3b-4379-b4ea-e0ab636c2a37\" href=\"https:\/\/www.iemj.org\/wp-content\/uploads\/2021\/01\/11_cd_695_02.mp3\">Glik &#8211; Rumenishe fantazie (extrait)<\/a><\/div>\n\n\n\n<div class=\"wp-block-file\"><a id=\"wp-block-file--media-1411468b-7cf6-46a2-bd51-4018439efa3d\" href=\"https:\/\/www.iemj.org\/wp-content\/uploads\/2021\/01\/12_cd_1496_06.mp3\">Les Oreilles d&#8217;Aman &#8211; Finale (extrait)<\/a><\/div>\n\n\n\n<div class=\"wp-block-file\"><a id=\"wp-block-file--media-bd9220fe-8afa-4f5c-8687-3dccbe4f9056\" href=\"https:\/\/www.iemj.org\/wp-content\/uploads\/2021\/01\/cd_1495_01.mp3\">Josef Josef &#8211; Chelipe (extrait)<\/a><\/div>\n\n\n\n<figure class=\"wp-block-image size-large\"><img fetchpriority=\"high\" decoding=\"async\" width=\"1024\" height=\"146\" src=\"https:\/\/www.iemj.org\/wp-content\/uploads\/2023\/01\/Bandeau-Playlist_DE2-1024x146.jpg\" alt=\"\" class=\"wp-image-93110\" srcset=\"https:\/\/www.iemj.org\/wp-content\/uploads\/2023\/01\/Bandeau-Playlist_DE2-1024x146.jpg 1024w, https:\/\/www.iemj.org\/wp-content\/uploads\/2023\/01\/Bandeau-Playlist_DE2-300x43.jpg 300w, https:\/\/www.iemj.org\/wp-content\/uploads\/2023\/01\/Bandeau-Playlist_DE2-768x110.jpg 768w, https:\/\/www.iemj.org\/wp-content\/uploads\/2023\/01\/Bandeau-Playlist_DE2-1536x220.jpg 1536w, https:\/\/www.iemj.org\/wp-content\/uploads\/2023\/01\/Bandeau-Playlist_DE2-600x86.jpg 600w, https:\/\/www.iemj.org\/wp-content\/uploads\/2023\/01\/Bandeau-Playlist_DE2.jpg 1608w\" sizes=\"(max-width: 1024px) 100vw, 1024px\" \/><\/figure>\n","protected":false},"excerpt":{"rendered":"<p>Eine Auswahl an St\u00fccken der Klezmer, dargeboten von franz\u00f6sischen K\u00fcnstlern wie Kalarash, Denis Cuniot, Les Oreilles d\u2019Aman und vielen anderen<\/p>\n","protected":false},"author":1048,"featured_media":104357,"comment_status":"closed","ping_status":"closed","sticky":false,"template":"","format":"standard","meta":{"_acf_changed":false,"footnotes":""},"categories":[1534],"tags":[],"technique":[],"squelettes":[],"sujet":[],"formation":[],"genre":[1875],"fonds":[],"tradition":[],"type-de-contenu":[],"interprete-compositeur":[],"frise":[],"type-devenement":[],"tableaux-liens-externes":[],"class_list":["post-71748","post","type-post","status-publish","format-standard","has-post-thumbnail","hentry","category-playlists-de","genre-klezmer-de"],"acf":[],"yoast_head":"<!-- This site is optimized with the Yoast SEO plugin v27.3 - https:\/\/yoast.com\/product\/yoast-seo-wordpress\/ -->\n<title>Klezmer-gruppen \u201emade in France&quot; - Institut Europ\u00e9en des Musiques Juives<\/title>\n<meta name=\"robots\" content=\"index, follow, max-snippet:-1, max-image-preview:large, max-video-preview:-1\" \/>\n<link rel=\"canonical\" href=\"https:\/\/www.iemj.org\/de\/les-groupes-de-musique-klezmer-made-in-france\/\" \/>\n<meta property=\"og:locale\" content=\"de_DE\" \/>\n<meta property=\"og:type\" content=\"article\" \/>\n<meta property=\"og:title\" content=\"Klezmer-gruppen \u201emade in France&quot; - Institut Europ\u00e9en des Musiques Juives\" \/>\n<meta property=\"og:description\" content=\"Eine Auswahl an St\u00fccken der Klezmer, dargeboten von franz\u00f6sischen K\u00fcnstlern wie Kalarash, Denis Cuniot, Les Oreilles d\u2019Aman und vielen anderen\" \/>\n<meta property=\"og:url\" content=\"https:\/\/www.iemj.org\/de\/les-groupes-de-musique-klezmer-made-in-france\/\" \/>\n<meta property=\"og:site_name\" content=\"Institut Europ\u00e9en des Musiques Juives\" \/>\n<meta property=\"article:publisher\" content=\"https:\/\/www.facebook.com\/MusiquesJuives\/\" \/>\n<meta property=\"article:published_time\" content=\"2021-01-24T15:52:16+00:00\" \/>\n<meta property=\"article:modified_time\" content=\"2024-02-16T11:41:16+00:00\" \/>\n<meta property=\"og:image\" content=\"https:\/\/www.iemj.org\/wp-content\/uploads\/2021\/01\/Logo-article.jpg\" \/>\n\t<meta property=\"og:image:width\" content=\"500\" \/>\n\t<meta property=\"og:image:height\" content=\"500\" \/>\n\t<meta property=\"og:image:type\" content=\"image\/jpeg\" \/>\n<meta name=\"author\" content=\"Jean-Gabriel Davis\" \/>\n<meta name=\"twitter:card\" content=\"summary_large_image\" \/>\n<meta name=\"twitter:label1\" content=\"Verfasst von\" \/>\n\t<meta name=\"twitter:data1\" content=\"Jean-Gabriel Davis\" \/>\n\t<meta name=\"twitter:label2\" content=\"Gesch\u00e4tzte Lesezeit\" \/>\n\t<meta name=\"twitter:data2\" content=\"2\u00a0Minuten\" \/>\n<script type=\"application\/ld+json\" class=\"yoast-schema-graph\">{\"@context\":\"https:\\\/\\\/schema.org\",\"@graph\":[{\"@type\":\"Article\",\"@id\":\"https:\\\/\\\/www.iemj.org\\\/de\\\/les-groupes-de-musique-klezmer-made-in-france\\\/#article\",\"isPartOf\":{\"@id\":\"https:\\\/\\\/www.iemj.org\\\/de\\\/les-groupes-de-musique-klezmer-made-in-france\\\/\"},\"author\":{\"name\":\"Jean-Gabriel Davis\",\"@id\":\"https:\\\/\\\/www.iemj.org\\\/de\\\/#\\\/schema\\\/person\\\/c9bc1c386a3749579a2d675e72a18666\"},\"headline\":\"Klezmer-gruppen \u201emade in France&#8220;\",\"datePublished\":\"2021-01-24T15:52:16+00:00\",\"dateModified\":\"2024-02-16T11:41:16+00:00\",\"mainEntityOfPage\":{\"@id\":\"https:\\\/\\\/www.iemj.org\\\/de\\\/les-groupes-de-musique-klezmer-made-in-france\\\/\"},\"wordCount\":248,\"publisher\":{\"@id\":\"https:\\\/\\\/www.iemj.org\\\/de\\\/#organization\"},\"image\":{\"@id\":\"https:\\\/\\\/www.iemj.org\\\/de\\\/les-groupes-de-musique-klezmer-made-in-france\\\/#primaryimage\"},\"thumbnailUrl\":\"https:\\\/\\\/www.iemj.org\\\/wp-content\\\/uploads\\\/2021\\\/01\\\/Logo-article.jpg\",\"articleSection\":[\"Playlists\"],\"inLanguage\":\"de\"},{\"@type\":\"WebPage\",\"@id\":\"https:\\\/\\\/www.iemj.org\\\/de\\\/les-groupes-de-musique-klezmer-made-in-france\\\/\",\"url\":\"https:\\\/\\\/www.iemj.org\\\/de\\\/les-groupes-de-musique-klezmer-made-in-france\\\/\",\"name\":\"Klezmer-gruppen \u201emade in France\\\" - Institut Europ\u00e9en des Musiques Juives\",\"isPartOf\":{\"@id\":\"https:\\\/\\\/www.iemj.org\\\/de\\\/#website\"},\"primaryImageOfPage\":{\"@id\":\"https:\\\/\\\/www.iemj.org\\\/de\\\/les-groupes-de-musique-klezmer-made-in-france\\\/#primaryimage\"},\"image\":{\"@id\":\"https:\\\/\\\/www.iemj.org\\\/de\\\/les-groupes-de-musique-klezmer-made-in-france\\\/#primaryimage\"},\"thumbnailUrl\":\"https:\\\/\\\/www.iemj.org\\\/wp-content\\\/uploads\\\/2021\\\/01\\\/Logo-article.jpg\",\"datePublished\":\"2021-01-24T15:52:16+00:00\",\"dateModified\":\"2024-02-16T11:41:16+00:00\",\"breadcrumb\":{\"@id\":\"https:\\\/\\\/www.iemj.org\\\/de\\\/les-groupes-de-musique-klezmer-made-in-france\\\/#breadcrumb\"},\"inLanguage\":\"de\",\"potentialAction\":[{\"@type\":\"ReadAction\",\"target\":[\"https:\\\/\\\/www.iemj.org\\\/de\\\/les-groupes-de-musique-klezmer-made-in-france\\\/\"]}]},{\"@type\":\"ImageObject\",\"inLanguage\":\"de\",\"@id\":\"https:\\\/\\\/www.iemj.org\\\/de\\\/les-groupes-de-musique-klezmer-made-in-france\\\/#primaryimage\",\"url\":\"https:\\\/\\\/www.iemj.org\\\/wp-content\\\/uploads\\\/2021\\\/01\\\/Logo-article.jpg\",\"contentUrl\":\"https:\\\/\\\/www.iemj.org\\\/wp-content\\\/uploads\\\/2021\\\/01\\\/Logo-article.jpg\",\"width\":500,\"height\":500},{\"@type\":\"BreadcrumbList\",\"@id\":\"https:\\\/\\\/www.iemj.org\\\/de\\\/les-groupes-de-musique-klezmer-made-in-france\\\/#breadcrumb\",\"itemListElement\":[{\"@type\":\"ListItem\",\"position\":1,\"name\":\"Accueil\",\"item\":\"https:\\\/\\\/www.iemj.org\\\/de\\\/\"},{\"@type\":\"ListItem\",\"position\":2,\"name\":\"Klezmer-gruppen \u201emade in France\u00a0\u00bb\"}]},{\"@type\":\"WebSite\",\"@id\":\"https:\\\/\\\/www.iemj.org\\\/de\\\/#website\",\"url\":\"https:\\\/\\\/www.iemj.org\\\/de\\\/\",\"name\":\"Institut Europ\u00e9en des Musiques Juives\",\"description\":\"Des traditions musicales \u00e0 la port\u00e9e de tous\",\"publisher\":{\"@id\":\"https:\\\/\\\/www.iemj.org\\\/de\\\/#organization\"},\"potentialAction\":[{\"@type\":\"SearchAction\",\"target\":{\"@type\":\"EntryPoint\",\"urlTemplate\":\"https:\\\/\\\/www.iemj.org\\\/de\\\/?s={search_term_string}\"},\"query-input\":{\"@type\":\"PropertyValueSpecification\",\"valueRequired\":true,\"valueName\":\"search_term_string\"}}],\"inLanguage\":\"de\"},{\"@type\":\"Organization\",\"@id\":\"https:\\\/\\\/www.iemj.org\\\/de\\\/#organization\",\"name\":\"Institut Europ\u00e9en des Musiques Juives\",\"url\":\"https:\\\/\\\/www.iemj.org\\\/de\\\/\",\"logo\":{\"@type\":\"ImageObject\",\"inLanguage\":\"de\",\"@id\":\"https:\\\/\\\/www.iemj.org\\\/de\\\/#\\\/schema\\\/logo\\\/image\\\/\",\"url\":\"https:\\\/\\\/www.iemj.org\\\/wp-content\\\/uploads\\\/2021\\\/09\\\/Logo-IEMJ-Paypal.jpg\",\"contentUrl\":\"https:\\\/\\\/www.iemj.org\\\/wp-content\\\/uploads\\\/2021\\\/09\\\/Logo-IEMJ-Paypal.jpg\",\"width\":150,\"height\":50,\"caption\":\"Institut Europ\u00e9en des Musiques Juives\"},\"image\":{\"@id\":\"https:\\\/\\\/www.iemj.org\\\/de\\\/#\\\/schema\\\/logo\\\/image\\\/\"},\"sameAs\":[\"https:\\\/\\\/www.facebook.com\\\/MusiquesJuives\\\/\",\"https:\\\/\\\/www.instagram.com\\\/musiquesjuives\\\/\",\"https:\\\/\\\/www.youtube.com\\\/user\\\/musiquesjuives\"]},{\"@type\":\"Person\",\"@id\":\"https:\\\/\\\/www.iemj.org\\\/de\\\/#\\\/schema\\\/person\\\/c9bc1c386a3749579a2d675e72a18666\",\"name\":\"Jean-Gabriel Davis\",\"image\":{\"@type\":\"ImageObject\",\"inLanguage\":\"de\",\"@id\":\"https:\\\/\\\/secure.gravatar.com\\\/avatar\\\/2b90d67bdf392c9b3a21fab87c0fa7edaf1fb3a058172a1ffd61033fcec7aec1?s=96&d=mm&r=g\",\"url\":\"https:\\\/\\\/secure.gravatar.com\\\/avatar\\\/2b90d67bdf392c9b3a21fab87c0fa7edaf1fb3a058172a1ffd61033fcec7aec1?s=96&d=mm&r=g\",\"contentUrl\":\"https:\\\/\\\/secure.gravatar.com\\\/avatar\\\/2b90d67bdf392c9b3a21fab87c0fa7edaf1fb3a058172a1ffd61033fcec7aec1?s=96&d=mm&r=g\",\"caption\":\"Jean-Gabriel Davis\"}}]}<\/script>\n<!-- \/ Yoast SEO plugin. -->","yoast_head_json":{"title":"Klezmer-gruppen \u201emade in France\" - Institut Europ\u00e9en des Musiques Juives","robots":{"index":"index","follow":"follow","max-snippet":"max-snippet:-1","max-image-preview":"max-image-preview:large","max-video-preview":"max-video-preview:-1"},"canonical":"https:\/\/www.iemj.org\/de\/les-groupes-de-musique-klezmer-made-in-france\/","og_locale":"de_DE","og_type":"article","og_title":"Klezmer-gruppen \u201emade in France\" - Institut Europ\u00e9en des Musiques Juives","og_description":"Eine Auswahl an St\u00fccken der Klezmer, dargeboten von franz\u00f6sischen K\u00fcnstlern wie Kalarash, Denis Cuniot, Les Oreilles d\u2019Aman und vielen anderen","og_url":"https:\/\/www.iemj.org\/de\/les-groupes-de-musique-klezmer-made-in-france\/","og_site_name":"Institut Europ\u00e9en des Musiques Juives","article_publisher":"https:\/\/www.facebook.com\/MusiquesJuives\/","article_published_time":"2021-01-24T15:52:16+00:00","article_modified_time":"2024-02-16T11:41:16+00:00","og_image":[{"width":500,"height":500,"url":"https:\/\/www.iemj.org\/wp-content\/uploads\/2021\/01\/Logo-article.jpg","type":"image\/jpeg"}],"author":"Jean-Gabriel Davis","twitter_card":"summary_large_image","twitter_misc":{"Verfasst von":"Jean-Gabriel Davis","Gesch\u00e4tzte Lesezeit":"2\u00a0Minuten"},"schema":{"@context":"https:\/\/schema.org","@graph":[{"@type":"Article","@id":"https:\/\/www.iemj.org\/de\/les-groupes-de-musique-klezmer-made-in-france\/#article","isPartOf":{"@id":"https:\/\/www.iemj.org\/de\/les-groupes-de-musique-klezmer-made-in-france\/"},"author":{"name":"Jean-Gabriel Davis","@id":"https:\/\/www.iemj.org\/de\/#\/schema\/person\/c9bc1c386a3749579a2d675e72a18666"},"headline":"Klezmer-gruppen \u201emade in France&#8220;","datePublished":"2021-01-24T15:52:16+00:00","dateModified":"2024-02-16T11:41:16+00:00","mainEntityOfPage":{"@id":"https:\/\/www.iemj.org\/de\/les-groupes-de-musique-klezmer-made-in-france\/"},"wordCount":248,"publisher":{"@id":"https:\/\/www.iemj.org\/de\/#organization"},"image":{"@id":"https:\/\/www.iemj.org\/de\/les-groupes-de-musique-klezmer-made-in-france\/#primaryimage"},"thumbnailUrl":"https:\/\/www.iemj.org\/wp-content\/uploads\/2021\/01\/Logo-article.jpg","articleSection":["Playlists"],"inLanguage":"de"},{"@type":"WebPage","@id":"https:\/\/www.iemj.org\/de\/les-groupes-de-musique-klezmer-made-in-france\/","url":"https:\/\/www.iemj.org\/de\/les-groupes-de-musique-klezmer-made-in-france\/","name":"Klezmer-gruppen \u201emade in France\" - Institut Europ\u00e9en des Musiques Juives","isPartOf":{"@id":"https:\/\/www.iemj.org\/de\/#website"},"primaryImageOfPage":{"@id":"https:\/\/www.iemj.org\/de\/les-groupes-de-musique-klezmer-made-in-france\/#primaryimage"},"image":{"@id":"https:\/\/www.iemj.org\/de\/les-groupes-de-musique-klezmer-made-in-france\/#primaryimage"},"thumbnailUrl":"https:\/\/www.iemj.org\/wp-content\/uploads\/2021\/01\/Logo-article.jpg","datePublished":"2021-01-24T15:52:16+00:00","dateModified":"2024-02-16T11:41:16+00:00","breadcrumb":{"@id":"https:\/\/www.iemj.org\/de\/les-groupes-de-musique-klezmer-made-in-france\/#breadcrumb"},"inLanguage":"de","potentialAction":[{"@type":"ReadAction","target":["https:\/\/www.iemj.org\/de\/les-groupes-de-musique-klezmer-made-in-france\/"]}]},{"@type":"ImageObject","inLanguage":"de","@id":"https:\/\/www.iemj.org\/de\/les-groupes-de-musique-klezmer-made-in-france\/#primaryimage","url":"https:\/\/www.iemj.org\/wp-content\/uploads\/2021\/01\/Logo-article.jpg","contentUrl":"https:\/\/www.iemj.org\/wp-content\/uploads\/2021\/01\/Logo-article.jpg","width":500,"height":500},{"@type":"BreadcrumbList","@id":"https:\/\/www.iemj.org\/de\/les-groupes-de-musique-klezmer-made-in-france\/#breadcrumb","itemListElement":[{"@type":"ListItem","position":1,"name":"Accueil","item":"https:\/\/www.iemj.org\/de\/"},{"@type":"ListItem","position":2,"name":"Klezmer-gruppen \u201emade in France\u00a0\u00bb"}]},{"@type":"WebSite","@id":"https:\/\/www.iemj.org\/de\/#website","url":"https:\/\/www.iemj.org\/de\/","name":"Institut Europ\u00e9en des Musiques Juives","description":"Des traditions musicales \u00e0 la port\u00e9e de tous","publisher":{"@id":"https:\/\/www.iemj.org\/de\/#organization"},"potentialAction":[{"@type":"SearchAction","target":{"@type":"EntryPoint","urlTemplate":"https:\/\/www.iemj.org\/de\/?s={search_term_string}"},"query-input":{"@type":"PropertyValueSpecification","valueRequired":true,"valueName":"search_term_string"}}],"inLanguage":"de"},{"@type":"Organization","@id":"https:\/\/www.iemj.org\/de\/#organization","name":"Institut Europ\u00e9en des Musiques Juives","url":"https:\/\/www.iemj.org\/de\/","logo":{"@type":"ImageObject","inLanguage":"de","@id":"https:\/\/www.iemj.org\/de\/#\/schema\/logo\/image\/","url":"https:\/\/www.iemj.org\/wp-content\/uploads\/2021\/09\/Logo-IEMJ-Paypal.jpg","contentUrl":"https:\/\/www.iemj.org\/wp-content\/uploads\/2021\/09\/Logo-IEMJ-Paypal.jpg","width":150,"height":50,"caption":"Institut Europ\u00e9en des Musiques Juives"},"image":{"@id":"https:\/\/www.iemj.org\/de\/#\/schema\/logo\/image\/"},"sameAs":["https:\/\/www.facebook.com\/MusiquesJuives\/","https:\/\/www.instagram.com\/musiquesjuives\/","https:\/\/www.youtube.com\/user\/musiquesjuives"]},{"@type":"Person","@id":"https:\/\/www.iemj.org\/de\/#\/schema\/person\/c9bc1c386a3749579a2d675e72a18666","name":"Jean-Gabriel Davis","image":{"@type":"ImageObject","inLanguage":"de","@id":"https:\/\/secure.gravatar.com\/avatar\/2b90d67bdf392c9b3a21fab87c0fa7edaf1fb3a058172a1ffd61033fcec7aec1?s=96&d=mm&r=g","url":"https:\/\/secure.gravatar.com\/avatar\/2b90d67bdf392c9b3a21fab87c0fa7edaf1fb3a058172a1ffd61033fcec7aec1?s=96&d=mm&r=g","contentUrl":"https:\/\/secure.gravatar.com\/avatar\/2b90d67bdf392c9b3a21fab87c0fa7edaf1fb3a058172a1ffd61033fcec7aec1?s=96&d=mm&r=g","caption":"Jean-Gabriel Davis"}}]}},"_links":{"self":[{"href":"https:\/\/www.iemj.org\/de\/wp-json\/wp\/v2\/posts\/71748","targetHints":{"allow":["GET"]}}],"collection":[{"href":"https:\/\/www.iemj.org\/de\/wp-json\/wp\/v2\/posts"}],"about":[{"href":"https:\/\/www.iemj.org\/de\/wp-json\/wp\/v2\/types\/post"}],"author":[{"embeddable":true,"href":"https:\/\/www.iemj.org\/de\/wp-json\/wp\/v2\/users\/1048"}],"replies":[{"embeddable":true,"href":"https:\/\/www.iemj.org\/de\/wp-json\/wp\/v2\/comments?post=71748"}],"version-history":[{"count":0,"href":"https:\/\/www.iemj.org\/de\/wp-json\/wp\/v2\/posts\/71748\/revisions"}],"wp:featuredmedia":[{"embeddable":true,"href":"https:\/\/www.iemj.org\/de\/wp-json\/wp\/v2\/media\/104357"}],"wp:attachment":[{"href":"https:\/\/www.iemj.org\/de\/wp-json\/wp\/v2\/media?parent=71748"}],"wp:term":[{"taxonomy":"category","embeddable":true,"href":"https:\/\/www.iemj.org\/de\/wp-json\/wp\/v2\/categories?post=71748"},{"taxonomy":"post_tag","embeddable":true,"href":"https:\/\/www.iemj.org\/de\/wp-json\/wp\/v2\/tags?post=71748"},{"taxonomy":"technique","embeddable":true,"href":"https:\/\/www.iemj.org\/de\/wp-json\/wp\/v2\/technique?post=71748"},{"taxonomy":"squelettes","embeddable":true,"href":"https:\/\/www.iemj.org\/de\/wp-json\/wp\/v2\/squelettes?post=71748"},{"taxonomy":"sujet","embeddable":true,"href":"https:\/\/www.iemj.org\/de\/wp-json\/wp\/v2\/sujet?post=71748"},{"taxonomy":"formation","embeddable":true,"href":"https:\/\/www.iemj.org\/de\/wp-json\/wp\/v2\/formation?post=71748"},{"taxonomy":"genre","embeddable":true,"href":"https:\/\/www.iemj.org\/de\/wp-json\/wp\/v2\/genre?post=71748"},{"taxonomy":"fonds","embeddable":true,"href":"https:\/\/www.iemj.org\/de\/wp-json\/wp\/v2\/fonds?post=71748"},{"taxonomy":"tradition","embeddable":true,"href":"https:\/\/www.iemj.org\/de\/wp-json\/wp\/v2\/tradition?post=71748"},{"taxonomy":"type-de-contenu","embeddable":true,"href":"https:\/\/www.iemj.org\/de\/wp-json\/wp\/v2\/type-de-contenu?post=71748"},{"taxonomy":"interprete-compositeur","embeddable":true,"href":"https:\/\/www.iemj.org\/de\/wp-json\/wp\/v2\/interprete-compositeur?post=71748"},{"taxonomy":"frise","embeddable":true,"href":"https:\/\/www.iemj.org\/de\/wp-json\/wp\/v2\/frise?post=71748"},{"taxonomy":"type-devenement","embeddable":true,"href":"https:\/\/www.iemj.org\/de\/wp-json\/wp\/v2\/type-devenement?post=71748"},{"taxonomy":"tableaux-liens-externes","embeddable":true,"href":"https:\/\/www.iemj.org\/de\/wp-json\/wp\/v2\/tableaux-liens-externes?post=71748"}],"curies":[{"name":"wp","href":"https:\/\/api.w.org\/{rel}","templated":true}]}}