{"id":71762,"date":"2021-01-04T13:25:21","date_gmt":"2021-01-04T12:25:21","guid":{"rendered":"https:\/\/www.iemj.org\/rika-zarai\/"},"modified":"2024-02-16T16:42:24","modified_gmt":"2024-02-16T15:42:24","slug":"rika-zarai","status":"publish","type":"post","link":"https:\/\/www.iemj.org\/de\/rika-zarai\/","title":{"rendered":"Rika Zara\u00ef"},"content":{"rendered":"<p><strong>Eine Auswahl der sch\u00f6nsten St\u00fccke von Rika Zara<\/strong><strong>\u00ef, auf Hebr\u00e4isch und Franz\u00f6sisch<\/strong><\/p>\n<p><!--more-->Die franz\u00f6sisch-israelische S\u00e4ngerin <a href=\"https:\/\/www.iemj.org\/zarai-rika-1938-2020\/\">Rika Zara\u00ef<\/a><\/p>\n<p>wurde im Frankreich der 1960er und 1970er Jahre, mit Titeln wie <em>Casatchock<\/em>,\u00a0<em>Sans chemise<\/em>, <em>sans pantalon<\/em>\u00a0oder <em>Balapapa<\/em> sehr bekannt.<\/p>\n<p>Dar\u00fcber hinaus hat sie auch die klassische israelische Chansons auf Franz\u00f6sisch adaptiert, wie <em>Hava Naguila,<\/em> <em>Yerushalayim shel zahav<\/em> (Jerusalem Stadt aus Gold) oder <em>Hallelujah<\/em> (Eurovision Grand Prix 1979).<\/p>\n<p><a href=\"https:\/\/www.iemj.org\/de\/zarai-rika-1938-2020\/\" target=\"_blank\" rel=\"noopener\">Lesen Sie die Biografie von Rika Zara\u00ef<\/a><\/p>\n<p><a href=\"http:\/\/www.rachelnet.net\/F\/?func=find-c&amp;ccl_term=WRD%3DRika+Zarai+sauf+wty%3D%28plage+ou+extrait%29&amp;local_base=iemcg&amp;x=11&amp;y=15\">Besuchen Sie die Archive \u00fcber Rika Zara\u00ef<\/a><\/p>\n\n\n<figure class=\"wp-block-image size-large\"><img fetchpriority=\"high\" decoding=\"async\" width=\"1024\" height=\"146\" src=\"https:\/\/www.iemj.org\/wp-content\/uploads\/2023\/01\/Bandeau-Playlist_DE2-1024x146.jpg\" alt=\"\" class=\"wp-image-93110\" srcset=\"https:\/\/www.iemj.org\/wp-content\/uploads\/2023\/01\/Bandeau-Playlist_DE2-1024x146.jpg 1024w, https:\/\/www.iemj.org\/wp-content\/uploads\/2023\/01\/Bandeau-Playlist_DE2-300x43.jpg 300w, https:\/\/www.iemj.org\/wp-content\/uploads\/2023\/01\/Bandeau-Playlist_DE2-768x110.jpg 768w, https:\/\/www.iemj.org\/wp-content\/uploads\/2023\/01\/Bandeau-Playlist_DE2-1536x220.jpg 1536w, https:\/\/www.iemj.org\/wp-content\/uploads\/2023\/01\/Bandeau-Playlist_DE2-600x86.jpg 600w, https:\/\/www.iemj.org\/wp-content\/uploads\/2023\/01\/Bandeau-Playlist_DE2.jpg 1608w\" sizes=\"(max-width: 1024px) 100vw, 1024px\" \/><\/figure>\n\n\n\n<div class=\"wp-block-file\"><a id=\"wp-block-file--media-ff0de376-860d-4c72-9455-e5878f8b7872\" href=\"https:\/\/www.iemj.org\/wp-content\/uploads\/2021\/01\/1_eretz_extrait_.mp3\">1) Eretz (Extrait)<\/a><\/div>\n\n\n\n<div class=\"wp-block-file\"><a id=\"wp-block-file--media-f5a432e8-1580-4254-ac7c-dbc458f7b53c\" href=\"https:\/\/www.iemj.org\/wp-content\/uploads\/2021\/01\/2_yemei_neourim_extrait_.mp3\">2) Yemei Neourim\u2019 (Extrait)<\/a><\/div>\n\n\n\n<div class=\"wp-block-file\"><a id=\"wp-block-file--media-dd9ca62a-3b2c-4af7-b0f1-4de958e235f0\" href=\"https:\/\/www.iemj.org\/wp-content\/uploads\/2021\/01\/3_simfonia_shel_leil_horef_extrait_.mp3\">3) Simfonia shel leil horef (Extrait)<\/a><\/div>\n\n\n\n<div class=\"wp-block-file\"><a id=\"wp-block-file--media-944ded68-4d67-4e19-ab84-44ff200bc44a\" href=\"https:\/\/www.iemj.org\/wp-content\/uploads\/2021\/01\/4_gan_hashikmim_extrait_.mp3\">4) Gan Hashikmim (Extrait)<\/a><\/div>\n\n\n\n<div class=\"wp-block-file\"><a id=\"wp-block-file--media-a1c89cfa-ab3b-469f-aea7-226119e8a56b\" href=\"https:\/\/www.iemj.org\/wp-content\/uploads\/2021\/01\/5_hallelou_extrait_.mp3\">5) Hallelou ! (Extrait)<\/a><\/div>\n\n\n\n<div class=\"wp-block-file\"><a id=\"wp-block-file--media-7dba5066-6a76-4118-89f2-0043170578a0\" href=\"https:\/\/www.iemj.org\/wp-content\/uploads\/2021\/01\/6_balapapa_extrait_.mp3\">6) Balapapa (Extrait)<\/a><\/div>\n\n\n\n<div class=\"wp-block-file\"><a id=\"wp-block-file--media-3ee8de23-a620-4bea-ba94-4474654c1477\" href=\"https:\/\/www.iemj.org\/wp-content\/uploads\/2021\/01\/7_exodus_extrait_.mp3\">7) Exodus (Extrait)<\/a><\/div>\n\n\n\n<div class=\"wp-block-file\"><a id=\"wp-block-file--media-2eb16ca5-4571-4f49-9db9-53fb11b1f4fe\" href=\"https:\/\/www.iemj.org\/wp-content\/uploads\/2021\/01\/8_sans_connaitre_la_musique_extrait_.mp3\">8) Sans conna\u00eetre la musique (Extrait)<\/a><\/div>\n\n\n\n<div class=\"wp-block-file\"><a id=\"wp-block-file--media-3c066926-b60f-4233-b846-caf5603c7654\" href=\"https:\/\/www.iemj.org\/wp-content\/uploads\/2021\/01\/9_casatschok_extrait_.mp3\">9) Casatschok (Extrait)<\/a><\/div>\n\n\n\n<div class=\"wp-block-file\"><a id=\"wp-block-file--media-8d9cfcac-70ab-4b30-b76c-03d9229971e0\" href=\"https:\/\/www.iemj.org\/wp-content\/uploads\/2021\/01\/10_kalinka_extrait_.mp3\">10) Kalinka (Extrait)<\/a><\/div>\n\n\n\n<div class=\"wp-block-file\"><a id=\"wp-block-file--media-17bd9f12-6546-425f-bc7f-f9f05e18817d\" href=\"https:\/\/www.iemj.org\/wp-content\/uploads\/2021\/01\/11_vis_ta_vie_extrait_.mp3\">11) Vis ta vie (Extrait)<\/a><\/div>\n\n\n\n<div class=\"wp-block-file\"><a id=\"wp-block-file--media-f28c94f3-71fb-429b-9fe2-3916865a3e24\" href=\"https:\/\/www.iemj.org\/wp-content\/uploads\/2021\/01\/12_jerusalem_en_or_extrait_.mp3\">12) J\u00e9rusalem en or (Extrait)<\/a><\/div>\n\n\n\n<div class=\"wp-block-columns is-layout-flex wp-container-core-columns-is-layout-9d6595d7 wp-block-columns-is-layout-flex\">\n<div class=\"wp-block-column is-layout-flow wp-block-column-is-layout-flow\" style=\"flex-basis:100%\">\n<figure class=\"wp-block-gallery columns-3 is-cropped wp-block-gallery-1 is-layout-flex wp-block-gallery-is-layout-flex\"><ul class=\"blocks-gallery-grid\"><li class=\"blocks-gallery-item\"><figure><img decoding=\"async\" width=\"275\" height=\"275\" src=\"https:\/\/www.iemj.org\/wp-content\/uploads\/2021\/04\/Doc-2-Rika-Zarai-1.jpg\" alt=\"\" data-id=\"34750\" data-link=\"https:\/\/www.iemj.org\/rika-zarai\/doc-2-rika-zarai-1\/\" class=\"wp-image-71771\" srcset=\"https:\/\/www.iemj.org\/wp-content\/uploads\/2021\/04\/Doc-2-Rika-Zarai-1.jpg 275w, https:\/\/www.iemj.org\/wp-content\/uploads\/2021\/04\/Doc-2-Rika-Zarai-1-150x150.jpg 150w, https:\/\/www.iemj.org\/wp-content\/uploads\/2021\/04\/Doc-2-Rika-Zarai-1-100x100.jpg 100w\" sizes=\"(max-width: 275px) 100vw, 275px\" \/><\/figure><\/li><li class=\"blocks-gallery-item\"><figure><img decoding=\"async\" width=\"275\" height=\"275\" src=\"https:\/\/www.iemj.org\/wp-content\/uploads\/2021\/04\/Doc-3-Rika-Zarai.jpg\" alt=\"\" data-id=\"34752\" data-link=\"https:\/\/www.iemj.org\/rika-zarai\/doc-3-rika-zarai\/\" class=\"wp-image-71772\" srcset=\"https:\/\/www.iemj.org\/wp-content\/uploads\/2021\/04\/Doc-3-Rika-Zarai.jpg 275w, https:\/\/www.iemj.org\/wp-content\/uploads\/2021\/04\/Doc-3-Rika-Zarai-150x150.jpg 150w, https:\/\/www.iemj.org\/wp-content\/uploads\/2021\/04\/Doc-3-Rika-Zarai-100x100.jpg 100w\" sizes=\"(max-width: 275px) 100vw, 275px\" \/><\/figure><\/li><li class=\"blocks-gallery-item\"><figure><img loading=\"lazy\" decoding=\"async\" width=\"275\" height=\"275\" src=\"https:\/\/www.iemj.org\/wp-content\/uploads\/2021\/04\/Doc-4-Rika-Zarai-1.jpg\" alt=\"\" data-id=\"34758\" data-full-url=\"https:\/\/www.iemj.org\/wp-content\/uploads\/2021\/04\/Doc-4-Rika-Zarai-1.jpg\" data-link=\"https:\/\/www.iemj.org\/rika-zarai\/doc-4-rika-zarai-1\/\" class=\"wp-image-71775\" srcset=\"https:\/\/www.iemj.org\/wp-content\/uploads\/2021\/04\/Doc-4-Rika-Zarai-1.jpg 275w, https:\/\/www.iemj.org\/wp-content\/uploads\/2021\/04\/Doc-4-Rika-Zarai-1-150x150.jpg 150w, https:\/\/www.iemj.org\/wp-content\/uploads\/2021\/04\/Doc-4-Rika-Zarai-1-100x100.jpg 100w\" sizes=\"(max-width: 275px) 100vw, 275px\" \/><\/figure><\/li><\/ul><\/figure>\n<\/div>\n<\/div>\n\n\n\n<div class=\"wp-block-columns is-layout-flex wp-container-core-columns-is-layout-9d6595d7 wp-block-columns-is-layout-flex\">\n<div class=\"wp-block-column is-layout-flow wp-block-column-is-layout-flow\"><\/div>\n\n\n\n<div class=\"wp-block-column is-layout-flow wp-block-column-is-layout-flow\">\n<figure class=\"wp-block-image size-large\"><img loading=\"lazy\" decoding=\"async\" width=\"275\" height=\"275\" src=\"https:\/\/www.iemj.org\/wp-content\/uploads\/2021\/04\/Doc-5-Rika-Zarai-2.jpg\" alt=\"\" class=\"wp-image-71777\" srcset=\"https:\/\/www.iemj.org\/wp-content\/uploads\/2021\/04\/Doc-5-Rika-Zarai-2.jpg 275w, https:\/\/www.iemj.org\/wp-content\/uploads\/2021\/04\/Doc-5-Rika-Zarai-2-150x150.jpg 150w, https:\/\/www.iemj.org\/wp-content\/uploads\/2021\/04\/Doc-5-Rika-Zarai-2-100x100.jpg 100w\" sizes=\"(max-width: 275px) 100vw, 275px\" \/><\/figure>\n<\/div>\n\n\n\n<div class=\"wp-block-column is-layout-flow wp-block-column-is-layout-flow\"><\/div>\n<\/div>\n","protected":false},"excerpt":{"rendered":"<p>Eine Auswahl der sch\u00f6nsten St\u00fccke von Rika Zara\u00ef, auf Hebr\u00e4isch und Franz\u00f6sisch<\/p>\n","protected":false},"author":1052,"featured_media":71763,"comment_status":"closed","ping_status":"closed","sticky":false,"template":"","format":"standard","meta":{"_acf_changed":false,"footnotes":""},"categories":[1534],"tags":[],"technique":[],"squelettes":[],"sujet":[],"formation":[],"genre":[1877,1880],"fonds":[],"tradition":[],"type-de-contenu":[],"interprete-compositeur":[],"frise":[],"type-devenement":[],"tableaux-liens-externes":[],"class_list":["post-71762","post","type-post","status-publish","format-standard","has-post-thumbnail","hentry","category-playlists-de","genre-franzosisch-lied-de","genre-israellied-de"],"acf":[],"yoast_head":"<!-- This site is optimized with the Yoast SEO plugin v27.3 - https:\/\/yoast.com\/product\/yoast-seo-wordpress\/ -->\n<title>Rika Zara\u00ef - Institut Europ\u00e9en des Musiques Juives<\/title>\n<meta name=\"robots\" content=\"index, follow, max-snippet:-1, max-image-preview:large, max-video-preview:-1\" \/>\n<link rel=\"canonical\" href=\"https:\/\/www.iemj.org\/de\/rika-zarai\/\" \/>\n<meta property=\"og:locale\" content=\"de_DE\" \/>\n<meta property=\"og:type\" content=\"article\" \/>\n<meta property=\"og:title\" content=\"Rika Zara\u00ef - Institut Europ\u00e9en des Musiques Juives\" \/>\n<meta property=\"og:description\" content=\"Eine Auswahl der sch\u00f6nsten St\u00fccke von Rika Zara\u00ef, auf Hebr\u00e4isch und Franz\u00f6sisch\" \/>\n<meta property=\"og:url\" content=\"https:\/\/www.iemj.org\/de\/rika-zarai\/\" \/>\n<meta property=\"og:site_name\" content=\"Institut Europ\u00e9en des Musiques Juives\" \/>\n<meta property=\"article:publisher\" content=\"https:\/\/www.facebook.com\/MusiquesJuives\/\" \/>\n<meta property=\"article:published_time\" content=\"2021-01-04T12:25:21+00:00\" \/>\n<meta property=\"article:modified_time\" content=\"2024-02-16T15:42:24+00:00\" \/>\n<meta property=\"og:image\" content=\"https:\/\/www.iemj.org\/wp-content\/uploads\/2021\/01\/arton4954-e1618499732650.jpg\" \/>\n\t<meta property=\"og:image:width\" content=\"350\" \/>\n\t<meta property=\"og:image:height\" content=\"350\" \/>\n\t<meta property=\"og:image:type\" content=\"image\/jpeg\" \/>\n<meta name=\"author\" content=\"Lea Couderc\" \/>\n<meta name=\"twitter:card\" content=\"summary_large_image\" \/>\n<meta name=\"twitter:label1\" content=\"Verfasst von\" \/>\n\t<meta name=\"twitter:data1\" content=\"Lea Couderc\" \/>\n\t<meta name=\"twitter:label2\" content=\"Gesch\u00e4tzte Lesezeit\" \/>\n\t<meta name=\"twitter:data2\" content=\"2\u00a0Minuten\" \/>\n<script type=\"application\/ld+json\" class=\"yoast-schema-graph\">{\"@context\":\"https:\\\/\\\/schema.org\",\"@graph\":[{\"@type\":\"Article\",\"@id\":\"https:\\\/\\\/www.iemj.org\\\/de\\\/rika-zarai\\\/#article\",\"isPartOf\":{\"@id\":\"https:\\\/\\\/www.iemj.org\\\/de\\\/rika-zarai\\\/\"},\"author\":{\"name\":\"Lea Couderc\",\"@id\":\"https:\\\/\\\/www.iemj.org\\\/de\\\/#\\\/schema\\\/person\\\/e2ad57f2c4be119c7ed8ab79036807a9\"},\"headline\":\"Rika Zara\u00ef\",\"datePublished\":\"2021-01-04T12:25:21+00:00\",\"dateModified\":\"2024-02-16T15:42:24+00:00\",\"mainEntityOfPage\":{\"@id\":\"https:\\\/\\\/www.iemj.org\\\/de\\\/rika-zarai\\\/\"},\"wordCount\":126,\"publisher\":{\"@id\":\"https:\\\/\\\/www.iemj.org\\\/de\\\/#organization\"},\"image\":{\"@id\":\"https:\\\/\\\/www.iemj.org\\\/de\\\/rika-zarai\\\/#primaryimage\"},\"thumbnailUrl\":\"https:\\\/\\\/www.iemj.org\\\/wp-content\\\/uploads\\\/2021\\\/01\\\/arton4954-e1618499732650.jpg\",\"articleSection\":[\"Playlists\"],\"inLanguage\":\"de\"},{\"@type\":\"WebPage\",\"@id\":\"https:\\\/\\\/www.iemj.org\\\/de\\\/rika-zarai\\\/\",\"url\":\"https:\\\/\\\/www.iemj.org\\\/de\\\/rika-zarai\\\/\",\"name\":\"Rika Zara\u00ef - Institut Europ\u00e9en des Musiques Juives\",\"isPartOf\":{\"@id\":\"https:\\\/\\\/www.iemj.org\\\/de\\\/#website\"},\"primaryImageOfPage\":{\"@id\":\"https:\\\/\\\/www.iemj.org\\\/de\\\/rika-zarai\\\/#primaryimage\"},\"image\":{\"@id\":\"https:\\\/\\\/www.iemj.org\\\/de\\\/rika-zarai\\\/#primaryimage\"},\"thumbnailUrl\":\"https:\\\/\\\/www.iemj.org\\\/wp-content\\\/uploads\\\/2021\\\/01\\\/arton4954-e1618499732650.jpg\",\"datePublished\":\"2021-01-04T12:25:21+00:00\",\"dateModified\":\"2024-02-16T15:42:24+00:00\",\"breadcrumb\":{\"@id\":\"https:\\\/\\\/www.iemj.org\\\/de\\\/rika-zarai\\\/#breadcrumb\"},\"inLanguage\":\"de\",\"potentialAction\":[{\"@type\":\"ReadAction\",\"target\":[\"https:\\\/\\\/www.iemj.org\\\/de\\\/rika-zarai\\\/\"]}]},{\"@type\":\"ImageObject\",\"inLanguage\":\"de\",\"@id\":\"https:\\\/\\\/www.iemj.org\\\/de\\\/rika-zarai\\\/#primaryimage\",\"url\":\"https:\\\/\\\/www.iemj.org\\\/wp-content\\\/uploads\\\/2021\\\/01\\\/arton4954-e1618499732650.jpg\",\"contentUrl\":\"https:\\\/\\\/www.iemj.org\\\/wp-content\\\/uploads\\\/2021\\\/01\\\/arton4954-e1618499732650.jpg\",\"width\":350,\"height\":350},{\"@type\":\"BreadcrumbList\",\"@id\":\"https:\\\/\\\/www.iemj.org\\\/de\\\/rika-zarai\\\/#breadcrumb\",\"itemListElement\":[{\"@type\":\"ListItem\",\"position\":1,\"name\":\"Accueil\",\"item\":\"https:\\\/\\\/www.iemj.org\\\/de\\\/\"},{\"@type\":\"ListItem\",\"position\":2,\"name\":\"Rika Zara\u00ef\"}]},{\"@type\":\"WebSite\",\"@id\":\"https:\\\/\\\/www.iemj.org\\\/de\\\/#website\",\"url\":\"https:\\\/\\\/www.iemj.org\\\/de\\\/\",\"name\":\"Institut Europ\u00e9en des Musiques Juives\",\"description\":\"Des traditions musicales \u00e0 la port\u00e9e de tous\",\"publisher\":{\"@id\":\"https:\\\/\\\/www.iemj.org\\\/de\\\/#organization\"},\"potentialAction\":[{\"@type\":\"SearchAction\",\"target\":{\"@type\":\"EntryPoint\",\"urlTemplate\":\"https:\\\/\\\/www.iemj.org\\\/de\\\/?s={search_term_string}\"},\"query-input\":{\"@type\":\"PropertyValueSpecification\",\"valueRequired\":true,\"valueName\":\"search_term_string\"}}],\"inLanguage\":\"de\"},{\"@type\":\"Organization\",\"@id\":\"https:\\\/\\\/www.iemj.org\\\/de\\\/#organization\",\"name\":\"Institut Europ\u00e9en des Musiques Juives\",\"url\":\"https:\\\/\\\/www.iemj.org\\\/de\\\/\",\"logo\":{\"@type\":\"ImageObject\",\"inLanguage\":\"de\",\"@id\":\"https:\\\/\\\/www.iemj.org\\\/de\\\/#\\\/schema\\\/logo\\\/image\\\/\",\"url\":\"https:\\\/\\\/www.iemj.org\\\/wp-content\\\/uploads\\\/2021\\\/09\\\/Logo-IEMJ-Paypal.jpg\",\"contentUrl\":\"https:\\\/\\\/www.iemj.org\\\/wp-content\\\/uploads\\\/2021\\\/09\\\/Logo-IEMJ-Paypal.jpg\",\"width\":150,\"height\":50,\"caption\":\"Institut Europ\u00e9en des Musiques Juives\"},\"image\":{\"@id\":\"https:\\\/\\\/www.iemj.org\\\/de\\\/#\\\/schema\\\/logo\\\/image\\\/\"},\"sameAs\":[\"https:\\\/\\\/www.facebook.com\\\/MusiquesJuives\\\/\",\"https:\\\/\\\/www.instagram.com\\\/musiquesjuives\\\/\",\"https:\\\/\\\/www.youtube.com\\\/user\\\/musiquesjuives\"]},{\"@type\":\"Person\",\"@id\":\"https:\\\/\\\/www.iemj.org\\\/de\\\/#\\\/schema\\\/person\\\/e2ad57f2c4be119c7ed8ab79036807a9\",\"name\":\"Lea Couderc\",\"image\":{\"@type\":\"ImageObject\",\"inLanguage\":\"de\",\"@id\":\"https:\\\/\\\/secure.gravatar.com\\\/avatar\\\/46ee021475d60aeff17a7e490b79dea5a5684bb392ab7fd1494027411df8ba23?s=96&d=mm&r=g\",\"url\":\"https:\\\/\\\/secure.gravatar.com\\\/avatar\\\/46ee021475d60aeff17a7e490b79dea5a5684bb392ab7fd1494027411df8ba23?s=96&d=mm&r=g\",\"contentUrl\":\"https:\\\/\\\/secure.gravatar.com\\\/avatar\\\/46ee021475d60aeff17a7e490b79dea5a5684bb392ab7fd1494027411df8ba23?s=96&d=mm&r=g\",\"caption\":\"Lea Couderc\"}}]}<\/script>\n<!-- \/ Yoast SEO plugin. -->","yoast_head_json":{"title":"Rika Zara\u00ef - Institut Europ\u00e9en des Musiques Juives","robots":{"index":"index","follow":"follow","max-snippet":"max-snippet:-1","max-image-preview":"max-image-preview:large","max-video-preview":"max-video-preview:-1"},"canonical":"https:\/\/www.iemj.org\/de\/rika-zarai\/","og_locale":"de_DE","og_type":"article","og_title":"Rika Zara\u00ef - Institut Europ\u00e9en des Musiques Juives","og_description":"Eine Auswahl der sch\u00f6nsten St\u00fccke von Rika Zara\u00ef, auf Hebr\u00e4isch und Franz\u00f6sisch","og_url":"https:\/\/www.iemj.org\/de\/rika-zarai\/","og_site_name":"Institut Europ\u00e9en des Musiques Juives","article_publisher":"https:\/\/www.facebook.com\/MusiquesJuives\/","article_published_time":"2021-01-04T12:25:21+00:00","article_modified_time":"2024-02-16T15:42:24+00:00","og_image":[{"width":350,"height":350,"url":"https:\/\/www.iemj.org\/wp-content\/uploads\/2021\/01\/arton4954-e1618499732650.jpg","type":"image\/jpeg"}],"author":"Lea Couderc","twitter_card":"summary_large_image","twitter_misc":{"Verfasst von":"Lea Couderc","Gesch\u00e4tzte Lesezeit":"2\u00a0Minuten"},"schema":{"@context":"https:\/\/schema.org","@graph":[{"@type":"Article","@id":"https:\/\/www.iemj.org\/de\/rika-zarai\/#article","isPartOf":{"@id":"https:\/\/www.iemj.org\/de\/rika-zarai\/"},"author":{"name":"Lea Couderc","@id":"https:\/\/www.iemj.org\/de\/#\/schema\/person\/e2ad57f2c4be119c7ed8ab79036807a9"},"headline":"Rika Zara\u00ef","datePublished":"2021-01-04T12:25:21+00:00","dateModified":"2024-02-16T15:42:24+00:00","mainEntityOfPage":{"@id":"https:\/\/www.iemj.org\/de\/rika-zarai\/"},"wordCount":126,"publisher":{"@id":"https:\/\/www.iemj.org\/de\/#organization"},"image":{"@id":"https:\/\/www.iemj.org\/de\/rika-zarai\/#primaryimage"},"thumbnailUrl":"https:\/\/www.iemj.org\/wp-content\/uploads\/2021\/01\/arton4954-e1618499732650.jpg","articleSection":["Playlists"],"inLanguage":"de"},{"@type":"WebPage","@id":"https:\/\/www.iemj.org\/de\/rika-zarai\/","url":"https:\/\/www.iemj.org\/de\/rika-zarai\/","name":"Rika Zara\u00ef - Institut Europ\u00e9en des Musiques Juives","isPartOf":{"@id":"https:\/\/www.iemj.org\/de\/#website"},"primaryImageOfPage":{"@id":"https:\/\/www.iemj.org\/de\/rika-zarai\/#primaryimage"},"image":{"@id":"https:\/\/www.iemj.org\/de\/rika-zarai\/#primaryimage"},"thumbnailUrl":"https:\/\/www.iemj.org\/wp-content\/uploads\/2021\/01\/arton4954-e1618499732650.jpg","datePublished":"2021-01-04T12:25:21+00:00","dateModified":"2024-02-16T15:42:24+00:00","breadcrumb":{"@id":"https:\/\/www.iemj.org\/de\/rika-zarai\/#breadcrumb"},"inLanguage":"de","potentialAction":[{"@type":"ReadAction","target":["https:\/\/www.iemj.org\/de\/rika-zarai\/"]}]},{"@type":"ImageObject","inLanguage":"de","@id":"https:\/\/www.iemj.org\/de\/rika-zarai\/#primaryimage","url":"https:\/\/www.iemj.org\/wp-content\/uploads\/2021\/01\/arton4954-e1618499732650.jpg","contentUrl":"https:\/\/www.iemj.org\/wp-content\/uploads\/2021\/01\/arton4954-e1618499732650.jpg","width":350,"height":350},{"@type":"BreadcrumbList","@id":"https:\/\/www.iemj.org\/de\/rika-zarai\/#breadcrumb","itemListElement":[{"@type":"ListItem","position":1,"name":"Accueil","item":"https:\/\/www.iemj.org\/de\/"},{"@type":"ListItem","position":2,"name":"Rika Zara\u00ef"}]},{"@type":"WebSite","@id":"https:\/\/www.iemj.org\/de\/#website","url":"https:\/\/www.iemj.org\/de\/","name":"Institut Europ\u00e9en des Musiques Juives","description":"Des traditions musicales \u00e0 la port\u00e9e de tous","publisher":{"@id":"https:\/\/www.iemj.org\/de\/#organization"},"potentialAction":[{"@type":"SearchAction","target":{"@type":"EntryPoint","urlTemplate":"https:\/\/www.iemj.org\/de\/?s={search_term_string}"},"query-input":{"@type":"PropertyValueSpecification","valueRequired":true,"valueName":"search_term_string"}}],"inLanguage":"de"},{"@type":"Organization","@id":"https:\/\/www.iemj.org\/de\/#organization","name":"Institut Europ\u00e9en des Musiques Juives","url":"https:\/\/www.iemj.org\/de\/","logo":{"@type":"ImageObject","inLanguage":"de","@id":"https:\/\/www.iemj.org\/de\/#\/schema\/logo\/image\/","url":"https:\/\/www.iemj.org\/wp-content\/uploads\/2021\/09\/Logo-IEMJ-Paypal.jpg","contentUrl":"https:\/\/www.iemj.org\/wp-content\/uploads\/2021\/09\/Logo-IEMJ-Paypal.jpg","width":150,"height":50,"caption":"Institut Europ\u00e9en des Musiques Juives"},"image":{"@id":"https:\/\/www.iemj.org\/de\/#\/schema\/logo\/image\/"},"sameAs":["https:\/\/www.facebook.com\/MusiquesJuives\/","https:\/\/www.instagram.com\/musiquesjuives\/","https:\/\/www.youtube.com\/user\/musiquesjuives"]},{"@type":"Person","@id":"https:\/\/www.iemj.org\/de\/#\/schema\/person\/e2ad57f2c4be119c7ed8ab79036807a9","name":"Lea Couderc","image":{"@type":"ImageObject","inLanguage":"de","@id":"https:\/\/secure.gravatar.com\/avatar\/46ee021475d60aeff17a7e490b79dea5a5684bb392ab7fd1494027411df8ba23?s=96&d=mm&r=g","url":"https:\/\/secure.gravatar.com\/avatar\/46ee021475d60aeff17a7e490b79dea5a5684bb392ab7fd1494027411df8ba23?s=96&d=mm&r=g","contentUrl":"https:\/\/secure.gravatar.com\/avatar\/46ee021475d60aeff17a7e490b79dea5a5684bb392ab7fd1494027411df8ba23?s=96&d=mm&r=g","caption":"Lea Couderc"}}]}},"_links":{"self":[{"href":"https:\/\/www.iemj.org\/de\/wp-json\/wp\/v2\/posts\/71762","targetHints":{"allow":["GET"]}}],"collection":[{"href":"https:\/\/www.iemj.org\/de\/wp-json\/wp\/v2\/posts"}],"about":[{"href":"https:\/\/www.iemj.org\/de\/wp-json\/wp\/v2\/types\/post"}],"author":[{"embeddable":true,"href":"https:\/\/www.iemj.org\/de\/wp-json\/wp\/v2\/users\/1052"}],"replies":[{"embeddable":true,"href":"https:\/\/www.iemj.org\/de\/wp-json\/wp\/v2\/comments?post=71762"}],"version-history":[{"count":0,"href":"https:\/\/www.iemj.org\/de\/wp-json\/wp\/v2\/posts\/71762\/revisions"}],"wp:featuredmedia":[{"embeddable":true,"href":"https:\/\/www.iemj.org\/de\/wp-json\/wp\/v2\/media\/71763"}],"wp:attachment":[{"href":"https:\/\/www.iemj.org\/de\/wp-json\/wp\/v2\/media?parent=71762"}],"wp:term":[{"taxonomy":"category","embeddable":true,"href":"https:\/\/www.iemj.org\/de\/wp-json\/wp\/v2\/categories?post=71762"},{"taxonomy":"post_tag","embeddable":true,"href":"https:\/\/www.iemj.org\/de\/wp-json\/wp\/v2\/tags?post=71762"},{"taxonomy":"technique","embeddable":true,"href":"https:\/\/www.iemj.org\/de\/wp-json\/wp\/v2\/technique?post=71762"},{"taxonomy":"squelettes","embeddable":true,"href":"https:\/\/www.iemj.org\/de\/wp-json\/wp\/v2\/squelettes?post=71762"},{"taxonomy":"sujet","embeddable":true,"href":"https:\/\/www.iemj.org\/de\/wp-json\/wp\/v2\/sujet?post=71762"},{"taxonomy":"formation","embeddable":true,"href":"https:\/\/www.iemj.org\/de\/wp-json\/wp\/v2\/formation?post=71762"},{"taxonomy":"genre","embeddable":true,"href":"https:\/\/www.iemj.org\/de\/wp-json\/wp\/v2\/genre?post=71762"},{"taxonomy":"fonds","embeddable":true,"href":"https:\/\/www.iemj.org\/de\/wp-json\/wp\/v2\/fonds?post=71762"},{"taxonomy":"tradition","embeddable":true,"href":"https:\/\/www.iemj.org\/de\/wp-json\/wp\/v2\/tradition?post=71762"},{"taxonomy":"type-de-contenu","embeddable":true,"href":"https:\/\/www.iemj.org\/de\/wp-json\/wp\/v2\/type-de-contenu?post=71762"},{"taxonomy":"interprete-compositeur","embeddable":true,"href":"https:\/\/www.iemj.org\/de\/wp-json\/wp\/v2\/interprete-compositeur?post=71762"},{"taxonomy":"frise","embeddable":true,"href":"https:\/\/www.iemj.org\/de\/wp-json\/wp\/v2\/frise?post=71762"},{"taxonomy":"type-devenement","embeddable":true,"href":"https:\/\/www.iemj.org\/de\/wp-json\/wp\/v2\/type-devenement?post=71762"},{"taxonomy":"tableaux-liens-externes","embeddable":true,"href":"https:\/\/www.iemj.org\/de\/wp-json\/wp\/v2\/tableaux-liens-externes?post=71762"}],"curies":[{"name":"wp","href":"https:\/\/api.w.org\/{rel}","templated":true}]}}