{"id":71792,"date":"2020-06-17T15:07:35","date_gmt":"2020-06-17T13:07:35","guid":{"rendered":"https:\/\/www.iemj.org\/fete-de-la-musique-version-orientale\/"},"modified":"2025-08-19T17:37:25","modified_gmt":"2025-08-19T15:37:25","slug":"fete-de-la-musique-version-orientale","status":"publish","type":"post","link":"https:\/\/www.iemj.org\/de\/fete-de-la-musique-version-orientale\/","title":{"rendered":"F\u00caTE DE LA MUSIQUE\u2026 DIE ORIENTALISCHE AUSGABE!"},"content":{"rendered":"<p><strong>Am 21. Juni feiern wir die Musik! Entdecken Sie unsere Auswahl an festlichen und tanzbaren orientalischen Liedern aus Nordafrika und dem Nahen Osten<\/strong><\/p>\n<p><!--more--><\/p>\n<p>Die F\u00eate de la musique l\u00e4utet die Saison der sch\u00f6nen Sommertage ein und l\u00e4dt nat\u00fcrlich zum Tanzen und Singen ein.<\/p>\n<p>Kommen Sie, tanzen und singen Sie zum Rhythmus einer Playlist mit den sch\u00f6nsten orientalischen Musikballaden.<\/p>\n<p><em>Marhaba lamoussika <\/em>(Wilkommen zur Musik)<\/p>\n\n<div class=\"wp-block-image\">\n<figure class=\"aligncenter size-large\"><img fetchpriority=\"high\" decoding=\"async\" width=\"1024\" height=\"133\" src=\"https:\/\/www.iemj.org\/wp-content\/uploads\/2024\/03\/AUDIO-PLAYER-1024x133.png\" alt=\"\" class=\"wp-image-110606\" srcset=\"https:\/\/www.iemj.org\/wp-content\/uploads\/2024\/03\/AUDIO-PLAYER-1024x133.png 1024w, https:\/\/www.iemj.org\/wp-content\/uploads\/2024\/03\/AUDIO-PLAYER-300x39.png 300w, https:\/\/www.iemj.org\/wp-content\/uploads\/2024\/03\/AUDIO-PLAYER-768x100.png 768w, https:\/\/www.iemj.org\/wp-content\/uploads\/2024\/03\/AUDIO-PLAYER-600x78.png 600w, https:\/\/www.iemj.org\/wp-content\/uploads\/2024\/03\/AUDIO-PLAYER.png 1210w\" sizes=\"(max-width: 1024px) 100vw, 1024px\" \/><\/figure>\n<\/div>\n\n\n<div class=\"wp-block-file\"><a id=\"wp-block-file--media-1766c6e4-1dcb-4a12-9ab1-f17c5dc9e377\" href=\"https:\/\/www.iemj.org\/wp-content\/uploads\/2020\/06\/01_les_reines_de_saba_dorbia-tourne-autour-de-moi.mp3\">Dorbia tourne autour de moi &#8211; Les Reines De Saba<\/a><\/div>\n\n\n\n<div class=\"wp-block-file\"><a id=\"wp-block-file--media-609e2568-985f-455e-9de2-e3550638e47d\" href=\"https:\/\/www.iemj.org\/wp-content\/uploads\/2020\/06\/02_ishtar_-_yalla_bina_yalla.mp3\">Yalla bina yalla &#8211; Ishtar<\/a><\/div>\n\n\n\n<div class=\"wp-block-file\"><a id=\"wp-block-file--media-615fb321-3f30-4dcb-8d18-d6d8a37a2921\" href=\"https:\/\/www.iemj.org\/wp-content\/uploads\/2020\/06\/03_cheb-rayan_dana-dana.mp3\">Dana dana &#8211; Cheb Rayan<\/a><\/div>\n\n\n\n<div class=\"wp-block-file\"><a id=\"wp-block-file--media-8fc90431-c411-42ff-a242-4ac33bd3ba66\" href=\"https:\/\/www.iemj.org\/wp-content\/uploads\/2020\/06\/04_rachid_taha_ya_rayah.mp3\">Ya rayah &#8211; Rachid Taha<\/a><\/div>\n\n\n\n<div class=\"wp-block-file\"><a id=\"wp-block-file--media-62c191b5-3858-47b6-9006-610ade4f6ed1\" href=\"https:\/\/www.iemj.org\/wp-content\/uploads\/2020\/06\/05_groupe_aiwa_habib-galbi.mp3\">Habib galbi &#8211; Groupe Aiwa<\/a><\/div>\n\n\n\n<div class=\"wp-block-file\"><a id=\"wp-block-file--media-ac68dfc2-dfc8-45e0-84aa-efa18c9120ae\" href=\"https:\/\/www.iemj.org\/wp-content\/uploads\/2020\/06\/06_amr-diab_nour-el-ein.mp3\">Nour el ein &#8211; Amr Diab<\/a><\/div>\n\n\n\n<div class=\"wp-block-file\"><a id=\"wp-block-file--media-dfb8c6af-a2ac-4cc9-a81a-0afba236fbe8\" href=\"https:\/\/www.iemj.org\/wp-content\/uploads\/2020\/06\/07_warda_batwanis-beek.mp3\">Batwanis beek &#8211; Warda<\/a><\/div>\n\n\n\n<div class=\"wp-block-file\"><a id=\"wp-block-file--media-6d57135d-5635-4a5f-b28d-e353c6e62f42\" href=\"https:\/\/www.iemj.org\/wp-content\/uploads\/2020\/06\/08_nasreen_qadri_ziv_yehezkel_sawah.mp3\">Sawah &#8211; Nasreen Qadri et Ziv Yehezkel<\/a><\/div>\n\n\n\n<div class=\"wp-block-file\"><a id=\"wp-block-file--media-6192be0d-2752-4b58-a935-948d8dc14525\" href=\"https:\/\/www.iemj.org\/wp-content\/uploads\/2020\/06\/09_amal-maher_alf-leila-wa-leila.mp3\">Alf leila wa leila &#8211; Amal Maher <\/a><\/div>\n\n\n\n<div class=\"wp-block-file\"><a id=\"wp-block-file--media-fe631cf8-5b9d-4db8-a38a-65002ae54405\" href=\"https:\/\/www.iemj.org\/wp-content\/uploads\/2020\/06\/10_ghalia-benali-feat-tom-cohen_lamouni-li-gharou-menni.mp3\">Lamouni li gharou menni &#8211; Ghalia Benali et Tom Cohen<\/a><\/div>\n","protected":false},"excerpt":{"rendered":"<p>Am 21. Juni feiern wir die Musik! Entdecken Sie unsere Auswahl an festlichen und tanzbaren orientalischen Liedern aus Nordafrika und dem Nahen Osten<\/p>\n","protected":false},"author":1927,"featured_media":71793,"comment_status":"closed","ping_status":"closed","sticky":false,"template":"","format":"standard","meta":{"_acf_changed":false,"footnotes":""},"categories":[1534],"tags":[],"technique":[],"squelettes":[],"sujet":[],"formation":[],"genre":[],"fonds":[],"tradition":[],"type-de-contenu":[],"interprete-compositeur":[],"frise":[],"type-devenement":[],"tableaux-liens-externes":[],"class_list":["post-71792","post","type-post","status-publish","format-standard","has-post-thumbnail","hentry","category-playlists-de"],"acf":[],"yoast_head":"<!-- This site is optimized with the Yoast SEO plugin v27.3 - https:\/\/yoast.com\/product\/yoast-seo-wordpress\/ -->\n<title>F\u00caTE DE LA MUSIQUE\u2026 DIE ORIENTALISCHE AUSGABE! - Institut Europ\u00e9en des Musiques Juives<\/title>\n<meta name=\"robots\" content=\"index, follow, max-snippet:-1, max-image-preview:large, max-video-preview:-1\" \/>\n<link rel=\"canonical\" href=\"https:\/\/www.iemj.org\/de\/fete-de-la-musique-version-orientale\/\" \/>\n<meta property=\"og:locale\" content=\"de_DE\" \/>\n<meta property=\"og:type\" content=\"article\" \/>\n<meta property=\"og:title\" content=\"F\u00caTE DE LA MUSIQUE\u2026 DIE ORIENTALISCHE AUSGABE! - Institut Europ\u00e9en des Musiques Juives\" \/>\n<meta property=\"og:description\" content=\"Am 21. Juni feiern wir die Musik! Entdecken Sie unsere Auswahl an festlichen und tanzbaren orientalischen Liedern aus Nordafrika und dem Nahen Osten\" \/>\n<meta property=\"og:url\" content=\"https:\/\/www.iemj.org\/de\/fete-de-la-musique-version-orientale\/\" \/>\n<meta property=\"og:site_name\" content=\"Institut Europ\u00e9en des Musiques Juives\" \/>\n<meta property=\"article:publisher\" content=\"https:\/\/www.facebook.com\/MusiquesJuives\/\" \/>\n<meta property=\"article:published_time\" content=\"2020-06-17T13:07:35+00:00\" \/>\n<meta property=\"article:modified_time\" content=\"2025-08-19T15:37:25+00:00\" \/>\n<meta property=\"og:image\" content=\"https:\/\/www.iemj.org\/wp-content\/uploads\/2020\/06\/arton4777-e1618500830927.jpg\" \/>\n\t<meta property=\"og:image:width\" content=\"350\" \/>\n\t<meta property=\"og:image:height\" content=\"432\" \/>\n\t<meta property=\"og:image:type\" content=\"image\/jpeg\" \/>\n<meta name=\"author\" content=\"Avner Azoulay\" \/>\n<meta name=\"twitter:card\" content=\"summary_large_image\" \/>\n<meta name=\"twitter:label1\" content=\"Verfasst von\" \/>\n\t<meta name=\"twitter:data1\" content=\"Avner Azoulay\" \/>\n\t<meta name=\"twitter:label2\" content=\"Gesch\u00e4tzte Lesezeit\" \/>\n\t<meta name=\"twitter:data2\" content=\"1\u00a0Minute\" \/>\n<script type=\"application\/ld+json\" class=\"yoast-schema-graph\">{\"@context\":\"https:\\\/\\\/schema.org\",\"@graph\":[{\"@type\":\"Article\",\"@id\":\"https:\\\/\\\/www.iemj.org\\\/de\\\/fete-de-la-musique-version-orientale\\\/#article\",\"isPartOf\":{\"@id\":\"https:\\\/\\\/www.iemj.org\\\/de\\\/fete-de-la-musique-version-orientale\\\/\"},\"author\":{\"name\":\"Avner Azoulay\",\"@id\":\"https:\\\/\\\/www.iemj.org\\\/de\\\/#\\\/schema\\\/person\\\/a58cd365d504c8b7ff85749e8bdb460f\"},\"headline\":\"F\u00caTE DE LA MUSIQUE\u2026 DIE ORIENTALISCHE AUSGABE!\",\"datePublished\":\"2020-06-17T13:07:35+00:00\",\"dateModified\":\"2025-08-19T15:37:25+00:00\",\"mainEntityOfPage\":{\"@id\":\"https:\\\/\\\/www.iemj.org\\\/de\\\/fete-de-la-musique-version-orientale\\\/\"},\"wordCount\":140,\"publisher\":{\"@id\":\"https:\\\/\\\/www.iemj.org\\\/de\\\/#organization\"},\"image\":{\"@id\":\"https:\\\/\\\/www.iemj.org\\\/de\\\/fete-de-la-musique-version-orientale\\\/#primaryimage\"},\"thumbnailUrl\":\"https:\\\/\\\/www.iemj.org\\\/wp-content\\\/uploads\\\/2020\\\/06\\\/arton4777-e1618500830927.jpg\",\"articleSection\":[\"Playlists\"],\"inLanguage\":\"de\"},{\"@type\":\"WebPage\",\"@id\":\"https:\\\/\\\/www.iemj.org\\\/de\\\/fete-de-la-musique-version-orientale\\\/\",\"url\":\"https:\\\/\\\/www.iemj.org\\\/de\\\/fete-de-la-musique-version-orientale\\\/\",\"name\":\"F\u00caTE DE LA MUSIQUE\u2026 DIE ORIENTALISCHE AUSGABE! - Institut Europ\u00e9en des Musiques Juives\",\"isPartOf\":{\"@id\":\"https:\\\/\\\/www.iemj.org\\\/de\\\/#website\"},\"primaryImageOfPage\":{\"@id\":\"https:\\\/\\\/www.iemj.org\\\/de\\\/fete-de-la-musique-version-orientale\\\/#primaryimage\"},\"image\":{\"@id\":\"https:\\\/\\\/www.iemj.org\\\/de\\\/fete-de-la-musique-version-orientale\\\/#primaryimage\"},\"thumbnailUrl\":\"https:\\\/\\\/www.iemj.org\\\/wp-content\\\/uploads\\\/2020\\\/06\\\/arton4777-e1618500830927.jpg\",\"datePublished\":\"2020-06-17T13:07:35+00:00\",\"dateModified\":\"2025-08-19T15:37:25+00:00\",\"breadcrumb\":{\"@id\":\"https:\\\/\\\/www.iemj.org\\\/de\\\/fete-de-la-musique-version-orientale\\\/#breadcrumb\"},\"inLanguage\":\"de\",\"potentialAction\":[{\"@type\":\"ReadAction\",\"target\":[\"https:\\\/\\\/www.iemj.org\\\/de\\\/fete-de-la-musique-version-orientale\\\/\"]}]},{\"@type\":\"ImageObject\",\"inLanguage\":\"de\",\"@id\":\"https:\\\/\\\/www.iemj.org\\\/de\\\/fete-de-la-musique-version-orientale\\\/#primaryimage\",\"url\":\"https:\\\/\\\/www.iemj.org\\\/wp-content\\\/uploads\\\/2020\\\/06\\\/arton4777-e1618500830927.jpg\",\"contentUrl\":\"https:\\\/\\\/www.iemj.org\\\/wp-content\\\/uploads\\\/2020\\\/06\\\/arton4777-e1618500830927.jpg\",\"width\":350,\"height\":432},{\"@type\":\"BreadcrumbList\",\"@id\":\"https:\\\/\\\/www.iemj.org\\\/de\\\/fete-de-la-musique-version-orientale\\\/#breadcrumb\",\"itemListElement\":[{\"@type\":\"ListItem\",\"position\":1,\"name\":\"Accueil\",\"item\":\"https:\\\/\\\/www.iemj.org\\\/de\\\/\"},{\"@type\":\"ListItem\",\"position\":2,\"name\":\"F\u00caTE DE LA MUSIQUE\u2026 DIE ORIENTALISCHE AUSGABE!\"}]},{\"@type\":\"WebSite\",\"@id\":\"https:\\\/\\\/www.iemj.org\\\/de\\\/#website\",\"url\":\"https:\\\/\\\/www.iemj.org\\\/de\\\/\",\"name\":\"Institut Europ\u00e9en des Musiques Juives\",\"description\":\"Des traditions musicales \u00e0 la port\u00e9e de tous\",\"publisher\":{\"@id\":\"https:\\\/\\\/www.iemj.org\\\/de\\\/#organization\"},\"potentialAction\":[{\"@type\":\"SearchAction\",\"target\":{\"@type\":\"EntryPoint\",\"urlTemplate\":\"https:\\\/\\\/www.iemj.org\\\/de\\\/?s={search_term_string}\"},\"query-input\":{\"@type\":\"PropertyValueSpecification\",\"valueRequired\":true,\"valueName\":\"search_term_string\"}}],\"inLanguage\":\"de\"},{\"@type\":\"Organization\",\"@id\":\"https:\\\/\\\/www.iemj.org\\\/de\\\/#organization\",\"name\":\"Institut Europ\u00e9en des Musiques Juives\",\"url\":\"https:\\\/\\\/www.iemj.org\\\/de\\\/\",\"logo\":{\"@type\":\"ImageObject\",\"inLanguage\":\"de\",\"@id\":\"https:\\\/\\\/www.iemj.org\\\/de\\\/#\\\/schema\\\/logo\\\/image\\\/\",\"url\":\"https:\\\/\\\/www.iemj.org\\\/wp-content\\\/uploads\\\/2021\\\/09\\\/Logo-IEMJ-Paypal.jpg\",\"contentUrl\":\"https:\\\/\\\/www.iemj.org\\\/wp-content\\\/uploads\\\/2021\\\/09\\\/Logo-IEMJ-Paypal.jpg\",\"width\":150,\"height\":50,\"caption\":\"Institut Europ\u00e9en des Musiques Juives\"},\"image\":{\"@id\":\"https:\\\/\\\/www.iemj.org\\\/de\\\/#\\\/schema\\\/logo\\\/image\\\/\"},\"sameAs\":[\"https:\\\/\\\/www.facebook.com\\\/MusiquesJuives\\\/\",\"https:\\\/\\\/www.instagram.com\\\/musiquesjuives\\\/\",\"https:\\\/\\\/www.youtube.com\\\/user\\\/musiquesjuives\"]},{\"@type\":\"Person\",\"@id\":\"https:\\\/\\\/www.iemj.org\\\/de\\\/#\\\/schema\\\/person\\\/a58cd365d504c8b7ff85749e8bdb460f\",\"name\":\"Avner Azoulay\",\"image\":{\"@type\":\"ImageObject\",\"inLanguage\":\"de\",\"@id\":\"https:\\\/\\\/secure.gravatar.com\\\/avatar\\\/7bb6a05b44696c1b7a4f1f8b5ed8c02b0bdeb6f98aa51e671f0957030fafc587?s=96&d=mm&r=g\",\"url\":\"https:\\\/\\\/secure.gravatar.com\\\/avatar\\\/7bb6a05b44696c1b7a4f1f8b5ed8c02b0bdeb6f98aa51e671f0957030fafc587?s=96&d=mm&r=g\",\"contentUrl\":\"https:\\\/\\\/secure.gravatar.com\\\/avatar\\\/7bb6a05b44696c1b7a4f1f8b5ed8c02b0bdeb6f98aa51e671f0957030fafc587?s=96&d=mm&r=g\",\"caption\":\"Avner Azoulay\"}}]}<\/script>\n<!-- \/ Yoast SEO plugin. -->","yoast_head_json":{"title":"F\u00caTE DE LA MUSIQUE\u2026 DIE ORIENTALISCHE AUSGABE! - Institut Europ\u00e9en des Musiques Juives","robots":{"index":"index","follow":"follow","max-snippet":"max-snippet:-1","max-image-preview":"max-image-preview:large","max-video-preview":"max-video-preview:-1"},"canonical":"https:\/\/www.iemj.org\/de\/fete-de-la-musique-version-orientale\/","og_locale":"de_DE","og_type":"article","og_title":"F\u00caTE DE LA MUSIQUE\u2026 DIE ORIENTALISCHE AUSGABE! - Institut Europ\u00e9en des Musiques Juives","og_description":"Am 21. Juni feiern wir die Musik! Entdecken Sie unsere Auswahl an festlichen und tanzbaren orientalischen Liedern aus Nordafrika und dem Nahen Osten","og_url":"https:\/\/www.iemj.org\/de\/fete-de-la-musique-version-orientale\/","og_site_name":"Institut Europ\u00e9en des Musiques Juives","article_publisher":"https:\/\/www.facebook.com\/MusiquesJuives\/","article_published_time":"2020-06-17T13:07:35+00:00","article_modified_time":"2025-08-19T15:37:25+00:00","og_image":[{"width":350,"height":432,"url":"https:\/\/www.iemj.org\/wp-content\/uploads\/2020\/06\/arton4777-e1618500830927.jpg","type":"image\/jpeg"}],"author":"Avner Azoulay","twitter_card":"summary_large_image","twitter_misc":{"Verfasst von":"Avner Azoulay","Gesch\u00e4tzte Lesezeit":"1\u00a0Minute"},"schema":{"@context":"https:\/\/schema.org","@graph":[{"@type":"Article","@id":"https:\/\/www.iemj.org\/de\/fete-de-la-musique-version-orientale\/#article","isPartOf":{"@id":"https:\/\/www.iemj.org\/de\/fete-de-la-musique-version-orientale\/"},"author":{"name":"Avner Azoulay","@id":"https:\/\/www.iemj.org\/de\/#\/schema\/person\/a58cd365d504c8b7ff85749e8bdb460f"},"headline":"F\u00caTE DE LA MUSIQUE\u2026 DIE ORIENTALISCHE AUSGABE!","datePublished":"2020-06-17T13:07:35+00:00","dateModified":"2025-08-19T15:37:25+00:00","mainEntityOfPage":{"@id":"https:\/\/www.iemj.org\/de\/fete-de-la-musique-version-orientale\/"},"wordCount":140,"publisher":{"@id":"https:\/\/www.iemj.org\/de\/#organization"},"image":{"@id":"https:\/\/www.iemj.org\/de\/fete-de-la-musique-version-orientale\/#primaryimage"},"thumbnailUrl":"https:\/\/www.iemj.org\/wp-content\/uploads\/2020\/06\/arton4777-e1618500830927.jpg","articleSection":["Playlists"],"inLanguage":"de"},{"@type":"WebPage","@id":"https:\/\/www.iemj.org\/de\/fete-de-la-musique-version-orientale\/","url":"https:\/\/www.iemj.org\/de\/fete-de-la-musique-version-orientale\/","name":"F\u00caTE DE LA MUSIQUE\u2026 DIE ORIENTALISCHE AUSGABE! - Institut Europ\u00e9en des Musiques Juives","isPartOf":{"@id":"https:\/\/www.iemj.org\/de\/#website"},"primaryImageOfPage":{"@id":"https:\/\/www.iemj.org\/de\/fete-de-la-musique-version-orientale\/#primaryimage"},"image":{"@id":"https:\/\/www.iemj.org\/de\/fete-de-la-musique-version-orientale\/#primaryimage"},"thumbnailUrl":"https:\/\/www.iemj.org\/wp-content\/uploads\/2020\/06\/arton4777-e1618500830927.jpg","datePublished":"2020-06-17T13:07:35+00:00","dateModified":"2025-08-19T15:37:25+00:00","breadcrumb":{"@id":"https:\/\/www.iemj.org\/de\/fete-de-la-musique-version-orientale\/#breadcrumb"},"inLanguage":"de","potentialAction":[{"@type":"ReadAction","target":["https:\/\/www.iemj.org\/de\/fete-de-la-musique-version-orientale\/"]}]},{"@type":"ImageObject","inLanguage":"de","@id":"https:\/\/www.iemj.org\/de\/fete-de-la-musique-version-orientale\/#primaryimage","url":"https:\/\/www.iemj.org\/wp-content\/uploads\/2020\/06\/arton4777-e1618500830927.jpg","contentUrl":"https:\/\/www.iemj.org\/wp-content\/uploads\/2020\/06\/arton4777-e1618500830927.jpg","width":350,"height":432},{"@type":"BreadcrumbList","@id":"https:\/\/www.iemj.org\/de\/fete-de-la-musique-version-orientale\/#breadcrumb","itemListElement":[{"@type":"ListItem","position":1,"name":"Accueil","item":"https:\/\/www.iemj.org\/de\/"},{"@type":"ListItem","position":2,"name":"F\u00caTE DE LA MUSIQUE\u2026 DIE ORIENTALISCHE AUSGABE!"}]},{"@type":"WebSite","@id":"https:\/\/www.iemj.org\/de\/#website","url":"https:\/\/www.iemj.org\/de\/","name":"Institut Europ\u00e9en des Musiques Juives","description":"Des traditions musicales \u00e0 la port\u00e9e de tous","publisher":{"@id":"https:\/\/www.iemj.org\/de\/#organization"},"potentialAction":[{"@type":"SearchAction","target":{"@type":"EntryPoint","urlTemplate":"https:\/\/www.iemj.org\/de\/?s={search_term_string}"},"query-input":{"@type":"PropertyValueSpecification","valueRequired":true,"valueName":"search_term_string"}}],"inLanguage":"de"},{"@type":"Organization","@id":"https:\/\/www.iemj.org\/de\/#organization","name":"Institut Europ\u00e9en des Musiques Juives","url":"https:\/\/www.iemj.org\/de\/","logo":{"@type":"ImageObject","inLanguage":"de","@id":"https:\/\/www.iemj.org\/de\/#\/schema\/logo\/image\/","url":"https:\/\/www.iemj.org\/wp-content\/uploads\/2021\/09\/Logo-IEMJ-Paypal.jpg","contentUrl":"https:\/\/www.iemj.org\/wp-content\/uploads\/2021\/09\/Logo-IEMJ-Paypal.jpg","width":150,"height":50,"caption":"Institut Europ\u00e9en des Musiques Juives"},"image":{"@id":"https:\/\/www.iemj.org\/de\/#\/schema\/logo\/image\/"},"sameAs":["https:\/\/www.facebook.com\/MusiquesJuives\/","https:\/\/www.instagram.com\/musiquesjuives\/","https:\/\/www.youtube.com\/user\/musiquesjuives"]},{"@type":"Person","@id":"https:\/\/www.iemj.org\/de\/#\/schema\/person\/a58cd365d504c8b7ff85749e8bdb460f","name":"Avner Azoulay","image":{"@type":"ImageObject","inLanguage":"de","@id":"https:\/\/secure.gravatar.com\/avatar\/7bb6a05b44696c1b7a4f1f8b5ed8c02b0bdeb6f98aa51e671f0957030fafc587?s=96&d=mm&r=g","url":"https:\/\/secure.gravatar.com\/avatar\/7bb6a05b44696c1b7a4f1f8b5ed8c02b0bdeb6f98aa51e671f0957030fafc587?s=96&d=mm&r=g","contentUrl":"https:\/\/secure.gravatar.com\/avatar\/7bb6a05b44696c1b7a4f1f8b5ed8c02b0bdeb6f98aa51e671f0957030fafc587?s=96&d=mm&r=g","caption":"Avner Azoulay"}}]}},"_links":{"self":[{"href":"https:\/\/www.iemj.org\/de\/wp-json\/wp\/v2\/posts\/71792","targetHints":{"allow":["GET"]}}],"collection":[{"href":"https:\/\/www.iemj.org\/de\/wp-json\/wp\/v2\/posts"}],"about":[{"href":"https:\/\/www.iemj.org\/de\/wp-json\/wp\/v2\/types\/post"}],"author":[{"embeddable":true,"href":"https:\/\/www.iemj.org\/de\/wp-json\/wp\/v2\/users\/1927"}],"replies":[{"embeddable":true,"href":"https:\/\/www.iemj.org\/de\/wp-json\/wp\/v2\/comments?post=71792"}],"version-history":[{"count":0,"href":"https:\/\/www.iemj.org\/de\/wp-json\/wp\/v2\/posts\/71792\/revisions"}],"wp:featuredmedia":[{"embeddable":true,"href":"https:\/\/www.iemj.org\/de\/wp-json\/wp\/v2\/media\/71793"}],"wp:attachment":[{"href":"https:\/\/www.iemj.org\/de\/wp-json\/wp\/v2\/media?parent=71792"}],"wp:term":[{"taxonomy":"category","embeddable":true,"href":"https:\/\/www.iemj.org\/de\/wp-json\/wp\/v2\/categories?post=71792"},{"taxonomy":"post_tag","embeddable":true,"href":"https:\/\/www.iemj.org\/de\/wp-json\/wp\/v2\/tags?post=71792"},{"taxonomy":"technique","embeddable":true,"href":"https:\/\/www.iemj.org\/de\/wp-json\/wp\/v2\/technique?post=71792"},{"taxonomy":"squelettes","embeddable":true,"href":"https:\/\/www.iemj.org\/de\/wp-json\/wp\/v2\/squelettes?post=71792"},{"taxonomy":"sujet","embeddable":true,"href":"https:\/\/www.iemj.org\/de\/wp-json\/wp\/v2\/sujet?post=71792"},{"taxonomy":"formation","embeddable":true,"href":"https:\/\/www.iemj.org\/de\/wp-json\/wp\/v2\/formation?post=71792"},{"taxonomy":"genre","embeddable":true,"href":"https:\/\/www.iemj.org\/de\/wp-json\/wp\/v2\/genre?post=71792"},{"taxonomy":"fonds","embeddable":true,"href":"https:\/\/www.iemj.org\/de\/wp-json\/wp\/v2\/fonds?post=71792"},{"taxonomy":"tradition","embeddable":true,"href":"https:\/\/www.iemj.org\/de\/wp-json\/wp\/v2\/tradition?post=71792"},{"taxonomy":"type-de-contenu","embeddable":true,"href":"https:\/\/www.iemj.org\/de\/wp-json\/wp\/v2\/type-de-contenu?post=71792"},{"taxonomy":"interprete-compositeur","embeddable":true,"href":"https:\/\/www.iemj.org\/de\/wp-json\/wp\/v2\/interprete-compositeur?post=71792"},{"taxonomy":"frise","embeddable":true,"href":"https:\/\/www.iemj.org\/de\/wp-json\/wp\/v2\/frise?post=71792"},{"taxonomy":"type-devenement","embeddable":true,"href":"https:\/\/www.iemj.org\/de\/wp-json\/wp\/v2\/type-devenement?post=71792"},{"taxonomy":"tableaux-liens-externes","embeddable":true,"href":"https:\/\/www.iemj.org\/de\/wp-json\/wp\/v2\/tableaux-liens-externes?post=71792"}],"curies":[{"name":"wp","href":"https:\/\/api.w.org\/{rel}","templated":true}]}}