{"id":71864,"date":"2020-06-16T17:24:50","date_gmt":"2020-06-16T15:24:50","guid":{"rendered":"https:\/\/www.iemj.org\/fete-de-la-musique-version-judeo-espagnole\/"},"modified":"2025-08-19T17:22:38","modified_gmt":"2025-08-19T15:22:38","slug":"fete-de-la-musique-version-judeo-espagnole","status":"publish","type":"post","link":"https:\/\/www.iemj.org\/de\/fete-de-la-musique-version-judeo-espagnole\/","title":{"rendered":"F\u00caTE DE LA MUSIQUE\u2026 die Jud\u00e4o-spanische Ausgabe!"},"content":{"rendered":"<p><strong>Am 21. Juni feiern wir die Musik! Entdecken Sie unsere Auswahl an jud\u00e4o-spanischen Liedern aus dem Mittelmeerraum (Griechenland, T\u00fcrkei, Marokko\u2026)<\/strong><\/p>\n<p><!--more--><\/p>\n<p>\u00dcber ihr Exil hinweg, war die jud\u00e4o-spanische Kultur, Einfl\u00fcssen der verschiedenen L\u00e4ndern ausgesetzt, welche sie durchreiste und in welchen sie sich niederlie\u00df.<\/p>\n<p>Anl\u00e4sslich der F\u00eate de la musique pr\u00e4sentieren wir Ihnen eine Auswahl an jud\u00e4o-spanischen Liedern aus den L\u00e4ndern des Mittelmeerraums (Griechenland, T\u00fcrkei, Marokko\u2026), dargeboten von K\u00fcnstlern der jud\u00e4o-spanischen Musikszene wie Claire Zalamansky, Judith Cohen, Sandra Bessis, Na\u00efma Chemoul, Fran\u00e7oise Atlan, Marc Amouyal, Arkul und vielen mehr.<\/p>\n<p><em>Paciencia ! Oyeme ! Ahora vamos a bailar !<\/em><\/p>\n\n<div class=\"wp-block-image\">\n<figure class=\"aligncenter size-large\"><img fetchpriority=\"high\" decoding=\"async\" width=\"1024\" height=\"133\" src=\"https:\/\/www.iemj.org\/wp-content\/uploads\/2024\/03\/AUDIO-PLAYER-1024x133.png\" alt=\"\" class=\"wp-image-110606\" srcset=\"https:\/\/www.iemj.org\/wp-content\/uploads\/2024\/03\/AUDIO-PLAYER-1024x133.png 1024w, https:\/\/www.iemj.org\/wp-content\/uploads\/2024\/03\/AUDIO-PLAYER-300x39.png 300w, https:\/\/www.iemj.org\/wp-content\/uploads\/2024\/03\/AUDIO-PLAYER-768x100.png 768w, https:\/\/www.iemj.org\/wp-content\/uploads\/2024\/03\/AUDIO-PLAYER-600x78.png 600w, https:\/\/www.iemj.org\/wp-content\/uploads\/2024\/03\/AUDIO-PLAYER.png 1210w\" sizes=\"(max-width: 1024px) 100vw, 1024px\" \/><\/figure>\n<\/div>\n\n\n<div class=\"wp-block-file\"><a id=\"wp-block-file--media-a62c2a7f-288e-449b-a173-1a12f952fe09\" href=\"https:\/\/www.iemj.org\/wp-content\/uploads\/2021\/03\/01_si_veriyash_a_la_rana_extrait_du_cd_estreyikas_d_estambol_.mp3\">Si Veriyash a La Rana (Extrait du CD Estreyikas d&#8217;Estambol)<\/a><\/div>\n\n\n\n<div class=\"wp-block-file\"><a id=\"wp-block-file--media-9b36655c-3131-415c-9a2d-07925acb7773\" href=\"https:\/\/www.iemj.org\/wp-content\/uploads\/2021\/03\/02_amisa_asar_-_arkul-2.mp3\">Amisa asar &#8211; Arkul<\/a><\/div>\n\n\n\n<div class=\"wp-block-file\"><a id=\"wp-block-file--media-6795f515-99c4-44de-ba81-9e04454a4c90\" href=\"https:\/\/www.iemj.org\/wp-content\/uploads\/2021\/03\/03_si_veriash_-_naima_chemoul-2.mp3\">Si veriash &#8211; Na\u00efma Chemoul<\/a><\/div>\n\n\n\n<div class=\"wp-block-file\"><a id=\"wp-block-file--media-1cc713db-3ac2-43ca-a73a-ed396ef17bb1\" href=\"https:\/\/www.iemj.org\/wp-content\/uploads\/2021\/03\/04_ya_se_va_el_rabinu_judeo-espagnol_turquie_-_judith_cohen-2.mp3\">Ya se va el rabinu (jud\u00e9o-espagnol Turquie) &#8211; Judith Cohen<\/a><\/div>\n\n\n\n<div class=\"wp-block-file\"><a id=\"wp-block-file--media-673eff9b-4ac1-4e86-aac2-13d051d8b55c\" href=\"https:\/\/www.iemj.org\/wp-content\/uploads\/2021\/03\/05_ay_ke_relumbror_-_marc_amouyal-2.mp3\">Ay k\u00e9 relumbror &#8211; Marc Amouyal<\/a><\/div>\n\n\n\n<div class=\"wp-block-file\"><a id=\"wp-block-file--media-b4497b17-24e7-4d0a-b98c-99f209ac445e\" href=\"https:\/\/www.iemj.org\/wp-content\/uploads\/2021\/03\/06_cici_bunici_-_judeo-espagnol_bosnie_-_judith_cohen-2.mp3\">Cici Bunici &#8211; (jud\u00e9o-espagnol Bosnie) &#8211; Judith Cohen<\/a><\/div>\n\n\n\n<div class=\"wp-block-file\"><a id=\"wp-block-file--media-4d7f64ad-ec19-45ec-8f78-c5b0f3e19afe\" href=\"https:\/\/www.iemj.org\/wp-content\/uploads\/2021\/03\/07_entre_las_guertas_paseando_-_sandra_bessis-2.mp3\">Entre las guertas paseando &#8211; Sandra Bessis<\/a><\/div>\n\n\n\n<div class=\"wp-block-file\"><a id=\"wp-block-file--media-f8b56246-f156-431d-81a7-e762e3eb8722\" href=\"https:\/\/www.iemj.org\/wp-content\/uploads\/2021\/03\/08_katsivela_grece_mer_egee_-_daphnee_kritharas_-_djoyas_de_mar-2.mp3\">Katsivela (Gr\u00e8ce &amp; mer Eg\u00e9e) &#8211; Daphn\u00e9e Kritharas &#8211; Djoyas de Mar<\/a><\/div>\n\n\n\n<div class=\"wp-block-file\"><a id=\"wp-block-file--media-1b7d94d1-4fe4-4fbb-9a13-06b504b724fc\" href=\"https:\/\/www.iemj.org\/wp-content\/uploads\/2021\/03\/09_la_vida_do_por_el_raki_-_claire_zalamansky-2.mp3\">La vida do por el raki &#8211; Claire Zalamansky<\/a><\/div>\n\n\n\n<div class=\"wp-block-file\"><a id=\"wp-block-file--media-3cc5992f-4080-4b01-a7ba-4c472d36a207\" href=\"https:\/\/www.iemj.org\/wp-content\/uploads\/2021\/03\/10_madame_gaspar_-_arkul-2.mp3\">Madame Gaspar &#8211; Arkul<\/a><\/div>\n\n\n\n<div class=\"wp-block-file\"><a id=\"wp-block-file--media-426a7686-04be-45b7-a9a2-a89a920696ee\" href=\"https:\/\/www.iemj.org\/wp-content\/uploads\/2021\/03\/11_cien_drahmas_-_fancoise_atlan-2.mp3\">Cien drahmas &#8211; Fan\u00e7oise Atlan<\/a><\/div>\n\n\n\n<div class=\"wp-block-file\"><a id=\"wp-block-file--media-f650bfa2-0933-4aa7-98ea-80dc90e08466\" href=\"https:\/\/www.iemj.org\/wp-content\/uploads\/2021\/03\/12__ansi_dize_la_muestra_novia_-_francoise_atlan-2.mp3\">Ansi dize la muestra novia &#8211; Fran\u00e7oise Atlan<\/a><\/div>\n\n\n\n<div class=\"wp-block-file\"><a id=\"wp-block-file--media-6c64f5e3-64f6-43d7-b64e-8d92e8fb31e0\" href=\"https:\/\/www.iemj.org\/wp-content\/uploads\/2021\/03\/13_mansevo_dobro_-_yahudice.mp3\">Mansevo dobro &#8211; Yahudice<\/a><\/div>\n\n\n\n<p><\/p>\n","protected":false},"excerpt":{"rendered":"<p>Am 21. Juni feiern wir die Musik! Entdecken Sie unsere Auswahl an jud\u00e4o-spanischen Liedern aus dem Mittelmeerraum (Griechenland, T\u00fcrkei, Marokko\u2026)<\/p>\n","protected":false},"author":5,"featured_media":71865,"comment_status":"closed","ping_status":"closed","sticky":false,"template":"","format":"standard","meta":{"_acf_changed":false,"footnotes":""},"categories":[1534],"tags":[],"technique":[],"squelettes":[],"sujet":[],"formation":[],"genre":[1888],"fonds":[],"tradition":[],"type-de-contenu":[],"interprete-compositeur":[],"frise":[],"type-devenement":[],"tableaux-liens-externes":[],"class_list":["post-71864","post","type-post","status-publish","format-standard","has-post-thumbnail","hentry","category-playlists-de","genre-judaisch-spanisch-de"],"acf":[],"yoast_head":"<!-- This site is optimized with the Yoast SEO plugin v27.3 - https:\/\/yoast.com\/product\/yoast-seo-wordpress\/ -->\n<title>F\u00caTE DE LA MUSIQUE\u2026 die Jud\u00e4o-spanische Ausgabe! - Institut Europ\u00e9en des Musiques Juives<\/title>\n<meta name=\"robots\" content=\"index, follow, max-snippet:-1, max-image-preview:large, max-video-preview:-1\" \/>\n<link rel=\"canonical\" href=\"https:\/\/www.iemj.org\/de\/fete-de-la-musique-version-judeo-espagnole\/\" \/>\n<meta property=\"og:locale\" content=\"de_DE\" \/>\n<meta property=\"og:type\" content=\"article\" \/>\n<meta property=\"og:title\" content=\"F\u00caTE DE LA MUSIQUE\u2026 die Jud\u00e4o-spanische Ausgabe! - Institut Europ\u00e9en des Musiques Juives\" \/>\n<meta property=\"og:description\" content=\"Am 21. Juni feiern wir die Musik! Entdecken Sie unsere Auswahl an jud\u00e4o-spanischen Liedern aus dem Mittelmeerraum (Griechenland, T\u00fcrkei, Marokko\u2026)\" \/>\n<meta property=\"og:url\" content=\"https:\/\/www.iemj.org\/de\/fete-de-la-musique-version-judeo-espagnole\/\" \/>\n<meta property=\"og:site_name\" content=\"Institut Europ\u00e9en des Musiques Juives\" \/>\n<meta property=\"article:publisher\" content=\"https:\/\/www.facebook.com\/MusiquesJuives\/\" \/>\n<meta property=\"article:published_time\" content=\"2020-06-16T15:24:50+00:00\" \/>\n<meta property=\"article:modified_time\" content=\"2025-08-19T15:22:38+00:00\" \/>\n<meta property=\"og:image\" content=\"https:\/\/www.iemj.org\/wp-content\/uploads\/2020\/06\/arton4775-e1618501805576.jpg\" \/>\n\t<meta property=\"og:image:width\" content=\"350\" \/>\n\t<meta property=\"og:image:height\" content=\"427\" \/>\n\t<meta property=\"og:image:type\" content=\"image\/jpeg\" \/>\n<meta name=\"author\" content=\"Jacqueline ROTEN\" \/>\n<meta name=\"twitter:card\" content=\"summary_large_image\" \/>\n<meta name=\"twitter:label1\" content=\"Verfasst von\" \/>\n\t<meta name=\"twitter:data1\" content=\"Jacqueline ROTEN\" \/>\n\t<meta name=\"twitter:label2\" content=\"Gesch\u00e4tzte Lesezeit\" \/>\n\t<meta name=\"twitter:data2\" content=\"2\u00a0Minuten\" \/>\n<script type=\"application\/ld+json\" class=\"yoast-schema-graph\">{\"@context\":\"https:\\\/\\\/schema.org\",\"@graph\":[{\"@type\":\"Article\",\"@id\":\"https:\\\/\\\/www.iemj.org\\\/de\\\/fete-de-la-musique-version-judeo-espagnole\\\/#article\",\"isPartOf\":{\"@id\":\"https:\\\/\\\/www.iemj.org\\\/de\\\/fete-de-la-musique-version-judeo-espagnole\\\/\"},\"author\":{\"name\":\"Jacqueline ROTEN\",\"@id\":\"https:\\\/\\\/www.iemj.org\\\/de\\\/#\\\/schema\\\/person\\\/358e26c18aca017fcc4cc15437f7279c\"},\"headline\":\"F\u00caTE DE LA MUSIQUE\u2026 die Jud\u00e4o-spanische Ausgabe!\",\"datePublished\":\"2020-06-16T15:24:50+00:00\",\"dateModified\":\"2025-08-19T15:22:38+00:00\",\"mainEntityOfPage\":{\"@id\":\"https:\\\/\\\/www.iemj.org\\\/de\\\/fete-de-la-musique-version-judeo-espagnole\\\/\"},\"wordCount\":217,\"publisher\":{\"@id\":\"https:\\\/\\\/www.iemj.org\\\/de\\\/#organization\"},\"image\":{\"@id\":\"https:\\\/\\\/www.iemj.org\\\/de\\\/fete-de-la-musique-version-judeo-espagnole\\\/#primaryimage\"},\"thumbnailUrl\":\"https:\\\/\\\/www.iemj.org\\\/wp-content\\\/uploads\\\/2020\\\/06\\\/arton4775-e1618501805576.jpg\",\"articleSection\":[\"Playlists\"],\"inLanguage\":\"de\"},{\"@type\":\"WebPage\",\"@id\":\"https:\\\/\\\/www.iemj.org\\\/de\\\/fete-de-la-musique-version-judeo-espagnole\\\/\",\"url\":\"https:\\\/\\\/www.iemj.org\\\/de\\\/fete-de-la-musique-version-judeo-espagnole\\\/\",\"name\":\"F\u00caTE DE LA MUSIQUE\u2026 die Jud\u00e4o-spanische Ausgabe! - Institut Europ\u00e9en des Musiques Juives\",\"isPartOf\":{\"@id\":\"https:\\\/\\\/www.iemj.org\\\/de\\\/#website\"},\"primaryImageOfPage\":{\"@id\":\"https:\\\/\\\/www.iemj.org\\\/de\\\/fete-de-la-musique-version-judeo-espagnole\\\/#primaryimage\"},\"image\":{\"@id\":\"https:\\\/\\\/www.iemj.org\\\/de\\\/fete-de-la-musique-version-judeo-espagnole\\\/#primaryimage\"},\"thumbnailUrl\":\"https:\\\/\\\/www.iemj.org\\\/wp-content\\\/uploads\\\/2020\\\/06\\\/arton4775-e1618501805576.jpg\",\"datePublished\":\"2020-06-16T15:24:50+00:00\",\"dateModified\":\"2025-08-19T15:22:38+00:00\",\"breadcrumb\":{\"@id\":\"https:\\\/\\\/www.iemj.org\\\/de\\\/fete-de-la-musique-version-judeo-espagnole\\\/#breadcrumb\"},\"inLanguage\":\"de\",\"potentialAction\":[{\"@type\":\"ReadAction\",\"target\":[\"https:\\\/\\\/www.iemj.org\\\/de\\\/fete-de-la-musique-version-judeo-espagnole\\\/\"]}]},{\"@type\":\"ImageObject\",\"inLanguage\":\"de\",\"@id\":\"https:\\\/\\\/www.iemj.org\\\/de\\\/fete-de-la-musique-version-judeo-espagnole\\\/#primaryimage\",\"url\":\"https:\\\/\\\/www.iemj.org\\\/wp-content\\\/uploads\\\/2020\\\/06\\\/arton4775-e1618501805576.jpg\",\"contentUrl\":\"https:\\\/\\\/www.iemj.org\\\/wp-content\\\/uploads\\\/2020\\\/06\\\/arton4775-e1618501805576.jpg\",\"width\":350,\"height\":427},{\"@type\":\"BreadcrumbList\",\"@id\":\"https:\\\/\\\/www.iemj.org\\\/de\\\/fete-de-la-musique-version-judeo-espagnole\\\/#breadcrumb\",\"itemListElement\":[{\"@type\":\"ListItem\",\"position\":1,\"name\":\"Accueil\",\"item\":\"https:\\\/\\\/www.iemj.org\\\/de\\\/\"},{\"@type\":\"ListItem\",\"position\":2,\"name\":\"F\u00caTE DE LA MUSIQUE\u2026 die Jud\u00e4o-spanische Ausgabe!\"}]},{\"@type\":\"WebSite\",\"@id\":\"https:\\\/\\\/www.iemj.org\\\/de\\\/#website\",\"url\":\"https:\\\/\\\/www.iemj.org\\\/de\\\/\",\"name\":\"Institut Europ\u00e9en des Musiques Juives\",\"description\":\"Des traditions musicales \u00e0 la port\u00e9e de tous\",\"publisher\":{\"@id\":\"https:\\\/\\\/www.iemj.org\\\/de\\\/#organization\"},\"potentialAction\":[{\"@type\":\"SearchAction\",\"target\":{\"@type\":\"EntryPoint\",\"urlTemplate\":\"https:\\\/\\\/www.iemj.org\\\/de\\\/?s={search_term_string}\"},\"query-input\":{\"@type\":\"PropertyValueSpecification\",\"valueRequired\":true,\"valueName\":\"search_term_string\"}}],\"inLanguage\":\"de\"},{\"@type\":\"Organization\",\"@id\":\"https:\\\/\\\/www.iemj.org\\\/de\\\/#organization\",\"name\":\"Institut Europ\u00e9en des Musiques Juives\",\"url\":\"https:\\\/\\\/www.iemj.org\\\/de\\\/\",\"logo\":{\"@type\":\"ImageObject\",\"inLanguage\":\"de\",\"@id\":\"https:\\\/\\\/www.iemj.org\\\/de\\\/#\\\/schema\\\/logo\\\/image\\\/\",\"url\":\"https:\\\/\\\/www.iemj.org\\\/wp-content\\\/uploads\\\/2021\\\/09\\\/Logo-IEMJ-Paypal.jpg\",\"contentUrl\":\"https:\\\/\\\/www.iemj.org\\\/wp-content\\\/uploads\\\/2021\\\/09\\\/Logo-IEMJ-Paypal.jpg\",\"width\":150,\"height\":50,\"caption\":\"Institut Europ\u00e9en des Musiques Juives\"},\"image\":{\"@id\":\"https:\\\/\\\/www.iemj.org\\\/de\\\/#\\\/schema\\\/logo\\\/image\\\/\"},\"sameAs\":[\"https:\\\/\\\/www.facebook.com\\\/MusiquesJuives\\\/\",\"https:\\\/\\\/www.instagram.com\\\/musiquesjuives\\\/\",\"https:\\\/\\\/www.youtube.com\\\/user\\\/musiquesjuives\"]},{\"@type\":\"Person\",\"@id\":\"https:\\\/\\\/www.iemj.org\\\/de\\\/#\\\/schema\\\/person\\\/358e26c18aca017fcc4cc15437f7279c\",\"name\":\"Jacqueline ROTEN\",\"image\":{\"@type\":\"ImageObject\",\"inLanguage\":\"de\",\"@id\":\"https:\\\/\\\/secure.gravatar.com\\\/avatar\\\/5964256d6c6957de3a3505278957e0fb2a35119ac47ea41827a65301213c810b?s=96&d=mm&r=g\",\"url\":\"https:\\\/\\\/secure.gravatar.com\\\/avatar\\\/5964256d6c6957de3a3505278957e0fb2a35119ac47ea41827a65301213c810b?s=96&d=mm&r=g\",\"contentUrl\":\"https:\\\/\\\/secure.gravatar.com\\\/avatar\\\/5964256d6c6957de3a3505278957e0fb2a35119ac47ea41827a65301213c810b?s=96&d=mm&r=g\",\"caption\":\"Jacqueline ROTEN\"}}]}<\/script>\n<!-- \/ Yoast SEO plugin. -->","yoast_head_json":{"title":"F\u00caTE DE LA MUSIQUE\u2026 die Jud\u00e4o-spanische Ausgabe! - Institut Europ\u00e9en des Musiques Juives","robots":{"index":"index","follow":"follow","max-snippet":"max-snippet:-1","max-image-preview":"max-image-preview:large","max-video-preview":"max-video-preview:-1"},"canonical":"https:\/\/www.iemj.org\/de\/fete-de-la-musique-version-judeo-espagnole\/","og_locale":"de_DE","og_type":"article","og_title":"F\u00caTE DE LA MUSIQUE\u2026 die Jud\u00e4o-spanische Ausgabe! - Institut Europ\u00e9en des Musiques Juives","og_description":"Am 21. Juni feiern wir die Musik! Entdecken Sie unsere Auswahl an jud\u00e4o-spanischen Liedern aus dem Mittelmeerraum (Griechenland, T\u00fcrkei, Marokko\u2026)","og_url":"https:\/\/www.iemj.org\/de\/fete-de-la-musique-version-judeo-espagnole\/","og_site_name":"Institut Europ\u00e9en des Musiques Juives","article_publisher":"https:\/\/www.facebook.com\/MusiquesJuives\/","article_published_time":"2020-06-16T15:24:50+00:00","article_modified_time":"2025-08-19T15:22:38+00:00","og_image":[{"width":350,"height":427,"url":"https:\/\/www.iemj.org\/wp-content\/uploads\/2020\/06\/arton4775-e1618501805576.jpg","type":"image\/jpeg"}],"author":"Jacqueline ROTEN","twitter_card":"summary_large_image","twitter_misc":{"Verfasst von":"Jacqueline ROTEN","Gesch\u00e4tzte Lesezeit":"2\u00a0Minuten"},"schema":{"@context":"https:\/\/schema.org","@graph":[{"@type":"Article","@id":"https:\/\/www.iemj.org\/de\/fete-de-la-musique-version-judeo-espagnole\/#article","isPartOf":{"@id":"https:\/\/www.iemj.org\/de\/fete-de-la-musique-version-judeo-espagnole\/"},"author":{"name":"Jacqueline ROTEN","@id":"https:\/\/www.iemj.org\/de\/#\/schema\/person\/358e26c18aca017fcc4cc15437f7279c"},"headline":"F\u00caTE DE LA MUSIQUE\u2026 die Jud\u00e4o-spanische Ausgabe!","datePublished":"2020-06-16T15:24:50+00:00","dateModified":"2025-08-19T15:22:38+00:00","mainEntityOfPage":{"@id":"https:\/\/www.iemj.org\/de\/fete-de-la-musique-version-judeo-espagnole\/"},"wordCount":217,"publisher":{"@id":"https:\/\/www.iemj.org\/de\/#organization"},"image":{"@id":"https:\/\/www.iemj.org\/de\/fete-de-la-musique-version-judeo-espagnole\/#primaryimage"},"thumbnailUrl":"https:\/\/www.iemj.org\/wp-content\/uploads\/2020\/06\/arton4775-e1618501805576.jpg","articleSection":["Playlists"],"inLanguage":"de"},{"@type":"WebPage","@id":"https:\/\/www.iemj.org\/de\/fete-de-la-musique-version-judeo-espagnole\/","url":"https:\/\/www.iemj.org\/de\/fete-de-la-musique-version-judeo-espagnole\/","name":"F\u00caTE DE LA MUSIQUE\u2026 die Jud\u00e4o-spanische Ausgabe! - Institut Europ\u00e9en des Musiques Juives","isPartOf":{"@id":"https:\/\/www.iemj.org\/de\/#website"},"primaryImageOfPage":{"@id":"https:\/\/www.iemj.org\/de\/fete-de-la-musique-version-judeo-espagnole\/#primaryimage"},"image":{"@id":"https:\/\/www.iemj.org\/de\/fete-de-la-musique-version-judeo-espagnole\/#primaryimage"},"thumbnailUrl":"https:\/\/www.iemj.org\/wp-content\/uploads\/2020\/06\/arton4775-e1618501805576.jpg","datePublished":"2020-06-16T15:24:50+00:00","dateModified":"2025-08-19T15:22:38+00:00","breadcrumb":{"@id":"https:\/\/www.iemj.org\/de\/fete-de-la-musique-version-judeo-espagnole\/#breadcrumb"},"inLanguage":"de","potentialAction":[{"@type":"ReadAction","target":["https:\/\/www.iemj.org\/de\/fete-de-la-musique-version-judeo-espagnole\/"]}]},{"@type":"ImageObject","inLanguage":"de","@id":"https:\/\/www.iemj.org\/de\/fete-de-la-musique-version-judeo-espagnole\/#primaryimage","url":"https:\/\/www.iemj.org\/wp-content\/uploads\/2020\/06\/arton4775-e1618501805576.jpg","contentUrl":"https:\/\/www.iemj.org\/wp-content\/uploads\/2020\/06\/arton4775-e1618501805576.jpg","width":350,"height":427},{"@type":"BreadcrumbList","@id":"https:\/\/www.iemj.org\/de\/fete-de-la-musique-version-judeo-espagnole\/#breadcrumb","itemListElement":[{"@type":"ListItem","position":1,"name":"Accueil","item":"https:\/\/www.iemj.org\/de\/"},{"@type":"ListItem","position":2,"name":"F\u00caTE DE LA MUSIQUE\u2026 die Jud\u00e4o-spanische Ausgabe!"}]},{"@type":"WebSite","@id":"https:\/\/www.iemj.org\/de\/#website","url":"https:\/\/www.iemj.org\/de\/","name":"Institut Europ\u00e9en des Musiques Juives","description":"Des traditions musicales \u00e0 la port\u00e9e de tous","publisher":{"@id":"https:\/\/www.iemj.org\/de\/#organization"},"potentialAction":[{"@type":"SearchAction","target":{"@type":"EntryPoint","urlTemplate":"https:\/\/www.iemj.org\/de\/?s={search_term_string}"},"query-input":{"@type":"PropertyValueSpecification","valueRequired":true,"valueName":"search_term_string"}}],"inLanguage":"de"},{"@type":"Organization","@id":"https:\/\/www.iemj.org\/de\/#organization","name":"Institut Europ\u00e9en des Musiques Juives","url":"https:\/\/www.iemj.org\/de\/","logo":{"@type":"ImageObject","inLanguage":"de","@id":"https:\/\/www.iemj.org\/de\/#\/schema\/logo\/image\/","url":"https:\/\/www.iemj.org\/wp-content\/uploads\/2021\/09\/Logo-IEMJ-Paypal.jpg","contentUrl":"https:\/\/www.iemj.org\/wp-content\/uploads\/2021\/09\/Logo-IEMJ-Paypal.jpg","width":150,"height":50,"caption":"Institut Europ\u00e9en des Musiques Juives"},"image":{"@id":"https:\/\/www.iemj.org\/de\/#\/schema\/logo\/image\/"},"sameAs":["https:\/\/www.facebook.com\/MusiquesJuives\/","https:\/\/www.instagram.com\/musiquesjuives\/","https:\/\/www.youtube.com\/user\/musiquesjuives"]},{"@type":"Person","@id":"https:\/\/www.iemj.org\/de\/#\/schema\/person\/358e26c18aca017fcc4cc15437f7279c","name":"Jacqueline ROTEN","image":{"@type":"ImageObject","inLanguage":"de","@id":"https:\/\/secure.gravatar.com\/avatar\/5964256d6c6957de3a3505278957e0fb2a35119ac47ea41827a65301213c810b?s=96&d=mm&r=g","url":"https:\/\/secure.gravatar.com\/avatar\/5964256d6c6957de3a3505278957e0fb2a35119ac47ea41827a65301213c810b?s=96&d=mm&r=g","contentUrl":"https:\/\/secure.gravatar.com\/avatar\/5964256d6c6957de3a3505278957e0fb2a35119ac47ea41827a65301213c810b?s=96&d=mm&r=g","caption":"Jacqueline ROTEN"}}]}},"_links":{"self":[{"href":"https:\/\/www.iemj.org\/de\/wp-json\/wp\/v2\/posts\/71864","targetHints":{"allow":["GET"]}}],"collection":[{"href":"https:\/\/www.iemj.org\/de\/wp-json\/wp\/v2\/posts"}],"about":[{"href":"https:\/\/www.iemj.org\/de\/wp-json\/wp\/v2\/types\/post"}],"author":[{"embeddable":true,"href":"https:\/\/www.iemj.org\/de\/wp-json\/wp\/v2\/users\/5"}],"replies":[{"embeddable":true,"href":"https:\/\/www.iemj.org\/de\/wp-json\/wp\/v2\/comments?post=71864"}],"version-history":[{"count":0,"href":"https:\/\/www.iemj.org\/de\/wp-json\/wp\/v2\/posts\/71864\/revisions"}],"wp:featuredmedia":[{"embeddable":true,"href":"https:\/\/www.iemj.org\/de\/wp-json\/wp\/v2\/media\/71865"}],"wp:attachment":[{"href":"https:\/\/www.iemj.org\/de\/wp-json\/wp\/v2\/media?parent=71864"}],"wp:term":[{"taxonomy":"category","embeddable":true,"href":"https:\/\/www.iemj.org\/de\/wp-json\/wp\/v2\/categories?post=71864"},{"taxonomy":"post_tag","embeddable":true,"href":"https:\/\/www.iemj.org\/de\/wp-json\/wp\/v2\/tags?post=71864"},{"taxonomy":"technique","embeddable":true,"href":"https:\/\/www.iemj.org\/de\/wp-json\/wp\/v2\/technique?post=71864"},{"taxonomy":"squelettes","embeddable":true,"href":"https:\/\/www.iemj.org\/de\/wp-json\/wp\/v2\/squelettes?post=71864"},{"taxonomy":"sujet","embeddable":true,"href":"https:\/\/www.iemj.org\/de\/wp-json\/wp\/v2\/sujet?post=71864"},{"taxonomy":"formation","embeddable":true,"href":"https:\/\/www.iemj.org\/de\/wp-json\/wp\/v2\/formation?post=71864"},{"taxonomy":"genre","embeddable":true,"href":"https:\/\/www.iemj.org\/de\/wp-json\/wp\/v2\/genre?post=71864"},{"taxonomy":"fonds","embeddable":true,"href":"https:\/\/www.iemj.org\/de\/wp-json\/wp\/v2\/fonds?post=71864"},{"taxonomy":"tradition","embeddable":true,"href":"https:\/\/www.iemj.org\/de\/wp-json\/wp\/v2\/tradition?post=71864"},{"taxonomy":"type-de-contenu","embeddable":true,"href":"https:\/\/www.iemj.org\/de\/wp-json\/wp\/v2\/type-de-contenu?post=71864"},{"taxonomy":"interprete-compositeur","embeddable":true,"href":"https:\/\/www.iemj.org\/de\/wp-json\/wp\/v2\/interprete-compositeur?post=71864"},{"taxonomy":"frise","embeddable":true,"href":"https:\/\/www.iemj.org\/de\/wp-json\/wp\/v2\/frise?post=71864"},{"taxonomy":"type-devenement","embeddable":true,"href":"https:\/\/www.iemj.org\/de\/wp-json\/wp\/v2\/type-devenement?post=71864"},{"taxonomy":"tableaux-liens-externes","embeddable":true,"href":"https:\/\/www.iemj.org\/de\/wp-json\/wp\/v2\/tableaux-liens-externes?post=71864"}],"curies":[{"name":"wp","href":"https:\/\/api.w.org\/{rel}","templated":true}]}}