{"id":71908,"date":"2020-06-16T15:34:33","date_gmt":"2020-06-16T13:34:33","guid":{"rendered":"https:\/\/www.iemj.org\/fete-de-la-musique-version-ashkenaze\/"},"modified":"2025-08-19T17:14:42","modified_gmt":"2025-08-19T15:14:42","slug":"fete-de-la-musique-version-ashkenaze","status":"publish","type":"post","link":"https:\/\/www.iemj.org\/de\/fete-de-la-musique-version-ashkenaze\/","title":{"rendered":"F\u00caTE DE LA MUSIQUE\u2026 DIE ASCHKENASISCHE AUSGABE!"},"content":{"rendered":"<p><strong>Am 21. Juni feiern wir die Musik! Entdecken Sie unsere Auswahl an Klezmer-St\u00fccken und jiddischen Liedern, die sie zum Tanzen und zum Umherspringen bringen und die Sommers\u00fc\u00dfe willkommen hei\u00dfen werden! <\/strong><\/p>\n<p><!--more--><\/p>\n<p>Der Sommer kommt und mit ihm, die Lust sich zu bewegen und auf Festmusik zu tanzen! An diesem 21. Juni feiern wir die F\u00eate de la musique! Wenn Sie also <em>shpilk\u00e8s<\/em> in Ihren <em>tukh\u00e8s<\/em> versp\u00fcren und Sie auf <em>l\u00e8b\u00e8dik <\/em>Musik <em>tantsn<\/em> wollen, ist diese Playlist der Klezmer und des jiddischen Chansons, genau das Richtige f\u00fcr Sie!<\/p>\n\n<div class=\"wp-block-image\">\n<figure class=\"aligncenter size-large\"><img fetchpriority=\"high\" decoding=\"async\" width=\"1024\" height=\"133\" src=\"https:\/\/www.iemj.org\/wp-content\/uploads\/2024\/03\/AUDIO-PLAYER-1024x133.png\" alt=\"\" class=\"wp-image-110606\" srcset=\"https:\/\/www.iemj.org\/wp-content\/uploads\/2024\/03\/AUDIO-PLAYER-1024x133.png 1024w, https:\/\/www.iemj.org\/wp-content\/uploads\/2024\/03\/AUDIO-PLAYER-300x39.png 300w, https:\/\/www.iemj.org\/wp-content\/uploads\/2024\/03\/AUDIO-PLAYER-768x100.png 768w, https:\/\/www.iemj.org\/wp-content\/uploads\/2024\/03\/AUDIO-PLAYER-600x78.png 600w, https:\/\/www.iemj.org\/wp-content\/uploads\/2024\/03\/AUDIO-PLAYER.png 1210w\" sizes=\"(max-width: 1024px) 100vw, 1024px\" \/><\/figure>\n<\/div>\n\n\n<div class=\"wp-block-file\"><a id=\"wp-block-file--media-cce69969-8fe4-4030-bbbf-000c5cdccf18\" href=\"https:\/\/www.iemj.org\/wp-content\/uploads\/2020\/06\/d33-30_514_07.mp3\">Freilechs &#8211; Giora Feidman<\/a><\/div>\n\n\n\n<div class=\"wp-block-file\"><a id=\"wp-block-file--media-eaa87815-a890-4ca1-89c3-1f42797ff13a\" href=\"https:\/\/www.iemj.org\/wp-content\/uploads\/2020\/06\/cd_269a_12.mp3\">An Eyropeyische Kolomeyke &#8211; Raderman\u2019s &amp; Beckerman\u2019s Orchestra<\/a><\/div>\n\n\n\n<div class=\"wp-block-file\"><a id=\"wp-block-file--media-27daaab7-277d-4634-b0fb-3ec751becd8c\" href=\"https:\/\/www.iemj.org\/wp-content\/uploads\/2020\/06\/cd_617_05.mp3\">Sirba de Leon Schwartz &#8211; Trio Weisberger-Branthomme-Trestian<\/a><\/div>\n\n\n\n<div class=\"wp-block-file\"><a id=\"wp-block-file--media-c63d8caa-8111-4542-ab97-7b663cffc398\" href=\"https:\/\/www.iemj.org\/wp-content\/uploads\/2020\/06\/cd_648_14.mp3\">Hostu mikh lib &#8211; Yerushe<\/a><\/div>\n\n\n\n<div class=\"wp-block-file\"><a id=\"wp-block-file--media-863a3c82-e3f2-4802-b4c9-b7e90abd57c7\" href=\"https:\/\/www.iemj.org\/wp-content\/uploads\/2020\/06\/cd_269d_02-2.mp3\">Yiddisher Charleston &#8211; The Gilt Edged Four<\/a><\/div>\n\n\n\n<div class=\"wp-block-file\"><a id=\"wp-block-file--media-28f24bc9-9ac9-4691-bd8c-624edb33bcd7\" href=\"https:\/\/www.iemj.org\/wp-content\/uploads\/2020\/06\/cd_1320_01.mp3\">Shtetl Medley: In Odess\u2019 \/ Yas &#8211; Klezmer Plus !<\/a><\/div>\n\n\n\n<div class=\"wp-block-file\"><a id=\"wp-block-file--media-85c99698-5f46-4e7f-9308-77e21b3e37ff\" href=\"https:\/\/www.iemj.org\/wp-content\/uploads\/2020\/06\/d33-30_11_16.mp3\">Oy Tate s\u2019iz Gut &#8211; Naftule Brandwein<\/a><\/div>\n\n\n\n<div class=\"wp-block-file\"><a id=\"wp-block-file--media-bd2d7dd4-90ef-40ec-9b49-8b3f54494014\" href=\"https:\/\/www.iemj.org\/wp-content\/uploads\/2020\/06\/cd_269a_01.mp3\">Gefilte Fisch &#8211; Henri Gerro<\/a><\/div>\n\n\n\n<div class=\"wp-block-file\"><a id=\"wp-block-file--media-a4dfeb13-591d-4b2f-8b0d-65e5aef94c36\" href=\"https:\/\/www.iemj.org\/wp-content\/uploads\/2020\/06\/d33-30_83_09.mp3\">Negative Nifty &#8211; The Klezmorim<\/a><\/div>\n\n\n\n<div class=\"wp-block-file\"><a id=\"wp-block-file--media-9cb34de0-b850-442d-9348-da6b1249e95b\" href=\"https:\/\/www.iemj.org\/wp-content\/uploads\/2020\/06\/d33-30_636_01.mp3\">A Galitsianer Tantsel &#8211; Zev Feldman, Andy Statman<\/a><\/div>\n\n\n\n<div class=\"wp-block-file\"><a id=\"wp-block-file--media-4e0ae6bb-256a-4da2-ae01-f7573588d6c1\" href=\"https:\/\/www.iemj.org\/wp-content\/uploads\/2020\/06\/d33-30_1935_06.mp3\">Dzhankoye &#8211; The Klezmatics<\/a><\/div>\n\n\n\n<div class=\"wp-block-file\"><a id=\"wp-block-file--media-4398ab62-34f7-4188-9ed9-3e136c91e18c\" href=\"https:\/\/www.iemj.org\/wp-content\/uploads\/2020\/06\/d33-30_1059_01.mp3\">Lebn Zol Palestina &#8211; Kapelye<\/a><\/div>\n\n\n\n<div class=\"wp-block-file\"><a id=\"wp-block-file--media-fe30f2e0-de90-4a84-b889-e39787c30d8c\" href=\"https:\/\/www.iemj.org\/wp-content\/uploads\/2020\/06\/d78-25_333_02.mp3\">Odessa mama &#8211; Pesach Burstein<\/a><\/div>\n\n\n\n<div class=\"wp-block-file\"><a id=\"wp-block-file--media-30c01047-bf82-48e0-bab5-a5208bcb9d9a\" href=\"https:\/\/www.iemj.org\/wp-content\/uploads\/2020\/06\/k7_565_01_bis-2.mp3\">Lebedik un freylech &#8211; The Klezmer Conservatory Band<\/a><\/div>\n\n\n\n<div class=\"wp-block-file\"><a id=\"wp-block-file--media-58db2f16-f2ca-4d80-87c2-de8cac78abca\" href=\"https:\/\/www.iemj.org\/wp-content\/uploads\/2020\/06\/d33-30_63_13-2.mp3\">Machateyneste Mayne &#8211; Th\u00e9odore Bikel<\/a><\/div>\n","protected":false},"excerpt":{"rendered":"<p>Am 21. Juni feiern wir die Musik! Entdecken Sie unsere Auswahl an Klezmer-St\u00fccken und jiddischen Liedern, die sie zum Tanzen und zum Umherspringen bringen und die Sommers\u00fc\u00dfe willkommen hei\u00dfen werden!<\/p>\n","protected":false},"author":1048,"featured_media":71909,"comment_status":"closed","ping_status":"closed","sticky":false,"template":"","format":"standard","meta":{"_acf_changed":false,"footnotes":""},"categories":[1534],"tags":[],"technique":[],"squelettes":[],"sujet":[],"formation":[],"genre":[1875,1864],"fonds":[],"tradition":[],"type-de-contenu":[],"interprete-compositeur":[],"frise":[],"type-devenement":[],"tableaux-liens-externes":[],"class_list":["post-71908","post","type-post","status-publish","format-standard","has-post-thumbnail","hentry","category-playlists-de","genre-klezmer-de","genre-yiddish-de"],"acf":[],"yoast_head":"<!-- This site is optimized with the Yoast SEO plugin v27.3 - https:\/\/yoast.com\/product\/yoast-seo-wordpress\/ -->\n<title>F\u00caTE DE LA MUSIQUE\u2026 DIE ASCHKENASISCHE AUSGABE! - Institut Europ\u00e9en des Musiques Juives<\/title>\n<meta name=\"robots\" content=\"index, follow, max-snippet:-1, max-image-preview:large, max-video-preview:-1\" \/>\n<link rel=\"canonical\" href=\"https:\/\/www.iemj.org\/de\/fete-de-la-musique-version-ashkenaze\/\" \/>\n<meta property=\"og:locale\" content=\"de_DE\" \/>\n<meta property=\"og:type\" content=\"article\" \/>\n<meta property=\"og:title\" content=\"F\u00caTE DE LA MUSIQUE\u2026 DIE ASCHKENASISCHE AUSGABE! - Institut Europ\u00e9en des Musiques Juives\" \/>\n<meta property=\"og:description\" content=\"Am 21. Juni feiern wir die Musik! Entdecken Sie unsere Auswahl an Klezmer-St\u00fccken und jiddischen Liedern, die sie zum Tanzen und zum Umherspringen bringen und die Sommers\u00fc\u00dfe willkommen hei\u00dfen werden!\" \/>\n<meta property=\"og:url\" content=\"https:\/\/www.iemj.org\/de\/fete-de-la-musique-version-ashkenaze\/\" \/>\n<meta property=\"og:site_name\" content=\"Institut Europ\u00e9en des Musiques Juives\" \/>\n<meta property=\"article:publisher\" content=\"https:\/\/www.facebook.com\/MusiquesJuives\/\" \/>\n<meta property=\"article:published_time\" content=\"2020-06-16T13:34:33+00:00\" \/>\n<meta property=\"article:modified_time\" content=\"2025-08-19T15:14:42+00:00\" \/>\n<meta property=\"og:image\" content=\"https:\/\/www.iemj.org\/wp-content\/uploads\/2020\/06\/arton4774-e1618501913958.jpg\" \/>\n\t<meta property=\"og:image:width\" content=\"350\" \/>\n\t<meta property=\"og:image:height\" content=\"421\" \/>\n\t<meta property=\"og:image:type\" content=\"image\/jpeg\" \/>\n<meta name=\"author\" content=\"Jean-Gabriel Davis\" \/>\n<meta name=\"twitter:card\" content=\"summary_large_image\" \/>\n<meta name=\"twitter:label1\" content=\"Verfasst von\" \/>\n\t<meta name=\"twitter:data1\" content=\"Jean-Gabriel Davis\" \/>\n\t<meta name=\"twitter:label2\" content=\"Gesch\u00e4tzte Lesezeit\" \/>\n\t<meta name=\"twitter:data2\" content=\"2\u00a0Minuten\" \/>\n<script type=\"application\/ld+json\" class=\"yoast-schema-graph\">{\"@context\":\"https:\\\/\\\/schema.org\",\"@graph\":[{\"@type\":\"Article\",\"@id\":\"https:\\\/\\\/www.iemj.org\\\/de\\\/fete-de-la-musique-version-ashkenaze\\\/#article\",\"isPartOf\":{\"@id\":\"https:\\\/\\\/www.iemj.org\\\/de\\\/fete-de-la-musique-version-ashkenaze\\\/\"},\"author\":{\"name\":\"Jean-Gabriel Davis\",\"@id\":\"https:\\\/\\\/www.iemj.org\\\/de\\\/#\\\/schema\\\/person\\\/c9bc1c386a3749579a2d675e72a18666\"},\"headline\":\"F\u00caTE DE LA MUSIQUE\u2026 DIE ASCHKENASISCHE AUSGABE!\",\"datePublished\":\"2020-06-16T13:34:33+00:00\",\"dateModified\":\"2025-08-19T15:14:42+00:00\",\"mainEntityOfPage\":{\"@id\":\"https:\\\/\\\/www.iemj.org\\\/de\\\/fete-de-la-musique-version-ashkenaze\\\/\"},\"wordCount\":197,\"publisher\":{\"@id\":\"https:\\\/\\\/www.iemj.org\\\/de\\\/#organization\"},\"image\":{\"@id\":\"https:\\\/\\\/www.iemj.org\\\/de\\\/fete-de-la-musique-version-ashkenaze\\\/#primaryimage\"},\"thumbnailUrl\":\"https:\\\/\\\/www.iemj.org\\\/wp-content\\\/uploads\\\/2020\\\/06\\\/arton4774-e1618501913958.jpg\",\"articleSection\":[\"Playlists\"],\"inLanguage\":\"de\"},{\"@type\":\"WebPage\",\"@id\":\"https:\\\/\\\/www.iemj.org\\\/de\\\/fete-de-la-musique-version-ashkenaze\\\/\",\"url\":\"https:\\\/\\\/www.iemj.org\\\/de\\\/fete-de-la-musique-version-ashkenaze\\\/\",\"name\":\"F\u00caTE DE LA MUSIQUE\u2026 DIE ASCHKENASISCHE AUSGABE! - Institut Europ\u00e9en des Musiques Juives\",\"isPartOf\":{\"@id\":\"https:\\\/\\\/www.iemj.org\\\/de\\\/#website\"},\"primaryImageOfPage\":{\"@id\":\"https:\\\/\\\/www.iemj.org\\\/de\\\/fete-de-la-musique-version-ashkenaze\\\/#primaryimage\"},\"image\":{\"@id\":\"https:\\\/\\\/www.iemj.org\\\/de\\\/fete-de-la-musique-version-ashkenaze\\\/#primaryimage\"},\"thumbnailUrl\":\"https:\\\/\\\/www.iemj.org\\\/wp-content\\\/uploads\\\/2020\\\/06\\\/arton4774-e1618501913958.jpg\",\"datePublished\":\"2020-06-16T13:34:33+00:00\",\"dateModified\":\"2025-08-19T15:14:42+00:00\",\"breadcrumb\":{\"@id\":\"https:\\\/\\\/www.iemj.org\\\/de\\\/fete-de-la-musique-version-ashkenaze\\\/#breadcrumb\"},\"inLanguage\":\"de\",\"potentialAction\":[{\"@type\":\"ReadAction\",\"target\":[\"https:\\\/\\\/www.iemj.org\\\/de\\\/fete-de-la-musique-version-ashkenaze\\\/\"]}]},{\"@type\":\"ImageObject\",\"inLanguage\":\"de\",\"@id\":\"https:\\\/\\\/www.iemj.org\\\/de\\\/fete-de-la-musique-version-ashkenaze\\\/#primaryimage\",\"url\":\"https:\\\/\\\/www.iemj.org\\\/wp-content\\\/uploads\\\/2020\\\/06\\\/arton4774-e1618501913958.jpg\",\"contentUrl\":\"https:\\\/\\\/www.iemj.org\\\/wp-content\\\/uploads\\\/2020\\\/06\\\/arton4774-e1618501913958.jpg\",\"width\":350,\"height\":421},{\"@type\":\"BreadcrumbList\",\"@id\":\"https:\\\/\\\/www.iemj.org\\\/de\\\/fete-de-la-musique-version-ashkenaze\\\/#breadcrumb\",\"itemListElement\":[{\"@type\":\"ListItem\",\"position\":1,\"name\":\"Accueil\",\"item\":\"https:\\\/\\\/www.iemj.org\\\/de\\\/\"},{\"@type\":\"ListItem\",\"position\":2,\"name\":\"F\u00caTE DE LA MUSIQUE\u2026 DIE ASCHKENASISCHE AUSGABE!\"}]},{\"@type\":\"WebSite\",\"@id\":\"https:\\\/\\\/www.iemj.org\\\/de\\\/#website\",\"url\":\"https:\\\/\\\/www.iemj.org\\\/de\\\/\",\"name\":\"Institut Europ\u00e9en des Musiques Juives\",\"description\":\"Des traditions musicales \u00e0 la port\u00e9e de tous\",\"publisher\":{\"@id\":\"https:\\\/\\\/www.iemj.org\\\/de\\\/#organization\"},\"potentialAction\":[{\"@type\":\"SearchAction\",\"target\":{\"@type\":\"EntryPoint\",\"urlTemplate\":\"https:\\\/\\\/www.iemj.org\\\/de\\\/?s={search_term_string}\"},\"query-input\":{\"@type\":\"PropertyValueSpecification\",\"valueRequired\":true,\"valueName\":\"search_term_string\"}}],\"inLanguage\":\"de\"},{\"@type\":\"Organization\",\"@id\":\"https:\\\/\\\/www.iemj.org\\\/de\\\/#organization\",\"name\":\"Institut Europ\u00e9en des Musiques Juives\",\"url\":\"https:\\\/\\\/www.iemj.org\\\/de\\\/\",\"logo\":{\"@type\":\"ImageObject\",\"inLanguage\":\"de\",\"@id\":\"https:\\\/\\\/www.iemj.org\\\/de\\\/#\\\/schema\\\/logo\\\/image\\\/\",\"url\":\"https:\\\/\\\/www.iemj.org\\\/wp-content\\\/uploads\\\/2021\\\/09\\\/Logo-IEMJ-Paypal.jpg\",\"contentUrl\":\"https:\\\/\\\/www.iemj.org\\\/wp-content\\\/uploads\\\/2021\\\/09\\\/Logo-IEMJ-Paypal.jpg\",\"width\":150,\"height\":50,\"caption\":\"Institut Europ\u00e9en des Musiques Juives\"},\"image\":{\"@id\":\"https:\\\/\\\/www.iemj.org\\\/de\\\/#\\\/schema\\\/logo\\\/image\\\/\"},\"sameAs\":[\"https:\\\/\\\/www.facebook.com\\\/MusiquesJuives\\\/\",\"https:\\\/\\\/www.instagram.com\\\/musiquesjuives\\\/\",\"https:\\\/\\\/www.youtube.com\\\/user\\\/musiquesjuives\"]},{\"@type\":\"Person\",\"@id\":\"https:\\\/\\\/www.iemj.org\\\/de\\\/#\\\/schema\\\/person\\\/c9bc1c386a3749579a2d675e72a18666\",\"name\":\"Jean-Gabriel Davis\",\"image\":{\"@type\":\"ImageObject\",\"inLanguage\":\"de\",\"@id\":\"https:\\\/\\\/secure.gravatar.com\\\/avatar\\\/2b90d67bdf392c9b3a21fab87c0fa7edaf1fb3a058172a1ffd61033fcec7aec1?s=96&d=mm&r=g\",\"url\":\"https:\\\/\\\/secure.gravatar.com\\\/avatar\\\/2b90d67bdf392c9b3a21fab87c0fa7edaf1fb3a058172a1ffd61033fcec7aec1?s=96&d=mm&r=g\",\"contentUrl\":\"https:\\\/\\\/secure.gravatar.com\\\/avatar\\\/2b90d67bdf392c9b3a21fab87c0fa7edaf1fb3a058172a1ffd61033fcec7aec1?s=96&d=mm&r=g\",\"caption\":\"Jean-Gabriel Davis\"}}]}<\/script>\n<!-- \/ Yoast SEO plugin. -->","yoast_head_json":{"title":"F\u00caTE DE LA MUSIQUE\u2026 DIE ASCHKENASISCHE AUSGABE! - Institut Europ\u00e9en des Musiques Juives","robots":{"index":"index","follow":"follow","max-snippet":"max-snippet:-1","max-image-preview":"max-image-preview:large","max-video-preview":"max-video-preview:-1"},"canonical":"https:\/\/www.iemj.org\/de\/fete-de-la-musique-version-ashkenaze\/","og_locale":"de_DE","og_type":"article","og_title":"F\u00caTE DE LA MUSIQUE\u2026 DIE ASCHKENASISCHE AUSGABE! - Institut Europ\u00e9en des Musiques Juives","og_description":"Am 21. Juni feiern wir die Musik! Entdecken Sie unsere Auswahl an Klezmer-St\u00fccken und jiddischen Liedern, die sie zum Tanzen und zum Umherspringen bringen und die Sommers\u00fc\u00dfe willkommen hei\u00dfen werden!","og_url":"https:\/\/www.iemj.org\/de\/fete-de-la-musique-version-ashkenaze\/","og_site_name":"Institut Europ\u00e9en des Musiques Juives","article_publisher":"https:\/\/www.facebook.com\/MusiquesJuives\/","article_published_time":"2020-06-16T13:34:33+00:00","article_modified_time":"2025-08-19T15:14:42+00:00","og_image":[{"width":350,"height":421,"url":"https:\/\/www.iemj.org\/wp-content\/uploads\/2020\/06\/arton4774-e1618501913958.jpg","type":"image\/jpeg"}],"author":"Jean-Gabriel Davis","twitter_card":"summary_large_image","twitter_misc":{"Verfasst von":"Jean-Gabriel Davis","Gesch\u00e4tzte Lesezeit":"2\u00a0Minuten"},"schema":{"@context":"https:\/\/schema.org","@graph":[{"@type":"Article","@id":"https:\/\/www.iemj.org\/de\/fete-de-la-musique-version-ashkenaze\/#article","isPartOf":{"@id":"https:\/\/www.iemj.org\/de\/fete-de-la-musique-version-ashkenaze\/"},"author":{"name":"Jean-Gabriel Davis","@id":"https:\/\/www.iemj.org\/de\/#\/schema\/person\/c9bc1c386a3749579a2d675e72a18666"},"headline":"F\u00caTE DE LA MUSIQUE\u2026 DIE ASCHKENASISCHE AUSGABE!","datePublished":"2020-06-16T13:34:33+00:00","dateModified":"2025-08-19T15:14:42+00:00","mainEntityOfPage":{"@id":"https:\/\/www.iemj.org\/de\/fete-de-la-musique-version-ashkenaze\/"},"wordCount":197,"publisher":{"@id":"https:\/\/www.iemj.org\/de\/#organization"},"image":{"@id":"https:\/\/www.iemj.org\/de\/fete-de-la-musique-version-ashkenaze\/#primaryimage"},"thumbnailUrl":"https:\/\/www.iemj.org\/wp-content\/uploads\/2020\/06\/arton4774-e1618501913958.jpg","articleSection":["Playlists"],"inLanguage":"de"},{"@type":"WebPage","@id":"https:\/\/www.iemj.org\/de\/fete-de-la-musique-version-ashkenaze\/","url":"https:\/\/www.iemj.org\/de\/fete-de-la-musique-version-ashkenaze\/","name":"F\u00caTE DE LA MUSIQUE\u2026 DIE ASCHKENASISCHE AUSGABE! - Institut Europ\u00e9en des Musiques Juives","isPartOf":{"@id":"https:\/\/www.iemj.org\/de\/#website"},"primaryImageOfPage":{"@id":"https:\/\/www.iemj.org\/de\/fete-de-la-musique-version-ashkenaze\/#primaryimage"},"image":{"@id":"https:\/\/www.iemj.org\/de\/fete-de-la-musique-version-ashkenaze\/#primaryimage"},"thumbnailUrl":"https:\/\/www.iemj.org\/wp-content\/uploads\/2020\/06\/arton4774-e1618501913958.jpg","datePublished":"2020-06-16T13:34:33+00:00","dateModified":"2025-08-19T15:14:42+00:00","breadcrumb":{"@id":"https:\/\/www.iemj.org\/de\/fete-de-la-musique-version-ashkenaze\/#breadcrumb"},"inLanguage":"de","potentialAction":[{"@type":"ReadAction","target":["https:\/\/www.iemj.org\/de\/fete-de-la-musique-version-ashkenaze\/"]}]},{"@type":"ImageObject","inLanguage":"de","@id":"https:\/\/www.iemj.org\/de\/fete-de-la-musique-version-ashkenaze\/#primaryimage","url":"https:\/\/www.iemj.org\/wp-content\/uploads\/2020\/06\/arton4774-e1618501913958.jpg","contentUrl":"https:\/\/www.iemj.org\/wp-content\/uploads\/2020\/06\/arton4774-e1618501913958.jpg","width":350,"height":421},{"@type":"BreadcrumbList","@id":"https:\/\/www.iemj.org\/de\/fete-de-la-musique-version-ashkenaze\/#breadcrumb","itemListElement":[{"@type":"ListItem","position":1,"name":"Accueil","item":"https:\/\/www.iemj.org\/de\/"},{"@type":"ListItem","position":2,"name":"F\u00caTE DE LA MUSIQUE\u2026 DIE ASCHKENASISCHE AUSGABE!"}]},{"@type":"WebSite","@id":"https:\/\/www.iemj.org\/de\/#website","url":"https:\/\/www.iemj.org\/de\/","name":"Institut Europ\u00e9en des Musiques Juives","description":"Des traditions musicales \u00e0 la port\u00e9e de tous","publisher":{"@id":"https:\/\/www.iemj.org\/de\/#organization"},"potentialAction":[{"@type":"SearchAction","target":{"@type":"EntryPoint","urlTemplate":"https:\/\/www.iemj.org\/de\/?s={search_term_string}"},"query-input":{"@type":"PropertyValueSpecification","valueRequired":true,"valueName":"search_term_string"}}],"inLanguage":"de"},{"@type":"Organization","@id":"https:\/\/www.iemj.org\/de\/#organization","name":"Institut Europ\u00e9en des Musiques Juives","url":"https:\/\/www.iemj.org\/de\/","logo":{"@type":"ImageObject","inLanguage":"de","@id":"https:\/\/www.iemj.org\/de\/#\/schema\/logo\/image\/","url":"https:\/\/www.iemj.org\/wp-content\/uploads\/2021\/09\/Logo-IEMJ-Paypal.jpg","contentUrl":"https:\/\/www.iemj.org\/wp-content\/uploads\/2021\/09\/Logo-IEMJ-Paypal.jpg","width":150,"height":50,"caption":"Institut Europ\u00e9en des Musiques Juives"},"image":{"@id":"https:\/\/www.iemj.org\/de\/#\/schema\/logo\/image\/"},"sameAs":["https:\/\/www.facebook.com\/MusiquesJuives\/","https:\/\/www.instagram.com\/musiquesjuives\/","https:\/\/www.youtube.com\/user\/musiquesjuives"]},{"@type":"Person","@id":"https:\/\/www.iemj.org\/de\/#\/schema\/person\/c9bc1c386a3749579a2d675e72a18666","name":"Jean-Gabriel Davis","image":{"@type":"ImageObject","inLanguage":"de","@id":"https:\/\/secure.gravatar.com\/avatar\/2b90d67bdf392c9b3a21fab87c0fa7edaf1fb3a058172a1ffd61033fcec7aec1?s=96&d=mm&r=g","url":"https:\/\/secure.gravatar.com\/avatar\/2b90d67bdf392c9b3a21fab87c0fa7edaf1fb3a058172a1ffd61033fcec7aec1?s=96&d=mm&r=g","contentUrl":"https:\/\/secure.gravatar.com\/avatar\/2b90d67bdf392c9b3a21fab87c0fa7edaf1fb3a058172a1ffd61033fcec7aec1?s=96&d=mm&r=g","caption":"Jean-Gabriel Davis"}}]}},"_links":{"self":[{"href":"https:\/\/www.iemj.org\/de\/wp-json\/wp\/v2\/posts\/71908","targetHints":{"allow":["GET"]}}],"collection":[{"href":"https:\/\/www.iemj.org\/de\/wp-json\/wp\/v2\/posts"}],"about":[{"href":"https:\/\/www.iemj.org\/de\/wp-json\/wp\/v2\/types\/post"}],"author":[{"embeddable":true,"href":"https:\/\/www.iemj.org\/de\/wp-json\/wp\/v2\/users\/1048"}],"replies":[{"embeddable":true,"href":"https:\/\/www.iemj.org\/de\/wp-json\/wp\/v2\/comments?post=71908"}],"version-history":[{"count":0,"href":"https:\/\/www.iemj.org\/de\/wp-json\/wp\/v2\/posts\/71908\/revisions"}],"wp:featuredmedia":[{"embeddable":true,"href":"https:\/\/www.iemj.org\/de\/wp-json\/wp\/v2\/media\/71909"}],"wp:attachment":[{"href":"https:\/\/www.iemj.org\/de\/wp-json\/wp\/v2\/media?parent=71908"}],"wp:term":[{"taxonomy":"category","embeddable":true,"href":"https:\/\/www.iemj.org\/de\/wp-json\/wp\/v2\/categories?post=71908"},{"taxonomy":"post_tag","embeddable":true,"href":"https:\/\/www.iemj.org\/de\/wp-json\/wp\/v2\/tags?post=71908"},{"taxonomy":"technique","embeddable":true,"href":"https:\/\/www.iemj.org\/de\/wp-json\/wp\/v2\/technique?post=71908"},{"taxonomy":"squelettes","embeddable":true,"href":"https:\/\/www.iemj.org\/de\/wp-json\/wp\/v2\/squelettes?post=71908"},{"taxonomy":"sujet","embeddable":true,"href":"https:\/\/www.iemj.org\/de\/wp-json\/wp\/v2\/sujet?post=71908"},{"taxonomy":"formation","embeddable":true,"href":"https:\/\/www.iemj.org\/de\/wp-json\/wp\/v2\/formation?post=71908"},{"taxonomy":"genre","embeddable":true,"href":"https:\/\/www.iemj.org\/de\/wp-json\/wp\/v2\/genre?post=71908"},{"taxonomy":"fonds","embeddable":true,"href":"https:\/\/www.iemj.org\/de\/wp-json\/wp\/v2\/fonds?post=71908"},{"taxonomy":"tradition","embeddable":true,"href":"https:\/\/www.iemj.org\/de\/wp-json\/wp\/v2\/tradition?post=71908"},{"taxonomy":"type-de-contenu","embeddable":true,"href":"https:\/\/www.iemj.org\/de\/wp-json\/wp\/v2\/type-de-contenu?post=71908"},{"taxonomy":"interprete-compositeur","embeddable":true,"href":"https:\/\/www.iemj.org\/de\/wp-json\/wp\/v2\/interprete-compositeur?post=71908"},{"taxonomy":"frise","embeddable":true,"href":"https:\/\/www.iemj.org\/de\/wp-json\/wp\/v2\/frise?post=71908"},{"taxonomy":"type-devenement","embeddable":true,"href":"https:\/\/www.iemj.org\/de\/wp-json\/wp\/v2\/type-devenement?post=71908"},{"taxonomy":"tableaux-liens-externes","embeddable":true,"href":"https:\/\/www.iemj.org\/de\/wp-json\/wp\/v2\/tableaux-liens-externes?post=71908"}],"curies":[{"name":"wp","href":"https:\/\/api.w.org\/{rel}","templated":true}]}}