{"id":72123,"date":"2018-01-09T11:30:48","date_gmt":"2018-01-09T10:30:48","guid":{"rendered":"https:\/\/www.iemj.org\/chants-des-juifs-de-tunisie\/"},"modified":"2025-06-19T18:00:39","modified_gmt":"2025-06-19T16:00:39","slug":"chants-des-juifs-de-tunisie","status":"publish","type":"post","link":"https:\/\/www.iemj.org\/de\/chants-des-juifs-de-tunisie\/","title":{"rendered":"GESANG DER JUDEN TUNESIENS"},"content":{"rendered":"<p><strong>Eine musikalische Auswahl der bekanntesten j\u00fcdischen S\u00e4nger Tunesiens<\/strong><\/p>\n<p><!--more--><\/p>\n<p>\u00dcber die sukzessiv aufeinander folgenden Wellen der Diaspora hinweg, verwurzelte sich die j\u00fcdische Kultur allm\u00e4hlich in den Gebieten des heutigen Tunesiens. So untermalen die arabischen Lieder und Musik fr\u00f6hlich die Feiern der Brit Milah (Beschneidung), Hochzeiten und Bar Mitzvahs.<\/p>\n<p>Um sich besser an das Land anzupassen, nahmen die bekanntesten S\u00e4nger arabisch klingende Pseudonyme an, so wurde Isser\u00e8ne Israel Rozio zu Che\u00efkh El Afrite, Elie Touitou zu El Kahlaoui Tounsi (Kahlaoui der Tunesier). Da Singen f\u00fcr muslimische Frauen verboten war, handelte es sich bei den bekanntesten S\u00e4ngerinnen oft um J\u00fcdinnen, wie Louisa Tounisia (Louisa die Tunesierin), Fritna Darmon, Leyla Sfez oder die ber\u00fchmte Hbiba Msika, welche als Margueritte Mskika geboren wurde und ein tragisches Schicksal erfahren musste.<\/p>\n<p><a href=\"https:\/\/www.iemj.org\/chanteurs-juifs-de-tunisie-2\/\" target=\"_blank\" rel=\"noopener\">H\u00f6ren Sie sich die von Herv\u00e9 Roten pr\u00e4sentiere Radiosendung an: Chanteurs juifs de Tunisie<\/a><\/p>\n<p><img fetchpriority=\"high\" decoding=\"async\" class=\" aligncenter  wp-image-17682\" src=\"https:\/\/www.iemj.org\/wp-content\/uploads\/2018\/01\/doc_1_tunisie_500px.jpg\" alt=\"doc_1_tunisie_500px.jpg\" width=\"565\" height=\"295\" align=\"middle\" srcset=\"https:\/\/www.iemj.org\/wp-content\/uploads\/2018\/01\/doc_1_tunisie_500px.jpg 500w, https:\/\/www.iemj.org\/wp-content\/uploads\/2018\/01\/doc_1_tunisie_500px-300x157.jpg 300w\" sizes=\"(max-width: 565px) 100vw, 565px\" \/><\/p>\n\n<div class=\"wp-block-image\">\n<figure class=\"aligncenter size-large\"><img decoding=\"async\" width=\"1024\" height=\"133\" src=\"https:\/\/www.iemj.org\/wp-content\/uploads\/2024\/03\/AUDIO-PLAYER-1024x133.png\" alt=\"\" class=\"wp-image-110606\" srcset=\"https:\/\/www.iemj.org\/wp-content\/uploads\/2024\/03\/AUDIO-PLAYER-1024x133.png 1024w, https:\/\/www.iemj.org\/wp-content\/uploads\/2024\/03\/AUDIO-PLAYER-300x39.png 300w, https:\/\/www.iemj.org\/wp-content\/uploads\/2024\/03\/AUDIO-PLAYER-768x100.png 768w, https:\/\/www.iemj.org\/wp-content\/uploads\/2024\/03\/AUDIO-PLAYER-600x78.png 600w, https:\/\/www.iemj.org\/wp-content\/uploads\/2024\/03\/AUDIO-PLAYER.png 1210w\" sizes=\"(max-width: 1024px) 100vw, 1024px\" \/><\/figure>\n<\/div>\n\n\n<h2 class=\"wp-block-heading\"><\/h2>\n\n\n\n<div class=\"wp-block-file\"><a href=\"https:\/\/www.iemj.org\/wp-content\/uploads\/2018\/01\/ya_ourda_extrait_-_louisa_tounsia.mp3\">Ya Ourda (EXTRAIT) &#8211; Louisa Tounsia<\/a><\/div>\n\n\n\n<div class=\"wp-block-file\"><a href=\"https:\/\/www.iemj.org\/wp-content\/uploads\/2018\/01\/ya_haylowet_el_halwine_-_tounsi_el_kahlaoui.mp3\">Ya haylowet el Halwine &#8211; Tounsi El Kahlaoui<\/a><\/div>\n\n\n\n<div class=\"wp-block-file\"><a href=\"https:\/\/www.iemj.org\/wp-content\/uploads\/2018\/01\/tensani_extrait_-_tounsi_el_kahlaoui.mp3\">Tensani (EXTRAIT) &#8211; Tounsi el Kahlaoui<\/a><\/div>\n\n\n\n<div class=\"wp-block-file\"><a href=\"https:\/\/www.iemj.org\/wp-content\/uploads\/2018\/01\/taalil_l_aaroussa_-_tounsi_el_kahlaoui.mp3\">Taalil l\u2019a\u00e2roussa &#8211; Tounsi el Kahlaoui<\/a><\/div>\n\n\n\n<div class=\"wp-block-file\"><a href=\"https:\/\/www.iemj.org\/wp-content\/uploads\/2018\/01\/ta_ala_indi_extrait_-_louisa_al-tunisiyya.mp3\">Ta Al\u00e4 Indi (EXTRAIT) &#8211; Louisa al-T\u00fbnisiyya<\/a><\/div>\n\n\n\n<div class=\"wp-block-file\"><a href=\"https:\/\/www.iemj.org\/wp-content\/uploads\/2018\/01\/soug_egmel_ya_khale_-_raoul_journo.mp3\">Soug Egmel ya khale &#8211; Raoul Journo<\/a><\/div>\n\n\n\n<div class=\"wp-block-file\"><a href=\"https:\/\/www.iemj.org\/wp-content\/uploads\/2018\/01\/salma_extrait_-_raoul_journo.mp3\">Salma (EXTRAIT) &#8211; Raoul Journo<\/a><\/div>\n\n\n\n<div class=\"wp-block-file\"><a href=\"https:\/\/www.iemj.org\/wp-content\/uploads\/2018\/01\/ps._92._9-16_tunis_-_insel_djerba_die_musik_der_bibel_.mp3\">Ps. 92. 9-16 Tunis &#8211; Insel Djerba (Die Musik der Bibel)<\/a><\/div>\n\n\n\n<div class=\"wp-block-file\"><a href=\"https:\/\/www.iemj.org\/wp-content\/uploads\/2018\/01\/orkos_ya_rakassa_-_raoul_journo.mp3\">Orkos ya rakassa &#8211; Raoul Journo<\/a><\/div>\n\n\n\n<div class=\"wp-block-file\"><a href=\"https:\/\/www.iemj.org\/wp-content\/uploads\/2018\/01\/mahla_aaroussetna_extrait_-_jose_de_suza.mp3\">Mahla Aaroussetna (EXTRAIT) &#8211; Jos\u00e9 de Suza<\/a><\/div>\n\n\n\n<div class=\"wp-block-file\"><a href=\"https:\/\/www.iemj.org\/wp-content\/uploads\/2018\/01\/lay_guellel_sidi_khoula_-_cheikh_el_afrite.mp3\">Lay Guellel Sidi Khoula &#8211; Cheikh el Afrite<\/a><\/div>\n\n\n\n<div class=\"wp-block-file\"><a href=\"https:\/\/www.iemj.org\/wp-content\/uploads\/2018\/01\/biyout_le_mila_-_nathan_cohen.mp3\">Biyout le Mila &#8211; Nathan Cohen<\/a><\/div>\n","protected":false},"excerpt":{"rendered":"<p>Eine musikalische Auswahl der bekanntesten j\u00fcdischen S\u00e4nger Tunesiens<\/p>\n","protected":false},"author":1052,"featured_media":72124,"comment_status":"closed","ping_status":"open","sticky":false,"template":"","format":"standard","meta":{"_acf_changed":false,"footnotes":""},"categories":[1534],"tags":[],"technique":[],"squelettes":[],"sujet":[],"formation":[],"genre":[],"fonds":[],"tradition":[],"type-de-contenu":[],"interprete-compositeur":[],"frise":[],"type-devenement":[],"tableaux-liens-externes":[],"class_list":["post-72123","post","type-post","status-publish","format-standard","has-post-thumbnail","hentry","category-playlists-de"],"acf":[],"yoast_head":"<!-- This site is optimized with the Yoast SEO plugin v27.3 - https:\/\/yoast.com\/product\/yoast-seo-wordpress\/ -->\n<title>GESANG DER JUDEN TUNESIENS - Institut Europ\u00e9en des Musiques Juives<\/title>\n<meta name=\"robots\" content=\"index, follow, max-snippet:-1, max-image-preview:large, max-video-preview:-1\" \/>\n<link rel=\"canonical\" href=\"https:\/\/www.iemj.org\/de\/chants-des-juifs-de-tunisie\/\" \/>\n<meta property=\"og:locale\" content=\"de_DE\" \/>\n<meta property=\"og:type\" content=\"article\" \/>\n<meta property=\"og:title\" content=\"GESANG DER JUDEN TUNESIENS - Institut Europ\u00e9en des Musiques Juives\" \/>\n<meta property=\"og:description\" content=\"Eine musikalische Auswahl der bekanntesten j\u00fcdischen S\u00e4nger Tunesiens\" \/>\n<meta property=\"og:url\" content=\"https:\/\/www.iemj.org\/de\/chants-des-juifs-de-tunisie\/\" \/>\n<meta property=\"og:site_name\" content=\"Institut Europ\u00e9en des Musiques Juives\" \/>\n<meta property=\"article:publisher\" content=\"https:\/\/www.facebook.com\/MusiquesJuives\/\" \/>\n<meta property=\"article:published_time\" content=\"2018-01-09T10:30:48+00:00\" \/>\n<meta property=\"article:modified_time\" content=\"2025-06-19T16:00:39+00:00\" \/>\n<meta property=\"og:image\" content=\"https:\/\/www.iemj.org\/wp-content\/uploads\/2018\/01\/arton3034.jpg\" \/>\n\t<meta property=\"og:image:width\" content=\"500\" \/>\n\t<meta property=\"og:image:height\" content=\"470\" \/>\n\t<meta property=\"og:image:type\" content=\"image\/jpeg\" \/>\n<meta name=\"author\" content=\"Lea Couderc\" \/>\n<meta name=\"twitter:card\" content=\"summary_large_image\" \/>\n<meta name=\"twitter:label1\" content=\"Verfasst von\" \/>\n\t<meta name=\"twitter:data1\" content=\"Lea Couderc\" \/>\n\t<meta name=\"twitter:label2\" content=\"Gesch\u00e4tzte Lesezeit\" \/>\n\t<meta name=\"twitter:data2\" content=\"2\u00a0Minuten\" \/>\n<script type=\"application\/ld+json\" class=\"yoast-schema-graph\">{\"@context\":\"https:\\\/\\\/schema.org\",\"@graph\":[{\"@type\":\"Article\",\"@id\":\"https:\\\/\\\/www.iemj.org\\\/de\\\/chants-des-juifs-de-tunisie\\\/#article\",\"isPartOf\":{\"@id\":\"https:\\\/\\\/www.iemj.org\\\/de\\\/chants-des-juifs-de-tunisie\\\/\"},\"author\":{\"name\":\"Lea Couderc\",\"@id\":\"https:\\\/\\\/www.iemj.org\\\/de\\\/#\\\/schema\\\/person\\\/e2ad57f2c4be119c7ed8ab79036807a9\"},\"headline\":\"GESANG DER JUDEN TUNESIENS\",\"datePublished\":\"2018-01-09T10:30:48+00:00\",\"dateModified\":\"2025-06-19T16:00:39+00:00\",\"mainEntityOfPage\":{\"@id\":\"https:\\\/\\\/www.iemj.org\\\/de\\\/chants-des-juifs-de-tunisie\\\/\"},\"wordCount\":241,\"publisher\":{\"@id\":\"https:\\\/\\\/www.iemj.org\\\/de\\\/#organization\"},\"image\":{\"@id\":\"https:\\\/\\\/www.iemj.org\\\/de\\\/chants-des-juifs-de-tunisie\\\/#primaryimage\"},\"thumbnailUrl\":\"https:\\\/\\\/www.iemj.org\\\/wp-content\\\/uploads\\\/2018\\\/01\\\/arton3034.jpg\",\"articleSection\":[\"Playlists\"],\"inLanguage\":\"de\"},{\"@type\":\"WebPage\",\"@id\":\"https:\\\/\\\/www.iemj.org\\\/de\\\/chants-des-juifs-de-tunisie\\\/\",\"url\":\"https:\\\/\\\/www.iemj.org\\\/de\\\/chants-des-juifs-de-tunisie\\\/\",\"name\":\"GESANG DER JUDEN TUNESIENS - Institut Europ\u00e9en des Musiques Juives\",\"isPartOf\":{\"@id\":\"https:\\\/\\\/www.iemj.org\\\/de\\\/#website\"},\"primaryImageOfPage\":{\"@id\":\"https:\\\/\\\/www.iemj.org\\\/de\\\/chants-des-juifs-de-tunisie\\\/#primaryimage\"},\"image\":{\"@id\":\"https:\\\/\\\/www.iemj.org\\\/de\\\/chants-des-juifs-de-tunisie\\\/#primaryimage\"},\"thumbnailUrl\":\"https:\\\/\\\/www.iemj.org\\\/wp-content\\\/uploads\\\/2018\\\/01\\\/arton3034.jpg\",\"datePublished\":\"2018-01-09T10:30:48+00:00\",\"dateModified\":\"2025-06-19T16:00:39+00:00\",\"breadcrumb\":{\"@id\":\"https:\\\/\\\/www.iemj.org\\\/de\\\/chants-des-juifs-de-tunisie\\\/#breadcrumb\"},\"inLanguage\":\"de\",\"potentialAction\":[{\"@type\":\"ReadAction\",\"target\":[\"https:\\\/\\\/www.iemj.org\\\/de\\\/chants-des-juifs-de-tunisie\\\/\"]}]},{\"@type\":\"ImageObject\",\"inLanguage\":\"de\",\"@id\":\"https:\\\/\\\/www.iemj.org\\\/de\\\/chants-des-juifs-de-tunisie\\\/#primaryimage\",\"url\":\"https:\\\/\\\/www.iemj.org\\\/wp-content\\\/uploads\\\/2018\\\/01\\\/arton3034.jpg\",\"contentUrl\":\"https:\\\/\\\/www.iemj.org\\\/wp-content\\\/uploads\\\/2018\\\/01\\\/arton3034.jpg\",\"width\":500,\"height\":470},{\"@type\":\"BreadcrumbList\",\"@id\":\"https:\\\/\\\/www.iemj.org\\\/de\\\/chants-des-juifs-de-tunisie\\\/#breadcrumb\",\"itemListElement\":[{\"@type\":\"ListItem\",\"position\":1,\"name\":\"Accueil\",\"item\":\"https:\\\/\\\/www.iemj.org\\\/de\\\/\"},{\"@type\":\"ListItem\",\"position\":2,\"name\":\"GESANG DER JUDEN TUNESIENS\"}]},{\"@type\":\"WebSite\",\"@id\":\"https:\\\/\\\/www.iemj.org\\\/de\\\/#website\",\"url\":\"https:\\\/\\\/www.iemj.org\\\/de\\\/\",\"name\":\"Institut Europ\u00e9en des Musiques Juives\",\"description\":\"Des traditions musicales \u00e0 la port\u00e9e de tous\",\"publisher\":{\"@id\":\"https:\\\/\\\/www.iemj.org\\\/de\\\/#organization\"},\"potentialAction\":[{\"@type\":\"SearchAction\",\"target\":{\"@type\":\"EntryPoint\",\"urlTemplate\":\"https:\\\/\\\/www.iemj.org\\\/de\\\/?s={search_term_string}\"},\"query-input\":{\"@type\":\"PropertyValueSpecification\",\"valueRequired\":true,\"valueName\":\"search_term_string\"}}],\"inLanguage\":\"de\"},{\"@type\":\"Organization\",\"@id\":\"https:\\\/\\\/www.iemj.org\\\/de\\\/#organization\",\"name\":\"Institut Europ\u00e9en des Musiques Juives\",\"url\":\"https:\\\/\\\/www.iemj.org\\\/de\\\/\",\"logo\":{\"@type\":\"ImageObject\",\"inLanguage\":\"de\",\"@id\":\"https:\\\/\\\/www.iemj.org\\\/de\\\/#\\\/schema\\\/logo\\\/image\\\/\",\"url\":\"https:\\\/\\\/www.iemj.org\\\/wp-content\\\/uploads\\\/2021\\\/09\\\/Logo-IEMJ-Paypal.jpg\",\"contentUrl\":\"https:\\\/\\\/www.iemj.org\\\/wp-content\\\/uploads\\\/2021\\\/09\\\/Logo-IEMJ-Paypal.jpg\",\"width\":150,\"height\":50,\"caption\":\"Institut Europ\u00e9en des Musiques Juives\"},\"image\":{\"@id\":\"https:\\\/\\\/www.iemj.org\\\/de\\\/#\\\/schema\\\/logo\\\/image\\\/\"},\"sameAs\":[\"https:\\\/\\\/www.facebook.com\\\/MusiquesJuives\\\/\",\"https:\\\/\\\/www.instagram.com\\\/musiquesjuives\\\/\",\"https:\\\/\\\/www.youtube.com\\\/user\\\/musiquesjuives\"]},{\"@type\":\"Person\",\"@id\":\"https:\\\/\\\/www.iemj.org\\\/de\\\/#\\\/schema\\\/person\\\/e2ad57f2c4be119c7ed8ab79036807a9\",\"name\":\"Lea Couderc\",\"image\":{\"@type\":\"ImageObject\",\"inLanguage\":\"de\",\"@id\":\"https:\\\/\\\/secure.gravatar.com\\\/avatar\\\/46ee021475d60aeff17a7e490b79dea5a5684bb392ab7fd1494027411df8ba23?s=96&d=mm&r=g\",\"url\":\"https:\\\/\\\/secure.gravatar.com\\\/avatar\\\/46ee021475d60aeff17a7e490b79dea5a5684bb392ab7fd1494027411df8ba23?s=96&d=mm&r=g\",\"contentUrl\":\"https:\\\/\\\/secure.gravatar.com\\\/avatar\\\/46ee021475d60aeff17a7e490b79dea5a5684bb392ab7fd1494027411df8ba23?s=96&d=mm&r=g\",\"caption\":\"Lea Couderc\"}}]}<\/script>\n<!-- \/ Yoast SEO plugin. -->","yoast_head_json":{"title":"GESANG DER JUDEN TUNESIENS - Institut Europ\u00e9en des Musiques Juives","robots":{"index":"index","follow":"follow","max-snippet":"max-snippet:-1","max-image-preview":"max-image-preview:large","max-video-preview":"max-video-preview:-1"},"canonical":"https:\/\/www.iemj.org\/de\/chants-des-juifs-de-tunisie\/","og_locale":"de_DE","og_type":"article","og_title":"GESANG DER JUDEN TUNESIENS - Institut Europ\u00e9en des Musiques Juives","og_description":"Eine musikalische Auswahl der bekanntesten j\u00fcdischen S\u00e4nger Tunesiens","og_url":"https:\/\/www.iemj.org\/de\/chants-des-juifs-de-tunisie\/","og_site_name":"Institut Europ\u00e9en des Musiques Juives","article_publisher":"https:\/\/www.facebook.com\/MusiquesJuives\/","article_published_time":"2018-01-09T10:30:48+00:00","article_modified_time":"2025-06-19T16:00:39+00:00","og_image":[{"width":500,"height":470,"url":"https:\/\/www.iemj.org\/wp-content\/uploads\/2018\/01\/arton3034.jpg","type":"image\/jpeg"}],"author":"Lea Couderc","twitter_card":"summary_large_image","twitter_misc":{"Verfasst von":"Lea Couderc","Gesch\u00e4tzte Lesezeit":"2\u00a0Minuten"},"schema":{"@context":"https:\/\/schema.org","@graph":[{"@type":"Article","@id":"https:\/\/www.iemj.org\/de\/chants-des-juifs-de-tunisie\/#article","isPartOf":{"@id":"https:\/\/www.iemj.org\/de\/chants-des-juifs-de-tunisie\/"},"author":{"name":"Lea Couderc","@id":"https:\/\/www.iemj.org\/de\/#\/schema\/person\/e2ad57f2c4be119c7ed8ab79036807a9"},"headline":"GESANG DER JUDEN TUNESIENS","datePublished":"2018-01-09T10:30:48+00:00","dateModified":"2025-06-19T16:00:39+00:00","mainEntityOfPage":{"@id":"https:\/\/www.iemj.org\/de\/chants-des-juifs-de-tunisie\/"},"wordCount":241,"publisher":{"@id":"https:\/\/www.iemj.org\/de\/#organization"},"image":{"@id":"https:\/\/www.iemj.org\/de\/chants-des-juifs-de-tunisie\/#primaryimage"},"thumbnailUrl":"https:\/\/www.iemj.org\/wp-content\/uploads\/2018\/01\/arton3034.jpg","articleSection":["Playlists"],"inLanguage":"de"},{"@type":"WebPage","@id":"https:\/\/www.iemj.org\/de\/chants-des-juifs-de-tunisie\/","url":"https:\/\/www.iemj.org\/de\/chants-des-juifs-de-tunisie\/","name":"GESANG DER JUDEN TUNESIENS - Institut Europ\u00e9en des Musiques Juives","isPartOf":{"@id":"https:\/\/www.iemj.org\/de\/#website"},"primaryImageOfPage":{"@id":"https:\/\/www.iemj.org\/de\/chants-des-juifs-de-tunisie\/#primaryimage"},"image":{"@id":"https:\/\/www.iemj.org\/de\/chants-des-juifs-de-tunisie\/#primaryimage"},"thumbnailUrl":"https:\/\/www.iemj.org\/wp-content\/uploads\/2018\/01\/arton3034.jpg","datePublished":"2018-01-09T10:30:48+00:00","dateModified":"2025-06-19T16:00:39+00:00","breadcrumb":{"@id":"https:\/\/www.iemj.org\/de\/chants-des-juifs-de-tunisie\/#breadcrumb"},"inLanguage":"de","potentialAction":[{"@type":"ReadAction","target":["https:\/\/www.iemj.org\/de\/chants-des-juifs-de-tunisie\/"]}]},{"@type":"ImageObject","inLanguage":"de","@id":"https:\/\/www.iemj.org\/de\/chants-des-juifs-de-tunisie\/#primaryimage","url":"https:\/\/www.iemj.org\/wp-content\/uploads\/2018\/01\/arton3034.jpg","contentUrl":"https:\/\/www.iemj.org\/wp-content\/uploads\/2018\/01\/arton3034.jpg","width":500,"height":470},{"@type":"BreadcrumbList","@id":"https:\/\/www.iemj.org\/de\/chants-des-juifs-de-tunisie\/#breadcrumb","itemListElement":[{"@type":"ListItem","position":1,"name":"Accueil","item":"https:\/\/www.iemj.org\/de\/"},{"@type":"ListItem","position":2,"name":"GESANG DER JUDEN TUNESIENS"}]},{"@type":"WebSite","@id":"https:\/\/www.iemj.org\/de\/#website","url":"https:\/\/www.iemj.org\/de\/","name":"Institut Europ\u00e9en des Musiques Juives","description":"Des traditions musicales \u00e0 la port\u00e9e de tous","publisher":{"@id":"https:\/\/www.iemj.org\/de\/#organization"},"potentialAction":[{"@type":"SearchAction","target":{"@type":"EntryPoint","urlTemplate":"https:\/\/www.iemj.org\/de\/?s={search_term_string}"},"query-input":{"@type":"PropertyValueSpecification","valueRequired":true,"valueName":"search_term_string"}}],"inLanguage":"de"},{"@type":"Organization","@id":"https:\/\/www.iemj.org\/de\/#organization","name":"Institut Europ\u00e9en des Musiques Juives","url":"https:\/\/www.iemj.org\/de\/","logo":{"@type":"ImageObject","inLanguage":"de","@id":"https:\/\/www.iemj.org\/de\/#\/schema\/logo\/image\/","url":"https:\/\/www.iemj.org\/wp-content\/uploads\/2021\/09\/Logo-IEMJ-Paypal.jpg","contentUrl":"https:\/\/www.iemj.org\/wp-content\/uploads\/2021\/09\/Logo-IEMJ-Paypal.jpg","width":150,"height":50,"caption":"Institut Europ\u00e9en des Musiques Juives"},"image":{"@id":"https:\/\/www.iemj.org\/de\/#\/schema\/logo\/image\/"},"sameAs":["https:\/\/www.facebook.com\/MusiquesJuives\/","https:\/\/www.instagram.com\/musiquesjuives\/","https:\/\/www.youtube.com\/user\/musiquesjuives"]},{"@type":"Person","@id":"https:\/\/www.iemj.org\/de\/#\/schema\/person\/e2ad57f2c4be119c7ed8ab79036807a9","name":"Lea Couderc","image":{"@type":"ImageObject","inLanguage":"de","@id":"https:\/\/secure.gravatar.com\/avatar\/46ee021475d60aeff17a7e490b79dea5a5684bb392ab7fd1494027411df8ba23?s=96&d=mm&r=g","url":"https:\/\/secure.gravatar.com\/avatar\/46ee021475d60aeff17a7e490b79dea5a5684bb392ab7fd1494027411df8ba23?s=96&d=mm&r=g","contentUrl":"https:\/\/secure.gravatar.com\/avatar\/46ee021475d60aeff17a7e490b79dea5a5684bb392ab7fd1494027411df8ba23?s=96&d=mm&r=g","caption":"Lea Couderc"}}]}},"_links":{"self":[{"href":"https:\/\/www.iemj.org\/de\/wp-json\/wp\/v2\/posts\/72123","targetHints":{"allow":["GET"]}}],"collection":[{"href":"https:\/\/www.iemj.org\/de\/wp-json\/wp\/v2\/posts"}],"about":[{"href":"https:\/\/www.iemj.org\/de\/wp-json\/wp\/v2\/types\/post"}],"author":[{"embeddable":true,"href":"https:\/\/www.iemj.org\/de\/wp-json\/wp\/v2\/users\/1052"}],"replies":[{"embeddable":true,"href":"https:\/\/www.iemj.org\/de\/wp-json\/wp\/v2\/comments?post=72123"}],"version-history":[{"count":0,"href":"https:\/\/www.iemj.org\/de\/wp-json\/wp\/v2\/posts\/72123\/revisions"}],"wp:featuredmedia":[{"embeddable":true,"href":"https:\/\/www.iemj.org\/de\/wp-json\/wp\/v2\/media\/72124"}],"wp:attachment":[{"href":"https:\/\/www.iemj.org\/de\/wp-json\/wp\/v2\/media?parent=72123"}],"wp:term":[{"taxonomy":"category","embeddable":true,"href":"https:\/\/www.iemj.org\/de\/wp-json\/wp\/v2\/categories?post=72123"},{"taxonomy":"post_tag","embeddable":true,"href":"https:\/\/www.iemj.org\/de\/wp-json\/wp\/v2\/tags?post=72123"},{"taxonomy":"technique","embeddable":true,"href":"https:\/\/www.iemj.org\/de\/wp-json\/wp\/v2\/technique?post=72123"},{"taxonomy":"squelettes","embeddable":true,"href":"https:\/\/www.iemj.org\/de\/wp-json\/wp\/v2\/squelettes?post=72123"},{"taxonomy":"sujet","embeddable":true,"href":"https:\/\/www.iemj.org\/de\/wp-json\/wp\/v2\/sujet?post=72123"},{"taxonomy":"formation","embeddable":true,"href":"https:\/\/www.iemj.org\/de\/wp-json\/wp\/v2\/formation?post=72123"},{"taxonomy":"genre","embeddable":true,"href":"https:\/\/www.iemj.org\/de\/wp-json\/wp\/v2\/genre?post=72123"},{"taxonomy":"fonds","embeddable":true,"href":"https:\/\/www.iemj.org\/de\/wp-json\/wp\/v2\/fonds?post=72123"},{"taxonomy":"tradition","embeddable":true,"href":"https:\/\/www.iemj.org\/de\/wp-json\/wp\/v2\/tradition?post=72123"},{"taxonomy":"type-de-contenu","embeddable":true,"href":"https:\/\/www.iemj.org\/de\/wp-json\/wp\/v2\/type-de-contenu?post=72123"},{"taxonomy":"interprete-compositeur","embeddable":true,"href":"https:\/\/www.iemj.org\/de\/wp-json\/wp\/v2\/interprete-compositeur?post=72123"},{"taxonomy":"frise","embeddable":true,"href":"https:\/\/www.iemj.org\/de\/wp-json\/wp\/v2\/frise?post=72123"},{"taxonomy":"type-devenement","embeddable":true,"href":"https:\/\/www.iemj.org\/de\/wp-json\/wp\/v2\/type-devenement?post=72123"},{"taxonomy":"tableaux-liens-externes","embeddable":true,"href":"https:\/\/www.iemj.org\/de\/wp-json\/wp\/v2\/tableaux-liens-externes?post=72123"}],"curies":[{"name":"wp","href":"https:\/\/api.w.org\/{rel}","templated":true}]}}