{"id":72163,"date":"2018-10-23T14:53:24","date_gmt":"2018-10-23T12:53:24","guid":{"rendered":"https:\/\/www.iemj.org\/chants-des-juifs-dalgerie-2\/"},"modified":"2024-04-04T14:18:08","modified_gmt":"2024-04-04T12:18:08","slug":"chants-des-juifs-dalgerie-2","status":"publish","type":"post","link":"https:\/\/www.iemj.org\/de\/chants-des-juifs-dalgerie-2\/","title":{"rendered":"GESANG DER JUDEN ALGERIENS 2"},"content":{"rendered":"<p><strong>Seit dem Altertum auf dem Gebiet des heutigen Algeriens vertreten, haben die j\u00fcdischen Musiker eine unbestreitbare Rolle bei der Sch\u00f6pfung und Weitergabe des algerischen Musikerbes gespielt. Diese neue Playlist gibt einen kurzen \u00dcberblick dar\u00fcber, erhebt dabei aber keinesfalls Anspruch auf Vollst\u00e4ndigkeit<\/strong><\/p>\n<p><!--more--><\/p>\n<p><img fetchpriority=\"high\" decoding=\"async\" class=\" wp-image-21362 alignright\" src=\"https:\/\/www.iemj.org\/wp-content\/uploads\/2018\/10\/doc_2_algerie_2_500px-292x300.jpg\" alt=\"doc_2_algerie_2_500px.jpg\" width=\"226\" height=\"232\" srcset=\"https:\/\/www.iemj.org\/wp-content\/uploads\/2018\/10\/doc_2_algerie_2_500px-292x300.jpg 292w, https:\/\/www.iemj.org\/wp-content\/uploads\/2018\/10\/doc_2_algerie_2_500px.jpg 319w\" sizes=\"(max-width: 226px) 100vw, 226px\" \/>Stark beeinflusst von der Wanderschaft, welche das j\u00fcdische Volk nachhaltig gepr\u00e4gt hat, entstand die Musik der Juden Algeriens aus der N\u00e4he und dem Austausch mit der muslimischen Gemeinschaft, sowie mit muslimischen K\u00fcnstlern. Eben dieser Austausch brachte bekannte j\u00fcdische Liedermacher und Interpreter hervor, wie Cheikh Raymond, Reinette l\u2019Oranaise, Lili Labassi, Line Monty, Blond Blond, Lili Boniche, Luc Cherki, Salim Halali, Jos\u00e9 de Suza, Maurice El M\u00e9dioni, Ren\u00e9 Perez und viele andere.<\/p>\n<p><a href=\"https:\/\/www.iemj.org\/de\/musiques-des-juifs-dalgerie\/\" target=\"_blank\" rel=\"noopener\">H\u00f6ren Sie sich die von Herv\u00e9 Roten pr\u00e4sentierte Radiosendung an: Musiques des juifs d\u2018Alg\u00e9rie<\/a><\/p>\n<p><a href=\"https:\/\/www.iemj.org\/de\/chants-des-juifs-dalgerie-1\/\" target=\"_blank\" rel=\"noopener\">Playlist anh\u00f6ren Gesang der Juden in Algerien 1<\/a><\/p>\n<p>\u00a0<\/p>\n\n\n<figure class=\"wp-block-gallery has-nested-images columns-default is-cropped wp-block-gallery-1 is-layout-flex wp-block-gallery-is-layout-flex\">\n<figure class=\"wp-block-image size-large\"><img decoding=\"async\" width=\"552\" height=\"348\" data-id=\"21360\" src=\"https:\/\/www.iemj.org\/wp-content\/uploads\/2018\/10\/syna_telmcen.jpg\" alt=\"syna_telmcen.jpg\" class=\"wp-image-21360\" srcset=\"https:\/\/www.iemj.org\/wp-content\/uploads\/2018\/10\/syna_telmcen.jpg 552w, https:\/\/www.iemj.org\/wp-content\/uploads\/2018\/10\/syna_telmcen-300x189.jpg 300w\" sizes=\"(max-width: 552px) 100vw, 552px\" \/><\/figure>\n<\/figure>\n\n\n<div class=\"wp-block-image\">\n<figure class=\"aligncenter size-large\"><img decoding=\"async\" width=\"1024\" height=\"133\" src=\"https:\/\/www.iemj.org\/wp-content\/uploads\/2024\/03\/AUDIO-PLAYER-1024x133.png\" alt=\"\" class=\"wp-image-110606\" srcset=\"https:\/\/www.iemj.org\/wp-content\/uploads\/2024\/03\/AUDIO-PLAYER-1024x133.png 1024w, https:\/\/www.iemj.org\/wp-content\/uploads\/2024\/03\/AUDIO-PLAYER-300x39.png 300w, https:\/\/www.iemj.org\/wp-content\/uploads\/2024\/03\/AUDIO-PLAYER-768x100.png 768w, https:\/\/www.iemj.org\/wp-content\/uploads\/2024\/03\/AUDIO-PLAYER-600x78.png 600w, https:\/\/www.iemj.org\/wp-content\/uploads\/2024\/03\/AUDIO-PLAYER.png 1210w\" sizes=\"(max-width: 1024px) 100vw, 1024px\" \/><\/figure>\n<\/div>\n\n\n<div class=\"wp-block-file\"><a id=\"wp-block-file--media-7c89792a-8f8b-41b0-976d-a7937cf89765\" href=\"https:\/\/www.iemj.org\/wp-content\/uploads\/2018\/10\/air_des_fetes_d_ashkibenou_de_bone_algerie_-_jean-claude_sillamy.mp3\">Air des f\u00eates d\u2019Ashkibenou, de B\u00f4ne (Alg\u00e9rie) &#8211; Jean-Claude Sillamy<\/a><\/div>\n\n\n\n<div class=\"wp-block-file\"><a id=\"wp-block-file--media-1e64e54e-77c3-4784-b7f6-7095936ef679\" href=\"https:\/\/www.iemj.org\/wp-content\/uploads\/2018\/10\/elli_mektoub_mektoub_extrait_-_rene_perez.mp3\">Elli Mektoub Mektoub (EXTRAIT) &#8211; Ren\u00e9 Perez<\/a><\/div>\n\n\n\n<div class=\"wp-block-file\"><a id=\"wp-block-file--media-3a9828bc-9414-4712-bb00-b02b99005ed2\" href=\"https:\/\/www.iemj.org\/wp-content\/uploads\/2018\/10\/kam_wa_kam_extrait_-_cheikh_raymond.mp3\">Kam wa kam (EXTRAIT) &#8211; Cheikh Raymond<\/a><\/div>\n\n\n\n<div class=\"wp-block-file\"><a id=\"wp-block-file--media-482b33fb-bbb5-43fa-989e-6dce2ad5feea\" href=\"https:\/\/www.iemj.org\/wp-content\/uploads\/2018\/10\/kouftanek_mahloul_extrait_-_blond-blond.mp3\">Kouftanek Mahloul (EXTRAIT) &#8211; Blond-Blond<\/a><\/div>\n\n\n\n<div class=\"wp-block-file\"><a id=\"wp-block-file--media-60115243-96c6-4278-bf8c-0785e19f5964\" href=\"https:\/\/www.iemj.org\/wp-content\/uploads\/2018\/10\/layali_el_djezair_-_salim_halali.mp3\">Layali el Djeza\u00efr &#8211; Salim Halali<\/a><\/div>\n\n\n\n<div class=\"wp-block-file\"><a id=\"wp-block-file--media-0ef12ccb-5c62-413d-9112-1c89d95a7de9\" href=\"https:\/\/www.iemj.org\/wp-content\/uploads\/2018\/10\/ma_maison_ma_maison_-_enrico_macias-2.mp3\">Ma maison, ma maison &#8211; Enrico Macias<\/a><\/div>\n\n\n\n<div class=\"wp-block-file\"><a id=\"wp-block-file--media-f7d69299-dcd5-4eaa-9177-89562e7b5961\" href=\"https:\/\/www.iemj.org\/wp-content\/uploads\/2018\/10\/ma_navou_al_heharim_-_haim_harboun-2.mp3\">Ma navou al heharim &#8211; Ha\u00efm Harboun<\/a><\/div>\n\n\n\n<div class=\"wp-block-file\"><a id=\"wp-block-file--media-07ea40c7-d298-4d33-be6f-23b9a009fea5\" href=\"https:\/\/www.iemj.org\/wp-content\/uploads\/2018\/10\/mecedder_medjenba_-_orchestre_el_afrah_de_constantine.mp3\">Mecedder Medjenba &#8211; Orchestre El Afrah de Constantine<\/a><\/div>\n\n\n\n<div class=\"wp-block-file\"><a id=\"wp-block-file--media-c08700db-c439-4355-92f5-c55fa6a46aca\" href=\"https:\/\/www.iemj.org\/wp-content\/uploads\/2018\/10\/ya_bechar_extrait_-_blond-blond.mp3\">Ya Bechar (EXTRAIT) &#8211; Blond-Blond<\/a><\/div>\n\n\n\n<div class=\"wp-block-file\"><a id=\"wp-block-file--media-89a5abd9-9967-42bf-856a-f2d848ec0595\" href=\"https:\/\/www.iemj.org\/wp-content\/uploads\/2018\/10\/ya_saqi_ouesqi_habibi_extrait_-_simone_tamar.mp3\">Ya saqi ouesqi habibi (EXTRAIT) &#8211; Simone Tamar<\/a><\/div>\n\n\n\n<div class=\"wp-block-file\"><a id=\"wp-block-file--media-d7773035-68ce-45d1-9645-0bb2234b7d35\" href=\"https:\/\/www.iemj.org\/wp-content\/uploads\/2018\/10\/lekhou_neranenba_extrait_-_psaumes_des_juifs_de_constantine_cpmjf-11_.mp3\">Lekhou Neranenba (EXTRAIT) &#8211; Psaumes des juifs de Constantine (CPMJF-11)<\/a><\/div>\n","protected":false},"excerpt":{"rendered":"<p>Seit dem Altertum auf dem Gebiet des heutigen Algeriens vertreten, haben die j\u00fcdischen Musiker eine unbestreitbare Rolle bei der Sch\u00f6pfung und Weitergabe des algerischen Musikerbes gespielt. Diese neue Playlist gibt<\/p>\n","protected":false},"author":1052,"featured_media":72164,"comment_status":"closed","ping_status":"open","sticky":false,"template":"","format":"standard","meta":{"_acf_changed":false,"footnotes":""},"categories":[1534],"tags":[],"technique":[],"squelettes":[],"sujet":[],"formation":[],"genre":[],"fonds":[],"tradition":[],"type-de-contenu":[],"interprete-compositeur":[],"frise":[],"type-devenement":[],"tableaux-liens-externes":[],"class_list":["post-72163","post","type-post","status-publish","format-standard","has-post-thumbnail","hentry","category-playlists-de"],"acf":[],"yoast_head":"<!-- This site is optimized with the Yoast SEO plugin v27.3 - https:\/\/yoast.com\/product\/yoast-seo-wordpress\/ -->\n<title>GESANG DER JUDEN ALGERIENS 2 - Institut Europ\u00e9en des Musiques Juives<\/title>\n<meta name=\"robots\" content=\"index, follow, max-snippet:-1, max-image-preview:large, max-video-preview:-1\" \/>\n<link rel=\"canonical\" href=\"https:\/\/www.iemj.org\/de\/chants-des-juifs-dalgerie-2\/\" \/>\n<meta property=\"og:locale\" content=\"de_DE\" \/>\n<meta property=\"og:type\" content=\"article\" \/>\n<meta property=\"og:title\" content=\"GESANG DER JUDEN ALGERIENS 2 - Institut Europ\u00e9en des Musiques Juives\" \/>\n<meta property=\"og:description\" content=\"Seit dem Altertum auf dem Gebiet des heutigen Algeriens vertreten, haben die j\u00fcdischen Musiker eine unbestreitbare Rolle bei der Sch\u00f6pfung und Weitergabe des algerischen Musikerbes gespielt. Diese neue Playlist gibt\" \/>\n<meta property=\"og:url\" content=\"https:\/\/www.iemj.org\/de\/chants-des-juifs-dalgerie-2\/\" \/>\n<meta property=\"og:site_name\" content=\"Institut Europ\u00e9en des Musiques Juives\" \/>\n<meta property=\"article:publisher\" content=\"https:\/\/www.facebook.com\/MusiquesJuives\/\" \/>\n<meta property=\"article:published_time\" content=\"2018-10-23T12:53:24+00:00\" \/>\n<meta property=\"article:modified_time\" content=\"2024-04-04T12:18:08+00:00\" \/>\n<meta property=\"og:image\" content=\"https:\/\/www.iemj.org\/wp-content\/uploads\/2018\/10\/arton3696.jpg\" \/>\n\t<meta property=\"og:image:width\" content=\"500\" \/>\n\t<meta property=\"og:image:height\" content=\"497\" \/>\n\t<meta property=\"og:image:type\" content=\"image\/jpeg\" \/>\n<meta name=\"author\" content=\"Lea Couderc\" \/>\n<meta name=\"twitter:card\" content=\"summary_large_image\" \/>\n<meta name=\"twitter:label1\" content=\"Verfasst von\" \/>\n\t<meta name=\"twitter:data1\" content=\"Lea Couderc\" \/>\n\t<meta name=\"twitter:label2\" content=\"Gesch\u00e4tzte Lesezeit\" \/>\n\t<meta name=\"twitter:data2\" content=\"2\u00a0Minuten\" \/>\n<script type=\"application\/ld+json\" class=\"yoast-schema-graph\">{\"@context\":\"https:\\\/\\\/schema.org\",\"@graph\":[{\"@type\":\"Article\",\"@id\":\"https:\\\/\\\/www.iemj.org\\\/de\\\/chants-des-juifs-dalgerie-2\\\/#article\",\"isPartOf\":{\"@id\":\"https:\\\/\\\/www.iemj.org\\\/de\\\/chants-des-juifs-dalgerie-2\\\/\"},\"author\":{\"name\":\"Lea Couderc\",\"@id\":\"https:\\\/\\\/www.iemj.org\\\/de\\\/#\\\/schema\\\/person\\\/e2ad57f2c4be119c7ed8ab79036807a9\"},\"headline\":\"GESANG DER JUDEN ALGERIENS 2\",\"datePublished\":\"2018-10-23T12:53:24+00:00\",\"dateModified\":\"2024-04-04T12:18:08+00:00\",\"mainEntityOfPage\":{\"@id\":\"https:\\\/\\\/www.iemj.org\\\/de\\\/chants-des-juifs-dalgerie-2\\\/\"},\"wordCount\":238,\"publisher\":{\"@id\":\"https:\\\/\\\/www.iemj.org\\\/de\\\/#organization\"},\"image\":{\"@id\":\"https:\\\/\\\/www.iemj.org\\\/de\\\/chants-des-juifs-dalgerie-2\\\/#primaryimage\"},\"thumbnailUrl\":\"https:\\\/\\\/www.iemj.org\\\/wp-content\\\/uploads\\\/2018\\\/10\\\/arton3696.jpg\",\"articleSection\":[\"Playlists\"],\"inLanguage\":\"de\"},{\"@type\":\"WebPage\",\"@id\":\"https:\\\/\\\/www.iemj.org\\\/de\\\/chants-des-juifs-dalgerie-2\\\/\",\"url\":\"https:\\\/\\\/www.iemj.org\\\/de\\\/chants-des-juifs-dalgerie-2\\\/\",\"name\":\"GESANG DER JUDEN ALGERIENS 2 - Institut Europ\u00e9en des Musiques Juives\",\"isPartOf\":{\"@id\":\"https:\\\/\\\/www.iemj.org\\\/de\\\/#website\"},\"primaryImageOfPage\":{\"@id\":\"https:\\\/\\\/www.iemj.org\\\/de\\\/chants-des-juifs-dalgerie-2\\\/#primaryimage\"},\"image\":{\"@id\":\"https:\\\/\\\/www.iemj.org\\\/de\\\/chants-des-juifs-dalgerie-2\\\/#primaryimage\"},\"thumbnailUrl\":\"https:\\\/\\\/www.iemj.org\\\/wp-content\\\/uploads\\\/2018\\\/10\\\/arton3696.jpg\",\"datePublished\":\"2018-10-23T12:53:24+00:00\",\"dateModified\":\"2024-04-04T12:18:08+00:00\",\"breadcrumb\":{\"@id\":\"https:\\\/\\\/www.iemj.org\\\/de\\\/chants-des-juifs-dalgerie-2\\\/#breadcrumb\"},\"inLanguage\":\"de\",\"potentialAction\":[{\"@type\":\"ReadAction\",\"target\":[\"https:\\\/\\\/www.iemj.org\\\/de\\\/chants-des-juifs-dalgerie-2\\\/\"]}]},{\"@type\":\"ImageObject\",\"inLanguage\":\"de\",\"@id\":\"https:\\\/\\\/www.iemj.org\\\/de\\\/chants-des-juifs-dalgerie-2\\\/#primaryimage\",\"url\":\"https:\\\/\\\/www.iemj.org\\\/wp-content\\\/uploads\\\/2018\\\/10\\\/arton3696.jpg\",\"contentUrl\":\"https:\\\/\\\/www.iemj.org\\\/wp-content\\\/uploads\\\/2018\\\/10\\\/arton3696.jpg\",\"width\":500,\"height\":497},{\"@type\":\"BreadcrumbList\",\"@id\":\"https:\\\/\\\/www.iemj.org\\\/de\\\/chants-des-juifs-dalgerie-2\\\/#breadcrumb\",\"itemListElement\":[{\"@type\":\"ListItem\",\"position\":1,\"name\":\"Accueil\",\"item\":\"https:\\\/\\\/www.iemj.org\\\/de\\\/\"},{\"@type\":\"ListItem\",\"position\":2,\"name\":\"GESANG DER JUDEN ALGERIENS 2\"}]},{\"@type\":\"WebSite\",\"@id\":\"https:\\\/\\\/www.iemj.org\\\/de\\\/#website\",\"url\":\"https:\\\/\\\/www.iemj.org\\\/de\\\/\",\"name\":\"Institut Europ\u00e9en des Musiques Juives\",\"description\":\"Des traditions musicales \u00e0 la port\u00e9e de tous\",\"publisher\":{\"@id\":\"https:\\\/\\\/www.iemj.org\\\/de\\\/#organization\"},\"potentialAction\":[{\"@type\":\"SearchAction\",\"target\":{\"@type\":\"EntryPoint\",\"urlTemplate\":\"https:\\\/\\\/www.iemj.org\\\/de\\\/?s={search_term_string}\"},\"query-input\":{\"@type\":\"PropertyValueSpecification\",\"valueRequired\":true,\"valueName\":\"search_term_string\"}}],\"inLanguage\":\"de\"},{\"@type\":\"Organization\",\"@id\":\"https:\\\/\\\/www.iemj.org\\\/de\\\/#organization\",\"name\":\"Institut Europ\u00e9en des Musiques Juives\",\"url\":\"https:\\\/\\\/www.iemj.org\\\/de\\\/\",\"logo\":{\"@type\":\"ImageObject\",\"inLanguage\":\"de\",\"@id\":\"https:\\\/\\\/www.iemj.org\\\/de\\\/#\\\/schema\\\/logo\\\/image\\\/\",\"url\":\"https:\\\/\\\/www.iemj.org\\\/wp-content\\\/uploads\\\/2021\\\/09\\\/Logo-IEMJ-Paypal.jpg\",\"contentUrl\":\"https:\\\/\\\/www.iemj.org\\\/wp-content\\\/uploads\\\/2021\\\/09\\\/Logo-IEMJ-Paypal.jpg\",\"width\":150,\"height\":50,\"caption\":\"Institut Europ\u00e9en des Musiques Juives\"},\"image\":{\"@id\":\"https:\\\/\\\/www.iemj.org\\\/de\\\/#\\\/schema\\\/logo\\\/image\\\/\"},\"sameAs\":[\"https:\\\/\\\/www.facebook.com\\\/MusiquesJuives\\\/\",\"https:\\\/\\\/www.instagram.com\\\/musiquesjuives\\\/\",\"https:\\\/\\\/www.youtube.com\\\/user\\\/musiquesjuives\"]},{\"@type\":\"Person\",\"@id\":\"https:\\\/\\\/www.iemj.org\\\/de\\\/#\\\/schema\\\/person\\\/e2ad57f2c4be119c7ed8ab79036807a9\",\"name\":\"Lea Couderc\",\"image\":{\"@type\":\"ImageObject\",\"inLanguage\":\"de\",\"@id\":\"https:\\\/\\\/secure.gravatar.com\\\/avatar\\\/46ee021475d60aeff17a7e490b79dea5a5684bb392ab7fd1494027411df8ba23?s=96&d=mm&r=g\",\"url\":\"https:\\\/\\\/secure.gravatar.com\\\/avatar\\\/46ee021475d60aeff17a7e490b79dea5a5684bb392ab7fd1494027411df8ba23?s=96&d=mm&r=g\",\"contentUrl\":\"https:\\\/\\\/secure.gravatar.com\\\/avatar\\\/46ee021475d60aeff17a7e490b79dea5a5684bb392ab7fd1494027411df8ba23?s=96&d=mm&r=g\",\"caption\":\"Lea Couderc\"}}]}<\/script>\n<!-- \/ Yoast SEO plugin. -->","yoast_head_json":{"title":"GESANG DER JUDEN ALGERIENS 2 - Institut Europ\u00e9en des Musiques Juives","robots":{"index":"index","follow":"follow","max-snippet":"max-snippet:-1","max-image-preview":"max-image-preview:large","max-video-preview":"max-video-preview:-1"},"canonical":"https:\/\/www.iemj.org\/de\/chants-des-juifs-dalgerie-2\/","og_locale":"de_DE","og_type":"article","og_title":"GESANG DER JUDEN ALGERIENS 2 - Institut Europ\u00e9en des Musiques Juives","og_description":"Seit dem Altertum auf dem Gebiet des heutigen Algeriens vertreten, haben die j\u00fcdischen Musiker eine unbestreitbare Rolle bei der Sch\u00f6pfung und Weitergabe des algerischen Musikerbes gespielt. Diese neue Playlist gibt","og_url":"https:\/\/www.iemj.org\/de\/chants-des-juifs-dalgerie-2\/","og_site_name":"Institut Europ\u00e9en des Musiques Juives","article_publisher":"https:\/\/www.facebook.com\/MusiquesJuives\/","article_published_time":"2018-10-23T12:53:24+00:00","article_modified_time":"2024-04-04T12:18:08+00:00","og_image":[{"width":500,"height":497,"url":"https:\/\/www.iemj.org\/wp-content\/uploads\/2018\/10\/arton3696.jpg","type":"image\/jpeg"}],"author":"Lea Couderc","twitter_card":"summary_large_image","twitter_misc":{"Verfasst von":"Lea Couderc","Gesch\u00e4tzte Lesezeit":"2\u00a0Minuten"},"schema":{"@context":"https:\/\/schema.org","@graph":[{"@type":"Article","@id":"https:\/\/www.iemj.org\/de\/chants-des-juifs-dalgerie-2\/#article","isPartOf":{"@id":"https:\/\/www.iemj.org\/de\/chants-des-juifs-dalgerie-2\/"},"author":{"name":"Lea Couderc","@id":"https:\/\/www.iemj.org\/de\/#\/schema\/person\/e2ad57f2c4be119c7ed8ab79036807a9"},"headline":"GESANG DER JUDEN ALGERIENS 2","datePublished":"2018-10-23T12:53:24+00:00","dateModified":"2024-04-04T12:18:08+00:00","mainEntityOfPage":{"@id":"https:\/\/www.iemj.org\/de\/chants-des-juifs-dalgerie-2\/"},"wordCount":238,"publisher":{"@id":"https:\/\/www.iemj.org\/de\/#organization"},"image":{"@id":"https:\/\/www.iemj.org\/de\/chants-des-juifs-dalgerie-2\/#primaryimage"},"thumbnailUrl":"https:\/\/www.iemj.org\/wp-content\/uploads\/2018\/10\/arton3696.jpg","articleSection":["Playlists"],"inLanguage":"de"},{"@type":"WebPage","@id":"https:\/\/www.iemj.org\/de\/chants-des-juifs-dalgerie-2\/","url":"https:\/\/www.iemj.org\/de\/chants-des-juifs-dalgerie-2\/","name":"GESANG DER JUDEN ALGERIENS 2 - Institut Europ\u00e9en des Musiques Juives","isPartOf":{"@id":"https:\/\/www.iemj.org\/de\/#website"},"primaryImageOfPage":{"@id":"https:\/\/www.iemj.org\/de\/chants-des-juifs-dalgerie-2\/#primaryimage"},"image":{"@id":"https:\/\/www.iemj.org\/de\/chants-des-juifs-dalgerie-2\/#primaryimage"},"thumbnailUrl":"https:\/\/www.iemj.org\/wp-content\/uploads\/2018\/10\/arton3696.jpg","datePublished":"2018-10-23T12:53:24+00:00","dateModified":"2024-04-04T12:18:08+00:00","breadcrumb":{"@id":"https:\/\/www.iemj.org\/de\/chants-des-juifs-dalgerie-2\/#breadcrumb"},"inLanguage":"de","potentialAction":[{"@type":"ReadAction","target":["https:\/\/www.iemj.org\/de\/chants-des-juifs-dalgerie-2\/"]}]},{"@type":"ImageObject","inLanguage":"de","@id":"https:\/\/www.iemj.org\/de\/chants-des-juifs-dalgerie-2\/#primaryimage","url":"https:\/\/www.iemj.org\/wp-content\/uploads\/2018\/10\/arton3696.jpg","contentUrl":"https:\/\/www.iemj.org\/wp-content\/uploads\/2018\/10\/arton3696.jpg","width":500,"height":497},{"@type":"BreadcrumbList","@id":"https:\/\/www.iemj.org\/de\/chants-des-juifs-dalgerie-2\/#breadcrumb","itemListElement":[{"@type":"ListItem","position":1,"name":"Accueil","item":"https:\/\/www.iemj.org\/de\/"},{"@type":"ListItem","position":2,"name":"GESANG DER JUDEN ALGERIENS 2"}]},{"@type":"WebSite","@id":"https:\/\/www.iemj.org\/de\/#website","url":"https:\/\/www.iemj.org\/de\/","name":"Institut Europ\u00e9en des Musiques Juives","description":"Des traditions musicales \u00e0 la port\u00e9e de tous","publisher":{"@id":"https:\/\/www.iemj.org\/de\/#organization"},"potentialAction":[{"@type":"SearchAction","target":{"@type":"EntryPoint","urlTemplate":"https:\/\/www.iemj.org\/de\/?s={search_term_string}"},"query-input":{"@type":"PropertyValueSpecification","valueRequired":true,"valueName":"search_term_string"}}],"inLanguage":"de"},{"@type":"Organization","@id":"https:\/\/www.iemj.org\/de\/#organization","name":"Institut Europ\u00e9en des Musiques Juives","url":"https:\/\/www.iemj.org\/de\/","logo":{"@type":"ImageObject","inLanguage":"de","@id":"https:\/\/www.iemj.org\/de\/#\/schema\/logo\/image\/","url":"https:\/\/www.iemj.org\/wp-content\/uploads\/2021\/09\/Logo-IEMJ-Paypal.jpg","contentUrl":"https:\/\/www.iemj.org\/wp-content\/uploads\/2021\/09\/Logo-IEMJ-Paypal.jpg","width":150,"height":50,"caption":"Institut Europ\u00e9en des Musiques Juives"},"image":{"@id":"https:\/\/www.iemj.org\/de\/#\/schema\/logo\/image\/"},"sameAs":["https:\/\/www.facebook.com\/MusiquesJuives\/","https:\/\/www.instagram.com\/musiquesjuives\/","https:\/\/www.youtube.com\/user\/musiquesjuives"]},{"@type":"Person","@id":"https:\/\/www.iemj.org\/de\/#\/schema\/person\/e2ad57f2c4be119c7ed8ab79036807a9","name":"Lea Couderc","image":{"@type":"ImageObject","inLanguage":"de","@id":"https:\/\/secure.gravatar.com\/avatar\/46ee021475d60aeff17a7e490b79dea5a5684bb392ab7fd1494027411df8ba23?s=96&d=mm&r=g","url":"https:\/\/secure.gravatar.com\/avatar\/46ee021475d60aeff17a7e490b79dea5a5684bb392ab7fd1494027411df8ba23?s=96&d=mm&r=g","contentUrl":"https:\/\/secure.gravatar.com\/avatar\/46ee021475d60aeff17a7e490b79dea5a5684bb392ab7fd1494027411df8ba23?s=96&d=mm&r=g","caption":"Lea Couderc"}}]}},"_links":{"self":[{"href":"https:\/\/www.iemj.org\/de\/wp-json\/wp\/v2\/posts\/72163","targetHints":{"allow":["GET"]}}],"collection":[{"href":"https:\/\/www.iemj.org\/de\/wp-json\/wp\/v2\/posts"}],"about":[{"href":"https:\/\/www.iemj.org\/de\/wp-json\/wp\/v2\/types\/post"}],"author":[{"embeddable":true,"href":"https:\/\/www.iemj.org\/de\/wp-json\/wp\/v2\/users\/1052"}],"replies":[{"embeddable":true,"href":"https:\/\/www.iemj.org\/de\/wp-json\/wp\/v2\/comments?post=72163"}],"version-history":[{"count":0,"href":"https:\/\/www.iemj.org\/de\/wp-json\/wp\/v2\/posts\/72163\/revisions"}],"wp:featuredmedia":[{"embeddable":true,"href":"https:\/\/www.iemj.org\/de\/wp-json\/wp\/v2\/media\/72164"}],"wp:attachment":[{"href":"https:\/\/www.iemj.org\/de\/wp-json\/wp\/v2\/media?parent=72163"}],"wp:term":[{"taxonomy":"category","embeddable":true,"href":"https:\/\/www.iemj.org\/de\/wp-json\/wp\/v2\/categories?post=72163"},{"taxonomy":"post_tag","embeddable":true,"href":"https:\/\/www.iemj.org\/de\/wp-json\/wp\/v2\/tags?post=72163"},{"taxonomy":"technique","embeddable":true,"href":"https:\/\/www.iemj.org\/de\/wp-json\/wp\/v2\/technique?post=72163"},{"taxonomy":"squelettes","embeddable":true,"href":"https:\/\/www.iemj.org\/de\/wp-json\/wp\/v2\/squelettes?post=72163"},{"taxonomy":"sujet","embeddable":true,"href":"https:\/\/www.iemj.org\/de\/wp-json\/wp\/v2\/sujet?post=72163"},{"taxonomy":"formation","embeddable":true,"href":"https:\/\/www.iemj.org\/de\/wp-json\/wp\/v2\/formation?post=72163"},{"taxonomy":"genre","embeddable":true,"href":"https:\/\/www.iemj.org\/de\/wp-json\/wp\/v2\/genre?post=72163"},{"taxonomy":"fonds","embeddable":true,"href":"https:\/\/www.iemj.org\/de\/wp-json\/wp\/v2\/fonds?post=72163"},{"taxonomy":"tradition","embeddable":true,"href":"https:\/\/www.iemj.org\/de\/wp-json\/wp\/v2\/tradition?post=72163"},{"taxonomy":"type-de-contenu","embeddable":true,"href":"https:\/\/www.iemj.org\/de\/wp-json\/wp\/v2\/type-de-contenu?post=72163"},{"taxonomy":"interprete-compositeur","embeddable":true,"href":"https:\/\/www.iemj.org\/de\/wp-json\/wp\/v2\/interprete-compositeur?post=72163"},{"taxonomy":"frise","embeddable":true,"href":"https:\/\/www.iemj.org\/de\/wp-json\/wp\/v2\/frise?post=72163"},{"taxonomy":"type-devenement","embeddable":true,"href":"https:\/\/www.iemj.org\/de\/wp-json\/wp\/v2\/type-devenement?post=72163"},{"taxonomy":"tableaux-liens-externes","embeddable":true,"href":"https:\/\/www.iemj.org\/de\/wp-json\/wp\/v2\/tableaux-liens-externes?post=72163"}],"curies":[{"name":"wp","href":"https:\/\/api.w.org\/{rel}","templated":true}]}}