{"id":72187,"date":"2018-10-17T16:25:15","date_gmt":"2018-10-17T14:25:15","guid":{"rendered":"https:\/\/www.iemj.org\/chants-des-juifs-du-maroc-2\/"},"modified":"2025-07-08T17:18:02","modified_gmt":"2025-07-08T15:18:02","slug":"chants-des-juifs-du-maroc-2","status":"publish","type":"post","link":"https:\/\/www.iemj.org\/de\/chants-des-juifs-du-maroc-2\/","title":{"rendered":"GESANG DER JUDEN MAROKKOS 2"},"content":{"rendered":"<p><strong>Die jud\u00e4o-marokkanische Musik entstammt der Verschmelzung der marokkanischen mit der andalusischen Kultur<\/strong><\/p>\n<p>Mit der Entwicklung der Aufnahmetechnik und der Demokratisierung von Schallplatten, hat sich die Musik der Juden Marokkos weltweit verbreitet und Interpreten hervorgebracht.<\/p>\n<p><img decoding=\"async\" class=\"wp-image-21276 alignright\" src=\"https:\/\/www.iemj.org\/wp-content\/uploads\/2018\/10\/doc_2_maroc_2_500px.jpg\" alt=\"doc_2_maroc_2_500px.jpg\" width=\"170\" height=\"266\" align=\"right\" srcset=\"https:\/\/www.iemj.org\/wp-content\/uploads\/2018\/10\/doc_2_maroc_2_500px.jpg 226w, https:\/\/www.iemj.org\/wp-content\/uploads\/2018\/10\/doc_2_maroc_2_500px-192x300.jpg 192w\" sizes=\"(max-width: 170px) 100vw, 170px\" \/><\/p>\n<p>Eine von ihnen ist Sami El Maghribi, der mit b\u00fcrgerlichem Namen Salomon Amzallag hie\u00df und einer der Pioniere des klassischen marokkanischen Chansons war. Im musikalischen Stil des marokkanischen Cha\u00e2bi (Volkslied) setzte sich die S\u00e4ngerin Raymonde El Bidaouia neben Cheikh Mwijo durch.<\/p>\n<p>Dar\u00fcber hinaus gibt es auch zeitgen\u00f6ssischere K\u00fcnstler, wie die jud\u00e4o-spanische S\u00e4ngerin Vanessa Paloma, welche sich auf jud\u00e4o-marokkanische Musik spezialisiert hat oder Keren Esther, welche uns in die Tiefe ihres musikalischen Erbes eintauchen l\u00e4sst, welches von den jud\u00e4o-spanischen Liedern ihrer aus Tanger stammenden Mutter gepr\u00e4gt wurde.<\/p>\n<p><a href=\"https:\/\/www.iemj.org\/le-chant-judeo-espagnol-des-femmes-du-maroc\/\"><img fetchpriority=\"high\" decoding=\"async\" class=\"size-medium wp-image-21278 alignleft\" src=\"https:\/\/www.iemj.org\/wp-content\/uploads\/2018\/10\/doc_1_maroc_2_500px65-189x300.jpg\" alt=\"doc_1_maroc_2_500px65.jpg\" width=\"189\" height=\"300\" srcset=\"https:\/\/www.iemj.org\/wp-content\/uploads\/2018\/10\/doc_1_maroc_2_500px65-189x300.jpg 189w, https:\/\/www.iemj.org\/wp-content\/uploads\/2018\/10\/doc_1_maroc_2_500px65.jpg 195w\" sizes=\"(max-width: 189px) 100vw, 189px\" \/><\/a><a href=\"https:\/\/www.iemj.org\/le-chant-judeo-espagnol-des-femmes-du-maroc\/\" target=\"_blank\" rel=\"noopener\">H\u00f6ren Sie sich die Radiosendung mit Vanessa Paloma und Herv\u00e9 Roten an: <em>Le chant jud\u00e9o-espagnol des femmes du Maroc<\/em><\/a><\/p>\n<p><a href=\"https:\/\/www.iemj.org\/de\/produit\/fuente-nueva\/\" target=\"_blank\" rel=\"noopener\">Bestellen Sie die CD Fuente Nueva, chants traditionnels jud\u00e9o-marocain COLLECTION DECOUVERTE, VOL. 4<\/a><\/p>\n<p><a href=\"http:\/\/www.akadem.org\/sommaire\/themes\/culture\/musique\/musique-judeo-andalouse\/orchestre-chabab-al-andalous-de-rabat-04-03-2008-7214_416.php\" target=\"_blank\" rel=\"noopener\">Schauen Sie sich die Darbietung des Orchesters \u201dChabab Al Andalous\u201d von Rabat mit Ha\u00efm Louk an<\/a><\/p>\n\n<div class=\"wp-block-image\">\n<figure class=\"aligncenter size-large\"><img decoding=\"async\" width=\"1024\" height=\"133\" src=\"https:\/\/www.iemj.org\/wp-content\/uploads\/2024\/03\/AUDIO-PLAYER-1024x133.png\" alt=\"\" class=\"wp-image-110606\" srcset=\"https:\/\/www.iemj.org\/wp-content\/uploads\/2024\/03\/AUDIO-PLAYER-1024x133.png 1024w, https:\/\/www.iemj.org\/wp-content\/uploads\/2024\/03\/AUDIO-PLAYER-300x39.png 300w, https:\/\/www.iemj.org\/wp-content\/uploads\/2024\/03\/AUDIO-PLAYER-768x100.png 768w, https:\/\/www.iemj.org\/wp-content\/uploads\/2024\/03\/AUDIO-PLAYER-600x78.png 600w, https:\/\/www.iemj.org\/wp-content\/uploads\/2024\/03\/AUDIO-PLAYER.png 1210w\" sizes=\"(max-width: 1024px) 100vw, 1024px\" \/><\/figure>\n<\/div>\n\n\n<h2 class=\"wp-block-heading\"><\/h2>\n\n\n\n<div class=\"wp-block-file\"><a href=\"https:\/\/www.iemj.org\/wp-content\/uploads\/2018\/10\/ahlan_ouasahlan_-_maurice_el_medioni.mp3\">Ahlan Ouasahlan &#8211; Maurice El M\u00e9dioni<\/a><\/div>\n\n\n\n<div class=\"wp-block-file\"><a href=\"https:\/\/www.iemj.org\/wp-content\/uploads\/2018\/10\/chant_de_mariage_extrait_-_thunayya_qaddura.mp3\">Chant de mariage (EXTRAIT) &#8211; Thunayya Qaddura<\/a><\/div>\n\n\n\n<div class=\"wp-block-file\"><a href=\"https:\/\/www.iemj.org\/wp-content\/uploads\/2018\/10\/chir_melekh_-_chants_des_juifs_du_maroc.mp3\">Chir Melekh &#8211; Chants des Juifs du Maroc<\/a><\/div>\n\n\n\n<div class=\"wp-block-file\"><a href=\"https:\/\/www.iemj.org\/wp-content\/uploads\/2018\/10\/dourbia_extrait_-_pirhei_yerushalayim.mp3\">Dourbia (EXTRAIT) &#8211; Pirhei Yerushalayim<\/a><\/div>\n\n\n\n<div class=\"wp-block-file\"><a href=\"https:\/\/www.iemj.org\/wp-content\/uploads\/2018\/10\/ben_elbarah_li_elyom_-_groupe_lahakat_sfataim.mp3\">Ben elbarah li elyom &#8211; Groupe Lahakat Sfataim<\/a><\/div>\n\n\n\n<div class=\"wp-block-file\"><a href=\"https:\/\/www.iemj.org\/wp-content\/uploads\/2018\/10\/hamouda_-_michel_cohen.mp3\">Hamouda &#8211; Michel Cohen<\/a><\/div>\n\n\n\n<div class=\"wp-block-file\"><a href=\"https:\/\/www.iemj.org\/wp-content\/uploads\/2018\/10\/lomima_extrait_-_esther_elfasi.mp3\">Lomima (EXTRAIT) &#8211; Esther Elfasi<\/a><\/div>\n\n\n\n<div class=\"wp-block-file\"><a href=\"https:\/\/www.iemj.org\/wp-content\/uploads\/2018\/10\/ma_navou_al_heharim_-_haim_harboun.mp3\">Ma navou al heharim &#8211; Ha\u00efm Harboun<\/a><\/div>\n\n\n\n<div class=\"wp-block-file\"><a href=\"https:\/\/www.iemj.org\/wp-content\/uploads\/2018\/10\/mama_diali_extrait_-pirhei_yerushalayim.mp3\">Mama Diali (EXTRAIT) -Pirhei Yerushalayim<\/a><\/div>\n\n\n\n<div class=\"wp-block-file\"><a href=\"https:\/\/www.iemj.org\/wp-content\/uploads\/2018\/10\/ohil_yom_-_chants_des_juifs_du_maroc.mp3\">Ohil Yom &#8211; Chants des Juifs du Maroc<\/a><\/div>\n\n\n\n<div class=\"wp-block-file\"><a href=\"https:\/\/www.iemj.org\/wp-content\/uploads\/2018\/10\/omri_maninsak_ya_mama_extrait_-_samy_elmaghribi_.mp3\">Omri Maninsak ya mama (EXTRAIT) &#8211; Samy Elmaghribi <\/a><\/div>\n\n\n\n<div class=\"wp-block-file\"><a href=\"https:\/\/www.iemj.org\/wp-content\/uploads\/2018\/10\/scalerica_extrait_-_francoise_atlan.mp3\">Scalerica (EXTRAIT) &#8211; Fran\u00e7oise Atlan<\/a><\/div>\n\n\n\n<div class=\"wp-block-file\"><a href=\"https:\/\/www.iemj.org\/wp-content\/uploads\/2018\/10\/morenika_-_keren_esther.mp3\">Morenika &#8211; Keren Esther<\/a><\/div>\n","protected":false},"excerpt":{"rendered":"<p>Die jud\u00e4o-marokkanische Musik entstammt der Verschmelzung der marokkanischen mit der andalusischen Kultur Mit der Entwicklung der Aufnahmetechnik und der Demokratisierung von Schallplatten, hat sich die Musik der Juden Marokkos weltweit<\/p>\n","protected":false},"author":1052,"featured_media":72188,"comment_status":"closed","ping_status":"open","sticky":false,"template":"","format":"standard","meta":{"_acf_changed":false,"footnotes":""},"categories":[1534],"tags":[],"technique":[],"squelettes":[],"sujet":[],"formation":[],"genre":[],"fonds":[],"tradition":[],"type-de-contenu":[],"interprete-compositeur":[],"frise":[],"type-devenement":[],"tableaux-liens-externes":[],"class_list":["post-72187","post","type-post","status-publish","format-standard","has-post-thumbnail","hentry","category-playlists-de"],"acf":[],"yoast_head":"<!-- This site is optimized with the Yoast SEO plugin v27.3 - https:\/\/yoast.com\/product\/yoast-seo-wordpress\/ -->\n<title>GESANG DER JUDEN MAROKKOS 2 - Institut Europ\u00e9en des Musiques Juives<\/title>\n<meta name=\"robots\" content=\"index, follow, max-snippet:-1, max-image-preview:large, max-video-preview:-1\" \/>\n<link rel=\"canonical\" href=\"https:\/\/www.iemj.org\/de\/chants-des-juifs-du-maroc-2\/\" \/>\n<meta property=\"og:locale\" content=\"de_DE\" \/>\n<meta property=\"og:type\" content=\"article\" \/>\n<meta property=\"og:title\" content=\"GESANG DER JUDEN MAROKKOS 2 - Institut Europ\u00e9en des Musiques Juives\" \/>\n<meta property=\"og:description\" content=\"Die jud\u00e4o-marokkanische Musik entstammt der Verschmelzung der marokkanischen mit der andalusischen Kultur Mit der Entwicklung der Aufnahmetechnik und der Demokratisierung von Schallplatten, hat sich die Musik der Juden Marokkos weltweit\" \/>\n<meta property=\"og:url\" content=\"https:\/\/www.iemj.org\/de\/chants-des-juifs-du-maroc-2\/\" \/>\n<meta property=\"og:site_name\" content=\"Institut Europ\u00e9en des Musiques Juives\" \/>\n<meta property=\"article:publisher\" content=\"https:\/\/www.facebook.com\/MusiquesJuives\/\" \/>\n<meta property=\"article:published_time\" content=\"2018-10-17T14:25:15+00:00\" \/>\n<meta property=\"article:modified_time\" content=\"2025-07-08T15:18:02+00:00\" \/>\n<meta property=\"og:image\" content=\"https:\/\/www.iemj.org\/wp-content\/uploads\/2018\/10\/arton3684.jpg\" \/>\n\t<meta property=\"og:image:width\" content=\"400\" \/>\n\t<meta property=\"og:image:height\" content=\"519\" \/>\n\t<meta property=\"og:image:type\" content=\"image\/jpeg\" \/>\n<meta name=\"author\" content=\"Lea Couderc\" \/>\n<meta name=\"twitter:card\" content=\"summary_large_image\" \/>\n<meta name=\"twitter:label1\" content=\"Verfasst von\" \/>\n\t<meta name=\"twitter:data1\" content=\"Lea Couderc\" \/>\n\t<meta name=\"twitter:label2\" content=\"Gesch\u00e4tzte Lesezeit\" \/>\n\t<meta name=\"twitter:data2\" content=\"2\u00a0Minuten\" \/>\n<script type=\"application\/ld+json\" class=\"yoast-schema-graph\">{\"@context\":\"https:\\\/\\\/schema.org\",\"@graph\":[{\"@type\":\"Article\",\"@id\":\"https:\\\/\\\/www.iemj.org\\\/de\\\/chants-des-juifs-du-maroc-2\\\/#article\",\"isPartOf\":{\"@id\":\"https:\\\/\\\/www.iemj.org\\\/de\\\/chants-des-juifs-du-maroc-2\\\/\"},\"author\":{\"name\":\"Lea Couderc\",\"@id\":\"https:\\\/\\\/www.iemj.org\\\/de\\\/#\\\/schema\\\/person\\\/e2ad57f2c4be119c7ed8ab79036807a9\"},\"headline\":\"GESANG DER JUDEN MAROKKOS 2\",\"datePublished\":\"2018-10-17T14:25:15+00:00\",\"dateModified\":\"2025-07-08T15:18:02+00:00\",\"mainEntityOfPage\":{\"@id\":\"https:\\\/\\\/www.iemj.org\\\/de\\\/chants-des-juifs-du-maroc-2\\\/\"},\"wordCount\":271,\"publisher\":{\"@id\":\"https:\\\/\\\/www.iemj.org\\\/de\\\/#organization\"},\"image\":{\"@id\":\"https:\\\/\\\/www.iemj.org\\\/de\\\/chants-des-juifs-du-maroc-2\\\/#primaryimage\"},\"thumbnailUrl\":\"https:\\\/\\\/www.iemj.org\\\/wp-content\\\/uploads\\\/2018\\\/10\\\/arton3684.jpg\",\"articleSection\":[\"Playlists\"],\"inLanguage\":\"de\"},{\"@type\":\"WebPage\",\"@id\":\"https:\\\/\\\/www.iemj.org\\\/de\\\/chants-des-juifs-du-maroc-2\\\/\",\"url\":\"https:\\\/\\\/www.iemj.org\\\/de\\\/chants-des-juifs-du-maroc-2\\\/\",\"name\":\"GESANG DER JUDEN MAROKKOS 2 - Institut Europ\u00e9en des Musiques Juives\",\"isPartOf\":{\"@id\":\"https:\\\/\\\/www.iemj.org\\\/de\\\/#website\"},\"primaryImageOfPage\":{\"@id\":\"https:\\\/\\\/www.iemj.org\\\/de\\\/chants-des-juifs-du-maroc-2\\\/#primaryimage\"},\"image\":{\"@id\":\"https:\\\/\\\/www.iemj.org\\\/de\\\/chants-des-juifs-du-maroc-2\\\/#primaryimage\"},\"thumbnailUrl\":\"https:\\\/\\\/www.iemj.org\\\/wp-content\\\/uploads\\\/2018\\\/10\\\/arton3684.jpg\",\"datePublished\":\"2018-10-17T14:25:15+00:00\",\"dateModified\":\"2025-07-08T15:18:02+00:00\",\"breadcrumb\":{\"@id\":\"https:\\\/\\\/www.iemj.org\\\/de\\\/chants-des-juifs-du-maroc-2\\\/#breadcrumb\"},\"inLanguage\":\"de\",\"potentialAction\":[{\"@type\":\"ReadAction\",\"target\":[\"https:\\\/\\\/www.iemj.org\\\/de\\\/chants-des-juifs-du-maroc-2\\\/\"]}]},{\"@type\":\"ImageObject\",\"inLanguage\":\"de\",\"@id\":\"https:\\\/\\\/www.iemj.org\\\/de\\\/chants-des-juifs-du-maroc-2\\\/#primaryimage\",\"url\":\"https:\\\/\\\/www.iemj.org\\\/wp-content\\\/uploads\\\/2018\\\/10\\\/arton3684.jpg\",\"contentUrl\":\"https:\\\/\\\/www.iemj.org\\\/wp-content\\\/uploads\\\/2018\\\/10\\\/arton3684.jpg\",\"width\":400,\"height\":519},{\"@type\":\"BreadcrumbList\",\"@id\":\"https:\\\/\\\/www.iemj.org\\\/de\\\/chants-des-juifs-du-maroc-2\\\/#breadcrumb\",\"itemListElement\":[{\"@type\":\"ListItem\",\"position\":1,\"name\":\"Accueil\",\"item\":\"https:\\\/\\\/www.iemj.org\\\/de\\\/\"},{\"@type\":\"ListItem\",\"position\":2,\"name\":\"GESANG DER JUDEN MAROKKOS 2\"}]},{\"@type\":\"WebSite\",\"@id\":\"https:\\\/\\\/www.iemj.org\\\/de\\\/#website\",\"url\":\"https:\\\/\\\/www.iemj.org\\\/de\\\/\",\"name\":\"Institut Europ\u00e9en des Musiques Juives\",\"description\":\"Des traditions musicales \u00e0 la port\u00e9e de tous\",\"publisher\":{\"@id\":\"https:\\\/\\\/www.iemj.org\\\/de\\\/#organization\"},\"potentialAction\":[{\"@type\":\"SearchAction\",\"target\":{\"@type\":\"EntryPoint\",\"urlTemplate\":\"https:\\\/\\\/www.iemj.org\\\/de\\\/?s={search_term_string}\"},\"query-input\":{\"@type\":\"PropertyValueSpecification\",\"valueRequired\":true,\"valueName\":\"search_term_string\"}}],\"inLanguage\":\"de\"},{\"@type\":\"Organization\",\"@id\":\"https:\\\/\\\/www.iemj.org\\\/de\\\/#organization\",\"name\":\"Institut Europ\u00e9en des Musiques Juives\",\"url\":\"https:\\\/\\\/www.iemj.org\\\/de\\\/\",\"logo\":{\"@type\":\"ImageObject\",\"inLanguage\":\"de\",\"@id\":\"https:\\\/\\\/www.iemj.org\\\/de\\\/#\\\/schema\\\/logo\\\/image\\\/\",\"url\":\"https:\\\/\\\/www.iemj.org\\\/wp-content\\\/uploads\\\/2021\\\/09\\\/Logo-IEMJ-Paypal.jpg\",\"contentUrl\":\"https:\\\/\\\/www.iemj.org\\\/wp-content\\\/uploads\\\/2021\\\/09\\\/Logo-IEMJ-Paypal.jpg\",\"width\":150,\"height\":50,\"caption\":\"Institut Europ\u00e9en des Musiques Juives\"},\"image\":{\"@id\":\"https:\\\/\\\/www.iemj.org\\\/de\\\/#\\\/schema\\\/logo\\\/image\\\/\"},\"sameAs\":[\"https:\\\/\\\/www.facebook.com\\\/MusiquesJuives\\\/\",\"https:\\\/\\\/www.instagram.com\\\/musiquesjuives\\\/\",\"https:\\\/\\\/www.youtube.com\\\/user\\\/musiquesjuives\"]},{\"@type\":\"Person\",\"@id\":\"https:\\\/\\\/www.iemj.org\\\/de\\\/#\\\/schema\\\/person\\\/e2ad57f2c4be119c7ed8ab79036807a9\",\"name\":\"Lea Couderc\",\"image\":{\"@type\":\"ImageObject\",\"inLanguage\":\"de\",\"@id\":\"https:\\\/\\\/secure.gravatar.com\\\/avatar\\\/46ee021475d60aeff17a7e490b79dea5a5684bb392ab7fd1494027411df8ba23?s=96&d=mm&r=g\",\"url\":\"https:\\\/\\\/secure.gravatar.com\\\/avatar\\\/46ee021475d60aeff17a7e490b79dea5a5684bb392ab7fd1494027411df8ba23?s=96&d=mm&r=g\",\"contentUrl\":\"https:\\\/\\\/secure.gravatar.com\\\/avatar\\\/46ee021475d60aeff17a7e490b79dea5a5684bb392ab7fd1494027411df8ba23?s=96&d=mm&r=g\",\"caption\":\"Lea Couderc\"}}]}<\/script>\n<!-- \/ Yoast SEO plugin. -->","yoast_head_json":{"title":"GESANG DER JUDEN MAROKKOS 2 - Institut Europ\u00e9en des Musiques Juives","robots":{"index":"index","follow":"follow","max-snippet":"max-snippet:-1","max-image-preview":"max-image-preview:large","max-video-preview":"max-video-preview:-1"},"canonical":"https:\/\/www.iemj.org\/de\/chants-des-juifs-du-maroc-2\/","og_locale":"de_DE","og_type":"article","og_title":"GESANG DER JUDEN MAROKKOS 2 - Institut Europ\u00e9en des Musiques Juives","og_description":"Die jud\u00e4o-marokkanische Musik entstammt der Verschmelzung der marokkanischen mit der andalusischen Kultur Mit der Entwicklung der Aufnahmetechnik und der Demokratisierung von Schallplatten, hat sich die Musik der Juden Marokkos weltweit","og_url":"https:\/\/www.iemj.org\/de\/chants-des-juifs-du-maroc-2\/","og_site_name":"Institut Europ\u00e9en des Musiques Juives","article_publisher":"https:\/\/www.facebook.com\/MusiquesJuives\/","article_published_time":"2018-10-17T14:25:15+00:00","article_modified_time":"2025-07-08T15:18:02+00:00","og_image":[{"width":400,"height":519,"url":"https:\/\/www.iemj.org\/wp-content\/uploads\/2018\/10\/arton3684.jpg","type":"image\/jpeg"}],"author":"Lea Couderc","twitter_card":"summary_large_image","twitter_misc":{"Verfasst von":"Lea Couderc","Gesch\u00e4tzte Lesezeit":"2\u00a0Minuten"},"schema":{"@context":"https:\/\/schema.org","@graph":[{"@type":"Article","@id":"https:\/\/www.iemj.org\/de\/chants-des-juifs-du-maroc-2\/#article","isPartOf":{"@id":"https:\/\/www.iemj.org\/de\/chants-des-juifs-du-maroc-2\/"},"author":{"name":"Lea Couderc","@id":"https:\/\/www.iemj.org\/de\/#\/schema\/person\/e2ad57f2c4be119c7ed8ab79036807a9"},"headline":"GESANG DER JUDEN MAROKKOS 2","datePublished":"2018-10-17T14:25:15+00:00","dateModified":"2025-07-08T15:18:02+00:00","mainEntityOfPage":{"@id":"https:\/\/www.iemj.org\/de\/chants-des-juifs-du-maroc-2\/"},"wordCount":271,"publisher":{"@id":"https:\/\/www.iemj.org\/de\/#organization"},"image":{"@id":"https:\/\/www.iemj.org\/de\/chants-des-juifs-du-maroc-2\/#primaryimage"},"thumbnailUrl":"https:\/\/www.iemj.org\/wp-content\/uploads\/2018\/10\/arton3684.jpg","articleSection":["Playlists"],"inLanguage":"de"},{"@type":"WebPage","@id":"https:\/\/www.iemj.org\/de\/chants-des-juifs-du-maroc-2\/","url":"https:\/\/www.iemj.org\/de\/chants-des-juifs-du-maroc-2\/","name":"GESANG DER JUDEN MAROKKOS 2 - Institut Europ\u00e9en des Musiques Juives","isPartOf":{"@id":"https:\/\/www.iemj.org\/de\/#website"},"primaryImageOfPage":{"@id":"https:\/\/www.iemj.org\/de\/chants-des-juifs-du-maroc-2\/#primaryimage"},"image":{"@id":"https:\/\/www.iemj.org\/de\/chants-des-juifs-du-maroc-2\/#primaryimage"},"thumbnailUrl":"https:\/\/www.iemj.org\/wp-content\/uploads\/2018\/10\/arton3684.jpg","datePublished":"2018-10-17T14:25:15+00:00","dateModified":"2025-07-08T15:18:02+00:00","breadcrumb":{"@id":"https:\/\/www.iemj.org\/de\/chants-des-juifs-du-maroc-2\/#breadcrumb"},"inLanguage":"de","potentialAction":[{"@type":"ReadAction","target":["https:\/\/www.iemj.org\/de\/chants-des-juifs-du-maroc-2\/"]}]},{"@type":"ImageObject","inLanguage":"de","@id":"https:\/\/www.iemj.org\/de\/chants-des-juifs-du-maroc-2\/#primaryimage","url":"https:\/\/www.iemj.org\/wp-content\/uploads\/2018\/10\/arton3684.jpg","contentUrl":"https:\/\/www.iemj.org\/wp-content\/uploads\/2018\/10\/arton3684.jpg","width":400,"height":519},{"@type":"BreadcrumbList","@id":"https:\/\/www.iemj.org\/de\/chants-des-juifs-du-maroc-2\/#breadcrumb","itemListElement":[{"@type":"ListItem","position":1,"name":"Accueil","item":"https:\/\/www.iemj.org\/de\/"},{"@type":"ListItem","position":2,"name":"GESANG DER JUDEN MAROKKOS 2"}]},{"@type":"WebSite","@id":"https:\/\/www.iemj.org\/de\/#website","url":"https:\/\/www.iemj.org\/de\/","name":"Institut Europ\u00e9en des Musiques Juives","description":"Des traditions musicales \u00e0 la port\u00e9e de tous","publisher":{"@id":"https:\/\/www.iemj.org\/de\/#organization"},"potentialAction":[{"@type":"SearchAction","target":{"@type":"EntryPoint","urlTemplate":"https:\/\/www.iemj.org\/de\/?s={search_term_string}"},"query-input":{"@type":"PropertyValueSpecification","valueRequired":true,"valueName":"search_term_string"}}],"inLanguage":"de"},{"@type":"Organization","@id":"https:\/\/www.iemj.org\/de\/#organization","name":"Institut Europ\u00e9en des Musiques Juives","url":"https:\/\/www.iemj.org\/de\/","logo":{"@type":"ImageObject","inLanguage":"de","@id":"https:\/\/www.iemj.org\/de\/#\/schema\/logo\/image\/","url":"https:\/\/www.iemj.org\/wp-content\/uploads\/2021\/09\/Logo-IEMJ-Paypal.jpg","contentUrl":"https:\/\/www.iemj.org\/wp-content\/uploads\/2021\/09\/Logo-IEMJ-Paypal.jpg","width":150,"height":50,"caption":"Institut Europ\u00e9en des Musiques Juives"},"image":{"@id":"https:\/\/www.iemj.org\/de\/#\/schema\/logo\/image\/"},"sameAs":["https:\/\/www.facebook.com\/MusiquesJuives\/","https:\/\/www.instagram.com\/musiquesjuives\/","https:\/\/www.youtube.com\/user\/musiquesjuives"]},{"@type":"Person","@id":"https:\/\/www.iemj.org\/de\/#\/schema\/person\/e2ad57f2c4be119c7ed8ab79036807a9","name":"Lea Couderc","image":{"@type":"ImageObject","inLanguage":"de","@id":"https:\/\/secure.gravatar.com\/avatar\/46ee021475d60aeff17a7e490b79dea5a5684bb392ab7fd1494027411df8ba23?s=96&d=mm&r=g","url":"https:\/\/secure.gravatar.com\/avatar\/46ee021475d60aeff17a7e490b79dea5a5684bb392ab7fd1494027411df8ba23?s=96&d=mm&r=g","contentUrl":"https:\/\/secure.gravatar.com\/avatar\/46ee021475d60aeff17a7e490b79dea5a5684bb392ab7fd1494027411df8ba23?s=96&d=mm&r=g","caption":"Lea Couderc"}}]}},"_links":{"self":[{"href":"https:\/\/www.iemj.org\/de\/wp-json\/wp\/v2\/posts\/72187","targetHints":{"allow":["GET"]}}],"collection":[{"href":"https:\/\/www.iemj.org\/de\/wp-json\/wp\/v2\/posts"}],"about":[{"href":"https:\/\/www.iemj.org\/de\/wp-json\/wp\/v2\/types\/post"}],"author":[{"embeddable":true,"href":"https:\/\/www.iemj.org\/de\/wp-json\/wp\/v2\/users\/1052"}],"replies":[{"embeddable":true,"href":"https:\/\/www.iemj.org\/de\/wp-json\/wp\/v2\/comments?post=72187"}],"version-history":[{"count":0,"href":"https:\/\/www.iemj.org\/de\/wp-json\/wp\/v2\/posts\/72187\/revisions"}],"wp:featuredmedia":[{"embeddable":true,"href":"https:\/\/www.iemj.org\/de\/wp-json\/wp\/v2\/media\/72188"}],"wp:attachment":[{"href":"https:\/\/www.iemj.org\/de\/wp-json\/wp\/v2\/media?parent=72187"}],"wp:term":[{"taxonomy":"category","embeddable":true,"href":"https:\/\/www.iemj.org\/de\/wp-json\/wp\/v2\/categories?post=72187"},{"taxonomy":"post_tag","embeddable":true,"href":"https:\/\/www.iemj.org\/de\/wp-json\/wp\/v2\/tags?post=72187"},{"taxonomy":"technique","embeddable":true,"href":"https:\/\/www.iemj.org\/de\/wp-json\/wp\/v2\/technique?post=72187"},{"taxonomy":"squelettes","embeddable":true,"href":"https:\/\/www.iemj.org\/de\/wp-json\/wp\/v2\/squelettes?post=72187"},{"taxonomy":"sujet","embeddable":true,"href":"https:\/\/www.iemj.org\/de\/wp-json\/wp\/v2\/sujet?post=72187"},{"taxonomy":"formation","embeddable":true,"href":"https:\/\/www.iemj.org\/de\/wp-json\/wp\/v2\/formation?post=72187"},{"taxonomy":"genre","embeddable":true,"href":"https:\/\/www.iemj.org\/de\/wp-json\/wp\/v2\/genre?post=72187"},{"taxonomy":"fonds","embeddable":true,"href":"https:\/\/www.iemj.org\/de\/wp-json\/wp\/v2\/fonds?post=72187"},{"taxonomy":"tradition","embeddable":true,"href":"https:\/\/www.iemj.org\/de\/wp-json\/wp\/v2\/tradition?post=72187"},{"taxonomy":"type-de-contenu","embeddable":true,"href":"https:\/\/www.iemj.org\/de\/wp-json\/wp\/v2\/type-de-contenu?post=72187"},{"taxonomy":"interprete-compositeur","embeddable":true,"href":"https:\/\/www.iemj.org\/de\/wp-json\/wp\/v2\/interprete-compositeur?post=72187"},{"taxonomy":"frise","embeddable":true,"href":"https:\/\/www.iemj.org\/de\/wp-json\/wp\/v2\/frise?post=72187"},{"taxonomy":"type-devenement","embeddable":true,"href":"https:\/\/www.iemj.org\/de\/wp-json\/wp\/v2\/type-devenement?post=72187"},{"taxonomy":"tableaux-liens-externes","embeddable":true,"href":"https:\/\/www.iemj.org\/de\/wp-json\/wp\/v2\/tableaux-liens-externes?post=72187"}],"curies":[{"name":"wp","href":"https:\/\/api.w.org\/{rel}","templated":true}]}}