{"id":72280,"date":"2019-01-16T16:08:52","date_gmt":"2019-01-16T15:08:52","guid":{"rendered":"https:\/\/www.iemj.org\/chants-liturgiques-de-salomon-sulzer-1804-1890\/"},"modified":"2025-07-09T13:12:54","modified_gmt":"2025-07-09T11:12:54","slug":"chants-liturgiques-de-salomon-sulzer-1804-1890","status":"publish","type":"post","link":"https:\/\/www.iemj.org\/de\/chants-liturgiques-de-salomon-sulzer-1804-1890\/","title":{"rendered":"LITURGISCHE GES\u00c4NGE VON SALOMON SULZER (1804-1890)"},"content":{"rendered":"<p><strong>Die sch\u00f6nsten liturgischen Lieder von Salomon Sulzer, dem Wegbereiter der neuen Synagogenmusik im Europa des fr\u00fchen 19. Jahrhunderts<\/strong><\/p>\n<p><!--more--><\/p>\n<p>Salomon Sulzer, der als Begr\u00fcnder der neuen Synagogenmusik in Europa zu Beginn des 19. Jahrhunderts gilt, wurde am 30. M\u00e4rz 1804 in Hohenems (\u00d6sterreich) geboren. Nachdem man ihn von fr\u00fchester Kindheit an im liturgischen Gesang geschult hatte, wurde er 1826, im Alter von 22 Jahren, f\u00fcr das Amt des Hauptkantors der neuen Wiener Synagoge engagiert. In diesem Gotteshaus, welches Traditionalisten und Reformisten vereinte, gestaltete Sulzer die Liturgie von Grund auf neu, indem er die traditionellen Melodien und Ges\u00e4nge der hebr\u00e4ischen Gebete bewahrte, sie aber f\u00fcr Chor, Solisten und Orgel arrangierte. Au\u00dferdem z\u00f6gerte er nicht, nicht-j\u00fcdische Komponisten, wie Schubert (1797-1828), Joseph Drechsler (1782-1852), Ignace von Seyfried (1767-1841), Franz Volkert (1778-1845) oder Vaclav W\u00fcrfel (1790-1832) mit der Komposition neuer synagogaler Lieder zu betrauen.<\/p>\n<p>Diese neue Liturgie des Wiener Ritus, wurde von Sulzer in einer beeindruckenden zweib\u00e4ndigen Sammlung namens <em>Shir Zion<\/em> (Das Lied von Zion) zusammengetragen, welche zwischen 1840 und 1865 (vielleicht auch 1866) ver\u00f6ffentlicht wurde und welche 150 Sabbat-Lieder und j\u00fcdische Festtagsmelodien f\u00fcr Kantor, Chor und Erwiderung der Gemeinschaft mit optionaler Orgelbegleitung, enth\u00e4lt.<\/p>\n<p>In dieser Hinsicht kann Sulzer, als einer der Wegbereiter der Reform des aschkenasischen Synagogengottesdienstes angesehen werden, genauso wie <a href=\"https:\/\/www.iemj.org\/de\/lovy-israel-1773-1832\/\" target=\"_blank\" rel=\"noopener\">Isra\u00ebl Lovy (1773-1832)<\/a> in Paris, Maier Kohn (1802-1875) in M\u00fcnchen, Hirsch Weintraub in K\u00f6nigsberg (1838), <a href=\"https:\/\/www.iemj.org\/de\/lewandowski-louis-lazarus-1821-1894\/\" target=\"_blank\" rel=\"noopener\">Louis Lewandowski<\/a> in Berlin (1840) oder <a href=\"https:\/\/www.iemj.org\/de\/naumbourg-samuel-1817-1880\/\" target=\"_blank\" rel=\"noopener\">Samuel Naumbourg<\/a> in Paris (1845). Die verschiedenen <em>Hazzanim<\/em> komponierten Gebetsmelodien im reinsten tonalen Stil und bem\u00fchten sich, diese in Einklang zu den altbekannten Synagogenges\u00e4ngen zu bringen.<\/p>\n<p>Salomon Sulzer starb am 17. Januar 1890 in Wien. Seine liturgischen Kompositionen werden noch heute in der Synagoge von Wien, aber ebenso auch in Frankreich (Paris, Strasbourg\u2026) in Gro\u00df-Britannien und in den Vereinigten Staaten, gesungen.<\/p>\n<p><a href=\"https:\/\/www.iemj.org\/de\/sulzer-salomon-1804-1890\/\" target=\"_blank\" rel=\"noopener\">Lesen Sie die Biografie von Salomon Sulzer<\/a><\/p>\n\n\n<figure class=\"wp-block-image alignfull size-large\"><img fetchpriority=\"high\" decoding=\"async\" width=\"1024\" height=\"133\" src=\"https:\/\/www.iemj.org\/wp-content\/uploads\/2024\/03\/AUDIO-PLAYER-1024x133.png\" alt=\"\" class=\"wp-image-110606\" srcset=\"https:\/\/www.iemj.org\/wp-content\/uploads\/2024\/03\/AUDIO-PLAYER-1024x133.png 1024w, https:\/\/www.iemj.org\/wp-content\/uploads\/2024\/03\/AUDIO-PLAYER-300x39.png 300w, https:\/\/www.iemj.org\/wp-content\/uploads\/2024\/03\/AUDIO-PLAYER-768x100.png 768w, https:\/\/www.iemj.org\/wp-content\/uploads\/2024\/03\/AUDIO-PLAYER-600x78.png 600w, https:\/\/www.iemj.org\/wp-content\/uploads\/2024\/03\/AUDIO-PLAYER.png 1210w\" sizes=\"(max-width: 1024px) 100vw, 1024px\" \/><\/figure>\n\n\n\n<p><\/p>\n","protected":false},"excerpt":{"rendered":"<p>Die sch\u00f6nsten liturgischen Lieder von Salomon Sulzer, dem Wegbereiter der neuen Synagogenmusik im Europa des fr\u00fchen 19. Jahrhunderts<\/p>\n","protected":false},"author":1045,"featured_media":72281,"comment_status":"closed","ping_status":"open","sticky":false,"template":"","format":"standard","meta":{"_acf_changed":false,"footnotes":""},"categories":[1534],"tags":[],"technique":[],"squelettes":[],"sujet":[],"formation":[],"genre":[1891],"fonds":[],"tradition":[1983],"type-de-contenu":[],"interprete-compositeur":[],"frise":[],"type-devenement":[],"tableaux-liens-externes":[],"class_list":["post-72280","post","type-post","status-publish","format-standard","has-post-thumbnail","hentry","category-playlists-de","genre-liturgie-de","tradition-aschkenasischer-ritus-de"],"acf":[],"yoast_head":"<!-- This site is optimized with the Yoast SEO plugin v27.3 - https:\/\/yoast.com\/product\/yoast-seo-wordpress\/ -->\n<title>LITURGISCHE GES\u00c4NGE VON SALOMON SULZER (1804-1890) - Institut Europ\u00e9en des Musiques Juives<\/title>\n<meta name=\"robots\" content=\"index, follow, max-snippet:-1, max-image-preview:large, max-video-preview:-1\" \/>\n<link rel=\"canonical\" href=\"https:\/\/www.iemj.org\/de\/chants-liturgiques-de-salomon-sulzer-1804-1890\/\" \/>\n<meta property=\"og:locale\" content=\"de_DE\" \/>\n<meta property=\"og:type\" content=\"article\" \/>\n<meta property=\"og:title\" content=\"LITURGISCHE GES\u00c4NGE VON SALOMON SULZER (1804-1890) - Institut Europ\u00e9en des Musiques Juives\" \/>\n<meta property=\"og:description\" content=\"Die sch\u00f6nsten liturgischen Lieder von Salomon Sulzer, dem Wegbereiter der neuen Synagogenmusik im Europa des fr\u00fchen 19. Jahrhunderts\" \/>\n<meta property=\"og:url\" content=\"https:\/\/www.iemj.org\/de\/chants-liturgiques-de-salomon-sulzer-1804-1890\/\" \/>\n<meta property=\"og:site_name\" content=\"Institut Europ\u00e9en des Musiques Juives\" \/>\n<meta property=\"article:publisher\" content=\"https:\/\/www.facebook.com\/MusiquesJuives\/\" \/>\n<meta property=\"article:published_time\" content=\"2019-01-16T15:08:52+00:00\" \/>\n<meta property=\"article:modified_time\" content=\"2025-07-09T11:12:54+00:00\" \/>\n<meta property=\"og:image\" content=\"https:\/\/www.iemj.org\/wp-content\/uploads\/2019\/01\/arton3892.jpg\" \/>\n\t<meta property=\"og:image:width\" content=\"336\" \/>\n\t<meta property=\"og:image:height\" content=\"409\" \/>\n\t<meta property=\"og:image:type\" content=\"image\/jpeg\" \/>\n<meta name=\"author\" content=\"Herv\u00e9 Roten\" \/>\n<meta name=\"twitter:card\" content=\"summary_large_image\" \/>\n<meta name=\"twitter:label1\" content=\"Verfasst von\" \/>\n\t<meta name=\"twitter:data1\" content=\"Herv\u00e9 Roten\" \/>\n\t<meta name=\"twitter:label2\" content=\"Gesch\u00e4tzte Lesezeit\" \/>\n\t<meta name=\"twitter:data2\" content=\"2\u00a0Minuten\" \/>\n<script type=\"application\/ld+json\" class=\"yoast-schema-graph\">{\"@context\":\"https:\\\/\\\/schema.org\",\"@graph\":[{\"@type\":\"Article\",\"@id\":\"https:\\\/\\\/www.iemj.org\\\/de\\\/chants-liturgiques-de-salomon-sulzer-1804-1890\\\/#article\",\"isPartOf\":{\"@id\":\"https:\\\/\\\/www.iemj.org\\\/de\\\/chants-liturgiques-de-salomon-sulzer-1804-1890\\\/\"},\"author\":{\"name\":\"Herv\u00e9 Roten\",\"@id\":\"https:\\\/\\\/www.iemj.org\\\/de\\\/#\\\/schema\\\/person\\\/906134402c29d5c76e7b726261dd4bbd\"},\"headline\":\"LITURGISCHE GES\u00c4NGE VON SALOMON SULZER (1804-1890)\",\"datePublished\":\"2019-01-16T15:08:52+00:00\",\"dateModified\":\"2025-07-09T11:12:54+00:00\",\"mainEntityOfPage\":{\"@id\":\"https:\\\/\\\/www.iemj.org\\\/de\\\/chants-liturgiques-de-salomon-sulzer-1804-1890\\\/\"},\"wordCount\":312,\"publisher\":{\"@id\":\"https:\\\/\\\/www.iemj.org\\\/de\\\/#organization\"},\"image\":{\"@id\":\"https:\\\/\\\/www.iemj.org\\\/de\\\/chants-liturgiques-de-salomon-sulzer-1804-1890\\\/#primaryimage\"},\"thumbnailUrl\":\"https:\\\/\\\/www.iemj.org\\\/wp-content\\\/uploads\\\/2019\\\/01\\\/arton3892.jpg\",\"articleSection\":[\"Playlists\"],\"inLanguage\":\"de\"},{\"@type\":\"WebPage\",\"@id\":\"https:\\\/\\\/www.iemj.org\\\/de\\\/chants-liturgiques-de-salomon-sulzer-1804-1890\\\/\",\"url\":\"https:\\\/\\\/www.iemj.org\\\/de\\\/chants-liturgiques-de-salomon-sulzer-1804-1890\\\/\",\"name\":\"LITURGISCHE GES\u00c4NGE VON SALOMON SULZER (1804-1890) - Institut Europ\u00e9en des Musiques Juives\",\"isPartOf\":{\"@id\":\"https:\\\/\\\/www.iemj.org\\\/de\\\/#website\"},\"primaryImageOfPage\":{\"@id\":\"https:\\\/\\\/www.iemj.org\\\/de\\\/chants-liturgiques-de-salomon-sulzer-1804-1890\\\/#primaryimage\"},\"image\":{\"@id\":\"https:\\\/\\\/www.iemj.org\\\/de\\\/chants-liturgiques-de-salomon-sulzer-1804-1890\\\/#primaryimage\"},\"thumbnailUrl\":\"https:\\\/\\\/www.iemj.org\\\/wp-content\\\/uploads\\\/2019\\\/01\\\/arton3892.jpg\",\"datePublished\":\"2019-01-16T15:08:52+00:00\",\"dateModified\":\"2025-07-09T11:12:54+00:00\",\"breadcrumb\":{\"@id\":\"https:\\\/\\\/www.iemj.org\\\/de\\\/chants-liturgiques-de-salomon-sulzer-1804-1890\\\/#breadcrumb\"},\"inLanguage\":\"de\",\"potentialAction\":[{\"@type\":\"ReadAction\",\"target\":[\"https:\\\/\\\/www.iemj.org\\\/de\\\/chants-liturgiques-de-salomon-sulzer-1804-1890\\\/\"]}]},{\"@type\":\"ImageObject\",\"inLanguage\":\"de\",\"@id\":\"https:\\\/\\\/www.iemj.org\\\/de\\\/chants-liturgiques-de-salomon-sulzer-1804-1890\\\/#primaryimage\",\"url\":\"https:\\\/\\\/www.iemj.org\\\/wp-content\\\/uploads\\\/2019\\\/01\\\/arton3892.jpg\",\"contentUrl\":\"https:\\\/\\\/www.iemj.org\\\/wp-content\\\/uploads\\\/2019\\\/01\\\/arton3892.jpg\",\"width\":336,\"height\":409},{\"@type\":\"BreadcrumbList\",\"@id\":\"https:\\\/\\\/www.iemj.org\\\/de\\\/chants-liturgiques-de-salomon-sulzer-1804-1890\\\/#breadcrumb\",\"itemListElement\":[{\"@type\":\"ListItem\",\"position\":1,\"name\":\"Accueil\",\"item\":\"https:\\\/\\\/www.iemj.org\\\/de\\\/\"},{\"@type\":\"ListItem\",\"position\":2,\"name\":\"LITURGISCHE GES\u00c4NGE VON SALOMON SULZER (1804-1890)\"}]},{\"@type\":\"WebSite\",\"@id\":\"https:\\\/\\\/www.iemj.org\\\/de\\\/#website\",\"url\":\"https:\\\/\\\/www.iemj.org\\\/de\\\/\",\"name\":\"Institut Europ\u00e9en des Musiques Juives\",\"description\":\"Des traditions musicales \u00e0 la port\u00e9e de tous\",\"publisher\":{\"@id\":\"https:\\\/\\\/www.iemj.org\\\/de\\\/#organization\"},\"potentialAction\":[{\"@type\":\"SearchAction\",\"target\":{\"@type\":\"EntryPoint\",\"urlTemplate\":\"https:\\\/\\\/www.iemj.org\\\/de\\\/?s={search_term_string}\"},\"query-input\":{\"@type\":\"PropertyValueSpecification\",\"valueRequired\":true,\"valueName\":\"search_term_string\"}}],\"inLanguage\":\"de\"},{\"@type\":\"Organization\",\"@id\":\"https:\\\/\\\/www.iemj.org\\\/de\\\/#organization\",\"name\":\"Institut Europ\u00e9en des Musiques Juives\",\"url\":\"https:\\\/\\\/www.iemj.org\\\/de\\\/\",\"logo\":{\"@type\":\"ImageObject\",\"inLanguage\":\"de\",\"@id\":\"https:\\\/\\\/www.iemj.org\\\/de\\\/#\\\/schema\\\/logo\\\/image\\\/\",\"url\":\"https:\\\/\\\/www.iemj.org\\\/wp-content\\\/uploads\\\/2021\\\/09\\\/Logo-IEMJ-Paypal.jpg\",\"contentUrl\":\"https:\\\/\\\/www.iemj.org\\\/wp-content\\\/uploads\\\/2021\\\/09\\\/Logo-IEMJ-Paypal.jpg\",\"width\":150,\"height\":50,\"caption\":\"Institut Europ\u00e9en des Musiques Juives\"},\"image\":{\"@id\":\"https:\\\/\\\/www.iemj.org\\\/de\\\/#\\\/schema\\\/logo\\\/image\\\/\"},\"sameAs\":[\"https:\\\/\\\/www.facebook.com\\\/MusiquesJuives\\\/\",\"https:\\\/\\\/www.instagram.com\\\/musiquesjuives\\\/\",\"https:\\\/\\\/www.youtube.com\\\/user\\\/musiquesjuives\"]},{\"@type\":\"Person\",\"@id\":\"https:\\\/\\\/www.iemj.org\\\/de\\\/#\\\/schema\\\/person\\\/906134402c29d5c76e7b726261dd4bbd\",\"name\":\"Herv\u00e9 Roten\",\"image\":{\"@type\":\"ImageObject\",\"inLanguage\":\"de\",\"@id\":\"https:\\\/\\\/secure.gravatar.com\\\/avatar\\\/f96ad2db538a26481f18384936b5cd0610c92d390c4dc382209216d455f685ff?s=96&d=mm&r=g\",\"url\":\"https:\\\/\\\/secure.gravatar.com\\\/avatar\\\/f96ad2db538a26481f18384936b5cd0610c92d390c4dc382209216d455f685ff?s=96&d=mm&r=g\",\"contentUrl\":\"https:\\\/\\\/secure.gravatar.com\\\/avatar\\\/f96ad2db538a26481f18384936b5cd0610c92d390c4dc382209216d455f685ff?s=96&d=mm&r=g\",\"caption\":\"Herv\u00e9 Roten\"}}]}<\/script>\n<!-- \/ Yoast SEO plugin. -->","yoast_head_json":{"title":"LITURGISCHE GES\u00c4NGE VON SALOMON SULZER (1804-1890) - Institut Europ\u00e9en des Musiques Juives","robots":{"index":"index","follow":"follow","max-snippet":"max-snippet:-1","max-image-preview":"max-image-preview:large","max-video-preview":"max-video-preview:-1"},"canonical":"https:\/\/www.iemj.org\/de\/chants-liturgiques-de-salomon-sulzer-1804-1890\/","og_locale":"de_DE","og_type":"article","og_title":"LITURGISCHE GES\u00c4NGE VON SALOMON SULZER (1804-1890) - Institut Europ\u00e9en des Musiques Juives","og_description":"Die sch\u00f6nsten liturgischen Lieder von Salomon Sulzer, dem Wegbereiter der neuen Synagogenmusik im Europa des fr\u00fchen 19. Jahrhunderts","og_url":"https:\/\/www.iemj.org\/de\/chants-liturgiques-de-salomon-sulzer-1804-1890\/","og_site_name":"Institut Europ\u00e9en des Musiques Juives","article_publisher":"https:\/\/www.facebook.com\/MusiquesJuives\/","article_published_time":"2019-01-16T15:08:52+00:00","article_modified_time":"2025-07-09T11:12:54+00:00","og_image":[{"width":336,"height":409,"url":"https:\/\/www.iemj.org\/wp-content\/uploads\/2019\/01\/arton3892.jpg","type":"image\/jpeg"}],"author":"Herv\u00e9 Roten","twitter_card":"summary_large_image","twitter_misc":{"Verfasst von":"Herv\u00e9 Roten","Gesch\u00e4tzte Lesezeit":"2\u00a0Minuten"},"schema":{"@context":"https:\/\/schema.org","@graph":[{"@type":"Article","@id":"https:\/\/www.iemj.org\/de\/chants-liturgiques-de-salomon-sulzer-1804-1890\/#article","isPartOf":{"@id":"https:\/\/www.iemj.org\/de\/chants-liturgiques-de-salomon-sulzer-1804-1890\/"},"author":{"name":"Herv\u00e9 Roten","@id":"https:\/\/www.iemj.org\/de\/#\/schema\/person\/906134402c29d5c76e7b726261dd4bbd"},"headline":"LITURGISCHE GES\u00c4NGE VON SALOMON SULZER (1804-1890)","datePublished":"2019-01-16T15:08:52+00:00","dateModified":"2025-07-09T11:12:54+00:00","mainEntityOfPage":{"@id":"https:\/\/www.iemj.org\/de\/chants-liturgiques-de-salomon-sulzer-1804-1890\/"},"wordCount":312,"publisher":{"@id":"https:\/\/www.iemj.org\/de\/#organization"},"image":{"@id":"https:\/\/www.iemj.org\/de\/chants-liturgiques-de-salomon-sulzer-1804-1890\/#primaryimage"},"thumbnailUrl":"https:\/\/www.iemj.org\/wp-content\/uploads\/2019\/01\/arton3892.jpg","articleSection":["Playlists"],"inLanguage":"de"},{"@type":"WebPage","@id":"https:\/\/www.iemj.org\/de\/chants-liturgiques-de-salomon-sulzer-1804-1890\/","url":"https:\/\/www.iemj.org\/de\/chants-liturgiques-de-salomon-sulzer-1804-1890\/","name":"LITURGISCHE GES\u00c4NGE VON SALOMON SULZER (1804-1890) - Institut Europ\u00e9en des Musiques Juives","isPartOf":{"@id":"https:\/\/www.iemj.org\/de\/#website"},"primaryImageOfPage":{"@id":"https:\/\/www.iemj.org\/de\/chants-liturgiques-de-salomon-sulzer-1804-1890\/#primaryimage"},"image":{"@id":"https:\/\/www.iemj.org\/de\/chants-liturgiques-de-salomon-sulzer-1804-1890\/#primaryimage"},"thumbnailUrl":"https:\/\/www.iemj.org\/wp-content\/uploads\/2019\/01\/arton3892.jpg","datePublished":"2019-01-16T15:08:52+00:00","dateModified":"2025-07-09T11:12:54+00:00","breadcrumb":{"@id":"https:\/\/www.iemj.org\/de\/chants-liturgiques-de-salomon-sulzer-1804-1890\/#breadcrumb"},"inLanguage":"de","potentialAction":[{"@type":"ReadAction","target":["https:\/\/www.iemj.org\/de\/chants-liturgiques-de-salomon-sulzer-1804-1890\/"]}]},{"@type":"ImageObject","inLanguage":"de","@id":"https:\/\/www.iemj.org\/de\/chants-liturgiques-de-salomon-sulzer-1804-1890\/#primaryimage","url":"https:\/\/www.iemj.org\/wp-content\/uploads\/2019\/01\/arton3892.jpg","contentUrl":"https:\/\/www.iemj.org\/wp-content\/uploads\/2019\/01\/arton3892.jpg","width":336,"height":409},{"@type":"BreadcrumbList","@id":"https:\/\/www.iemj.org\/de\/chants-liturgiques-de-salomon-sulzer-1804-1890\/#breadcrumb","itemListElement":[{"@type":"ListItem","position":1,"name":"Accueil","item":"https:\/\/www.iemj.org\/de\/"},{"@type":"ListItem","position":2,"name":"LITURGISCHE GES\u00c4NGE VON SALOMON SULZER (1804-1890)"}]},{"@type":"WebSite","@id":"https:\/\/www.iemj.org\/de\/#website","url":"https:\/\/www.iemj.org\/de\/","name":"Institut Europ\u00e9en des Musiques Juives","description":"Des traditions musicales \u00e0 la port\u00e9e de tous","publisher":{"@id":"https:\/\/www.iemj.org\/de\/#organization"},"potentialAction":[{"@type":"SearchAction","target":{"@type":"EntryPoint","urlTemplate":"https:\/\/www.iemj.org\/de\/?s={search_term_string}"},"query-input":{"@type":"PropertyValueSpecification","valueRequired":true,"valueName":"search_term_string"}}],"inLanguage":"de"},{"@type":"Organization","@id":"https:\/\/www.iemj.org\/de\/#organization","name":"Institut Europ\u00e9en des Musiques Juives","url":"https:\/\/www.iemj.org\/de\/","logo":{"@type":"ImageObject","inLanguage":"de","@id":"https:\/\/www.iemj.org\/de\/#\/schema\/logo\/image\/","url":"https:\/\/www.iemj.org\/wp-content\/uploads\/2021\/09\/Logo-IEMJ-Paypal.jpg","contentUrl":"https:\/\/www.iemj.org\/wp-content\/uploads\/2021\/09\/Logo-IEMJ-Paypal.jpg","width":150,"height":50,"caption":"Institut Europ\u00e9en des Musiques Juives"},"image":{"@id":"https:\/\/www.iemj.org\/de\/#\/schema\/logo\/image\/"},"sameAs":["https:\/\/www.facebook.com\/MusiquesJuives\/","https:\/\/www.instagram.com\/musiquesjuives\/","https:\/\/www.youtube.com\/user\/musiquesjuives"]},{"@type":"Person","@id":"https:\/\/www.iemj.org\/de\/#\/schema\/person\/906134402c29d5c76e7b726261dd4bbd","name":"Herv\u00e9 Roten","image":{"@type":"ImageObject","inLanguage":"de","@id":"https:\/\/secure.gravatar.com\/avatar\/f96ad2db538a26481f18384936b5cd0610c92d390c4dc382209216d455f685ff?s=96&d=mm&r=g","url":"https:\/\/secure.gravatar.com\/avatar\/f96ad2db538a26481f18384936b5cd0610c92d390c4dc382209216d455f685ff?s=96&d=mm&r=g","contentUrl":"https:\/\/secure.gravatar.com\/avatar\/f96ad2db538a26481f18384936b5cd0610c92d390c4dc382209216d455f685ff?s=96&d=mm&r=g","caption":"Herv\u00e9 Roten"}}]}},"_links":{"self":[{"href":"https:\/\/www.iemj.org\/de\/wp-json\/wp\/v2\/posts\/72280","targetHints":{"allow":["GET"]}}],"collection":[{"href":"https:\/\/www.iemj.org\/de\/wp-json\/wp\/v2\/posts"}],"about":[{"href":"https:\/\/www.iemj.org\/de\/wp-json\/wp\/v2\/types\/post"}],"author":[{"embeddable":true,"href":"https:\/\/www.iemj.org\/de\/wp-json\/wp\/v2\/users\/1045"}],"replies":[{"embeddable":true,"href":"https:\/\/www.iemj.org\/de\/wp-json\/wp\/v2\/comments?post=72280"}],"version-history":[{"count":0,"href":"https:\/\/www.iemj.org\/de\/wp-json\/wp\/v2\/posts\/72280\/revisions"}],"wp:featuredmedia":[{"embeddable":true,"href":"https:\/\/www.iemj.org\/de\/wp-json\/wp\/v2\/media\/72281"}],"wp:attachment":[{"href":"https:\/\/www.iemj.org\/de\/wp-json\/wp\/v2\/media?parent=72280"}],"wp:term":[{"taxonomy":"category","embeddable":true,"href":"https:\/\/www.iemj.org\/de\/wp-json\/wp\/v2\/categories?post=72280"},{"taxonomy":"post_tag","embeddable":true,"href":"https:\/\/www.iemj.org\/de\/wp-json\/wp\/v2\/tags?post=72280"},{"taxonomy":"technique","embeddable":true,"href":"https:\/\/www.iemj.org\/de\/wp-json\/wp\/v2\/technique?post=72280"},{"taxonomy":"squelettes","embeddable":true,"href":"https:\/\/www.iemj.org\/de\/wp-json\/wp\/v2\/squelettes?post=72280"},{"taxonomy":"sujet","embeddable":true,"href":"https:\/\/www.iemj.org\/de\/wp-json\/wp\/v2\/sujet?post=72280"},{"taxonomy":"formation","embeddable":true,"href":"https:\/\/www.iemj.org\/de\/wp-json\/wp\/v2\/formation?post=72280"},{"taxonomy":"genre","embeddable":true,"href":"https:\/\/www.iemj.org\/de\/wp-json\/wp\/v2\/genre?post=72280"},{"taxonomy":"fonds","embeddable":true,"href":"https:\/\/www.iemj.org\/de\/wp-json\/wp\/v2\/fonds?post=72280"},{"taxonomy":"tradition","embeddable":true,"href":"https:\/\/www.iemj.org\/de\/wp-json\/wp\/v2\/tradition?post=72280"},{"taxonomy":"type-de-contenu","embeddable":true,"href":"https:\/\/www.iemj.org\/de\/wp-json\/wp\/v2\/type-de-contenu?post=72280"},{"taxonomy":"interprete-compositeur","embeddable":true,"href":"https:\/\/www.iemj.org\/de\/wp-json\/wp\/v2\/interprete-compositeur?post=72280"},{"taxonomy":"frise","embeddable":true,"href":"https:\/\/www.iemj.org\/de\/wp-json\/wp\/v2\/frise?post=72280"},{"taxonomy":"type-devenement","embeddable":true,"href":"https:\/\/www.iemj.org\/de\/wp-json\/wp\/v2\/type-devenement?post=72280"},{"taxonomy":"tableaux-liens-externes","embeddable":true,"href":"https:\/\/www.iemj.org\/de\/wp-json\/wp\/v2\/tableaux-liens-externes?post=72280"}],"curies":[{"name":"wp","href":"https:\/\/api.w.org\/{rel}","templated":true}]}}