{"id":72359,"date":"2017-05-23T15:35:09","date_gmt":"2017-05-23T13:35:09","guid":{"rendered":"https:\/\/www.iemj.org\/chavouot-2eme-partie\/"},"modified":"2025-05-27T12:15:18","modified_gmt":"2025-05-27T10:15:18","slug":"chavouot-2eme-partie","status":"publish","type":"post","link":"https:\/\/www.iemj.org\/de\/chavouot-2eme-partie\/","title":{"rendered":"SCHAWUOT 2"},"content":{"rendered":"<p><strong>H\u00f6ren Sie sich eine anl\u00e4sslich des Schawuot-Fests zusammengestellte Playlist an<\/strong><\/p>\n<p><strong>Fests zusammengestellte Playlist an<\/strong><\/p>\n<p>Schawuot ist neben Rosch Ha-Schana, Jom Kippur, Sukkot und Pessach einer der gro\u00dfen Feiertage des j\u00fcdischen Kalenders. Zun\u00e4chst einmal findet in der Tora kein genaues Datum Erw\u00e4hnung: Im Levitikus (XXIII 15) wird lediglich vorgeschrieben, dass das Fest sieben Tage nach dem zweiten Tag von Pessach stattfindet. Es m\u00fcssen daher Tage und Wochen gez\u00e4hlt werden, woraus auch der Name Schawuot resultiert, was auf Hebr\u00e4isch \u201eWochen\u201c bedeutet.<\/p>\n<p>Dieses Tagez\u00e4hlen h\u00e4ngt mit dem Z\u00e4hlen der Omer zusammen, einer Ma\u00dfeinheit f\u00fcr Getreide, welche als Erstlingsfrucht im Tempel von Jerusalem geopfert wurde. Demnach ist Schawuot eines der drei Wallfahrtsfeste (Pessach, Schawuot und Sukkot), welche im antiken Israel vom Fr\u00fchlingsanfang bis zum Abschluss der Ernte im Herbst stattfanden.<\/p>\n<p><img fetchpriority=\"high\" decoding=\"async\" class=\" aligncenter size-full wp-image-14226\" src=\"https:\/\/www.iemj.org\/wp-content\/uploads\/2017\/05\/doc_2_chavouot_2_500px.jpg\" alt=\"doc_2_chavouot_2_500px.jpg\" width=\"700\" height=\"212\" align=\"middle\" srcset=\"https:\/\/www.iemj.org\/wp-content\/uploads\/2017\/05\/doc_2_chavouot_2_500px.jpg 700w, https:\/\/www.iemj.org\/wp-content\/uploads\/2017\/05\/doc_2_chavouot_2_500px-300x91.jpg 300w, https:\/\/www.iemj.org\/wp-content\/uploads\/2017\/05\/doc_2_chavouot_2_500px-600x182.jpg 600w\" sizes=\"(max-width: 700px) 100vw, 700px\" \/><\/p>\n<p>Eine weitere Besonderheit des Schawuot-Festes ist die Lesung der Kapitel XIX und XX des Exodus in der Synagoge, welche von der Verk\u00fcndigung und \u00dcbergabe der Tora auf dem Berg Sinai handeln. Aus dieser Verbindung, welche der Feiertag mit der \u00dcbergabe der Tora herstellt, ergeben sich verschiedene Br\u00e4uche, wie die Nachtwache am Feiertag (Tikkun Leil Schawuot), das Essen milchhaltiger Speisen, das Lesen des Buches Ruth sowie der Hazharot, (eine Art Paraphrase der 10 Gebote) und der Hakdamot (einleitende Abschnitte der Mischna, verfasst von Maimonides [1138-1204]).<\/p>\n<p>In den Kibbuzim, von den 1920er Jahren bis nach der Gr\u00fcndung des Staates Israel, war das Schawuot-Fest, welches mit der Ernte verbunden wird, der Anlass f\u00fcr Feiern mit einer besonderen Folklore und Pionierliedern.<\/p>\n<p><a href=\"https:\/\/www.iemj.org\/chavouot-une-entree-dans-la-huitieme-dimension\/\" target=\"_blank\" rel=\"noopener\">H\u00f6ren Sie sich die von Herv\u00e9 Roten pr\u00e4sentierte Radiosendung an: Chavouot \u2013 une entr\u00e9e dans la huiti\u00e8me dimension<\/a><br \/><a href=\"https:\/\/www.iemj.org\/de\/chavouot\/\" target=\"_blank\" rel=\"noopener\">H\u00f6ren Sie sich die Playlist an: Schawuot 1<\/a><\/p>\n\n<div class=\"wp-block-image\">\n<figure class=\"aligncenter size-large\"><img decoding=\"async\" width=\"1024\" height=\"133\" src=\"https:\/\/www.iemj.org\/wp-content\/uploads\/2024\/03\/AUDIO-PLAYER-1024x133.png\" alt=\"\" class=\"wp-image-110606\" srcset=\"https:\/\/www.iemj.org\/wp-content\/uploads\/2024\/03\/AUDIO-PLAYER-1024x133.png 1024w, https:\/\/www.iemj.org\/wp-content\/uploads\/2024\/03\/AUDIO-PLAYER-300x39.png 300w, https:\/\/www.iemj.org\/wp-content\/uploads\/2024\/03\/AUDIO-PLAYER-768x100.png 768w, https:\/\/www.iemj.org\/wp-content\/uploads\/2024\/03\/AUDIO-PLAYER-600x78.png 600w, https:\/\/www.iemj.org\/wp-content\/uploads\/2024\/03\/AUDIO-PLAYER.png 1210w\" sizes=\"(max-width: 1024px) 100vw, 1024px\" \/><\/figure>\n<\/div>\n\n\n<div class=\"wp-block-file\"><a id=\"wp-block-file--media-cf9c87f0-b5dc-4328-ab8e-b7c198275b73\" href=\"https:\/\/www.iemj.org\/wp-content\/uploads\/2017\/05\/ad_heina_-_yaakov_motzen_colin_schachat_extrait_.mp3\">Ad heina &#8211; Yaakov Motzen &amp; Colin Schachat (EXTRAIT)<\/a><\/div>\n\n\n\n<div class=\"wp-block-file\"><a id=\"wp-block-file--media-5f4ec0fd-1dde-4548-8527-8ebf43768a91\" href=\"https:\/\/www.iemj.org\/wp-content\/uploads\/2017\/05\/akdumot_-_leibele_waldman_extrait_.mp3\">Akdumot &#8211; Leibele Waldman (EXTRAIT)<\/a><\/div>\n\n\n\n<div class=\"wp-block-file\"><a id=\"wp-block-file--media-5ec45fff-0b03-4ba8-932c-5a809f39d514\" href=\"https:\/\/www.iemj.org\/wp-content\/uploads\/2017\/05\/esther_mi_bien_-_keren_esther.mp3\">Esther mi bien &#8211; Keren Esther<\/a><\/div>\n\n\n\n<div class=\"wp-block-file\"><a id=\"wp-block-file--media-f83f7d31-9b54-4a46-83f6-0e14282819cb\" href=\"https:\/\/www.iemj.org\/wp-content\/uploads\/2017\/05\/hashem_z_charanu_-_yaakov_motzen_extrait_.mp3\">Hashem Z&#8217;charanu &#8211; Yaakov Motzen (EXTRAIT)<\/a><\/div>\n\n\n\n<div class=\"wp-block-file\"><a id=\"wp-block-file--media-64257d2d-b06c-41d5-8ea6-b49ebb122be5\" href=\"https:\/\/www.iemj.org\/wp-content\/uploads\/2017\/05\/hineni_mouchon_umuzumon_-_leible_waldman.mp3\">Hineni mouchon umuzumon &#8211; Leible Waldman<\/a><\/div>\n\n\n\n<div class=\"wp-block-file\"><a id=\"wp-block-file--media-aa3a4390-5842-4930-b957-1509e0afba97\" href=\"https:\/\/www.iemj.org\/wp-content\/uploads\/2017\/05\/kevodo_-_yaakov_motzen_extrait_.mp3\">Kevodo &#8211; Yaakov Motzen (EXTRAIT)<\/a><\/div>\n\n\n\n<div class=\"wp-block-file\"><a id=\"wp-block-file--media-152dd7c0-82f9-460a-8b99-a5ee8992e651\" href=\"https:\/\/www.iemj.org\/wp-content\/uploads\/2017\/05\/kiddush_le-shavu_ot_-_isaac_algazi.mp3\">Kiddush le-Shavu\u2019ot &#8211; Isaac Algazi<\/a><\/div>\n\n\n\n<div class=\"wp-block-file\"><a id=\"wp-block-file--media-dfd9183b-5d2e-4949-abcb-6e309532e315\" href=\"https:\/\/www.iemj.org\/wp-content\/uploads\/2017\/05\/min_hametsar_-_jacques-fromental_halevy_extrait_.mp3\">Min Hametsar &#8211; Jacques-Fromental Halevy (EXTRAIT)<\/a><\/div>\n\n\n\n<div class=\"wp-block-file\"><a id=\"wp-block-file--media-9843dcbd-fbd6-4e8a-9558-52ddfa4ba72c\" href=\"https:\/\/www.iemj.org\/wp-content\/uploads\/2017\/05\/mipi_el_-_duo_reim.mp3\">Mipi El &#8211; Duo Reim<\/a><\/div>\n\n\n\n<div class=\"wp-block-file\"><a id=\"wp-block-file--media-5aac8130-cfd2-4cb9-896c-6e35c9f84fc0\" href=\"https:\/\/www.iemj.org\/wp-content\/uploads\/2017\/05\/mipi_el_-_shoshana_damari.mp3\">Mipi El &#8211; Shoshana Damari<\/a><\/div>\n\n\n\n<div class=\"wp-block-file\"><a id=\"wp-block-file--media-ef4426aa-f48d-4d05-8f02-c3af257cfcce\" href=\"https:\/\/www.iemj.org\/wp-content\/uploads\/2017\/05\/ruth_-_ensemble_vocal_des_scouts_de_france.mp3\">Ruth &#8211; Ensemble vocal des Scouts de France<\/a><\/div>\n\n\n\n<div class=\"wp-block-file\"><a id=\"wp-block-file--media-79202309-3417-4d52-b3c1-15d4c1a79a43\" href=\"https:\/\/www.iemj.org\/wp-content\/uploads\/2017\/05\/sefirat_haomer_-_jacob_kousevitsky.mp3\">Sefirat haomer &#8211; Jacob Kousevitsky<\/a><\/div>\n","protected":false},"excerpt":{"rendered":"<p>H\u00f6ren Sie sich eine anl\u00e4sslich des Schawuot-Fests zusammengestellte Playlist an Fests zusammengestellte Playlist an Schawuot ist neben Rosch Ha-Schana, Jom Kippur, Sukkot und Pessach einer der gro\u00dfen Feiertage des j\u00fcdischen<\/p>\n","protected":false},"author":1052,"featured_media":112567,"comment_status":"closed","ping_status":"closed","sticky":false,"template":"","format":"standard","meta":{"_acf_changed":false,"footnotes":""},"categories":[1534],"tags":[],"technique":[],"squelettes":[],"sujet":[1705],"formation":[],"genre":[],"fonds":[],"tradition":[],"type-de-contenu":[],"interprete-compositeur":[],"frise":[],"type-devenement":[],"tableaux-liens-externes":[],"class_list":["post-72359","post","type-post","status-publish","format-standard","has-post-thumbnail","hentry","category-playlists-de","sujet-schawuot-de"],"acf":[],"yoast_head":"<!-- This site is optimized with the Yoast SEO plugin v27.3 - https:\/\/yoast.com\/product\/yoast-seo-wordpress\/ -->\n<title>SCHAWUOT 2 - Institut Europ\u00e9en des Musiques Juives<\/title>\n<meta name=\"robots\" content=\"index, follow, max-snippet:-1, max-image-preview:large, max-video-preview:-1\" \/>\n<link rel=\"canonical\" href=\"https:\/\/www.iemj.org\/de\/chavouot-2eme-partie\/\" \/>\n<meta property=\"og:locale\" content=\"de_DE\" \/>\n<meta property=\"og:type\" content=\"article\" \/>\n<meta property=\"og:title\" content=\"SCHAWUOT 2 - Institut Europ\u00e9en des Musiques Juives\" \/>\n<meta property=\"og:description\" content=\"H\u00f6ren Sie sich eine anl\u00e4sslich des Schawuot-Fests zusammengestellte Playlist an Fests zusammengestellte Playlist an Schawuot ist neben Rosch Ha-Schana, Jom Kippur, Sukkot und Pessach einer der gro\u00dfen Feiertage des j\u00fcdischen\" \/>\n<meta property=\"og:url\" content=\"https:\/\/www.iemj.org\/de\/chavouot-2eme-partie\/\" \/>\n<meta property=\"og:site_name\" content=\"Institut Europ\u00e9en des Musiques Juives\" \/>\n<meta property=\"article:publisher\" content=\"https:\/\/www.facebook.com\/MusiquesJuives\/\" \/>\n<meta property=\"article:published_time\" content=\"2017-05-23T13:35:09+00:00\" \/>\n<meta property=\"article:modified_time\" content=\"2025-05-27T10:15:18+00:00\" \/>\n<meta property=\"og:image\" content=\"https:\/\/www.iemj.org\/wp-content\/uploads\/2017\/05\/Shavuot2.jpg\" \/>\n\t<meta property=\"og:image:width\" content=\"500\" \/>\n\t<meta property=\"og:image:height\" content=\"500\" \/>\n\t<meta property=\"og:image:type\" content=\"image\/jpeg\" \/>\n<meta name=\"author\" content=\"Lea Couderc\" \/>\n<meta name=\"twitter:card\" content=\"summary_large_image\" \/>\n<meta name=\"twitter:label1\" content=\"Verfasst von\" \/>\n\t<meta name=\"twitter:data1\" content=\"Lea Couderc\" \/>\n\t<meta name=\"twitter:label2\" content=\"Gesch\u00e4tzte Lesezeit\" \/>\n\t<meta name=\"twitter:data2\" content=\"3\u00a0Minuten\" \/>\n<script type=\"application\/ld+json\" class=\"yoast-schema-graph\">{\"@context\":\"https:\\\/\\\/schema.org\",\"@graph\":[{\"@type\":\"Article\",\"@id\":\"https:\\\/\\\/www.iemj.org\\\/de\\\/chavouot-2eme-partie\\\/#article\",\"isPartOf\":{\"@id\":\"https:\\\/\\\/www.iemj.org\\\/de\\\/chavouot-2eme-partie\\\/\"},\"author\":{\"name\":\"Lea Couderc\",\"@id\":\"https:\\\/\\\/www.iemj.org\\\/de\\\/#\\\/schema\\\/person\\\/e2ad57f2c4be119c7ed8ab79036807a9\"},\"headline\":\"SCHAWUOT 2\",\"datePublished\":\"2017-05-23T13:35:09+00:00\",\"dateModified\":\"2025-05-27T10:15:18+00:00\",\"mainEntityOfPage\":{\"@id\":\"https:\\\/\\\/www.iemj.org\\\/de\\\/chavouot-2eme-partie\\\/\"},\"wordCount\":363,\"publisher\":{\"@id\":\"https:\\\/\\\/www.iemj.org\\\/de\\\/#organization\"},\"image\":{\"@id\":\"https:\\\/\\\/www.iemj.org\\\/de\\\/chavouot-2eme-partie\\\/#primaryimage\"},\"thumbnailUrl\":\"https:\\\/\\\/www.iemj.org\\\/wp-content\\\/uploads\\\/2017\\\/05\\\/Shavuot2.jpg\",\"articleSection\":[\"Playlists\"],\"inLanguage\":\"de\"},{\"@type\":\"WebPage\",\"@id\":\"https:\\\/\\\/www.iemj.org\\\/de\\\/chavouot-2eme-partie\\\/\",\"url\":\"https:\\\/\\\/www.iemj.org\\\/de\\\/chavouot-2eme-partie\\\/\",\"name\":\"SCHAWUOT 2 - Institut Europ\u00e9en des Musiques Juives\",\"isPartOf\":{\"@id\":\"https:\\\/\\\/www.iemj.org\\\/de\\\/#website\"},\"primaryImageOfPage\":{\"@id\":\"https:\\\/\\\/www.iemj.org\\\/de\\\/chavouot-2eme-partie\\\/#primaryimage\"},\"image\":{\"@id\":\"https:\\\/\\\/www.iemj.org\\\/de\\\/chavouot-2eme-partie\\\/#primaryimage\"},\"thumbnailUrl\":\"https:\\\/\\\/www.iemj.org\\\/wp-content\\\/uploads\\\/2017\\\/05\\\/Shavuot2.jpg\",\"datePublished\":\"2017-05-23T13:35:09+00:00\",\"dateModified\":\"2025-05-27T10:15:18+00:00\",\"breadcrumb\":{\"@id\":\"https:\\\/\\\/www.iemj.org\\\/de\\\/chavouot-2eme-partie\\\/#breadcrumb\"},\"inLanguage\":\"de\",\"potentialAction\":[{\"@type\":\"ReadAction\",\"target\":[\"https:\\\/\\\/www.iemj.org\\\/de\\\/chavouot-2eme-partie\\\/\"]}]},{\"@type\":\"ImageObject\",\"inLanguage\":\"de\",\"@id\":\"https:\\\/\\\/www.iemj.org\\\/de\\\/chavouot-2eme-partie\\\/#primaryimage\",\"url\":\"https:\\\/\\\/www.iemj.org\\\/wp-content\\\/uploads\\\/2017\\\/05\\\/Shavuot2.jpg\",\"contentUrl\":\"https:\\\/\\\/www.iemj.org\\\/wp-content\\\/uploads\\\/2017\\\/05\\\/Shavuot2.jpg\",\"width\":500,\"height\":500},{\"@type\":\"BreadcrumbList\",\"@id\":\"https:\\\/\\\/www.iemj.org\\\/de\\\/chavouot-2eme-partie\\\/#breadcrumb\",\"itemListElement\":[{\"@type\":\"ListItem\",\"position\":1,\"name\":\"Accueil\",\"item\":\"https:\\\/\\\/www.iemj.org\\\/de\\\/\"},{\"@type\":\"ListItem\",\"position\":2,\"name\":\"SCHAWUOT 2\"}]},{\"@type\":\"WebSite\",\"@id\":\"https:\\\/\\\/www.iemj.org\\\/de\\\/#website\",\"url\":\"https:\\\/\\\/www.iemj.org\\\/de\\\/\",\"name\":\"Institut Europ\u00e9en des Musiques Juives\",\"description\":\"Des traditions musicales \u00e0 la port\u00e9e de tous\",\"publisher\":{\"@id\":\"https:\\\/\\\/www.iemj.org\\\/de\\\/#organization\"},\"potentialAction\":[{\"@type\":\"SearchAction\",\"target\":{\"@type\":\"EntryPoint\",\"urlTemplate\":\"https:\\\/\\\/www.iemj.org\\\/de\\\/?s={search_term_string}\"},\"query-input\":{\"@type\":\"PropertyValueSpecification\",\"valueRequired\":true,\"valueName\":\"search_term_string\"}}],\"inLanguage\":\"de\"},{\"@type\":\"Organization\",\"@id\":\"https:\\\/\\\/www.iemj.org\\\/de\\\/#organization\",\"name\":\"Institut Europ\u00e9en des Musiques Juives\",\"url\":\"https:\\\/\\\/www.iemj.org\\\/de\\\/\",\"logo\":{\"@type\":\"ImageObject\",\"inLanguage\":\"de\",\"@id\":\"https:\\\/\\\/www.iemj.org\\\/de\\\/#\\\/schema\\\/logo\\\/image\\\/\",\"url\":\"https:\\\/\\\/www.iemj.org\\\/wp-content\\\/uploads\\\/2021\\\/09\\\/Logo-IEMJ-Paypal.jpg\",\"contentUrl\":\"https:\\\/\\\/www.iemj.org\\\/wp-content\\\/uploads\\\/2021\\\/09\\\/Logo-IEMJ-Paypal.jpg\",\"width\":150,\"height\":50,\"caption\":\"Institut Europ\u00e9en des Musiques Juives\"},\"image\":{\"@id\":\"https:\\\/\\\/www.iemj.org\\\/de\\\/#\\\/schema\\\/logo\\\/image\\\/\"},\"sameAs\":[\"https:\\\/\\\/www.facebook.com\\\/MusiquesJuives\\\/\",\"https:\\\/\\\/www.instagram.com\\\/musiquesjuives\\\/\",\"https:\\\/\\\/www.youtube.com\\\/user\\\/musiquesjuives\"]},{\"@type\":\"Person\",\"@id\":\"https:\\\/\\\/www.iemj.org\\\/de\\\/#\\\/schema\\\/person\\\/e2ad57f2c4be119c7ed8ab79036807a9\",\"name\":\"Lea Couderc\",\"image\":{\"@type\":\"ImageObject\",\"inLanguage\":\"de\",\"@id\":\"https:\\\/\\\/secure.gravatar.com\\\/avatar\\\/46ee021475d60aeff17a7e490b79dea5a5684bb392ab7fd1494027411df8ba23?s=96&d=mm&r=g\",\"url\":\"https:\\\/\\\/secure.gravatar.com\\\/avatar\\\/46ee021475d60aeff17a7e490b79dea5a5684bb392ab7fd1494027411df8ba23?s=96&d=mm&r=g\",\"contentUrl\":\"https:\\\/\\\/secure.gravatar.com\\\/avatar\\\/46ee021475d60aeff17a7e490b79dea5a5684bb392ab7fd1494027411df8ba23?s=96&d=mm&r=g\",\"caption\":\"Lea Couderc\"}}]}<\/script>\n<!-- \/ Yoast SEO plugin. -->","yoast_head_json":{"title":"SCHAWUOT 2 - Institut Europ\u00e9en des Musiques Juives","robots":{"index":"index","follow":"follow","max-snippet":"max-snippet:-1","max-image-preview":"max-image-preview:large","max-video-preview":"max-video-preview:-1"},"canonical":"https:\/\/www.iemj.org\/de\/chavouot-2eme-partie\/","og_locale":"de_DE","og_type":"article","og_title":"SCHAWUOT 2 - Institut Europ\u00e9en des Musiques Juives","og_description":"H\u00f6ren Sie sich eine anl\u00e4sslich des Schawuot-Fests zusammengestellte Playlist an Fests zusammengestellte Playlist an Schawuot ist neben Rosch Ha-Schana, Jom Kippur, Sukkot und Pessach einer der gro\u00dfen Feiertage des j\u00fcdischen","og_url":"https:\/\/www.iemj.org\/de\/chavouot-2eme-partie\/","og_site_name":"Institut Europ\u00e9en des Musiques Juives","article_publisher":"https:\/\/www.facebook.com\/MusiquesJuives\/","article_published_time":"2017-05-23T13:35:09+00:00","article_modified_time":"2025-05-27T10:15:18+00:00","og_image":[{"width":500,"height":500,"url":"https:\/\/www.iemj.org\/wp-content\/uploads\/2017\/05\/Shavuot2.jpg","type":"image\/jpeg"}],"author":"Lea Couderc","twitter_card":"summary_large_image","twitter_misc":{"Verfasst von":"Lea Couderc","Gesch\u00e4tzte Lesezeit":"3\u00a0Minuten"},"schema":{"@context":"https:\/\/schema.org","@graph":[{"@type":"Article","@id":"https:\/\/www.iemj.org\/de\/chavouot-2eme-partie\/#article","isPartOf":{"@id":"https:\/\/www.iemj.org\/de\/chavouot-2eme-partie\/"},"author":{"name":"Lea Couderc","@id":"https:\/\/www.iemj.org\/de\/#\/schema\/person\/e2ad57f2c4be119c7ed8ab79036807a9"},"headline":"SCHAWUOT 2","datePublished":"2017-05-23T13:35:09+00:00","dateModified":"2025-05-27T10:15:18+00:00","mainEntityOfPage":{"@id":"https:\/\/www.iemj.org\/de\/chavouot-2eme-partie\/"},"wordCount":363,"publisher":{"@id":"https:\/\/www.iemj.org\/de\/#organization"},"image":{"@id":"https:\/\/www.iemj.org\/de\/chavouot-2eme-partie\/#primaryimage"},"thumbnailUrl":"https:\/\/www.iemj.org\/wp-content\/uploads\/2017\/05\/Shavuot2.jpg","articleSection":["Playlists"],"inLanguage":"de"},{"@type":"WebPage","@id":"https:\/\/www.iemj.org\/de\/chavouot-2eme-partie\/","url":"https:\/\/www.iemj.org\/de\/chavouot-2eme-partie\/","name":"SCHAWUOT 2 - Institut Europ\u00e9en des Musiques Juives","isPartOf":{"@id":"https:\/\/www.iemj.org\/de\/#website"},"primaryImageOfPage":{"@id":"https:\/\/www.iemj.org\/de\/chavouot-2eme-partie\/#primaryimage"},"image":{"@id":"https:\/\/www.iemj.org\/de\/chavouot-2eme-partie\/#primaryimage"},"thumbnailUrl":"https:\/\/www.iemj.org\/wp-content\/uploads\/2017\/05\/Shavuot2.jpg","datePublished":"2017-05-23T13:35:09+00:00","dateModified":"2025-05-27T10:15:18+00:00","breadcrumb":{"@id":"https:\/\/www.iemj.org\/de\/chavouot-2eme-partie\/#breadcrumb"},"inLanguage":"de","potentialAction":[{"@type":"ReadAction","target":["https:\/\/www.iemj.org\/de\/chavouot-2eme-partie\/"]}]},{"@type":"ImageObject","inLanguage":"de","@id":"https:\/\/www.iemj.org\/de\/chavouot-2eme-partie\/#primaryimage","url":"https:\/\/www.iemj.org\/wp-content\/uploads\/2017\/05\/Shavuot2.jpg","contentUrl":"https:\/\/www.iemj.org\/wp-content\/uploads\/2017\/05\/Shavuot2.jpg","width":500,"height":500},{"@type":"BreadcrumbList","@id":"https:\/\/www.iemj.org\/de\/chavouot-2eme-partie\/#breadcrumb","itemListElement":[{"@type":"ListItem","position":1,"name":"Accueil","item":"https:\/\/www.iemj.org\/de\/"},{"@type":"ListItem","position":2,"name":"SCHAWUOT 2"}]},{"@type":"WebSite","@id":"https:\/\/www.iemj.org\/de\/#website","url":"https:\/\/www.iemj.org\/de\/","name":"Institut Europ\u00e9en des Musiques Juives","description":"Des traditions musicales \u00e0 la port\u00e9e de tous","publisher":{"@id":"https:\/\/www.iemj.org\/de\/#organization"},"potentialAction":[{"@type":"SearchAction","target":{"@type":"EntryPoint","urlTemplate":"https:\/\/www.iemj.org\/de\/?s={search_term_string}"},"query-input":{"@type":"PropertyValueSpecification","valueRequired":true,"valueName":"search_term_string"}}],"inLanguage":"de"},{"@type":"Organization","@id":"https:\/\/www.iemj.org\/de\/#organization","name":"Institut Europ\u00e9en des Musiques Juives","url":"https:\/\/www.iemj.org\/de\/","logo":{"@type":"ImageObject","inLanguage":"de","@id":"https:\/\/www.iemj.org\/de\/#\/schema\/logo\/image\/","url":"https:\/\/www.iemj.org\/wp-content\/uploads\/2021\/09\/Logo-IEMJ-Paypal.jpg","contentUrl":"https:\/\/www.iemj.org\/wp-content\/uploads\/2021\/09\/Logo-IEMJ-Paypal.jpg","width":150,"height":50,"caption":"Institut Europ\u00e9en des Musiques Juives"},"image":{"@id":"https:\/\/www.iemj.org\/de\/#\/schema\/logo\/image\/"},"sameAs":["https:\/\/www.facebook.com\/MusiquesJuives\/","https:\/\/www.instagram.com\/musiquesjuives\/","https:\/\/www.youtube.com\/user\/musiquesjuives"]},{"@type":"Person","@id":"https:\/\/www.iemj.org\/de\/#\/schema\/person\/e2ad57f2c4be119c7ed8ab79036807a9","name":"Lea Couderc","image":{"@type":"ImageObject","inLanguage":"de","@id":"https:\/\/secure.gravatar.com\/avatar\/46ee021475d60aeff17a7e490b79dea5a5684bb392ab7fd1494027411df8ba23?s=96&d=mm&r=g","url":"https:\/\/secure.gravatar.com\/avatar\/46ee021475d60aeff17a7e490b79dea5a5684bb392ab7fd1494027411df8ba23?s=96&d=mm&r=g","contentUrl":"https:\/\/secure.gravatar.com\/avatar\/46ee021475d60aeff17a7e490b79dea5a5684bb392ab7fd1494027411df8ba23?s=96&d=mm&r=g","caption":"Lea Couderc"}}]}},"_links":{"self":[{"href":"https:\/\/www.iemj.org\/de\/wp-json\/wp\/v2\/posts\/72359","targetHints":{"allow":["GET"]}}],"collection":[{"href":"https:\/\/www.iemj.org\/de\/wp-json\/wp\/v2\/posts"}],"about":[{"href":"https:\/\/www.iemj.org\/de\/wp-json\/wp\/v2\/types\/post"}],"author":[{"embeddable":true,"href":"https:\/\/www.iemj.org\/de\/wp-json\/wp\/v2\/users\/1052"}],"replies":[{"embeddable":true,"href":"https:\/\/www.iemj.org\/de\/wp-json\/wp\/v2\/comments?post=72359"}],"version-history":[{"count":0,"href":"https:\/\/www.iemj.org\/de\/wp-json\/wp\/v2\/posts\/72359\/revisions"}],"wp:featuredmedia":[{"embeddable":true,"href":"https:\/\/www.iemj.org\/de\/wp-json\/wp\/v2\/media\/112567"}],"wp:attachment":[{"href":"https:\/\/www.iemj.org\/de\/wp-json\/wp\/v2\/media?parent=72359"}],"wp:term":[{"taxonomy":"category","embeddable":true,"href":"https:\/\/www.iemj.org\/de\/wp-json\/wp\/v2\/categories?post=72359"},{"taxonomy":"post_tag","embeddable":true,"href":"https:\/\/www.iemj.org\/de\/wp-json\/wp\/v2\/tags?post=72359"},{"taxonomy":"technique","embeddable":true,"href":"https:\/\/www.iemj.org\/de\/wp-json\/wp\/v2\/technique?post=72359"},{"taxonomy":"squelettes","embeddable":true,"href":"https:\/\/www.iemj.org\/de\/wp-json\/wp\/v2\/squelettes?post=72359"},{"taxonomy":"sujet","embeddable":true,"href":"https:\/\/www.iemj.org\/de\/wp-json\/wp\/v2\/sujet?post=72359"},{"taxonomy":"formation","embeddable":true,"href":"https:\/\/www.iemj.org\/de\/wp-json\/wp\/v2\/formation?post=72359"},{"taxonomy":"genre","embeddable":true,"href":"https:\/\/www.iemj.org\/de\/wp-json\/wp\/v2\/genre?post=72359"},{"taxonomy":"fonds","embeddable":true,"href":"https:\/\/www.iemj.org\/de\/wp-json\/wp\/v2\/fonds?post=72359"},{"taxonomy":"tradition","embeddable":true,"href":"https:\/\/www.iemj.org\/de\/wp-json\/wp\/v2\/tradition?post=72359"},{"taxonomy":"type-de-contenu","embeddable":true,"href":"https:\/\/www.iemj.org\/de\/wp-json\/wp\/v2\/type-de-contenu?post=72359"},{"taxonomy":"interprete-compositeur","embeddable":true,"href":"https:\/\/www.iemj.org\/de\/wp-json\/wp\/v2\/interprete-compositeur?post=72359"},{"taxonomy":"frise","embeddable":true,"href":"https:\/\/www.iemj.org\/de\/wp-json\/wp\/v2\/frise?post=72359"},{"taxonomy":"type-devenement","embeddable":true,"href":"https:\/\/www.iemj.org\/de\/wp-json\/wp\/v2\/type-devenement?post=72359"},{"taxonomy":"tableaux-liens-externes","embeddable":true,"href":"https:\/\/www.iemj.org\/de\/wp-json\/wp\/v2\/tableaux-liens-externes?post=72359"}],"curies":[{"name":"wp","href":"https:\/\/api.w.org\/{rel}","templated":true}]}}