{"id":72371,"date":"2017-05-11T11:20:41","date_gmt":"2017-05-11T09:20:41","guid":{"rendered":"https:\/\/www.iemj.org\/lag-baomer\/"},"modified":"2025-06-19T13:07:10","modified_gmt":"2025-06-19T11:07:10","slug":"lag-baomer","status":"publish","type":"post","link":"https:\/\/www.iemj.org\/de\/lag-baomer\/","title":{"rendered":"LAG BAOMER"},"content":{"rendered":"<p><strong>Lag BaOmer (33. Tag des Omer) ist ein kleinerer Feiertag des j\u00fcdischen Kalenders, welcher am 18. Ijjar, zwischen Pessach und Schawuot gefeiert wird<\/strong><\/p>\n<p>Der genaue Ursprung dieses Feiertags ist nicht bekannt, es existieren verschiedene Erkl\u00e4rungsans\u00e4tze:<\/p>\n<p style=\"margin: 0cm; margin-bottom: .0001pt;\"><strong>&#8211; Das Ende der Epidemie, von welcher die Anh\u00e4nger von Rabbi Aquiva getroffen worden waren<\/strong><\/p>\n<p>Der Volksglaube besagt, dass Tausende Anh\u00e4nger von Rabbi Akiva \u2013 einem der bedeutendsten Lehrer der Zeit nach der Zerst\u00f6rung des Zweiten Tempels \u2013 in einer Epidemie zwischen Pessach und Schawuot umkamen. Diese Epidemie endete nach 33 Tagen (Lag baOmer setzt sich aus den hebr\u00e4ischen Buchstaben<em> Lamed<\/em> und <em>Gimel<\/em> zusammen, deren Addition den Zahlenwert 33 ergibt).<\/p>\n<p><strong><img fetchpriority=\"high\" decoding=\"async\" class=\" alignright size-full wp-image-14070\" src=\"https:\/\/www.iemj.org\/wp-content\/uploads\/2017\/05\/djerba_syna_la_ghriba_1994-09_500px55.jpg\" alt=\"djerba_syna_la_ghriba_1994-09_500px55.jpg\" width=\"275\" height=\"407\" align=\"right\" srcset=\"https:\/\/www.iemj.org\/wp-content\/uploads\/2017\/05\/djerba_syna_la_ghriba_1994-09_500px55.jpg 275w, https:\/\/www.iemj.org\/wp-content\/uploads\/2017\/05\/djerba_syna_la_ghriba_1994-09_500px55-203x300.jpg 203w\" sizes=\"(max-width: 275px) 100vw, 275px\" \/><\/strong><\/p>\n<p><strong>&#8211; Der kurzanhaltende milit\u00e4rische Sieg von Bar Kokhba \u00fcber Rom<\/strong><br \/>Einer anderen Hypothese nach, hat die Armee von Bar Kokhba, nach einer langen Zeit der Niederlagen, am 33. Tag des Omer einen Sieg, \u00fcber die r\u00f6mische Armee errungen. Dieser Sieg, obwohl nur von kurzer Dauer, ermutigte das Volk so sehr, dass fortan j\u00e4hrlich am Tag von Lag baOmer diesem Sieg gedacht wurde.<\/p>\n<p><strong>&#8211; Der Todestag von Rabbi Schimon bar Jochai<\/strong><br \/>Lag baOmer soll m\u00f6glicherweise auch den Todestag von Rabbi Schimon bar Jochai feiern, dem gro\u00dfen Weisen, welchem das mystische Traktat des Zohar, oder zumindest dessen Kern, zugeschrieben wird.<\/p>\n<p><strong>&#8211; Die Feierlichkeiten von Lag baOmer<\/strong><br \/>Lag baOmer stellt eine Pause in der Trauerzeit des Omer dar. W\u00e4hrend dieser Trauerzeit vermeiden es fromme Juden vermeiden, sich die Haare schneiden zu lassen oder sich zu rasieren. Au\u00dferdem werden in dieser Zeit keine Hochzeiten gefeiert, Musik ist verboten, ebenso wie \u00f6ffentliche Feste.<\/p>\n<p>All diese Einschr\u00e4nkungen werden f\u00fcr Lag baOmer vor\u00fcbergehend aufgehoben. \u00dcblicherweise werden Lagerfeuer angez\u00fcndet, Picknicks veranstaltet und Kinder spielen mit Pfeil und Bogen.<\/p>\n<div style=\"text-align: center;\">\n<div style=\"margin: 8px 0px 4px;\"><a href=\"http:\/\/www.calameo.com\/books\/00461274919584f1d43ef\" target=\"_blank\" rel=\"noopener noreferrer\">Programm der Zeremonie von Lag baOmer<\/a><\/div>\n<p><iframe style=\"margin: 0 auto;\" src=\"\/\/v.calameo.com\/?bkcode=00461274919584f1d43ef&amp;mode=mini\" width=\"480\" height=\"300\" frameborder=\"0\" scrolling=\"no\" allowfullscreen=\"allowfullscreen\"><\/iframe><\/p>\n<div style=\"margin: 4px 0px 8px;\"><a href=\"http:\/\/www.calameo.com\/\" target=\"_blank\" rel=\"noopener noreferrer\">Lesen Sie mehr Ver\u00f6ffentlichungen auf Calam\u00e9o<\/a><\/div>\n<\/div>\n<p>Besonders fruchtbaren Boden fand der Feiertag bei den Juden Nordafrikas, wo der Kult des Rabbi Schimon bar Jochai mit dem f\u00fcr die Kultur des Maghreb \u00fcblichen Heiligenkult kombiniert wurde. Es kamen dort zahlreiche Br\u00e4uche auf, wie etwa die Studienwache, das Aufstellen einer pinat Rashb\u201ci (\u201eEcke des Rabbi Schimon bar Jochai\u201c) in den H\u00e4usern, die Prozession mit Kerzen und D\u00fcften, sowie Pilgerfahrten (wie die zur Ghriba in Djerba). Dieser Feiertag ist auch ein H\u00f6hepunkt f\u00fcr die Chassidim, welche sich zu Zehntausenden auf dem Berg Meron im oberen Galil\u00e4a versammeln, wo sich die Gr\u00e4ber von Schimon bar Jochai, seinem Sohn Eleasar und andere Weise wie Hillel und Schammai befinden. Die Meron-Wallfahrt wird, wie es bei den Chassidim \u00fcblich, von einer gro\u00dfen musikalischen Aktivit\u00e4t begleitet.<\/p>\n<p>In Israel schlie\u00dflich, ist Lag baOmer zu einem der wichtigsten Feiertage des zionistischen Kalenders geworden. Wichtige Institutionen wurden an diesem Tag gegr\u00fcndet, darunter die Palmah, die milit\u00e4rische Elitetruppe der Hagana und die Gadna, die Jugendbrigaden. Beide w\u00e4hlten als Emblem die beiden bekannten Symbole des Feiertags, das Feuer, bzw. Pfeil und Bogen. \u00dcberall werden Feuer entz\u00fcndet, welche als Versammlungspunkt dienen und das milit\u00e4rische Leben und den Sieg symbolisieren. Es werden zudem neu komponierte Lieder gesungen, darunter das Lied Bar Kokhba, welches Bar Jochai ersetzt hat.<\/p>\n<p><span style=\"color: #000000;\"><b>Herv\u00e9 Roten<\/b><\/span><\/p>\n<p><span style=\"color: #000000;\"><b><strong>Quellen<\/strong> :<\/b><\/span><\/p>\n<p><span style=\"color: #000000;\">&#8211; <a href=\"https:\/\/de.wikipedia.org\/wiki\/Lag_baOmer\" target=\"_blank\" rel=\"noopener\">https:\/\/de.wikipedia.org\/wiki\/Lag_baOmer<\/a><\/span><\/p>\n<p><span style=\"color: #000000;\"><a href=\"http:\/\/icalendrier.fr\/religion\/fetes-juives\/lag-baomer\">&#8211; http:\/\/icalendrier.fr\/religion\/fetes-juives\/lag-baomer<\/a><\/span><\/p>\n\n<div class=\"wp-block-image\">\n<figure class=\"aligncenter size-large\"><img decoding=\"async\" width=\"1024\" height=\"133\" src=\"https:\/\/www.iemj.org\/wp-content\/uploads\/2024\/03\/AUDIO-PLAYER-1024x133.png\" alt=\"\" class=\"wp-image-110606\" srcset=\"https:\/\/www.iemj.org\/wp-content\/uploads\/2024\/03\/AUDIO-PLAYER-1024x133.png 1024w, https:\/\/www.iemj.org\/wp-content\/uploads\/2024\/03\/AUDIO-PLAYER-300x39.png 300w, https:\/\/www.iemj.org\/wp-content\/uploads\/2024\/03\/AUDIO-PLAYER-768x100.png 768w, https:\/\/www.iemj.org\/wp-content\/uploads\/2024\/03\/AUDIO-PLAYER-600x78.png 600w, https:\/\/www.iemj.org\/wp-content\/uploads\/2024\/03\/AUDIO-PLAYER.png 1210w\" sizes=\"(max-width: 1024px) 100vw, 1024px\" \/><\/figure>\n<\/div>\n\n\n<div class=\"wp-block-file\"><a id=\"wp-block-file--media-4b0deb25-7d7f-4cfa-83d3-06d0771b7e5a\" href=\"https:\/\/www.iemj.org\/wp-content\/uploads\/2017\/05\/amar_rabbi_akiva_-_wa_amartem_koh_le-hay_-_hassidic_tunes_of_dancing_rejoicing.mp3\">Amar Rabbi Akiva &#8211; Wa\u2019amartem Koh le-hay &#8211; Hassidic Tunes of Dancing &amp; Rejoicing<\/a><\/div>\n\n\n\n<div class=\"wp-block-file\"><a id=\"wp-block-file--media-314a9770-c36f-4ea0-bf07-88ab99a43eda\" href=\"https:\/\/www.iemj.org\/wp-content\/uploads\/2017\/05\/bar_kokhba_-_an_anthology_of_100_israeli_nursery_rhymes.mp3\">Bar Kokhba &#8211; An anthology of 100 Israeli nursery rhymes<\/a><\/div>\n\n\n\n<div class=\"wp-block-file\"><a id=\"wp-block-file--media-706e2c1d-99eb-4d31-b4c7-95fb9c7e7cbf\" href=\"https:\/\/www.iemj.org\/wp-content\/uploads\/2017\/05\/bar_kokhba_helene_engel_extrait_.mp3\">Bar Kokhba_Helene Engel (EXTRAIT)<\/a><\/div>\n\n\n\n<div class=\"wp-block-file\"><a id=\"wp-block-file--media-7a1ef23e-7d5d-46e1-9771-e8e729a56637\" href=\"https:\/\/www.iemj.org\/wp-content\/uploads\/2017\/05\/bar_yoh_ai_-_musique_liturgiques_juives_extrait_du_livre_de_herve_roten_.mp3\">Bar Yoh\u2019a\u00ef &#8211; Musique liturgiques juives (EXTRAIT du livre de Herv\u00e9 Roten)<\/a><\/div>\n\n\n\n<div class=\"wp-block-file\"><a id=\"wp-block-file--media-911e723d-c384-4984-8377-938acb9a1a33\" href=\"https:\/\/www.iemj.org\/wp-content\/uploads\/2017\/05\/bar_yohay_rite_sefarade_.mp3\">Bar Yohay (Rite S\u00e9farade)<\/a><\/div>\n\n\n\n<div class=\"wp-block-file\"><a id=\"wp-block-file--media-83ab19a3-8673-4a71-8b5e-3663f2b52d75\" href=\"https:\/\/www.iemj.org\/wp-content\/uploads\/2017\/05\/efta_h_pi_berina_-_haik_georges_e._grand_rabbin_.mp3\">Efta\u2019h pi berina &#8211; Georges E Haik. [Grand Rabbin]<\/a><\/div>\n\n\n\n<div class=\"wp-block-file\"><a id=\"wp-block-file--media-aa40005f-76df-4a5a-8ed0-de59395a7154\" href=\"https:\/\/www.iemj.org\/wp-content\/uploads\/2017\/05\/kachtenu_al_chikhmenou_-_an_anthology_of_100_israeli_nursery_rhymes.mp3\">Kachtenu al chikhmenou &#8211; An anthology of 100 Israeli nursery rhymes<\/a><\/div>\n\n\n\n<div class=\"wp-block-file\"><a id=\"wp-block-file--media-5f4ecb78-0bd5-47db-bb97-5218bbf19a1e\" href=\"https:\/\/www.iemj.org\/wp-content\/uploads\/2017\/05\/medley_of_meron_tunes_-_the_hasidic_niggun_as_sung_by_the_hassidim_extrait_.mp3\">Medley of Meron tunes &#8211; The Hasidic niggun as sung by the Hassidim (EXTRAIT)<\/a><\/div>\n\n\n\n<div class=\"wp-block-file\"><a id=\"wp-block-file--media-9cf6e541-fd37-47df-bf57-1870dc6fb651\" href=\"https:\/\/www.iemj.org\/wp-content\/uploads\/2017\/05\/un_diya_rite_sefarade_.mp3\">Un Diya (Rite S\u00e9farade)<\/a><\/div>\n","protected":false},"excerpt":{"rendered":"<p>Lag BaOmer (33. Tag des Omer) ist ein kleinerer Feiertag des j\u00fcdischen Kalenders, welcher am 18. Ijjar, zwischen Pessach und Schawuot gefeiert wird Der genaue Ursprung dieses Feiertags ist nicht<\/p>\n","protected":false},"author":1052,"featured_media":72372,"comment_status":"closed","ping_status":"open","sticky":false,"template":"","format":"standard","meta":{"_acf_changed":false,"footnotes":""},"categories":[1534],"tags":[],"technique":[],"squelettes":[],"sujet":[],"formation":[],"genre":[1891],"fonds":[],"tradition":[],"type-de-contenu":[],"interprete-compositeur":[],"frise":[],"type-devenement":[],"tableaux-liens-externes":[],"class_list":["post-72371","post","type-post","status-publish","format-standard","has-post-thumbnail","hentry","category-playlists-de","genre-liturgie-de"],"acf":[],"yoast_head":"<!-- This site is optimized with the Yoast SEO plugin v27.3 - https:\/\/yoast.com\/product\/yoast-seo-wordpress\/ -->\n<title>LAG BAOMER - Institut Europ\u00e9en des Musiques Juives<\/title>\n<meta name=\"robots\" content=\"index, follow, max-snippet:-1, max-image-preview:large, max-video-preview:-1\" \/>\n<link rel=\"canonical\" href=\"https:\/\/www.iemj.org\/de\/lag-baomer\/\" \/>\n<meta property=\"og:locale\" content=\"de_DE\" \/>\n<meta property=\"og:type\" content=\"article\" \/>\n<meta property=\"og:title\" content=\"LAG BAOMER - Institut Europ\u00e9en des Musiques Juives\" \/>\n<meta property=\"og:description\" content=\"Lag BaOmer (33. Tag des Omer) ist ein kleinerer Feiertag des j\u00fcdischen Kalenders, welcher am 18. Ijjar, zwischen Pessach und Schawuot gefeiert wird Der genaue Ursprung dieses Feiertags ist nicht\" \/>\n<meta property=\"og:url\" content=\"https:\/\/www.iemj.org\/de\/lag-baomer\/\" \/>\n<meta property=\"og:site_name\" content=\"Institut Europ\u00e9en des Musiques Juives\" \/>\n<meta property=\"article:publisher\" content=\"https:\/\/www.facebook.com\/MusiquesJuives\/\" \/>\n<meta property=\"article:published_time\" content=\"2017-05-11T09:20:41+00:00\" \/>\n<meta property=\"article:modified_time\" content=\"2025-06-19T11:07:10+00:00\" \/>\n<meta property=\"og:image\" content=\"https:\/\/www.iemj.org\/wp-content\/uploads\/2017\/05\/arton2294.jpg\" \/>\n\t<meta property=\"og:image:width\" content=\"500\" \/>\n\t<meta property=\"og:image:height\" content=\"451\" \/>\n\t<meta property=\"og:image:type\" content=\"image\/jpeg\" \/>\n<meta name=\"author\" content=\"Lea Couderc\" \/>\n<meta name=\"twitter:card\" content=\"summary_large_image\" \/>\n<meta name=\"twitter:label1\" content=\"Verfasst von\" \/>\n\t<meta name=\"twitter:data1\" content=\"Lea Couderc\" \/>\n\t<meta name=\"twitter:label2\" content=\"Gesch\u00e4tzte Lesezeit\" \/>\n\t<meta name=\"twitter:data2\" content=\"4\u00a0Minuten\" \/>\n<script type=\"application\/ld+json\" class=\"yoast-schema-graph\">{\"@context\":\"https:\\\/\\\/schema.org\",\"@graph\":[{\"@type\":\"Article\",\"@id\":\"https:\\\/\\\/www.iemj.org\\\/de\\\/lag-baomer\\\/#article\",\"isPartOf\":{\"@id\":\"https:\\\/\\\/www.iemj.org\\\/de\\\/lag-baomer\\\/\"},\"author\":{\"name\":\"Lea Couderc\",\"@id\":\"https:\\\/\\\/www.iemj.org\\\/de\\\/#\\\/schema\\\/person\\\/e2ad57f2c4be119c7ed8ab79036807a9\"},\"headline\":\"LAG BAOMER\",\"datePublished\":\"2017-05-11T09:20:41+00:00\",\"dateModified\":\"2025-06-19T11:07:10+00:00\",\"mainEntityOfPage\":{\"@id\":\"https:\\\/\\\/www.iemj.org\\\/de\\\/lag-baomer\\\/\"},\"wordCount\":629,\"publisher\":{\"@id\":\"https:\\\/\\\/www.iemj.org\\\/de\\\/#organization\"},\"image\":{\"@id\":\"https:\\\/\\\/www.iemj.org\\\/de\\\/lag-baomer\\\/#primaryimage\"},\"thumbnailUrl\":\"https:\\\/\\\/www.iemj.org\\\/wp-content\\\/uploads\\\/2017\\\/05\\\/arton2294.jpg\",\"articleSection\":[\"Playlists\"],\"inLanguage\":\"de\"},{\"@type\":\"WebPage\",\"@id\":\"https:\\\/\\\/www.iemj.org\\\/de\\\/lag-baomer\\\/\",\"url\":\"https:\\\/\\\/www.iemj.org\\\/de\\\/lag-baomer\\\/\",\"name\":\"LAG BAOMER - Institut Europ\u00e9en des Musiques Juives\",\"isPartOf\":{\"@id\":\"https:\\\/\\\/www.iemj.org\\\/de\\\/#website\"},\"primaryImageOfPage\":{\"@id\":\"https:\\\/\\\/www.iemj.org\\\/de\\\/lag-baomer\\\/#primaryimage\"},\"image\":{\"@id\":\"https:\\\/\\\/www.iemj.org\\\/de\\\/lag-baomer\\\/#primaryimage\"},\"thumbnailUrl\":\"https:\\\/\\\/www.iemj.org\\\/wp-content\\\/uploads\\\/2017\\\/05\\\/arton2294.jpg\",\"datePublished\":\"2017-05-11T09:20:41+00:00\",\"dateModified\":\"2025-06-19T11:07:10+00:00\",\"breadcrumb\":{\"@id\":\"https:\\\/\\\/www.iemj.org\\\/de\\\/lag-baomer\\\/#breadcrumb\"},\"inLanguage\":\"de\",\"potentialAction\":[{\"@type\":\"ReadAction\",\"target\":[\"https:\\\/\\\/www.iemj.org\\\/de\\\/lag-baomer\\\/\"]}]},{\"@type\":\"ImageObject\",\"inLanguage\":\"de\",\"@id\":\"https:\\\/\\\/www.iemj.org\\\/de\\\/lag-baomer\\\/#primaryimage\",\"url\":\"https:\\\/\\\/www.iemj.org\\\/wp-content\\\/uploads\\\/2017\\\/05\\\/arton2294.jpg\",\"contentUrl\":\"https:\\\/\\\/www.iemj.org\\\/wp-content\\\/uploads\\\/2017\\\/05\\\/arton2294.jpg\",\"width\":500,\"height\":451},{\"@type\":\"BreadcrumbList\",\"@id\":\"https:\\\/\\\/www.iemj.org\\\/de\\\/lag-baomer\\\/#breadcrumb\",\"itemListElement\":[{\"@type\":\"ListItem\",\"position\":1,\"name\":\"Accueil\",\"item\":\"https:\\\/\\\/www.iemj.org\\\/de\\\/\"},{\"@type\":\"ListItem\",\"position\":2,\"name\":\"LAG BAOMER\"}]},{\"@type\":\"WebSite\",\"@id\":\"https:\\\/\\\/www.iemj.org\\\/de\\\/#website\",\"url\":\"https:\\\/\\\/www.iemj.org\\\/de\\\/\",\"name\":\"Institut Europ\u00e9en des Musiques Juives\",\"description\":\"Des traditions musicales \u00e0 la port\u00e9e de tous\",\"publisher\":{\"@id\":\"https:\\\/\\\/www.iemj.org\\\/de\\\/#organization\"},\"potentialAction\":[{\"@type\":\"SearchAction\",\"target\":{\"@type\":\"EntryPoint\",\"urlTemplate\":\"https:\\\/\\\/www.iemj.org\\\/de\\\/?s={search_term_string}\"},\"query-input\":{\"@type\":\"PropertyValueSpecification\",\"valueRequired\":true,\"valueName\":\"search_term_string\"}}],\"inLanguage\":\"de\"},{\"@type\":\"Organization\",\"@id\":\"https:\\\/\\\/www.iemj.org\\\/de\\\/#organization\",\"name\":\"Institut Europ\u00e9en des Musiques Juives\",\"url\":\"https:\\\/\\\/www.iemj.org\\\/de\\\/\",\"logo\":{\"@type\":\"ImageObject\",\"inLanguage\":\"de\",\"@id\":\"https:\\\/\\\/www.iemj.org\\\/de\\\/#\\\/schema\\\/logo\\\/image\\\/\",\"url\":\"https:\\\/\\\/www.iemj.org\\\/wp-content\\\/uploads\\\/2021\\\/09\\\/Logo-IEMJ-Paypal.jpg\",\"contentUrl\":\"https:\\\/\\\/www.iemj.org\\\/wp-content\\\/uploads\\\/2021\\\/09\\\/Logo-IEMJ-Paypal.jpg\",\"width\":150,\"height\":50,\"caption\":\"Institut Europ\u00e9en des Musiques Juives\"},\"image\":{\"@id\":\"https:\\\/\\\/www.iemj.org\\\/de\\\/#\\\/schema\\\/logo\\\/image\\\/\"},\"sameAs\":[\"https:\\\/\\\/www.facebook.com\\\/MusiquesJuives\\\/\",\"https:\\\/\\\/www.instagram.com\\\/musiquesjuives\\\/\",\"https:\\\/\\\/www.youtube.com\\\/user\\\/musiquesjuives\"]},{\"@type\":\"Person\",\"@id\":\"https:\\\/\\\/www.iemj.org\\\/de\\\/#\\\/schema\\\/person\\\/e2ad57f2c4be119c7ed8ab79036807a9\",\"name\":\"Lea Couderc\",\"image\":{\"@type\":\"ImageObject\",\"inLanguage\":\"de\",\"@id\":\"https:\\\/\\\/secure.gravatar.com\\\/avatar\\\/46ee021475d60aeff17a7e490b79dea5a5684bb392ab7fd1494027411df8ba23?s=96&d=mm&r=g\",\"url\":\"https:\\\/\\\/secure.gravatar.com\\\/avatar\\\/46ee021475d60aeff17a7e490b79dea5a5684bb392ab7fd1494027411df8ba23?s=96&d=mm&r=g\",\"contentUrl\":\"https:\\\/\\\/secure.gravatar.com\\\/avatar\\\/46ee021475d60aeff17a7e490b79dea5a5684bb392ab7fd1494027411df8ba23?s=96&d=mm&r=g\",\"caption\":\"Lea Couderc\"}}]}<\/script>\n<!-- \/ Yoast SEO plugin. -->","yoast_head_json":{"title":"LAG BAOMER - Institut Europ\u00e9en des Musiques Juives","robots":{"index":"index","follow":"follow","max-snippet":"max-snippet:-1","max-image-preview":"max-image-preview:large","max-video-preview":"max-video-preview:-1"},"canonical":"https:\/\/www.iemj.org\/de\/lag-baomer\/","og_locale":"de_DE","og_type":"article","og_title":"LAG BAOMER - Institut Europ\u00e9en des Musiques Juives","og_description":"Lag BaOmer (33. Tag des Omer) ist ein kleinerer Feiertag des j\u00fcdischen Kalenders, welcher am 18. Ijjar, zwischen Pessach und Schawuot gefeiert wird Der genaue Ursprung dieses Feiertags ist nicht","og_url":"https:\/\/www.iemj.org\/de\/lag-baomer\/","og_site_name":"Institut Europ\u00e9en des Musiques Juives","article_publisher":"https:\/\/www.facebook.com\/MusiquesJuives\/","article_published_time":"2017-05-11T09:20:41+00:00","article_modified_time":"2025-06-19T11:07:10+00:00","og_image":[{"width":500,"height":451,"url":"https:\/\/www.iemj.org\/wp-content\/uploads\/2017\/05\/arton2294.jpg","type":"image\/jpeg"}],"author":"Lea Couderc","twitter_card":"summary_large_image","twitter_misc":{"Verfasst von":"Lea Couderc","Gesch\u00e4tzte Lesezeit":"4\u00a0Minuten"},"schema":{"@context":"https:\/\/schema.org","@graph":[{"@type":"Article","@id":"https:\/\/www.iemj.org\/de\/lag-baomer\/#article","isPartOf":{"@id":"https:\/\/www.iemj.org\/de\/lag-baomer\/"},"author":{"name":"Lea Couderc","@id":"https:\/\/www.iemj.org\/de\/#\/schema\/person\/e2ad57f2c4be119c7ed8ab79036807a9"},"headline":"LAG BAOMER","datePublished":"2017-05-11T09:20:41+00:00","dateModified":"2025-06-19T11:07:10+00:00","mainEntityOfPage":{"@id":"https:\/\/www.iemj.org\/de\/lag-baomer\/"},"wordCount":629,"publisher":{"@id":"https:\/\/www.iemj.org\/de\/#organization"},"image":{"@id":"https:\/\/www.iemj.org\/de\/lag-baomer\/#primaryimage"},"thumbnailUrl":"https:\/\/www.iemj.org\/wp-content\/uploads\/2017\/05\/arton2294.jpg","articleSection":["Playlists"],"inLanguage":"de"},{"@type":"WebPage","@id":"https:\/\/www.iemj.org\/de\/lag-baomer\/","url":"https:\/\/www.iemj.org\/de\/lag-baomer\/","name":"LAG BAOMER - Institut Europ\u00e9en des Musiques Juives","isPartOf":{"@id":"https:\/\/www.iemj.org\/de\/#website"},"primaryImageOfPage":{"@id":"https:\/\/www.iemj.org\/de\/lag-baomer\/#primaryimage"},"image":{"@id":"https:\/\/www.iemj.org\/de\/lag-baomer\/#primaryimage"},"thumbnailUrl":"https:\/\/www.iemj.org\/wp-content\/uploads\/2017\/05\/arton2294.jpg","datePublished":"2017-05-11T09:20:41+00:00","dateModified":"2025-06-19T11:07:10+00:00","breadcrumb":{"@id":"https:\/\/www.iemj.org\/de\/lag-baomer\/#breadcrumb"},"inLanguage":"de","potentialAction":[{"@type":"ReadAction","target":["https:\/\/www.iemj.org\/de\/lag-baomer\/"]}]},{"@type":"ImageObject","inLanguage":"de","@id":"https:\/\/www.iemj.org\/de\/lag-baomer\/#primaryimage","url":"https:\/\/www.iemj.org\/wp-content\/uploads\/2017\/05\/arton2294.jpg","contentUrl":"https:\/\/www.iemj.org\/wp-content\/uploads\/2017\/05\/arton2294.jpg","width":500,"height":451},{"@type":"BreadcrumbList","@id":"https:\/\/www.iemj.org\/de\/lag-baomer\/#breadcrumb","itemListElement":[{"@type":"ListItem","position":1,"name":"Accueil","item":"https:\/\/www.iemj.org\/de\/"},{"@type":"ListItem","position":2,"name":"LAG BAOMER"}]},{"@type":"WebSite","@id":"https:\/\/www.iemj.org\/de\/#website","url":"https:\/\/www.iemj.org\/de\/","name":"Institut Europ\u00e9en des Musiques Juives","description":"Des traditions musicales \u00e0 la port\u00e9e de tous","publisher":{"@id":"https:\/\/www.iemj.org\/de\/#organization"},"potentialAction":[{"@type":"SearchAction","target":{"@type":"EntryPoint","urlTemplate":"https:\/\/www.iemj.org\/de\/?s={search_term_string}"},"query-input":{"@type":"PropertyValueSpecification","valueRequired":true,"valueName":"search_term_string"}}],"inLanguage":"de"},{"@type":"Organization","@id":"https:\/\/www.iemj.org\/de\/#organization","name":"Institut Europ\u00e9en des Musiques Juives","url":"https:\/\/www.iemj.org\/de\/","logo":{"@type":"ImageObject","inLanguage":"de","@id":"https:\/\/www.iemj.org\/de\/#\/schema\/logo\/image\/","url":"https:\/\/www.iemj.org\/wp-content\/uploads\/2021\/09\/Logo-IEMJ-Paypal.jpg","contentUrl":"https:\/\/www.iemj.org\/wp-content\/uploads\/2021\/09\/Logo-IEMJ-Paypal.jpg","width":150,"height":50,"caption":"Institut Europ\u00e9en des Musiques Juives"},"image":{"@id":"https:\/\/www.iemj.org\/de\/#\/schema\/logo\/image\/"},"sameAs":["https:\/\/www.facebook.com\/MusiquesJuives\/","https:\/\/www.instagram.com\/musiquesjuives\/","https:\/\/www.youtube.com\/user\/musiquesjuives"]},{"@type":"Person","@id":"https:\/\/www.iemj.org\/de\/#\/schema\/person\/e2ad57f2c4be119c7ed8ab79036807a9","name":"Lea Couderc","image":{"@type":"ImageObject","inLanguage":"de","@id":"https:\/\/secure.gravatar.com\/avatar\/46ee021475d60aeff17a7e490b79dea5a5684bb392ab7fd1494027411df8ba23?s=96&d=mm&r=g","url":"https:\/\/secure.gravatar.com\/avatar\/46ee021475d60aeff17a7e490b79dea5a5684bb392ab7fd1494027411df8ba23?s=96&d=mm&r=g","contentUrl":"https:\/\/secure.gravatar.com\/avatar\/46ee021475d60aeff17a7e490b79dea5a5684bb392ab7fd1494027411df8ba23?s=96&d=mm&r=g","caption":"Lea Couderc"}}]}},"_links":{"self":[{"href":"https:\/\/www.iemj.org\/de\/wp-json\/wp\/v2\/posts\/72371","targetHints":{"allow":["GET"]}}],"collection":[{"href":"https:\/\/www.iemj.org\/de\/wp-json\/wp\/v2\/posts"}],"about":[{"href":"https:\/\/www.iemj.org\/de\/wp-json\/wp\/v2\/types\/post"}],"author":[{"embeddable":true,"href":"https:\/\/www.iemj.org\/de\/wp-json\/wp\/v2\/users\/1052"}],"replies":[{"embeddable":true,"href":"https:\/\/www.iemj.org\/de\/wp-json\/wp\/v2\/comments?post=72371"}],"version-history":[{"count":0,"href":"https:\/\/www.iemj.org\/de\/wp-json\/wp\/v2\/posts\/72371\/revisions"}],"wp:featuredmedia":[{"embeddable":true,"href":"https:\/\/www.iemj.org\/de\/wp-json\/wp\/v2\/media\/72372"}],"wp:attachment":[{"href":"https:\/\/www.iemj.org\/de\/wp-json\/wp\/v2\/media?parent=72371"}],"wp:term":[{"taxonomy":"category","embeddable":true,"href":"https:\/\/www.iemj.org\/de\/wp-json\/wp\/v2\/categories?post=72371"},{"taxonomy":"post_tag","embeddable":true,"href":"https:\/\/www.iemj.org\/de\/wp-json\/wp\/v2\/tags?post=72371"},{"taxonomy":"technique","embeddable":true,"href":"https:\/\/www.iemj.org\/de\/wp-json\/wp\/v2\/technique?post=72371"},{"taxonomy":"squelettes","embeddable":true,"href":"https:\/\/www.iemj.org\/de\/wp-json\/wp\/v2\/squelettes?post=72371"},{"taxonomy":"sujet","embeddable":true,"href":"https:\/\/www.iemj.org\/de\/wp-json\/wp\/v2\/sujet?post=72371"},{"taxonomy":"formation","embeddable":true,"href":"https:\/\/www.iemj.org\/de\/wp-json\/wp\/v2\/formation?post=72371"},{"taxonomy":"genre","embeddable":true,"href":"https:\/\/www.iemj.org\/de\/wp-json\/wp\/v2\/genre?post=72371"},{"taxonomy":"fonds","embeddable":true,"href":"https:\/\/www.iemj.org\/de\/wp-json\/wp\/v2\/fonds?post=72371"},{"taxonomy":"tradition","embeddable":true,"href":"https:\/\/www.iemj.org\/de\/wp-json\/wp\/v2\/tradition?post=72371"},{"taxonomy":"type-de-contenu","embeddable":true,"href":"https:\/\/www.iemj.org\/de\/wp-json\/wp\/v2\/type-de-contenu?post=72371"},{"taxonomy":"interprete-compositeur","embeddable":true,"href":"https:\/\/www.iemj.org\/de\/wp-json\/wp\/v2\/interprete-compositeur?post=72371"},{"taxonomy":"frise","embeddable":true,"href":"https:\/\/www.iemj.org\/de\/wp-json\/wp\/v2\/frise?post=72371"},{"taxonomy":"type-devenement","embeddable":true,"href":"https:\/\/www.iemj.org\/de\/wp-json\/wp\/v2\/type-devenement?post=72371"},{"taxonomy":"tableaux-liens-externes","embeddable":true,"href":"https:\/\/www.iemj.org\/de\/wp-json\/wp\/v2\/tableaux-liens-externes?post=72371"}],"curies":[{"name":"wp","href":"https:\/\/api.w.org\/{rel}","templated":true}]}}