{"id":72419,"date":"2017-02-15T14:26:47","date_gmt":"2017-02-15T13:26:47","guid":{"rendered":"https:\/\/www.iemj.org\/les-berceuses-juives-2\/"},"modified":"2025-06-19T12:39:23","modified_gmt":"2025-06-19T10:39:23","slug":"les-berceuses-juives-2","status":"publish","type":"post","link":"https:\/\/www.iemj.org\/de\/les-berceuses-juives-2\/","title":{"rendered":"J\u00dcDISCHE WIEGENLIEDER 2"},"content":{"rendered":"<p><strong>Eine Auswahl an Wiegenliedern, welche verschiedenen j\u00fcdischen Traditionen entstammen<\/strong><\/p>\n<p><!--more--><\/p>\n<p>Wiegenlieder gibt es seit Anbeginn der Zeit\u2026<\/p>\n<p>Der Text und die Melodie eines Wiegenliedes sollen ein Kind beruhigen und bes\u00e4nftigen, um es friedlich entschlummern zu lassen. Durch das Singen wird dar\u00fcber hinaus eine emotionale Bindung zum Kind aufgebaut.<\/p>\n<p>Melodie und Rhythmus der Wiegenlieder variieren, je nach lokalen Einfl\u00fcssen, Traditionen und Sprache. Demnach unterscheidet sich ein jiddisches Wiegenlied von einem jud\u00e4o-spanischen Wiegenlied.<\/p>\n<p>Wiegenlieder unterst\u00fctzen die Weitergabe von Kultur, von einem Erbe, von einer Zukunft\u2026<\/p>\n<p><img fetchpriority=\"high\" decoding=\"async\" class=\" aligncenter size-full wp-image-13061\" src=\"https:\/\/www.iemj.org\/wp-content\/uploads\/2017\/02\/doc_berceuse_2_500px.jpg\" alt=\"doc_berceuse_2_500px.jpg\" width=\"700\" height=\"355\" align=\"middle\" srcset=\"https:\/\/www.iemj.org\/wp-content\/uploads\/2017\/02\/doc_berceuse_2_500px.jpg 700w, https:\/\/www.iemj.org\/wp-content\/uploads\/2017\/02\/doc_berceuse_2_500px-300x152.jpg 300w, https:\/\/www.iemj.org\/wp-content\/uploads\/2017\/02\/doc_berceuse_2_500px-600x304.jpg 600w\" sizes=\"(max-width: 700px) 100vw, 700px\" \/><br \/><a href=\"https:\/\/www.iemj.org\/de\/les-berceuses-juives-1\/\" target=\"_blank\" rel=\"noopener\">H\u00f6ren Sie sich die Playlist an: J\u00fcdische Wiegenlieder 1<\/a><\/p>\n<p>H\u00f6ren und bestellen Sie den aus unseren Sammlungen stammenden Sampler \u201eBerceuses juives d\u2019hier et d\u2019aujourd\u2019hui\u201c<\/p>\n<p><a href=\"http:\/\/www.deezer.com\/album\/15048007\"><img decoding=\"async\" class=\"alignleft wp-image-9607 size-full\" src=\"https:\/\/www.iemj.org\/wp-content\/uploads\/2016\/03\/deezer.jpg\" alt=\"deezer.jpg\" width=\"143\" height=\"55\" align=\"left\" \/><\/a><\/p>\n<p><a href=\"https:\/\/itunes.apple.com\/fr\/album\/berceuses-juives-dhier-et\/id1194483657?app=itunes&amp;ign-mpt=uo%3D4\"><img decoding=\"async\" class=\" alignleft size-full wp-image-9609\" src=\"https:\/\/www.iemj.org\/wp-content\/uploads\/2016\/03\/itunes.jpg\" alt=\"itunes.jpg\" width=\"143\" height=\"46\" align=\"left\" \/><\/a><\/p>\n\n\n<h2 class=\"wp-block-heading\"><\/h2>\n\n\n<div class=\"wp-block-image\">\n<figure class=\"aligncenter size-large\"><img loading=\"lazy\" decoding=\"async\" width=\"1024\" height=\"133\" src=\"https:\/\/www.iemj.org\/wp-content\/uploads\/2024\/03\/AUDIO-PLAYER-1024x133.png\" alt=\"\" class=\"wp-image-110606\" srcset=\"https:\/\/www.iemj.org\/wp-content\/uploads\/2024\/03\/AUDIO-PLAYER-1024x133.png 1024w, https:\/\/www.iemj.org\/wp-content\/uploads\/2024\/03\/AUDIO-PLAYER-300x39.png 300w, https:\/\/www.iemj.org\/wp-content\/uploads\/2024\/03\/AUDIO-PLAYER-768x100.png 768w, https:\/\/www.iemj.org\/wp-content\/uploads\/2024\/03\/AUDIO-PLAYER-600x78.png 600w, https:\/\/www.iemj.org\/wp-content\/uploads\/2024\/03\/AUDIO-PLAYER.png 1210w\" sizes=\"(max-width: 1024px) 100vw, 1024px\" \/><\/figure>\n<\/div>\n\n\n<div class=\"wp-block-file\"><a id=\"wp-block-file--media-ea6f573c-2000-4dee-afa5-1fcccff4dc20\" href=\"https:\/\/www.iemj.org\/wp-content\/uploads\/2017\/02\/berceuse_-_berthe_kal.mp3\">Berceuse &#8211; Berthe Kal<\/a><\/div>\n\n\n\n<div class=\"wp-block-file\"><a id=\"wp-block-file--media-e2bda114-6eb6-4a30-9b27-89a51e5516e3\" href=\"https:\/\/www.iemj.org\/wp-content\/uploads\/2017\/02\/berceuse_-_n._lifchitz.mp3\">Berceuse &#8211; N. Lifchitz<\/a><\/div>\n\n\n\n<div class=\"wp-block-file\"><a id=\"wp-block-file--media-103ce944-e369-4b9b-9781-64ca2c810ab8\" href=\"https:\/\/www.iemj.org\/wp-content\/uploads\/2017\/02\/berceuse_chanson_populaire_-_benjamin_khaiataouskas.mp3\">Berceuse (chanson populaire) &#8211; Benjamin Khaiataouskas<\/a><\/div>\n\n\n\n<div class=\"wp-block-file\"><a id=\"wp-block-file--media-78537140-69c6-4e9f-abef-841ad4a9bd30\" href=\"https:\/\/www.iemj.org\/wp-content\/uploads\/2017\/02\/chanson_et_berceuse_-_jaro_schmied.mp3\">Chanson et berceuse &#8211; Jaro Schmied<\/a><\/div>\n\n\n\n<div class=\"wp-block-file\"><a id=\"wp-block-file--media-c5645f3f-cd2c-49b1-bccf-d0ea8ae7ca6f\" href=\"https:\/\/www.iemj.org\/wp-content\/uploads\/2017\/02\/chto_mnie_gore_-_arkady_cruchini.mp3\">Chto Mnie Gore &#8211; Arkady Cruchini<\/a><\/div>\n\n\n\n<div class=\"wp-block-file\"><a id=\"wp-block-file--media-0c8f2e9e-26de-4475-b0b0-8777f3d30191\" href=\"https:\/\/www.iemj.org\/wp-content\/uploads\/2017\/02\/nani_nani_extrait_-_marlene_samoun-2.mp3\">Nani, Nani (EXTRAIT) &#8211; Marl\u00e8ne Samoun<\/a><\/div>\n\n\n\n<div class=\"wp-block-file\"><a id=\"wp-block-file--media-4ad56c2a-967b-44a2-b9fe-c1cb830c0d40\" href=\"https:\/\/www.iemj.org\/wp-content\/uploads\/2017\/02\/shtiller_shtiller_-_chava_albertein.mp3\">Shtiller, Shtiller &#8211; Chava Albertein<\/a><\/div>\n\n\n\n<div class=\"wp-block-file\"><a id=\"wp-block-file--media-cd067946-c5ef-4a73-907f-8f0cd57c9f59\" href=\"https:\/\/www.iemj.org\/wp-content\/uploads\/2017\/02\/vig_lid_-_bianca_sauler.mp3\">Vig Lid &#8211; Bianca Sauler<\/a><\/div>\n\n\n\n<div class=\"wp-block-file\"><a id=\"wp-block-file--media-47f379bc-589f-4afb-ae6f-f14a364417ed\" href=\"https:\/\/www.iemj.org\/wp-content\/uploads\/2017\/02\/viglid_extrait_-_noel_lee_jeff_cohen.mp3\">Viglid (EXTRAIT)- No\u00ebl Lee, Jeff Cohen<\/a><\/div>\n","protected":false},"excerpt":{"rendered":"<p>Eine Auswahl an Wiegenliedern, welche verschiedenen j\u00fcdischen Traditionen entstammen<\/p>\n","protected":false},"author":1052,"featured_media":72420,"comment_status":"closed","ping_status":"open","sticky":false,"template":"","format":"standard","meta":{"_acf_changed":false,"footnotes":""},"categories":[1534],"tags":[],"technique":[],"squelettes":[],"sujet":[],"formation":[],"genre":[],"fonds":[],"tradition":[],"type-de-contenu":[],"interprete-compositeur":[],"frise":[],"type-devenement":[],"tableaux-liens-externes":[],"class_list":["post-72419","post","type-post","status-publish","format-standard","has-post-thumbnail","hentry","category-playlists-de"],"acf":[],"yoast_head":"<!-- This site is optimized with the Yoast SEO plugin v27.3 - https:\/\/yoast.com\/product\/yoast-seo-wordpress\/ -->\n<title>J\u00dcDISCHE WIEGENLIEDER 2 - Institut Europ\u00e9en des Musiques Juives<\/title>\n<meta name=\"robots\" content=\"index, follow, max-snippet:-1, max-image-preview:large, max-video-preview:-1\" \/>\n<link rel=\"canonical\" href=\"https:\/\/www.iemj.org\/de\/les-berceuses-juives-2\/\" \/>\n<meta property=\"og:locale\" content=\"de_DE\" \/>\n<meta property=\"og:type\" content=\"article\" \/>\n<meta property=\"og:title\" content=\"J\u00dcDISCHE WIEGENLIEDER 2 - Institut Europ\u00e9en des Musiques Juives\" \/>\n<meta property=\"og:description\" content=\"Eine Auswahl an Wiegenliedern, welche verschiedenen j\u00fcdischen Traditionen entstammen\" \/>\n<meta property=\"og:url\" content=\"https:\/\/www.iemj.org\/de\/les-berceuses-juives-2\/\" \/>\n<meta property=\"og:site_name\" content=\"Institut Europ\u00e9en des Musiques Juives\" \/>\n<meta property=\"article:publisher\" content=\"https:\/\/www.facebook.com\/MusiquesJuives\/\" \/>\n<meta property=\"article:published_time\" content=\"2017-02-15T13:26:47+00:00\" \/>\n<meta property=\"article:modified_time\" content=\"2025-06-19T10:39:23+00:00\" \/>\n<meta property=\"og:image\" content=\"https:\/\/www.iemj.org\/wp-content\/uploads\/2017\/02\/arton2099.jpg\" \/>\n\t<meta property=\"og:image:width\" content=\"500\" \/>\n\t<meta property=\"og:image:height\" content=\"505\" \/>\n\t<meta property=\"og:image:type\" content=\"image\/jpeg\" \/>\n<meta name=\"author\" content=\"Lea Couderc\" \/>\n<meta name=\"twitter:card\" content=\"summary_large_image\" \/>\n<meta name=\"twitter:label1\" content=\"Verfasst von\" \/>\n\t<meta name=\"twitter:data1\" content=\"Lea Couderc\" \/>\n\t<meta name=\"twitter:label2\" content=\"Gesch\u00e4tzte Lesezeit\" \/>\n\t<meta name=\"twitter:data2\" content=\"2\u00a0Minuten\" \/>\n<script type=\"application\/ld+json\" class=\"yoast-schema-graph\">{\"@context\":\"https:\\\/\\\/schema.org\",\"@graph\":[{\"@type\":\"Article\",\"@id\":\"https:\\\/\\\/www.iemj.org\\\/de\\\/les-berceuses-juives-2\\\/#article\",\"isPartOf\":{\"@id\":\"https:\\\/\\\/www.iemj.org\\\/de\\\/les-berceuses-juives-2\\\/\"},\"author\":{\"name\":\"Lea Couderc\",\"@id\":\"https:\\\/\\\/www.iemj.org\\\/de\\\/#\\\/schema\\\/person\\\/e2ad57f2c4be119c7ed8ab79036807a9\"},\"headline\":\"J\u00dcDISCHE WIEGENLIEDER 2\",\"datePublished\":\"2017-02-15T13:26:47+00:00\",\"dateModified\":\"2025-06-19T10:39:23+00:00\",\"mainEntityOfPage\":{\"@id\":\"https:\\\/\\\/www.iemj.org\\\/de\\\/les-berceuses-juives-2\\\/\"},\"wordCount\":171,\"publisher\":{\"@id\":\"https:\\\/\\\/www.iemj.org\\\/de\\\/#organization\"},\"image\":{\"@id\":\"https:\\\/\\\/www.iemj.org\\\/de\\\/les-berceuses-juives-2\\\/#primaryimage\"},\"thumbnailUrl\":\"https:\\\/\\\/www.iemj.org\\\/wp-content\\\/uploads\\\/2017\\\/02\\\/arton2099.jpg\",\"articleSection\":[\"Playlists\"],\"inLanguage\":\"de\"},{\"@type\":\"WebPage\",\"@id\":\"https:\\\/\\\/www.iemj.org\\\/de\\\/les-berceuses-juives-2\\\/\",\"url\":\"https:\\\/\\\/www.iemj.org\\\/de\\\/les-berceuses-juives-2\\\/\",\"name\":\"J\u00dcDISCHE WIEGENLIEDER 2 - Institut Europ\u00e9en des Musiques Juives\",\"isPartOf\":{\"@id\":\"https:\\\/\\\/www.iemj.org\\\/de\\\/#website\"},\"primaryImageOfPage\":{\"@id\":\"https:\\\/\\\/www.iemj.org\\\/de\\\/les-berceuses-juives-2\\\/#primaryimage\"},\"image\":{\"@id\":\"https:\\\/\\\/www.iemj.org\\\/de\\\/les-berceuses-juives-2\\\/#primaryimage\"},\"thumbnailUrl\":\"https:\\\/\\\/www.iemj.org\\\/wp-content\\\/uploads\\\/2017\\\/02\\\/arton2099.jpg\",\"datePublished\":\"2017-02-15T13:26:47+00:00\",\"dateModified\":\"2025-06-19T10:39:23+00:00\",\"breadcrumb\":{\"@id\":\"https:\\\/\\\/www.iemj.org\\\/de\\\/les-berceuses-juives-2\\\/#breadcrumb\"},\"inLanguage\":\"de\",\"potentialAction\":[{\"@type\":\"ReadAction\",\"target\":[\"https:\\\/\\\/www.iemj.org\\\/de\\\/les-berceuses-juives-2\\\/\"]}]},{\"@type\":\"ImageObject\",\"inLanguage\":\"de\",\"@id\":\"https:\\\/\\\/www.iemj.org\\\/de\\\/les-berceuses-juives-2\\\/#primaryimage\",\"url\":\"https:\\\/\\\/www.iemj.org\\\/wp-content\\\/uploads\\\/2017\\\/02\\\/arton2099.jpg\",\"contentUrl\":\"https:\\\/\\\/www.iemj.org\\\/wp-content\\\/uploads\\\/2017\\\/02\\\/arton2099.jpg\",\"width\":500,\"height\":505},{\"@type\":\"BreadcrumbList\",\"@id\":\"https:\\\/\\\/www.iemj.org\\\/de\\\/les-berceuses-juives-2\\\/#breadcrumb\",\"itemListElement\":[{\"@type\":\"ListItem\",\"position\":1,\"name\":\"Accueil\",\"item\":\"https:\\\/\\\/www.iemj.org\\\/de\\\/\"},{\"@type\":\"ListItem\",\"position\":2,\"name\":\"J\u00dcDISCHE WIEGENLIEDER 2\"}]},{\"@type\":\"WebSite\",\"@id\":\"https:\\\/\\\/www.iemj.org\\\/de\\\/#website\",\"url\":\"https:\\\/\\\/www.iemj.org\\\/de\\\/\",\"name\":\"Institut Europ\u00e9en des Musiques Juives\",\"description\":\"Des traditions musicales \u00e0 la port\u00e9e de tous\",\"publisher\":{\"@id\":\"https:\\\/\\\/www.iemj.org\\\/de\\\/#organization\"},\"potentialAction\":[{\"@type\":\"SearchAction\",\"target\":{\"@type\":\"EntryPoint\",\"urlTemplate\":\"https:\\\/\\\/www.iemj.org\\\/de\\\/?s={search_term_string}\"},\"query-input\":{\"@type\":\"PropertyValueSpecification\",\"valueRequired\":true,\"valueName\":\"search_term_string\"}}],\"inLanguage\":\"de\"},{\"@type\":\"Organization\",\"@id\":\"https:\\\/\\\/www.iemj.org\\\/de\\\/#organization\",\"name\":\"Institut Europ\u00e9en des Musiques Juives\",\"url\":\"https:\\\/\\\/www.iemj.org\\\/de\\\/\",\"logo\":{\"@type\":\"ImageObject\",\"inLanguage\":\"de\",\"@id\":\"https:\\\/\\\/www.iemj.org\\\/de\\\/#\\\/schema\\\/logo\\\/image\\\/\",\"url\":\"https:\\\/\\\/www.iemj.org\\\/wp-content\\\/uploads\\\/2021\\\/09\\\/Logo-IEMJ-Paypal.jpg\",\"contentUrl\":\"https:\\\/\\\/www.iemj.org\\\/wp-content\\\/uploads\\\/2021\\\/09\\\/Logo-IEMJ-Paypal.jpg\",\"width\":150,\"height\":50,\"caption\":\"Institut Europ\u00e9en des Musiques Juives\"},\"image\":{\"@id\":\"https:\\\/\\\/www.iemj.org\\\/de\\\/#\\\/schema\\\/logo\\\/image\\\/\"},\"sameAs\":[\"https:\\\/\\\/www.facebook.com\\\/MusiquesJuives\\\/\",\"https:\\\/\\\/www.instagram.com\\\/musiquesjuives\\\/\",\"https:\\\/\\\/www.youtube.com\\\/user\\\/musiquesjuives\"]},{\"@type\":\"Person\",\"@id\":\"https:\\\/\\\/www.iemj.org\\\/de\\\/#\\\/schema\\\/person\\\/e2ad57f2c4be119c7ed8ab79036807a9\",\"name\":\"Lea Couderc\",\"image\":{\"@type\":\"ImageObject\",\"inLanguage\":\"de\",\"@id\":\"https:\\\/\\\/secure.gravatar.com\\\/avatar\\\/46ee021475d60aeff17a7e490b79dea5a5684bb392ab7fd1494027411df8ba23?s=96&d=mm&r=g\",\"url\":\"https:\\\/\\\/secure.gravatar.com\\\/avatar\\\/46ee021475d60aeff17a7e490b79dea5a5684bb392ab7fd1494027411df8ba23?s=96&d=mm&r=g\",\"contentUrl\":\"https:\\\/\\\/secure.gravatar.com\\\/avatar\\\/46ee021475d60aeff17a7e490b79dea5a5684bb392ab7fd1494027411df8ba23?s=96&d=mm&r=g\",\"caption\":\"Lea Couderc\"}}]}<\/script>\n<!-- \/ Yoast SEO plugin. -->","yoast_head_json":{"title":"J\u00dcDISCHE WIEGENLIEDER 2 - Institut Europ\u00e9en des Musiques Juives","robots":{"index":"index","follow":"follow","max-snippet":"max-snippet:-1","max-image-preview":"max-image-preview:large","max-video-preview":"max-video-preview:-1"},"canonical":"https:\/\/www.iemj.org\/de\/les-berceuses-juives-2\/","og_locale":"de_DE","og_type":"article","og_title":"J\u00dcDISCHE WIEGENLIEDER 2 - Institut Europ\u00e9en des Musiques Juives","og_description":"Eine Auswahl an Wiegenliedern, welche verschiedenen j\u00fcdischen Traditionen entstammen","og_url":"https:\/\/www.iemj.org\/de\/les-berceuses-juives-2\/","og_site_name":"Institut Europ\u00e9en des Musiques Juives","article_publisher":"https:\/\/www.facebook.com\/MusiquesJuives\/","article_published_time":"2017-02-15T13:26:47+00:00","article_modified_time":"2025-06-19T10:39:23+00:00","og_image":[{"width":500,"height":505,"url":"https:\/\/www.iemj.org\/wp-content\/uploads\/2017\/02\/arton2099.jpg","type":"image\/jpeg"}],"author":"Lea Couderc","twitter_card":"summary_large_image","twitter_misc":{"Verfasst von":"Lea Couderc","Gesch\u00e4tzte Lesezeit":"2\u00a0Minuten"},"schema":{"@context":"https:\/\/schema.org","@graph":[{"@type":"Article","@id":"https:\/\/www.iemj.org\/de\/les-berceuses-juives-2\/#article","isPartOf":{"@id":"https:\/\/www.iemj.org\/de\/les-berceuses-juives-2\/"},"author":{"name":"Lea Couderc","@id":"https:\/\/www.iemj.org\/de\/#\/schema\/person\/e2ad57f2c4be119c7ed8ab79036807a9"},"headline":"J\u00dcDISCHE WIEGENLIEDER 2","datePublished":"2017-02-15T13:26:47+00:00","dateModified":"2025-06-19T10:39:23+00:00","mainEntityOfPage":{"@id":"https:\/\/www.iemj.org\/de\/les-berceuses-juives-2\/"},"wordCount":171,"publisher":{"@id":"https:\/\/www.iemj.org\/de\/#organization"},"image":{"@id":"https:\/\/www.iemj.org\/de\/les-berceuses-juives-2\/#primaryimage"},"thumbnailUrl":"https:\/\/www.iemj.org\/wp-content\/uploads\/2017\/02\/arton2099.jpg","articleSection":["Playlists"],"inLanguage":"de"},{"@type":"WebPage","@id":"https:\/\/www.iemj.org\/de\/les-berceuses-juives-2\/","url":"https:\/\/www.iemj.org\/de\/les-berceuses-juives-2\/","name":"J\u00dcDISCHE WIEGENLIEDER 2 - Institut Europ\u00e9en des Musiques Juives","isPartOf":{"@id":"https:\/\/www.iemj.org\/de\/#website"},"primaryImageOfPage":{"@id":"https:\/\/www.iemj.org\/de\/les-berceuses-juives-2\/#primaryimage"},"image":{"@id":"https:\/\/www.iemj.org\/de\/les-berceuses-juives-2\/#primaryimage"},"thumbnailUrl":"https:\/\/www.iemj.org\/wp-content\/uploads\/2017\/02\/arton2099.jpg","datePublished":"2017-02-15T13:26:47+00:00","dateModified":"2025-06-19T10:39:23+00:00","breadcrumb":{"@id":"https:\/\/www.iemj.org\/de\/les-berceuses-juives-2\/#breadcrumb"},"inLanguage":"de","potentialAction":[{"@type":"ReadAction","target":["https:\/\/www.iemj.org\/de\/les-berceuses-juives-2\/"]}]},{"@type":"ImageObject","inLanguage":"de","@id":"https:\/\/www.iemj.org\/de\/les-berceuses-juives-2\/#primaryimage","url":"https:\/\/www.iemj.org\/wp-content\/uploads\/2017\/02\/arton2099.jpg","contentUrl":"https:\/\/www.iemj.org\/wp-content\/uploads\/2017\/02\/arton2099.jpg","width":500,"height":505},{"@type":"BreadcrumbList","@id":"https:\/\/www.iemj.org\/de\/les-berceuses-juives-2\/#breadcrumb","itemListElement":[{"@type":"ListItem","position":1,"name":"Accueil","item":"https:\/\/www.iemj.org\/de\/"},{"@type":"ListItem","position":2,"name":"J\u00dcDISCHE WIEGENLIEDER 2"}]},{"@type":"WebSite","@id":"https:\/\/www.iemj.org\/de\/#website","url":"https:\/\/www.iemj.org\/de\/","name":"Institut Europ\u00e9en des Musiques Juives","description":"Des traditions musicales \u00e0 la port\u00e9e de tous","publisher":{"@id":"https:\/\/www.iemj.org\/de\/#organization"},"potentialAction":[{"@type":"SearchAction","target":{"@type":"EntryPoint","urlTemplate":"https:\/\/www.iemj.org\/de\/?s={search_term_string}"},"query-input":{"@type":"PropertyValueSpecification","valueRequired":true,"valueName":"search_term_string"}}],"inLanguage":"de"},{"@type":"Organization","@id":"https:\/\/www.iemj.org\/de\/#organization","name":"Institut Europ\u00e9en des Musiques Juives","url":"https:\/\/www.iemj.org\/de\/","logo":{"@type":"ImageObject","inLanguage":"de","@id":"https:\/\/www.iemj.org\/de\/#\/schema\/logo\/image\/","url":"https:\/\/www.iemj.org\/wp-content\/uploads\/2021\/09\/Logo-IEMJ-Paypal.jpg","contentUrl":"https:\/\/www.iemj.org\/wp-content\/uploads\/2021\/09\/Logo-IEMJ-Paypal.jpg","width":150,"height":50,"caption":"Institut Europ\u00e9en des Musiques Juives"},"image":{"@id":"https:\/\/www.iemj.org\/de\/#\/schema\/logo\/image\/"},"sameAs":["https:\/\/www.facebook.com\/MusiquesJuives\/","https:\/\/www.instagram.com\/musiquesjuives\/","https:\/\/www.youtube.com\/user\/musiquesjuives"]},{"@type":"Person","@id":"https:\/\/www.iemj.org\/de\/#\/schema\/person\/e2ad57f2c4be119c7ed8ab79036807a9","name":"Lea Couderc","image":{"@type":"ImageObject","inLanguage":"de","@id":"https:\/\/secure.gravatar.com\/avatar\/46ee021475d60aeff17a7e490b79dea5a5684bb392ab7fd1494027411df8ba23?s=96&d=mm&r=g","url":"https:\/\/secure.gravatar.com\/avatar\/46ee021475d60aeff17a7e490b79dea5a5684bb392ab7fd1494027411df8ba23?s=96&d=mm&r=g","contentUrl":"https:\/\/secure.gravatar.com\/avatar\/46ee021475d60aeff17a7e490b79dea5a5684bb392ab7fd1494027411df8ba23?s=96&d=mm&r=g","caption":"Lea Couderc"}}]}},"_links":{"self":[{"href":"https:\/\/www.iemj.org\/de\/wp-json\/wp\/v2\/posts\/72419","targetHints":{"allow":["GET"]}}],"collection":[{"href":"https:\/\/www.iemj.org\/de\/wp-json\/wp\/v2\/posts"}],"about":[{"href":"https:\/\/www.iemj.org\/de\/wp-json\/wp\/v2\/types\/post"}],"author":[{"embeddable":true,"href":"https:\/\/www.iemj.org\/de\/wp-json\/wp\/v2\/users\/1052"}],"replies":[{"embeddable":true,"href":"https:\/\/www.iemj.org\/de\/wp-json\/wp\/v2\/comments?post=72419"}],"version-history":[{"count":0,"href":"https:\/\/www.iemj.org\/de\/wp-json\/wp\/v2\/posts\/72419\/revisions"}],"wp:featuredmedia":[{"embeddable":true,"href":"https:\/\/www.iemj.org\/de\/wp-json\/wp\/v2\/media\/72420"}],"wp:attachment":[{"href":"https:\/\/www.iemj.org\/de\/wp-json\/wp\/v2\/media?parent=72419"}],"wp:term":[{"taxonomy":"category","embeddable":true,"href":"https:\/\/www.iemj.org\/de\/wp-json\/wp\/v2\/categories?post=72419"},{"taxonomy":"post_tag","embeddable":true,"href":"https:\/\/www.iemj.org\/de\/wp-json\/wp\/v2\/tags?post=72419"},{"taxonomy":"technique","embeddable":true,"href":"https:\/\/www.iemj.org\/de\/wp-json\/wp\/v2\/technique?post=72419"},{"taxonomy":"squelettes","embeddable":true,"href":"https:\/\/www.iemj.org\/de\/wp-json\/wp\/v2\/squelettes?post=72419"},{"taxonomy":"sujet","embeddable":true,"href":"https:\/\/www.iemj.org\/de\/wp-json\/wp\/v2\/sujet?post=72419"},{"taxonomy":"formation","embeddable":true,"href":"https:\/\/www.iemj.org\/de\/wp-json\/wp\/v2\/formation?post=72419"},{"taxonomy":"genre","embeddable":true,"href":"https:\/\/www.iemj.org\/de\/wp-json\/wp\/v2\/genre?post=72419"},{"taxonomy":"fonds","embeddable":true,"href":"https:\/\/www.iemj.org\/de\/wp-json\/wp\/v2\/fonds?post=72419"},{"taxonomy":"tradition","embeddable":true,"href":"https:\/\/www.iemj.org\/de\/wp-json\/wp\/v2\/tradition?post=72419"},{"taxonomy":"type-de-contenu","embeddable":true,"href":"https:\/\/www.iemj.org\/de\/wp-json\/wp\/v2\/type-de-contenu?post=72419"},{"taxonomy":"interprete-compositeur","embeddable":true,"href":"https:\/\/www.iemj.org\/de\/wp-json\/wp\/v2\/interprete-compositeur?post=72419"},{"taxonomy":"frise","embeddable":true,"href":"https:\/\/www.iemj.org\/de\/wp-json\/wp\/v2\/frise?post=72419"},{"taxonomy":"type-devenement","embeddable":true,"href":"https:\/\/www.iemj.org\/de\/wp-json\/wp\/v2\/type-devenement?post=72419"},{"taxonomy":"tableaux-liens-externes","embeddable":true,"href":"https:\/\/www.iemj.org\/de\/wp-json\/wp\/v2\/tableaux-liens-externes?post=72419"}],"curies":[{"name":"wp","href":"https:\/\/api.w.org\/{rel}","templated":true}]}}