{"id":72454,"date":"2019-03-28T14:12:57","date_gmt":"2019-03-28T13:12:57","guid":{"rendered":"https:\/\/www.iemj.org\/les-plus-belles-chansons-de-bracha-zefira-1910-1990\/"},"modified":"2025-07-10T17:34:18","modified_gmt":"2025-07-10T15:34:18","slug":"les-plus-belles-chansons-de-bracha-zefira-1910-1990","status":"publish","type":"post","link":"https:\/\/www.iemj.org\/de\/les-plus-belles-chansons-de-bracha-zefira-1910-1990\/","title":{"rendered":"DIE SCH\u00d6NSTEN LIEDER VON BRACHA ZEFIRA (1910-1990)"},"content":{"rendered":"<p><strong>Eine Auswahl an Liedern von Bracha Zefira, einer Pionierin, welche orientalische Melodien und hebr\u00e4ische Gedichte miteinander verband<\/strong><\/p>\n<p><!--more--><\/p>\n<p>Die israelische S\u00e4ngerin jemenitischer Abstammung, Bracha Zefira, wurde schon in jungen Jahren auf die arabischen und beduinischen Melodien aufmerksam, welche sie auf Spazierg\u00e4ngen durch die Jerusalemer Altstadt zu h\u00f6ren bekam. W\u00e4hrend ihres Musik- und Theaterstudiums, lernte sie in Berlin den Pianisten, Komponisten und Arrangeur Nahum Nardi kennen, der nicht nur auf der B\u00fchne, sondern auch im echten Leben, ihr Partner werden sollte.<\/p>\n<p>Daraufhin widmete sich Bracha Zefira vollkommen dem Gesang. Das Duo Zefira\/Nardi sang Lieder verschiedener ethnischer Gruppen, welche Bracha seit ihrer Kindheit kannte, insbesondere sephardische Lieder, j\u00fcdische Lieder aus dem Jemen, Persien und aus Buchara, sowie Lieder der Beduinen und der pal\u00e4stinensischen Araber.<\/p>\n<p>Als Sammlerin traditioneller Lieder kehrte Bracha regelm\u00e4\u00dfig in das Viertel ihrer Kindheit zur\u00fcck. Sie bat die \u00e4lteren Damen, ihr ihre Lieder vorzusingen und nahm an lokalen Festlichkeiten teil.<\/p>\n<p>Nach einigen Jahren beendete Bracha Zafira die Zusammenarbeit mit Nahum Nardi und wandte sie fortan anderen Komponisten wie Paul Ben-Haim, \u00d6d\u00f6n P\u00e1rtos oder Marc Lavry zu.<\/p>\n<p>Ihr Werk umfasst mehr als 400 Lieder. Ihre Lieder, welche auf arabischen oder beduinischen Melodien aufbauen, enthalten von Nardi arrangierte Titel, wie <em>Ben Nahar Prat, Yesh Li Gan, Lamidbar, Aley Giv&#8217;a<\/em>. \u00a0Sie sang au\u00dferdem auch Pijjut der jemenitischen und sephardischen Juden mit den Orginaltexten, wie <em>S&#8217;I Yona<\/em> oder <em>Hamavdil<\/em>. Bracha Zefira \u00fcbersetzte oder ersetzte die Texte sephardischer Romanzen, wie z. B. den Text Romanze von Yehuda Karni \u00fcber das Lied <em>Hitrag&#8217;ot<\/em>.<\/p>\n<p><a href=\"https:\/\/www.iemj.org\/de\/zefira-bracha-1910-1990\/\" target=\"_blank\" rel=\"noopener\">Lesen sie die Biografie von Bracha Zefira<\/a><\/p>\n\n<div class=\"wp-block-image\">\n<figure class=\"aligncenter size-large\"><img fetchpriority=\"high\" decoding=\"async\" width=\"1024\" height=\"133\" src=\"https:\/\/www.iemj.org\/wp-content\/uploads\/2024\/03\/AUDIO-PLAYER-1024x133.png\" alt=\"\" class=\"wp-image-110606\" srcset=\"https:\/\/www.iemj.org\/wp-content\/uploads\/2024\/03\/AUDIO-PLAYER-1024x133.png 1024w, https:\/\/www.iemj.org\/wp-content\/uploads\/2024\/03\/AUDIO-PLAYER-300x39.png 300w, https:\/\/www.iemj.org\/wp-content\/uploads\/2024\/03\/AUDIO-PLAYER-768x100.png 768w, https:\/\/www.iemj.org\/wp-content\/uploads\/2024\/03\/AUDIO-PLAYER-600x78.png 600w, https:\/\/www.iemj.org\/wp-content\/uploads\/2024\/03\/AUDIO-PLAYER.png 1210w\" sizes=\"(max-width: 1024px) 100vw, 1024px\" \/><\/figure>\n<\/div>\n\n\n<h2 class=\"wp-block-heading\"><\/h2>\n\n\n\n<div class=\"wp-block-file\"><a href=\"https:\/\/www.iemj.org\/wp-content\/uploads\/2019\/03\/between_tigris_and_euphrates.mp3\">Between Tigris and Euphrates<\/a><\/div>\n\n\n\n<div class=\"wp-block-file\"><a href=\"https:\/\/www.iemj.org\/wp-content\/uploads\/2019\/03\/chir_eres.mp3\">Chir Eres<\/a><\/div>\n\n\n\n<div class=\"wp-block-file\"><a href=\"https:\/\/www.iemj.org\/wp-content\/uploads\/2019\/03\/el-hanegev.mp3\">El-Hanegev<\/a><\/div>\n\n\n\n<div class=\"wp-block-file\"><a href=\"https:\/\/www.iemj.org\/wp-content\/uploads\/2019\/03\/hakad.mp3\">Hakad<\/a><\/div>\n\n\n\n<div class=\"wp-block-file\"><a href=\"https:\/\/www.iemj.org\/wp-content\/uploads\/2019\/03\/hymn_of_praise_to_labor.mp3\">Hymn of praise to Labor<\/a><\/div>\n\n\n\n<div class=\"wp-block-file\"><a href=\"https:\/\/www.iemj.org\/wp-content\/uploads\/2019\/03\/i_have_a_garden.mp3\">I have a garden<\/a><\/div>\n\n\n\n<div class=\"wp-block-file\"><a href=\"https:\/\/www.iemj.org\/wp-content\/uploads\/2019\/03\/in_galilee.mp3\">In Galilee<\/a><\/div>\n\n\n\n<div class=\"wp-block-file\"><a href=\"https:\/\/www.iemj.org\/wp-content\/uploads\/2019\/03\/lift_thee_dove.mp3\">Lift, Thee, Dove<\/a><\/div>\n\n\n\n<div class=\"wp-block-file\"><a href=\"https:\/\/www.iemj.org\/wp-content\/uploads\/2019\/03\/mi_yiten.mp3\">Mi Yit\u00e9n<\/a><\/div>\n\n\n\n<div class=\"wp-block-file\"><a href=\"https:\/\/www.iemj.org\/wp-content\/uploads\/2019\/03\/mi_yivneh.mp3\">Mi Yivneh<\/a><\/div>\n\n\n\n<div class=\"wp-block-file\"><a href=\"https:\/\/www.iemj.org\/wp-content\/uploads\/2019\/03\/mont_zion_shall_rejoice.mp3\">Mont Zion shall rejoice<\/a><\/div>\n\n\n\n<div class=\"wp-block-file\"><a href=\"https:\/\/www.iemj.org\/wp-content\/uploads\/2019\/03\/my_boat.mp3\">My Boat<\/a><\/div>\n\n\n\n<div class=\"wp-block-file\"><a href=\"https:\/\/www.iemj.org\/wp-content\/uploads\/2019\/03\/schyb_bolek_bassade.mp3\">Schyb Bolek Bassade<\/a><\/div>\n\n\n\n<div class=\"wp-block-file\"><a href=\"https:\/\/www.iemj.org\/wp-content\/uploads\/2019\/03\/sheep-shearing_song.mp3\">Sheep-shearing song<\/a><\/div>\n\n\n\n<div class=\"wp-block-file\"><a href=\"https:\/\/www.iemj.org\/wp-content\/uploads\/2019\/03\/yismehou.mp3\">Yism\u00e9hou<\/a><\/div>\n\n\n\n<div class=\"wp-block-file\"><a href=\"https:\/\/www.iemj.org\/wp-content\/uploads\/2019\/03\/yom_guila.mp3\">Yom Guila<\/a><\/div>\n","protected":false},"excerpt":{"rendered":"<p>Eine Auswahl an Liedern von Bracha Zefira, einer Pionierin, welche orientalische Melodien und hebr\u00e4ische Gedichte miteinander verband<\/p>\n","protected":false},"author":1048,"featured_media":72455,"comment_status":"closed","ping_status":"open","sticky":false,"template":"","format":"standard","meta":{"_acf_changed":false,"footnotes":""},"categories":[1534],"tags":[],"technique":[],"squelettes":[],"sujet":[2137],"formation":[],"genre":[1880],"fonds":[],"tradition":[],"type-de-contenu":[],"interprete-compositeur":[],"frise":[],"type-devenement":[],"tableaux-liens-externes":[],"class_list":["post-72454","post","type-post","status-publish","format-standard","has-post-thumbnail","hentry","category-playlists-de","sujet-yemen-de","genre-israellied-de"],"acf":[],"yoast_head":"<!-- This site is optimized with the Yoast SEO plugin v27.3 - https:\/\/yoast.com\/product\/yoast-seo-wordpress\/ -->\n<title>DIE SCH\u00d6NSTEN LIEDER VON BRACHA ZEFIRA (1910-1990) - Institut Europ\u00e9en des Musiques Juives<\/title>\n<meta name=\"robots\" content=\"index, follow, max-snippet:-1, max-image-preview:large, max-video-preview:-1\" \/>\n<link rel=\"canonical\" href=\"https:\/\/www.iemj.org\/de\/les-plus-belles-chansons-de-bracha-zefira-1910-1990\/\" \/>\n<meta property=\"og:locale\" content=\"de_DE\" \/>\n<meta property=\"og:type\" content=\"article\" \/>\n<meta property=\"og:title\" content=\"DIE SCH\u00d6NSTEN LIEDER VON BRACHA ZEFIRA (1910-1990) - Institut Europ\u00e9en des Musiques Juives\" \/>\n<meta property=\"og:description\" content=\"Eine Auswahl an Liedern von Bracha Zefira, einer Pionierin, welche orientalische Melodien und hebr\u00e4ische Gedichte miteinander verband\" \/>\n<meta property=\"og:url\" content=\"https:\/\/www.iemj.org\/de\/les-plus-belles-chansons-de-bracha-zefira-1910-1990\/\" \/>\n<meta property=\"og:site_name\" content=\"Institut Europ\u00e9en des Musiques Juives\" \/>\n<meta property=\"article:publisher\" content=\"https:\/\/www.facebook.com\/MusiquesJuives\/\" \/>\n<meta property=\"article:published_time\" content=\"2019-03-28T13:12:57+00:00\" \/>\n<meta property=\"article:modified_time\" content=\"2025-07-10T15:34:18+00:00\" \/>\n<meta property=\"og:image\" content=\"https:\/\/www.iemj.org\/wp-content\/uploads\/2019\/03\/arton4038.jpg\" \/>\n\t<meta property=\"og:image:width\" content=\"300\" \/>\n\t<meta property=\"og:image:height\" content=\"438\" \/>\n\t<meta property=\"og:image:type\" content=\"image\/jpeg\" \/>\n<meta name=\"author\" content=\"Jean-Gabriel Davis\" \/>\n<meta name=\"twitter:card\" content=\"summary_large_image\" \/>\n<meta name=\"twitter:label1\" content=\"Verfasst von\" \/>\n\t<meta name=\"twitter:data1\" content=\"Jean-Gabriel Davis\" \/>\n\t<meta name=\"twitter:label2\" content=\"Gesch\u00e4tzte Lesezeit\" \/>\n\t<meta name=\"twitter:data2\" content=\"2\u00a0Minuten\" \/>\n<script type=\"application\/ld+json\" class=\"yoast-schema-graph\">{\"@context\":\"https:\\\/\\\/schema.org\",\"@graph\":[{\"@type\":\"Article\",\"@id\":\"https:\\\/\\\/www.iemj.org\\\/de\\\/les-plus-belles-chansons-de-bracha-zefira-1910-1990\\\/#article\",\"isPartOf\":{\"@id\":\"https:\\\/\\\/www.iemj.org\\\/de\\\/les-plus-belles-chansons-de-bracha-zefira-1910-1990\\\/\"},\"author\":{\"name\":\"Jean-Gabriel Davis\",\"@id\":\"https:\\\/\\\/www.iemj.org\\\/de\\\/#\\\/schema\\\/person\\\/c9bc1c386a3749579a2d675e72a18666\"},\"headline\":\"DIE SCH\u00d6NSTEN LIEDER VON BRACHA ZEFIRA (1910-1990)\",\"datePublished\":\"2019-03-28T13:12:57+00:00\",\"dateModified\":\"2025-07-10T15:34:18+00:00\",\"mainEntityOfPage\":{\"@id\":\"https:\\\/\\\/www.iemj.org\\\/de\\\/les-plus-belles-chansons-de-bracha-zefira-1910-1990\\\/\"},\"wordCount\":319,\"publisher\":{\"@id\":\"https:\\\/\\\/www.iemj.org\\\/de\\\/#organization\"},\"image\":{\"@id\":\"https:\\\/\\\/www.iemj.org\\\/de\\\/les-plus-belles-chansons-de-bracha-zefira-1910-1990\\\/#primaryimage\"},\"thumbnailUrl\":\"https:\\\/\\\/www.iemj.org\\\/wp-content\\\/uploads\\\/2019\\\/03\\\/arton4038.jpg\",\"articleSection\":[\"Playlists\"],\"inLanguage\":\"de\"},{\"@type\":\"WebPage\",\"@id\":\"https:\\\/\\\/www.iemj.org\\\/de\\\/les-plus-belles-chansons-de-bracha-zefira-1910-1990\\\/\",\"url\":\"https:\\\/\\\/www.iemj.org\\\/de\\\/les-plus-belles-chansons-de-bracha-zefira-1910-1990\\\/\",\"name\":\"DIE SCH\u00d6NSTEN LIEDER VON BRACHA ZEFIRA (1910-1990) - Institut Europ\u00e9en des Musiques Juives\",\"isPartOf\":{\"@id\":\"https:\\\/\\\/www.iemj.org\\\/de\\\/#website\"},\"primaryImageOfPage\":{\"@id\":\"https:\\\/\\\/www.iemj.org\\\/de\\\/les-plus-belles-chansons-de-bracha-zefira-1910-1990\\\/#primaryimage\"},\"image\":{\"@id\":\"https:\\\/\\\/www.iemj.org\\\/de\\\/les-plus-belles-chansons-de-bracha-zefira-1910-1990\\\/#primaryimage\"},\"thumbnailUrl\":\"https:\\\/\\\/www.iemj.org\\\/wp-content\\\/uploads\\\/2019\\\/03\\\/arton4038.jpg\",\"datePublished\":\"2019-03-28T13:12:57+00:00\",\"dateModified\":\"2025-07-10T15:34:18+00:00\",\"breadcrumb\":{\"@id\":\"https:\\\/\\\/www.iemj.org\\\/de\\\/les-plus-belles-chansons-de-bracha-zefira-1910-1990\\\/#breadcrumb\"},\"inLanguage\":\"de\",\"potentialAction\":[{\"@type\":\"ReadAction\",\"target\":[\"https:\\\/\\\/www.iemj.org\\\/de\\\/les-plus-belles-chansons-de-bracha-zefira-1910-1990\\\/\"]}]},{\"@type\":\"ImageObject\",\"inLanguage\":\"de\",\"@id\":\"https:\\\/\\\/www.iemj.org\\\/de\\\/les-plus-belles-chansons-de-bracha-zefira-1910-1990\\\/#primaryimage\",\"url\":\"https:\\\/\\\/www.iemj.org\\\/wp-content\\\/uploads\\\/2019\\\/03\\\/arton4038.jpg\",\"contentUrl\":\"https:\\\/\\\/www.iemj.org\\\/wp-content\\\/uploads\\\/2019\\\/03\\\/arton4038.jpg\",\"width\":300,\"height\":438},{\"@type\":\"BreadcrumbList\",\"@id\":\"https:\\\/\\\/www.iemj.org\\\/de\\\/les-plus-belles-chansons-de-bracha-zefira-1910-1990\\\/#breadcrumb\",\"itemListElement\":[{\"@type\":\"ListItem\",\"position\":1,\"name\":\"Accueil\",\"item\":\"https:\\\/\\\/www.iemj.org\\\/de\\\/\"},{\"@type\":\"ListItem\",\"position\":2,\"name\":\"DIE SCH\u00d6NSTEN LIEDER VON BRACHA ZEFIRA (1910-1990)\"}]},{\"@type\":\"WebSite\",\"@id\":\"https:\\\/\\\/www.iemj.org\\\/de\\\/#website\",\"url\":\"https:\\\/\\\/www.iemj.org\\\/de\\\/\",\"name\":\"Institut Europ\u00e9en des Musiques Juives\",\"description\":\"Des traditions musicales \u00e0 la port\u00e9e de tous\",\"publisher\":{\"@id\":\"https:\\\/\\\/www.iemj.org\\\/de\\\/#organization\"},\"potentialAction\":[{\"@type\":\"SearchAction\",\"target\":{\"@type\":\"EntryPoint\",\"urlTemplate\":\"https:\\\/\\\/www.iemj.org\\\/de\\\/?s={search_term_string}\"},\"query-input\":{\"@type\":\"PropertyValueSpecification\",\"valueRequired\":true,\"valueName\":\"search_term_string\"}}],\"inLanguage\":\"de\"},{\"@type\":\"Organization\",\"@id\":\"https:\\\/\\\/www.iemj.org\\\/de\\\/#organization\",\"name\":\"Institut Europ\u00e9en des Musiques Juives\",\"url\":\"https:\\\/\\\/www.iemj.org\\\/de\\\/\",\"logo\":{\"@type\":\"ImageObject\",\"inLanguage\":\"de\",\"@id\":\"https:\\\/\\\/www.iemj.org\\\/de\\\/#\\\/schema\\\/logo\\\/image\\\/\",\"url\":\"https:\\\/\\\/www.iemj.org\\\/wp-content\\\/uploads\\\/2021\\\/09\\\/Logo-IEMJ-Paypal.jpg\",\"contentUrl\":\"https:\\\/\\\/www.iemj.org\\\/wp-content\\\/uploads\\\/2021\\\/09\\\/Logo-IEMJ-Paypal.jpg\",\"width\":150,\"height\":50,\"caption\":\"Institut Europ\u00e9en des Musiques Juives\"},\"image\":{\"@id\":\"https:\\\/\\\/www.iemj.org\\\/de\\\/#\\\/schema\\\/logo\\\/image\\\/\"},\"sameAs\":[\"https:\\\/\\\/www.facebook.com\\\/MusiquesJuives\\\/\",\"https:\\\/\\\/www.instagram.com\\\/musiquesjuives\\\/\",\"https:\\\/\\\/www.youtube.com\\\/user\\\/musiquesjuives\"]},{\"@type\":\"Person\",\"@id\":\"https:\\\/\\\/www.iemj.org\\\/de\\\/#\\\/schema\\\/person\\\/c9bc1c386a3749579a2d675e72a18666\",\"name\":\"Jean-Gabriel Davis\",\"image\":{\"@type\":\"ImageObject\",\"inLanguage\":\"de\",\"@id\":\"https:\\\/\\\/secure.gravatar.com\\\/avatar\\\/2b90d67bdf392c9b3a21fab87c0fa7edaf1fb3a058172a1ffd61033fcec7aec1?s=96&d=mm&r=g\",\"url\":\"https:\\\/\\\/secure.gravatar.com\\\/avatar\\\/2b90d67bdf392c9b3a21fab87c0fa7edaf1fb3a058172a1ffd61033fcec7aec1?s=96&d=mm&r=g\",\"contentUrl\":\"https:\\\/\\\/secure.gravatar.com\\\/avatar\\\/2b90d67bdf392c9b3a21fab87c0fa7edaf1fb3a058172a1ffd61033fcec7aec1?s=96&d=mm&r=g\",\"caption\":\"Jean-Gabriel Davis\"}}]}<\/script>\n<!-- \/ Yoast SEO plugin. -->","yoast_head_json":{"title":"DIE SCH\u00d6NSTEN LIEDER VON BRACHA ZEFIRA (1910-1990) - Institut Europ\u00e9en des Musiques Juives","robots":{"index":"index","follow":"follow","max-snippet":"max-snippet:-1","max-image-preview":"max-image-preview:large","max-video-preview":"max-video-preview:-1"},"canonical":"https:\/\/www.iemj.org\/de\/les-plus-belles-chansons-de-bracha-zefira-1910-1990\/","og_locale":"de_DE","og_type":"article","og_title":"DIE SCH\u00d6NSTEN LIEDER VON BRACHA ZEFIRA (1910-1990) - Institut Europ\u00e9en des Musiques Juives","og_description":"Eine Auswahl an Liedern von Bracha Zefira, einer Pionierin, welche orientalische Melodien und hebr\u00e4ische Gedichte miteinander verband","og_url":"https:\/\/www.iemj.org\/de\/les-plus-belles-chansons-de-bracha-zefira-1910-1990\/","og_site_name":"Institut Europ\u00e9en des Musiques Juives","article_publisher":"https:\/\/www.facebook.com\/MusiquesJuives\/","article_published_time":"2019-03-28T13:12:57+00:00","article_modified_time":"2025-07-10T15:34:18+00:00","og_image":[{"width":300,"height":438,"url":"https:\/\/www.iemj.org\/wp-content\/uploads\/2019\/03\/arton4038.jpg","type":"image\/jpeg"}],"author":"Jean-Gabriel Davis","twitter_card":"summary_large_image","twitter_misc":{"Verfasst von":"Jean-Gabriel Davis","Gesch\u00e4tzte Lesezeit":"2\u00a0Minuten"},"schema":{"@context":"https:\/\/schema.org","@graph":[{"@type":"Article","@id":"https:\/\/www.iemj.org\/de\/les-plus-belles-chansons-de-bracha-zefira-1910-1990\/#article","isPartOf":{"@id":"https:\/\/www.iemj.org\/de\/les-plus-belles-chansons-de-bracha-zefira-1910-1990\/"},"author":{"name":"Jean-Gabriel Davis","@id":"https:\/\/www.iemj.org\/de\/#\/schema\/person\/c9bc1c386a3749579a2d675e72a18666"},"headline":"DIE SCH\u00d6NSTEN LIEDER VON BRACHA ZEFIRA (1910-1990)","datePublished":"2019-03-28T13:12:57+00:00","dateModified":"2025-07-10T15:34:18+00:00","mainEntityOfPage":{"@id":"https:\/\/www.iemj.org\/de\/les-plus-belles-chansons-de-bracha-zefira-1910-1990\/"},"wordCount":319,"publisher":{"@id":"https:\/\/www.iemj.org\/de\/#organization"},"image":{"@id":"https:\/\/www.iemj.org\/de\/les-plus-belles-chansons-de-bracha-zefira-1910-1990\/#primaryimage"},"thumbnailUrl":"https:\/\/www.iemj.org\/wp-content\/uploads\/2019\/03\/arton4038.jpg","articleSection":["Playlists"],"inLanguage":"de"},{"@type":"WebPage","@id":"https:\/\/www.iemj.org\/de\/les-plus-belles-chansons-de-bracha-zefira-1910-1990\/","url":"https:\/\/www.iemj.org\/de\/les-plus-belles-chansons-de-bracha-zefira-1910-1990\/","name":"DIE SCH\u00d6NSTEN LIEDER VON BRACHA ZEFIRA (1910-1990) - Institut Europ\u00e9en des Musiques Juives","isPartOf":{"@id":"https:\/\/www.iemj.org\/de\/#website"},"primaryImageOfPage":{"@id":"https:\/\/www.iemj.org\/de\/les-plus-belles-chansons-de-bracha-zefira-1910-1990\/#primaryimage"},"image":{"@id":"https:\/\/www.iemj.org\/de\/les-plus-belles-chansons-de-bracha-zefira-1910-1990\/#primaryimage"},"thumbnailUrl":"https:\/\/www.iemj.org\/wp-content\/uploads\/2019\/03\/arton4038.jpg","datePublished":"2019-03-28T13:12:57+00:00","dateModified":"2025-07-10T15:34:18+00:00","breadcrumb":{"@id":"https:\/\/www.iemj.org\/de\/les-plus-belles-chansons-de-bracha-zefira-1910-1990\/#breadcrumb"},"inLanguage":"de","potentialAction":[{"@type":"ReadAction","target":["https:\/\/www.iemj.org\/de\/les-plus-belles-chansons-de-bracha-zefira-1910-1990\/"]}]},{"@type":"ImageObject","inLanguage":"de","@id":"https:\/\/www.iemj.org\/de\/les-plus-belles-chansons-de-bracha-zefira-1910-1990\/#primaryimage","url":"https:\/\/www.iemj.org\/wp-content\/uploads\/2019\/03\/arton4038.jpg","contentUrl":"https:\/\/www.iemj.org\/wp-content\/uploads\/2019\/03\/arton4038.jpg","width":300,"height":438},{"@type":"BreadcrumbList","@id":"https:\/\/www.iemj.org\/de\/les-plus-belles-chansons-de-bracha-zefira-1910-1990\/#breadcrumb","itemListElement":[{"@type":"ListItem","position":1,"name":"Accueil","item":"https:\/\/www.iemj.org\/de\/"},{"@type":"ListItem","position":2,"name":"DIE SCH\u00d6NSTEN LIEDER VON BRACHA ZEFIRA (1910-1990)"}]},{"@type":"WebSite","@id":"https:\/\/www.iemj.org\/de\/#website","url":"https:\/\/www.iemj.org\/de\/","name":"Institut Europ\u00e9en des Musiques Juives","description":"Des traditions musicales \u00e0 la port\u00e9e de tous","publisher":{"@id":"https:\/\/www.iemj.org\/de\/#organization"},"potentialAction":[{"@type":"SearchAction","target":{"@type":"EntryPoint","urlTemplate":"https:\/\/www.iemj.org\/de\/?s={search_term_string}"},"query-input":{"@type":"PropertyValueSpecification","valueRequired":true,"valueName":"search_term_string"}}],"inLanguage":"de"},{"@type":"Organization","@id":"https:\/\/www.iemj.org\/de\/#organization","name":"Institut Europ\u00e9en des Musiques Juives","url":"https:\/\/www.iemj.org\/de\/","logo":{"@type":"ImageObject","inLanguage":"de","@id":"https:\/\/www.iemj.org\/de\/#\/schema\/logo\/image\/","url":"https:\/\/www.iemj.org\/wp-content\/uploads\/2021\/09\/Logo-IEMJ-Paypal.jpg","contentUrl":"https:\/\/www.iemj.org\/wp-content\/uploads\/2021\/09\/Logo-IEMJ-Paypal.jpg","width":150,"height":50,"caption":"Institut Europ\u00e9en des Musiques Juives"},"image":{"@id":"https:\/\/www.iemj.org\/de\/#\/schema\/logo\/image\/"},"sameAs":["https:\/\/www.facebook.com\/MusiquesJuives\/","https:\/\/www.instagram.com\/musiquesjuives\/","https:\/\/www.youtube.com\/user\/musiquesjuives"]},{"@type":"Person","@id":"https:\/\/www.iemj.org\/de\/#\/schema\/person\/c9bc1c386a3749579a2d675e72a18666","name":"Jean-Gabriel Davis","image":{"@type":"ImageObject","inLanguage":"de","@id":"https:\/\/secure.gravatar.com\/avatar\/2b90d67bdf392c9b3a21fab87c0fa7edaf1fb3a058172a1ffd61033fcec7aec1?s=96&d=mm&r=g","url":"https:\/\/secure.gravatar.com\/avatar\/2b90d67bdf392c9b3a21fab87c0fa7edaf1fb3a058172a1ffd61033fcec7aec1?s=96&d=mm&r=g","contentUrl":"https:\/\/secure.gravatar.com\/avatar\/2b90d67bdf392c9b3a21fab87c0fa7edaf1fb3a058172a1ffd61033fcec7aec1?s=96&d=mm&r=g","caption":"Jean-Gabriel Davis"}}]}},"_links":{"self":[{"href":"https:\/\/www.iemj.org\/de\/wp-json\/wp\/v2\/posts\/72454","targetHints":{"allow":["GET"]}}],"collection":[{"href":"https:\/\/www.iemj.org\/de\/wp-json\/wp\/v2\/posts"}],"about":[{"href":"https:\/\/www.iemj.org\/de\/wp-json\/wp\/v2\/types\/post"}],"author":[{"embeddable":true,"href":"https:\/\/www.iemj.org\/de\/wp-json\/wp\/v2\/users\/1048"}],"replies":[{"embeddable":true,"href":"https:\/\/www.iemj.org\/de\/wp-json\/wp\/v2\/comments?post=72454"}],"version-history":[{"count":0,"href":"https:\/\/www.iemj.org\/de\/wp-json\/wp\/v2\/posts\/72454\/revisions"}],"wp:featuredmedia":[{"embeddable":true,"href":"https:\/\/www.iemj.org\/de\/wp-json\/wp\/v2\/media\/72455"}],"wp:attachment":[{"href":"https:\/\/www.iemj.org\/de\/wp-json\/wp\/v2\/media?parent=72454"}],"wp:term":[{"taxonomy":"category","embeddable":true,"href":"https:\/\/www.iemj.org\/de\/wp-json\/wp\/v2\/categories?post=72454"},{"taxonomy":"post_tag","embeddable":true,"href":"https:\/\/www.iemj.org\/de\/wp-json\/wp\/v2\/tags?post=72454"},{"taxonomy":"technique","embeddable":true,"href":"https:\/\/www.iemj.org\/de\/wp-json\/wp\/v2\/technique?post=72454"},{"taxonomy":"squelettes","embeddable":true,"href":"https:\/\/www.iemj.org\/de\/wp-json\/wp\/v2\/squelettes?post=72454"},{"taxonomy":"sujet","embeddable":true,"href":"https:\/\/www.iemj.org\/de\/wp-json\/wp\/v2\/sujet?post=72454"},{"taxonomy":"formation","embeddable":true,"href":"https:\/\/www.iemj.org\/de\/wp-json\/wp\/v2\/formation?post=72454"},{"taxonomy":"genre","embeddable":true,"href":"https:\/\/www.iemj.org\/de\/wp-json\/wp\/v2\/genre?post=72454"},{"taxonomy":"fonds","embeddable":true,"href":"https:\/\/www.iemj.org\/de\/wp-json\/wp\/v2\/fonds?post=72454"},{"taxonomy":"tradition","embeddable":true,"href":"https:\/\/www.iemj.org\/de\/wp-json\/wp\/v2\/tradition?post=72454"},{"taxonomy":"type-de-contenu","embeddable":true,"href":"https:\/\/www.iemj.org\/de\/wp-json\/wp\/v2\/type-de-contenu?post=72454"},{"taxonomy":"interprete-compositeur","embeddable":true,"href":"https:\/\/www.iemj.org\/de\/wp-json\/wp\/v2\/interprete-compositeur?post=72454"},{"taxonomy":"frise","embeddable":true,"href":"https:\/\/www.iemj.org\/de\/wp-json\/wp\/v2\/frise?post=72454"},{"taxonomy":"type-devenement","embeddable":true,"href":"https:\/\/www.iemj.org\/de\/wp-json\/wp\/v2\/type-devenement?post=72454"},{"taxonomy":"tableaux-liens-externes","embeddable":true,"href":"https:\/\/www.iemj.org\/de\/wp-json\/wp\/v2\/tableaux-liens-externes?post=72454"}],"curies":[{"name":"wp","href":"https:\/\/api.w.org\/{rel}","templated":true}]}}