{"id":72493,"date":"2018-12-19T15:34:51","date_gmt":"2018-12-19T14:34:51","guid":{"rendered":"https:\/\/www.iemj.org\/la-hora\/"},"modified":"2021-11-25T10:01:55","modified_gmt":"2021-11-25T09:01:55","slug":"la-hora","status":"publish","type":"post","link":"https:\/\/www.iemj.org\/de\/la-hora\/","title":{"rendered":"LA HORA"},"content":{"rendered":"<p>Auch wenn die Hora oft als <em>der<\/em> israelische Volkstanz schlechthin angesehen wird, war die Hora (auch \u201erum\u00e4nische Hora\u201c, \u201eZhok\u201c, \u201eLondre\u201c, \u201eVolakh\u201c oder \u201eKrimer\u201c genannt) doch urspr\u00fcnglich ein langsamer Tanz, welcher in Rum\u00e4nien (Moldawien, Bessarabien, Bukowina) und in einigen ukrainischen Regionen, von Juden wie auch von Nicht-Juden, getanzt wurde.<\/p>\n<p><!--more--><\/p>\n<p>Sie wurde entweder im Kreis oder in einer Reihe getanzt, auf einen dreitaktigen Rhythmus (3\/8 oder 3\/4), mit einer Betonung des ersten und des dritten Schlags. Der erste Schlag war kurz und der dritte lang, was dein Eindruck eines unregelm\u00e4\u00dfigen und hinkenden Rhythmus erzeugt.<img decoding=\"async\" class=\"size-full wp-image-22134 alignright\" src=\"https:\/\/www.iemj.org\/wp-content\/uploads\/2018\/12\/horarythm.jpg\" alt=\"horarythm.jpg\" width=\"220\" height=\"70\" align=\"left\" \/><\/p>\n<p>\u00a0<\/p>\n<p>Getanzt wurden die Horas anl\u00e4sslich von Paraden oder informeller Prozessionen, um etwa das Gehen der G\u00e4ste oder der Schwiegereltern am Ende einer Hochzeit zu markieren (wie etwa bei den St\u00fccken <em>Firn di mekhutonim aheym, Gasn nigun<\/em>)\u2026<\/p>\n<p><a href=\"https:\/\/www.iemj.org\/wp-content\/uploads\/2021\/01\/01_chalom_alechem_benjamin_herv_houzy_extrait_.mp3\"><img decoding=\"async\" class=\"alignleft\" src=\"https:\/\/www.iemj.org\/wp-content\/uploads\/2021\/09\/Fichier-son-IEMJ.jpg\" \/><\/a><a href=\"https:\/\/www.iemj.org\/wp-content\/uploads\/2018\/12\/firn_di_mekhutonim_aheym_extrait_-_naftule_brandwein_with_abe_schwartz_orchestra.mp3\">Firn di Mekhutonim Aheym (AUSZUG) &#8211; Naftule Brandwein with Abe Schwartz Orchestra<\/a><\/p>\n<p>\u00a0<\/p>\n<p><a href=\"https:\/\/www.iemj.org\/wp-content\/uploads\/2021\/01\/01_chalom_alechem_benjamin_herv_houzy_extrait_.mp3\"><img decoding=\"async\" class=\"alignleft\" src=\"https:\/\/www.iemj.org\/wp-content\/uploads\/2021\/09\/Fichier-son-IEMJ.jpg\" \/><\/a><a href=\"https:\/\/www.iemj.org\/wp-content\/uploads\/2018\/12\/der_gasn_nigun_extrait_-_klezmokum.mp3\">Der Gasn Nigun (AUSZUG) &#8211; Klezmokum<\/a><\/p>\n<p>\u00a0<\/p>\n<p>Die israelische Hora hat nichts mit der rum\u00e4nischen Hora zu tun. Sie basiert auf einem bin\u00e4ren und synkopierten Rhythmus (2\/4 oder 4\/4) und \u00e4hnelt damit eher dem Bulgar, einem lebhaften Kreis-, Reihen- oder Paartanz. Getanzt wird diese Hora auf einem Rhythmus, welcher dem Freylekh \u00e4hnelt, welcher wiederum unter den Juden Rum\u00e4niens und des S\u00fcdens der Ukraine, im 19. Jahrhundert aufkam und dann in die Vereinigten Staaten exportiert wurde, wo der Tanz in den 1920er und in den 1930er Jahren sehr beliebt wurde (Siehe Michel Borzykowskis Artikel \u00fcber die <a href=\"http:\/\/borzykowski.users.ch\/YidDanse.htm#horadanse\" target=\"_blank\" rel=\"noopener\">T\u00e4nze der Klezmer<\/a>).<\/p>\n<figure id=\"attachment_22140\" aria-describedby=\"caption-attachment-22140\" style=\"width: 398px\" class=\"wp-caption alignleft\"><img fetchpriority=\"high\" decoding=\"async\" class=\"wp-image-22140\" src=\"https:\/\/www.iemj.org\/wp-content\/uploads\/2018\/12\/hora_au_kibboutz_ein_harod_en_1936_500px.jpg\" alt=\"hora_au_kibboutz_ein_harod_en_1936_500px.jpg\" width=\"398\" height=\"248\" align=\"middle\" srcset=\"https:\/\/www.iemj.org\/wp-content\/uploads\/2018\/12\/hora_au_kibboutz_ein_harod_en_1936_500px.jpg 500w, https:\/\/www.iemj.org\/wp-content\/uploads\/2018\/12\/hora_au_kibboutz_ein_harod_en_1936_500px-300x187.jpg 300w\" sizes=\"(max-width: 398px) 100vw, 398px\" \/><figcaption id=\"caption-attachment-22140\" class=\"wp-caption-text\"><strong>Eine Hora im Kibbuz Ein Harod, 1936<\/strong><\/figcaption><\/figure>\n<p>Yohanan Boehm zufolge (Encyclopaedia Judaica 8, p.971), leite sich der Begriff \u201cHora\u201c vom altgriechischen \u201echoros\u201c ab, was so viel wie \u201eTanz\u201c bedeutet. Die Hora soll von rum\u00e4nischen Juden, w\u00e4hrend der zweiten Alija (1904-1914), nach Pal\u00e4stina gebracht worden sein. W\u00e4hrend der dritten Alija (1919-1923), florierte der Tanz und erreichte w\u00e4hrend der vierten Alija (1924-1931) seine Bl\u00fctezeit. Dieser kollektive Tanz wurde sehr schnell in den Kibbuzim und kleineren Gemeinschaften beliebt, wo er dazu beitrug, das Bild einer entstehenden Nation zu erzeugen, in welcher sich alle Teilnehmer, Arm in Arm, in einem kollektiven und freudigen Schwung drehen. Deshalb ist die Hora, als ein Symbol der nationalen Erneuerung und des kollektiven Aufbaus einer israelischen Identit\u00e4t, zu verstehen.<\/p>\n<p>Die israelischen Pioniere (Chaluzim) \u201etanzten die Hora in den schwierigsten Momenten, nach K\u00e4mpfen, nach dem Erklimmen hoher Berge\u201c, erl\u00e4utert Dan Ronen, Theaterspezialist. Egal aus welchem Land der Diaspora man stammte, konnte man durch den Tanz der Hora, dennoch Teil der israelischen Gesellschaft werden. Die Hora bot somit die M\u00f6glichkeit, den Enthusiasmus f\u00fcr den gemeinsamen Aufbau des Landes zum Ausdruck zu bringen. Die Hora war eine Weise, diese Freude am gemeinsamen Tanzen in unserem neuen Vaterland, zu feiern (R. Sturman, in Ingber, 1974: 16).<\/p>\n<p>Heute wird die Hora in Israel noch immer getanzt, besonders anl\u00e4sslich von Hochzeiten und manchmal sogar in Fernsehsendungen. Doch paradoxerweise, hat sie unter den Juden der Diaspora \u2013 wo sie regelm\u00e4\u00dfig bei Bar-Mizwas, Hochzeiten und anderen Gemeindefesten zum Einsatz kommt \u2013 eher ihren Symbolcharakter beibehalten, als in Israel, wo die Hora mit der Zeit, ein Volkstanz von vielen wurde.<\/p>\n<p><strong>Prinzip der Hora :<\/strong><\/p>\n<figure id=\"attachment_22142\" aria-describedby=\"caption-attachment-22142\" style=\"width: 313px\" class=\"wp-caption alignright\"><img decoding=\"async\" class=\"wp-image-22142\" src=\"https:\/\/www.iemj.org\/wp-content\/uploads\/2018\/12\/ensemble_israelien_hora_jerusalem.jpg\" alt=\"ensemble_israelien_hora_jerusalem.jpg\" width=\"313\" height=\"235\" align=\"middle\" srcset=\"https:\/\/www.iemj.org\/wp-content\/uploads\/2018\/12\/ensemble_israelien_hora_jerusalem.jpg 498w, https:\/\/www.iemj.org\/wp-content\/uploads\/2018\/12\/ensemble_israelien_hora_jerusalem-300x225.jpg 300w\" sizes=\"(max-width: 313px) 100vw, 313px\" \/><figcaption id=\"caption-attachment-22142\" class=\"wp-caption-text\"><strong>Israelisches Ensemble: Hora Jerusalem<\/strong><\/figcaption><\/figure>\n<p>Die Hora kann auf viele traditionelle Lieder der Klezmer und der israelischen Folklore (wie das ber\u00fchmte Lied <em>Hava Nagila<\/em>) getanzt werden. Der Tanz beginnt im Kreis, dieser kann sich dabei aber auch \u00f6ffnen und in einer Reihe getanzt werden. Die T\u00e4nzer halten sich an den H\u00e4nden, machen dabei vorw\u00e4rts oder r\u00fcckw\u00e4rts diagonale Schritte und drehen sich dabei im Kreis, meist im Uhrzeigersinn. Die Teilnehmenden singen alle den Text des Liedes und werden dabei von Musikern begleitet. Cymbalom, Akkordeon, Violine, Bratsche, Kontrabass, Saxofon, Trompete und Panfl\u00f6te sind Instrumente, welche traditionell die Hora begleiten\u2026<\/p>\n<p><span style=\"font-size: inherit;\">\u00a0<\/span><\/p>\n<p><a style=\"font-size: inherit;\" href=\"https:\/\/www.iemj.org\/de\/la-hora-en-musique\/\" target=\"_blank\" rel=\"noopener\">H\u00f6ren Sie sich die Playlist an: La hora en musique<\/a><a href=\"https:\/\/www.iemj.org\/so-we-dance-les-danses-folkloriques-israeliennes\/\"><br \/><\/a><a href=\"https:\/\/www.iemj.org\/de\/so-we-dance-les-danses-folkloriques-israeliennes\/\" target=\"_blank\" rel=\"noopener\">Schau dir die Plattenbox an : &#8222;So We Dance, les danses folkloriques isra\u00e9liennes&#8220;<\/a><\/p>\n\n\n<figure class=\"wp-block-embed is-type-video is-provider-youtube wp-block-embed-youtube wp-embed-aspect-4-3 wp-has-aspect-ratio\"><div class=\"wp-block-embed__wrapper\">\n<iframe title=\"Israeli Hora Dance\" width=\"640\" height=\"480\" src=\"https:\/\/www.youtube.com\/embed\/J2J8BnaB5AM?feature=oembed\" frameborder=\"0\" allow=\"accelerometer; autoplay; clipboard-write; encrypted-media; gyroscope; picture-in-picture; web-share\" referrerpolicy=\"strict-origin-when-cross-origin\" allowfullscreen><\/iframe>\n<\/div><\/figure>\n\n\n\n<div class=\"wp-block-file\"><a href=\"https:\/\/www.iemj.org\/wp-content\/uploads\/2018\/12\/firn_di_mekhutonim_aheym_extrait_-_naftule_brandwein_with_abe_schwartz_orchestra.mp3\">Firn di Mekhutonim Aheym (EXTRAIT) &#8211; Naftule Brandwein with Abe Schwartz Orchestra<\/a><\/div>\n\n\n\n<div class=\"wp-block-file\"><a href=\"https:\/\/www.iemj.org\/wp-content\/uploads\/2018\/12\/der_gasn_nigun_extrait_-_klezmokum.mp3\">Der Gasn Nigun (EXTRAIT) &#8211; Klezmokum<\/a><\/div>\n","protected":false},"excerpt":{"rendered":"<p>Auch wenn die Hora oft als der israelische Volkstanz schlechthin angesehen wird, war die Hora (auch \u201erum\u00e4nische Hora\u201c, \u201eZhok\u201c, \u201eLondre\u201c, \u201eVolakh\u201c oder \u201eKrimer\u201c genannt) doch urspr\u00fcnglich ein langsamer Tanz, welcher<\/p>\n","protected":false},"author":1052,"featured_media":72494,"comment_status":"closed","ping_status":"open","sticky":false,"template":"","format":"standard","meta":{"_acf_changed":false,"footnotes":""},"categories":[1406,1414],"tags":[],"technique":[],"squelettes":[],"sujet":[],"formation":[],"genre":[1917],"fonds":[],"tradition":[],"type-de-contenu":[],"interprete-compositeur":[],"frise":[],"type-devenement":[],"tableaux-liens-externes":[],"class_list":["post-72493","post","type-post","status-publish","format-standard","has-post-thumbnail","hentry","category-hintergrundartikel-de","category-weltiche-musik-de","genre-vielfalt-de"],"acf":[],"yoast_head":"<!-- This site is optimized with the Yoast SEO plugin v27.3 - https:\/\/yoast.com\/product\/yoast-seo-wordpress\/ -->\n<title>LA HORA - Institut Europ\u00e9en des Musiques Juives<\/title>\n<meta name=\"robots\" content=\"index, follow, max-snippet:-1, max-image-preview:large, max-video-preview:-1\" \/>\n<link rel=\"canonical\" href=\"https:\/\/www.iemj.org\/de\/la-hora\/\" \/>\n<meta property=\"og:locale\" content=\"de_DE\" \/>\n<meta property=\"og:type\" content=\"article\" \/>\n<meta property=\"og:title\" content=\"LA HORA - Institut Europ\u00e9en des Musiques Juives\" \/>\n<meta property=\"og:description\" content=\"Auch wenn die Hora oft als der israelische Volkstanz schlechthin angesehen wird, war die Hora (auch \u201erum\u00e4nische Hora\u201c, \u201eZhok\u201c, \u201eLondre\u201c, \u201eVolakh\u201c oder \u201eKrimer\u201c genannt) doch urspr\u00fcnglich ein langsamer Tanz, welcher\" \/>\n<meta property=\"og:url\" content=\"https:\/\/www.iemj.org\/de\/la-hora\/\" \/>\n<meta property=\"og:site_name\" content=\"Institut Europ\u00e9en des Musiques Juives\" \/>\n<meta property=\"article:publisher\" content=\"https:\/\/www.facebook.com\/MusiquesJuives\/\" \/>\n<meta property=\"article:published_time\" content=\"2018-12-19T14:34:51+00:00\" \/>\n<meta property=\"article:modified_time\" content=\"2021-11-25T09:01:55+00:00\" \/>\n<meta property=\"og:image\" content=\"https:\/\/www.iemj.org\/wp-content\/uploads\/2018\/12\/arton3845-e1618310578134.jpg\" \/>\n\t<meta property=\"og:image:width\" content=\"350\" \/>\n\t<meta property=\"og:image:height\" content=\"342\" \/>\n\t<meta property=\"og:image:type\" content=\"image\/jpeg\" \/>\n<meta name=\"author\" content=\"Lea Couderc\" \/>\n<meta name=\"twitter:card\" content=\"summary_large_image\" \/>\n<meta name=\"twitter:label1\" content=\"Verfasst von\" \/>\n\t<meta name=\"twitter:data1\" content=\"Lea Couderc\" \/>\n\t<meta name=\"twitter:label2\" content=\"Gesch\u00e4tzte Lesezeit\" \/>\n\t<meta name=\"twitter:data2\" content=\"4\u00a0Minuten\" \/>\n<script type=\"application\/ld+json\" class=\"yoast-schema-graph\">{\"@context\":\"https:\\\/\\\/schema.org\",\"@graph\":[{\"@type\":\"Article\",\"@id\":\"https:\\\/\\\/www.iemj.org\\\/de\\\/la-hora\\\/#article\",\"isPartOf\":{\"@id\":\"https:\\\/\\\/www.iemj.org\\\/de\\\/la-hora\\\/\"},\"author\":{\"name\":\"Lea Couderc\",\"@id\":\"https:\\\/\\\/www.iemj.org\\\/de\\\/#\\\/schema\\\/person\\\/e2ad57f2c4be119c7ed8ab79036807a9\"},\"headline\":\"LA HORA\",\"datePublished\":\"2018-12-19T14:34:51+00:00\",\"dateModified\":\"2021-11-25T09:01:55+00:00\",\"mainEntityOfPage\":{\"@id\":\"https:\\\/\\\/www.iemj.org\\\/de\\\/la-hora\\\/\"},\"wordCount\":684,\"publisher\":{\"@id\":\"https:\\\/\\\/www.iemj.org\\\/de\\\/#organization\"},\"image\":{\"@id\":\"https:\\\/\\\/www.iemj.org\\\/de\\\/la-hora\\\/#primaryimage\"},\"thumbnailUrl\":\"https:\\\/\\\/www.iemj.org\\\/wp-content\\\/uploads\\\/2018\\\/12\\\/arton3845-e1618310578134.jpg\",\"articleSection\":[\"Hintergrundartikel\",\"Weltiche Musik\"],\"inLanguage\":\"de\"},{\"@type\":\"WebPage\",\"@id\":\"https:\\\/\\\/www.iemj.org\\\/de\\\/la-hora\\\/\",\"url\":\"https:\\\/\\\/www.iemj.org\\\/de\\\/la-hora\\\/\",\"name\":\"LA HORA - Institut Europ\u00e9en des Musiques Juives\",\"isPartOf\":{\"@id\":\"https:\\\/\\\/www.iemj.org\\\/de\\\/#website\"},\"primaryImageOfPage\":{\"@id\":\"https:\\\/\\\/www.iemj.org\\\/de\\\/la-hora\\\/#primaryimage\"},\"image\":{\"@id\":\"https:\\\/\\\/www.iemj.org\\\/de\\\/la-hora\\\/#primaryimage\"},\"thumbnailUrl\":\"https:\\\/\\\/www.iemj.org\\\/wp-content\\\/uploads\\\/2018\\\/12\\\/arton3845-e1618310578134.jpg\",\"datePublished\":\"2018-12-19T14:34:51+00:00\",\"dateModified\":\"2021-11-25T09:01:55+00:00\",\"breadcrumb\":{\"@id\":\"https:\\\/\\\/www.iemj.org\\\/de\\\/la-hora\\\/#breadcrumb\"},\"inLanguage\":\"de\",\"potentialAction\":[{\"@type\":\"ReadAction\",\"target\":[\"https:\\\/\\\/www.iemj.org\\\/de\\\/la-hora\\\/\"]}]},{\"@type\":\"ImageObject\",\"inLanguage\":\"de\",\"@id\":\"https:\\\/\\\/www.iemj.org\\\/de\\\/la-hora\\\/#primaryimage\",\"url\":\"https:\\\/\\\/www.iemj.org\\\/wp-content\\\/uploads\\\/2018\\\/12\\\/arton3845-e1618310578134.jpg\",\"contentUrl\":\"https:\\\/\\\/www.iemj.org\\\/wp-content\\\/uploads\\\/2018\\\/12\\\/arton3845-e1618310578134.jpg\",\"width\":350,\"height\":342},{\"@type\":\"BreadcrumbList\",\"@id\":\"https:\\\/\\\/www.iemj.org\\\/de\\\/la-hora\\\/#breadcrumb\",\"itemListElement\":[{\"@type\":\"ListItem\",\"position\":1,\"name\":\"Accueil\",\"item\":\"https:\\\/\\\/www.iemj.org\\\/de\\\/\"},{\"@type\":\"ListItem\",\"position\":2,\"name\":\"LA HORA\"}]},{\"@type\":\"WebSite\",\"@id\":\"https:\\\/\\\/www.iemj.org\\\/de\\\/#website\",\"url\":\"https:\\\/\\\/www.iemj.org\\\/de\\\/\",\"name\":\"Institut Europ\u00e9en des Musiques Juives\",\"description\":\"Des traditions musicales \u00e0 la port\u00e9e de tous\",\"publisher\":{\"@id\":\"https:\\\/\\\/www.iemj.org\\\/de\\\/#organization\"},\"potentialAction\":[{\"@type\":\"SearchAction\",\"target\":{\"@type\":\"EntryPoint\",\"urlTemplate\":\"https:\\\/\\\/www.iemj.org\\\/de\\\/?s={search_term_string}\"},\"query-input\":{\"@type\":\"PropertyValueSpecification\",\"valueRequired\":true,\"valueName\":\"search_term_string\"}}],\"inLanguage\":\"de\"},{\"@type\":\"Organization\",\"@id\":\"https:\\\/\\\/www.iemj.org\\\/de\\\/#organization\",\"name\":\"Institut Europ\u00e9en des Musiques Juives\",\"url\":\"https:\\\/\\\/www.iemj.org\\\/de\\\/\",\"logo\":{\"@type\":\"ImageObject\",\"inLanguage\":\"de\",\"@id\":\"https:\\\/\\\/www.iemj.org\\\/de\\\/#\\\/schema\\\/logo\\\/image\\\/\",\"url\":\"https:\\\/\\\/www.iemj.org\\\/wp-content\\\/uploads\\\/2021\\\/09\\\/Logo-IEMJ-Paypal.jpg\",\"contentUrl\":\"https:\\\/\\\/www.iemj.org\\\/wp-content\\\/uploads\\\/2021\\\/09\\\/Logo-IEMJ-Paypal.jpg\",\"width\":150,\"height\":50,\"caption\":\"Institut Europ\u00e9en des Musiques Juives\"},\"image\":{\"@id\":\"https:\\\/\\\/www.iemj.org\\\/de\\\/#\\\/schema\\\/logo\\\/image\\\/\"},\"sameAs\":[\"https:\\\/\\\/www.facebook.com\\\/MusiquesJuives\\\/\",\"https:\\\/\\\/www.instagram.com\\\/musiquesjuives\\\/\",\"https:\\\/\\\/www.youtube.com\\\/user\\\/musiquesjuives\"]},{\"@type\":\"Person\",\"@id\":\"https:\\\/\\\/www.iemj.org\\\/de\\\/#\\\/schema\\\/person\\\/e2ad57f2c4be119c7ed8ab79036807a9\",\"name\":\"Lea Couderc\",\"image\":{\"@type\":\"ImageObject\",\"inLanguage\":\"de\",\"@id\":\"https:\\\/\\\/secure.gravatar.com\\\/avatar\\\/46ee021475d60aeff17a7e490b79dea5a5684bb392ab7fd1494027411df8ba23?s=96&d=mm&r=g\",\"url\":\"https:\\\/\\\/secure.gravatar.com\\\/avatar\\\/46ee021475d60aeff17a7e490b79dea5a5684bb392ab7fd1494027411df8ba23?s=96&d=mm&r=g\",\"contentUrl\":\"https:\\\/\\\/secure.gravatar.com\\\/avatar\\\/46ee021475d60aeff17a7e490b79dea5a5684bb392ab7fd1494027411df8ba23?s=96&d=mm&r=g\",\"caption\":\"Lea Couderc\"}}]}<\/script>\n<!-- \/ Yoast SEO plugin. -->","yoast_head_json":{"title":"LA HORA - Institut Europ\u00e9en des Musiques Juives","robots":{"index":"index","follow":"follow","max-snippet":"max-snippet:-1","max-image-preview":"max-image-preview:large","max-video-preview":"max-video-preview:-1"},"canonical":"https:\/\/www.iemj.org\/de\/la-hora\/","og_locale":"de_DE","og_type":"article","og_title":"LA HORA - Institut Europ\u00e9en des Musiques Juives","og_description":"Auch wenn die Hora oft als der israelische Volkstanz schlechthin angesehen wird, war die Hora (auch \u201erum\u00e4nische Hora\u201c, \u201eZhok\u201c, \u201eLondre\u201c, \u201eVolakh\u201c oder \u201eKrimer\u201c genannt) doch urspr\u00fcnglich ein langsamer Tanz, welcher","og_url":"https:\/\/www.iemj.org\/de\/la-hora\/","og_site_name":"Institut Europ\u00e9en des Musiques Juives","article_publisher":"https:\/\/www.facebook.com\/MusiquesJuives\/","article_published_time":"2018-12-19T14:34:51+00:00","article_modified_time":"2021-11-25T09:01:55+00:00","og_image":[{"width":350,"height":342,"url":"https:\/\/www.iemj.org\/wp-content\/uploads\/2018\/12\/arton3845-e1618310578134.jpg","type":"image\/jpeg"}],"author":"Lea Couderc","twitter_card":"summary_large_image","twitter_misc":{"Verfasst von":"Lea Couderc","Gesch\u00e4tzte Lesezeit":"4\u00a0Minuten"},"schema":{"@context":"https:\/\/schema.org","@graph":[{"@type":"Article","@id":"https:\/\/www.iemj.org\/de\/la-hora\/#article","isPartOf":{"@id":"https:\/\/www.iemj.org\/de\/la-hora\/"},"author":{"name":"Lea Couderc","@id":"https:\/\/www.iemj.org\/de\/#\/schema\/person\/e2ad57f2c4be119c7ed8ab79036807a9"},"headline":"LA HORA","datePublished":"2018-12-19T14:34:51+00:00","dateModified":"2021-11-25T09:01:55+00:00","mainEntityOfPage":{"@id":"https:\/\/www.iemj.org\/de\/la-hora\/"},"wordCount":684,"publisher":{"@id":"https:\/\/www.iemj.org\/de\/#organization"},"image":{"@id":"https:\/\/www.iemj.org\/de\/la-hora\/#primaryimage"},"thumbnailUrl":"https:\/\/www.iemj.org\/wp-content\/uploads\/2018\/12\/arton3845-e1618310578134.jpg","articleSection":["Hintergrundartikel","Weltiche Musik"],"inLanguage":"de"},{"@type":"WebPage","@id":"https:\/\/www.iemj.org\/de\/la-hora\/","url":"https:\/\/www.iemj.org\/de\/la-hora\/","name":"LA HORA - Institut Europ\u00e9en des Musiques Juives","isPartOf":{"@id":"https:\/\/www.iemj.org\/de\/#website"},"primaryImageOfPage":{"@id":"https:\/\/www.iemj.org\/de\/la-hora\/#primaryimage"},"image":{"@id":"https:\/\/www.iemj.org\/de\/la-hora\/#primaryimage"},"thumbnailUrl":"https:\/\/www.iemj.org\/wp-content\/uploads\/2018\/12\/arton3845-e1618310578134.jpg","datePublished":"2018-12-19T14:34:51+00:00","dateModified":"2021-11-25T09:01:55+00:00","breadcrumb":{"@id":"https:\/\/www.iemj.org\/de\/la-hora\/#breadcrumb"},"inLanguage":"de","potentialAction":[{"@type":"ReadAction","target":["https:\/\/www.iemj.org\/de\/la-hora\/"]}]},{"@type":"ImageObject","inLanguage":"de","@id":"https:\/\/www.iemj.org\/de\/la-hora\/#primaryimage","url":"https:\/\/www.iemj.org\/wp-content\/uploads\/2018\/12\/arton3845-e1618310578134.jpg","contentUrl":"https:\/\/www.iemj.org\/wp-content\/uploads\/2018\/12\/arton3845-e1618310578134.jpg","width":350,"height":342},{"@type":"BreadcrumbList","@id":"https:\/\/www.iemj.org\/de\/la-hora\/#breadcrumb","itemListElement":[{"@type":"ListItem","position":1,"name":"Accueil","item":"https:\/\/www.iemj.org\/de\/"},{"@type":"ListItem","position":2,"name":"LA HORA"}]},{"@type":"WebSite","@id":"https:\/\/www.iemj.org\/de\/#website","url":"https:\/\/www.iemj.org\/de\/","name":"Institut Europ\u00e9en des Musiques Juives","description":"Des traditions musicales \u00e0 la port\u00e9e de tous","publisher":{"@id":"https:\/\/www.iemj.org\/de\/#organization"},"potentialAction":[{"@type":"SearchAction","target":{"@type":"EntryPoint","urlTemplate":"https:\/\/www.iemj.org\/de\/?s={search_term_string}"},"query-input":{"@type":"PropertyValueSpecification","valueRequired":true,"valueName":"search_term_string"}}],"inLanguage":"de"},{"@type":"Organization","@id":"https:\/\/www.iemj.org\/de\/#organization","name":"Institut Europ\u00e9en des Musiques Juives","url":"https:\/\/www.iemj.org\/de\/","logo":{"@type":"ImageObject","inLanguage":"de","@id":"https:\/\/www.iemj.org\/de\/#\/schema\/logo\/image\/","url":"https:\/\/www.iemj.org\/wp-content\/uploads\/2021\/09\/Logo-IEMJ-Paypal.jpg","contentUrl":"https:\/\/www.iemj.org\/wp-content\/uploads\/2021\/09\/Logo-IEMJ-Paypal.jpg","width":150,"height":50,"caption":"Institut Europ\u00e9en des Musiques Juives"},"image":{"@id":"https:\/\/www.iemj.org\/de\/#\/schema\/logo\/image\/"},"sameAs":["https:\/\/www.facebook.com\/MusiquesJuives\/","https:\/\/www.instagram.com\/musiquesjuives\/","https:\/\/www.youtube.com\/user\/musiquesjuives"]},{"@type":"Person","@id":"https:\/\/www.iemj.org\/de\/#\/schema\/person\/e2ad57f2c4be119c7ed8ab79036807a9","name":"Lea Couderc","image":{"@type":"ImageObject","inLanguage":"de","@id":"https:\/\/secure.gravatar.com\/avatar\/46ee021475d60aeff17a7e490b79dea5a5684bb392ab7fd1494027411df8ba23?s=96&d=mm&r=g","url":"https:\/\/secure.gravatar.com\/avatar\/46ee021475d60aeff17a7e490b79dea5a5684bb392ab7fd1494027411df8ba23?s=96&d=mm&r=g","contentUrl":"https:\/\/secure.gravatar.com\/avatar\/46ee021475d60aeff17a7e490b79dea5a5684bb392ab7fd1494027411df8ba23?s=96&d=mm&r=g","caption":"Lea Couderc"}}]}},"_links":{"self":[{"href":"https:\/\/www.iemj.org\/de\/wp-json\/wp\/v2\/posts\/72493","targetHints":{"allow":["GET"]}}],"collection":[{"href":"https:\/\/www.iemj.org\/de\/wp-json\/wp\/v2\/posts"}],"about":[{"href":"https:\/\/www.iemj.org\/de\/wp-json\/wp\/v2\/types\/post"}],"author":[{"embeddable":true,"href":"https:\/\/www.iemj.org\/de\/wp-json\/wp\/v2\/users\/1052"}],"replies":[{"embeddable":true,"href":"https:\/\/www.iemj.org\/de\/wp-json\/wp\/v2\/comments?post=72493"}],"version-history":[{"count":0,"href":"https:\/\/www.iemj.org\/de\/wp-json\/wp\/v2\/posts\/72493\/revisions"}],"wp:featuredmedia":[{"embeddable":true,"href":"https:\/\/www.iemj.org\/de\/wp-json\/wp\/v2\/media\/72494"}],"wp:attachment":[{"href":"https:\/\/www.iemj.org\/de\/wp-json\/wp\/v2\/media?parent=72493"}],"wp:term":[{"taxonomy":"category","embeddable":true,"href":"https:\/\/www.iemj.org\/de\/wp-json\/wp\/v2\/categories?post=72493"},{"taxonomy":"post_tag","embeddable":true,"href":"https:\/\/www.iemj.org\/de\/wp-json\/wp\/v2\/tags?post=72493"},{"taxonomy":"technique","embeddable":true,"href":"https:\/\/www.iemj.org\/de\/wp-json\/wp\/v2\/technique?post=72493"},{"taxonomy":"squelettes","embeddable":true,"href":"https:\/\/www.iemj.org\/de\/wp-json\/wp\/v2\/squelettes?post=72493"},{"taxonomy":"sujet","embeddable":true,"href":"https:\/\/www.iemj.org\/de\/wp-json\/wp\/v2\/sujet?post=72493"},{"taxonomy":"formation","embeddable":true,"href":"https:\/\/www.iemj.org\/de\/wp-json\/wp\/v2\/formation?post=72493"},{"taxonomy":"genre","embeddable":true,"href":"https:\/\/www.iemj.org\/de\/wp-json\/wp\/v2\/genre?post=72493"},{"taxonomy":"fonds","embeddable":true,"href":"https:\/\/www.iemj.org\/de\/wp-json\/wp\/v2\/fonds?post=72493"},{"taxonomy":"tradition","embeddable":true,"href":"https:\/\/www.iemj.org\/de\/wp-json\/wp\/v2\/tradition?post=72493"},{"taxonomy":"type-de-contenu","embeddable":true,"href":"https:\/\/www.iemj.org\/de\/wp-json\/wp\/v2\/type-de-contenu?post=72493"},{"taxonomy":"interprete-compositeur","embeddable":true,"href":"https:\/\/www.iemj.org\/de\/wp-json\/wp\/v2\/interprete-compositeur?post=72493"},{"taxonomy":"frise","embeddable":true,"href":"https:\/\/www.iemj.org\/de\/wp-json\/wp\/v2\/frise?post=72493"},{"taxonomy":"type-devenement","embeddable":true,"href":"https:\/\/www.iemj.org\/de\/wp-json\/wp\/v2\/type-devenement?post=72493"},{"taxonomy":"tableaux-liens-externes","embeddable":true,"href":"https:\/\/www.iemj.org\/de\/wp-json\/wp\/v2\/tableaux-liens-externes?post=72493"}],"curies":[{"name":"wp","href":"https:\/\/api.w.org\/{rel}","templated":true}]}}