{"id":72711,"date":"2018-07-10T11:10:29","date_gmt":"2018-07-10T09:10:29","guid":{"rendered":"https:\/\/www.iemj.org\/la-playlist-judeo-espagnole-de-lete\/"},"modified":"2025-07-08T16:05:37","modified_gmt":"2025-07-08T14:05:37","slug":"la-playlist-judeo-espagnole-de-lete","status":"publish","type":"post","link":"https:\/\/www.iemj.org\/de\/la-playlist-judeo-espagnole-de-lete\/","title":{"rendered":"DIE JUD\u00c4O-SPANISCHE SOMMERPLAYLIST\u2026"},"content":{"rendered":"<p><strong>Entdecken Sie eine Auswahl jud\u00e4o-spanischer Lieder aus unseren Sammlungen, mit welchen Sie die Wartezeit bis zum Schulbeginn in guter Gesellschaft \u00fcberbr\u00fccken k\u00f6nnen<\/strong><\/p>\n<p>Diese Melodien, welche an die kindliche und elterliche Liebe, die Kindheit, die Risiken des Lebens und Festlieder erinnern, laden zu einer Reise an die K\u00fcsten des Mittelmeerraums (Marokko, Saloniki, T\u00fcrkei\u2026) ein.<\/p>\n\n<div class=\"wp-block-image\">\n<figure class=\"aligncenter size-large\"><img fetchpriority=\"high\" decoding=\"async\" width=\"1024\" height=\"133\" src=\"https:\/\/www.iemj.org\/wp-content\/uploads\/2024\/03\/AUDIO-PLAYER-1024x133.png\" alt=\"\" class=\"wp-image-110606\" srcset=\"https:\/\/www.iemj.org\/wp-content\/uploads\/2024\/03\/AUDIO-PLAYER-1024x133.png 1024w, https:\/\/www.iemj.org\/wp-content\/uploads\/2024\/03\/AUDIO-PLAYER-300x39.png 300w, https:\/\/www.iemj.org\/wp-content\/uploads\/2024\/03\/AUDIO-PLAYER-768x100.png 768w, https:\/\/www.iemj.org\/wp-content\/uploads\/2024\/03\/AUDIO-PLAYER-600x78.png 600w, https:\/\/www.iemj.org\/wp-content\/uploads\/2024\/03\/AUDIO-PLAYER.png 1210w\" sizes=\"(max-width: 1024px) 100vw, 1024px\" \/><\/figure>\n<\/div>\n\n\n<div class=\"wp-block-file\"><a id=\"wp-block-file--media-7e970d42-40d2-473f-87ba-ddfa1f12e807\" href=\"https:\/\/www.iemj.org\/wp-content\/uploads\/2018\/07\/adiyo_-_sandra_bessis_extrait_.mp3\">Adiyo &#8211; Sandra Bessis (EXTRAIT)<\/a><\/div>\n\n\n\n<div class=\"wp-block-file\"><a id=\"wp-block-file--media-5875862f-6422-461e-9499-c4d5a4431d22\" href=\"https:\/\/www.iemj.org\/wp-content\/uploads\/2018\/07\/arvolera_-_pedro_aledo_extrait_.mp3\">Arvolera &#8211; Pedro Aledo (EXTRAIT)<\/a><\/div>\n\n\n\n<div class=\"wp-block-file\"><a id=\"wp-block-file--media-ed1d7e81-c8d2-458a-ab96-b509ffad5516\" href=\"https:\/\/www.iemj.org\/wp-content\/uploads\/2018\/07\/eskutchy_senyor_soldado_-_henriette_azen_maroc_.mp3\">Eskutchy Senyor soldado &#8211; Henriette Azen (Maroc)<\/a><\/div>\n\n\n\n<div class=\"wp-block-file\"><a id=\"wp-block-file--media-da296a6d-c871-4704-abda-b9faada03b78\" href=\"https:\/\/www.iemj.org\/wp-content\/uploads\/2018\/07\/quen_suspiense_y_entendiese_-_yehoram_gaon_pessah_.mp3\">Quen Suspiense y Entendiese &#8211; Yehoram Gaon (Pessah)<\/a><\/div>\n\n\n\n<div class=\"wp-block-file\"><a id=\"wp-block-file--media-1a7719a6-3e93-4f1d-952d-400873dfbbb3\" href=\"https:\/\/www.iemj.org\/wp-content\/uploads\/2018\/07\/nani-nani_-_sarah_gorby.mp3\">Nani-Nani &#8211; Sarah Gorby<\/a><\/div>\n\n\n\n<div class=\"wp-block-file\"><a id=\"wp-block-file--media-b51dd432-eaf6-4a7e-8cfc-7e732b23b18b\" href=\"https:\/\/www.iemj.org\/wp-content\/uploads\/2018\/07\/un_cavritico_-_yehoram_gaon_pessah_.mp3\">Un Cavritico &#8211; Yehoram Gaon (Pessah)<\/a><\/div>\n\n\n\n<div class=\"wp-block-file\"><a id=\"wp-block-file--media-557963b9-98de-4cf8-ab51-6e244beb6cd4\" href=\"https:\/\/www.iemj.org\/wp-content\/uploads\/2018\/07\/tres_hermanicas_eran_-_eleonora_noga_alberti.mp3\">Tres Hermanicas eran &#8211; Eleonora Noga Alberti<\/a><\/div>\n\n\n\n<div class=\"wp-block-file\"><a id=\"wp-block-file--media-aee15f9a-4146-4a96-8d11-f09c945e3f93\" href=\"https:\/\/www.iemj.org\/wp-content\/uploads\/2018\/07\/avre_tu_puerta_cerrada_-_the_parvarim.mp3\">Avre tu Puerta Cerrada &#8211; The Parvarim<\/a><\/div>\n\n\n\n<div class=\"wp-block-file\"><a id=\"wp-block-file--media-37cc698b-8cfe-4d48-9741-e92cf25352ec\" href=\"https:\/\/www.iemj.org\/wp-content\/uploads\/2018\/07\/de_edad_de_quinze_anos_-_michele_bacynsky.mp3\">De edad de quinze anos &#8211; Michele Bacynsky<\/a><\/div>\n\n\n\n<div class=\"wp-block-file\"><a id=\"wp-block-file--media-24350dd6-b711-490b-9921-14f43bac0f04\" href=\"https:\/\/www.iemj.org\/wp-content\/uploads\/2018\/07\/durme_-_rema_samsonov.mp3\">Durme &#8211; Rema Samsonov<\/a><\/div>\n\n\n\n<div class=\"wp-block-file\"><a id=\"wp-block-file--media-1b7471d0-7a16-4d02-b32d-31c3c80e12c2\" href=\"https:\/\/www.iemj.org\/wp-content\/uploads\/2018\/07\/h_ad_gadiah_rite_maroc_et_salonique_.mp3\">H&#8217;ad Gadiah (rite Maroc et Salonique)<\/a><\/div>\n\n\n\n<div class=\"wp-block-file\"><a id=\"wp-block-file--media-5ae25f71-d4fa-4a9e-bb7d-c5da1daa927f\" href=\"https:\/\/www.iemj.org\/wp-content\/uploads\/2018\/07\/la_vida_es_un_pasahe_-_henriette_azen_maroc_.mp3\">La vida es un pasahe &#8211; Henriette Azen (Maroc)<\/a><\/div>\n\n\n\n<div class=\"wp-block-file\"><a id=\"wp-block-file--media-34bdb6c0-52b0-4e7a-8518-744a7cd35765\" href=\"https:\/\/www.iemj.org\/wp-content\/uploads\/2018\/07\/mi_coracon_-_sarah_gorby.mp3\">Mi Cora\u00e7on &#8211; Sarah Gorby<\/a><\/div>\n\n\n\n<div class=\"wp-block-file\"><a id=\"wp-block-file--media-3dc12418-46a2-40ff-9f23-aeef4c97ddf7\" href=\"https:\/\/www.iemj.org\/wp-content\/uploads\/2018\/07\/paxaro_d_hermozura_-_the_parvarim.mp3\">Paxaro d\u2019hermozura &#8211; The Parvarim<\/a><\/div>\n\n\n\n<div class=\"wp-block-file\"><a id=\"wp-block-file--media-627ebb6d-a3c4-43ec-b0d2-8133aeb75b9d\" href=\"https:\/\/www.iemj.org\/wp-content\/uploads\/2018\/07\/en_la_mar_ay_una_torre_-_pedro_aledo_extrait_.mp3\">En la Mar Ay una Torre &#8211; Pedro Aledo (EXTRAIT)<\/a><\/div>\n\n\n\n<div class=\"wp-block-file\"><a id=\"wp-block-file--media-86a84adb-97c5-4306-be3e-dcf0b3132788\" href=\"https:\/\/www.iemj.org\/wp-content\/uploads\/2018\/07\/sol_la_saddika_-_henriette_azen_maroc_.mp3\">Sol la Saddika &#8211; Henriette Azen (Maroc)<\/a><\/div>\n\n\n\n<div class=\"wp-block-file\"><a id=\"wp-block-file--media-eb87b4ff-79f7-4cdc-974d-7e6d1212c2e2\" href=\"https:\/\/www.iemj.org\/wp-content\/uploads\/2018\/07\/sovre_une_cuanta_mas_-_yehoram_gaon_pessah_.mp3\">Sovre une cuanta mas &#8211; Yehoram Gaon (Pessah)<\/a><\/div>\n\n\n\n<div class=\"wp-block-file\"><a id=\"wp-block-file--media-c6b81bca-30ca-4ca1-9218-3d700d8b16fe\" href=\"https:\/\/www.iemj.org\/wp-content\/uploads\/2018\/07\/ladino_medley_-_aleph_duo.mp3\">Ladino Medley &#8211;  Aleph Duo<\/a><\/div>\n\n\n\n<div class=\"wp-block-file\"><a id=\"wp-block-file--media-891a4c30-f400-4f91-b697-f64a6155bbe5\" href=\"https:\/\/www.iemj.org\/wp-content\/uploads\/2018\/07\/ir_me_quero_madre_a_yerushalayim_-_rema_samsonov.mp3\">Ir me quero madre a yerushalayim &#8211; Rema Samsonov<\/a><\/div>\n","protected":false},"excerpt":{"rendered":"<p>Entdecken Sie eine Auswahl jud\u00e4o-spanischer Lieder aus unseren Sammlungen, mit welchen Sie die Wartezeit bis zum Schulbeginn in guter Gesellschaft \u00fcberbr\u00fccken k\u00f6nnen Diese Melodien, welche an die kindliche und elterliche<\/p>\n","protected":false},"author":5,"featured_media":99234,"comment_status":"closed","ping_status":"open","sticky":false,"template":"","format":"standard","meta":{"_acf_changed":false,"footnotes":""},"categories":[1534],"tags":[],"technique":[],"squelettes":[],"sujet":[],"formation":[],"genre":[1888],"fonds":[],"tradition":[],"type-de-contenu":[],"interprete-compositeur":[],"frise":[],"type-devenement":[],"tableaux-liens-externes":[],"class_list":["post-72711","post","type-post","status-publish","format-standard","has-post-thumbnail","hentry","category-playlists-de","genre-judaisch-spanisch-de"],"acf":[],"yoast_head":"<!-- This site is optimized with the Yoast SEO plugin v27.3 - https:\/\/yoast.com\/product\/yoast-seo-wordpress\/ -->\n<title>DIE JUD\u00c4O-SPANISCHE SOMMERPLAYLIST\u2026 - Institut Europ\u00e9en des Musiques Juives<\/title>\n<meta name=\"robots\" content=\"index, follow, max-snippet:-1, max-image-preview:large, max-video-preview:-1\" \/>\n<link rel=\"canonical\" href=\"https:\/\/www.iemj.org\/de\/la-playlist-judeo-espagnole-de-lete\/\" \/>\n<meta property=\"og:locale\" content=\"de_DE\" \/>\n<meta property=\"og:type\" content=\"article\" \/>\n<meta property=\"og:title\" content=\"DIE JUD\u00c4O-SPANISCHE SOMMERPLAYLIST\u2026 - Institut Europ\u00e9en des Musiques Juives\" \/>\n<meta property=\"og:description\" content=\"Entdecken Sie eine Auswahl jud\u00e4o-spanischer Lieder aus unseren Sammlungen, mit welchen Sie die Wartezeit bis zum Schulbeginn in guter Gesellschaft \u00fcberbr\u00fccken k\u00f6nnen Diese Melodien, welche an die kindliche und elterliche\" \/>\n<meta property=\"og:url\" content=\"https:\/\/www.iemj.org\/de\/la-playlist-judeo-espagnole-de-lete\/\" \/>\n<meta property=\"og:site_name\" content=\"Institut Europ\u00e9en des Musiques Juives\" \/>\n<meta property=\"article:publisher\" content=\"https:\/\/www.facebook.com\/MusiquesJuives\/\" \/>\n<meta property=\"article:published_time\" content=\"2018-07-10T09:10:29+00:00\" \/>\n<meta property=\"article:modified_time\" content=\"2025-07-08T14:05:37+00:00\" \/>\n<meta property=\"og:image\" content=\"https:\/\/www.iemj.org\/wp-content\/uploads\/2018\/07\/Logo-playlist-judeo-esp-1.jpg\" \/>\n\t<meta property=\"og:image:width\" content=\"500\" \/>\n\t<meta property=\"og:image:height\" content=\"500\" \/>\n\t<meta property=\"og:image:type\" content=\"image\/jpeg\" \/>\n<meta name=\"author\" content=\"Jacqueline ROTEN\" \/>\n<meta name=\"twitter:card\" content=\"summary_large_image\" \/>\n<meta name=\"twitter:label1\" content=\"Verfasst von\" \/>\n\t<meta name=\"twitter:data1\" content=\"Jacqueline ROTEN\" \/>\n\t<meta name=\"twitter:label2\" content=\"Gesch\u00e4tzte Lesezeit\" \/>\n\t<meta name=\"twitter:data2\" content=\"2\u00a0Minuten\" \/>\n<script type=\"application\/ld+json\" class=\"yoast-schema-graph\">{\"@context\":\"https:\\\/\\\/schema.org\",\"@graph\":[{\"@type\":\"Article\",\"@id\":\"https:\\\/\\\/www.iemj.org\\\/de\\\/la-playlist-judeo-espagnole-de-lete\\\/#article\",\"isPartOf\":{\"@id\":\"https:\\\/\\\/www.iemj.org\\\/de\\\/la-playlist-judeo-espagnole-de-lete\\\/\"},\"author\":{\"name\":\"Jacqueline ROTEN\",\"@id\":\"https:\\\/\\\/www.iemj.org\\\/de\\\/#\\\/schema\\\/person\\\/358e26c18aca017fcc4cc15437f7279c\"},\"headline\":\"DIE JUD\u00c4O-SPANISCHE SOMMERPLAYLIST\u2026\",\"datePublished\":\"2018-07-10T09:10:29+00:00\",\"dateModified\":\"2025-07-08T14:05:37+00:00\",\"mainEntityOfPage\":{\"@id\":\"https:\\\/\\\/www.iemj.org\\\/de\\\/la-playlist-judeo-espagnole-de-lete\\\/\"},\"wordCount\":190,\"publisher\":{\"@id\":\"https:\\\/\\\/www.iemj.org\\\/de\\\/#organization\"},\"image\":{\"@id\":\"https:\\\/\\\/www.iemj.org\\\/de\\\/la-playlist-judeo-espagnole-de-lete\\\/#primaryimage\"},\"thumbnailUrl\":\"https:\\\/\\\/www.iemj.org\\\/wp-content\\\/uploads\\\/2018\\\/07\\\/Logo-playlist-judeo-esp-1.jpg\",\"articleSection\":[\"Playlists\"],\"inLanguage\":\"de\"},{\"@type\":\"WebPage\",\"@id\":\"https:\\\/\\\/www.iemj.org\\\/de\\\/la-playlist-judeo-espagnole-de-lete\\\/\",\"url\":\"https:\\\/\\\/www.iemj.org\\\/de\\\/la-playlist-judeo-espagnole-de-lete\\\/\",\"name\":\"DIE JUD\u00c4O-SPANISCHE SOMMERPLAYLIST\u2026 - Institut Europ\u00e9en des Musiques Juives\",\"isPartOf\":{\"@id\":\"https:\\\/\\\/www.iemj.org\\\/de\\\/#website\"},\"primaryImageOfPage\":{\"@id\":\"https:\\\/\\\/www.iemj.org\\\/de\\\/la-playlist-judeo-espagnole-de-lete\\\/#primaryimage\"},\"image\":{\"@id\":\"https:\\\/\\\/www.iemj.org\\\/de\\\/la-playlist-judeo-espagnole-de-lete\\\/#primaryimage\"},\"thumbnailUrl\":\"https:\\\/\\\/www.iemj.org\\\/wp-content\\\/uploads\\\/2018\\\/07\\\/Logo-playlist-judeo-esp-1.jpg\",\"datePublished\":\"2018-07-10T09:10:29+00:00\",\"dateModified\":\"2025-07-08T14:05:37+00:00\",\"breadcrumb\":{\"@id\":\"https:\\\/\\\/www.iemj.org\\\/de\\\/la-playlist-judeo-espagnole-de-lete\\\/#breadcrumb\"},\"inLanguage\":\"de\",\"potentialAction\":[{\"@type\":\"ReadAction\",\"target\":[\"https:\\\/\\\/www.iemj.org\\\/de\\\/la-playlist-judeo-espagnole-de-lete\\\/\"]}]},{\"@type\":\"ImageObject\",\"inLanguage\":\"de\",\"@id\":\"https:\\\/\\\/www.iemj.org\\\/de\\\/la-playlist-judeo-espagnole-de-lete\\\/#primaryimage\",\"url\":\"https:\\\/\\\/www.iemj.org\\\/wp-content\\\/uploads\\\/2018\\\/07\\\/Logo-playlist-judeo-esp-1.jpg\",\"contentUrl\":\"https:\\\/\\\/www.iemj.org\\\/wp-content\\\/uploads\\\/2018\\\/07\\\/Logo-playlist-judeo-esp-1.jpg\",\"width\":500,\"height\":500},{\"@type\":\"BreadcrumbList\",\"@id\":\"https:\\\/\\\/www.iemj.org\\\/de\\\/la-playlist-judeo-espagnole-de-lete\\\/#breadcrumb\",\"itemListElement\":[{\"@type\":\"ListItem\",\"position\":1,\"name\":\"Accueil\",\"item\":\"https:\\\/\\\/www.iemj.org\\\/de\\\/\"},{\"@type\":\"ListItem\",\"position\":2,\"name\":\"DIE JUD\u00c4O-SPANISCHE SOMMERPLAYLIST\u2026\"}]},{\"@type\":\"WebSite\",\"@id\":\"https:\\\/\\\/www.iemj.org\\\/de\\\/#website\",\"url\":\"https:\\\/\\\/www.iemj.org\\\/de\\\/\",\"name\":\"Institut Europ\u00e9en des Musiques Juives\",\"description\":\"Des traditions musicales \u00e0 la port\u00e9e de tous\",\"publisher\":{\"@id\":\"https:\\\/\\\/www.iemj.org\\\/de\\\/#organization\"},\"potentialAction\":[{\"@type\":\"SearchAction\",\"target\":{\"@type\":\"EntryPoint\",\"urlTemplate\":\"https:\\\/\\\/www.iemj.org\\\/de\\\/?s={search_term_string}\"},\"query-input\":{\"@type\":\"PropertyValueSpecification\",\"valueRequired\":true,\"valueName\":\"search_term_string\"}}],\"inLanguage\":\"de\"},{\"@type\":\"Organization\",\"@id\":\"https:\\\/\\\/www.iemj.org\\\/de\\\/#organization\",\"name\":\"Institut Europ\u00e9en des Musiques Juives\",\"url\":\"https:\\\/\\\/www.iemj.org\\\/de\\\/\",\"logo\":{\"@type\":\"ImageObject\",\"inLanguage\":\"de\",\"@id\":\"https:\\\/\\\/www.iemj.org\\\/de\\\/#\\\/schema\\\/logo\\\/image\\\/\",\"url\":\"https:\\\/\\\/www.iemj.org\\\/wp-content\\\/uploads\\\/2021\\\/09\\\/Logo-IEMJ-Paypal.jpg\",\"contentUrl\":\"https:\\\/\\\/www.iemj.org\\\/wp-content\\\/uploads\\\/2021\\\/09\\\/Logo-IEMJ-Paypal.jpg\",\"width\":150,\"height\":50,\"caption\":\"Institut Europ\u00e9en des Musiques Juives\"},\"image\":{\"@id\":\"https:\\\/\\\/www.iemj.org\\\/de\\\/#\\\/schema\\\/logo\\\/image\\\/\"},\"sameAs\":[\"https:\\\/\\\/www.facebook.com\\\/MusiquesJuives\\\/\",\"https:\\\/\\\/www.instagram.com\\\/musiquesjuives\\\/\",\"https:\\\/\\\/www.youtube.com\\\/user\\\/musiquesjuives\"]},{\"@type\":\"Person\",\"@id\":\"https:\\\/\\\/www.iemj.org\\\/de\\\/#\\\/schema\\\/person\\\/358e26c18aca017fcc4cc15437f7279c\",\"name\":\"Jacqueline ROTEN\",\"image\":{\"@type\":\"ImageObject\",\"inLanguage\":\"de\",\"@id\":\"https:\\\/\\\/secure.gravatar.com\\\/avatar\\\/5964256d6c6957de3a3505278957e0fb2a35119ac47ea41827a65301213c810b?s=96&d=mm&r=g\",\"url\":\"https:\\\/\\\/secure.gravatar.com\\\/avatar\\\/5964256d6c6957de3a3505278957e0fb2a35119ac47ea41827a65301213c810b?s=96&d=mm&r=g\",\"contentUrl\":\"https:\\\/\\\/secure.gravatar.com\\\/avatar\\\/5964256d6c6957de3a3505278957e0fb2a35119ac47ea41827a65301213c810b?s=96&d=mm&r=g\",\"caption\":\"Jacqueline ROTEN\"}}]}<\/script>\n<!-- \/ Yoast SEO plugin. -->","yoast_head_json":{"title":"DIE JUD\u00c4O-SPANISCHE SOMMERPLAYLIST\u2026 - Institut Europ\u00e9en des Musiques Juives","robots":{"index":"index","follow":"follow","max-snippet":"max-snippet:-1","max-image-preview":"max-image-preview:large","max-video-preview":"max-video-preview:-1"},"canonical":"https:\/\/www.iemj.org\/de\/la-playlist-judeo-espagnole-de-lete\/","og_locale":"de_DE","og_type":"article","og_title":"DIE JUD\u00c4O-SPANISCHE SOMMERPLAYLIST\u2026 - Institut Europ\u00e9en des Musiques Juives","og_description":"Entdecken Sie eine Auswahl jud\u00e4o-spanischer Lieder aus unseren Sammlungen, mit welchen Sie die Wartezeit bis zum Schulbeginn in guter Gesellschaft \u00fcberbr\u00fccken k\u00f6nnen Diese Melodien, welche an die kindliche und elterliche","og_url":"https:\/\/www.iemj.org\/de\/la-playlist-judeo-espagnole-de-lete\/","og_site_name":"Institut Europ\u00e9en des Musiques Juives","article_publisher":"https:\/\/www.facebook.com\/MusiquesJuives\/","article_published_time":"2018-07-10T09:10:29+00:00","article_modified_time":"2025-07-08T14:05:37+00:00","og_image":[{"width":500,"height":500,"url":"https:\/\/www.iemj.org\/wp-content\/uploads\/2018\/07\/Logo-playlist-judeo-esp-1.jpg","type":"image\/jpeg"}],"author":"Jacqueline ROTEN","twitter_card":"summary_large_image","twitter_misc":{"Verfasst von":"Jacqueline ROTEN","Gesch\u00e4tzte Lesezeit":"2\u00a0Minuten"},"schema":{"@context":"https:\/\/schema.org","@graph":[{"@type":"Article","@id":"https:\/\/www.iemj.org\/de\/la-playlist-judeo-espagnole-de-lete\/#article","isPartOf":{"@id":"https:\/\/www.iemj.org\/de\/la-playlist-judeo-espagnole-de-lete\/"},"author":{"name":"Jacqueline ROTEN","@id":"https:\/\/www.iemj.org\/de\/#\/schema\/person\/358e26c18aca017fcc4cc15437f7279c"},"headline":"DIE JUD\u00c4O-SPANISCHE SOMMERPLAYLIST\u2026","datePublished":"2018-07-10T09:10:29+00:00","dateModified":"2025-07-08T14:05:37+00:00","mainEntityOfPage":{"@id":"https:\/\/www.iemj.org\/de\/la-playlist-judeo-espagnole-de-lete\/"},"wordCount":190,"publisher":{"@id":"https:\/\/www.iemj.org\/de\/#organization"},"image":{"@id":"https:\/\/www.iemj.org\/de\/la-playlist-judeo-espagnole-de-lete\/#primaryimage"},"thumbnailUrl":"https:\/\/www.iemj.org\/wp-content\/uploads\/2018\/07\/Logo-playlist-judeo-esp-1.jpg","articleSection":["Playlists"],"inLanguage":"de"},{"@type":"WebPage","@id":"https:\/\/www.iemj.org\/de\/la-playlist-judeo-espagnole-de-lete\/","url":"https:\/\/www.iemj.org\/de\/la-playlist-judeo-espagnole-de-lete\/","name":"DIE JUD\u00c4O-SPANISCHE SOMMERPLAYLIST\u2026 - Institut Europ\u00e9en des Musiques Juives","isPartOf":{"@id":"https:\/\/www.iemj.org\/de\/#website"},"primaryImageOfPage":{"@id":"https:\/\/www.iemj.org\/de\/la-playlist-judeo-espagnole-de-lete\/#primaryimage"},"image":{"@id":"https:\/\/www.iemj.org\/de\/la-playlist-judeo-espagnole-de-lete\/#primaryimage"},"thumbnailUrl":"https:\/\/www.iemj.org\/wp-content\/uploads\/2018\/07\/Logo-playlist-judeo-esp-1.jpg","datePublished":"2018-07-10T09:10:29+00:00","dateModified":"2025-07-08T14:05:37+00:00","breadcrumb":{"@id":"https:\/\/www.iemj.org\/de\/la-playlist-judeo-espagnole-de-lete\/#breadcrumb"},"inLanguage":"de","potentialAction":[{"@type":"ReadAction","target":["https:\/\/www.iemj.org\/de\/la-playlist-judeo-espagnole-de-lete\/"]}]},{"@type":"ImageObject","inLanguage":"de","@id":"https:\/\/www.iemj.org\/de\/la-playlist-judeo-espagnole-de-lete\/#primaryimage","url":"https:\/\/www.iemj.org\/wp-content\/uploads\/2018\/07\/Logo-playlist-judeo-esp-1.jpg","contentUrl":"https:\/\/www.iemj.org\/wp-content\/uploads\/2018\/07\/Logo-playlist-judeo-esp-1.jpg","width":500,"height":500},{"@type":"BreadcrumbList","@id":"https:\/\/www.iemj.org\/de\/la-playlist-judeo-espagnole-de-lete\/#breadcrumb","itemListElement":[{"@type":"ListItem","position":1,"name":"Accueil","item":"https:\/\/www.iemj.org\/de\/"},{"@type":"ListItem","position":2,"name":"DIE JUD\u00c4O-SPANISCHE SOMMERPLAYLIST\u2026"}]},{"@type":"WebSite","@id":"https:\/\/www.iemj.org\/de\/#website","url":"https:\/\/www.iemj.org\/de\/","name":"Institut Europ\u00e9en des Musiques Juives","description":"Des traditions musicales \u00e0 la port\u00e9e de tous","publisher":{"@id":"https:\/\/www.iemj.org\/de\/#organization"},"potentialAction":[{"@type":"SearchAction","target":{"@type":"EntryPoint","urlTemplate":"https:\/\/www.iemj.org\/de\/?s={search_term_string}"},"query-input":{"@type":"PropertyValueSpecification","valueRequired":true,"valueName":"search_term_string"}}],"inLanguage":"de"},{"@type":"Organization","@id":"https:\/\/www.iemj.org\/de\/#organization","name":"Institut Europ\u00e9en des Musiques Juives","url":"https:\/\/www.iemj.org\/de\/","logo":{"@type":"ImageObject","inLanguage":"de","@id":"https:\/\/www.iemj.org\/de\/#\/schema\/logo\/image\/","url":"https:\/\/www.iemj.org\/wp-content\/uploads\/2021\/09\/Logo-IEMJ-Paypal.jpg","contentUrl":"https:\/\/www.iemj.org\/wp-content\/uploads\/2021\/09\/Logo-IEMJ-Paypal.jpg","width":150,"height":50,"caption":"Institut Europ\u00e9en des Musiques Juives"},"image":{"@id":"https:\/\/www.iemj.org\/de\/#\/schema\/logo\/image\/"},"sameAs":["https:\/\/www.facebook.com\/MusiquesJuives\/","https:\/\/www.instagram.com\/musiquesjuives\/","https:\/\/www.youtube.com\/user\/musiquesjuives"]},{"@type":"Person","@id":"https:\/\/www.iemj.org\/de\/#\/schema\/person\/358e26c18aca017fcc4cc15437f7279c","name":"Jacqueline ROTEN","image":{"@type":"ImageObject","inLanguage":"de","@id":"https:\/\/secure.gravatar.com\/avatar\/5964256d6c6957de3a3505278957e0fb2a35119ac47ea41827a65301213c810b?s=96&d=mm&r=g","url":"https:\/\/secure.gravatar.com\/avatar\/5964256d6c6957de3a3505278957e0fb2a35119ac47ea41827a65301213c810b?s=96&d=mm&r=g","contentUrl":"https:\/\/secure.gravatar.com\/avatar\/5964256d6c6957de3a3505278957e0fb2a35119ac47ea41827a65301213c810b?s=96&d=mm&r=g","caption":"Jacqueline ROTEN"}}]}},"_links":{"self":[{"href":"https:\/\/www.iemj.org\/de\/wp-json\/wp\/v2\/posts\/72711","targetHints":{"allow":["GET"]}}],"collection":[{"href":"https:\/\/www.iemj.org\/de\/wp-json\/wp\/v2\/posts"}],"about":[{"href":"https:\/\/www.iemj.org\/de\/wp-json\/wp\/v2\/types\/post"}],"author":[{"embeddable":true,"href":"https:\/\/www.iemj.org\/de\/wp-json\/wp\/v2\/users\/5"}],"replies":[{"embeddable":true,"href":"https:\/\/www.iemj.org\/de\/wp-json\/wp\/v2\/comments?post=72711"}],"version-history":[{"count":0,"href":"https:\/\/www.iemj.org\/de\/wp-json\/wp\/v2\/posts\/72711\/revisions"}],"wp:featuredmedia":[{"embeddable":true,"href":"https:\/\/www.iemj.org\/de\/wp-json\/wp\/v2\/media\/99234"}],"wp:attachment":[{"href":"https:\/\/www.iemj.org\/de\/wp-json\/wp\/v2\/media?parent=72711"}],"wp:term":[{"taxonomy":"category","embeddable":true,"href":"https:\/\/www.iemj.org\/de\/wp-json\/wp\/v2\/categories?post=72711"},{"taxonomy":"post_tag","embeddable":true,"href":"https:\/\/www.iemj.org\/de\/wp-json\/wp\/v2\/tags?post=72711"},{"taxonomy":"technique","embeddable":true,"href":"https:\/\/www.iemj.org\/de\/wp-json\/wp\/v2\/technique?post=72711"},{"taxonomy":"squelettes","embeddable":true,"href":"https:\/\/www.iemj.org\/de\/wp-json\/wp\/v2\/squelettes?post=72711"},{"taxonomy":"sujet","embeddable":true,"href":"https:\/\/www.iemj.org\/de\/wp-json\/wp\/v2\/sujet?post=72711"},{"taxonomy":"formation","embeddable":true,"href":"https:\/\/www.iemj.org\/de\/wp-json\/wp\/v2\/formation?post=72711"},{"taxonomy":"genre","embeddable":true,"href":"https:\/\/www.iemj.org\/de\/wp-json\/wp\/v2\/genre?post=72711"},{"taxonomy":"fonds","embeddable":true,"href":"https:\/\/www.iemj.org\/de\/wp-json\/wp\/v2\/fonds?post=72711"},{"taxonomy":"tradition","embeddable":true,"href":"https:\/\/www.iemj.org\/de\/wp-json\/wp\/v2\/tradition?post=72711"},{"taxonomy":"type-de-contenu","embeddable":true,"href":"https:\/\/www.iemj.org\/de\/wp-json\/wp\/v2\/type-de-contenu?post=72711"},{"taxonomy":"interprete-compositeur","embeddable":true,"href":"https:\/\/www.iemj.org\/de\/wp-json\/wp\/v2\/interprete-compositeur?post=72711"},{"taxonomy":"frise","embeddable":true,"href":"https:\/\/www.iemj.org\/de\/wp-json\/wp\/v2\/frise?post=72711"},{"taxonomy":"type-devenement","embeddable":true,"href":"https:\/\/www.iemj.org\/de\/wp-json\/wp\/v2\/type-devenement?post=72711"},{"taxonomy":"tableaux-liens-externes","embeddable":true,"href":"https:\/\/www.iemj.org\/de\/wp-json\/wp\/v2\/tableaux-liens-externes?post=72711"}],"curies":[{"name":"wp","href":"https:\/\/api.w.org\/{rel}","templated":true}]}}