{"id":72779,"date":"2018-06-27T11:20:42","date_gmt":"2018-06-27T09:20:42","guid":{"rendered":"https:\/\/www.iemj.org\/musique-et-cuisine-dans-la-tradition-juive-2\/"},"modified":"2025-07-08T15:02:43","modified_gmt":"2025-07-08T13:02:43","slug":"musique-et-cuisine-dans-la-tradition-juive-2","status":"publish","type":"post","link":"https:\/\/www.iemj.org\/de\/musique-et-cuisine-dans-la-tradition-juive-2\/","title":{"rendered":"MUSIK UND K\u00dcCHE IN DER JIDDISCHEN TRADITION"},"content":{"rendered":"<p>Das Kochen ist im Judaismus eine echte Institution. So sind die kulinarischen Gewohnheiten mit den j\u00fcdischen Feiertage verbunden, werden dabei meist von Mutter zu Tochter weitergegeben und sind fast so alt wie die j\u00fcdische Geschichte selbst. Interessanterweise sind Musik und K\u00fcche also oft eng miteinander verbunden.<\/p>\n<p><img fetchpriority=\"high\" decoding=\"async\" class=\" alignright size-full wp-image-20240\" src=\"https:\/\/www.iemj.org\/wp-content\/uploads\/2018\/06\/doc_3_cuisine_et_musique_500px.jpg\" alt=\"doc_3_cuisine_et_musique_500px.jpg\" width=\"263\" height=\"262\" align=\"right\" srcset=\"https:\/\/www.iemj.org\/wp-content\/uploads\/2018\/06\/doc_3_cuisine_et_musique_500px.jpg 263w, https:\/\/www.iemj.org\/wp-content\/uploads\/2018\/06\/doc_3_cuisine_et_musique_500px-150x150.jpg 150w, https:\/\/www.iemj.org\/wp-content\/uploads\/2018\/06\/doc_3_cuisine_et_musique_500px-100x100.jpg 100w\" sizes=\"(max-width: 263px) 100vw, 263px\" \/><\/p>\n<p>Traditionell beginnt und endet jede Mahlzeit mit Gesang und Segensspr\u00fcchen. Die j\u00fcdische K\u00fcche besitzt die Besonderheit der Anpassungsf\u00e4higkeit an die verschiedenen K\u00fcchen der Gastgeberl\u00e4nder.<\/p>\n<p>Von Couscous bis Gefilte Fish wird die j\u00fcdische Kochkunst von zahlreichen K\u00fcnstlern mit Humor und Nostalgie besungen.<\/p>\n<p>So werden die j\u00fcdische Musik und die j\u00fcdische K\u00fcche von Generation zu Generation weitergegeben.<\/p>\n<p><img decoding=\"async\" class=\" aligncenter size-full wp-image-20242\" src=\"https:\/\/www.iemj.org\/wp-content\/uploads\/2018\/06\/doc_1_cuisine_et_musique.jpg\" alt=\"doc_1_cuisine_et_musique.jpg\" width=\"397\" height=\"240\" align=\"middle\" srcset=\"https:\/\/www.iemj.org\/wp-content\/uploads\/2018\/06\/doc_1_cuisine_et_musique.jpg 397w, https:\/\/www.iemj.org\/wp-content\/uploads\/2018\/06\/doc_1_cuisine_et_musique-300x181.jpg 300w\" sizes=\"(max-width: 397px) 100vw, 397px\" \/><\/p>\n<p><strong>Quellen :<\/strong><br \/>&#8211; <a href=\"https:\/\/www.cclj.be\/actu\/judaisme-culture\/cuisine-juive-ingredient-memoire\">La cuisine juive, ingr\u00e9dient de la m\u00e9moire<\/a><br \/>&#8211; <a href=\"https:\/\/www.bbfrance.org\/Cuisine-et-Tradition_a195.html\">Cuisine et tradition, site officiel du B&#8217;nai Brith France<\/a><\/p>\n<p><a href=\"https:\/\/www.iemj.org\/de\/musique-et-cuisine-dans-la-tradition-juive\/\" target=\"_blank\" rel=\"noopener\">H\u00f6ren Sie sich die von Herv\u00e9 Roten pr\u00e4sentiere Radiosendungen an: Musique et cuisine juive<\/a><\/p>\n\n<div class=\"wp-block-image\">\n<figure class=\"aligncenter size-large\"><img decoding=\"async\" width=\"1024\" height=\"133\" src=\"https:\/\/www.iemj.org\/wp-content\/uploads\/2024\/03\/AUDIO-PLAYER-1024x133.png\" alt=\"\" class=\"wp-image-110606\" srcset=\"https:\/\/www.iemj.org\/wp-content\/uploads\/2024\/03\/AUDIO-PLAYER-1024x133.png 1024w, https:\/\/www.iemj.org\/wp-content\/uploads\/2024\/03\/AUDIO-PLAYER-300x39.png 300w, https:\/\/www.iemj.org\/wp-content\/uploads\/2024\/03\/AUDIO-PLAYER-768x100.png 768w, https:\/\/www.iemj.org\/wp-content\/uploads\/2024\/03\/AUDIO-PLAYER-600x78.png 600w, https:\/\/www.iemj.org\/wp-content\/uploads\/2024\/03\/AUDIO-PLAYER.png 1210w\" sizes=\"(max-width: 1024px) 100vw, 1024px\" \/><\/figure>\n<\/div>\n\n\n<h2 class=\"wp-block-heading\"><\/h2>\n\n\n\n<div class=\"wp-block-file\"><a href=\"https:\/\/www.iemj.org\/wp-content\/uploads\/2018\/06\/birkat_hamazon_-_rahem_muller.mp3\">Birkat hamazon &#8211; Rahem Muller<\/a><\/div>\n\n\n\n<div class=\"wp-block-file\"><a href=\"https:\/\/www.iemj.org\/wp-content\/uploads\/2018\/06\/di_mame_-_kocht_warenikes.mp3\">Di Mame &#8211; Kocht Warenikes<\/a><\/div>\n\n\n\n<div class=\"wp-block-file\"><a href=\"https:\/\/www.iemj.org\/wp-content\/uploads\/2018\/06\/drink_a_glayzele_wayn_-_pourimspil.mp3\">Drink a glayzele wayn &#8211; Pourimspil<\/a><\/div>\n\n\n\n<div class=\"wp-block-file\"><a href=\"https:\/\/www.iemj.org\/wp-content\/uploads\/2018\/06\/erets_avat_halav_-_yaffa_yarkoni.mp3\">Erets avat halav &#8211; Yaffa Yarkoni<\/a><\/div>\n\n\n\n<div class=\"wp-block-file\"><a href=\"https:\/\/www.iemj.org\/wp-content\/uploads\/2018\/06\/fais_moi_du_couscous_cheri_-_bob_azzam.mp3\">Fais moi du couscous cheri &#8211; Bob Azzam<\/a><\/div>\n\n\n\n<div class=\"wp-block-file\"><a href=\"https:\/\/www.iemj.org\/wp-content\/uploads\/2018\/06\/gefilte_fish_-_henri_gerro.mp3\">Gefilte fish &#8211; Henri Gerro<\/a><\/div>\n\n\n\n<div class=\"wp-block-file\"><a href=\"https:\/\/www.iemj.org\/wp-content\/uploads\/2018\/06\/le_couscous_du_vendredi_soir_-_astride_ruff.mp3\">Le couscous du vendredi soir &#8211; Astride Ruff<\/a><\/div>\n\n\n\n<div class=\"wp-block-file\"><a href=\"https:\/\/www.iemj.org\/wp-content\/uploads\/2018\/06\/velanou_iech_falafel_-_barukh_nadav.mp3\">Velanou iech falafel &#8211; Barukh Nadav<\/a><\/div>\n\n\n\n<div class=\"wp-block-file\"><a href=\"https:\/\/www.iemj.org\/wp-content\/uploads\/2018\/06\/les_merguez_-_blond-blond.mp3\">Les merguez &#8211; Blond-Blond<\/a><\/div>\n","protected":false},"excerpt":{"rendered":"<p>Das Kochen ist im Judaismus eine echte Institution. So sind die kulinarischen Gewohnheiten mit den j\u00fcdischen Feiertage verbunden, werden dabei meist von Mutter zu Tochter weitergegeben und sind fast so<\/p>\n","protected":false},"author":1052,"featured_media":72780,"comment_status":"closed","ping_status":"open","sticky":false,"template":"","format":"standard","meta":{"_acf_changed":false,"footnotes":""},"categories":[1534],"tags":[],"technique":[],"squelettes":[],"sujet":[],"formation":[],"genre":[],"fonds":[],"tradition":[],"type-de-contenu":[],"interprete-compositeur":[],"frise":[],"type-devenement":[],"tableaux-liens-externes":[],"class_list":["post-72779","post","type-post","status-publish","format-standard","has-post-thumbnail","hentry","category-playlists-de"],"acf":[],"yoast_head":"<!-- This site is optimized with the Yoast SEO plugin v27.3 - https:\/\/yoast.com\/product\/yoast-seo-wordpress\/ -->\n<title>MUSIK UND K\u00dcCHE IN DER JIDDISCHEN TRADITION - Institut Europ\u00e9en des Musiques Juives<\/title>\n<meta name=\"robots\" content=\"index, follow, max-snippet:-1, max-image-preview:large, max-video-preview:-1\" \/>\n<link rel=\"canonical\" href=\"https:\/\/www.iemj.org\/de\/musique-et-cuisine-dans-la-tradition-juive-2\/\" \/>\n<meta property=\"og:locale\" content=\"de_DE\" \/>\n<meta property=\"og:type\" content=\"article\" \/>\n<meta property=\"og:title\" content=\"MUSIK UND K\u00dcCHE IN DER JIDDISCHEN TRADITION - Institut Europ\u00e9en des Musiques Juives\" \/>\n<meta property=\"og:description\" content=\"Das Kochen ist im Judaismus eine echte Institution. So sind die kulinarischen Gewohnheiten mit den j\u00fcdischen Feiertage verbunden, werden dabei meist von Mutter zu Tochter weitergegeben und sind fast so\" \/>\n<meta property=\"og:url\" content=\"https:\/\/www.iemj.org\/de\/musique-et-cuisine-dans-la-tradition-juive-2\/\" \/>\n<meta property=\"og:site_name\" content=\"Institut Europ\u00e9en des Musiques Juives\" \/>\n<meta property=\"article:publisher\" content=\"https:\/\/www.facebook.com\/MusiquesJuives\/\" \/>\n<meta property=\"article:published_time\" content=\"2018-06-27T09:20:42+00:00\" \/>\n<meta property=\"article:modified_time\" content=\"2025-07-08T13:02:43+00:00\" \/>\n<meta property=\"og:image\" content=\"https:\/\/www.iemj.org\/wp-content\/uploads\/2018\/06\/arton3530.jpg\" \/>\n\t<meta property=\"og:image:width\" content=\"500\" \/>\n\t<meta property=\"og:image:height\" content=\"500\" \/>\n\t<meta property=\"og:image:type\" content=\"image\/jpeg\" \/>\n<meta name=\"author\" content=\"Lea Couderc\" \/>\n<meta name=\"twitter:card\" content=\"summary_large_image\" \/>\n<meta name=\"twitter:label1\" content=\"Verfasst von\" \/>\n\t<meta name=\"twitter:data1\" content=\"Lea Couderc\" \/>\n\t<meta name=\"twitter:label2\" content=\"Gesch\u00e4tzte Lesezeit\" \/>\n\t<meta name=\"twitter:data2\" content=\"2\u00a0Minuten\" \/>\n<script type=\"application\/ld+json\" class=\"yoast-schema-graph\">{\"@context\":\"https:\\\/\\\/schema.org\",\"@graph\":[{\"@type\":\"Article\",\"@id\":\"https:\\\/\\\/www.iemj.org\\\/de\\\/musique-et-cuisine-dans-la-tradition-juive-2\\\/#article\",\"isPartOf\":{\"@id\":\"https:\\\/\\\/www.iemj.org\\\/de\\\/musique-et-cuisine-dans-la-tradition-juive-2\\\/\"},\"author\":{\"name\":\"Lea Couderc\",\"@id\":\"https:\\\/\\\/www.iemj.org\\\/de\\\/#\\\/schema\\\/person\\\/e2ad57f2c4be119c7ed8ab79036807a9\"},\"headline\":\"MUSIK UND K\u00dcCHE IN DER JIDDISCHEN TRADITION\",\"datePublished\":\"2018-06-27T09:20:42+00:00\",\"dateModified\":\"2025-07-08T13:02:43+00:00\",\"mainEntityOfPage\":{\"@id\":\"https:\\\/\\\/www.iemj.org\\\/de\\\/musique-et-cuisine-dans-la-tradition-juive-2\\\/\"},\"wordCount\":214,\"publisher\":{\"@id\":\"https:\\\/\\\/www.iemj.org\\\/de\\\/#organization\"},\"image\":{\"@id\":\"https:\\\/\\\/www.iemj.org\\\/de\\\/musique-et-cuisine-dans-la-tradition-juive-2\\\/#primaryimage\"},\"thumbnailUrl\":\"https:\\\/\\\/www.iemj.org\\\/wp-content\\\/uploads\\\/2018\\\/06\\\/arton3530.jpg\",\"articleSection\":[\"Playlists\"],\"inLanguage\":\"de\"},{\"@type\":\"WebPage\",\"@id\":\"https:\\\/\\\/www.iemj.org\\\/de\\\/musique-et-cuisine-dans-la-tradition-juive-2\\\/\",\"url\":\"https:\\\/\\\/www.iemj.org\\\/de\\\/musique-et-cuisine-dans-la-tradition-juive-2\\\/\",\"name\":\"MUSIK UND K\u00dcCHE IN DER JIDDISCHEN TRADITION - Institut Europ\u00e9en des Musiques Juives\",\"isPartOf\":{\"@id\":\"https:\\\/\\\/www.iemj.org\\\/de\\\/#website\"},\"primaryImageOfPage\":{\"@id\":\"https:\\\/\\\/www.iemj.org\\\/de\\\/musique-et-cuisine-dans-la-tradition-juive-2\\\/#primaryimage\"},\"image\":{\"@id\":\"https:\\\/\\\/www.iemj.org\\\/de\\\/musique-et-cuisine-dans-la-tradition-juive-2\\\/#primaryimage\"},\"thumbnailUrl\":\"https:\\\/\\\/www.iemj.org\\\/wp-content\\\/uploads\\\/2018\\\/06\\\/arton3530.jpg\",\"datePublished\":\"2018-06-27T09:20:42+00:00\",\"dateModified\":\"2025-07-08T13:02:43+00:00\",\"breadcrumb\":{\"@id\":\"https:\\\/\\\/www.iemj.org\\\/de\\\/musique-et-cuisine-dans-la-tradition-juive-2\\\/#breadcrumb\"},\"inLanguage\":\"de\",\"potentialAction\":[{\"@type\":\"ReadAction\",\"target\":[\"https:\\\/\\\/www.iemj.org\\\/de\\\/musique-et-cuisine-dans-la-tradition-juive-2\\\/\"]}]},{\"@type\":\"ImageObject\",\"inLanguage\":\"de\",\"@id\":\"https:\\\/\\\/www.iemj.org\\\/de\\\/musique-et-cuisine-dans-la-tradition-juive-2\\\/#primaryimage\",\"url\":\"https:\\\/\\\/www.iemj.org\\\/wp-content\\\/uploads\\\/2018\\\/06\\\/arton3530.jpg\",\"contentUrl\":\"https:\\\/\\\/www.iemj.org\\\/wp-content\\\/uploads\\\/2018\\\/06\\\/arton3530.jpg\",\"width\":500,\"height\":500},{\"@type\":\"BreadcrumbList\",\"@id\":\"https:\\\/\\\/www.iemj.org\\\/de\\\/musique-et-cuisine-dans-la-tradition-juive-2\\\/#breadcrumb\",\"itemListElement\":[{\"@type\":\"ListItem\",\"position\":1,\"name\":\"Accueil\",\"item\":\"https:\\\/\\\/www.iemj.org\\\/de\\\/\"},{\"@type\":\"ListItem\",\"position\":2,\"name\":\"MUSIK UND K\u00dcCHE IN DER JIDDISCHEN TRADITION\"}]},{\"@type\":\"WebSite\",\"@id\":\"https:\\\/\\\/www.iemj.org\\\/de\\\/#website\",\"url\":\"https:\\\/\\\/www.iemj.org\\\/de\\\/\",\"name\":\"Institut Europ\u00e9en des Musiques Juives\",\"description\":\"Des traditions musicales \u00e0 la port\u00e9e de tous\",\"publisher\":{\"@id\":\"https:\\\/\\\/www.iemj.org\\\/de\\\/#organization\"},\"potentialAction\":[{\"@type\":\"SearchAction\",\"target\":{\"@type\":\"EntryPoint\",\"urlTemplate\":\"https:\\\/\\\/www.iemj.org\\\/de\\\/?s={search_term_string}\"},\"query-input\":{\"@type\":\"PropertyValueSpecification\",\"valueRequired\":true,\"valueName\":\"search_term_string\"}}],\"inLanguage\":\"de\"},{\"@type\":\"Organization\",\"@id\":\"https:\\\/\\\/www.iemj.org\\\/de\\\/#organization\",\"name\":\"Institut Europ\u00e9en des Musiques Juives\",\"url\":\"https:\\\/\\\/www.iemj.org\\\/de\\\/\",\"logo\":{\"@type\":\"ImageObject\",\"inLanguage\":\"de\",\"@id\":\"https:\\\/\\\/www.iemj.org\\\/de\\\/#\\\/schema\\\/logo\\\/image\\\/\",\"url\":\"https:\\\/\\\/www.iemj.org\\\/wp-content\\\/uploads\\\/2021\\\/09\\\/Logo-IEMJ-Paypal.jpg\",\"contentUrl\":\"https:\\\/\\\/www.iemj.org\\\/wp-content\\\/uploads\\\/2021\\\/09\\\/Logo-IEMJ-Paypal.jpg\",\"width\":150,\"height\":50,\"caption\":\"Institut Europ\u00e9en des Musiques Juives\"},\"image\":{\"@id\":\"https:\\\/\\\/www.iemj.org\\\/de\\\/#\\\/schema\\\/logo\\\/image\\\/\"},\"sameAs\":[\"https:\\\/\\\/www.facebook.com\\\/MusiquesJuives\\\/\",\"https:\\\/\\\/www.instagram.com\\\/musiquesjuives\\\/\",\"https:\\\/\\\/www.youtube.com\\\/user\\\/musiquesjuives\"]},{\"@type\":\"Person\",\"@id\":\"https:\\\/\\\/www.iemj.org\\\/de\\\/#\\\/schema\\\/person\\\/e2ad57f2c4be119c7ed8ab79036807a9\",\"name\":\"Lea Couderc\",\"image\":{\"@type\":\"ImageObject\",\"inLanguage\":\"de\",\"@id\":\"https:\\\/\\\/secure.gravatar.com\\\/avatar\\\/46ee021475d60aeff17a7e490b79dea5a5684bb392ab7fd1494027411df8ba23?s=96&d=mm&r=g\",\"url\":\"https:\\\/\\\/secure.gravatar.com\\\/avatar\\\/46ee021475d60aeff17a7e490b79dea5a5684bb392ab7fd1494027411df8ba23?s=96&d=mm&r=g\",\"contentUrl\":\"https:\\\/\\\/secure.gravatar.com\\\/avatar\\\/46ee021475d60aeff17a7e490b79dea5a5684bb392ab7fd1494027411df8ba23?s=96&d=mm&r=g\",\"caption\":\"Lea Couderc\"}}]}<\/script>\n<!-- \/ Yoast SEO plugin. -->","yoast_head_json":{"title":"MUSIK UND K\u00dcCHE IN DER JIDDISCHEN TRADITION - Institut Europ\u00e9en des Musiques Juives","robots":{"index":"index","follow":"follow","max-snippet":"max-snippet:-1","max-image-preview":"max-image-preview:large","max-video-preview":"max-video-preview:-1"},"canonical":"https:\/\/www.iemj.org\/de\/musique-et-cuisine-dans-la-tradition-juive-2\/","og_locale":"de_DE","og_type":"article","og_title":"MUSIK UND K\u00dcCHE IN DER JIDDISCHEN TRADITION - Institut Europ\u00e9en des Musiques Juives","og_description":"Das Kochen ist im Judaismus eine echte Institution. So sind die kulinarischen Gewohnheiten mit den j\u00fcdischen Feiertage verbunden, werden dabei meist von Mutter zu Tochter weitergegeben und sind fast so","og_url":"https:\/\/www.iemj.org\/de\/musique-et-cuisine-dans-la-tradition-juive-2\/","og_site_name":"Institut Europ\u00e9en des Musiques Juives","article_publisher":"https:\/\/www.facebook.com\/MusiquesJuives\/","article_published_time":"2018-06-27T09:20:42+00:00","article_modified_time":"2025-07-08T13:02:43+00:00","og_image":[{"width":500,"height":500,"url":"https:\/\/www.iemj.org\/wp-content\/uploads\/2018\/06\/arton3530.jpg","type":"image\/jpeg"}],"author":"Lea Couderc","twitter_card":"summary_large_image","twitter_misc":{"Verfasst von":"Lea Couderc","Gesch\u00e4tzte Lesezeit":"2\u00a0Minuten"},"schema":{"@context":"https:\/\/schema.org","@graph":[{"@type":"Article","@id":"https:\/\/www.iemj.org\/de\/musique-et-cuisine-dans-la-tradition-juive-2\/#article","isPartOf":{"@id":"https:\/\/www.iemj.org\/de\/musique-et-cuisine-dans-la-tradition-juive-2\/"},"author":{"name":"Lea Couderc","@id":"https:\/\/www.iemj.org\/de\/#\/schema\/person\/e2ad57f2c4be119c7ed8ab79036807a9"},"headline":"MUSIK UND K\u00dcCHE IN DER JIDDISCHEN TRADITION","datePublished":"2018-06-27T09:20:42+00:00","dateModified":"2025-07-08T13:02:43+00:00","mainEntityOfPage":{"@id":"https:\/\/www.iemj.org\/de\/musique-et-cuisine-dans-la-tradition-juive-2\/"},"wordCount":214,"publisher":{"@id":"https:\/\/www.iemj.org\/de\/#organization"},"image":{"@id":"https:\/\/www.iemj.org\/de\/musique-et-cuisine-dans-la-tradition-juive-2\/#primaryimage"},"thumbnailUrl":"https:\/\/www.iemj.org\/wp-content\/uploads\/2018\/06\/arton3530.jpg","articleSection":["Playlists"],"inLanguage":"de"},{"@type":"WebPage","@id":"https:\/\/www.iemj.org\/de\/musique-et-cuisine-dans-la-tradition-juive-2\/","url":"https:\/\/www.iemj.org\/de\/musique-et-cuisine-dans-la-tradition-juive-2\/","name":"MUSIK UND K\u00dcCHE IN DER JIDDISCHEN TRADITION - Institut Europ\u00e9en des Musiques Juives","isPartOf":{"@id":"https:\/\/www.iemj.org\/de\/#website"},"primaryImageOfPage":{"@id":"https:\/\/www.iemj.org\/de\/musique-et-cuisine-dans-la-tradition-juive-2\/#primaryimage"},"image":{"@id":"https:\/\/www.iemj.org\/de\/musique-et-cuisine-dans-la-tradition-juive-2\/#primaryimage"},"thumbnailUrl":"https:\/\/www.iemj.org\/wp-content\/uploads\/2018\/06\/arton3530.jpg","datePublished":"2018-06-27T09:20:42+00:00","dateModified":"2025-07-08T13:02:43+00:00","breadcrumb":{"@id":"https:\/\/www.iemj.org\/de\/musique-et-cuisine-dans-la-tradition-juive-2\/#breadcrumb"},"inLanguage":"de","potentialAction":[{"@type":"ReadAction","target":["https:\/\/www.iemj.org\/de\/musique-et-cuisine-dans-la-tradition-juive-2\/"]}]},{"@type":"ImageObject","inLanguage":"de","@id":"https:\/\/www.iemj.org\/de\/musique-et-cuisine-dans-la-tradition-juive-2\/#primaryimage","url":"https:\/\/www.iemj.org\/wp-content\/uploads\/2018\/06\/arton3530.jpg","contentUrl":"https:\/\/www.iemj.org\/wp-content\/uploads\/2018\/06\/arton3530.jpg","width":500,"height":500},{"@type":"BreadcrumbList","@id":"https:\/\/www.iemj.org\/de\/musique-et-cuisine-dans-la-tradition-juive-2\/#breadcrumb","itemListElement":[{"@type":"ListItem","position":1,"name":"Accueil","item":"https:\/\/www.iemj.org\/de\/"},{"@type":"ListItem","position":2,"name":"MUSIK UND K\u00dcCHE IN DER JIDDISCHEN TRADITION"}]},{"@type":"WebSite","@id":"https:\/\/www.iemj.org\/de\/#website","url":"https:\/\/www.iemj.org\/de\/","name":"Institut Europ\u00e9en des Musiques Juives","description":"Des traditions musicales \u00e0 la port\u00e9e de tous","publisher":{"@id":"https:\/\/www.iemj.org\/de\/#organization"},"potentialAction":[{"@type":"SearchAction","target":{"@type":"EntryPoint","urlTemplate":"https:\/\/www.iemj.org\/de\/?s={search_term_string}"},"query-input":{"@type":"PropertyValueSpecification","valueRequired":true,"valueName":"search_term_string"}}],"inLanguage":"de"},{"@type":"Organization","@id":"https:\/\/www.iemj.org\/de\/#organization","name":"Institut Europ\u00e9en des Musiques Juives","url":"https:\/\/www.iemj.org\/de\/","logo":{"@type":"ImageObject","inLanguage":"de","@id":"https:\/\/www.iemj.org\/de\/#\/schema\/logo\/image\/","url":"https:\/\/www.iemj.org\/wp-content\/uploads\/2021\/09\/Logo-IEMJ-Paypal.jpg","contentUrl":"https:\/\/www.iemj.org\/wp-content\/uploads\/2021\/09\/Logo-IEMJ-Paypal.jpg","width":150,"height":50,"caption":"Institut Europ\u00e9en des Musiques Juives"},"image":{"@id":"https:\/\/www.iemj.org\/de\/#\/schema\/logo\/image\/"},"sameAs":["https:\/\/www.facebook.com\/MusiquesJuives\/","https:\/\/www.instagram.com\/musiquesjuives\/","https:\/\/www.youtube.com\/user\/musiquesjuives"]},{"@type":"Person","@id":"https:\/\/www.iemj.org\/de\/#\/schema\/person\/e2ad57f2c4be119c7ed8ab79036807a9","name":"Lea Couderc","image":{"@type":"ImageObject","inLanguage":"de","@id":"https:\/\/secure.gravatar.com\/avatar\/46ee021475d60aeff17a7e490b79dea5a5684bb392ab7fd1494027411df8ba23?s=96&d=mm&r=g","url":"https:\/\/secure.gravatar.com\/avatar\/46ee021475d60aeff17a7e490b79dea5a5684bb392ab7fd1494027411df8ba23?s=96&d=mm&r=g","contentUrl":"https:\/\/secure.gravatar.com\/avatar\/46ee021475d60aeff17a7e490b79dea5a5684bb392ab7fd1494027411df8ba23?s=96&d=mm&r=g","caption":"Lea Couderc"}}]}},"_links":{"self":[{"href":"https:\/\/www.iemj.org\/de\/wp-json\/wp\/v2\/posts\/72779","targetHints":{"allow":["GET"]}}],"collection":[{"href":"https:\/\/www.iemj.org\/de\/wp-json\/wp\/v2\/posts"}],"about":[{"href":"https:\/\/www.iemj.org\/de\/wp-json\/wp\/v2\/types\/post"}],"author":[{"embeddable":true,"href":"https:\/\/www.iemj.org\/de\/wp-json\/wp\/v2\/users\/1052"}],"replies":[{"embeddable":true,"href":"https:\/\/www.iemj.org\/de\/wp-json\/wp\/v2\/comments?post=72779"}],"version-history":[{"count":0,"href":"https:\/\/www.iemj.org\/de\/wp-json\/wp\/v2\/posts\/72779\/revisions"}],"wp:featuredmedia":[{"embeddable":true,"href":"https:\/\/www.iemj.org\/de\/wp-json\/wp\/v2\/media\/72780"}],"wp:attachment":[{"href":"https:\/\/www.iemj.org\/de\/wp-json\/wp\/v2\/media?parent=72779"}],"wp:term":[{"taxonomy":"category","embeddable":true,"href":"https:\/\/www.iemj.org\/de\/wp-json\/wp\/v2\/categories?post=72779"},{"taxonomy":"post_tag","embeddable":true,"href":"https:\/\/www.iemj.org\/de\/wp-json\/wp\/v2\/tags?post=72779"},{"taxonomy":"technique","embeddable":true,"href":"https:\/\/www.iemj.org\/de\/wp-json\/wp\/v2\/technique?post=72779"},{"taxonomy":"squelettes","embeddable":true,"href":"https:\/\/www.iemj.org\/de\/wp-json\/wp\/v2\/squelettes?post=72779"},{"taxonomy":"sujet","embeddable":true,"href":"https:\/\/www.iemj.org\/de\/wp-json\/wp\/v2\/sujet?post=72779"},{"taxonomy":"formation","embeddable":true,"href":"https:\/\/www.iemj.org\/de\/wp-json\/wp\/v2\/formation?post=72779"},{"taxonomy":"genre","embeddable":true,"href":"https:\/\/www.iemj.org\/de\/wp-json\/wp\/v2\/genre?post=72779"},{"taxonomy":"fonds","embeddable":true,"href":"https:\/\/www.iemj.org\/de\/wp-json\/wp\/v2\/fonds?post=72779"},{"taxonomy":"tradition","embeddable":true,"href":"https:\/\/www.iemj.org\/de\/wp-json\/wp\/v2\/tradition?post=72779"},{"taxonomy":"type-de-contenu","embeddable":true,"href":"https:\/\/www.iemj.org\/de\/wp-json\/wp\/v2\/type-de-contenu?post=72779"},{"taxonomy":"interprete-compositeur","embeddable":true,"href":"https:\/\/www.iemj.org\/de\/wp-json\/wp\/v2\/interprete-compositeur?post=72779"},{"taxonomy":"frise","embeddable":true,"href":"https:\/\/www.iemj.org\/de\/wp-json\/wp\/v2\/frise?post=72779"},{"taxonomy":"type-devenement","embeddable":true,"href":"https:\/\/www.iemj.org\/de\/wp-json\/wp\/v2\/type-devenement?post=72779"},{"taxonomy":"tableaux-liens-externes","embeddable":true,"href":"https:\/\/www.iemj.org\/de\/wp-json\/wp\/v2\/tableaux-liens-externes?post=72779"}],"curies":[{"name":"wp","href":"https:\/\/api.w.org\/{rel}","templated":true}]}}