{"id":72833,"date":"2018-03-06T14:52:38","date_gmt":"2018-03-06T13:52:38","guid":{"rendered":"https:\/\/www.iemj.org\/a-la-decouverte-de-la-mimouna\/"},"modified":"2026-03-25T12:30:10","modified_gmt":"2026-03-25T11:30:10","slug":"a-la-decouverte-de-la-mimouna","status":"publish","type":"post","link":"https:\/\/www.iemj.org\/de\/a-la-decouverte-de-la-mimouna\/","title":{"rendered":"ZUR ENTDECKUNG DER MIMOUNA"},"content":{"rendered":"<p><strong>Entdecken Sie eine musikalische Auswahl zur Feier der Mimouna<\/strong><\/p>\n<p><!--more--><\/p>\n<p>Die Mimouna tauchte in Marokko 1492 an, kurz nach der Ankunft der aus Spanien vertriebenen Juden.<\/p>\n<p>Erdacht und beabsichtigt wurde sie als ein Schrei des Herzens, als ein Lied der Hoffnung einer Gemeinschaft, welche in Spanien Schmach, Unterdr\u00fcckung und Verbrennungen auf dem Scheiterhaufen erfahren musste. Die Juden wurden in der Nacht der ersten Pessach-Seder vertrieben, auf Befehl von K\u00f6nig Ferdinand von Aragon und seiner Frau K\u00f6nigin Isabella von Kastilien. Sie brachen nach Marokko auf, dem Beispiel ihrer Vorfahren folgend, welche in aller Eile das \u00c4gypten der Pharaos verlassen hatten.<\/p>\n<p>Diese ersten sephardischen Juden im Land des Islands versammelten sich einem Instinkt folgend und legten ihre wenigen Mittel zusammen, um so gemeinsam und in W\u00fcrde das Pessachfest zu verbringen. Am achten und letzten Tage von Pessach, beschlossen sie, da sie immer noch unter Schock standen, sich zu versammeln, um so ihre \u00c4ngste bei einem gemeinsamen Festessen zu lindern.\u00a0 Auf dem Men\u00fc standen spanische kulinarische Spezialit\u00e4ten aus Weizenmehl und Brot, die von Musikinstrumenten und liturgischen jud\u00e4o-spanischen Ges\u00e4ngen begleitet wurden, welche die vertriebenen Juden aus ihrem spanischen Geburtsland mitgebracht worden waren.<\/p>\n<p>Sp\u00e4ter in der Geschichte, \u00fcbernahmen die Juden dann die kulinarischen Spezialit\u00e4ten und die musikalische F\u00e4rbung Marokkos.<\/p>\n<p>So entstand die ganz besondere Nacht der \u201eMimouna\u201c, ein Wort abgeleitet von dem hebr\u00e4ischen Wort \u201eEmouna\u201c, welches so viel wie Glaube bedeutet. Dieser festliche Abend soll den Glauben in den Herzen der Gl\u00e4ubigen neu entfachen und noch dazu Hoffnung auf bessere Tage, auf eine hellere Zukunft, spenden.<\/p>\n<p>Die folgende Playlist bietet eine musikalische Reise zu dem Rhythmus der Mimouna-Lieder. Diese Melodien lassen uns eintauchen in die warme Atmosph\u00e4re dieses beliebten Festes, welches mittlerweile in der ganzen Welt verbreitet ist und in Israel als Nationalfeiertag anerkannt ist, anl\u00e4sslich dessen sich die Gemeinschaften verschiedenster Herkunft bei Musik und einem guten Essen versammeln.<\/p>\n<p>Eine sch\u00f6ne Mimouna!<\/p>\n<p><a href=\"https:\/\/www.iemj.org\/la-fete-orientale-speciale-mimouna-maurice-azoulay\/\" target=\"_blank\" rel=\"noopener\">H\u00f6ren Sie sich die Radiosendung an: Das orientalische Festival (Mimouna-Special) pr\u00e4sentiert von Maurice Azoulay<\/a><\/p>\n\n<div class=\"wp-block-image\">\n<figure class=\"aligncenter size-large\"><img fetchpriority=\"high\" decoding=\"async\" width=\"1024\" height=\"133\" src=\"https:\/\/www.iemj.org\/wp-content\/uploads\/2024\/03\/AUDIO-PLAYER-1024x133.png\" alt=\"\" class=\"wp-image-110606\" srcset=\"https:\/\/www.iemj.org\/wp-content\/uploads\/2024\/03\/AUDIO-PLAYER-1024x133.png 1024w, https:\/\/www.iemj.org\/wp-content\/uploads\/2024\/03\/AUDIO-PLAYER-300x39.png 300w, https:\/\/www.iemj.org\/wp-content\/uploads\/2024\/03\/AUDIO-PLAYER-768x100.png 768w, https:\/\/www.iemj.org\/wp-content\/uploads\/2024\/03\/AUDIO-PLAYER-600x78.png 600w, https:\/\/www.iemj.org\/wp-content\/uploads\/2024\/03\/AUDIO-PLAYER.png 1210w\" sizes=\"(max-width: 1024px) 100vw, 1024px\" \/><\/figure>\n<\/div>\n\n\n<h2 class=\"wp-block-heading\"><\/h2>\n\n\n\n<div class=\"wp-block-file\"><a href=\"https:\/\/www.iemj.org\/wp-content\/uploads\/2018\/03\/chorale_juive_marocaine-lalla_mimouna.mp3\">Lalla Mimouna &#8211; Chorale Juive Marocaine<\/a><\/div>\n\n\n\n<div class=\"wp-block-file\"><a href=\"https:\/\/www.iemj.org\/wp-content\/uploads\/2018\/03\/elie_melloul-avraham_avinou.mp3\">Avraham Avinou &#8211; Elie Melloul<\/a><\/div>\n\n\n\n<div class=\"wp-block-file\"><a href=\"https:\/\/www.iemj.org\/wp-content\/uploads\/2018\/03\/emile_zrihen-mahani_zine-version_flamenco.mp3\">Mahani Zine &#8211; Emile Zrihen<\/a><\/div>\n\n\n\n<div class=\"wp-block-file\"><a href=\"https:\/\/www.iemj.org\/wp-content\/uploads\/2018\/03\/groupe_marrakech_bint_bladi.mp3\">Bint Bladi &#8211; Groupe Marrakech<\/a><\/div>\n\n\n\n<div class=\"wp-block-file\"><a href=\"https:\/\/www.iemj.org\/wp-content\/uploads\/2018\/03\/groupe_marrakech_medley_mimouna.mp3\">Medley Mimouna &#8211; Groupe Marrakech<\/a><\/div>\n\n\n\n<div class=\"wp-block-file\"><a href=\"https:\/\/www.iemj.org\/wp-content\/uploads\/2018\/03\/groupe_sfataim_ahlan_ouasahlan_musique_d_ouverture_de_la_mimouna.mp3\">Ahlan Ouasahlan (musique d&#8217;ouverture de la Mimouna) &#8211; Groupe Sfataim<\/a><\/div>\n\n\n\n<div class=\"wp-block-file\"><a href=\"https:\/\/www.iemj.org\/wp-content\/uploads\/2018\/03\/haim_louk-ysmah_moshe_et_achorere_chira.mp3\">Ysmah Moshe et Achorere Chira &#8211; Haim Louk<\/a><\/div>\n\n\n\n<div class=\"wp-block-file\"><a href=\"https:\/\/www.iemj.org\/wp-content\/uploads\/2018\/03\/mike_karouchi-tixbilla.mp3\">Tixbilla &#8211; Mike Karouchi<\/a><\/div>\n\n\n\n<div class=\"wp-block-file\"><a href=\"https:\/\/www.iemj.org\/wp-content\/uploads\/2018\/03\/pinhas_cohen-enhabek_enhabek.mp3\">Enhabek Enhabek &#8211; Pinhas Cohen<\/a><\/div>\n\n\n\n<div class=\"wp-block-file\"><a href=\"https:\/\/www.iemj.org\/wp-content\/uploads\/2018\/03\/emil_zrihan_-_flamenco_judio_marroqui.mp3\">Flamenco Judio marroqui &#8211; Emil Zrihan<\/a><\/div>\n","protected":false},"excerpt":{"rendered":"<p>Entdecken Sie eine musikalische Auswahl zur Feier der Mimouna<\/p>\n","protected":false},"author":1052,"featured_media":72834,"comment_status":"closed","ping_status":"closed","sticky":false,"template":"","format":"standard","meta":{"_acf_changed":false,"footnotes":""},"categories":[1534],"tags":[],"technique":[],"squelettes":[],"sujet":[1828],"formation":[],"genre":[1891],"fonds":[],"tradition":[],"type-de-contenu":[],"interprete-compositeur":[],"frise":[],"type-devenement":[],"tableaux-liens-externes":[],"class_list":["post-72833","post","type-post","status-publish","format-standard","has-post-thumbnail","hentry","category-playlists-de","sujet-pessach-de","genre-liturgie-de"],"acf":[],"yoast_head":"<!-- This site is optimized with the Yoast SEO plugin v27.3 - https:\/\/yoast.com\/product\/yoast-seo-wordpress\/ -->\n<title>ZUR ENTDECKUNG DER MIMOUNA - Institut Europ\u00e9en des Musiques Juives<\/title>\n<meta name=\"robots\" content=\"index, follow, max-snippet:-1, max-image-preview:large, max-video-preview:-1\" \/>\n<link rel=\"canonical\" href=\"https:\/\/www.iemj.org\/de\/a-la-decouverte-de-la-mimouna\/\" \/>\n<meta property=\"og:locale\" content=\"de_DE\" \/>\n<meta property=\"og:type\" content=\"article\" \/>\n<meta property=\"og:title\" content=\"ZUR ENTDECKUNG DER MIMOUNA - Institut Europ\u00e9en des Musiques Juives\" \/>\n<meta property=\"og:description\" content=\"Entdecken Sie eine musikalische Auswahl zur Feier der Mimouna\" \/>\n<meta property=\"og:url\" content=\"https:\/\/www.iemj.org\/de\/a-la-decouverte-de-la-mimouna\/\" \/>\n<meta property=\"og:site_name\" content=\"Institut Europ\u00e9en des Musiques Juives\" \/>\n<meta property=\"article:publisher\" content=\"https:\/\/www.facebook.com\/MusiquesJuives\/\" \/>\n<meta property=\"article:published_time\" content=\"2018-03-06T13:52:38+00:00\" \/>\n<meta property=\"article:modified_time\" content=\"2026-03-25T11:30:10+00:00\" \/>\n<meta property=\"og:image\" content=\"https:\/\/www.iemj.org\/wp-content\/uploads\/2018\/03\/arton3221.jpg\" \/>\n\t<meta property=\"og:image:width\" content=\"500\" \/>\n\t<meta property=\"og:image:height\" content=\"391\" \/>\n\t<meta property=\"og:image:type\" content=\"image\/jpeg\" \/>\n<meta name=\"author\" content=\"Lea Couderc\" \/>\n<meta name=\"twitter:card\" content=\"summary_large_image\" \/>\n<meta name=\"twitter:label1\" content=\"Verfasst von\" \/>\n\t<meta name=\"twitter:data1\" content=\"Lea Couderc\" \/>\n\t<meta name=\"twitter:label2\" content=\"Gesch\u00e4tzte Lesezeit\" \/>\n\t<meta name=\"twitter:data2\" content=\"3\u00a0Minuten\" \/>\n<script type=\"application\/ld+json\" class=\"yoast-schema-graph\">{\"@context\":\"https:\\\/\\\/schema.org\",\"@graph\":[{\"@type\":\"Article\",\"@id\":\"https:\\\/\\\/www.iemj.org\\\/de\\\/a-la-decouverte-de-la-mimouna\\\/#article\",\"isPartOf\":{\"@id\":\"https:\\\/\\\/www.iemj.org\\\/de\\\/a-la-decouverte-de-la-mimouna\\\/\"},\"author\":{\"name\":\"Lea Couderc\",\"@id\":\"https:\\\/\\\/www.iemj.org\\\/de\\\/#\\\/schema\\\/person\\\/e2ad57f2c4be119c7ed8ab79036807a9\"},\"headline\":\"ZUR ENTDECKUNG DER MIMOUNA\",\"datePublished\":\"2018-03-06T13:52:38+00:00\",\"dateModified\":\"2026-03-25T11:30:10+00:00\",\"mainEntityOfPage\":{\"@id\":\"https:\\\/\\\/www.iemj.org\\\/de\\\/a-la-decouverte-de-la-mimouna\\\/\"},\"wordCount\":400,\"publisher\":{\"@id\":\"https:\\\/\\\/www.iemj.org\\\/de\\\/#organization\"},\"image\":{\"@id\":\"https:\\\/\\\/www.iemj.org\\\/de\\\/a-la-decouverte-de-la-mimouna\\\/#primaryimage\"},\"thumbnailUrl\":\"https:\\\/\\\/www.iemj.org\\\/wp-content\\\/uploads\\\/2018\\\/03\\\/arton3221.jpg\",\"articleSection\":[\"Playlists\"],\"inLanguage\":\"de\"},{\"@type\":\"WebPage\",\"@id\":\"https:\\\/\\\/www.iemj.org\\\/de\\\/a-la-decouverte-de-la-mimouna\\\/\",\"url\":\"https:\\\/\\\/www.iemj.org\\\/de\\\/a-la-decouverte-de-la-mimouna\\\/\",\"name\":\"ZUR ENTDECKUNG DER MIMOUNA - Institut Europ\u00e9en des Musiques Juives\",\"isPartOf\":{\"@id\":\"https:\\\/\\\/www.iemj.org\\\/de\\\/#website\"},\"primaryImageOfPage\":{\"@id\":\"https:\\\/\\\/www.iemj.org\\\/de\\\/a-la-decouverte-de-la-mimouna\\\/#primaryimage\"},\"image\":{\"@id\":\"https:\\\/\\\/www.iemj.org\\\/de\\\/a-la-decouverte-de-la-mimouna\\\/#primaryimage\"},\"thumbnailUrl\":\"https:\\\/\\\/www.iemj.org\\\/wp-content\\\/uploads\\\/2018\\\/03\\\/arton3221.jpg\",\"datePublished\":\"2018-03-06T13:52:38+00:00\",\"dateModified\":\"2026-03-25T11:30:10+00:00\",\"breadcrumb\":{\"@id\":\"https:\\\/\\\/www.iemj.org\\\/de\\\/a-la-decouverte-de-la-mimouna\\\/#breadcrumb\"},\"inLanguage\":\"de\",\"potentialAction\":[{\"@type\":\"ReadAction\",\"target\":[\"https:\\\/\\\/www.iemj.org\\\/de\\\/a-la-decouverte-de-la-mimouna\\\/\"]}]},{\"@type\":\"ImageObject\",\"inLanguage\":\"de\",\"@id\":\"https:\\\/\\\/www.iemj.org\\\/de\\\/a-la-decouverte-de-la-mimouna\\\/#primaryimage\",\"url\":\"https:\\\/\\\/www.iemj.org\\\/wp-content\\\/uploads\\\/2018\\\/03\\\/arton3221.jpg\",\"contentUrl\":\"https:\\\/\\\/www.iemj.org\\\/wp-content\\\/uploads\\\/2018\\\/03\\\/arton3221.jpg\",\"width\":500,\"height\":391},{\"@type\":\"BreadcrumbList\",\"@id\":\"https:\\\/\\\/www.iemj.org\\\/de\\\/a-la-decouverte-de-la-mimouna\\\/#breadcrumb\",\"itemListElement\":[{\"@type\":\"ListItem\",\"position\":1,\"name\":\"Accueil\",\"item\":\"https:\\\/\\\/www.iemj.org\\\/de\\\/\"},{\"@type\":\"ListItem\",\"position\":2,\"name\":\"ZUR ENTDECKUNG DER MIMOUNA\"}]},{\"@type\":\"WebSite\",\"@id\":\"https:\\\/\\\/www.iemj.org\\\/de\\\/#website\",\"url\":\"https:\\\/\\\/www.iemj.org\\\/de\\\/\",\"name\":\"Institut Europ\u00e9en des Musiques Juives\",\"description\":\"Des traditions musicales \u00e0 la port\u00e9e de tous\",\"publisher\":{\"@id\":\"https:\\\/\\\/www.iemj.org\\\/de\\\/#organization\"},\"potentialAction\":[{\"@type\":\"SearchAction\",\"target\":{\"@type\":\"EntryPoint\",\"urlTemplate\":\"https:\\\/\\\/www.iemj.org\\\/de\\\/?s={search_term_string}\"},\"query-input\":{\"@type\":\"PropertyValueSpecification\",\"valueRequired\":true,\"valueName\":\"search_term_string\"}}],\"inLanguage\":\"de\"},{\"@type\":\"Organization\",\"@id\":\"https:\\\/\\\/www.iemj.org\\\/de\\\/#organization\",\"name\":\"Institut Europ\u00e9en des Musiques Juives\",\"url\":\"https:\\\/\\\/www.iemj.org\\\/de\\\/\",\"logo\":{\"@type\":\"ImageObject\",\"inLanguage\":\"de\",\"@id\":\"https:\\\/\\\/www.iemj.org\\\/de\\\/#\\\/schema\\\/logo\\\/image\\\/\",\"url\":\"https:\\\/\\\/www.iemj.org\\\/wp-content\\\/uploads\\\/2021\\\/09\\\/Logo-IEMJ-Paypal.jpg\",\"contentUrl\":\"https:\\\/\\\/www.iemj.org\\\/wp-content\\\/uploads\\\/2021\\\/09\\\/Logo-IEMJ-Paypal.jpg\",\"width\":150,\"height\":50,\"caption\":\"Institut Europ\u00e9en des Musiques Juives\"},\"image\":{\"@id\":\"https:\\\/\\\/www.iemj.org\\\/de\\\/#\\\/schema\\\/logo\\\/image\\\/\"},\"sameAs\":[\"https:\\\/\\\/www.facebook.com\\\/MusiquesJuives\\\/\",\"https:\\\/\\\/www.instagram.com\\\/musiquesjuives\\\/\",\"https:\\\/\\\/www.youtube.com\\\/user\\\/musiquesjuives\"]},{\"@type\":\"Person\",\"@id\":\"https:\\\/\\\/www.iemj.org\\\/de\\\/#\\\/schema\\\/person\\\/e2ad57f2c4be119c7ed8ab79036807a9\",\"name\":\"Lea Couderc\",\"image\":{\"@type\":\"ImageObject\",\"inLanguage\":\"de\",\"@id\":\"https:\\\/\\\/secure.gravatar.com\\\/avatar\\\/46ee021475d60aeff17a7e490b79dea5a5684bb392ab7fd1494027411df8ba23?s=96&d=mm&r=g\",\"url\":\"https:\\\/\\\/secure.gravatar.com\\\/avatar\\\/46ee021475d60aeff17a7e490b79dea5a5684bb392ab7fd1494027411df8ba23?s=96&d=mm&r=g\",\"contentUrl\":\"https:\\\/\\\/secure.gravatar.com\\\/avatar\\\/46ee021475d60aeff17a7e490b79dea5a5684bb392ab7fd1494027411df8ba23?s=96&d=mm&r=g\",\"caption\":\"Lea Couderc\"}}]}<\/script>\n<!-- \/ Yoast SEO plugin. -->","yoast_head_json":{"title":"ZUR ENTDECKUNG DER MIMOUNA - Institut Europ\u00e9en des Musiques Juives","robots":{"index":"index","follow":"follow","max-snippet":"max-snippet:-1","max-image-preview":"max-image-preview:large","max-video-preview":"max-video-preview:-1"},"canonical":"https:\/\/www.iemj.org\/de\/a-la-decouverte-de-la-mimouna\/","og_locale":"de_DE","og_type":"article","og_title":"ZUR ENTDECKUNG DER MIMOUNA - Institut Europ\u00e9en des Musiques Juives","og_description":"Entdecken Sie eine musikalische Auswahl zur Feier der Mimouna","og_url":"https:\/\/www.iemj.org\/de\/a-la-decouverte-de-la-mimouna\/","og_site_name":"Institut Europ\u00e9en des Musiques Juives","article_publisher":"https:\/\/www.facebook.com\/MusiquesJuives\/","article_published_time":"2018-03-06T13:52:38+00:00","article_modified_time":"2026-03-25T11:30:10+00:00","og_image":[{"width":500,"height":391,"url":"https:\/\/www.iemj.org\/wp-content\/uploads\/2018\/03\/arton3221.jpg","type":"image\/jpeg"}],"author":"Lea Couderc","twitter_card":"summary_large_image","twitter_misc":{"Verfasst von":"Lea Couderc","Gesch\u00e4tzte Lesezeit":"3\u00a0Minuten"},"schema":{"@context":"https:\/\/schema.org","@graph":[{"@type":"Article","@id":"https:\/\/www.iemj.org\/de\/a-la-decouverte-de-la-mimouna\/#article","isPartOf":{"@id":"https:\/\/www.iemj.org\/de\/a-la-decouverte-de-la-mimouna\/"},"author":{"name":"Lea Couderc","@id":"https:\/\/www.iemj.org\/de\/#\/schema\/person\/e2ad57f2c4be119c7ed8ab79036807a9"},"headline":"ZUR ENTDECKUNG DER MIMOUNA","datePublished":"2018-03-06T13:52:38+00:00","dateModified":"2026-03-25T11:30:10+00:00","mainEntityOfPage":{"@id":"https:\/\/www.iemj.org\/de\/a-la-decouverte-de-la-mimouna\/"},"wordCount":400,"publisher":{"@id":"https:\/\/www.iemj.org\/de\/#organization"},"image":{"@id":"https:\/\/www.iemj.org\/de\/a-la-decouverte-de-la-mimouna\/#primaryimage"},"thumbnailUrl":"https:\/\/www.iemj.org\/wp-content\/uploads\/2018\/03\/arton3221.jpg","articleSection":["Playlists"],"inLanguage":"de"},{"@type":"WebPage","@id":"https:\/\/www.iemj.org\/de\/a-la-decouverte-de-la-mimouna\/","url":"https:\/\/www.iemj.org\/de\/a-la-decouverte-de-la-mimouna\/","name":"ZUR ENTDECKUNG DER MIMOUNA - Institut Europ\u00e9en des Musiques Juives","isPartOf":{"@id":"https:\/\/www.iemj.org\/de\/#website"},"primaryImageOfPage":{"@id":"https:\/\/www.iemj.org\/de\/a-la-decouverte-de-la-mimouna\/#primaryimage"},"image":{"@id":"https:\/\/www.iemj.org\/de\/a-la-decouverte-de-la-mimouna\/#primaryimage"},"thumbnailUrl":"https:\/\/www.iemj.org\/wp-content\/uploads\/2018\/03\/arton3221.jpg","datePublished":"2018-03-06T13:52:38+00:00","dateModified":"2026-03-25T11:30:10+00:00","breadcrumb":{"@id":"https:\/\/www.iemj.org\/de\/a-la-decouverte-de-la-mimouna\/#breadcrumb"},"inLanguage":"de","potentialAction":[{"@type":"ReadAction","target":["https:\/\/www.iemj.org\/de\/a-la-decouverte-de-la-mimouna\/"]}]},{"@type":"ImageObject","inLanguage":"de","@id":"https:\/\/www.iemj.org\/de\/a-la-decouverte-de-la-mimouna\/#primaryimage","url":"https:\/\/www.iemj.org\/wp-content\/uploads\/2018\/03\/arton3221.jpg","contentUrl":"https:\/\/www.iemj.org\/wp-content\/uploads\/2018\/03\/arton3221.jpg","width":500,"height":391},{"@type":"BreadcrumbList","@id":"https:\/\/www.iemj.org\/de\/a-la-decouverte-de-la-mimouna\/#breadcrumb","itemListElement":[{"@type":"ListItem","position":1,"name":"Accueil","item":"https:\/\/www.iemj.org\/de\/"},{"@type":"ListItem","position":2,"name":"ZUR ENTDECKUNG DER MIMOUNA"}]},{"@type":"WebSite","@id":"https:\/\/www.iemj.org\/de\/#website","url":"https:\/\/www.iemj.org\/de\/","name":"Institut Europ\u00e9en des Musiques Juives","description":"Des traditions musicales \u00e0 la port\u00e9e de tous","publisher":{"@id":"https:\/\/www.iemj.org\/de\/#organization"},"potentialAction":[{"@type":"SearchAction","target":{"@type":"EntryPoint","urlTemplate":"https:\/\/www.iemj.org\/de\/?s={search_term_string}"},"query-input":{"@type":"PropertyValueSpecification","valueRequired":true,"valueName":"search_term_string"}}],"inLanguage":"de"},{"@type":"Organization","@id":"https:\/\/www.iemj.org\/de\/#organization","name":"Institut Europ\u00e9en des Musiques Juives","url":"https:\/\/www.iemj.org\/de\/","logo":{"@type":"ImageObject","inLanguage":"de","@id":"https:\/\/www.iemj.org\/de\/#\/schema\/logo\/image\/","url":"https:\/\/www.iemj.org\/wp-content\/uploads\/2021\/09\/Logo-IEMJ-Paypal.jpg","contentUrl":"https:\/\/www.iemj.org\/wp-content\/uploads\/2021\/09\/Logo-IEMJ-Paypal.jpg","width":150,"height":50,"caption":"Institut Europ\u00e9en des Musiques Juives"},"image":{"@id":"https:\/\/www.iemj.org\/de\/#\/schema\/logo\/image\/"},"sameAs":["https:\/\/www.facebook.com\/MusiquesJuives\/","https:\/\/www.instagram.com\/musiquesjuives\/","https:\/\/www.youtube.com\/user\/musiquesjuives"]},{"@type":"Person","@id":"https:\/\/www.iemj.org\/de\/#\/schema\/person\/e2ad57f2c4be119c7ed8ab79036807a9","name":"Lea Couderc","image":{"@type":"ImageObject","inLanguage":"de","@id":"https:\/\/secure.gravatar.com\/avatar\/46ee021475d60aeff17a7e490b79dea5a5684bb392ab7fd1494027411df8ba23?s=96&d=mm&r=g","url":"https:\/\/secure.gravatar.com\/avatar\/46ee021475d60aeff17a7e490b79dea5a5684bb392ab7fd1494027411df8ba23?s=96&d=mm&r=g","contentUrl":"https:\/\/secure.gravatar.com\/avatar\/46ee021475d60aeff17a7e490b79dea5a5684bb392ab7fd1494027411df8ba23?s=96&d=mm&r=g","caption":"Lea Couderc"}}]}},"_links":{"self":[{"href":"https:\/\/www.iemj.org\/de\/wp-json\/wp\/v2\/posts\/72833","targetHints":{"allow":["GET"]}}],"collection":[{"href":"https:\/\/www.iemj.org\/de\/wp-json\/wp\/v2\/posts"}],"about":[{"href":"https:\/\/www.iemj.org\/de\/wp-json\/wp\/v2\/types\/post"}],"author":[{"embeddable":true,"href":"https:\/\/www.iemj.org\/de\/wp-json\/wp\/v2\/users\/1052"}],"replies":[{"embeddable":true,"href":"https:\/\/www.iemj.org\/de\/wp-json\/wp\/v2\/comments?post=72833"}],"version-history":[{"count":2,"href":"https:\/\/www.iemj.org\/de\/wp-json\/wp\/v2\/posts\/72833\/revisions"}],"predecessor-version":[{"id":131628,"href":"https:\/\/www.iemj.org\/de\/wp-json\/wp\/v2\/posts\/72833\/revisions\/131628"}],"wp:featuredmedia":[{"embeddable":true,"href":"https:\/\/www.iemj.org\/de\/wp-json\/wp\/v2\/media\/72834"}],"wp:attachment":[{"href":"https:\/\/www.iemj.org\/de\/wp-json\/wp\/v2\/media?parent=72833"}],"wp:term":[{"taxonomy":"category","embeddable":true,"href":"https:\/\/www.iemj.org\/de\/wp-json\/wp\/v2\/categories?post=72833"},{"taxonomy":"post_tag","embeddable":true,"href":"https:\/\/www.iemj.org\/de\/wp-json\/wp\/v2\/tags?post=72833"},{"taxonomy":"technique","embeddable":true,"href":"https:\/\/www.iemj.org\/de\/wp-json\/wp\/v2\/technique?post=72833"},{"taxonomy":"squelettes","embeddable":true,"href":"https:\/\/www.iemj.org\/de\/wp-json\/wp\/v2\/squelettes?post=72833"},{"taxonomy":"sujet","embeddable":true,"href":"https:\/\/www.iemj.org\/de\/wp-json\/wp\/v2\/sujet?post=72833"},{"taxonomy":"formation","embeddable":true,"href":"https:\/\/www.iemj.org\/de\/wp-json\/wp\/v2\/formation?post=72833"},{"taxonomy":"genre","embeddable":true,"href":"https:\/\/www.iemj.org\/de\/wp-json\/wp\/v2\/genre?post=72833"},{"taxonomy":"fonds","embeddable":true,"href":"https:\/\/www.iemj.org\/de\/wp-json\/wp\/v2\/fonds?post=72833"},{"taxonomy":"tradition","embeddable":true,"href":"https:\/\/www.iemj.org\/de\/wp-json\/wp\/v2\/tradition?post=72833"},{"taxonomy":"type-de-contenu","embeddable":true,"href":"https:\/\/www.iemj.org\/de\/wp-json\/wp\/v2\/type-de-contenu?post=72833"},{"taxonomy":"interprete-compositeur","embeddable":true,"href":"https:\/\/www.iemj.org\/de\/wp-json\/wp\/v2\/interprete-compositeur?post=72833"},{"taxonomy":"frise","embeddable":true,"href":"https:\/\/www.iemj.org\/de\/wp-json\/wp\/v2\/frise?post=72833"},{"taxonomy":"type-devenement","embeddable":true,"href":"https:\/\/www.iemj.org\/de\/wp-json\/wp\/v2\/type-devenement?post=72833"},{"taxonomy":"tableaux-liens-externes","embeddable":true,"href":"https:\/\/www.iemj.org\/de\/wp-json\/wp\/v2\/tableaux-liens-externes?post=72833"}],"curies":[{"name":"wp","href":"https:\/\/api.w.org\/{rel}","templated":true}]}}