{"id":72846,"date":"2018-02-14T14:37:26","date_gmt":"2018-02-14T13:37:26","guid":{"rendered":"https:\/\/www.iemj.org\/les-psaumes-autour-des-psaumes-92-et-93\/"},"modified":"2025-07-03T17:54:02","modified_gmt":"2025-07-03T15:54:02","slug":"les-psaumes-autour-des-psaumes-92-et-93","status":"publish","type":"post","link":"https:\/\/www.iemj.org\/de\/les-psaumes-autour-des-psaumes-92-et-93\/","title":{"rendered":"DIE PSALMEN: ALLES \u00dcBER DIE PSALMEN 92 UND 93"},"content":{"rendered":"<p><strong>H\u00f6ren Sie sich die Psalmen 92 und 93, in den verschiedenen Riten und nach verschiedenen Traditionen, an<\/strong><\/p>\n<p><!--more--><\/p>\n<p>Psalmen, auf Hebr\u00e4isch <em>Mizmorim<\/em>, sind religi\u00f6se Ges\u00e4nge mit musikalischer Begleitung. Das Buch der Psalmen enth\u00e4lt 150 Psalmen, die gr\u00f6\u00dftenteils K\u00f6nig David zuzuschreiben sind.<\/p>\n<p>Bis etwa zu Beginn des 19. Jahrhunderts, wurden die Psalmen stets m\u00fcndlich \u00fcberliefert. Erst in den letzten zwei Jahrhundert wurde damit begonnen, die Musik zu transkribieren.<\/p>\n<p>Sie k\u00f6nnen sich die Psalmen 92 und 93 anh\u00f6ren, welche am Sabbat in verschiedenen Riten rezitiert werden.<\/p>\n<p><a href=\"https:\/\/www.iemj.org\/de\/psaumes-et-psalmodie\/\" target=\"_blank\" rel=\"noopener\">Lesen Sie den von Herv\u00e9 Roten geschriebenen Hintergrundartikel: Psalmen und Psalmodien<\/a><\/p>\n\n\n<figure class=\"wp-block-gallery has-nested-images columns-default is-cropped wp-block-gallery-1 is-layout-flex wp-block-gallery-is-layout-flex\">\n<figure class=\"wp-block-image size-large\"><img fetchpriority=\"high\" decoding=\"async\" width=\"300\" height=\"446\" data-id=\"18380\" src=\"https:\/\/www.iemj.org\/wp-content\/uploads\/2018\/02\/doc_2_psaume.jpg\" alt=\"doc_2_psaume.jpg\" class=\"wp-image-18380\" srcset=\"https:\/\/www.iemj.org\/wp-content\/uploads\/2018\/02\/doc_2_psaume.jpg 300w, https:\/\/www.iemj.org\/wp-content\/uploads\/2018\/02\/doc_2_psaume-202x300.jpg 202w\" sizes=\"(max-width: 300px) 100vw, 300px\" \/><figcaption class=\"wp-element-caption\">Psaume 92 :<br>\u05de\u05b4\u05d6\u05b0\u05de\u05d5\u05b9\u05e8 \u05e9\u05c1\u05b4\u05d9\u05e8, \u05dc\u05b0\u05d9\u05d5\u05b9\u05dd \u05d4\u05b7\u05e9\u05bc\u05c1\u05b7\u05d1\u05bc\u05b8\u05ea<br>Mizmor Chir Leyom Hashabbat<\/figcaption><\/figure>\n\n\n\n<figure class=\"wp-block-image size-large\"><img decoding=\"async\" width=\"298\" height=\"322\" data-id=\"18382\" src=\"https:\/\/www.iemj.org\/wp-content\/uploads\/2018\/02\/doc_1_psaume.jpg\" alt=\"doc_1_psaume.jpg\" class=\"wp-image-18382\" srcset=\"https:\/\/www.iemj.org\/wp-content\/uploads\/2018\/02\/doc_1_psaume.jpg 298w, https:\/\/www.iemj.org\/wp-content\/uploads\/2018\/02\/doc_1_psaume-278x300.jpg 278w\" sizes=\"(max-width: 298px) 100vw, 298px\" \/><figcaption class=\"wp-element-caption\">Psaume 93 : \u05d9\u05b0\u05d4\u05d5\u05b8\u05d4 \u05de\u05b8\u05dc\u05b8\u05da\u05b0, \u05d2\u05bc\u05b5\u05d0\u05d5\u05bc\u05ea \u05dc\u05b8\u05d1\u05b5\u05e9\u05c1 Adona\u00ef malakh gu\u00e9out lav\u00e8sh<\/figcaption><\/figure>\n<\/figure>\n\n\n\n<figure class=\"wp-block-embed is-type-video is-provider-youtube wp-block-embed-youtube wp-embed-aspect-16-9 wp-has-aspect-ratio\"><div class=\"wp-block-embed__wrapper\">\n<iframe title=\"Psalm 92 - Schubert - David Serero (2010)\" width=\"640\" height=\"360\" src=\"https:\/\/www.youtube.com\/embed\/AKmR0wudroo?feature=oembed\" frameborder=\"0\" allow=\"accelerometer; autoplay; clipboard-write; encrypted-media; gyroscope; picture-in-picture; web-share\" referrerpolicy=\"strict-origin-when-cross-origin\" allowfullscreen><\/iframe>\n<\/div><figcaption class=\"wp-element-caption\"><strong>Schauen Sie sich das Konzert des Chors der Copernic-Synagoge mit Schuberts Psaume 92 an<\/strong><br><em>Solist: David Serero<\/em><\/figcaption><\/figure>\n\n\n<div class=\"wp-block-image\">\n<figure class=\"aligncenter size-large\"><img decoding=\"async\" width=\"1024\" height=\"133\" src=\"https:\/\/www.iemj.org\/wp-content\/uploads\/2024\/03\/AUDIO-PLAYER-1024x133.png\" alt=\"\" class=\"wp-image-110606\" srcset=\"https:\/\/www.iemj.org\/wp-content\/uploads\/2024\/03\/AUDIO-PLAYER-1024x133.png 1024w, https:\/\/www.iemj.org\/wp-content\/uploads\/2024\/03\/AUDIO-PLAYER-300x39.png 300w, https:\/\/www.iemj.org\/wp-content\/uploads\/2024\/03\/AUDIO-PLAYER-768x100.png 768w, https:\/\/www.iemj.org\/wp-content\/uploads\/2024\/03\/AUDIO-PLAYER-600x78.png 600w, https:\/\/www.iemj.org\/wp-content\/uploads\/2024\/03\/AUDIO-PLAYER.png 1210w\" sizes=\"(max-width: 1024px) 100vw, 1024px\" \/><\/figure>\n<\/div>\n\n\n<h2 class=\"wp-block-heading\"><\/h2>\n\n\n\n<div class=\"wp-block-file\"><a href=\"https:\/\/www.iemj.org\/wp-content\/uploads\/2018\/02\/adonay_malakh_geout_labech_rite_portugais_-_adolphe_attia_pmjf_2_.mp3\">Adonay malakh geout labech (Rite portugais) &#8211; Adolphe Attia (PMJF 2)<\/a><\/div>\n\n\n\n<div class=\"wp-block-file\"><a href=\"https:\/\/www.iemj.org\/wp-content\/uploads\/2018\/02\/adonay_malakh_psaume_93_rite_ashkenaze_-_synagogue_la_victoire_-_shalom_berlinski.mp3\">Adonay malakh &#8211; Shalom Berlinski<\/a><\/div>\n\n\n\n<div class=\"wp-block-file\"><a href=\"https:\/\/www.iemj.org\/wp-content\/uploads\/2018\/02\/hashem_moloc_h_rite_ashkenaze_-_synagogue_de_nancy_-_andre_stora.mp3\">Hashem Moloc\u2019h (Rite ashk\u00e9naze &#8211; Synagogue de Nancy) &#8211; Andr\u00e9 Stora<\/a><\/div>\n\n\n\n<div class=\"wp-block-file\"><a href=\"https:\/\/www.iemj.org\/wp-content\/uploads\/2018\/02\/psaume_92_synagogue_mjlf_-_daniel_farhi.mp3\">Psaume 92 (Synagogue MJLF) &#8211; Daniel Farhi<\/a><\/div>\n\n\n\n<div class=\"wp-block-file\"><a href=\"https:\/\/www.iemj.org\/wp-content\/uploads\/2018\/02\/adonay_malakh_gueout_labech_-_les_psaumes_des_juifs_de_constantine_pmjf_11_.mp3\">Adonay Malakh Gueout Labech &#8211; Les Psaumes des Juifs de Constantine (PMJF 11)<\/a><\/div>\n\n\n\n<div class=\"wp-block-file\"><a href=\"https:\/\/www.iemj.org\/wp-content\/uploads\/2018\/02\/ps._92._1-3_rite_syrien_de_aleppe_-_musique_of_the_bible_edith_gerson-kiwi_.mp3\">Ps. 92. 1-3 (Rite Syrien de Alep) &#8211; Musique of the Bible (Edith Gerson-Kiwi)<\/a><\/div>\n\n\n\n<div class=\"wp-block-file\"><a href=\"https:\/\/www.iemj.org\/wp-content\/uploads\/2018\/02\/ps._92._1-6_rite_yemenite_de_san_a_-_musique_of_the_bible_edith_gerson-kiwi_.mp3\">Ps. 92. 1-6 (Rite Yemenite de San\u2019a) &#8211; Musique of the Bible (Edith Gerson-Kiwi)<\/a><\/div>\n\n\n\n<div class=\"wp-block-file\"><a href=\"https:\/\/www.iemj.org\/wp-content\/uploads\/2018\/02\/ps._92._9-16_rite_tunisien_de_djerba_-_musique_of_the_bible_edith_gerson-kiwi_.mp3\">Ps. 92. 9-16 (Rite Tunisien de Djerba) &#8211; Musique of the Bible (Edith Gerson-Kiwi)<\/a><\/div>\n\n\n\n<div class=\"wp-block-file\"><a href=\"https:\/\/www.iemj.org\/wp-content\/uploads\/2018\/02\/ps._92._11-16_rite_ungarn_de_szabadka_-_musique_of_the_bible_edith_gerson-kiwi_.mp3\">Ps. 92. 11-16 (Rite Ungarn de Szabadka) &#8211; Musique of the Bible (Edith Gerson-Kiwi)<\/a><\/div>\n\n\n\n<div class=\"wp-block-file\"><a href=\"https:\/\/www.iemj.org\/wp-content\/uploads\/2018\/02\/ps._92._12-16_rite_egypten_du_caire_-_musique_of_the_bible_edith_gerson-kiwi_.mp3\">Ps. 92. 12-16 (Rite Egyptien du Caire) &#8211; Musique of the Bible (Edith Gerson-Kiwi)<\/a><\/div>\n\n\n\n<div class=\"wp-block-file\"><a href=\"https:\/\/www.iemj.org\/wp-content\/uploads\/2018\/02\/ps._92._12-16_rite_perse_de_teheran_-_musique_of_the_bible_edith_gerson-kiwi_.mp3\">Ps. 92. 12-16 (Rite Perse de Teheran) &#8211; Musique of the Bible (Edith Gerson-Kiwi)<\/a><\/div>\n\n\n\n<div class=\"wp-block-file\"><a href=\"https:\/\/www.iemj.org\/wp-content\/uploads\/2018\/02\/mizmor_shir_leyom_hashabbat_rite_portugais_-_gilbert_leon.mp3\">Mizmor shir leyom hashabbat (Rite portugais) &#8211; Gilbert L\u00e9on<\/a><\/div>\n","protected":false},"excerpt":{"rendered":"<p>H\u00f6ren Sie sich die Psalmen 92 und 93, in den verschiedenen Riten und nach verschiedenen Traditionen, an<\/p>\n","protected":false},"author":1052,"featured_media":72847,"comment_status":"closed","ping_status":"open","sticky":false,"template":"","format":"standard","meta":{"_acf_changed":false,"footnotes":""},"categories":[1534],"tags":[],"technique":[],"squelettes":[],"sujet":[],"formation":[],"genre":[1891],"fonds":[],"tradition":[],"type-de-contenu":[],"interprete-compositeur":[],"frise":[],"type-devenement":[],"tableaux-liens-externes":[],"class_list":["post-72846","post","type-post","status-publish","format-standard","has-post-thumbnail","hentry","category-playlists-de","genre-liturgie-de"],"acf":[],"yoast_head":"<!-- This site is optimized with the Yoast SEO plugin v27.3 - https:\/\/yoast.com\/product\/yoast-seo-wordpress\/ -->\n<title>DIE PSALMEN: ALLES \u00dcBER DIE PSALMEN 92 UND 93 - Institut Europ\u00e9en des Musiques Juives<\/title>\n<meta name=\"robots\" content=\"index, follow, max-snippet:-1, max-image-preview:large, max-video-preview:-1\" \/>\n<link rel=\"canonical\" href=\"https:\/\/www.iemj.org\/de\/les-psaumes-autour-des-psaumes-92-et-93\/\" \/>\n<meta property=\"og:locale\" content=\"de_DE\" \/>\n<meta property=\"og:type\" content=\"article\" \/>\n<meta property=\"og:title\" content=\"DIE PSALMEN: ALLES \u00dcBER DIE PSALMEN 92 UND 93 - Institut Europ\u00e9en des Musiques Juives\" \/>\n<meta property=\"og:description\" content=\"H\u00f6ren Sie sich die Psalmen 92 und 93, in den verschiedenen Riten und nach verschiedenen Traditionen, an\" \/>\n<meta property=\"og:url\" content=\"https:\/\/www.iemj.org\/de\/les-psaumes-autour-des-psaumes-92-et-93\/\" \/>\n<meta property=\"og:site_name\" content=\"Institut Europ\u00e9en des Musiques Juives\" \/>\n<meta property=\"article:publisher\" content=\"https:\/\/www.facebook.com\/MusiquesJuives\/\" \/>\n<meta property=\"article:published_time\" content=\"2018-02-14T13:37:26+00:00\" \/>\n<meta property=\"article:modified_time\" content=\"2025-07-03T15:54:02+00:00\" \/>\n<meta property=\"og:image\" content=\"https:\/\/www.iemj.org\/wp-content\/uploads\/2018\/02\/arton3180.jpg\" \/>\n\t<meta property=\"og:image:width\" content=\"500\" \/>\n\t<meta property=\"og:image:height\" content=\"500\" \/>\n\t<meta property=\"og:image:type\" content=\"image\/jpeg\" \/>\n<meta name=\"author\" content=\"Lea Couderc\" \/>\n<meta name=\"twitter:card\" content=\"summary_large_image\" \/>\n<meta name=\"twitter:label1\" content=\"Verfasst von\" \/>\n\t<meta name=\"twitter:data1\" content=\"Lea Couderc\" \/>\n\t<meta name=\"twitter:label2\" content=\"Gesch\u00e4tzte Lesezeit\" \/>\n\t<meta name=\"twitter:data2\" content=\"2\u00a0Minuten\" \/>\n<script type=\"application\/ld+json\" class=\"yoast-schema-graph\">{\"@context\":\"https:\\\/\\\/schema.org\",\"@graph\":[{\"@type\":\"Article\",\"@id\":\"https:\\\/\\\/www.iemj.org\\\/de\\\/les-psaumes-autour-des-psaumes-92-et-93\\\/#article\",\"isPartOf\":{\"@id\":\"https:\\\/\\\/www.iemj.org\\\/de\\\/les-psaumes-autour-des-psaumes-92-et-93\\\/\"},\"author\":{\"name\":\"Lea Couderc\",\"@id\":\"https:\\\/\\\/www.iemj.org\\\/de\\\/#\\\/schema\\\/person\\\/e2ad57f2c4be119c7ed8ab79036807a9\"},\"headline\":\"DIE PSALMEN: ALLES \u00dcBER DIE PSALMEN 92 UND 93\",\"datePublished\":\"2018-02-14T13:37:26+00:00\",\"dateModified\":\"2025-07-03T15:54:02+00:00\",\"mainEntityOfPage\":{\"@id\":\"https:\\\/\\\/www.iemj.org\\\/de\\\/les-psaumes-autour-des-psaumes-92-et-93\\\/\"},\"wordCount\":273,\"publisher\":{\"@id\":\"https:\\\/\\\/www.iemj.org\\\/de\\\/#organization\"},\"image\":{\"@id\":\"https:\\\/\\\/www.iemj.org\\\/de\\\/les-psaumes-autour-des-psaumes-92-et-93\\\/#primaryimage\"},\"thumbnailUrl\":\"https:\\\/\\\/www.iemj.org\\\/wp-content\\\/uploads\\\/2018\\\/02\\\/arton3180.jpg\",\"articleSection\":[\"Playlists\"],\"inLanguage\":\"de\"},{\"@type\":\"WebPage\",\"@id\":\"https:\\\/\\\/www.iemj.org\\\/de\\\/les-psaumes-autour-des-psaumes-92-et-93\\\/\",\"url\":\"https:\\\/\\\/www.iemj.org\\\/de\\\/les-psaumes-autour-des-psaumes-92-et-93\\\/\",\"name\":\"DIE PSALMEN: ALLES \u00dcBER DIE PSALMEN 92 UND 93 - Institut Europ\u00e9en des Musiques Juives\",\"isPartOf\":{\"@id\":\"https:\\\/\\\/www.iemj.org\\\/de\\\/#website\"},\"primaryImageOfPage\":{\"@id\":\"https:\\\/\\\/www.iemj.org\\\/de\\\/les-psaumes-autour-des-psaumes-92-et-93\\\/#primaryimage\"},\"image\":{\"@id\":\"https:\\\/\\\/www.iemj.org\\\/de\\\/les-psaumes-autour-des-psaumes-92-et-93\\\/#primaryimage\"},\"thumbnailUrl\":\"https:\\\/\\\/www.iemj.org\\\/wp-content\\\/uploads\\\/2018\\\/02\\\/arton3180.jpg\",\"datePublished\":\"2018-02-14T13:37:26+00:00\",\"dateModified\":\"2025-07-03T15:54:02+00:00\",\"breadcrumb\":{\"@id\":\"https:\\\/\\\/www.iemj.org\\\/de\\\/les-psaumes-autour-des-psaumes-92-et-93\\\/#breadcrumb\"},\"inLanguage\":\"de\",\"potentialAction\":[{\"@type\":\"ReadAction\",\"target\":[\"https:\\\/\\\/www.iemj.org\\\/de\\\/les-psaumes-autour-des-psaumes-92-et-93\\\/\"]}]},{\"@type\":\"ImageObject\",\"inLanguage\":\"de\",\"@id\":\"https:\\\/\\\/www.iemj.org\\\/de\\\/les-psaumes-autour-des-psaumes-92-et-93\\\/#primaryimage\",\"url\":\"https:\\\/\\\/www.iemj.org\\\/wp-content\\\/uploads\\\/2018\\\/02\\\/arton3180.jpg\",\"contentUrl\":\"https:\\\/\\\/www.iemj.org\\\/wp-content\\\/uploads\\\/2018\\\/02\\\/arton3180.jpg\",\"width\":500,\"height\":500},{\"@type\":\"BreadcrumbList\",\"@id\":\"https:\\\/\\\/www.iemj.org\\\/de\\\/les-psaumes-autour-des-psaumes-92-et-93\\\/#breadcrumb\",\"itemListElement\":[{\"@type\":\"ListItem\",\"position\":1,\"name\":\"Accueil\",\"item\":\"https:\\\/\\\/www.iemj.org\\\/de\\\/\"},{\"@type\":\"ListItem\",\"position\":2,\"name\":\"DIE PSALMEN: ALLES \u00dcBER DIE PSALMEN 92 UND 93\"}]},{\"@type\":\"WebSite\",\"@id\":\"https:\\\/\\\/www.iemj.org\\\/de\\\/#website\",\"url\":\"https:\\\/\\\/www.iemj.org\\\/de\\\/\",\"name\":\"Institut Europ\u00e9en des Musiques Juives\",\"description\":\"Des traditions musicales \u00e0 la port\u00e9e de tous\",\"publisher\":{\"@id\":\"https:\\\/\\\/www.iemj.org\\\/de\\\/#organization\"},\"potentialAction\":[{\"@type\":\"SearchAction\",\"target\":{\"@type\":\"EntryPoint\",\"urlTemplate\":\"https:\\\/\\\/www.iemj.org\\\/de\\\/?s={search_term_string}\"},\"query-input\":{\"@type\":\"PropertyValueSpecification\",\"valueRequired\":true,\"valueName\":\"search_term_string\"}}],\"inLanguage\":\"de\"},{\"@type\":\"Organization\",\"@id\":\"https:\\\/\\\/www.iemj.org\\\/de\\\/#organization\",\"name\":\"Institut Europ\u00e9en des Musiques Juives\",\"url\":\"https:\\\/\\\/www.iemj.org\\\/de\\\/\",\"logo\":{\"@type\":\"ImageObject\",\"inLanguage\":\"de\",\"@id\":\"https:\\\/\\\/www.iemj.org\\\/de\\\/#\\\/schema\\\/logo\\\/image\\\/\",\"url\":\"https:\\\/\\\/www.iemj.org\\\/wp-content\\\/uploads\\\/2021\\\/09\\\/Logo-IEMJ-Paypal.jpg\",\"contentUrl\":\"https:\\\/\\\/www.iemj.org\\\/wp-content\\\/uploads\\\/2021\\\/09\\\/Logo-IEMJ-Paypal.jpg\",\"width\":150,\"height\":50,\"caption\":\"Institut Europ\u00e9en des Musiques Juives\"},\"image\":{\"@id\":\"https:\\\/\\\/www.iemj.org\\\/de\\\/#\\\/schema\\\/logo\\\/image\\\/\"},\"sameAs\":[\"https:\\\/\\\/www.facebook.com\\\/MusiquesJuives\\\/\",\"https:\\\/\\\/www.instagram.com\\\/musiquesjuives\\\/\",\"https:\\\/\\\/www.youtube.com\\\/user\\\/musiquesjuives\"]},{\"@type\":\"Person\",\"@id\":\"https:\\\/\\\/www.iemj.org\\\/de\\\/#\\\/schema\\\/person\\\/e2ad57f2c4be119c7ed8ab79036807a9\",\"name\":\"Lea Couderc\",\"image\":{\"@type\":\"ImageObject\",\"inLanguage\":\"de\",\"@id\":\"https:\\\/\\\/secure.gravatar.com\\\/avatar\\\/46ee021475d60aeff17a7e490b79dea5a5684bb392ab7fd1494027411df8ba23?s=96&d=mm&r=g\",\"url\":\"https:\\\/\\\/secure.gravatar.com\\\/avatar\\\/46ee021475d60aeff17a7e490b79dea5a5684bb392ab7fd1494027411df8ba23?s=96&d=mm&r=g\",\"contentUrl\":\"https:\\\/\\\/secure.gravatar.com\\\/avatar\\\/46ee021475d60aeff17a7e490b79dea5a5684bb392ab7fd1494027411df8ba23?s=96&d=mm&r=g\",\"caption\":\"Lea Couderc\"}}]}<\/script>\n<!-- \/ Yoast SEO plugin. -->","yoast_head_json":{"title":"DIE PSALMEN: ALLES \u00dcBER DIE PSALMEN 92 UND 93 - Institut Europ\u00e9en des Musiques Juives","robots":{"index":"index","follow":"follow","max-snippet":"max-snippet:-1","max-image-preview":"max-image-preview:large","max-video-preview":"max-video-preview:-1"},"canonical":"https:\/\/www.iemj.org\/de\/les-psaumes-autour-des-psaumes-92-et-93\/","og_locale":"de_DE","og_type":"article","og_title":"DIE PSALMEN: ALLES \u00dcBER DIE PSALMEN 92 UND 93 - Institut Europ\u00e9en des Musiques Juives","og_description":"H\u00f6ren Sie sich die Psalmen 92 und 93, in den verschiedenen Riten und nach verschiedenen Traditionen, an","og_url":"https:\/\/www.iemj.org\/de\/les-psaumes-autour-des-psaumes-92-et-93\/","og_site_name":"Institut Europ\u00e9en des Musiques Juives","article_publisher":"https:\/\/www.facebook.com\/MusiquesJuives\/","article_published_time":"2018-02-14T13:37:26+00:00","article_modified_time":"2025-07-03T15:54:02+00:00","og_image":[{"width":500,"height":500,"url":"https:\/\/www.iemj.org\/wp-content\/uploads\/2018\/02\/arton3180.jpg","type":"image\/jpeg"}],"author":"Lea Couderc","twitter_card":"summary_large_image","twitter_misc":{"Verfasst von":"Lea Couderc","Gesch\u00e4tzte Lesezeit":"2\u00a0Minuten"},"schema":{"@context":"https:\/\/schema.org","@graph":[{"@type":"Article","@id":"https:\/\/www.iemj.org\/de\/les-psaumes-autour-des-psaumes-92-et-93\/#article","isPartOf":{"@id":"https:\/\/www.iemj.org\/de\/les-psaumes-autour-des-psaumes-92-et-93\/"},"author":{"name":"Lea Couderc","@id":"https:\/\/www.iemj.org\/de\/#\/schema\/person\/e2ad57f2c4be119c7ed8ab79036807a9"},"headline":"DIE PSALMEN: ALLES \u00dcBER DIE PSALMEN 92 UND 93","datePublished":"2018-02-14T13:37:26+00:00","dateModified":"2025-07-03T15:54:02+00:00","mainEntityOfPage":{"@id":"https:\/\/www.iemj.org\/de\/les-psaumes-autour-des-psaumes-92-et-93\/"},"wordCount":273,"publisher":{"@id":"https:\/\/www.iemj.org\/de\/#organization"},"image":{"@id":"https:\/\/www.iemj.org\/de\/les-psaumes-autour-des-psaumes-92-et-93\/#primaryimage"},"thumbnailUrl":"https:\/\/www.iemj.org\/wp-content\/uploads\/2018\/02\/arton3180.jpg","articleSection":["Playlists"],"inLanguage":"de"},{"@type":"WebPage","@id":"https:\/\/www.iemj.org\/de\/les-psaumes-autour-des-psaumes-92-et-93\/","url":"https:\/\/www.iemj.org\/de\/les-psaumes-autour-des-psaumes-92-et-93\/","name":"DIE PSALMEN: ALLES \u00dcBER DIE PSALMEN 92 UND 93 - Institut Europ\u00e9en des Musiques Juives","isPartOf":{"@id":"https:\/\/www.iemj.org\/de\/#website"},"primaryImageOfPage":{"@id":"https:\/\/www.iemj.org\/de\/les-psaumes-autour-des-psaumes-92-et-93\/#primaryimage"},"image":{"@id":"https:\/\/www.iemj.org\/de\/les-psaumes-autour-des-psaumes-92-et-93\/#primaryimage"},"thumbnailUrl":"https:\/\/www.iemj.org\/wp-content\/uploads\/2018\/02\/arton3180.jpg","datePublished":"2018-02-14T13:37:26+00:00","dateModified":"2025-07-03T15:54:02+00:00","breadcrumb":{"@id":"https:\/\/www.iemj.org\/de\/les-psaumes-autour-des-psaumes-92-et-93\/#breadcrumb"},"inLanguage":"de","potentialAction":[{"@type":"ReadAction","target":["https:\/\/www.iemj.org\/de\/les-psaumes-autour-des-psaumes-92-et-93\/"]}]},{"@type":"ImageObject","inLanguage":"de","@id":"https:\/\/www.iemj.org\/de\/les-psaumes-autour-des-psaumes-92-et-93\/#primaryimage","url":"https:\/\/www.iemj.org\/wp-content\/uploads\/2018\/02\/arton3180.jpg","contentUrl":"https:\/\/www.iemj.org\/wp-content\/uploads\/2018\/02\/arton3180.jpg","width":500,"height":500},{"@type":"BreadcrumbList","@id":"https:\/\/www.iemj.org\/de\/les-psaumes-autour-des-psaumes-92-et-93\/#breadcrumb","itemListElement":[{"@type":"ListItem","position":1,"name":"Accueil","item":"https:\/\/www.iemj.org\/de\/"},{"@type":"ListItem","position":2,"name":"DIE PSALMEN: ALLES \u00dcBER DIE PSALMEN 92 UND 93"}]},{"@type":"WebSite","@id":"https:\/\/www.iemj.org\/de\/#website","url":"https:\/\/www.iemj.org\/de\/","name":"Institut Europ\u00e9en des Musiques Juives","description":"Des traditions musicales \u00e0 la port\u00e9e de tous","publisher":{"@id":"https:\/\/www.iemj.org\/de\/#organization"},"potentialAction":[{"@type":"SearchAction","target":{"@type":"EntryPoint","urlTemplate":"https:\/\/www.iemj.org\/de\/?s={search_term_string}"},"query-input":{"@type":"PropertyValueSpecification","valueRequired":true,"valueName":"search_term_string"}}],"inLanguage":"de"},{"@type":"Organization","@id":"https:\/\/www.iemj.org\/de\/#organization","name":"Institut Europ\u00e9en des Musiques Juives","url":"https:\/\/www.iemj.org\/de\/","logo":{"@type":"ImageObject","inLanguage":"de","@id":"https:\/\/www.iemj.org\/de\/#\/schema\/logo\/image\/","url":"https:\/\/www.iemj.org\/wp-content\/uploads\/2021\/09\/Logo-IEMJ-Paypal.jpg","contentUrl":"https:\/\/www.iemj.org\/wp-content\/uploads\/2021\/09\/Logo-IEMJ-Paypal.jpg","width":150,"height":50,"caption":"Institut Europ\u00e9en des Musiques Juives"},"image":{"@id":"https:\/\/www.iemj.org\/de\/#\/schema\/logo\/image\/"},"sameAs":["https:\/\/www.facebook.com\/MusiquesJuives\/","https:\/\/www.instagram.com\/musiquesjuives\/","https:\/\/www.youtube.com\/user\/musiquesjuives"]},{"@type":"Person","@id":"https:\/\/www.iemj.org\/de\/#\/schema\/person\/e2ad57f2c4be119c7ed8ab79036807a9","name":"Lea Couderc","image":{"@type":"ImageObject","inLanguage":"de","@id":"https:\/\/secure.gravatar.com\/avatar\/46ee021475d60aeff17a7e490b79dea5a5684bb392ab7fd1494027411df8ba23?s=96&d=mm&r=g","url":"https:\/\/secure.gravatar.com\/avatar\/46ee021475d60aeff17a7e490b79dea5a5684bb392ab7fd1494027411df8ba23?s=96&d=mm&r=g","contentUrl":"https:\/\/secure.gravatar.com\/avatar\/46ee021475d60aeff17a7e490b79dea5a5684bb392ab7fd1494027411df8ba23?s=96&d=mm&r=g","caption":"Lea Couderc"}}]}},"_links":{"self":[{"href":"https:\/\/www.iemj.org\/de\/wp-json\/wp\/v2\/posts\/72846","targetHints":{"allow":["GET"]}}],"collection":[{"href":"https:\/\/www.iemj.org\/de\/wp-json\/wp\/v2\/posts"}],"about":[{"href":"https:\/\/www.iemj.org\/de\/wp-json\/wp\/v2\/types\/post"}],"author":[{"embeddable":true,"href":"https:\/\/www.iemj.org\/de\/wp-json\/wp\/v2\/users\/1052"}],"replies":[{"embeddable":true,"href":"https:\/\/www.iemj.org\/de\/wp-json\/wp\/v2\/comments?post=72846"}],"version-history":[{"count":0,"href":"https:\/\/www.iemj.org\/de\/wp-json\/wp\/v2\/posts\/72846\/revisions"}],"wp:featuredmedia":[{"embeddable":true,"href":"https:\/\/www.iemj.org\/de\/wp-json\/wp\/v2\/media\/72847"}],"wp:attachment":[{"href":"https:\/\/www.iemj.org\/de\/wp-json\/wp\/v2\/media?parent=72846"}],"wp:term":[{"taxonomy":"category","embeddable":true,"href":"https:\/\/www.iemj.org\/de\/wp-json\/wp\/v2\/categories?post=72846"},{"taxonomy":"post_tag","embeddable":true,"href":"https:\/\/www.iemj.org\/de\/wp-json\/wp\/v2\/tags?post=72846"},{"taxonomy":"technique","embeddable":true,"href":"https:\/\/www.iemj.org\/de\/wp-json\/wp\/v2\/technique?post=72846"},{"taxonomy":"squelettes","embeddable":true,"href":"https:\/\/www.iemj.org\/de\/wp-json\/wp\/v2\/squelettes?post=72846"},{"taxonomy":"sujet","embeddable":true,"href":"https:\/\/www.iemj.org\/de\/wp-json\/wp\/v2\/sujet?post=72846"},{"taxonomy":"formation","embeddable":true,"href":"https:\/\/www.iemj.org\/de\/wp-json\/wp\/v2\/formation?post=72846"},{"taxonomy":"genre","embeddable":true,"href":"https:\/\/www.iemj.org\/de\/wp-json\/wp\/v2\/genre?post=72846"},{"taxonomy":"fonds","embeddable":true,"href":"https:\/\/www.iemj.org\/de\/wp-json\/wp\/v2\/fonds?post=72846"},{"taxonomy":"tradition","embeddable":true,"href":"https:\/\/www.iemj.org\/de\/wp-json\/wp\/v2\/tradition?post=72846"},{"taxonomy":"type-de-contenu","embeddable":true,"href":"https:\/\/www.iemj.org\/de\/wp-json\/wp\/v2\/type-de-contenu?post=72846"},{"taxonomy":"interprete-compositeur","embeddable":true,"href":"https:\/\/www.iemj.org\/de\/wp-json\/wp\/v2\/interprete-compositeur?post=72846"},{"taxonomy":"frise","embeddable":true,"href":"https:\/\/www.iemj.org\/de\/wp-json\/wp\/v2\/frise?post=72846"},{"taxonomy":"type-devenement","embeddable":true,"href":"https:\/\/www.iemj.org\/de\/wp-json\/wp\/v2\/type-devenement?post=72846"},{"taxonomy":"tableaux-liens-externes","embeddable":true,"href":"https:\/\/www.iemj.org\/de\/wp-json\/wp\/v2\/tableaux-liens-externes?post=72846"}],"curies":[{"name":"wp","href":"https:\/\/api.w.org\/{rel}","templated":true}]}}