{"id":72858,"date":"2018-01-24T11:46:14","date_gmt":"2018-01-24T10:46:14","guid":{"rendered":"https:\/\/www.iemj.org\/shalom-berlinski-le-chant-du-coeur\/"},"modified":"2025-07-03T17:47:00","modified_gmt":"2025-07-03T15:47:00","slug":"shalom-berlinski-le-chant-du-coeur","status":"publish","type":"post","link":"https:\/\/www.iemj.org\/de\/shalom-berlinski-le-chant-du-coeur\/","title":{"rendered":"SHALOM BERLINKSI, DER CHORGESANG"},"content":{"rendered":"<p><strong>Die sch\u00f6nsten Hazzanut-Melodien von Shalmon Berlinski, dem ersten Ministre-Officiant der Gro\u00dfen Synagoge von Paris, t\u00e4tig von 1948 bis 1979<\/strong><\/p>\n<p><!--more-->Von 1948 bis 1979 bekleidete <a href=\"https:\/\/www.iemj.org\/de\/berlinski-shalom-1918-2008\/\">Shalom Berlinski<\/a> das Amt des ersten Ministre-Officiant (Hazzan) in der Gro\u00dfen Synagoge von Paris. Da er bei allen religi\u00f6sen und offiziellen Zeremonien anwesend war, galt er \u00fcber mehr als drei\u00dfig Jahre hinweg, als ein wichtiger Vertreter der franz\u00f6sischen aschkenasischen Kantorenkunst.<\/p>\n<p>Shalom Berlinski pflegte f\u00fcr gew\u00f6hnlich zu sagen <em>\u201eDas Amt des Hazzan ist das sch\u00f6nste Amt, welches der Judaismus geschaffen hat. (\u2026) Durch das Vertiefen und die t\u00e4gliche Wiederholung des Gebets kann man tats\u00e4chliche eine au\u00dfergew\u00f6hnliche spirituelle Zufriedenheit erreichen.<\/em>\u201c<\/p>\n<p>\u00dcber seine lange Karriere hinweg hat er mit den bekanntesten Komponisten wie Henry Barraud, Jean Wiener, Darius Milhaud, Alexandre Tansman und vielen mehr zusammengearbeitet.<\/p>\n<p>Zwischen 1957 und 1968 lehrte er, parallel zu seiner religi\u00f6sen Funktion als Kantor der Gro\u00dfen Synagoge, die Hazzanut (Kantorenkunst) am S\u00e9minaire Isr\u00e9alite der Rue Vaquelin in Paris und noch spezifischer, die gesungene Toralesung im aschkenasischen Ritus.<\/p>\n<p>Am 28. September 2008 verstarb er ihm Kreis seiner Liebsten.<\/p>\n<p><em>\u201eSeine kraftvolle und f\u00fcgsame Stimme dr\u00fcckt in ihren vielf\u00e4ltigen Klangnuancen die Gef\u00fchle der Gl\u00e4ubigen aus:\u00a0 Anbetung, Dank, Freude, Schmerz, Hoffnung, Angst, aber am Jom-Kippur-Gottesdienst \u00fcbertraf sie sich selbst noch einmal und erhob uns auf den Gipfel der j\u00fcdischen Spiritualit\u00e4t\u2026\u201c<\/em> Rede von Jacob Kaplan, dem Oberrabbiner von Frankreich, enthalten auf der\u00a0Platte <em>Pri\u00e8res de Kippour et de Sabbat, Schalom Berlinsky, Premier Ministre Officiant du Temple Victoire \u2013 Choeur sous la direction de Maurice Franck, \u00e0 l\u2019orgue : Jean Bonfils.<\/em><\/p>\n<p><a href=\"https:\/\/www.iemj.org\/de\/produit\/shalom-berlinski-la-voix-de-la-ferveur\/\" target=\"_blank\" rel=\"noopener\">Bestellen Sie die CD von Shalom Berlinski<\/a><\/p>\n<div style=\"text-align: center;\">\n<div style=\"margin: 8px 0px 4px;\"><a href=\"http:\/\/www.calameo.com\/books\/004612749ad3e743a5b5e\" target=\"_blank\" rel=\"noopener noreferrer\">Gebet des Freitagabendgottesdiensts in der Gro\u00dfen Synagoge von Paris <\/a><\/div>\n<p><iframe style=\"margin: 0 auto;\" src=\"\/\/v.calameo.com\/?bkcode=004612749ad3e743a5b5e&amp;mode=mini\" width=\"480\" height=\"300\" frameborder=\"0\" scrolling=\"no\" allowfullscreen=\"allowfullscreen\"><\/iframe><\/p>\n<div style=\"margin: 4px 0px 8px;\"><a href=\"http:\/\/www.calameo.com\/\" target=\"_blank\" rel=\"noopener noreferrer\">Lesen Sie mehr Ver\u00f6ffentlichungen (auf Franz\u00f6sisch)<\/a><\/div>\n<\/div>\n\n<div class=\"wp-block-image\">\n<figure class=\"aligncenter size-large\"><img fetchpriority=\"high\" decoding=\"async\" width=\"1024\" height=\"133\" src=\"https:\/\/www.iemj.org\/wp-content\/uploads\/2024\/03\/AUDIO-PLAYER-1024x133.png\" alt=\"\" class=\"wp-image-110606\" srcset=\"https:\/\/www.iemj.org\/wp-content\/uploads\/2024\/03\/AUDIO-PLAYER-1024x133.png 1024w, https:\/\/www.iemj.org\/wp-content\/uploads\/2024\/03\/AUDIO-PLAYER-300x39.png 300w, https:\/\/www.iemj.org\/wp-content\/uploads\/2024\/03\/AUDIO-PLAYER-768x100.png 768w, https:\/\/www.iemj.org\/wp-content\/uploads\/2024\/03\/AUDIO-PLAYER-600x78.png 600w, https:\/\/www.iemj.org\/wp-content\/uploads\/2024\/03\/AUDIO-PLAYER.png 1210w\" sizes=\"(max-width: 1024px) 100vw, 1024px\" \/><\/figure>\n<\/div>\n\n\n<h2 class=\"wp-block-heading\"><\/h2>\n\n\n\n<div class=\"wp-block-file\"><a href=\"https:\/\/www.iemj.org\/wp-content\/uploads\/2018\/01\/veshomerou_-_shalom_berlinski.mp3\">Veshomerou &#8211; Shalom Berlinski<\/a><\/div>\n\n\n\n<div class=\"wp-block-file\"><a href=\"https:\/\/www.iemj.org\/wp-content\/uploads\/2018\/01\/lekho_dodi_-_shalom_berlinski.mp3\">Lekho Dodi &#8211; Shalom Berlinski<\/a><\/div>\n\n\n\n<div class=\"wp-block-file\"><a href=\"https:\/\/www.iemj.org\/wp-content\/uploads\/2018\/01\/kol_nidrei_-_shalom_berlinski.mp3\">Kol Nidrei &#8211; Shalom Berlinski<\/a><\/div>\n\n\n\n<div class=\"wp-block-file\"><a href=\"https:\/\/www.iemj.org\/wp-content\/uploads\/2018\/01\/kol_mekadeisch_-_shalom_berlinski.mp3\">Kol Mekadeisch &#8211; Shalom Berlinski<\/a><\/div>\n\n\n\n<div class=\"wp-block-file\"><a href=\"https:\/\/www.iemj.org\/wp-content\/uploads\/2018\/01\/kaddisch_-_shalom_berlinski.mp3\">Kaddisch &#8211; Shalom Berlinski<\/a><\/div>\n\n\n\n<div class=\"wp-block-file\"><a href=\"https:\/\/www.iemj.org\/wp-content\/uploads\/2018\/01\/hachem_molokhe_-_shalom_berlinski.mp3\">Hachem Molokhe &#8211; Shalom Berlinski<\/a><\/div>\n\n\n\n<div class=\"wp-block-file\"><a href=\"https:\/\/www.iemj.org\/wp-content\/uploads\/2018\/01\/chomer_yisrael_-_shalom_berlinski.mp3\">Chomer Yisrael &#8211; Shalom Berlinski<\/a><\/div>\n\n\n\n<div class=\"wp-block-file\"><a href=\"https:\/\/www.iemj.org\/wp-content\/uploads\/2018\/01\/chant_hassidique_-_shalom_berlinski.mp3\">Chant hassidique &#8211; Shalom Berlinski<\/a><\/div>\n\n\n\n<div class=\"wp-block-file\"><a href=\"https:\/\/www.iemj.org\/wp-content\/uploads\/2018\/01\/cantate_d_esther_-_shalom_berlinski-3.mp3\">Cantate d&#8217;Esther &#8211; Shalom Berlinski<\/a><\/div>\n\n\n\n<div class=\"wp-block-file\"><a href=\"https:\/\/www.iemj.org\/wp-content\/uploads\/2018\/01\/baroukh_hachem_bayom_-_shalom_berlinski.mp3\">Hachem Molokhe &#8211; Shalom Berlinski<\/a><\/div>\n\n\n\n<div class=\"wp-block-file\"><a href=\"https:\/\/www.iemj.org\/wp-content\/uploads\/2018\/01\/ani_maamine_-_shalom_berlinski.mp3\">Ani Maamine &#8211; Shalom Berlinski<\/a><\/div>\n","protected":false},"excerpt":{"rendered":"<p>Die sch\u00f6nsten Hazzanut-Melodien von Shalmon Berlinski, dem ersten Ministre-Officiant der Gro\u00dfen Synagoge von Paris, t\u00e4tig von 1948 bis 1979<\/p>\n","protected":false},"author":1052,"featured_media":72859,"comment_status":"closed","ping_status":"open","sticky":false,"template":"","format":"standard","meta":{"_acf_changed":false,"footnotes":""},"categories":[1534],"tags":[],"technique":[],"squelettes":[],"sujet":[],"formation":[],"genre":[],"fonds":[],"tradition":[1983],"type-de-contenu":[],"interprete-compositeur":[3296],"frise":[],"type-devenement":[],"tableaux-liens-externes":[],"class_list":["post-72858","post","type-post","status-publish","format-standard","has-post-thumbnail","hentry","category-playlists-de","tradition-aschkenasischer-ritus-de","interprete-compositeur-shalom-berlinski-de-2"],"acf":[],"yoast_head":"<!-- This site is optimized with the Yoast SEO plugin v27.3 - https:\/\/yoast.com\/product\/yoast-seo-wordpress\/ -->\n<title>SHALOM BERLINKSI, DER CHORGESANG - Institut Europ\u00e9en des Musiques Juives<\/title>\n<meta name=\"robots\" content=\"index, follow, max-snippet:-1, max-image-preview:large, max-video-preview:-1\" \/>\n<link rel=\"canonical\" href=\"https:\/\/www.iemj.org\/de\/shalom-berlinski-le-chant-du-coeur\/\" \/>\n<meta property=\"og:locale\" content=\"de_DE\" \/>\n<meta property=\"og:type\" content=\"article\" \/>\n<meta property=\"og:title\" content=\"SHALOM BERLINKSI, DER CHORGESANG - Institut Europ\u00e9en des Musiques Juives\" \/>\n<meta property=\"og:description\" content=\"Die sch\u00f6nsten Hazzanut-Melodien von Shalmon Berlinski, dem ersten Ministre-Officiant der Gro\u00dfen Synagoge von Paris, t\u00e4tig von 1948 bis 1979\" \/>\n<meta property=\"og:url\" content=\"https:\/\/www.iemj.org\/de\/shalom-berlinski-le-chant-du-coeur\/\" \/>\n<meta property=\"og:site_name\" content=\"Institut Europ\u00e9en des Musiques Juives\" \/>\n<meta property=\"article:publisher\" content=\"https:\/\/www.facebook.com\/MusiquesJuives\/\" \/>\n<meta property=\"article:published_time\" content=\"2018-01-24T10:46:14+00:00\" \/>\n<meta property=\"article:modified_time\" content=\"2025-07-03T15:47:00+00:00\" \/>\n<meta property=\"og:image\" content=\"https:\/\/www.iemj.org\/wp-content\/uploads\/2018\/01\/arton3085.jpg\" \/>\n\t<meta property=\"og:image:width\" content=\"427\" \/>\n\t<meta property=\"og:image:height\" content=\"455\" \/>\n\t<meta property=\"og:image:type\" content=\"image\/jpeg\" \/>\n<meta name=\"author\" content=\"Lea Couderc\" \/>\n<meta name=\"twitter:card\" content=\"summary_large_image\" \/>\n<meta name=\"twitter:label1\" content=\"Verfasst von\" \/>\n\t<meta name=\"twitter:data1\" content=\"Lea Couderc\" \/>\n\t<meta name=\"twitter:label2\" content=\"Gesch\u00e4tzte Lesezeit\" \/>\n\t<meta name=\"twitter:data2\" content=\"2\u00a0Minuten\" \/>\n<script type=\"application\/ld+json\" class=\"yoast-schema-graph\">{\"@context\":\"https:\\\/\\\/schema.org\",\"@graph\":[{\"@type\":\"Article\",\"@id\":\"https:\\\/\\\/www.iemj.org\\\/de\\\/shalom-berlinski-le-chant-du-coeur\\\/#article\",\"isPartOf\":{\"@id\":\"https:\\\/\\\/www.iemj.org\\\/de\\\/shalom-berlinski-le-chant-du-coeur\\\/\"},\"author\":{\"name\":\"Lea Couderc\",\"@id\":\"https:\\\/\\\/www.iemj.org\\\/de\\\/#\\\/schema\\\/person\\\/e2ad57f2c4be119c7ed8ab79036807a9\"},\"headline\":\"SHALOM BERLINKSI, DER CHORGESANG\",\"datePublished\":\"2018-01-24T10:46:14+00:00\",\"dateModified\":\"2025-07-03T15:47:00+00:00\",\"mainEntityOfPage\":{\"@id\":\"https:\\\/\\\/www.iemj.org\\\/de\\\/shalom-berlinski-le-chant-du-coeur\\\/\"},\"wordCount\":348,\"publisher\":{\"@id\":\"https:\\\/\\\/www.iemj.org\\\/de\\\/#organization\"},\"image\":{\"@id\":\"https:\\\/\\\/www.iemj.org\\\/de\\\/shalom-berlinski-le-chant-du-coeur\\\/#primaryimage\"},\"thumbnailUrl\":\"https:\\\/\\\/www.iemj.org\\\/wp-content\\\/uploads\\\/2018\\\/01\\\/arton3085.jpg\",\"articleSection\":[\"Playlists\"],\"inLanguage\":\"de\"},{\"@type\":\"WebPage\",\"@id\":\"https:\\\/\\\/www.iemj.org\\\/de\\\/shalom-berlinski-le-chant-du-coeur\\\/\",\"url\":\"https:\\\/\\\/www.iemj.org\\\/de\\\/shalom-berlinski-le-chant-du-coeur\\\/\",\"name\":\"SHALOM BERLINKSI, DER CHORGESANG - Institut Europ\u00e9en des Musiques Juives\",\"isPartOf\":{\"@id\":\"https:\\\/\\\/www.iemj.org\\\/de\\\/#website\"},\"primaryImageOfPage\":{\"@id\":\"https:\\\/\\\/www.iemj.org\\\/de\\\/shalom-berlinski-le-chant-du-coeur\\\/#primaryimage\"},\"image\":{\"@id\":\"https:\\\/\\\/www.iemj.org\\\/de\\\/shalom-berlinski-le-chant-du-coeur\\\/#primaryimage\"},\"thumbnailUrl\":\"https:\\\/\\\/www.iemj.org\\\/wp-content\\\/uploads\\\/2018\\\/01\\\/arton3085.jpg\",\"datePublished\":\"2018-01-24T10:46:14+00:00\",\"dateModified\":\"2025-07-03T15:47:00+00:00\",\"breadcrumb\":{\"@id\":\"https:\\\/\\\/www.iemj.org\\\/de\\\/shalom-berlinski-le-chant-du-coeur\\\/#breadcrumb\"},\"inLanguage\":\"de\",\"potentialAction\":[{\"@type\":\"ReadAction\",\"target\":[\"https:\\\/\\\/www.iemj.org\\\/de\\\/shalom-berlinski-le-chant-du-coeur\\\/\"]}]},{\"@type\":\"ImageObject\",\"inLanguage\":\"de\",\"@id\":\"https:\\\/\\\/www.iemj.org\\\/de\\\/shalom-berlinski-le-chant-du-coeur\\\/#primaryimage\",\"url\":\"https:\\\/\\\/www.iemj.org\\\/wp-content\\\/uploads\\\/2018\\\/01\\\/arton3085.jpg\",\"contentUrl\":\"https:\\\/\\\/www.iemj.org\\\/wp-content\\\/uploads\\\/2018\\\/01\\\/arton3085.jpg\",\"width\":427,\"height\":455},{\"@type\":\"BreadcrumbList\",\"@id\":\"https:\\\/\\\/www.iemj.org\\\/de\\\/shalom-berlinski-le-chant-du-coeur\\\/#breadcrumb\",\"itemListElement\":[{\"@type\":\"ListItem\",\"position\":1,\"name\":\"Accueil\",\"item\":\"https:\\\/\\\/www.iemj.org\\\/de\\\/\"},{\"@type\":\"ListItem\",\"position\":2,\"name\":\"SHALOM BERLINKSI, DER CHORGESANG\"}]},{\"@type\":\"WebSite\",\"@id\":\"https:\\\/\\\/www.iemj.org\\\/de\\\/#website\",\"url\":\"https:\\\/\\\/www.iemj.org\\\/de\\\/\",\"name\":\"Institut Europ\u00e9en des Musiques Juives\",\"description\":\"Des traditions musicales \u00e0 la port\u00e9e de tous\",\"publisher\":{\"@id\":\"https:\\\/\\\/www.iemj.org\\\/de\\\/#organization\"},\"potentialAction\":[{\"@type\":\"SearchAction\",\"target\":{\"@type\":\"EntryPoint\",\"urlTemplate\":\"https:\\\/\\\/www.iemj.org\\\/de\\\/?s={search_term_string}\"},\"query-input\":{\"@type\":\"PropertyValueSpecification\",\"valueRequired\":true,\"valueName\":\"search_term_string\"}}],\"inLanguage\":\"de\"},{\"@type\":\"Organization\",\"@id\":\"https:\\\/\\\/www.iemj.org\\\/de\\\/#organization\",\"name\":\"Institut Europ\u00e9en des Musiques Juives\",\"url\":\"https:\\\/\\\/www.iemj.org\\\/de\\\/\",\"logo\":{\"@type\":\"ImageObject\",\"inLanguage\":\"de\",\"@id\":\"https:\\\/\\\/www.iemj.org\\\/de\\\/#\\\/schema\\\/logo\\\/image\\\/\",\"url\":\"https:\\\/\\\/www.iemj.org\\\/wp-content\\\/uploads\\\/2021\\\/09\\\/Logo-IEMJ-Paypal.jpg\",\"contentUrl\":\"https:\\\/\\\/www.iemj.org\\\/wp-content\\\/uploads\\\/2021\\\/09\\\/Logo-IEMJ-Paypal.jpg\",\"width\":150,\"height\":50,\"caption\":\"Institut Europ\u00e9en des Musiques Juives\"},\"image\":{\"@id\":\"https:\\\/\\\/www.iemj.org\\\/de\\\/#\\\/schema\\\/logo\\\/image\\\/\"},\"sameAs\":[\"https:\\\/\\\/www.facebook.com\\\/MusiquesJuives\\\/\",\"https:\\\/\\\/www.instagram.com\\\/musiquesjuives\\\/\",\"https:\\\/\\\/www.youtube.com\\\/user\\\/musiquesjuives\"]},{\"@type\":\"Person\",\"@id\":\"https:\\\/\\\/www.iemj.org\\\/de\\\/#\\\/schema\\\/person\\\/e2ad57f2c4be119c7ed8ab79036807a9\",\"name\":\"Lea Couderc\",\"image\":{\"@type\":\"ImageObject\",\"inLanguage\":\"de\",\"@id\":\"https:\\\/\\\/secure.gravatar.com\\\/avatar\\\/46ee021475d60aeff17a7e490b79dea5a5684bb392ab7fd1494027411df8ba23?s=96&d=mm&r=g\",\"url\":\"https:\\\/\\\/secure.gravatar.com\\\/avatar\\\/46ee021475d60aeff17a7e490b79dea5a5684bb392ab7fd1494027411df8ba23?s=96&d=mm&r=g\",\"contentUrl\":\"https:\\\/\\\/secure.gravatar.com\\\/avatar\\\/46ee021475d60aeff17a7e490b79dea5a5684bb392ab7fd1494027411df8ba23?s=96&d=mm&r=g\",\"caption\":\"Lea Couderc\"}}]}<\/script>\n<!-- \/ Yoast SEO plugin. -->","yoast_head_json":{"title":"SHALOM BERLINKSI, DER CHORGESANG - Institut Europ\u00e9en des Musiques Juives","robots":{"index":"index","follow":"follow","max-snippet":"max-snippet:-1","max-image-preview":"max-image-preview:large","max-video-preview":"max-video-preview:-1"},"canonical":"https:\/\/www.iemj.org\/de\/shalom-berlinski-le-chant-du-coeur\/","og_locale":"de_DE","og_type":"article","og_title":"SHALOM BERLINKSI, DER CHORGESANG - Institut Europ\u00e9en des Musiques Juives","og_description":"Die sch\u00f6nsten Hazzanut-Melodien von Shalmon Berlinski, dem ersten Ministre-Officiant der Gro\u00dfen Synagoge von Paris, t\u00e4tig von 1948 bis 1979","og_url":"https:\/\/www.iemj.org\/de\/shalom-berlinski-le-chant-du-coeur\/","og_site_name":"Institut Europ\u00e9en des Musiques Juives","article_publisher":"https:\/\/www.facebook.com\/MusiquesJuives\/","article_published_time":"2018-01-24T10:46:14+00:00","article_modified_time":"2025-07-03T15:47:00+00:00","og_image":[{"width":427,"height":455,"url":"https:\/\/www.iemj.org\/wp-content\/uploads\/2018\/01\/arton3085.jpg","type":"image\/jpeg"}],"author":"Lea Couderc","twitter_card":"summary_large_image","twitter_misc":{"Verfasst von":"Lea Couderc","Gesch\u00e4tzte Lesezeit":"2\u00a0Minuten"},"schema":{"@context":"https:\/\/schema.org","@graph":[{"@type":"Article","@id":"https:\/\/www.iemj.org\/de\/shalom-berlinski-le-chant-du-coeur\/#article","isPartOf":{"@id":"https:\/\/www.iemj.org\/de\/shalom-berlinski-le-chant-du-coeur\/"},"author":{"name":"Lea Couderc","@id":"https:\/\/www.iemj.org\/de\/#\/schema\/person\/e2ad57f2c4be119c7ed8ab79036807a9"},"headline":"SHALOM BERLINKSI, DER CHORGESANG","datePublished":"2018-01-24T10:46:14+00:00","dateModified":"2025-07-03T15:47:00+00:00","mainEntityOfPage":{"@id":"https:\/\/www.iemj.org\/de\/shalom-berlinski-le-chant-du-coeur\/"},"wordCount":348,"publisher":{"@id":"https:\/\/www.iemj.org\/de\/#organization"},"image":{"@id":"https:\/\/www.iemj.org\/de\/shalom-berlinski-le-chant-du-coeur\/#primaryimage"},"thumbnailUrl":"https:\/\/www.iemj.org\/wp-content\/uploads\/2018\/01\/arton3085.jpg","articleSection":["Playlists"],"inLanguage":"de"},{"@type":"WebPage","@id":"https:\/\/www.iemj.org\/de\/shalom-berlinski-le-chant-du-coeur\/","url":"https:\/\/www.iemj.org\/de\/shalom-berlinski-le-chant-du-coeur\/","name":"SHALOM BERLINKSI, DER CHORGESANG - Institut Europ\u00e9en des Musiques Juives","isPartOf":{"@id":"https:\/\/www.iemj.org\/de\/#website"},"primaryImageOfPage":{"@id":"https:\/\/www.iemj.org\/de\/shalom-berlinski-le-chant-du-coeur\/#primaryimage"},"image":{"@id":"https:\/\/www.iemj.org\/de\/shalom-berlinski-le-chant-du-coeur\/#primaryimage"},"thumbnailUrl":"https:\/\/www.iemj.org\/wp-content\/uploads\/2018\/01\/arton3085.jpg","datePublished":"2018-01-24T10:46:14+00:00","dateModified":"2025-07-03T15:47:00+00:00","breadcrumb":{"@id":"https:\/\/www.iemj.org\/de\/shalom-berlinski-le-chant-du-coeur\/#breadcrumb"},"inLanguage":"de","potentialAction":[{"@type":"ReadAction","target":["https:\/\/www.iemj.org\/de\/shalom-berlinski-le-chant-du-coeur\/"]}]},{"@type":"ImageObject","inLanguage":"de","@id":"https:\/\/www.iemj.org\/de\/shalom-berlinski-le-chant-du-coeur\/#primaryimage","url":"https:\/\/www.iemj.org\/wp-content\/uploads\/2018\/01\/arton3085.jpg","contentUrl":"https:\/\/www.iemj.org\/wp-content\/uploads\/2018\/01\/arton3085.jpg","width":427,"height":455},{"@type":"BreadcrumbList","@id":"https:\/\/www.iemj.org\/de\/shalom-berlinski-le-chant-du-coeur\/#breadcrumb","itemListElement":[{"@type":"ListItem","position":1,"name":"Accueil","item":"https:\/\/www.iemj.org\/de\/"},{"@type":"ListItem","position":2,"name":"SHALOM BERLINKSI, DER CHORGESANG"}]},{"@type":"WebSite","@id":"https:\/\/www.iemj.org\/de\/#website","url":"https:\/\/www.iemj.org\/de\/","name":"Institut Europ\u00e9en des Musiques Juives","description":"Des traditions musicales \u00e0 la port\u00e9e de tous","publisher":{"@id":"https:\/\/www.iemj.org\/de\/#organization"},"potentialAction":[{"@type":"SearchAction","target":{"@type":"EntryPoint","urlTemplate":"https:\/\/www.iemj.org\/de\/?s={search_term_string}"},"query-input":{"@type":"PropertyValueSpecification","valueRequired":true,"valueName":"search_term_string"}}],"inLanguage":"de"},{"@type":"Organization","@id":"https:\/\/www.iemj.org\/de\/#organization","name":"Institut Europ\u00e9en des Musiques Juives","url":"https:\/\/www.iemj.org\/de\/","logo":{"@type":"ImageObject","inLanguage":"de","@id":"https:\/\/www.iemj.org\/de\/#\/schema\/logo\/image\/","url":"https:\/\/www.iemj.org\/wp-content\/uploads\/2021\/09\/Logo-IEMJ-Paypal.jpg","contentUrl":"https:\/\/www.iemj.org\/wp-content\/uploads\/2021\/09\/Logo-IEMJ-Paypal.jpg","width":150,"height":50,"caption":"Institut Europ\u00e9en des Musiques Juives"},"image":{"@id":"https:\/\/www.iemj.org\/de\/#\/schema\/logo\/image\/"},"sameAs":["https:\/\/www.facebook.com\/MusiquesJuives\/","https:\/\/www.instagram.com\/musiquesjuives\/","https:\/\/www.youtube.com\/user\/musiquesjuives"]},{"@type":"Person","@id":"https:\/\/www.iemj.org\/de\/#\/schema\/person\/e2ad57f2c4be119c7ed8ab79036807a9","name":"Lea Couderc","image":{"@type":"ImageObject","inLanguage":"de","@id":"https:\/\/secure.gravatar.com\/avatar\/46ee021475d60aeff17a7e490b79dea5a5684bb392ab7fd1494027411df8ba23?s=96&d=mm&r=g","url":"https:\/\/secure.gravatar.com\/avatar\/46ee021475d60aeff17a7e490b79dea5a5684bb392ab7fd1494027411df8ba23?s=96&d=mm&r=g","contentUrl":"https:\/\/secure.gravatar.com\/avatar\/46ee021475d60aeff17a7e490b79dea5a5684bb392ab7fd1494027411df8ba23?s=96&d=mm&r=g","caption":"Lea Couderc"}}]}},"_links":{"self":[{"href":"https:\/\/www.iemj.org\/de\/wp-json\/wp\/v2\/posts\/72858","targetHints":{"allow":["GET"]}}],"collection":[{"href":"https:\/\/www.iemj.org\/de\/wp-json\/wp\/v2\/posts"}],"about":[{"href":"https:\/\/www.iemj.org\/de\/wp-json\/wp\/v2\/types\/post"}],"author":[{"embeddable":true,"href":"https:\/\/www.iemj.org\/de\/wp-json\/wp\/v2\/users\/1052"}],"replies":[{"embeddable":true,"href":"https:\/\/www.iemj.org\/de\/wp-json\/wp\/v2\/comments?post=72858"}],"version-history":[{"count":0,"href":"https:\/\/www.iemj.org\/de\/wp-json\/wp\/v2\/posts\/72858\/revisions"}],"wp:featuredmedia":[{"embeddable":true,"href":"https:\/\/www.iemj.org\/de\/wp-json\/wp\/v2\/media\/72859"}],"wp:attachment":[{"href":"https:\/\/www.iemj.org\/de\/wp-json\/wp\/v2\/media?parent=72858"}],"wp:term":[{"taxonomy":"category","embeddable":true,"href":"https:\/\/www.iemj.org\/de\/wp-json\/wp\/v2\/categories?post=72858"},{"taxonomy":"post_tag","embeddable":true,"href":"https:\/\/www.iemj.org\/de\/wp-json\/wp\/v2\/tags?post=72858"},{"taxonomy":"technique","embeddable":true,"href":"https:\/\/www.iemj.org\/de\/wp-json\/wp\/v2\/technique?post=72858"},{"taxonomy":"squelettes","embeddable":true,"href":"https:\/\/www.iemj.org\/de\/wp-json\/wp\/v2\/squelettes?post=72858"},{"taxonomy":"sujet","embeddable":true,"href":"https:\/\/www.iemj.org\/de\/wp-json\/wp\/v2\/sujet?post=72858"},{"taxonomy":"formation","embeddable":true,"href":"https:\/\/www.iemj.org\/de\/wp-json\/wp\/v2\/formation?post=72858"},{"taxonomy":"genre","embeddable":true,"href":"https:\/\/www.iemj.org\/de\/wp-json\/wp\/v2\/genre?post=72858"},{"taxonomy":"fonds","embeddable":true,"href":"https:\/\/www.iemj.org\/de\/wp-json\/wp\/v2\/fonds?post=72858"},{"taxonomy":"tradition","embeddable":true,"href":"https:\/\/www.iemj.org\/de\/wp-json\/wp\/v2\/tradition?post=72858"},{"taxonomy":"type-de-contenu","embeddable":true,"href":"https:\/\/www.iemj.org\/de\/wp-json\/wp\/v2\/type-de-contenu?post=72858"},{"taxonomy":"interprete-compositeur","embeddable":true,"href":"https:\/\/www.iemj.org\/de\/wp-json\/wp\/v2\/interprete-compositeur?post=72858"},{"taxonomy":"frise","embeddable":true,"href":"https:\/\/www.iemj.org\/de\/wp-json\/wp\/v2\/frise?post=72858"},{"taxonomy":"type-devenement","embeddable":true,"href":"https:\/\/www.iemj.org\/de\/wp-json\/wp\/v2\/type-devenement?post=72858"},{"taxonomy":"tableaux-liens-externes","embeddable":true,"href":"https:\/\/www.iemj.org\/de\/wp-json\/wp\/v2\/tableaux-liens-externes?post=72858"}],"curies":[{"name":"wp","href":"https:\/\/api.w.org\/{rel}","templated":true}]}}