{"id":72933,"date":"2017-12-12T14:38:58","date_gmt":"2017-12-12T13:38:58","guid":{"rendered":"https:\/\/www.iemj.org\/comptines-et-autres-chansons-enfantines-2\/"},"modified":"2025-06-19T16:44:52","modified_gmt":"2025-06-19T14:44:52","slug":"comptines-et-autres-chansons-enfantines-2","status":"publish","type":"post","link":"https:\/\/www.iemj.org\/de\/comptines-et-autres-chansons-enfantines-2\/","title":{"rendered":"ABZ\u00c4HLREIME UND ANDERE KINDERLIEDER 2"},"content":{"rendered":"<p><strong>Repertoire der Lieder f\u00fcr Kinder<\/strong><\/p>\n<p><!--more--><img decoding=\"async\" class=\"wp-image-17123 alignright\" src=\"https:\/\/www.iemj.org\/wp-content\/uploads\/2017\/12\/doc_1_comptines_2_500px_42.jpg\" alt=\"doc_1_comptines_2_500px_42.jpg\" width=\"125\" height=\"132\" align=\"middle\" \/><\/p>\n<p>Hinter der scheinbaren melodischen und rhythmischen Einfachheit von Kinderliedern verbirg sich oft ein p\u00e4dagogischer Zweck. Kinderreime werden in der Regel durch die m\u00fcndliche \u00dcberlieferung weitergegeben, genau wie Sprichw\u00f6rter, Redewendungen oder M\u00e4rchen. Dabei erleichtern der Rhythmus und der Form des Sprechchors das Erlernen.<\/p>\n<p>In dieser Playlist ist insbesondere eine Aufnahme des hebr\u00e4ischen Alphabets enthalten, welche von Kindern im Jemen gesungen wird \u201eAleph-bet : Apprentissage chant\u00e9 de l\u2019alphabet, Y\u00e9men\u201c. Diese Aufnahme ist in dem von Herv\u00e9 Roten geschriebenen Werk (welches von einer CD begleitet wird) enthalten: <a href=\"https:\/\/www.iemj.org\/de\/musiques-liturgiques-juives\/\">Musiques liturgiques juives : Parcours et escales de Herv\u00e9 Roten<\/a><\/p>\n<p><a href=\"https:\/\/www.iemj.org\/de\/comptines-et-autres-chansons-enfantines-1\/\" target=\"_blank\" rel=\"noopener\">H\u00f6ren Sie sich die erste Playlist an: Abz\u00e4hlreime und andere Kinderreime<\/a><\/p>\n<p><img fetchpriority=\"high\" decoding=\"async\" class=\"wp-image-17121 alignleft\" src=\"https:\/\/www.iemj.org\/wp-content\/uploads\/2017\/12\/doc_2_comptines_2_500px_45.jpg\" alt=\"doc_2_comptines_2_500px_45.jpg\" width=\"359\" height=\"427\" align=\"right\" \/><\/p>\n<\/p>\n\n\n<h2 class=\"wp-block-heading\"><\/h2>\n\n\n\n<div class=\"wp-block-file\"><a href=\"https:\/\/www.iemj.org\/wp-content\/uploads\/2017\/12\/a_family_extrait_-_ruth_rubin.mp3\">A family (EXTRAIT) &#8211; Ruth Rubin<\/a><\/div>\n\n\n\n<div class=\"wp-block-file\"><a href=\"https:\/\/www.iemj.org\/wp-content\/uploads\/2017\/12\/adlakat_hanerot_extrait_-_chansons_de_hanouka.mp3\">Adlakat Hanerot (EXTRAIT) &#8211; Chansons de Hanouka<\/a><\/div>\n\n\n\n<div class=\"wp-block-file\"><a href=\"https:\/\/www.iemj.org\/wp-content\/uploads\/2017\/12\/amavdil_extrait_-_chansons_de_shabbat.mp3\">Amavdil (EXTRAIT) &#8211; Chansons de Shabbat<\/a><\/div>\n\n\n\n<div class=\"wp-block-file\"><a href=\"https:\/\/www.iemj.org\/wp-content\/uploads\/2017\/12\/ani_pourim_extrait_-_chansons_de_pourim.mp3\">Ani Pourim (EXTRAIT) &#8211; Chansons de Pourim<\/a><\/div>\n\n\n\n<div class=\"wp-block-file\"><a href=\"https:\/\/www.iemj.org\/wp-content\/uploads\/2017\/12\/comptine_les_israeliens-_peuples_d_israel.mp3\">Comptine les Isra\u00e9liens &#8211; Peuples d&#8217;Isra\u00ebl<\/a><\/div>\n\n\n\n<div class=\"wp-block-file\"><a href=\"https:\/\/www.iemj.org\/wp-content\/uploads\/2017\/12\/gam_gam_-_les_chevatim.mp3\">Gam Gam &#8211; Les Chevatim<\/a><\/div>\n\n\n\n<div class=\"wp-block-file\"><a href=\"https:\/\/www.iemj.org\/wp-content\/uploads\/2017\/12\/i_ask_-_shoshik_shani.mp3\">I ask &#8211; Shoshik Shani<\/a><\/div>\n\n\n\n<div class=\"wp-block-file\"><a href=\"https:\/\/www.iemj.org\/wp-content\/uploads\/2017\/12\/joyful_choir_-_chava_alberstein.mp3\">Joyful choir &#8211; Chava Alberstein<\/a><\/div>\n\n\n<div class=\"wp-block-image\">\n<figure class=\"aligncenter size-large\"><img decoding=\"async\" width=\"1024\" height=\"133\" src=\"https:\/\/www.iemj.org\/wp-content\/uploads\/2024\/03\/AUDIO-PLAYER-1024x133.png\" alt=\"\" class=\"wp-image-110606\" srcset=\"https:\/\/www.iemj.org\/wp-content\/uploads\/2024\/03\/AUDIO-PLAYER-1024x133.png 1024w, https:\/\/www.iemj.org\/wp-content\/uploads\/2024\/03\/AUDIO-PLAYER-300x39.png 300w, https:\/\/www.iemj.org\/wp-content\/uploads\/2024\/03\/AUDIO-PLAYER-768x100.png 768w, https:\/\/www.iemj.org\/wp-content\/uploads\/2024\/03\/AUDIO-PLAYER-600x78.png 600w, https:\/\/www.iemj.org\/wp-content\/uploads\/2024\/03\/AUDIO-PLAYER.png 1210w\" sizes=\"(max-width: 1024px) 100vw, 1024px\" \/><\/figure>\n<\/div>\n\n\n<div class=\"wp-block-file aligncenter\"><a href=\"https:\/\/www.iemj.org\/wp-content\/uploads\/2017\/12\/lomir_zingen_a_yidish_lid_-_let_s_sing_a_yiddish_song_.mp3\">Lomir Zingen a Yidish Lid &#8211; Let\u2019s Sing a Yiddish Song !<\/a><\/div>\n\n\n\n<div class=\"wp-block-file\"><a href=\"https:\/\/www.iemj.org\/wp-content\/uploads\/2017\/12\/orkhim_lakhag_-_happy_holidays.mp3\">Orkhim Lakhag &#8211; Happy Holidays<\/a><\/div>\n\n\n\n<div class=\"wp-block-file\"><a href=\"https:\/\/www.iemj.org\/wp-content\/uploads\/2017\/12\/shtey_oyf_foyler_bokher_-_let_s_sing_a_yiddish_song_.mp3\">Shtey Oyf Foyler Bokher &#8211; Let\u2019s Sing a Yiddish Song !<\/a><\/div>\n\n\n\n<div class=\"wp-block-file\"><a href=\"https:\/\/www.iemj.org\/wp-content\/uploads\/2017\/12\/tu_peux_sourire_-_les_chevatim.mp3\">Tu peux sourire &#8211; Les Chevatim<\/a><\/div>\n\n\n\n<div class=\"wp-block-file\"><a href=\"https:\/\/www.iemj.org\/wp-content\/uploads\/2017\/12\/yassisse_alaih_-_les_chevatim.mp3\">Yassisse Ala\u00efh &#8211; Les Chevatim<\/a><\/div>\n","protected":false},"excerpt":{"rendered":"<p>Repertoire der Lieder f\u00fcr Kinder<\/p>\n","protected":false},"author":1052,"featured_media":72934,"comment_status":"closed","ping_status":"open","sticky":false,"template":"","format":"standard","meta":{"_acf_changed":false,"footnotes":""},"categories":[1534],"tags":[],"technique":[],"squelettes":[],"sujet":[],"formation":[],"genre":[],"fonds":[],"tradition":[],"type-de-contenu":[],"interprete-compositeur":[],"frise":[],"type-devenement":[],"tableaux-liens-externes":[],"class_list":["post-72933","post","type-post","status-publish","format-standard","has-post-thumbnail","hentry","category-playlists-de"],"acf":[],"yoast_head":"<!-- This site is optimized with the Yoast SEO plugin v27.3 - https:\/\/yoast.com\/product\/yoast-seo-wordpress\/ -->\n<title>ABZ\u00c4HLREIME UND ANDERE KINDERLIEDER 2 - Institut Europ\u00e9en des Musiques Juives<\/title>\n<meta name=\"robots\" content=\"index, follow, max-snippet:-1, max-image-preview:large, max-video-preview:-1\" \/>\n<link rel=\"canonical\" href=\"https:\/\/www.iemj.org\/de\/comptines-et-autres-chansons-enfantines-2\/\" \/>\n<meta property=\"og:locale\" content=\"de_DE\" \/>\n<meta property=\"og:type\" content=\"article\" \/>\n<meta property=\"og:title\" content=\"ABZ\u00c4HLREIME UND ANDERE KINDERLIEDER 2 - Institut Europ\u00e9en des Musiques Juives\" \/>\n<meta property=\"og:description\" content=\"Repertoire der Lieder f\u00fcr Kinder\" \/>\n<meta property=\"og:url\" content=\"https:\/\/www.iemj.org\/de\/comptines-et-autres-chansons-enfantines-2\/\" \/>\n<meta property=\"og:site_name\" content=\"Institut Europ\u00e9en des Musiques Juives\" \/>\n<meta property=\"article:publisher\" content=\"https:\/\/www.facebook.com\/MusiquesJuives\/\" \/>\n<meta property=\"article:published_time\" content=\"2017-12-12T13:38:58+00:00\" \/>\n<meta property=\"article:modified_time\" content=\"2025-06-19T14:44:52+00:00\" \/>\n<meta property=\"og:image\" content=\"https:\/\/www.iemj.org\/wp-content\/uploads\/2017\/12\/arton2875.jpg\" \/>\n\t<meta property=\"og:image:width\" content=\"500\" \/>\n\t<meta property=\"og:image:height\" content=\"252\" \/>\n\t<meta property=\"og:image:type\" content=\"image\/jpeg\" \/>\n<meta name=\"author\" content=\"Lea Couderc\" \/>\n<meta name=\"twitter:card\" content=\"summary_large_image\" \/>\n<meta name=\"twitter:label1\" content=\"Verfasst von\" \/>\n\t<meta name=\"twitter:data1\" content=\"Lea Couderc\" \/>\n\t<meta name=\"twitter:label2\" content=\"Gesch\u00e4tzte Lesezeit\" \/>\n\t<meta name=\"twitter:data2\" content=\"2\u00a0Minuten\" \/>\n<script type=\"application\/ld+json\" class=\"yoast-schema-graph\">{\"@context\":\"https:\\\/\\\/schema.org\",\"@graph\":[{\"@type\":\"Article\",\"@id\":\"https:\\\/\\\/www.iemj.org\\\/de\\\/comptines-et-autres-chansons-enfantines-2\\\/#article\",\"isPartOf\":{\"@id\":\"https:\\\/\\\/www.iemj.org\\\/de\\\/comptines-et-autres-chansons-enfantines-2\\\/\"},\"author\":{\"name\":\"Lea Couderc\",\"@id\":\"https:\\\/\\\/www.iemj.org\\\/de\\\/#\\\/schema\\\/person\\\/e2ad57f2c4be119c7ed8ab79036807a9\"},\"headline\":\"ABZ\u00c4HLREIME UND ANDERE KINDERLIEDER 2\",\"datePublished\":\"2017-12-12T13:38:58+00:00\",\"dateModified\":\"2025-06-19T14:44:52+00:00\",\"mainEntityOfPage\":{\"@id\":\"https:\\\/\\\/www.iemj.org\\\/de\\\/comptines-et-autres-chansons-enfantines-2\\\/\"},\"wordCount\":213,\"publisher\":{\"@id\":\"https:\\\/\\\/www.iemj.org\\\/de\\\/#organization\"},\"image\":{\"@id\":\"https:\\\/\\\/www.iemj.org\\\/de\\\/comptines-et-autres-chansons-enfantines-2\\\/#primaryimage\"},\"thumbnailUrl\":\"https:\\\/\\\/www.iemj.org\\\/wp-content\\\/uploads\\\/2017\\\/12\\\/arton2875.jpg\",\"articleSection\":[\"Playlists\"],\"inLanguage\":\"de\"},{\"@type\":\"WebPage\",\"@id\":\"https:\\\/\\\/www.iemj.org\\\/de\\\/comptines-et-autres-chansons-enfantines-2\\\/\",\"url\":\"https:\\\/\\\/www.iemj.org\\\/de\\\/comptines-et-autres-chansons-enfantines-2\\\/\",\"name\":\"ABZ\u00c4HLREIME UND ANDERE KINDERLIEDER 2 - Institut Europ\u00e9en des Musiques Juives\",\"isPartOf\":{\"@id\":\"https:\\\/\\\/www.iemj.org\\\/de\\\/#website\"},\"primaryImageOfPage\":{\"@id\":\"https:\\\/\\\/www.iemj.org\\\/de\\\/comptines-et-autres-chansons-enfantines-2\\\/#primaryimage\"},\"image\":{\"@id\":\"https:\\\/\\\/www.iemj.org\\\/de\\\/comptines-et-autres-chansons-enfantines-2\\\/#primaryimage\"},\"thumbnailUrl\":\"https:\\\/\\\/www.iemj.org\\\/wp-content\\\/uploads\\\/2017\\\/12\\\/arton2875.jpg\",\"datePublished\":\"2017-12-12T13:38:58+00:00\",\"dateModified\":\"2025-06-19T14:44:52+00:00\",\"breadcrumb\":{\"@id\":\"https:\\\/\\\/www.iemj.org\\\/de\\\/comptines-et-autres-chansons-enfantines-2\\\/#breadcrumb\"},\"inLanguage\":\"de\",\"potentialAction\":[{\"@type\":\"ReadAction\",\"target\":[\"https:\\\/\\\/www.iemj.org\\\/de\\\/comptines-et-autres-chansons-enfantines-2\\\/\"]}]},{\"@type\":\"ImageObject\",\"inLanguage\":\"de\",\"@id\":\"https:\\\/\\\/www.iemj.org\\\/de\\\/comptines-et-autres-chansons-enfantines-2\\\/#primaryimage\",\"url\":\"https:\\\/\\\/www.iemj.org\\\/wp-content\\\/uploads\\\/2017\\\/12\\\/arton2875.jpg\",\"contentUrl\":\"https:\\\/\\\/www.iemj.org\\\/wp-content\\\/uploads\\\/2017\\\/12\\\/arton2875.jpg\",\"width\":500,\"height\":252},{\"@type\":\"BreadcrumbList\",\"@id\":\"https:\\\/\\\/www.iemj.org\\\/de\\\/comptines-et-autres-chansons-enfantines-2\\\/#breadcrumb\",\"itemListElement\":[{\"@type\":\"ListItem\",\"position\":1,\"name\":\"Accueil\",\"item\":\"https:\\\/\\\/www.iemj.org\\\/de\\\/\"},{\"@type\":\"ListItem\",\"position\":2,\"name\":\"ABZ\u00c4HLREIME UND ANDERE KINDERLIEDER 2\"}]},{\"@type\":\"WebSite\",\"@id\":\"https:\\\/\\\/www.iemj.org\\\/de\\\/#website\",\"url\":\"https:\\\/\\\/www.iemj.org\\\/de\\\/\",\"name\":\"Institut Europ\u00e9en des Musiques Juives\",\"description\":\"Des traditions musicales \u00e0 la port\u00e9e de tous\",\"publisher\":{\"@id\":\"https:\\\/\\\/www.iemj.org\\\/de\\\/#organization\"},\"potentialAction\":[{\"@type\":\"SearchAction\",\"target\":{\"@type\":\"EntryPoint\",\"urlTemplate\":\"https:\\\/\\\/www.iemj.org\\\/de\\\/?s={search_term_string}\"},\"query-input\":{\"@type\":\"PropertyValueSpecification\",\"valueRequired\":true,\"valueName\":\"search_term_string\"}}],\"inLanguage\":\"de\"},{\"@type\":\"Organization\",\"@id\":\"https:\\\/\\\/www.iemj.org\\\/de\\\/#organization\",\"name\":\"Institut Europ\u00e9en des Musiques Juives\",\"url\":\"https:\\\/\\\/www.iemj.org\\\/de\\\/\",\"logo\":{\"@type\":\"ImageObject\",\"inLanguage\":\"de\",\"@id\":\"https:\\\/\\\/www.iemj.org\\\/de\\\/#\\\/schema\\\/logo\\\/image\\\/\",\"url\":\"https:\\\/\\\/www.iemj.org\\\/wp-content\\\/uploads\\\/2021\\\/09\\\/Logo-IEMJ-Paypal.jpg\",\"contentUrl\":\"https:\\\/\\\/www.iemj.org\\\/wp-content\\\/uploads\\\/2021\\\/09\\\/Logo-IEMJ-Paypal.jpg\",\"width\":150,\"height\":50,\"caption\":\"Institut Europ\u00e9en des Musiques Juives\"},\"image\":{\"@id\":\"https:\\\/\\\/www.iemj.org\\\/de\\\/#\\\/schema\\\/logo\\\/image\\\/\"},\"sameAs\":[\"https:\\\/\\\/www.facebook.com\\\/MusiquesJuives\\\/\",\"https:\\\/\\\/www.instagram.com\\\/musiquesjuives\\\/\",\"https:\\\/\\\/www.youtube.com\\\/user\\\/musiquesjuives\"]},{\"@type\":\"Person\",\"@id\":\"https:\\\/\\\/www.iemj.org\\\/de\\\/#\\\/schema\\\/person\\\/e2ad57f2c4be119c7ed8ab79036807a9\",\"name\":\"Lea Couderc\",\"image\":{\"@type\":\"ImageObject\",\"inLanguage\":\"de\",\"@id\":\"https:\\\/\\\/secure.gravatar.com\\\/avatar\\\/46ee021475d60aeff17a7e490b79dea5a5684bb392ab7fd1494027411df8ba23?s=96&d=mm&r=g\",\"url\":\"https:\\\/\\\/secure.gravatar.com\\\/avatar\\\/46ee021475d60aeff17a7e490b79dea5a5684bb392ab7fd1494027411df8ba23?s=96&d=mm&r=g\",\"contentUrl\":\"https:\\\/\\\/secure.gravatar.com\\\/avatar\\\/46ee021475d60aeff17a7e490b79dea5a5684bb392ab7fd1494027411df8ba23?s=96&d=mm&r=g\",\"caption\":\"Lea Couderc\"}}]}<\/script>\n<!-- \/ Yoast SEO plugin. -->","yoast_head_json":{"title":"ABZ\u00c4HLREIME UND ANDERE KINDERLIEDER 2 - Institut Europ\u00e9en des Musiques Juives","robots":{"index":"index","follow":"follow","max-snippet":"max-snippet:-1","max-image-preview":"max-image-preview:large","max-video-preview":"max-video-preview:-1"},"canonical":"https:\/\/www.iemj.org\/de\/comptines-et-autres-chansons-enfantines-2\/","og_locale":"de_DE","og_type":"article","og_title":"ABZ\u00c4HLREIME UND ANDERE KINDERLIEDER 2 - Institut Europ\u00e9en des Musiques Juives","og_description":"Repertoire der Lieder f\u00fcr Kinder","og_url":"https:\/\/www.iemj.org\/de\/comptines-et-autres-chansons-enfantines-2\/","og_site_name":"Institut Europ\u00e9en des Musiques Juives","article_publisher":"https:\/\/www.facebook.com\/MusiquesJuives\/","article_published_time":"2017-12-12T13:38:58+00:00","article_modified_time":"2025-06-19T14:44:52+00:00","og_image":[{"width":500,"height":252,"url":"https:\/\/www.iemj.org\/wp-content\/uploads\/2017\/12\/arton2875.jpg","type":"image\/jpeg"}],"author":"Lea Couderc","twitter_card":"summary_large_image","twitter_misc":{"Verfasst von":"Lea Couderc","Gesch\u00e4tzte Lesezeit":"2\u00a0Minuten"},"schema":{"@context":"https:\/\/schema.org","@graph":[{"@type":"Article","@id":"https:\/\/www.iemj.org\/de\/comptines-et-autres-chansons-enfantines-2\/#article","isPartOf":{"@id":"https:\/\/www.iemj.org\/de\/comptines-et-autres-chansons-enfantines-2\/"},"author":{"name":"Lea Couderc","@id":"https:\/\/www.iemj.org\/de\/#\/schema\/person\/e2ad57f2c4be119c7ed8ab79036807a9"},"headline":"ABZ\u00c4HLREIME UND ANDERE KINDERLIEDER 2","datePublished":"2017-12-12T13:38:58+00:00","dateModified":"2025-06-19T14:44:52+00:00","mainEntityOfPage":{"@id":"https:\/\/www.iemj.org\/de\/comptines-et-autres-chansons-enfantines-2\/"},"wordCount":213,"publisher":{"@id":"https:\/\/www.iemj.org\/de\/#organization"},"image":{"@id":"https:\/\/www.iemj.org\/de\/comptines-et-autres-chansons-enfantines-2\/#primaryimage"},"thumbnailUrl":"https:\/\/www.iemj.org\/wp-content\/uploads\/2017\/12\/arton2875.jpg","articleSection":["Playlists"],"inLanguage":"de"},{"@type":"WebPage","@id":"https:\/\/www.iemj.org\/de\/comptines-et-autres-chansons-enfantines-2\/","url":"https:\/\/www.iemj.org\/de\/comptines-et-autres-chansons-enfantines-2\/","name":"ABZ\u00c4HLREIME UND ANDERE KINDERLIEDER 2 - Institut Europ\u00e9en des Musiques Juives","isPartOf":{"@id":"https:\/\/www.iemj.org\/de\/#website"},"primaryImageOfPage":{"@id":"https:\/\/www.iemj.org\/de\/comptines-et-autres-chansons-enfantines-2\/#primaryimage"},"image":{"@id":"https:\/\/www.iemj.org\/de\/comptines-et-autres-chansons-enfantines-2\/#primaryimage"},"thumbnailUrl":"https:\/\/www.iemj.org\/wp-content\/uploads\/2017\/12\/arton2875.jpg","datePublished":"2017-12-12T13:38:58+00:00","dateModified":"2025-06-19T14:44:52+00:00","breadcrumb":{"@id":"https:\/\/www.iemj.org\/de\/comptines-et-autres-chansons-enfantines-2\/#breadcrumb"},"inLanguage":"de","potentialAction":[{"@type":"ReadAction","target":["https:\/\/www.iemj.org\/de\/comptines-et-autres-chansons-enfantines-2\/"]}]},{"@type":"ImageObject","inLanguage":"de","@id":"https:\/\/www.iemj.org\/de\/comptines-et-autres-chansons-enfantines-2\/#primaryimage","url":"https:\/\/www.iemj.org\/wp-content\/uploads\/2017\/12\/arton2875.jpg","contentUrl":"https:\/\/www.iemj.org\/wp-content\/uploads\/2017\/12\/arton2875.jpg","width":500,"height":252},{"@type":"BreadcrumbList","@id":"https:\/\/www.iemj.org\/de\/comptines-et-autres-chansons-enfantines-2\/#breadcrumb","itemListElement":[{"@type":"ListItem","position":1,"name":"Accueil","item":"https:\/\/www.iemj.org\/de\/"},{"@type":"ListItem","position":2,"name":"ABZ\u00c4HLREIME UND ANDERE KINDERLIEDER 2"}]},{"@type":"WebSite","@id":"https:\/\/www.iemj.org\/de\/#website","url":"https:\/\/www.iemj.org\/de\/","name":"Institut Europ\u00e9en des Musiques Juives","description":"Des traditions musicales \u00e0 la port\u00e9e de tous","publisher":{"@id":"https:\/\/www.iemj.org\/de\/#organization"},"potentialAction":[{"@type":"SearchAction","target":{"@type":"EntryPoint","urlTemplate":"https:\/\/www.iemj.org\/de\/?s={search_term_string}"},"query-input":{"@type":"PropertyValueSpecification","valueRequired":true,"valueName":"search_term_string"}}],"inLanguage":"de"},{"@type":"Organization","@id":"https:\/\/www.iemj.org\/de\/#organization","name":"Institut Europ\u00e9en des Musiques Juives","url":"https:\/\/www.iemj.org\/de\/","logo":{"@type":"ImageObject","inLanguage":"de","@id":"https:\/\/www.iemj.org\/de\/#\/schema\/logo\/image\/","url":"https:\/\/www.iemj.org\/wp-content\/uploads\/2021\/09\/Logo-IEMJ-Paypal.jpg","contentUrl":"https:\/\/www.iemj.org\/wp-content\/uploads\/2021\/09\/Logo-IEMJ-Paypal.jpg","width":150,"height":50,"caption":"Institut Europ\u00e9en des Musiques Juives"},"image":{"@id":"https:\/\/www.iemj.org\/de\/#\/schema\/logo\/image\/"},"sameAs":["https:\/\/www.facebook.com\/MusiquesJuives\/","https:\/\/www.instagram.com\/musiquesjuives\/","https:\/\/www.youtube.com\/user\/musiquesjuives"]},{"@type":"Person","@id":"https:\/\/www.iemj.org\/de\/#\/schema\/person\/e2ad57f2c4be119c7ed8ab79036807a9","name":"Lea Couderc","image":{"@type":"ImageObject","inLanguage":"de","@id":"https:\/\/secure.gravatar.com\/avatar\/46ee021475d60aeff17a7e490b79dea5a5684bb392ab7fd1494027411df8ba23?s=96&d=mm&r=g","url":"https:\/\/secure.gravatar.com\/avatar\/46ee021475d60aeff17a7e490b79dea5a5684bb392ab7fd1494027411df8ba23?s=96&d=mm&r=g","contentUrl":"https:\/\/secure.gravatar.com\/avatar\/46ee021475d60aeff17a7e490b79dea5a5684bb392ab7fd1494027411df8ba23?s=96&d=mm&r=g","caption":"Lea Couderc"}}]}},"_links":{"self":[{"href":"https:\/\/www.iemj.org\/de\/wp-json\/wp\/v2\/posts\/72933","targetHints":{"allow":["GET"]}}],"collection":[{"href":"https:\/\/www.iemj.org\/de\/wp-json\/wp\/v2\/posts"}],"about":[{"href":"https:\/\/www.iemj.org\/de\/wp-json\/wp\/v2\/types\/post"}],"author":[{"embeddable":true,"href":"https:\/\/www.iemj.org\/de\/wp-json\/wp\/v2\/users\/1052"}],"replies":[{"embeddable":true,"href":"https:\/\/www.iemj.org\/de\/wp-json\/wp\/v2\/comments?post=72933"}],"version-history":[{"count":0,"href":"https:\/\/www.iemj.org\/de\/wp-json\/wp\/v2\/posts\/72933\/revisions"}],"wp:featuredmedia":[{"embeddable":true,"href":"https:\/\/www.iemj.org\/de\/wp-json\/wp\/v2\/media\/72934"}],"wp:attachment":[{"href":"https:\/\/www.iemj.org\/de\/wp-json\/wp\/v2\/media?parent=72933"}],"wp:term":[{"taxonomy":"category","embeddable":true,"href":"https:\/\/www.iemj.org\/de\/wp-json\/wp\/v2\/categories?post=72933"},{"taxonomy":"post_tag","embeddable":true,"href":"https:\/\/www.iemj.org\/de\/wp-json\/wp\/v2\/tags?post=72933"},{"taxonomy":"technique","embeddable":true,"href":"https:\/\/www.iemj.org\/de\/wp-json\/wp\/v2\/technique?post=72933"},{"taxonomy":"squelettes","embeddable":true,"href":"https:\/\/www.iemj.org\/de\/wp-json\/wp\/v2\/squelettes?post=72933"},{"taxonomy":"sujet","embeddable":true,"href":"https:\/\/www.iemj.org\/de\/wp-json\/wp\/v2\/sujet?post=72933"},{"taxonomy":"formation","embeddable":true,"href":"https:\/\/www.iemj.org\/de\/wp-json\/wp\/v2\/formation?post=72933"},{"taxonomy":"genre","embeddable":true,"href":"https:\/\/www.iemj.org\/de\/wp-json\/wp\/v2\/genre?post=72933"},{"taxonomy":"fonds","embeddable":true,"href":"https:\/\/www.iemj.org\/de\/wp-json\/wp\/v2\/fonds?post=72933"},{"taxonomy":"tradition","embeddable":true,"href":"https:\/\/www.iemj.org\/de\/wp-json\/wp\/v2\/tradition?post=72933"},{"taxonomy":"type-de-contenu","embeddable":true,"href":"https:\/\/www.iemj.org\/de\/wp-json\/wp\/v2\/type-de-contenu?post=72933"},{"taxonomy":"interprete-compositeur","embeddable":true,"href":"https:\/\/www.iemj.org\/de\/wp-json\/wp\/v2\/interprete-compositeur?post=72933"},{"taxonomy":"frise","embeddable":true,"href":"https:\/\/www.iemj.org\/de\/wp-json\/wp\/v2\/frise?post=72933"},{"taxonomy":"type-devenement","embeddable":true,"href":"https:\/\/www.iemj.org\/de\/wp-json\/wp\/v2\/type-devenement?post=72933"},{"taxonomy":"tableaux-liens-externes","embeddable":true,"href":"https:\/\/www.iemj.org\/de\/wp-json\/wp\/v2\/tableaux-liens-externes?post=72933"}],"curies":[{"name":"wp","href":"https:\/\/api.w.org\/{rel}","templated":true}]}}