{"id":72966,"date":"2017-12-06T11:16:19","date_gmt":"2017-12-06T10:16:19","guid":{"rendered":"https:\/\/www.iemj.org\/le-chant-des-prieres-dans-le-rite-algerois\/"},"modified":"2025-06-19T16:33:14","modified_gmt":"2025-06-19T14:33:14","slug":"le-chant-des-prieres-dans-le-rite-algerois","status":"publish","type":"post","link":"https:\/\/www.iemj.org\/de\/le-chant-des-prieres-dans-le-rite-algerois\/","title":{"rendered":"DIE GEBETSGES\u00c4NGE IM ALGERISCHEN RITUS"},"content":{"rendered":"<p><strong>Eine Auswahl der Gebete, dargeboten von Zabulon Sebban (1911-1983), der von 1927 bis 1961 als Hazzan im Gro\u00dfen Tempel von Algier t\u00e4tig war<\/strong><\/p>\n<p><!--more--><span style=\"font-size: inherit;\">In seiner Jugend besuchte <\/span><a style=\"font-size: inherit;\" href=\"https:\/\/www.iemj.org\/de\/sebban-zabulon-1911-1983\/\" target=\"_blank\" rel=\"noopener\">Zabulon Sebban <\/a>das Rabbinerseminar \u201eEts Ha\u00efm\u201c in Algier, dabei sollten zwei seiner Kommilitonen sp\u00e4ter zu bekannten Rabbinern werden: Meyer Ja\u00efs (in Paris) und Simon Morali (erst in Nancy dann in Nizza). Durch seine Lehrer (den Gro\u00dfrabbiner Dayan Isaac Hanoune, sowie die beiden Gro\u00dfrabbiner Loufrani und Isaac Morali) erwarb er eine umfassende Kenntnis der heiligen Texte und entdeckte zudem sein Interesse f\u00fcr das Textstudium.<\/p>\n<p>Von 1927 bis 1961 war er als ehrenamtlicher Hazzan, erst im Gro\u00dfen Tempel von Algier, dann in der kleinen Synagoge der Rue Sainte t\u00e4tig und brillierte dabei in der traditionellen Liturgie. Singen, teilen und gleichzeitig lehren, das tat er durch bewusste Pausen oder den Rhythmus, mit welchen er dieses oder jenes Wort (oder auch nur eine Silbe) bedachte, welche sich als besonders wichtig, f\u00fcr das bessere Verst\u00e4ndnis des Gebets erweisen sollte. Seine sanfte, warme und anpassungsf\u00e4hige Stimme gab Einblick in die Herkunft der Melodien: Spanien, Portugal, Marokko, Algier\u2026<\/p>\n\n\n<figure class=\"wp-block-image size-large\"><img fetchpriority=\"high\" decoding=\"async\" width=\"1024\" height=\"133\" src=\"https:\/\/www.iemj.org\/wp-content\/uploads\/2024\/03\/AUDIO-PLAYER-1024x133.png\" alt=\"\" class=\"wp-image-110606\" srcset=\"https:\/\/www.iemj.org\/wp-content\/uploads\/2024\/03\/AUDIO-PLAYER-1024x133.png 1024w, https:\/\/www.iemj.org\/wp-content\/uploads\/2024\/03\/AUDIO-PLAYER-300x39.png 300w, https:\/\/www.iemj.org\/wp-content\/uploads\/2024\/03\/AUDIO-PLAYER-768x100.png 768w, https:\/\/www.iemj.org\/wp-content\/uploads\/2024\/03\/AUDIO-PLAYER-600x78.png 600w, https:\/\/www.iemj.org\/wp-content\/uploads\/2024\/03\/AUDIO-PLAYER.png 1210w\" sizes=\"(max-width: 1024px) 100vw, 1024px\" \/><\/figure>\n\n\n\n<h2 class=\"wp-block-heading\"><\/h2>\n\n\n\n<div class=\"wp-block-file\"><a href=\"https:\/\/www.iemj.org\/wp-content\/uploads\/2015\/09\/26._keter_du_moussaf_-_tonalite_solennelle.mp3\">26 K\u00e9ter du Moussaf \u2013 Tonalit\u00e9   solennelle<\/a><\/div>\n\n\n\n<div class=\"wp-block-file\"><a href=\"https:\/\/www.iemj.org\/wp-content\/uploads\/2015\/09\/25._keter_du_moussaf_-_tonalite_joyeuse.mp3\">25 K\u00e9ter du Moussaf \u2013 Tonalit\u00e9   joyeuse<\/a><\/div>\n\n\n\n<div class=\"wp-block-file\"><a href=\"https:\/\/www.iemj.org\/wp-content\/uploads\/2015\/09\/24._keter_du_moussaf_-_tonalite_orientale.mp3\">24 K\u00e9ter du Moussaf \u2013 Tonalit\u00e9   orientale<\/a><\/div>\n\n\n\n<div class=\"wp-block-file\"><a href=\"https:\/\/www.iemj.org\/wp-content\/uploads\/2015\/09\/23._keter_du_moussaf_-_chabbat_et_fetes_-_tonalite_nostalgique.mp3\">23 K\u00e9ter du Moussaf &#8211; Chabbat et   f\u00eates \u2013 Tonalit\u00e9 nostalgique<\/a><\/div>\n\n\n\n<div class=\"wp-block-file\"><a href=\"https:\/\/www.iemj.org\/wp-content\/uploads\/2015\/09\/22._benedictions_apres_la_lecture_de_la_haftara.mp3\">22 B\u00e9n\u00e9dictions apr\u00e8s la lecture de   la Haftara<\/a><\/div>\n\n\n\n<div class=\"wp-block-file\"><a href=\"https:\/\/www.iemj.org\/wp-content\/uploads\/2015\/09\/21._benedictions_avant_la_lecture_de_la_haftara.mp3\">21 B\u00e9n\u00e9dictions avant la lecture de la Haftara<\/a><\/div>\n\n\n\n<div class=\"wp-block-file\"><a href=\"https:\/\/www.iemj.org\/wp-content\/uploads\/2015\/09\/20._les_ta_amim.mp3\">20 Les Ta amim<\/a><\/div>\n\n\n\n<div class=\"wp-block-file\"><a href=\"https:\/\/www.iemj.org\/wp-content\/uploads\/2015\/09\/19._paracha_nasso.mp3\">19 Paracha NASSO<\/a><\/div>\n\n\n\n<div class=\"wp-block-file\"><a href=\"https:\/\/www.iemj.org\/wp-content\/uploads\/2015\/09\/18._paracha_des_3_fetes_emor.mp3\">18 Paracha des 3 F\u00eates EMOR<\/a><\/div>\n\n\n\n<div class=\"wp-block-file\"><a href=\"https:\/\/www.iemj.org\/wp-content\/uploads\/2015\/09\/17._paracha_michpatim_derniers_versets.mp3\">17 Paracha MICHPATIM_Derniers versets<\/a><\/div>\n\n\n\n<div class=\"wp-block-file\"><a href=\"https:\/\/www.iemj.org\/wp-content\/uploads\/2015\/09\/16._paracha_yitro.mp3\">16 Paracha YITRO<\/a><\/div>\n\n\n\n<div class=\"wp-block-file\"><a href=\"https:\/\/www.iemj.org\/wp-content\/uploads\/2015\/09\/15._maphtir_paracha_bechalah_suivi_du_debut_de_la_paracha_yitro.mp3\">15 Maphtir Paracha BECHALAH suivi du d\u00e9but de la Paracha YITRO<\/a><\/div>\n\n\n\n<div class=\"wp-block-file\"><a href=\"https:\/\/www.iemj.org\/wp-content\/uploads\/2015\/09\/14._paracha_bechalah_.mp3\">14 Paracha BECHALAH<\/a><\/div>\n\n\n\n<div class=\"wp-block-file\"><a href=\"https:\/\/www.iemj.org\/wp-content\/uploads\/2015\/09\/13._paracha_vayeh_i.mp3\">13 Paracha VAYEH I<\/a><\/div>\n\n\n\n<div class=\"wp-block-file\"><a href=\"https:\/\/www.iemj.org\/wp-content\/uploads\/2015\/09\/12._paracha_berechit.mp3\">12 Paracha BERECHIT<\/a><\/div>\n\n\n\n<div class=\"wp-block-file\"><a href=\"https:\/\/www.iemj.org\/wp-content\/uploads\/2015\/09\/11._torah_tsiva-lanou.mp3\">11 TORAH TSIVA-LANOU<\/a><\/div>\n\n\n\n<div class=\"wp-block-file\"><a href=\"https:\/\/www.iemj.org\/wp-content\/uploads\/2015\/09\/10._kaddiche.mp3\">10 KADDICHE<\/a><\/div>\n\n\n\n<div class=\"wp-block-file\"><a href=\"https:\/\/www.iemj.org\/wp-content\/uploads\/2015\/09\/9._birkat_cohanim.mp3\">9 BIRKAT COHANIM<\/a><\/div>\n\n\n\n<div class=\"wp-block-file\"><a href=\"https:\/\/www.iemj.org\/wp-content\/uploads\/2015\/09\/8._keddousha_et_amida.mp3\">8 KEDDOUSHA et AMIDA<\/a><\/div>\n\n\n\n<div class=\"wp-block-file\"><a href=\"https:\/\/www.iemj.org\/wp-content\/uploads\/2015\/09\/7._barekhou_du_yotser_or.mp3\">7 BAREKHOU du YOTSER OR<\/a><\/div>\n\n\n\n<div class=\"wp-block-file\"><a href=\"https:\/\/www.iemj.org\/wp-content\/uploads\/2015\/09\/6._kaddiche.mp3\">6 KADDICHE<\/a><\/div>\n\n\n\n<div class=\"wp-block-file\"><a href=\"https:\/\/www.iemj.org\/wp-content\/uploads\/2015\/09\/5._ribon_kol-hama_assim.mp3\">5 RIBON KOL-HAMA ASSIM<\/a><\/div>\n\n\n\n<div class=\"wp-block-file\"><a href=\"https:\/\/www.iemj.org\/wp-content\/uploads\/2015\/09\/4._nichmat_kol_h_ai.mp3\">4 NICHMAT KOL H A\u00cf<\/a><\/div>\n\n\n\n<div class=\"wp-block-file\"><a href=\"https:\/\/www.iemj.org\/wp-content\/uploads\/2015\/09\/3._vayevarekh_david.mp3\">3 VAYEVAREKH DAVID<\/a><\/div>\n\n\n\n<div class=\"wp-block-file\"><a href=\"https:\/\/www.iemj.org\/wp-content\/uploads\/2015\/09\/2._hachem_melekh.mp3\">2 HACHEM MELEKH<\/a><\/div>\n\n\n\n<div class=\"wp-block-file\"><a href=\"https:\/\/www.iemj.org\/wp-content\/uploads\/2015\/09\/1._hachem_melekh.mp3\">1 HACHEM MELEKH<\/a><\/div>\n","protected":false},"excerpt":{"rendered":"<p>Eine Auswahl der Gebete, dargeboten von Zabulon Sebban (1911-1983), der von 1927 bis 1961 als Hazzan im Gro\u00dfen Tempel von Algier t\u00e4tig war<\/p>\n","protected":false},"author":1052,"featured_media":72967,"comment_status":"closed","ping_status":"open","sticky":false,"template":"","format":"standard","meta":{"_acf_changed":false,"footnotes":""},"categories":[1534],"tags":[],"technique":[],"squelettes":[],"sujet":[2095,1810],"formation":[],"genre":[1891],"fonds":[],"tradition":[1966],"type-de-contenu":[],"interprete-compositeur":[3316],"frise":[],"type-devenement":[],"tableaux-liens-externes":[],"class_list":["post-72966","post","type-post","status-publish","format-standard","has-post-thumbnail","hentry","category-playlists-de","sujet-biblische-akzente-teamim-de","sujet-parachot-de","genre-liturgie-de","tradition-sephardischer-ritus-de","interprete-compositeur-zabulon-sebban-de"],"acf":[],"yoast_head":"<!-- This site is optimized with the Yoast SEO plugin v27.3 - https:\/\/yoast.com\/product\/yoast-seo-wordpress\/ -->\n<title>DIE GEBETSGES\u00c4NGE IM ALGERISCHEN RITUS - Institut Europ\u00e9en des Musiques Juives<\/title>\n<meta name=\"robots\" content=\"index, follow, max-snippet:-1, max-image-preview:large, max-video-preview:-1\" \/>\n<link rel=\"canonical\" href=\"https:\/\/www.iemj.org\/de\/le-chant-des-prieres-dans-le-rite-algerois\/\" \/>\n<meta property=\"og:locale\" content=\"de_DE\" \/>\n<meta property=\"og:type\" content=\"article\" \/>\n<meta property=\"og:title\" content=\"DIE GEBETSGES\u00c4NGE IM ALGERISCHEN RITUS - Institut Europ\u00e9en des Musiques Juives\" \/>\n<meta property=\"og:description\" content=\"Eine Auswahl der Gebete, dargeboten von Zabulon Sebban (1911-1983), der von 1927 bis 1961 als Hazzan im Gro\u00dfen Tempel von Algier t\u00e4tig war\" \/>\n<meta property=\"og:url\" content=\"https:\/\/www.iemj.org\/de\/le-chant-des-prieres-dans-le-rite-algerois\/\" \/>\n<meta property=\"og:site_name\" content=\"Institut Europ\u00e9en des Musiques Juives\" \/>\n<meta property=\"article:publisher\" content=\"https:\/\/www.facebook.com\/MusiquesJuives\/\" \/>\n<meta property=\"article:published_time\" content=\"2017-12-06T10:16:19+00:00\" \/>\n<meta property=\"article:modified_time\" content=\"2025-06-19T14:33:14+00:00\" \/>\n<meta property=\"og:image\" content=\"https:\/\/www.iemj.org\/wp-content\/uploads\/2017\/12\/arton2857.jpg\" \/>\n\t<meta property=\"og:image:width\" content=\"341\" \/>\n\t<meta property=\"og:image:height\" content=\"373\" \/>\n\t<meta property=\"og:image:type\" content=\"image\/jpeg\" \/>\n<meta name=\"author\" content=\"Lea Couderc\" \/>\n<meta name=\"twitter:card\" content=\"summary_large_image\" \/>\n<meta name=\"twitter:label1\" content=\"Verfasst von\" \/>\n\t<meta name=\"twitter:data1\" content=\"Lea Couderc\" \/>\n\t<meta name=\"twitter:label2\" content=\"Gesch\u00e4tzte Lesezeit\" \/>\n\t<meta name=\"twitter:data2\" content=\"2\u00a0Minuten\" \/>\n<script type=\"application\/ld+json\" class=\"yoast-schema-graph\">{\"@context\":\"https:\\\/\\\/schema.org\",\"@graph\":[{\"@type\":\"Article\",\"@id\":\"https:\\\/\\\/www.iemj.org\\\/de\\\/le-chant-des-prieres-dans-le-rite-algerois\\\/#article\",\"isPartOf\":{\"@id\":\"https:\\\/\\\/www.iemj.org\\\/de\\\/le-chant-des-prieres-dans-le-rite-algerois\\\/\"},\"author\":{\"name\":\"Lea Couderc\",\"@id\":\"https:\\\/\\\/www.iemj.org\\\/de\\\/#\\\/schema\\\/person\\\/e2ad57f2c4be119c7ed8ab79036807a9\"},\"headline\":\"DIE GEBETSGES\u00c4NGE IM ALGERISCHEN RITUS\",\"datePublished\":\"2017-12-06T10:16:19+00:00\",\"dateModified\":\"2025-06-19T14:33:14+00:00\",\"mainEntityOfPage\":{\"@id\":\"https:\\\/\\\/www.iemj.org\\\/de\\\/le-chant-des-prieres-dans-le-rite-algerois\\\/\"},\"wordCount\":301,\"publisher\":{\"@id\":\"https:\\\/\\\/www.iemj.org\\\/de\\\/#organization\"},\"image\":{\"@id\":\"https:\\\/\\\/www.iemj.org\\\/de\\\/le-chant-des-prieres-dans-le-rite-algerois\\\/#primaryimage\"},\"thumbnailUrl\":\"https:\\\/\\\/www.iemj.org\\\/wp-content\\\/uploads\\\/2017\\\/12\\\/arton2857.jpg\",\"articleSection\":[\"Playlists\"],\"inLanguage\":\"de\"},{\"@type\":\"WebPage\",\"@id\":\"https:\\\/\\\/www.iemj.org\\\/de\\\/le-chant-des-prieres-dans-le-rite-algerois\\\/\",\"url\":\"https:\\\/\\\/www.iemj.org\\\/de\\\/le-chant-des-prieres-dans-le-rite-algerois\\\/\",\"name\":\"DIE GEBETSGES\u00c4NGE IM ALGERISCHEN RITUS - Institut Europ\u00e9en des Musiques Juives\",\"isPartOf\":{\"@id\":\"https:\\\/\\\/www.iemj.org\\\/de\\\/#website\"},\"primaryImageOfPage\":{\"@id\":\"https:\\\/\\\/www.iemj.org\\\/de\\\/le-chant-des-prieres-dans-le-rite-algerois\\\/#primaryimage\"},\"image\":{\"@id\":\"https:\\\/\\\/www.iemj.org\\\/de\\\/le-chant-des-prieres-dans-le-rite-algerois\\\/#primaryimage\"},\"thumbnailUrl\":\"https:\\\/\\\/www.iemj.org\\\/wp-content\\\/uploads\\\/2017\\\/12\\\/arton2857.jpg\",\"datePublished\":\"2017-12-06T10:16:19+00:00\",\"dateModified\":\"2025-06-19T14:33:14+00:00\",\"breadcrumb\":{\"@id\":\"https:\\\/\\\/www.iemj.org\\\/de\\\/le-chant-des-prieres-dans-le-rite-algerois\\\/#breadcrumb\"},\"inLanguage\":\"de\",\"potentialAction\":[{\"@type\":\"ReadAction\",\"target\":[\"https:\\\/\\\/www.iemj.org\\\/de\\\/le-chant-des-prieres-dans-le-rite-algerois\\\/\"]}]},{\"@type\":\"ImageObject\",\"inLanguage\":\"de\",\"@id\":\"https:\\\/\\\/www.iemj.org\\\/de\\\/le-chant-des-prieres-dans-le-rite-algerois\\\/#primaryimage\",\"url\":\"https:\\\/\\\/www.iemj.org\\\/wp-content\\\/uploads\\\/2017\\\/12\\\/arton2857.jpg\",\"contentUrl\":\"https:\\\/\\\/www.iemj.org\\\/wp-content\\\/uploads\\\/2017\\\/12\\\/arton2857.jpg\",\"width\":341,\"height\":373},{\"@type\":\"BreadcrumbList\",\"@id\":\"https:\\\/\\\/www.iemj.org\\\/de\\\/le-chant-des-prieres-dans-le-rite-algerois\\\/#breadcrumb\",\"itemListElement\":[{\"@type\":\"ListItem\",\"position\":1,\"name\":\"Accueil\",\"item\":\"https:\\\/\\\/www.iemj.org\\\/de\\\/\"},{\"@type\":\"ListItem\",\"position\":2,\"name\":\"DIE GEBETSGES\u00c4NGE IM ALGERISCHEN RITUS\"}]},{\"@type\":\"WebSite\",\"@id\":\"https:\\\/\\\/www.iemj.org\\\/de\\\/#website\",\"url\":\"https:\\\/\\\/www.iemj.org\\\/de\\\/\",\"name\":\"Institut Europ\u00e9en des Musiques Juives\",\"description\":\"Des traditions musicales \u00e0 la port\u00e9e de tous\",\"publisher\":{\"@id\":\"https:\\\/\\\/www.iemj.org\\\/de\\\/#organization\"},\"potentialAction\":[{\"@type\":\"SearchAction\",\"target\":{\"@type\":\"EntryPoint\",\"urlTemplate\":\"https:\\\/\\\/www.iemj.org\\\/de\\\/?s={search_term_string}\"},\"query-input\":{\"@type\":\"PropertyValueSpecification\",\"valueRequired\":true,\"valueName\":\"search_term_string\"}}],\"inLanguage\":\"de\"},{\"@type\":\"Organization\",\"@id\":\"https:\\\/\\\/www.iemj.org\\\/de\\\/#organization\",\"name\":\"Institut Europ\u00e9en des Musiques Juives\",\"url\":\"https:\\\/\\\/www.iemj.org\\\/de\\\/\",\"logo\":{\"@type\":\"ImageObject\",\"inLanguage\":\"de\",\"@id\":\"https:\\\/\\\/www.iemj.org\\\/de\\\/#\\\/schema\\\/logo\\\/image\\\/\",\"url\":\"https:\\\/\\\/www.iemj.org\\\/wp-content\\\/uploads\\\/2021\\\/09\\\/Logo-IEMJ-Paypal.jpg\",\"contentUrl\":\"https:\\\/\\\/www.iemj.org\\\/wp-content\\\/uploads\\\/2021\\\/09\\\/Logo-IEMJ-Paypal.jpg\",\"width\":150,\"height\":50,\"caption\":\"Institut Europ\u00e9en des Musiques Juives\"},\"image\":{\"@id\":\"https:\\\/\\\/www.iemj.org\\\/de\\\/#\\\/schema\\\/logo\\\/image\\\/\"},\"sameAs\":[\"https:\\\/\\\/www.facebook.com\\\/MusiquesJuives\\\/\",\"https:\\\/\\\/www.instagram.com\\\/musiquesjuives\\\/\",\"https:\\\/\\\/www.youtube.com\\\/user\\\/musiquesjuives\"]},{\"@type\":\"Person\",\"@id\":\"https:\\\/\\\/www.iemj.org\\\/de\\\/#\\\/schema\\\/person\\\/e2ad57f2c4be119c7ed8ab79036807a9\",\"name\":\"Lea Couderc\",\"image\":{\"@type\":\"ImageObject\",\"inLanguage\":\"de\",\"@id\":\"https:\\\/\\\/secure.gravatar.com\\\/avatar\\\/46ee021475d60aeff17a7e490b79dea5a5684bb392ab7fd1494027411df8ba23?s=96&d=mm&r=g\",\"url\":\"https:\\\/\\\/secure.gravatar.com\\\/avatar\\\/46ee021475d60aeff17a7e490b79dea5a5684bb392ab7fd1494027411df8ba23?s=96&d=mm&r=g\",\"contentUrl\":\"https:\\\/\\\/secure.gravatar.com\\\/avatar\\\/46ee021475d60aeff17a7e490b79dea5a5684bb392ab7fd1494027411df8ba23?s=96&d=mm&r=g\",\"caption\":\"Lea Couderc\"}}]}<\/script>\n<!-- \/ Yoast SEO plugin. -->","yoast_head_json":{"title":"DIE GEBETSGES\u00c4NGE IM ALGERISCHEN RITUS - Institut Europ\u00e9en des Musiques Juives","robots":{"index":"index","follow":"follow","max-snippet":"max-snippet:-1","max-image-preview":"max-image-preview:large","max-video-preview":"max-video-preview:-1"},"canonical":"https:\/\/www.iemj.org\/de\/le-chant-des-prieres-dans-le-rite-algerois\/","og_locale":"de_DE","og_type":"article","og_title":"DIE GEBETSGES\u00c4NGE IM ALGERISCHEN RITUS - Institut Europ\u00e9en des Musiques Juives","og_description":"Eine Auswahl der Gebete, dargeboten von Zabulon Sebban (1911-1983), der von 1927 bis 1961 als Hazzan im Gro\u00dfen Tempel von Algier t\u00e4tig war","og_url":"https:\/\/www.iemj.org\/de\/le-chant-des-prieres-dans-le-rite-algerois\/","og_site_name":"Institut Europ\u00e9en des Musiques Juives","article_publisher":"https:\/\/www.facebook.com\/MusiquesJuives\/","article_published_time":"2017-12-06T10:16:19+00:00","article_modified_time":"2025-06-19T14:33:14+00:00","og_image":[{"width":341,"height":373,"url":"https:\/\/www.iemj.org\/wp-content\/uploads\/2017\/12\/arton2857.jpg","type":"image\/jpeg"}],"author":"Lea Couderc","twitter_card":"summary_large_image","twitter_misc":{"Verfasst von":"Lea Couderc","Gesch\u00e4tzte Lesezeit":"2\u00a0Minuten"},"schema":{"@context":"https:\/\/schema.org","@graph":[{"@type":"Article","@id":"https:\/\/www.iemj.org\/de\/le-chant-des-prieres-dans-le-rite-algerois\/#article","isPartOf":{"@id":"https:\/\/www.iemj.org\/de\/le-chant-des-prieres-dans-le-rite-algerois\/"},"author":{"name":"Lea Couderc","@id":"https:\/\/www.iemj.org\/de\/#\/schema\/person\/e2ad57f2c4be119c7ed8ab79036807a9"},"headline":"DIE GEBETSGES\u00c4NGE IM ALGERISCHEN RITUS","datePublished":"2017-12-06T10:16:19+00:00","dateModified":"2025-06-19T14:33:14+00:00","mainEntityOfPage":{"@id":"https:\/\/www.iemj.org\/de\/le-chant-des-prieres-dans-le-rite-algerois\/"},"wordCount":301,"publisher":{"@id":"https:\/\/www.iemj.org\/de\/#organization"},"image":{"@id":"https:\/\/www.iemj.org\/de\/le-chant-des-prieres-dans-le-rite-algerois\/#primaryimage"},"thumbnailUrl":"https:\/\/www.iemj.org\/wp-content\/uploads\/2017\/12\/arton2857.jpg","articleSection":["Playlists"],"inLanguage":"de"},{"@type":"WebPage","@id":"https:\/\/www.iemj.org\/de\/le-chant-des-prieres-dans-le-rite-algerois\/","url":"https:\/\/www.iemj.org\/de\/le-chant-des-prieres-dans-le-rite-algerois\/","name":"DIE GEBETSGES\u00c4NGE IM ALGERISCHEN RITUS - Institut Europ\u00e9en des Musiques Juives","isPartOf":{"@id":"https:\/\/www.iemj.org\/de\/#website"},"primaryImageOfPage":{"@id":"https:\/\/www.iemj.org\/de\/le-chant-des-prieres-dans-le-rite-algerois\/#primaryimage"},"image":{"@id":"https:\/\/www.iemj.org\/de\/le-chant-des-prieres-dans-le-rite-algerois\/#primaryimage"},"thumbnailUrl":"https:\/\/www.iemj.org\/wp-content\/uploads\/2017\/12\/arton2857.jpg","datePublished":"2017-12-06T10:16:19+00:00","dateModified":"2025-06-19T14:33:14+00:00","breadcrumb":{"@id":"https:\/\/www.iemj.org\/de\/le-chant-des-prieres-dans-le-rite-algerois\/#breadcrumb"},"inLanguage":"de","potentialAction":[{"@type":"ReadAction","target":["https:\/\/www.iemj.org\/de\/le-chant-des-prieres-dans-le-rite-algerois\/"]}]},{"@type":"ImageObject","inLanguage":"de","@id":"https:\/\/www.iemj.org\/de\/le-chant-des-prieres-dans-le-rite-algerois\/#primaryimage","url":"https:\/\/www.iemj.org\/wp-content\/uploads\/2017\/12\/arton2857.jpg","contentUrl":"https:\/\/www.iemj.org\/wp-content\/uploads\/2017\/12\/arton2857.jpg","width":341,"height":373},{"@type":"BreadcrumbList","@id":"https:\/\/www.iemj.org\/de\/le-chant-des-prieres-dans-le-rite-algerois\/#breadcrumb","itemListElement":[{"@type":"ListItem","position":1,"name":"Accueil","item":"https:\/\/www.iemj.org\/de\/"},{"@type":"ListItem","position":2,"name":"DIE GEBETSGES\u00c4NGE IM ALGERISCHEN RITUS"}]},{"@type":"WebSite","@id":"https:\/\/www.iemj.org\/de\/#website","url":"https:\/\/www.iemj.org\/de\/","name":"Institut Europ\u00e9en des Musiques Juives","description":"Des traditions musicales \u00e0 la port\u00e9e de tous","publisher":{"@id":"https:\/\/www.iemj.org\/de\/#organization"},"potentialAction":[{"@type":"SearchAction","target":{"@type":"EntryPoint","urlTemplate":"https:\/\/www.iemj.org\/de\/?s={search_term_string}"},"query-input":{"@type":"PropertyValueSpecification","valueRequired":true,"valueName":"search_term_string"}}],"inLanguage":"de"},{"@type":"Organization","@id":"https:\/\/www.iemj.org\/de\/#organization","name":"Institut Europ\u00e9en des Musiques Juives","url":"https:\/\/www.iemj.org\/de\/","logo":{"@type":"ImageObject","inLanguage":"de","@id":"https:\/\/www.iemj.org\/de\/#\/schema\/logo\/image\/","url":"https:\/\/www.iemj.org\/wp-content\/uploads\/2021\/09\/Logo-IEMJ-Paypal.jpg","contentUrl":"https:\/\/www.iemj.org\/wp-content\/uploads\/2021\/09\/Logo-IEMJ-Paypal.jpg","width":150,"height":50,"caption":"Institut Europ\u00e9en des Musiques Juives"},"image":{"@id":"https:\/\/www.iemj.org\/de\/#\/schema\/logo\/image\/"},"sameAs":["https:\/\/www.facebook.com\/MusiquesJuives\/","https:\/\/www.instagram.com\/musiquesjuives\/","https:\/\/www.youtube.com\/user\/musiquesjuives"]},{"@type":"Person","@id":"https:\/\/www.iemj.org\/de\/#\/schema\/person\/e2ad57f2c4be119c7ed8ab79036807a9","name":"Lea Couderc","image":{"@type":"ImageObject","inLanguage":"de","@id":"https:\/\/secure.gravatar.com\/avatar\/46ee021475d60aeff17a7e490b79dea5a5684bb392ab7fd1494027411df8ba23?s=96&d=mm&r=g","url":"https:\/\/secure.gravatar.com\/avatar\/46ee021475d60aeff17a7e490b79dea5a5684bb392ab7fd1494027411df8ba23?s=96&d=mm&r=g","contentUrl":"https:\/\/secure.gravatar.com\/avatar\/46ee021475d60aeff17a7e490b79dea5a5684bb392ab7fd1494027411df8ba23?s=96&d=mm&r=g","caption":"Lea Couderc"}}]}},"_links":{"self":[{"href":"https:\/\/www.iemj.org\/de\/wp-json\/wp\/v2\/posts\/72966","targetHints":{"allow":["GET"]}}],"collection":[{"href":"https:\/\/www.iemj.org\/de\/wp-json\/wp\/v2\/posts"}],"about":[{"href":"https:\/\/www.iemj.org\/de\/wp-json\/wp\/v2\/types\/post"}],"author":[{"embeddable":true,"href":"https:\/\/www.iemj.org\/de\/wp-json\/wp\/v2\/users\/1052"}],"replies":[{"embeddable":true,"href":"https:\/\/www.iemj.org\/de\/wp-json\/wp\/v2\/comments?post=72966"}],"version-history":[{"count":0,"href":"https:\/\/www.iemj.org\/de\/wp-json\/wp\/v2\/posts\/72966\/revisions"}],"wp:featuredmedia":[{"embeddable":true,"href":"https:\/\/www.iemj.org\/de\/wp-json\/wp\/v2\/media\/72967"}],"wp:attachment":[{"href":"https:\/\/www.iemj.org\/de\/wp-json\/wp\/v2\/media?parent=72966"}],"wp:term":[{"taxonomy":"category","embeddable":true,"href":"https:\/\/www.iemj.org\/de\/wp-json\/wp\/v2\/categories?post=72966"},{"taxonomy":"post_tag","embeddable":true,"href":"https:\/\/www.iemj.org\/de\/wp-json\/wp\/v2\/tags?post=72966"},{"taxonomy":"technique","embeddable":true,"href":"https:\/\/www.iemj.org\/de\/wp-json\/wp\/v2\/technique?post=72966"},{"taxonomy":"squelettes","embeddable":true,"href":"https:\/\/www.iemj.org\/de\/wp-json\/wp\/v2\/squelettes?post=72966"},{"taxonomy":"sujet","embeddable":true,"href":"https:\/\/www.iemj.org\/de\/wp-json\/wp\/v2\/sujet?post=72966"},{"taxonomy":"formation","embeddable":true,"href":"https:\/\/www.iemj.org\/de\/wp-json\/wp\/v2\/formation?post=72966"},{"taxonomy":"genre","embeddable":true,"href":"https:\/\/www.iemj.org\/de\/wp-json\/wp\/v2\/genre?post=72966"},{"taxonomy":"fonds","embeddable":true,"href":"https:\/\/www.iemj.org\/de\/wp-json\/wp\/v2\/fonds?post=72966"},{"taxonomy":"tradition","embeddable":true,"href":"https:\/\/www.iemj.org\/de\/wp-json\/wp\/v2\/tradition?post=72966"},{"taxonomy":"type-de-contenu","embeddable":true,"href":"https:\/\/www.iemj.org\/de\/wp-json\/wp\/v2\/type-de-contenu?post=72966"},{"taxonomy":"interprete-compositeur","embeddable":true,"href":"https:\/\/www.iemj.org\/de\/wp-json\/wp\/v2\/interprete-compositeur?post=72966"},{"taxonomy":"frise","embeddable":true,"href":"https:\/\/www.iemj.org\/de\/wp-json\/wp\/v2\/frise?post=72966"},{"taxonomy":"type-devenement","embeddable":true,"href":"https:\/\/www.iemj.org\/de\/wp-json\/wp\/v2\/type-devenement?post=72966"},{"taxonomy":"tableaux-liens-externes","embeddable":true,"href":"https:\/\/www.iemj.org\/de\/wp-json\/wp\/v2\/tableaux-liens-externes?post=72966"}],"curies":[{"name":"wp","href":"https:\/\/api.w.org\/{rel}","templated":true}]}}