{"id":73061,"date":"2017-11-21T16:39:00","date_gmt":"2017-11-21T15:39:00","guid":{"rendered":"https:\/\/www.iemj.org\/le-bund-et-les-chants-yiddish-revolutionnaires\/"},"modified":"2021-12-01T10:27:13","modified_gmt":"2021-12-01T09:27:13","slug":"le-bund-et-les-chants-yiddish-revolutionnaires","status":"publish","type":"post","link":"https:\/\/www.iemj.org\/de\/le-bund-et-les-chants-yiddish-revolutionnaires\/","title":{"rendered":"DER BUND UND REVOLUTION\u00c4RE JIDDISCHE GES\u00c4NGE"},"content":{"rendered":"<p>Der BUND, die Allgemeine Union j\u00fcdischer Arbeiter Litauens, Polens und Russlands, ist eine j\u00fcdische sozialistische Bewegung, welche Ende des 19. Jahrhunderts im Russischen Zarenreich gegr\u00fcndet wurde.<\/p>\n<p><!--more--><\/p>\n<p>Der BUND bef\u00fcrwortet die Emanzipation der j\u00fcdischen Arbeiter, im Rahmen eines Kampfes f\u00fcr den Sozialismus und spricht sich dar\u00fcber hinaus, f\u00fcr das Recht der Juden aus, eine s\u00e4kulare jiddisch-sprachige Nationalit\u00e4t zu begr\u00fcnden. Damit stellte der BUND, sich sowohl dem Zionismus wie auch dem Bolschewismus entgegen, deren zentralisierende Tendenzen er anprangert.<\/p>\n<h2><strong>Geschichte des BUND<\/strong><\/h2>\n<figure style=\"width: 210px\" class=\"wp-caption alignleft\"><img fetchpriority=\"high\" decoding=\"async\" class=\"\" src=\"https:\/\/www.iemj.org\/wp-content\/uploads\/2017\/11\/kremer2.jpg\" alt=\"kremer2.jpg\" width=\"210\" height=\"256\" align=\"left\" data-description=\"&quot;&lt;strong\" \/><figcaption class=\"wp-caption-text\"><em>Arkady Kremer, Gr\u00fcnder des BUND<\/em><\/figcaption><\/figure>\n<p>Der BUND wurde am 7. Oktober 1897, in Wilna (Vilnius auf Jiddisch), von Anh\u00e4ngern des marxistischen Kreises der Stadt gegr\u00fcndet. Sein Ziel war die Vereinigung aller j\u00fcdischer Arbeiter des Russischen Zarenreichs, im Rahmen einer vereinigten sozialistischen Partei. Auch wenn der Begriff \u201ej\u00fcdisch\u201c im Namen der Partei vorkommt, wollten ihre Gr\u00fcnder jedoch keine rein j\u00fcdische Partei gr\u00fcnden: es handelte sich vielmehr um die Sozialdemokraten, welche im j\u00fcdischen Milieu und in jiddischer Sprache arbeiteten. F\u00fcr sie bedeutete die Partei eine Abspaltung von der sozialistischen Bewegung, welche im j\u00fcdischen Milieu vertreten war. Der BUND produzierte eine qualitativ hochwertige jiddischsprachige Untergrundpresse, welche den zaristischen Repressionen widerstand.<\/p>\n<p>Der BUND war eine s\u00e4kulare sozialistische Partei, welche sich gegen das wandte, was sie als reaktion\u00e4re Aspekte des jiddischen Lebens in Russland erachtete. Die Partei stie\u00df bei den Rabbinern, welche das Vorgehen gegen den Zarismus verurteilten, auf Ablehnung. Die Gr\u00fcndung des BUNDs markierte den Bruch mit einer j\u00fcdischen Tradition, welche in den russischen Gemeinschaften verwurzelt war. Rachel Ertel zufolge wurde \u201ef\u00fcr einige wurde der Atheismus zu einem Glaubensartikel, f\u00fcr welchen sie bereit waren zu sterben, wie ihre V\u00e4ter bereit waren, f\u00fcr die \u201aHeiligung des Namen\u2018 (Kiddusch Haschem) zu sterben\u201c.<\/p>\n<p>Der BUND lehnte den Zionismus entschieden ab, da er die Meinung vertrat, dass es sich bei der Emigration nach Pal\u00e4stina, um eine Art der Flucht nach vorn handeln w\u00fcrde. Auf dem 4. Kongress, bezeichnete der BUND \u201eden Zionismus als eine Reaktion der Bourgeoisie gegen den Antisemitismus und die unnormale Lage des j\u00fcdischen Volkes. Der politische Zionismus, welcher sich die Schaffung eines Gebiets f\u00fcr das j\u00fcdische Volk zum Ziel setzt, kann weder den Anspruch erheben, die j\u00fcdische Frage zu l\u00f6sen, [\u2026] noch das Volk als Ganzes zufriedenzustellen\u201c <em>(Zitiert nach Henri Minczeles, Histoire g\u00e9n\u00e9rale du Bund, un mouvement r\u00e9volutionnaire juif, Deno\u00ebl, 1999, p. 68.)<\/em>.<\/p>\n<figure style=\"width: 634px\" class=\"wp-caption alignnone\"><img decoding=\"async\" src=\"https:\/\/www.iemj.org\/wp-content\/uploads\/2017\/11\/encjud_poland-band13-kolonne741-742-bund-versammlung-warschau19322.jpg\" alt=\"encjud_poland-band13-kolonne741-742-bund-versammlung-warschau19322.jpg\" width=\"634\" height=\"454\" align=\"middle\" data-description=\"&quot;Rassemblement\" \/><figcaption class=\"wp-caption-text\"><em>Versammlung der Jugendorganisation der Bundisten (Warschau, 1932)<\/em><\/figcaption><\/figure>\n<p>Nach dem Einmarsch der Nazis spielten die Bundisten eine wichtige Rolle, im bewaffneten Widerstand der j\u00fcdischen Bev\u00f6lkerung, gegen die Besetzung der Nazis. Die T\u00e4tigkeit des BUND wurde jedoch durch Stalins Repressionen erschwert. Als der Krieg voll im Gange war, befahl Stalin die Hinrichtung zweier der wichtigsten F\u00fchrungspers\u00f6nlichkeiten des BUND. <strong>Victor Alter<\/strong> und <strong>Henryk Erlich<\/strong> wurden im Dezember 1941 in Moskau erschossen. Die ebenso zynische wie falsche Anschuldigung lautete, dass es sich bei den beiden, um Agenten aus Nazi-Deutschland handeln w\u00fcrde. Ein Vertreter des BUND, <strong>Samuel Zygelboym<\/strong>, war w\u00e4hrend des Zweiten Weltkriegs in der polnischen Regierung in London und beging 1943 Selbstmord, um gegen die Unt\u00e4tigkeit der Alliierten, angesichts der anhaltenden Shoah zu protestieren. Der BUND spielte auch eine wichtige Rolle im Warschauer Ghettoaufstand und war ein wichtiger Bestandteil der J\u00fcdischen Kampforganisation, in welcher <strong>Marek Edelman <\/strong>den BUND vertrat.<\/p>\n<p><img decoding=\"async\" class=\"\" src=\"https:\/\/www.iemj.org\/wp-content\/uploads\/2017\/11\/vladimirmedem3.jpg\" alt=\"vladimirmedem3.jpg\" width=\"115\" height=\"178\" align=\"right\" data-description=\"&lt;strong&gt;Vladimir Medem&lt;\/strong&gt;\" \/> Jahrhundert formal noch als J\u00fcdischer Arbeiterbund, eine mit der Sozialistischen Internationale assoziierte Organisation, existiert, doch die Shoah hat die V\u00f6lker, in denen der Bund verwurzelt war, ausgel\u00f6scht. New York ist seine internationale Basis, nur in der Diaspora, in Australien, Gro\u00dfbritannien, Israel und in Frankreich mit dem Medem Arbeter Ring Centre bestehen noch Sektionen.<br \/>\n<em><br \/>\nVladimir Medem (nebenstehend) gilt als der bedeutendste Theoretiker des Bund<\/em><\/p>\n<h2>Jiddische Revolutionslieder<\/h2>\n<p>Ob auf Franz\u00f6sisch, Jiddisch, Spanisch, Italienisch, Deutsch oder Russisch &#8211; alle revolution\u00e4ren Lieder dr\u00fccken das gleiche Gef\u00fchl und die gleichen Sehns\u00fcchte aus. Das Gef\u00fchl derer, die sich gegen eine Ordnung auflehnen, die zum Vorteil einer Minderheit errichtet wurde. Die Parole der Revolte, die entsteht, wenn derjenige, der es satt hat, alles zu erdulden, ruft: &#8222;Es reicht!<br \/>\nDiese Lieder zeugen von der Grausamkeit der Jahre des Elends, der Ausbeutung und der Diktatur, aber auch von der Hoffnung auf eine bessere Welt, die frei von Ungerechtigkeit und Krieg sein sollte.<\/p>\n<p>Der Bund spielte eine entscheidende Rolle bei der Unterst\u00fctzung jiddischer Kulturkreise sowie von Musik- und Theaterensembles.<br \/>\nViele revolution\u00e4re Lieder wurden auf Jiddisch geschrieben, von Autoren wie <strong>David Edlestadt<\/strong>, <strong>Mordkhay Gebirtig<\/strong> und <strong>Morris Winchevsky<\/strong>, oder einfach auf der Stra\u00dfe kreiert und von den Massen bei Demonstrationen skandiert. Im Folgenden werden einige der Autoren dieser Kampflieder vorgestellt.<\/p>\n<p><strong>Shalom Anski<\/strong><br \/>\n<img loading=\"lazy\" decoding=\"async\" class=\" alignright  wp-image-16584\" src=\"https:\/\/www.iemj.org\/wp-content\/uploads\/2017\/11\/an-ski_19102.jpg\" alt=\"an-ski_19102.jpg\" width=\"266\" height=\"197\" align=\"right\" \/>Shloyme Zanvl Rappoport (1863 &#8211; 1920), bekannt unter dem Pseudonym Sh. Anski, war ein Schriftsteller, Journalist, Ethnograph und Spezialist f\u00fcr j\u00fcdische Folklore und jiddische Kultur. Er wurde vor allem als Autor des jiddischen Literaturklassikers <em>Der Dibbuk<\/em> bekannt und schrieb au\u00dferdem auch zwei Lieder f\u00fcr den BUND: <em>Tsum Bund<\/em> (<em>An den Bund<\/em>) und <em>Di Shvue<\/em> (<em>Der Schwur<\/em>). Letzteres Lied wurde 1902 geschrieben, wurde zur BUND-Hymne und wird bei Gedenkfeiern sowie am 19. April in Gedenken an den Warschauer Ghettoaufstand gesungen.<\/p>\n<p><iframe src=\"https:\/\/www.youtube.com\/embed\/KZg-5RBFjbA\" width=\"280\" height=\"157\" frameborder=\"0\" allowfullscreen=\"allowfullscreen\"><\/iframe><\/p>\n<p><em>Di Shvue, vom Workmen\u2019s Circle chorus<\/em><\/p>\n<p><strong>Hirsh Glick<\/strong><br \/>\n<img loading=\"lazy\" decoding=\"async\" class=\" alignleft  wp-image-16586\" src=\"https:\/\/www.iemj.org\/wp-content\/uploads\/2017\/11\/hirsh_glik2.jpg\" alt=\"hirsh_glik2.jpg\" width=\"214\" height=\"318\" align=\"left\" \/><\/p>\n<p>Hirsh Glick (1922-1944) war ein j\u00fcdischer Dichter und Partisan aus Litauen. Im Alter von 13 Jahren schrieb er erste Gedichte auf Hebr\u00e4isch, welche in der lokalen j\u00fcdischen Presse erschienen und dann unter dem Einfluss der <em>Yung Vilna<\/em> (\u201e<em>Junges Wilna<\/em>\u201c), einer Gruppe j\u00fcdischer Dichter und Zeichner, schrieb er auf Jiddisch, seiner Muttersprache. Yung Vilna wurde, unter dem Einfluss von <strong>Leizer Wolf<\/strong>, die wichtigste Gruppe von <em>Yung Vald<\/em> (\u201e<em>Junger Wald<\/em>\u201c), deren bekanntester Dichter Hirsh Glick war. Nach der Operation Barbarossa (dem Angriff der Armee des nationalsozialistischen Regimes auf die Sowjetunion im Jahr 1941) wurde Hirsh Glick, gemeinsam mit seinem Vater zun\u00e4chst in das Arbeitslager Baltoji Vok\u0117 und dann nach Rzeza gebracht. Obwohl k\u00f6rperlich geschw\u00e4cht, schrieb er weiterhin hoffnungsvolle Gedichte, welche seinen Mitgefangenen Trost spendeten. Er schickte seine Gedichte an seine Freunde im Ghetto von Wilna, wo sie in lokalen Zeitschriften ver\u00f6ffentlicht wurden und sogar Wettbewerbe gewannen.<\/p>\n<p>Als 1943 das Lager Rzeza, wegen seiner Verbindungen zu den Partisanen liquidiert wurde, wurde Glick ins Ghetto verlegt, wo er am kulturellen Leben, aber auch am Kampf im Untergrund teilnahm, zusammen mit der Fareynikte Partizaner Organizatsye (\u201eVereinigte Partisanenorganisation\u201c). Hirsh beteiligte sich an Sabotageaktionen und bereitete einen Ghettoaufstand vor. 1943, als die Nachricht vom Aufstand im Warschauer Ghetto, den Juden von Wilna zu Ohren kam, schrieb Hirsh Glick im Wilnaer Ghetto das <em>j\u00fcdische Partisanenlied<\/em> (<em>Zog nit keyn mol \u2013 Sag niemals nie<\/em>). Dieses heroisches Lied erscheint als Zeugnis des Glaubens an das \u00dcberleben der Juden, sowie ihres finalen Siegs. Er verherrlicht den Kampf der Juden gegen die Nazis. Das Lied wurde sofort als Hymne des Wilnaer Ghetto-Widerstands und in anderen Ghetto aufgegriffen.<\/p>\n<p><strong>David Edelstadt<\/strong><br \/>\n<img loading=\"lazy\" decoding=\"async\" class=\" alignright size-full wp-image-16588\" src=\"https:\/\/www.iemj.org\/wp-content\/uploads\/2017\/11\/david_edelstadt2.jpg\" alt=\"david_edelstadt2.jpg\" width=\"226\" height=\"350\" align=\"right\" srcset=\"https:\/\/www.iemj.org\/wp-content\/uploads\/2017\/11\/david_edelstadt2.jpg 226w, https:\/\/www.iemj.org\/wp-content\/uploads\/2017\/11\/david_edelstadt2-194x300.jpg 194w\" sizes=\"(max-width: 226px) 100vw, 226px\" \/><\/p>\n<p>David Edelstadt (1866-1892) war ein russischer anarchistischer Dichter und Arbeiter. In eine russische Familie j\u00fcdischer Abstammung hineingeboren, wurde sein Vater, Moses Edelstadt, \u00fcber fast 25 Jahre hinweg, in der Armee des Zaren zwangsverpflichtet, eine h\u00e4ufig gegen Juden verwendete Ma\u00dfnahme. Am 8. Mai 1881 wurde er von einem Pogrom schwer verletzt, bei welchem die Juden aus der Region Kiew und Umgebung gewaltsam angegriffen wurden. Nach seinem Krankenhausaufenthalt machte er mit einem Arzt Bekanntschaft, welcher vielen Juden zur Flucht in die Vereinigten Staaten verhalf. Mit Hilfe eben dieses Arztes wanderte er 1882, in die Vereinigten Staaten aus. In dieser Zeit begann er Jiddisch statt Russisch zu sprechen. Anschlie\u00dfend wurde er Redakteur der anarchistischen Wochenzeitung <em>Fraye Arbeter Shtime<\/em> (<em>Die Stimme des freien Arbeiters<\/em>). Zu seinen vertonten Gedichten geh\u00f6ren <em>Mayn tsavoe<\/em> (<em>Mein Testament<\/em>) und <em>In Kamf<\/em> (<em>Zum Kampf<\/em>).<\/p>\n<p><strong>Mordkhay Gebirtig<\/strong><br \/>\n<img loading=\"lazy\" decoding=\"async\" class=\" alignleft  wp-image-16590\" src=\"https:\/\/www.iemj.org\/wp-content\/uploads\/2017\/11\/gebirtig.jpg\" alt=\"gebirtig.jpg\" width=\"130\" height=\"229\" align=\"left\" srcset=\"https:\/\/www.iemj.org\/wp-content\/uploads\/2017\/11\/gebirtig.jpg 220w, https:\/\/www.iemj.org\/wp-content\/uploads\/2017\/11\/gebirtig-170x300.jpg 170w\" sizes=\"(max-width: 130px) 100vw, 130px\" \/>Mordkhay Gebirtig (1877 &#8211; 1942) war ein polnisch-j\u00fcdischer jiddisch-sprachiger Dichter und Komponist. Er engagierte sich im BUND: Seiner Meinung nach sollte das j\u00fcdische Leben in Polen (und nicht in Pal\u00e4stina) weitergehen; der Sozialismus sollte die Religion ersetzen und Jiddisch sollte die Sprache der j\u00fcdischen Massen werden. Er schrieb an die hundert Lieder, nur selten waren sie bar jeder sozialer Bedeutung, vom Wiegenlied \u00fcber das Nostalgielied, bis zum Revolutionslied (<em>Arbetlozer Sumpf<\/em>). Das bekannteste seiner Lieder ist zweifellos <em>Undzer shtetl brent<\/em> (<em>Unser Dorf brennt<\/em>), ein Aufstandslied, welches 1938 nach dem Pogrom von Przytyk geschrieben und von den K\u00e4mpfern der Ghettos aufgegriffen wurde.<\/p>\n<p>Er wurde am 4. Juni 1942, im Ghetto von Krakau ermordet.<\/p>\n<p>Zahlreiche andere j\u00fcdische Autoren, wie <strong>Avrom Reysen<\/strong>, <strong>Y.L. Peretz<\/strong>, <strong>Nokhem Yud<\/strong> oder <strong>S. Lehman<\/strong> haben revolution\u00e4re Lieder oder Gedichte geschrieben, welche vertont wurden.<\/p>\n<p><em> <strong>Quellen<\/strong> :<br \/>\n&#8211; Wikipedia<br \/>\n&#8211; Centre Medem Arbeter Ring<br \/>\n&#8211; Histoire G\u00e9n\u00e9rale du BUND de H. Minczeles<\/em><\/p>\n<p><a href=\"https:\/\/www.iemj.org\/de\/les-chants-revolutionnaires-yiddish\/\" target=\"_blank\" rel=\"noopener\">H\u00f6ren Sie sich die Playlist an Revolution\u00e4re jiddische Lieder<\/a><br \/>\n<a href=\"https:\/\/www.iemj.org\/de\/in-love-and-in-struggle\/\" target=\"_blank\" rel=\"noopener\">Lesen Sie den Artikel \u00fcber die CD\u00a0<em>In Love And Struggle<\/em>,<em> The Musical Legacy of the Jewish Labor Bund<\/em><\/a><br \/>\n<a href=\"https:\/\/www.centre-medem.org\/histoire-2\/\" target=\"_blank\" rel=\"noopener\">Erfahren sie mehr \u00fcber den BUND und schauen Sie sich die Internetseite des Centre Medem an<\/a><\/p>\n","protected":false},"excerpt":{"rendered":"<p>Der BUND, die Allgemeine Union j\u00fcdischer Arbeiter Litauens, Polens und Russlands, ist eine j\u00fcdische sozialistische Bewegung, welche Ende des 19. Jahrhunderts im Russischen Zarenreich gegr\u00fcndet wurde.<\/p>\n","protected":false},"author":1048,"featured_media":73062,"comment_status":"closed","ping_status":"open","sticky":false,"template":"","format":"standard","meta":{"_acf_changed":false,"footnotes":""},"categories":[1406,1414],"tags":[],"technique":[],"squelettes":[],"sujet":[],"formation":[],"genre":[1864],"fonds":[],"tradition":[],"type-de-contenu":[],"interprete-compositeur":[],"frise":[],"type-devenement":[],"tableaux-liens-externes":[],"class_list":["post-73061","post","type-post","status-publish","format-standard","has-post-thumbnail","hentry","category-hintergrundartikel-de","category-weltiche-musik-de","genre-yiddish-de"],"acf":[],"yoast_head":"<!-- This site is optimized with the Yoast SEO plugin v27.3 - https:\/\/yoast.com\/product\/yoast-seo-wordpress\/ -->\n<title>DER BUND UND REVOLUTION\u00c4RE JIDDISCHE GES\u00c4NGE - Institut Europ\u00e9en des Musiques Juives<\/title>\n<meta name=\"robots\" content=\"index, follow, max-snippet:-1, max-image-preview:large, max-video-preview:-1\" \/>\n<link rel=\"canonical\" href=\"https:\/\/www.iemj.org\/de\/le-bund-et-les-chants-yiddish-revolutionnaires\/\" \/>\n<meta property=\"og:locale\" content=\"de_DE\" \/>\n<meta property=\"og:type\" content=\"article\" \/>\n<meta property=\"og:title\" content=\"DER BUND UND REVOLUTION\u00c4RE JIDDISCHE GES\u00c4NGE - Institut Europ\u00e9en des Musiques Juives\" \/>\n<meta property=\"og:description\" content=\"Der BUND, die Allgemeine Union j\u00fcdischer Arbeiter Litauens, Polens und Russlands, ist eine j\u00fcdische sozialistische Bewegung, welche Ende des 19. Jahrhunderts im Russischen Zarenreich gegr\u00fcndet wurde.\" \/>\n<meta property=\"og:url\" content=\"https:\/\/www.iemj.org\/de\/le-bund-et-les-chants-yiddish-revolutionnaires\/\" \/>\n<meta property=\"og:site_name\" content=\"Institut Europ\u00e9en des Musiques Juives\" \/>\n<meta property=\"article:publisher\" content=\"https:\/\/www.facebook.com\/MusiquesJuives\/\" \/>\n<meta property=\"article:published_time\" content=\"2017-11-21T15:39:00+00:00\" \/>\n<meta property=\"article:modified_time\" content=\"2021-12-01T09:27:13+00:00\" \/>\n<meta property=\"og:image\" content=\"https:\/\/www.iemj.org\/wp-content\/uploads\/2017\/11\/arton2759-e1618332250264.jpg\" \/>\n\t<meta property=\"og:image:width\" content=\"350\" \/>\n\t<meta property=\"og:image:height\" content=\"251\" \/>\n\t<meta property=\"og:image:type\" content=\"image\/jpeg\" \/>\n<meta name=\"author\" content=\"Jean-Gabriel Davis\" \/>\n<meta name=\"twitter:card\" content=\"summary_large_image\" \/>\n<meta name=\"twitter:label1\" content=\"Verfasst von\" \/>\n\t<meta name=\"twitter:data1\" content=\"Jean-Gabriel Davis\" \/>\n\t<meta name=\"twitter:label2\" content=\"Gesch\u00e4tzte Lesezeit\" \/>\n\t<meta name=\"twitter:data2\" content=\"8\u00a0Minuten\" \/>\n<script type=\"application\/ld+json\" class=\"yoast-schema-graph\">{\"@context\":\"https:\\\/\\\/schema.org\",\"@graph\":[{\"@type\":\"Article\",\"@id\":\"https:\\\/\\\/www.iemj.org\\\/de\\\/le-bund-et-les-chants-yiddish-revolutionnaires\\\/#article\",\"isPartOf\":{\"@id\":\"https:\\\/\\\/www.iemj.org\\\/de\\\/le-bund-et-les-chants-yiddish-revolutionnaires\\\/\"},\"author\":{\"name\":\"Jean-Gabriel Davis\",\"@id\":\"https:\\\/\\\/www.iemj.org\\\/de\\\/#\\\/schema\\\/person\\\/c9bc1c386a3749579a2d675e72a18666\"},\"headline\":\"DER BUND UND REVOLUTION\u00c4RE JIDDISCHE GES\u00c4NGE\",\"datePublished\":\"2017-11-21T15:39:00+00:00\",\"dateModified\":\"2021-12-01T09:27:13+00:00\",\"mainEntityOfPage\":{\"@id\":\"https:\\\/\\\/www.iemj.org\\\/de\\\/le-bund-et-les-chants-yiddish-revolutionnaires\\\/\"},\"wordCount\":1502,\"publisher\":{\"@id\":\"https:\\\/\\\/www.iemj.org\\\/de\\\/#organization\"},\"image\":{\"@id\":\"https:\\\/\\\/www.iemj.org\\\/de\\\/le-bund-et-les-chants-yiddish-revolutionnaires\\\/#primaryimage\"},\"thumbnailUrl\":\"https:\\\/\\\/www.iemj.org\\\/wp-content\\\/uploads\\\/2017\\\/11\\\/arton2759-e1618332250264.jpg\",\"articleSection\":[\"Hintergrundartikel\",\"Weltiche Musik\"],\"inLanguage\":\"de\"},{\"@type\":\"WebPage\",\"@id\":\"https:\\\/\\\/www.iemj.org\\\/de\\\/le-bund-et-les-chants-yiddish-revolutionnaires\\\/\",\"url\":\"https:\\\/\\\/www.iemj.org\\\/de\\\/le-bund-et-les-chants-yiddish-revolutionnaires\\\/\",\"name\":\"DER BUND UND REVOLUTION\u00c4RE JIDDISCHE GES\u00c4NGE - Institut Europ\u00e9en des Musiques Juives\",\"isPartOf\":{\"@id\":\"https:\\\/\\\/www.iemj.org\\\/de\\\/#website\"},\"primaryImageOfPage\":{\"@id\":\"https:\\\/\\\/www.iemj.org\\\/de\\\/le-bund-et-les-chants-yiddish-revolutionnaires\\\/#primaryimage\"},\"image\":{\"@id\":\"https:\\\/\\\/www.iemj.org\\\/de\\\/le-bund-et-les-chants-yiddish-revolutionnaires\\\/#primaryimage\"},\"thumbnailUrl\":\"https:\\\/\\\/www.iemj.org\\\/wp-content\\\/uploads\\\/2017\\\/11\\\/arton2759-e1618332250264.jpg\",\"datePublished\":\"2017-11-21T15:39:00+00:00\",\"dateModified\":\"2021-12-01T09:27:13+00:00\",\"breadcrumb\":{\"@id\":\"https:\\\/\\\/www.iemj.org\\\/de\\\/le-bund-et-les-chants-yiddish-revolutionnaires\\\/#breadcrumb\"},\"inLanguage\":\"de\",\"potentialAction\":[{\"@type\":\"ReadAction\",\"target\":[\"https:\\\/\\\/www.iemj.org\\\/de\\\/le-bund-et-les-chants-yiddish-revolutionnaires\\\/\"]}]},{\"@type\":\"ImageObject\",\"inLanguage\":\"de\",\"@id\":\"https:\\\/\\\/www.iemj.org\\\/de\\\/le-bund-et-les-chants-yiddish-revolutionnaires\\\/#primaryimage\",\"url\":\"https:\\\/\\\/www.iemj.org\\\/wp-content\\\/uploads\\\/2017\\\/11\\\/arton2759-e1618332250264.jpg\",\"contentUrl\":\"https:\\\/\\\/www.iemj.org\\\/wp-content\\\/uploads\\\/2017\\\/11\\\/arton2759-e1618332250264.jpg\",\"width\":350,\"height\":251},{\"@type\":\"BreadcrumbList\",\"@id\":\"https:\\\/\\\/www.iemj.org\\\/de\\\/le-bund-et-les-chants-yiddish-revolutionnaires\\\/#breadcrumb\",\"itemListElement\":[{\"@type\":\"ListItem\",\"position\":1,\"name\":\"Accueil\",\"item\":\"https:\\\/\\\/www.iemj.org\\\/de\\\/\"},{\"@type\":\"ListItem\",\"position\":2,\"name\":\"DER BUND UND REVOLUTION\u00c4RE JIDDISCHE GES\u00c4NGE\"}]},{\"@type\":\"WebSite\",\"@id\":\"https:\\\/\\\/www.iemj.org\\\/de\\\/#website\",\"url\":\"https:\\\/\\\/www.iemj.org\\\/de\\\/\",\"name\":\"Institut Europ\u00e9en des Musiques Juives\",\"description\":\"Des traditions musicales \u00e0 la port\u00e9e de tous\",\"publisher\":{\"@id\":\"https:\\\/\\\/www.iemj.org\\\/de\\\/#organization\"},\"potentialAction\":[{\"@type\":\"SearchAction\",\"target\":{\"@type\":\"EntryPoint\",\"urlTemplate\":\"https:\\\/\\\/www.iemj.org\\\/de\\\/?s={search_term_string}\"},\"query-input\":{\"@type\":\"PropertyValueSpecification\",\"valueRequired\":true,\"valueName\":\"search_term_string\"}}],\"inLanguage\":\"de\"},{\"@type\":\"Organization\",\"@id\":\"https:\\\/\\\/www.iemj.org\\\/de\\\/#organization\",\"name\":\"Institut Europ\u00e9en des Musiques Juives\",\"url\":\"https:\\\/\\\/www.iemj.org\\\/de\\\/\",\"logo\":{\"@type\":\"ImageObject\",\"inLanguage\":\"de\",\"@id\":\"https:\\\/\\\/www.iemj.org\\\/de\\\/#\\\/schema\\\/logo\\\/image\\\/\",\"url\":\"https:\\\/\\\/www.iemj.org\\\/wp-content\\\/uploads\\\/2021\\\/09\\\/Logo-IEMJ-Paypal.jpg\",\"contentUrl\":\"https:\\\/\\\/www.iemj.org\\\/wp-content\\\/uploads\\\/2021\\\/09\\\/Logo-IEMJ-Paypal.jpg\",\"width\":150,\"height\":50,\"caption\":\"Institut Europ\u00e9en des Musiques Juives\"},\"image\":{\"@id\":\"https:\\\/\\\/www.iemj.org\\\/de\\\/#\\\/schema\\\/logo\\\/image\\\/\"},\"sameAs\":[\"https:\\\/\\\/www.facebook.com\\\/MusiquesJuives\\\/\",\"https:\\\/\\\/www.instagram.com\\\/musiquesjuives\\\/\",\"https:\\\/\\\/www.youtube.com\\\/user\\\/musiquesjuives\"]},{\"@type\":\"Person\",\"@id\":\"https:\\\/\\\/www.iemj.org\\\/de\\\/#\\\/schema\\\/person\\\/c9bc1c386a3749579a2d675e72a18666\",\"name\":\"Jean-Gabriel Davis\",\"image\":{\"@type\":\"ImageObject\",\"inLanguage\":\"de\",\"@id\":\"https:\\\/\\\/secure.gravatar.com\\\/avatar\\\/2b90d67bdf392c9b3a21fab87c0fa7edaf1fb3a058172a1ffd61033fcec7aec1?s=96&d=mm&r=g\",\"url\":\"https:\\\/\\\/secure.gravatar.com\\\/avatar\\\/2b90d67bdf392c9b3a21fab87c0fa7edaf1fb3a058172a1ffd61033fcec7aec1?s=96&d=mm&r=g\",\"contentUrl\":\"https:\\\/\\\/secure.gravatar.com\\\/avatar\\\/2b90d67bdf392c9b3a21fab87c0fa7edaf1fb3a058172a1ffd61033fcec7aec1?s=96&d=mm&r=g\",\"caption\":\"Jean-Gabriel Davis\"}}]}<\/script>\n<!-- \/ Yoast SEO plugin. -->","yoast_head_json":{"title":"DER BUND UND REVOLUTION\u00c4RE JIDDISCHE GES\u00c4NGE - Institut Europ\u00e9en des Musiques Juives","robots":{"index":"index","follow":"follow","max-snippet":"max-snippet:-1","max-image-preview":"max-image-preview:large","max-video-preview":"max-video-preview:-1"},"canonical":"https:\/\/www.iemj.org\/de\/le-bund-et-les-chants-yiddish-revolutionnaires\/","og_locale":"de_DE","og_type":"article","og_title":"DER BUND UND REVOLUTION\u00c4RE JIDDISCHE GES\u00c4NGE - Institut Europ\u00e9en des Musiques Juives","og_description":"Der BUND, die Allgemeine Union j\u00fcdischer Arbeiter Litauens, Polens und Russlands, ist eine j\u00fcdische sozialistische Bewegung, welche Ende des 19. Jahrhunderts im Russischen Zarenreich gegr\u00fcndet wurde.","og_url":"https:\/\/www.iemj.org\/de\/le-bund-et-les-chants-yiddish-revolutionnaires\/","og_site_name":"Institut Europ\u00e9en des Musiques Juives","article_publisher":"https:\/\/www.facebook.com\/MusiquesJuives\/","article_published_time":"2017-11-21T15:39:00+00:00","article_modified_time":"2021-12-01T09:27:13+00:00","og_image":[{"width":350,"height":251,"url":"https:\/\/www.iemj.org\/wp-content\/uploads\/2017\/11\/arton2759-e1618332250264.jpg","type":"image\/jpeg"}],"author":"Jean-Gabriel Davis","twitter_card":"summary_large_image","twitter_misc":{"Verfasst von":"Jean-Gabriel Davis","Gesch\u00e4tzte Lesezeit":"8\u00a0Minuten"},"schema":{"@context":"https:\/\/schema.org","@graph":[{"@type":"Article","@id":"https:\/\/www.iemj.org\/de\/le-bund-et-les-chants-yiddish-revolutionnaires\/#article","isPartOf":{"@id":"https:\/\/www.iemj.org\/de\/le-bund-et-les-chants-yiddish-revolutionnaires\/"},"author":{"name":"Jean-Gabriel Davis","@id":"https:\/\/www.iemj.org\/de\/#\/schema\/person\/c9bc1c386a3749579a2d675e72a18666"},"headline":"DER BUND UND REVOLUTION\u00c4RE JIDDISCHE GES\u00c4NGE","datePublished":"2017-11-21T15:39:00+00:00","dateModified":"2021-12-01T09:27:13+00:00","mainEntityOfPage":{"@id":"https:\/\/www.iemj.org\/de\/le-bund-et-les-chants-yiddish-revolutionnaires\/"},"wordCount":1502,"publisher":{"@id":"https:\/\/www.iemj.org\/de\/#organization"},"image":{"@id":"https:\/\/www.iemj.org\/de\/le-bund-et-les-chants-yiddish-revolutionnaires\/#primaryimage"},"thumbnailUrl":"https:\/\/www.iemj.org\/wp-content\/uploads\/2017\/11\/arton2759-e1618332250264.jpg","articleSection":["Hintergrundartikel","Weltiche Musik"],"inLanguage":"de"},{"@type":"WebPage","@id":"https:\/\/www.iemj.org\/de\/le-bund-et-les-chants-yiddish-revolutionnaires\/","url":"https:\/\/www.iemj.org\/de\/le-bund-et-les-chants-yiddish-revolutionnaires\/","name":"DER BUND UND REVOLUTION\u00c4RE JIDDISCHE GES\u00c4NGE - Institut Europ\u00e9en des Musiques Juives","isPartOf":{"@id":"https:\/\/www.iemj.org\/de\/#website"},"primaryImageOfPage":{"@id":"https:\/\/www.iemj.org\/de\/le-bund-et-les-chants-yiddish-revolutionnaires\/#primaryimage"},"image":{"@id":"https:\/\/www.iemj.org\/de\/le-bund-et-les-chants-yiddish-revolutionnaires\/#primaryimage"},"thumbnailUrl":"https:\/\/www.iemj.org\/wp-content\/uploads\/2017\/11\/arton2759-e1618332250264.jpg","datePublished":"2017-11-21T15:39:00+00:00","dateModified":"2021-12-01T09:27:13+00:00","breadcrumb":{"@id":"https:\/\/www.iemj.org\/de\/le-bund-et-les-chants-yiddish-revolutionnaires\/#breadcrumb"},"inLanguage":"de","potentialAction":[{"@type":"ReadAction","target":["https:\/\/www.iemj.org\/de\/le-bund-et-les-chants-yiddish-revolutionnaires\/"]}]},{"@type":"ImageObject","inLanguage":"de","@id":"https:\/\/www.iemj.org\/de\/le-bund-et-les-chants-yiddish-revolutionnaires\/#primaryimage","url":"https:\/\/www.iemj.org\/wp-content\/uploads\/2017\/11\/arton2759-e1618332250264.jpg","contentUrl":"https:\/\/www.iemj.org\/wp-content\/uploads\/2017\/11\/arton2759-e1618332250264.jpg","width":350,"height":251},{"@type":"BreadcrumbList","@id":"https:\/\/www.iemj.org\/de\/le-bund-et-les-chants-yiddish-revolutionnaires\/#breadcrumb","itemListElement":[{"@type":"ListItem","position":1,"name":"Accueil","item":"https:\/\/www.iemj.org\/de\/"},{"@type":"ListItem","position":2,"name":"DER BUND UND REVOLUTION\u00c4RE JIDDISCHE GES\u00c4NGE"}]},{"@type":"WebSite","@id":"https:\/\/www.iemj.org\/de\/#website","url":"https:\/\/www.iemj.org\/de\/","name":"Institut Europ\u00e9en des Musiques Juives","description":"Des traditions musicales \u00e0 la port\u00e9e de tous","publisher":{"@id":"https:\/\/www.iemj.org\/de\/#organization"},"potentialAction":[{"@type":"SearchAction","target":{"@type":"EntryPoint","urlTemplate":"https:\/\/www.iemj.org\/de\/?s={search_term_string}"},"query-input":{"@type":"PropertyValueSpecification","valueRequired":true,"valueName":"search_term_string"}}],"inLanguage":"de"},{"@type":"Organization","@id":"https:\/\/www.iemj.org\/de\/#organization","name":"Institut Europ\u00e9en des Musiques Juives","url":"https:\/\/www.iemj.org\/de\/","logo":{"@type":"ImageObject","inLanguage":"de","@id":"https:\/\/www.iemj.org\/de\/#\/schema\/logo\/image\/","url":"https:\/\/www.iemj.org\/wp-content\/uploads\/2021\/09\/Logo-IEMJ-Paypal.jpg","contentUrl":"https:\/\/www.iemj.org\/wp-content\/uploads\/2021\/09\/Logo-IEMJ-Paypal.jpg","width":150,"height":50,"caption":"Institut Europ\u00e9en des Musiques Juives"},"image":{"@id":"https:\/\/www.iemj.org\/de\/#\/schema\/logo\/image\/"},"sameAs":["https:\/\/www.facebook.com\/MusiquesJuives\/","https:\/\/www.instagram.com\/musiquesjuives\/","https:\/\/www.youtube.com\/user\/musiquesjuives"]},{"@type":"Person","@id":"https:\/\/www.iemj.org\/de\/#\/schema\/person\/c9bc1c386a3749579a2d675e72a18666","name":"Jean-Gabriel Davis","image":{"@type":"ImageObject","inLanguage":"de","@id":"https:\/\/secure.gravatar.com\/avatar\/2b90d67bdf392c9b3a21fab87c0fa7edaf1fb3a058172a1ffd61033fcec7aec1?s=96&d=mm&r=g","url":"https:\/\/secure.gravatar.com\/avatar\/2b90d67bdf392c9b3a21fab87c0fa7edaf1fb3a058172a1ffd61033fcec7aec1?s=96&d=mm&r=g","contentUrl":"https:\/\/secure.gravatar.com\/avatar\/2b90d67bdf392c9b3a21fab87c0fa7edaf1fb3a058172a1ffd61033fcec7aec1?s=96&d=mm&r=g","caption":"Jean-Gabriel Davis"}}]}},"_links":{"self":[{"href":"https:\/\/www.iemj.org\/de\/wp-json\/wp\/v2\/posts\/73061","targetHints":{"allow":["GET"]}}],"collection":[{"href":"https:\/\/www.iemj.org\/de\/wp-json\/wp\/v2\/posts"}],"about":[{"href":"https:\/\/www.iemj.org\/de\/wp-json\/wp\/v2\/types\/post"}],"author":[{"embeddable":true,"href":"https:\/\/www.iemj.org\/de\/wp-json\/wp\/v2\/users\/1048"}],"replies":[{"embeddable":true,"href":"https:\/\/www.iemj.org\/de\/wp-json\/wp\/v2\/comments?post=73061"}],"version-history":[{"count":0,"href":"https:\/\/www.iemj.org\/de\/wp-json\/wp\/v2\/posts\/73061\/revisions"}],"wp:featuredmedia":[{"embeddable":true,"href":"https:\/\/www.iemj.org\/de\/wp-json\/wp\/v2\/media\/73062"}],"wp:attachment":[{"href":"https:\/\/www.iemj.org\/de\/wp-json\/wp\/v2\/media?parent=73061"}],"wp:term":[{"taxonomy":"category","embeddable":true,"href":"https:\/\/www.iemj.org\/de\/wp-json\/wp\/v2\/categories?post=73061"},{"taxonomy":"post_tag","embeddable":true,"href":"https:\/\/www.iemj.org\/de\/wp-json\/wp\/v2\/tags?post=73061"},{"taxonomy":"technique","embeddable":true,"href":"https:\/\/www.iemj.org\/de\/wp-json\/wp\/v2\/technique?post=73061"},{"taxonomy":"squelettes","embeddable":true,"href":"https:\/\/www.iemj.org\/de\/wp-json\/wp\/v2\/squelettes?post=73061"},{"taxonomy":"sujet","embeddable":true,"href":"https:\/\/www.iemj.org\/de\/wp-json\/wp\/v2\/sujet?post=73061"},{"taxonomy":"formation","embeddable":true,"href":"https:\/\/www.iemj.org\/de\/wp-json\/wp\/v2\/formation?post=73061"},{"taxonomy":"genre","embeddable":true,"href":"https:\/\/www.iemj.org\/de\/wp-json\/wp\/v2\/genre?post=73061"},{"taxonomy":"fonds","embeddable":true,"href":"https:\/\/www.iemj.org\/de\/wp-json\/wp\/v2\/fonds?post=73061"},{"taxonomy":"tradition","embeddable":true,"href":"https:\/\/www.iemj.org\/de\/wp-json\/wp\/v2\/tradition?post=73061"},{"taxonomy":"type-de-contenu","embeddable":true,"href":"https:\/\/www.iemj.org\/de\/wp-json\/wp\/v2\/type-de-contenu?post=73061"},{"taxonomy":"interprete-compositeur","embeddable":true,"href":"https:\/\/www.iemj.org\/de\/wp-json\/wp\/v2\/interprete-compositeur?post=73061"},{"taxonomy":"frise","embeddable":true,"href":"https:\/\/www.iemj.org\/de\/wp-json\/wp\/v2\/frise?post=73061"},{"taxonomy":"type-devenement","embeddable":true,"href":"https:\/\/www.iemj.org\/de\/wp-json\/wp\/v2\/type-devenement?post=73061"},{"taxonomy":"tableaux-liens-externes","embeddable":true,"href":"https:\/\/www.iemj.org\/de\/wp-json\/wp\/v2\/tableaux-liens-externes?post=73061"}],"curies":[{"name":"wp","href":"https:\/\/api.w.org\/{rel}","templated":true}]}}