{"id":73187,"date":"2016-01-20T13:00:12","date_gmt":"2016-01-20T12:00:12","guid":{"rendered":"https:\/\/www.iemj.org\/musique-et-shoah-1\/"},"modified":"2025-04-16T13:04:09","modified_gmt":"2025-04-16T11:04:09","slug":"musique-et-shoah-1","status":"publish","type":"post","link":"https:\/\/www.iemj.org\/de\/musique-et-shoah-1\/","title":{"rendered":"MUSIK UND SHOAH 1"},"content":{"rendered":"<p><strong>In der Nachkriegszeit hat die Shoah viele Komponisten dazu inspiriert, der get\u00f6teten j\u00fcdischen Kultur Tribut zu zolle<\/strong><\/p>\n<p><!--more--><\/p>\n<p>Die Vernichtung der Juden, welche von den Nazis geplant worden war, hat die Lieder des Aufbegehrens und der Hoffnung nicht zum Schweigen gebracht. Die Musik hat trotz der unmenschlichen Bedingungen, in den Ghettos und Lagern \u00fcberlebt.<\/p>\n<p>Mit Hitlers Machtergreifung 1933, richteten die Nazis eine Reichsmusikkammer ein, welche von dem Komponisten Richard Strauss geleitet wurde und welche f\u00fcr die \u00dcberwachung und Kontrolle, des musikalischen Ausdrucks in Deutschland verantwortlich war. Schnell verbot diese Kammer die Auff\u00fchrung von Werken j\u00fcdisch st\u00e4mmiger Komponisten, mit der Begr\u00fcndung, dass es sich dabei um \u201eentartet\u201c Musik handeln w\u00fcrde. So wurde eine Politik der Unterdr\u00fcckung verfolgt, infolge welcher viele j\u00fcdische Musiker zun\u00e4chst in Arbeitslagern und dann w\u00e4hrend des Kriegs in Konzentrations- und Vernichtungslagern interniert wurden\u2026<\/p>\n<p>In den Lagern spielten Musik und Gesang eine wichtige Rolle. Sie dienten als Symbol der Hoffnung, als Propagandamittel und als Aufruf zum Widerstand. Musik diente dem \u00dcberleben.<\/p>\n<p>Das Lied vom Morr, auch \u201eB\u00f6rgermoor-Lied\u201c oder \u201eDie Moorsoldaten\u201c genannt verdeutlicht diesen Kampf gegen die Nazis. Es handelte sich dabei um ein Gefangenenlied, welches sich in ganz Europa verbreitete.<\/p>\n<p>Die Musik nahm auch einen besonderen Platz im Ghetto Theresienstadt ein, welches f\u00fcnfzig Kilometer nordwestlich von Prag gelegen war. Zu Propagandazwecken versammelten die Nazis in diesem Lager zahlreiche j\u00fcdische Intellektuelle und K\u00fcnstler, welche ihr k\u00fcnstlerisches Schaffen, dort so gut es eben ging, fortsetzten. Die meisten internierten Komponisten (Viktor Ullmann, Hans Kr\u00e1sa, Pavel Haas&#8230;) verhungerten oder starben in den Gaskammern. Sie hinterlie\u00dfen ein Werk, welches sich durch eine erschreckende Modernit\u00e4t auszeichnet und welches die musikwissenschaftliche Forschung der letzten zwanzig Jahren, wieder zug\u00e4nglich gemacht hat.<\/p>\n<p>In der Nachkriegszeit hat die Shoah viele musikalische Werke inspiriert, wie das faszinierende Werk von Schoenberg, namens <em>Un survivant de Varsovie.<\/em><\/p>\n<ul>\n<li><a href=\"https:\/\/www.iemj.org\/de\/survivre-et-mourir-en-musique-dans-les-camps-nazis-2\/\" target=\"_blank\" rel=\"noopener\">H\u00f6ren Sie sich die Radiosendung an: Survivre et mourir en musique dans les camps nazis<\/a><\/li>\n<li><a href=\"https:\/\/www.iemj.org\/de\/musiques-et-musiciens-interdits-sous-le-iiie-reich\/\" target=\"_blank\" rel=\"noopener\">H\u00f6ren Sie sich die Radiosendung an: Musiques et musiciens interdits sous le IIIe Reich<\/a><\/li>\n<li><a href=\"https:\/\/www.iemj.org\/de\/musique-et-shoah-2\/\" target=\"_blank\" rel=\"noopener\">H\u00f6ren Sie sich die Playlist an: Musik und Shoah 2<\/a><\/li>\n<\/ul>\n<p><img fetchpriority=\"high\" decoding=\"async\" class=\" aligncenter size-full wp-image-9086\" src=\"https:\/\/www.iemj.org\/wp-content\/uploads\/2016\/01\/shoah_document_500px.jpg\" alt=\"shoah_document_500px.jpg\" width=\"500\" height=\"500\" align=\"middle\" srcset=\"https:\/\/www.iemj.org\/wp-content\/uploads\/2016\/01\/shoah_document_500px.jpg 500w, https:\/\/www.iemj.org\/wp-content\/uploads\/2016\/01\/shoah_document_500px-300x300.jpg 300w, https:\/\/www.iemj.org\/wp-content\/uploads\/2016\/01\/shoah_document_500px-150x150.jpg 150w, https:\/\/www.iemj.org\/wp-content\/uploads\/2016\/01\/shoah_document_500px-100x100.jpg 100w\" sizes=\"(max-width: 500px) 100vw, 500px\" \/><\/p>\n<p>\u00a0<\/p>\n<p><img decoding=\"async\" class=\"alignnone  wp-image-110606\" src=\"https:\/\/www.iemj.org\/wp-content\/uploads\/2024\/03\/AUDIO-PLAYER-300x39.png\" alt=\"\" width=\"1015\" height=\"132\" srcset=\"https:\/\/www.iemj.org\/wp-content\/uploads\/2024\/03\/AUDIO-PLAYER-300x39.png 300w, https:\/\/www.iemj.org\/wp-content\/uploads\/2024\/03\/AUDIO-PLAYER-1024x133.png 1024w, https:\/\/www.iemj.org\/wp-content\/uploads\/2024\/03\/AUDIO-PLAYER-768x100.png 768w, https:\/\/www.iemj.org\/wp-content\/uploads\/2024\/03\/AUDIO-PLAYER-600x78.png 600w, https:\/\/www.iemj.org\/wp-content\/uploads\/2024\/03\/AUDIO-PLAYER.png 1210w\" sizes=\"(max-width: 1015px) 100vw, 1015px\" \/><\/p>\n\n\n<div class=\"wp-block-file\"><a href=\"https:\/\/www.iemj.org\/wp-content\/uploads\/2016\/01\/cheder_yorn_-_abraham_brun.mp3\">Cheder Yorn &#8211; Abraham BRUN<\/a><\/div>\n\n\n\n<div class=\"wp-block-file\"><a href=\"https:\/\/www.iemj.org\/wp-content\/uploads\/2016\/01\/dos_ingele_ligt_farbrent_-_sarah_gorby.mp3\">Dos ingele ligt farbrent &#8211; Sarah GORBY<\/a><\/div>\n\n\n\n<div class=\"wp-block-file\"><a href=\"https:\/\/www.iemj.org\/wp-content\/uploads\/2016\/01\/moide_ani_-_sarah_gorby.mp3\">Moide ani &#8211; Sarah GORBY<\/a><\/div>\n\n\n\n<div class=\"wp-block-file\"><a href=\"https:\/\/www.iemj.org\/wp-content\/uploads\/2016\/01\/motele_fun_vaeshever_geto_-_jacques_grober.mp3\">Motele fun Varshever Geto &#8211; Jacques GROBER<\/a><\/div>\n\n\n\n<div class=\"wp-block-file\"><a href=\"https:\/\/www.iemj.org\/wp-content\/uploads\/2016\/01\/shtil_di_nacht_iz_oysgeshternt_-_norbert_horowitz.mp3\">Shtil, di Nacht iz oysgeshternt &#8211; Norbert HOROWITZ<\/a><\/div>\n\n\n\n<div class=\"wp-block-file\"><a href=\"https:\/\/www.iemj.org\/wp-content\/uploads\/2016\/01\/oy_a_nacht_a_sheyne_-_norbert_horowitz.mp3\">Oy, a Nacht a sheyne &#8211; Norbert HOROWITZ<\/a><\/div>\n\n\n\n<div class=\"wp-block-file\"><a href=\"https:\/\/www.iemj.org\/wp-content\/uploads\/2016\/01\/anni_ma_amim_-_dorit_reuveni.mp3\">Anni Ma\u2019amim &#8211; Dorit REUVENI<\/a><\/div>\n\n\n\n<div class=\"wp-block-file\"><a href=\"https:\/\/www.iemj.org\/wp-content\/uploads\/2016\/01\/freeling_-_chava_alberstein.mp3\">Freeling &#8211; Chava ALBERSTEIN<\/a><\/div>\n\n\n\n<div class=\"wp-block-file\"><a href=\"https:\/\/www.iemj.org\/wp-content\/uploads\/2016\/01\/oyb_nit_kayn_anume_-_abraham_brun.mp3\">Oyb Nit kayn Anume &#8211; Abraham BRUN<\/a><\/div>\n\n\n\n<div class=\"wp-block-file\"><a href=\"https:\/\/www.iemj.org\/wp-content\/uploads\/2016\/01\/farvos_iz_der_himmel_-_chava_alberstein.mp3\">Farvos iz der Himl &#8211; Chava ALBERSTEIN<\/a><\/div>\n\n\n\n<div class=\"wp-block-file\"><a href=\"https:\/\/www.iemj.org\/wp-content\/uploads\/2016\/01\/ghetto_lid_-_pinchos_borenstein.mp3\">Ghetto lid &#8211; Pinchos BORENSTEIN<\/a><\/div>\n\n\n\n<div class=\"wp-block-file\"><a href=\"https:\/\/www.iemj.org\/wp-content\/uploads\/2016\/01\/jetz_habe_leute_aufgepasst_-_krasa_brundibar.mp3\">Jetz habe Leute, aufgepasst &#8211; KRASA_BRUNDIBAR<\/a><\/div>\n\n\n\n<div class=\"wp-block-file\"><a href=\"https:\/\/www.iemj.org\/wp-content\/uploads\/2016\/01\/die_moorsoldaten-theodore_bikel.mp3\">Die Moorsoldaten-Theodore BIKEL<\/a><\/div>\n\n\n\n<div class=\"wp-block-file\"><a href=\"https:\/\/www.iemj.org\/wp-content\/uploads\/2016\/01\/k7_1231_08.mp3\">Souviens toi d&#8217;Auschwitz &#8211; Emile Ka\u00e7mann<\/a><\/div>\n","protected":false},"excerpt":{"rendered":"<p>In der Nachkriegszeit hat die Shoah viele Komponisten dazu inspiriert, der get\u00f6teten j\u00fcdischen Kultur Tribut zu zolle<\/p>\n","protected":false},"author":1052,"featured_media":73188,"comment_status":"closed","ping_status":"open","sticky":false,"template":"","format":"standard","meta":{"_acf_changed":false,"footnotes":""},"categories":[1534],"tags":[],"technique":[],"squelettes":[],"sujet":[1801],"formation":[],"genre":[],"fonds":[],"tradition":[],"type-de-contenu":[],"interprete-compositeur":[3312],"frise":[],"type-devenement":[],"tableaux-liens-externes":[],"class_list":["post-73187","post","type-post","status-publish","format-standard","has-post-thumbnail","hentry","category-playlists-de","sujet-shoah-de-2","interprete-compositeur-viktor-ullmann-de"],"acf":[],"yoast_head":"<!-- This site is optimized with the Yoast SEO plugin v27.3 - https:\/\/yoast.com\/product\/yoast-seo-wordpress\/ -->\n<title>MUSIK UND SHOAH 1 - Institut Europ\u00e9en des Musiques Juives<\/title>\n<meta name=\"robots\" content=\"index, follow, max-snippet:-1, max-image-preview:large, max-video-preview:-1\" \/>\n<link rel=\"canonical\" href=\"https:\/\/www.iemj.org\/de\/musique-et-shoah-1\/\" \/>\n<meta property=\"og:locale\" content=\"de_DE\" \/>\n<meta property=\"og:type\" content=\"article\" \/>\n<meta property=\"og:title\" content=\"MUSIK UND SHOAH 1 - Institut Europ\u00e9en des Musiques Juives\" \/>\n<meta property=\"og:description\" content=\"In der Nachkriegszeit hat die Shoah viele Komponisten dazu inspiriert, der get\u00f6teten j\u00fcdischen Kultur Tribut zu zolle\" \/>\n<meta property=\"og:url\" content=\"https:\/\/www.iemj.org\/de\/musique-et-shoah-1\/\" \/>\n<meta property=\"og:site_name\" content=\"Institut Europ\u00e9en des Musiques Juives\" \/>\n<meta property=\"article:publisher\" content=\"https:\/\/www.facebook.com\/MusiquesJuives\/\" \/>\n<meta property=\"article:published_time\" content=\"2016-01-20T12:00:12+00:00\" \/>\n<meta property=\"article:modified_time\" content=\"2025-04-16T11:04:09+00:00\" \/>\n<meta property=\"og:image\" content=\"https:\/\/www.iemj.org\/wp-content\/uploads\/2016\/01\/arton1432.jpg\" \/>\n\t<meta property=\"og:image:width\" content=\"500\" \/>\n\t<meta property=\"og:image:height\" content=\"462\" \/>\n\t<meta property=\"og:image:type\" content=\"image\/jpeg\" \/>\n<meta name=\"author\" content=\"Lea Couderc\" \/>\n<meta name=\"twitter:card\" content=\"summary_large_image\" \/>\n<meta name=\"twitter:label1\" content=\"Verfasst von\" \/>\n\t<meta name=\"twitter:data1\" content=\"Lea Couderc\" \/>\n\t<meta name=\"twitter:label2\" content=\"Gesch\u00e4tzte Lesezeit\" \/>\n\t<meta name=\"twitter:data2\" content=\"3\u00a0Minuten\" \/>\n<script type=\"application\/ld+json\" class=\"yoast-schema-graph\">{\"@context\":\"https:\\\/\\\/schema.org\",\"@graph\":[{\"@type\":\"Article\",\"@id\":\"https:\\\/\\\/www.iemj.org\\\/de\\\/musique-et-shoah-1\\\/#article\",\"isPartOf\":{\"@id\":\"https:\\\/\\\/www.iemj.org\\\/de\\\/musique-et-shoah-1\\\/\"},\"author\":{\"name\":\"Lea Couderc\",\"@id\":\"https:\\\/\\\/www.iemj.org\\\/de\\\/#\\\/schema\\\/person\\\/e2ad57f2c4be119c7ed8ab79036807a9\"},\"headline\":\"MUSIK UND SHOAH 1\",\"datePublished\":\"2016-01-20T12:00:12+00:00\",\"dateModified\":\"2025-04-16T11:04:09+00:00\",\"mainEntityOfPage\":{\"@id\":\"https:\\\/\\\/www.iemj.org\\\/de\\\/musique-et-shoah-1\\\/\"},\"wordCount\":445,\"publisher\":{\"@id\":\"https:\\\/\\\/www.iemj.org\\\/de\\\/#organization\"},\"image\":{\"@id\":\"https:\\\/\\\/www.iemj.org\\\/de\\\/musique-et-shoah-1\\\/#primaryimage\"},\"thumbnailUrl\":\"https:\\\/\\\/www.iemj.org\\\/wp-content\\\/uploads\\\/2016\\\/01\\\/arton1432.jpg\",\"articleSection\":[\"Playlists\"],\"inLanguage\":\"de\"},{\"@type\":\"WebPage\",\"@id\":\"https:\\\/\\\/www.iemj.org\\\/de\\\/musique-et-shoah-1\\\/\",\"url\":\"https:\\\/\\\/www.iemj.org\\\/de\\\/musique-et-shoah-1\\\/\",\"name\":\"MUSIK UND SHOAH 1 - Institut Europ\u00e9en des Musiques Juives\",\"isPartOf\":{\"@id\":\"https:\\\/\\\/www.iemj.org\\\/de\\\/#website\"},\"primaryImageOfPage\":{\"@id\":\"https:\\\/\\\/www.iemj.org\\\/de\\\/musique-et-shoah-1\\\/#primaryimage\"},\"image\":{\"@id\":\"https:\\\/\\\/www.iemj.org\\\/de\\\/musique-et-shoah-1\\\/#primaryimage\"},\"thumbnailUrl\":\"https:\\\/\\\/www.iemj.org\\\/wp-content\\\/uploads\\\/2016\\\/01\\\/arton1432.jpg\",\"datePublished\":\"2016-01-20T12:00:12+00:00\",\"dateModified\":\"2025-04-16T11:04:09+00:00\",\"breadcrumb\":{\"@id\":\"https:\\\/\\\/www.iemj.org\\\/de\\\/musique-et-shoah-1\\\/#breadcrumb\"},\"inLanguage\":\"de\",\"potentialAction\":[{\"@type\":\"ReadAction\",\"target\":[\"https:\\\/\\\/www.iemj.org\\\/de\\\/musique-et-shoah-1\\\/\"]}]},{\"@type\":\"ImageObject\",\"inLanguage\":\"de\",\"@id\":\"https:\\\/\\\/www.iemj.org\\\/de\\\/musique-et-shoah-1\\\/#primaryimage\",\"url\":\"https:\\\/\\\/www.iemj.org\\\/wp-content\\\/uploads\\\/2016\\\/01\\\/arton1432.jpg\",\"contentUrl\":\"https:\\\/\\\/www.iemj.org\\\/wp-content\\\/uploads\\\/2016\\\/01\\\/arton1432.jpg\",\"width\":500,\"height\":462},{\"@type\":\"BreadcrumbList\",\"@id\":\"https:\\\/\\\/www.iemj.org\\\/de\\\/musique-et-shoah-1\\\/#breadcrumb\",\"itemListElement\":[{\"@type\":\"ListItem\",\"position\":1,\"name\":\"Accueil\",\"item\":\"https:\\\/\\\/www.iemj.org\\\/de\\\/\"},{\"@type\":\"ListItem\",\"position\":2,\"name\":\"MUSIK UND SHOAH 1\"}]},{\"@type\":\"WebSite\",\"@id\":\"https:\\\/\\\/www.iemj.org\\\/de\\\/#website\",\"url\":\"https:\\\/\\\/www.iemj.org\\\/de\\\/\",\"name\":\"Institut Europ\u00e9en des Musiques Juives\",\"description\":\"Des traditions musicales \u00e0 la port\u00e9e de tous\",\"publisher\":{\"@id\":\"https:\\\/\\\/www.iemj.org\\\/de\\\/#organization\"},\"potentialAction\":[{\"@type\":\"SearchAction\",\"target\":{\"@type\":\"EntryPoint\",\"urlTemplate\":\"https:\\\/\\\/www.iemj.org\\\/de\\\/?s={search_term_string}\"},\"query-input\":{\"@type\":\"PropertyValueSpecification\",\"valueRequired\":true,\"valueName\":\"search_term_string\"}}],\"inLanguage\":\"de\"},{\"@type\":\"Organization\",\"@id\":\"https:\\\/\\\/www.iemj.org\\\/de\\\/#organization\",\"name\":\"Institut Europ\u00e9en des Musiques Juives\",\"url\":\"https:\\\/\\\/www.iemj.org\\\/de\\\/\",\"logo\":{\"@type\":\"ImageObject\",\"inLanguage\":\"de\",\"@id\":\"https:\\\/\\\/www.iemj.org\\\/de\\\/#\\\/schema\\\/logo\\\/image\\\/\",\"url\":\"https:\\\/\\\/www.iemj.org\\\/wp-content\\\/uploads\\\/2021\\\/09\\\/Logo-IEMJ-Paypal.jpg\",\"contentUrl\":\"https:\\\/\\\/www.iemj.org\\\/wp-content\\\/uploads\\\/2021\\\/09\\\/Logo-IEMJ-Paypal.jpg\",\"width\":150,\"height\":50,\"caption\":\"Institut Europ\u00e9en des Musiques Juives\"},\"image\":{\"@id\":\"https:\\\/\\\/www.iemj.org\\\/de\\\/#\\\/schema\\\/logo\\\/image\\\/\"},\"sameAs\":[\"https:\\\/\\\/www.facebook.com\\\/MusiquesJuives\\\/\",\"https:\\\/\\\/www.instagram.com\\\/musiquesjuives\\\/\",\"https:\\\/\\\/www.youtube.com\\\/user\\\/musiquesjuives\"]},{\"@type\":\"Person\",\"@id\":\"https:\\\/\\\/www.iemj.org\\\/de\\\/#\\\/schema\\\/person\\\/e2ad57f2c4be119c7ed8ab79036807a9\",\"name\":\"Lea Couderc\",\"image\":{\"@type\":\"ImageObject\",\"inLanguage\":\"de\",\"@id\":\"https:\\\/\\\/secure.gravatar.com\\\/avatar\\\/46ee021475d60aeff17a7e490b79dea5a5684bb392ab7fd1494027411df8ba23?s=96&d=mm&r=g\",\"url\":\"https:\\\/\\\/secure.gravatar.com\\\/avatar\\\/46ee021475d60aeff17a7e490b79dea5a5684bb392ab7fd1494027411df8ba23?s=96&d=mm&r=g\",\"contentUrl\":\"https:\\\/\\\/secure.gravatar.com\\\/avatar\\\/46ee021475d60aeff17a7e490b79dea5a5684bb392ab7fd1494027411df8ba23?s=96&d=mm&r=g\",\"caption\":\"Lea Couderc\"}}]}<\/script>\n<!-- \/ Yoast SEO plugin. -->","yoast_head_json":{"title":"MUSIK UND SHOAH 1 - Institut Europ\u00e9en des Musiques Juives","robots":{"index":"index","follow":"follow","max-snippet":"max-snippet:-1","max-image-preview":"max-image-preview:large","max-video-preview":"max-video-preview:-1"},"canonical":"https:\/\/www.iemj.org\/de\/musique-et-shoah-1\/","og_locale":"de_DE","og_type":"article","og_title":"MUSIK UND SHOAH 1 - Institut Europ\u00e9en des Musiques Juives","og_description":"In der Nachkriegszeit hat die Shoah viele Komponisten dazu inspiriert, der get\u00f6teten j\u00fcdischen Kultur Tribut zu zolle","og_url":"https:\/\/www.iemj.org\/de\/musique-et-shoah-1\/","og_site_name":"Institut Europ\u00e9en des Musiques Juives","article_publisher":"https:\/\/www.facebook.com\/MusiquesJuives\/","article_published_time":"2016-01-20T12:00:12+00:00","article_modified_time":"2025-04-16T11:04:09+00:00","og_image":[{"width":500,"height":462,"url":"https:\/\/www.iemj.org\/wp-content\/uploads\/2016\/01\/arton1432.jpg","type":"image\/jpeg"}],"author":"Lea Couderc","twitter_card":"summary_large_image","twitter_misc":{"Verfasst von":"Lea Couderc","Gesch\u00e4tzte Lesezeit":"3\u00a0Minuten"},"schema":{"@context":"https:\/\/schema.org","@graph":[{"@type":"Article","@id":"https:\/\/www.iemj.org\/de\/musique-et-shoah-1\/#article","isPartOf":{"@id":"https:\/\/www.iemj.org\/de\/musique-et-shoah-1\/"},"author":{"name":"Lea Couderc","@id":"https:\/\/www.iemj.org\/de\/#\/schema\/person\/e2ad57f2c4be119c7ed8ab79036807a9"},"headline":"MUSIK UND SHOAH 1","datePublished":"2016-01-20T12:00:12+00:00","dateModified":"2025-04-16T11:04:09+00:00","mainEntityOfPage":{"@id":"https:\/\/www.iemj.org\/de\/musique-et-shoah-1\/"},"wordCount":445,"publisher":{"@id":"https:\/\/www.iemj.org\/de\/#organization"},"image":{"@id":"https:\/\/www.iemj.org\/de\/musique-et-shoah-1\/#primaryimage"},"thumbnailUrl":"https:\/\/www.iemj.org\/wp-content\/uploads\/2016\/01\/arton1432.jpg","articleSection":["Playlists"],"inLanguage":"de"},{"@type":"WebPage","@id":"https:\/\/www.iemj.org\/de\/musique-et-shoah-1\/","url":"https:\/\/www.iemj.org\/de\/musique-et-shoah-1\/","name":"MUSIK UND SHOAH 1 - Institut Europ\u00e9en des Musiques Juives","isPartOf":{"@id":"https:\/\/www.iemj.org\/de\/#website"},"primaryImageOfPage":{"@id":"https:\/\/www.iemj.org\/de\/musique-et-shoah-1\/#primaryimage"},"image":{"@id":"https:\/\/www.iemj.org\/de\/musique-et-shoah-1\/#primaryimage"},"thumbnailUrl":"https:\/\/www.iemj.org\/wp-content\/uploads\/2016\/01\/arton1432.jpg","datePublished":"2016-01-20T12:00:12+00:00","dateModified":"2025-04-16T11:04:09+00:00","breadcrumb":{"@id":"https:\/\/www.iemj.org\/de\/musique-et-shoah-1\/#breadcrumb"},"inLanguage":"de","potentialAction":[{"@type":"ReadAction","target":["https:\/\/www.iemj.org\/de\/musique-et-shoah-1\/"]}]},{"@type":"ImageObject","inLanguage":"de","@id":"https:\/\/www.iemj.org\/de\/musique-et-shoah-1\/#primaryimage","url":"https:\/\/www.iemj.org\/wp-content\/uploads\/2016\/01\/arton1432.jpg","contentUrl":"https:\/\/www.iemj.org\/wp-content\/uploads\/2016\/01\/arton1432.jpg","width":500,"height":462},{"@type":"BreadcrumbList","@id":"https:\/\/www.iemj.org\/de\/musique-et-shoah-1\/#breadcrumb","itemListElement":[{"@type":"ListItem","position":1,"name":"Accueil","item":"https:\/\/www.iemj.org\/de\/"},{"@type":"ListItem","position":2,"name":"MUSIK UND SHOAH 1"}]},{"@type":"WebSite","@id":"https:\/\/www.iemj.org\/de\/#website","url":"https:\/\/www.iemj.org\/de\/","name":"Institut Europ\u00e9en des Musiques Juives","description":"Des traditions musicales \u00e0 la port\u00e9e de tous","publisher":{"@id":"https:\/\/www.iemj.org\/de\/#organization"},"potentialAction":[{"@type":"SearchAction","target":{"@type":"EntryPoint","urlTemplate":"https:\/\/www.iemj.org\/de\/?s={search_term_string}"},"query-input":{"@type":"PropertyValueSpecification","valueRequired":true,"valueName":"search_term_string"}}],"inLanguage":"de"},{"@type":"Organization","@id":"https:\/\/www.iemj.org\/de\/#organization","name":"Institut Europ\u00e9en des Musiques Juives","url":"https:\/\/www.iemj.org\/de\/","logo":{"@type":"ImageObject","inLanguage":"de","@id":"https:\/\/www.iemj.org\/de\/#\/schema\/logo\/image\/","url":"https:\/\/www.iemj.org\/wp-content\/uploads\/2021\/09\/Logo-IEMJ-Paypal.jpg","contentUrl":"https:\/\/www.iemj.org\/wp-content\/uploads\/2021\/09\/Logo-IEMJ-Paypal.jpg","width":150,"height":50,"caption":"Institut Europ\u00e9en des Musiques Juives"},"image":{"@id":"https:\/\/www.iemj.org\/de\/#\/schema\/logo\/image\/"},"sameAs":["https:\/\/www.facebook.com\/MusiquesJuives\/","https:\/\/www.instagram.com\/musiquesjuives\/","https:\/\/www.youtube.com\/user\/musiquesjuives"]},{"@type":"Person","@id":"https:\/\/www.iemj.org\/de\/#\/schema\/person\/e2ad57f2c4be119c7ed8ab79036807a9","name":"Lea Couderc","image":{"@type":"ImageObject","inLanguage":"de","@id":"https:\/\/secure.gravatar.com\/avatar\/46ee021475d60aeff17a7e490b79dea5a5684bb392ab7fd1494027411df8ba23?s=96&d=mm&r=g","url":"https:\/\/secure.gravatar.com\/avatar\/46ee021475d60aeff17a7e490b79dea5a5684bb392ab7fd1494027411df8ba23?s=96&d=mm&r=g","contentUrl":"https:\/\/secure.gravatar.com\/avatar\/46ee021475d60aeff17a7e490b79dea5a5684bb392ab7fd1494027411df8ba23?s=96&d=mm&r=g","caption":"Lea Couderc"}}]}},"_links":{"self":[{"href":"https:\/\/www.iemj.org\/de\/wp-json\/wp\/v2\/posts\/73187","targetHints":{"allow":["GET"]}}],"collection":[{"href":"https:\/\/www.iemj.org\/de\/wp-json\/wp\/v2\/posts"}],"about":[{"href":"https:\/\/www.iemj.org\/de\/wp-json\/wp\/v2\/types\/post"}],"author":[{"embeddable":true,"href":"https:\/\/www.iemj.org\/de\/wp-json\/wp\/v2\/users\/1052"}],"replies":[{"embeddable":true,"href":"https:\/\/www.iemj.org\/de\/wp-json\/wp\/v2\/comments?post=73187"}],"version-history":[{"count":0,"href":"https:\/\/www.iemj.org\/de\/wp-json\/wp\/v2\/posts\/73187\/revisions"}],"wp:featuredmedia":[{"embeddable":true,"href":"https:\/\/www.iemj.org\/de\/wp-json\/wp\/v2\/media\/73188"}],"wp:attachment":[{"href":"https:\/\/www.iemj.org\/de\/wp-json\/wp\/v2\/media?parent=73187"}],"wp:term":[{"taxonomy":"category","embeddable":true,"href":"https:\/\/www.iemj.org\/de\/wp-json\/wp\/v2\/categories?post=73187"},{"taxonomy":"post_tag","embeddable":true,"href":"https:\/\/www.iemj.org\/de\/wp-json\/wp\/v2\/tags?post=73187"},{"taxonomy":"technique","embeddable":true,"href":"https:\/\/www.iemj.org\/de\/wp-json\/wp\/v2\/technique?post=73187"},{"taxonomy":"squelettes","embeddable":true,"href":"https:\/\/www.iemj.org\/de\/wp-json\/wp\/v2\/squelettes?post=73187"},{"taxonomy":"sujet","embeddable":true,"href":"https:\/\/www.iemj.org\/de\/wp-json\/wp\/v2\/sujet?post=73187"},{"taxonomy":"formation","embeddable":true,"href":"https:\/\/www.iemj.org\/de\/wp-json\/wp\/v2\/formation?post=73187"},{"taxonomy":"genre","embeddable":true,"href":"https:\/\/www.iemj.org\/de\/wp-json\/wp\/v2\/genre?post=73187"},{"taxonomy":"fonds","embeddable":true,"href":"https:\/\/www.iemj.org\/de\/wp-json\/wp\/v2\/fonds?post=73187"},{"taxonomy":"tradition","embeddable":true,"href":"https:\/\/www.iemj.org\/de\/wp-json\/wp\/v2\/tradition?post=73187"},{"taxonomy":"type-de-contenu","embeddable":true,"href":"https:\/\/www.iemj.org\/de\/wp-json\/wp\/v2\/type-de-contenu?post=73187"},{"taxonomy":"interprete-compositeur","embeddable":true,"href":"https:\/\/www.iemj.org\/de\/wp-json\/wp\/v2\/interprete-compositeur?post=73187"},{"taxonomy":"frise","embeddable":true,"href":"https:\/\/www.iemj.org\/de\/wp-json\/wp\/v2\/frise?post=73187"},{"taxonomy":"type-devenement","embeddable":true,"href":"https:\/\/www.iemj.org\/de\/wp-json\/wp\/v2\/type-devenement?post=73187"},{"taxonomy":"tableaux-liens-externes","embeddable":true,"href":"https:\/\/www.iemj.org\/de\/wp-json\/wp\/v2\/tableaux-liens-externes?post=73187"}],"curies":[{"name":"wp","href":"https:\/\/api.w.org\/{rel}","templated":true}]}}