{"id":73232,"date":"2017-07-04T16:45:07","date_gmt":"2017-07-04T14:45:07","guid":{"rendered":"https:\/\/www.iemj.org\/playlist-speciale-helene-engel\/"},"modified":"2025-06-19T14:52:24","modified_gmt":"2025-06-19T12:52:24","slug":"playlist-speciale-helene-engel","status":"publish","type":"post","link":"https:\/\/www.iemj.org\/de\/playlist-speciale-helene-engel\/","title":{"rendered":"H\u00c9L\u00c8NE ENGEL \u2013 DIE PLAYLIST"},"content":{"rendered":"<p><strong>Eine Auswahl der sch\u00f6nsten St\u00fccke von H\u00e9l\u00e8ne Engel<\/strong><\/p>\n<p><!--more--><a href=\"https:\/\/www.iemj.org\/de\/engel-helene\/\" target=\"_blank\" rel=\"noopener\">H\u00e9l\u00e8ne Engel<\/a> hat von 1985 bis heute, 5 Alben aufgenommen.<\/p>\n<p>aufgenommen.<\/p>\n<p>Bei ihrem ersten Album <em>Chansons traditionelles juives<\/em> (1985) handelt es sich, um eine Erkundung der verschiedenen j\u00fcdischen Musiktraditionen.<\/p>\n<p>Auf ihrem zweiten Album <em>La Serena<\/em> (1988) singt sie auf Jud\u00e4o-spanisch Lieder aus Marokko, der T\u00fcrkei, dem Nahen Osten und Saloniki.<\/p>\n<p>1992 erschien das Album <em>Errance, De Tol\u00e8de\u2026 \u00e0 Brooklyn<\/em>, welches Parallelen zwischen der Ankunft der Migranten in den Vereinigten Staaten und den Emigranten aus Spanien zieht.<\/p>\n<p>Das Album <em>Ay Lu Lu<\/em> (1995) bietet dem Zuh\u00f6rer Schlaflieder und Reime auf Jiddisch, Franz\u00f6sisch und Englisch dar, welche die Wehmut f\u00fcr die Vergangenheit, die verlorene Kindheit aber auch die Weitergabe von Tradition von der einen Generation zur n\u00e4chsten widerspiegeln.\u00a0<\/p>\n<p><em>Voyage<\/em>, erschienen 2007 und ist eine Momentaufnahme der von H\u00e9l\u00e8ne und ihren Musikern \u00fcber die Jahre hinweg produzierten Show \u201eVoyage\u201c. Wie der Name bereits andeutet, reist der H\u00f6rer durch die Welt der j\u00fcdischen Musik und ihrer verschiedenen Sprachen, wie Jiddisch, Hebr\u00e4isch, Franz\u00f6sisch, Jud\u00e4o-spanisch und Englisch, sowie ihre verschiedenen L\u00e4nder: Polen, Ukraine, Marokko, Spanien, Frankreich, Russland, Israel und Nordamerika.<\/p>\n<p><a href=\"http:\/\/www.helene-engel.com\/en\/discography\" target=\"_blank\" rel=\"noopener\">Bestellen Sie die CDs von H\u00e9l\u00e8ne Engel<\/a><\/p>\n<p><a href=\"-&gt;http:\/\/www.helene-engel.com\/fr\/discography\"><img fetchpriority=\"high\" decoding=\"async\" class=\" aligncenter size-full wp-image-14602\" src=\"https:\/\/www.iemj.org\/wp-content\/uploads\/2017\/07\/doc_1_h_engel_500px60.jpg\" alt=\"doc_1_h_engel_500px60.jpg\" width=\"340\" height=\"217\" align=\"middle\" srcset=\"https:\/\/www.iemj.org\/wp-content\/uploads\/2017\/07\/doc_1_h_engel_500px60.jpg 340w, https:\/\/www.iemj.org\/wp-content\/uploads\/2017\/07\/doc_1_h_engel_500px60-300x191.jpg 300w\" sizes=\"(max-width: 340px) 100vw, 340px\" \/><\/a><\/p>\n\n<div class=\"wp-block-image\">\n<figure class=\"aligncenter size-large\"><img decoding=\"async\" width=\"1024\" height=\"133\" src=\"https:\/\/www.iemj.org\/wp-content\/uploads\/2024\/03\/AUDIO-PLAYER-1024x133.png\" alt=\"\" class=\"wp-image-110606\" srcset=\"https:\/\/www.iemj.org\/wp-content\/uploads\/2024\/03\/AUDIO-PLAYER-1024x133.png 1024w, https:\/\/www.iemj.org\/wp-content\/uploads\/2024\/03\/AUDIO-PLAYER-300x39.png 300w, https:\/\/www.iemj.org\/wp-content\/uploads\/2024\/03\/AUDIO-PLAYER-768x100.png 768w, https:\/\/www.iemj.org\/wp-content\/uploads\/2024\/03\/AUDIO-PLAYER-600x78.png 600w, https:\/\/www.iemj.org\/wp-content\/uploads\/2024\/03\/AUDIO-PLAYER.png 1210w\" sizes=\"(max-width: 1024px) 100vw, 1024px\" \/><\/figure>\n<\/div>\n\n\n<h2 class=\"wp-block-heading\"><\/h2>\n\n\n\n<div class=\"wp-block-file\"><a href=\"https:\/\/www.iemj.org\/wp-content\/uploads\/2017\/07\/cd_31_11_yo_m_enamori_d_un_aire_stereo.mp3\">Yo m\u2019enamori d\u2019un aire (Orient) &#8211; H\u00e9l\u00e8ne Engel<\/a><\/div>\n\n\n\n<div class=\"wp-block-file\"><a href=\"https:\/\/www.iemj.org\/wp-content\/uploads\/2017\/07\/cd_632_01_adonenu.mp3\">Adonenu &#8211; H\u00e9l\u00e8ne Engel<\/a><\/div>\n\n\n\n<div class=\"wp-block-file\"><a href=\"https:\/\/www.iemj.org\/wp-content\/uploads\/2017\/07\/cd_632_05_van_y_vienen_havadizes.mp3\">Van y vienen havadizes &#8211; H\u00e9l\u00e8ne Engel<\/a><\/div>\n\n\n\n<div class=\"wp-block-file\"><a href=\"https:\/\/www.iemj.org\/wp-content\/uploads\/2017\/07\/cd_632_07_en_la_eskola_de_la_alianza.mp3\">En la eskola de la alianza &#8211; H\u00e9l\u00e8ne Engel<\/a><\/div>\n\n\n\n<div class=\"wp-block-file\"><a href=\"https:\/\/www.iemj.org\/wp-content\/uploads\/2017\/07\/cd_632_11_zog_maran.mp3\">Zog Maran &#8211; H\u00e9l\u00e8ne Engel<\/a><\/div>\n\n\n\n<div class=\"wp-block-file\"><a href=\"https:\/\/www.iemj.org\/wp-content\/uploads\/2017\/07\/cd_632_12_eyn_zack.mp3\">Eyn Zack &#8211; H\u00e9l\u00e8ne Engel<\/a><\/div>\n\n\n\n<div class=\"wp-block-file\"><a href=\"https:\/\/www.iemj.org\/wp-content\/uploads\/2017\/07\/cd_633_03_le_petit_juif.mp3\">Le petit juif &#8211; H\u00e9l\u00e8ne Engel<\/a><\/div>\n\n\n\n<div class=\"wp-block-file\"><a href=\"https:\/\/www.iemj.org\/wp-content\/uploads\/2017\/07\/cd_633_17_nigun_d_helene.mp3\">Nigun d&#8217;H\u00e9l\u00e8ne &#8211; H\u00e9l\u00e8ne Engel<\/a><\/div>\n\n\n\n<div class=\"wp-block-file\"><a href=\"https:\/\/www.iemj.org\/wp-content\/uploads\/2017\/07\/cd_634_13_le_grand_cerf.mp3\">Le grand cerf &#8211; H\u00e9l\u00e8ne Engel<\/a><\/div>\n\n\n\n<div class=\"wp-block-file\"><a href=\"https:\/\/www.iemj.org\/wp-content\/uploads\/2017\/07\/cd_634_24_rozhinkes_mit_mandlen.mp3\">Rozhinkes mit mandlen &#8211; H\u00e9l\u00e8ne Engel<\/a><\/div>\n\n\n\n<div class=\"wp-block-file\"><a href=\"https:\/\/www.iemj.org\/wp-content\/uploads\/2017\/07\/cd_850_14_der_filozof.mp3\">Der filozof- H\u00e9l\u00e8ne Engel<\/a><\/div>\n\n\n\n<div class=\"wp-block-file\"><a href=\"https:\/\/www.iemj.org\/wp-content\/uploads\/2017\/07\/d33-30_1158_01_hungerik_dein_ketzele.mp3\">Hungerik dein Ketzele &#8211; H\u00e9l\u00e8ne Engel<\/a><\/div>\n\n\n\n<div class=\"wp-block-file\"><a href=\"https:\/\/www.iemj.org\/wp-content\/uploads\/2017\/07\/d33-30_1158_03_beer_bassadeh.mp3\">Beer bassadeh &#8211; H\u00e9l\u00e8ne Engel<\/a><\/div>\n\n\n\n<div class=\"wp-block-file\"><a href=\"https:\/\/www.iemj.org\/wp-content\/uploads\/2017\/07\/cd_31_09.mp3\">Adio querida &#8211; H\u00e9l\u00e8ne Engel<\/a><\/div>\n","protected":false},"excerpt":{"rendered":"<p>Eine Auswahl der sch\u00f6nsten St\u00fccke von H\u00e9l\u00e8ne Engel<\/p>\n","protected":false},"author":1052,"featured_media":73233,"comment_status":"closed","ping_status":"closed","sticky":false,"template":"","format":"standard","meta":{"_acf_changed":false,"footnotes":""},"categories":[1534],"tags":[],"technique":[],"squelettes":[],"sujet":[],"formation":[],"genre":[1888,1864],"fonds":[],"tradition":[],"type-de-contenu":[],"interprete-compositeur":[],"frise":[],"type-devenement":[],"tableaux-liens-externes":[],"class_list":["post-73232","post","type-post","status-publish","format-standard","has-post-thumbnail","hentry","category-playlists-de","genre-judaisch-spanisch-de","genre-yiddish-de"],"acf":[],"yoast_head":"<!-- This site is optimized with the Yoast SEO plugin v27.3 - https:\/\/yoast.com\/product\/yoast-seo-wordpress\/ -->\n<title>H\u00c9L\u00c8NE ENGEL \u2013 DIE PLAYLIST - Institut Europ\u00e9en des Musiques Juives<\/title>\n<meta name=\"robots\" content=\"index, follow, max-snippet:-1, max-image-preview:large, max-video-preview:-1\" \/>\n<link rel=\"canonical\" href=\"https:\/\/www.iemj.org\/de\/playlist-speciale-helene-engel\/\" \/>\n<meta property=\"og:locale\" content=\"de_DE\" \/>\n<meta property=\"og:type\" content=\"article\" \/>\n<meta property=\"og:title\" content=\"H\u00c9L\u00c8NE ENGEL \u2013 DIE PLAYLIST - Institut Europ\u00e9en des Musiques Juives\" \/>\n<meta property=\"og:description\" content=\"Eine Auswahl der sch\u00f6nsten St\u00fccke von H\u00e9l\u00e8ne Engel\" \/>\n<meta property=\"og:url\" content=\"https:\/\/www.iemj.org\/de\/playlist-speciale-helene-engel\/\" \/>\n<meta property=\"og:site_name\" content=\"Institut Europ\u00e9en des Musiques Juives\" \/>\n<meta property=\"article:publisher\" content=\"https:\/\/www.facebook.com\/MusiquesJuives\/\" \/>\n<meta property=\"article:published_time\" content=\"2017-07-04T14:45:07+00:00\" \/>\n<meta property=\"article:modified_time\" content=\"2025-06-19T12:52:24+00:00\" \/>\n<meta property=\"og:image\" content=\"https:\/\/www.iemj.org\/wp-content\/uploads\/2017\/07\/arton2387.jpg\" \/>\n\t<meta property=\"og:image:width\" content=\"500\" \/>\n\t<meta property=\"og:image:height\" content=\"474\" \/>\n\t<meta property=\"og:image:type\" content=\"image\/jpeg\" \/>\n<meta name=\"author\" content=\"Lea Couderc\" \/>\n<meta name=\"twitter:card\" content=\"summary_large_image\" \/>\n<meta name=\"twitter:label1\" content=\"Verfasst von\" \/>\n\t<meta name=\"twitter:data1\" content=\"Lea Couderc\" \/>\n\t<meta name=\"twitter:label2\" content=\"Gesch\u00e4tzte Lesezeit\" \/>\n\t<meta name=\"twitter:data2\" content=\"2\u00a0Minuten\" \/>\n<script type=\"application\/ld+json\" class=\"yoast-schema-graph\">{\"@context\":\"https:\\\/\\\/schema.org\",\"@graph\":[{\"@type\":\"Article\",\"@id\":\"https:\\\/\\\/www.iemj.org\\\/de\\\/playlist-speciale-helene-engel\\\/#article\",\"isPartOf\":{\"@id\":\"https:\\\/\\\/www.iemj.org\\\/de\\\/playlist-speciale-helene-engel\\\/\"},\"author\":{\"name\":\"Lea Couderc\",\"@id\":\"https:\\\/\\\/www.iemj.org\\\/de\\\/#\\\/schema\\\/person\\\/e2ad57f2c4be119c7ed8ab79036807a9\"},\"headline\":\"H\u00c9L\u00c8NE ENGEL \u2013 DIE PLAYLIST\",\"datePublished\":\"2017-07-04T14:45:07+00:00\",\"dateModified\":\"2025-06-19T12:52:24+00:00\",\"mainEntityOfPage\":{\"@id\":\"https:\\\/\\\/www.iemj.org\\\/de\\\/playlist-speciale-helene-engel\\\/\"},\"wordCount\":325,\"publisher\":{\"@id\":\"https:\\\/\\\/www.iemj.org\\\/de\\\/#organization\"},\"image\":{\"@id\":\"https:\\\/\\\/www.iemj.org\\\/de\\\/playlist-speciale-helene-engel\\\/#primaryimage\"},\"thumbnailUrl\":\"https:\\\/\\\/www.iemj.org\\\/wp-content\\\/uploads\\\/2017\\\/07\\\/arton2387.jpg\",\"articleSection\":[\"Playlists\"],\"inLanguage\":\"de\"},{\"@type\":\"WebPage\",\"@id\":\"https:\\\/\\\/www.iemj.org\\\/de\\\/playlist-speciale-helene-engel\\\/\",\"url\":\"https:\\\/\\\/www.iemj.org\\\/de\\\/playlist-speciale-helene-engel\\\/\",\"name\":\"H\u00c9L\u00c8NE ENGEL \u2013 DIE PLAYLIST - Institut Europ\u00e9en des Musiques Juives\",\"isPartOf\":{\"@id\":\"https:\\\/\\\/www.iemj.org\\\/de\\\/#website\"},\"primaryImageOfPage\":{\"@id\":\"https:\\\/\\\/www.iemj.org\\\/de\\\/playlist-speciale-helene-engel\\\/#primaryimage\"},\"image\":{\"@id\":\"https:\\\/\\\/www.iemj.org\\\/de\\\/playlist-speciale-helene-engel\\\/#primaryimage\"},\"thumbnailUrl\":\"https:\\\/\\\/www.iemj.org\\\/wp-content\\\/uploads\\\/2017\\\/07\\\/arton2387.jpg\",\"datePublished\":\"2017-07-04T14:45:07+00:00\",\"dateModified\":\"2025-06-19T12:52:24+00:00\",\"breadcrumb\":{\"@id\":\"https:\\\/\\\/www.iemj.org\\\/de\\\/playlist-speciale-helene-engel\\\/#breadcrumb\"},\"inLanguage\":\"de\",\"potentialAction\":[{\"@type\":\"ReadAction\",\"target\":[\"https:\\\/\\\/www.iemj.org\\\/de\\\/playlist-speciale-helene-engel\\\/\"]}]},{\"@type\":\"ImageObject\",\"inLanguage\":\"de\",\"@id\":\"https:\\\/\\\/www.iemj.org\\\/de\\\/playlist-speciale-helene-engel\\\/#primaryimage\",\"url\":\"https:\\\/\\\/www.iemj.org\\\/wp-content\\\/uploads\\\/2017\\\/07\\\/arton2387.jpg\",\"contentUrl\":\"https:\\\/\\\/www.iemj.org\\\/wp-content\\\/uploads\\\/2017\\\/07\\\/arton2387.jpg\",\"width\":500,\"height\":474},{\"@type\":\"BreadcrumbList\",\"@id\":\"https:\\\/\\\/www.iemj.org\\\/de\\\/playlist-speciale-helene-engel\\\/#breadcrumb\",\"itemListElement\":[{\"@type\":\"ListItem\",\"position\":1,\"name\":\"Accueil\",\"item\":\"https:\\\/\\\/www.iemj.org\\\/de\\\/\"},{\"@type\":\"ListItem\",\"position\":2,\"name\":\"H\u00c9L\u00c8NE ENGEL \u2013 DIE PLAYLIST\"}]},{\"@type\":\"WebSite\",\"@id\":\"https:\\\/\\\/www.iemj.org\\\/de\\\/#website\",\"url\":\"https:\\\/\\\/www.iemj.org\\\/de\\\/\",\"name\":\"Institut Europ\u00e9en des Musiques Juives\",\"description\":\"Des traditions musicales \u00e0 la port\u00e9e de tous\",\"publisher\":{\"@id\":\"https:\\\/\\\/www.iemj.org\\\/de\\\/#organization\"},\"potentialAction\":[{\"@type\":\"SearchAction\",\"target\":{\"@type\":\"EntryPoint\",\"urlTemplate\":\"https:\\\/\\\/www.iemj.org\\\/de\\\/?s={search_term_string}\"},\"query-input\":{\"@type\":\"PropertyValueSpecification\",\"valueRequired\":true,\"valueName\":\"search_term_string\"}}],\"inLanguage\":\"de\"},{\"@type\":\"Organization\",\"@id\":\"https:\\\/\\\/www.iemj.org\\\/de\\\/#organization\",\"name\":\"Institut Europ\u00e9en des Musiques Juives\",\"url\":\"https:\\\/\\\/www.iemj.org\\\/de\\\/\",\"logo\":{\"@type\":\"ImageObject\",\"inLanguage\":\"de\",\"@id\":\"https:\\\/\\\/www.iemj.org\\\/de\\\/#\\\/schema\\\/logo\\\/image\\\/\",\"url\":\"https:\\\/\\\/www.iemj.org\\\/wp-content\\\/uploads\\\/2021\\\/09\\\/Logo-IEMJ-Paypal.jpg\",\"contentUrl\":\"https:\\\/\\\/www.iemj.org\\\/wp-content\\\/uploads\\\/2021\\\/09\\\/Logo-IEMJ-Paypal.jpg\",\"width\":150,\"height\":50,\"caption\":\"Institut Europ\u00e9en des Musiques Juives\"},\"image\":{\"@id\":\"https:\\\/\\\/www.iemj.org\\\/de\\\/#\\\/schema\\\/logo\\\/image\\\/\"},\"sameAs\":[\"https:\\\/\\\/www.facebook.com\\\/MusiquesJuives\\\/\",\"https:\\\/\\\/www.instagram.com\\\/musiquesjuives\\\/\",\"https:\\\/\\\/www.youtube.com\\\/user\\\/musiquesjuives\"]},{\"@type\":\"Person\",\"@id\":\"https:\\\/\\\/www.iemj.org\\\/de\\\/#\\\/schema\\\/person\\\/e2ad57f2c4be119c7ed8ab79036807a9\",\"name\":\"Lea Couderc\",\"image\":{\"@type\":\"ImageObject\",\"inLanguage\":\"de\",\"@id\":\"https:\\\/\\\/secure.gravatar.com\\\/avatar\\\/46ee021475d60aeff17a7e490b79dea5a5684bb392ab7fd1494027411df8ba23?s=96&d=mm&r=g\",\"url\":\"https:\\\/\\\/secure.gravatar.com\\\/avatar\\\/46ee021475d60aeff17a7e490b79dea5a5684bb392ab7fd1494027411df8ba23?s=96&d=mm&r=g\",\"contentUrl\":\"https:\\\/\\\/secure.gravatar.com\\\/avatar\\\/46ee021475d60aeff17a7e490b79dea5a5684bb392ab7fd1494027411df8ba23?s=96&d=mm&r=g\",\"caption\":\"Lea Couderc\"}}]}<\/script>\n<!-- \/ Yoast SEO plugin. -->","yoast_head_json":{"title":"H\u00c9L\u00c8NE ENGEL \u2013 DIE PLAYLIST - Institut Europ\u00e9en des Musiques Juives","robots":{"index":"index","follow":"follow","max-snippet":"max-snippet:-1","max-image-preview":"max-image-preview:large","max-video-preview":"max-video-preview:-1"},"canonical":"https:\/\/www.iemj.org\/de\/playlist-speciale-helene-engel\/","og_locale":"de_DE","og_type":"article","og_title":"H\u00c9L\u00c8NE ENGEL \u2013 DIE PLAYLIST - Institut Europ\u00e9en des Musiques Juives","og_description":"Eine Auswahl der sch\u00f6nsten St\u00fccke von H\u00e9l\u00e8ne Engel","og_url":"https:\/\/www.iemj.org\/de\/playlist-speciale-helene-engel\/","og_site_name":"Institut Europ\u00e9en des Musiques Juives","article_publisher":"https:\/\/www.facebook.com\/MusiquesJuives\/","article_published_time":"2017-07-04T14:45:07+00:00","article_modified_time":"2025-06-19T12:52:24+00:00","og_image":[{"width":500,"height":474,"url":"https:\/\/www.iemj.org\/wp-content\/uploads\/2017\/07\/arton2387.jpg","type":"image\/jpeg"}],"author":"Lea Couderc","twitter_card":"summary_large_image","twitter_misc":{"Verfasst von":"Lea Couderc","Gesch\u00e4tzte Lesezeit":"2\u00a0Minuten"},"schema":{"@context":"https:\/\/schema.org","@graph":[{"@type":"Article","@id":"https:\/\/www.iemj.org\/de\/playlist-speciale-helene-engel\/#article","isPartOf":{"@id":"https:\/\/www.iemj.org\/de\/playlist-speciale-helene-engel\/"},"author":{"name":"Lea Couderc","@id":"https:\/\/www.iemj.org\/de\/#\/schema\/person\/e2ad57f2c4be119c7ed8ab79036807a9"},"headline":"H\u00c9L\u00c8NE ENGEL \u2013 DIE PLAYLIST","datePublished":"2017-07-04T14:45:07+00:00","dateModified":"2025-06-19T12:52:24+00:00","mainEntityOfPage":{"@id":"https:\/\/www.iemj.org\/de\/playlist-speciale-helene-engel\/"},"wordCount":325,"publisher":{"@id":"https:\/\/www.iemj.org\/de\/#organization"},"image":{"@id":"https:\/\/www.iemj.org\/de\/playlist-speciale-helene-engel\/#primaryimage"},"thumbnailUrl":"https:\/\/www.iemj.org\/wp-content\/uploads\/2017\/07\/arton2387.jpg","articleSection":["Playlists"],"inLanguage":"de"},{"@type":"WebPage","@id":"https:\/\/www.iemj.org\/de\/playlist-speciale-helene-engel\/","url":"https:\/\/www.iemj.org\/de\/playlist-speciale-helene-engel\/","name":"H\u00c9L\u00c8NE ENGEL \u2013 DIE PLAYLIST - Institut Europ\u00e9en des Musiques Juives","isPartOf":{"@id":"https:\/\/www.iemj.org\/de\/#website"},"primaryImageOfPage":{"@id":"https:\/\/www.iemj.org\/de\/playlist-speciale-helene-engel\/#primaryimage"},"image":{"@id":"https:\/\/www.iemj.org\/de\/playlist-speciale-helene-engel\/#primaryimage"},"thumbnailUrl":"https:\/\/www.iemj.org\/wp-content\/uploads\/2017\/07\/arton2387.jpg","datePublished":"2017-07-04T14:45:07+00:00","dateModified":"2025-06-19T12:52:24+00:00","breadcrumb":{"@id":"https:\/\/www.iemj.org\/de\/playlist-speciale-helene-engel\/#breadcrumb"},"inLanguage":"de","potentialAction":[{"@type":"ReadAction","target":["https:\/\/www.iemj.org\/de\/playlist-speciale-helene-engel\/"]}]},{"@type":"ImageObject","inLanguage":"de","@id":"https:\/\/www.iemj.org\/de\/playlist-speciale-helene-engel\/#primaryimage","url":"https:\/\/www.iemj.org\/wp-content\/uploads\/2017\/07\/arton2387.jpg","contentUrl":"https:\/\/www.iemj.org\/wp-content\/uploads\/2017\/07\/arton2387.jpg","width":500,"height":474},{"@type":"BreadcrumbList","@id":"https:\/\/www.iemj.org\/de\/playlist-speciale-helene-engel\/#breadcrumb","itemListElement":[{"@type":"ListItem","position":1,"name":"Accueil","item":"https:\/\/www.iemj.org\/de\/"},{"@type":"ListItem","position":2,"name":"H\u00c9L\u00c8NE ENGEL \u2013 DIE PLAYLIST"}]},{"@type":"WebSite","@id":"https:\/\/www.iemj.org\/de\/#website","url":"https:\/\/www.iemj.org\/de\/","name":"Institut Europ\u00e9en des Musiques Juives","description":"Des traditions musicales \u00e0 la port\u00e9e de tous","publisher":{"@id":"https:\/\/www.iemj.org\/de\/#organization"},"potentialAction":[{"@type":"SearchAction","target":{"@type":"EntryPoint","urlTemplate":"https:\/\/www.iemj.org\/de\/?s={search_term_string}"},"query-input":{"@type":"PropertyValueSpecification","valueRequired":true,"valueName":"search_term_string"}}],"inLanguage":"de"},{"@type":"Organization","@id":"https:\/\/www.iemj.org\/de\/#organization","name":"Institut Europ\u00e9en des Musiques Juives","url":"https:\/\/www.iemj.org\/de\/","logo":{"@type":"ImageObject","inLanguage":"de","@id":"https:\/\/www.iemj.org\/de\/#\/schema\/logo\/image\/","url":"https:\/\/www.iemj.org\/wp-content\/uploads\/2021\/09\/Logo-IEMJ-Paypal.jpg","contentUrl":"https:\/\/www.iemj.org\/wp-content\/uploads\/2021\/09\/Logo-IEMJ-Paypal.jpg","width":150,"height":50,"caption":"Institut Europ\u00e9en des Musiques Juives"},"image":{"@id":"https:\/\/www.iemj.org\/de\/#\/schema\/logo\/image\/"},"sameAs":["https:\/\/www.facebook.com\/MusiquesJuives\/","https:\/\/www.instagram.com\/musiquesjuives\/","https:\/\/www.youtube.com\/user\/musiquesjuives"]},{"@type":"Person","@id":"https:\/\/www.iemj.org\/de\/#\/schema\/person\/e2ad57f2c4be119c7ed8ab79036807a9","name":"Lea Couderc","image":{"@type":"ImageObject","inLanguage":"de","@id":"https:\/\/secure.gravatar.com\/avatar\/46ee021475d60aeff17a7e490b79dea5a5684bb392ab7fd1494027411df8ba23?s=96&d=mm&r=g","url":"https:\/\/secure.gravatar.com\/avatar\/46ee021475d60aeff17a7e490b79dea5a5684bb392ab7fd1494027411df8ba23?s=96&d=mm&r=g","contentUrl":"https:\/\/secure.gravatar.com\/avatar\/46ee021475d60aeff17a7e490b79dea5a5684bb392ab7fd1494027411df8ba23?s=96&d=mm&r=g","caption":"Lea Couderc"}}]}},"_links":{"self":[{"href":"https:\/\/www.iemj.org\/de\/wp-json\/wp\/v2\/posts\/73232","targetHints":{"allow":["GET"]}}],"collection":[{"href":"https:\/\/www.iemj.org\/de\/wp-json\/wp\/v2\/posts"}],"about":[{"href":"https:\/\/www.iemj.org\/de\/wp-json\/wp\/v2\/types\/post"}],"author":[{"embeddable":true,"href":"https:\/\/www.iemj.org\/de\/wp-json\/wp\/v2\/users\/1052"}],"replies":[{"embeddable":true,"href":"https:\/\/www.iemj.org\/de\/wp-json\/wp\/v2\/comments?post=73232"}],"version-history":[{"count":0,"href":"https:\/\/www.iemj.org\/de\/wp-json\/wp\/v2\/posts\/73232\/revisions"}],"wp:featuredmedia":[{"embeddable":true,"href":"https:\/\/www.iemj.org\/de\/wp-json\/wp\/v2\/media\/73233"}],"wp:attachment":[{"href":"https:\/\/www.iemj.org\/de\/wp-json\/wp\/v2\/media?parent=73232"}],"wp:term":[{"taxonomy":"category","embeddable":true,"href":"https:\/\/www.iemj.org\/de\/wp-json\/wp\/v2\/categories?post=73232"},{"taxonomy":"post_tag","embeddable":true,"href":"https:\/\/www.iemj.org\/de\/wp-json\/wp\/v2\/tags?post=73232"},{"taxonomy":"technique","embeddable":true,"href":"https:\/\/www.iemj.org\/de\/wp-json\/wp\/v2\/technique?post=73232"},{"taxonomy":"squelettes","embeddable":true,"href":"https:\/\/www.iemj.org\/de\/wp-json\/wp\/v2\/squelettes?post=73232"},{"taxonomy":"sujet","embeddable":true,"href":"https:\/\/www.iemj.org\/de\/wp-json\/wp\/v2\/sujet?post=73232"},{"taxonomy":"formation","embeddable":true,"href":"https:\/\/www.iemj.org\/de\/wp-json\/wp\/v2\/formation?post=73232"},{"taxonomy":"genre","embeddable":true,"href":"https:\/\/www.iemj.org\/de\/wp-json\/wp\/v2\/genre?post=73232"},{"taxonomy":"fonds","embeddable":true,"href":"https:\/\/www.iemj.org\/de\/wp-json\/wp\/v2\/fonds?post=73232"},{"taxonomy":"tradition","embeddable":true,"href":"https:\/\/www.iemj.org\/de\/wp-json\/wp\/v2\/tradition?post=73232"},{"taxonomy":"type-de-contenu","embeddable":true,"href":"https:\/\/www.iemj.org\/de\/wp-json\/wp\/v2\/type-de-contenu?post=73232"},{"taxonomy":"interprete-compositeur","embeddable":true,"href":"https:\/\/www.iemj.org\/de\/wp-json\/wp\/v2\/interprete-compositeur?post=73232"},{"taxonomy":"frise","embeddable":true,"href":"https:\/\/www.iemj.org\/de\/wp-json\/wp\/v2\/frise?post=73232"},{"taxonomy":"type-devenement","embeddable":true,"href":"https:\/\/www.iemj.org\/de\/wp-json\/wp\/v2\/type-devenement?post=73232"},{"taxonomy":"tableaux-liens-externes","embeddable":true,"href":"https:\/\/www.iemj.org\/de\/wp-json\/wp\/v2\/tableaux-liens-externes?post=73232"}],"curies":[{"name":"wp","href":"https:\/\/api.w.org\/{rel}","templated":true}]}}